{"id":88698,"date":"2022-07-23T12:12:20","date_gmt":"2022-07-23T15:12:20","guid":{"rendered":"https:\/\/redenoticiaz.com.br\/barretos-regiao\/?p=88698"},"modified":"2022-07-23T12:28:48","modified_gmt":"2022-07-23T15:28:48","slug":"tse-cria-grupo-para-combater-a-violencia-nas-eleicoes","status":"publish","type":"post","link":"https:\/\/redenoticiaz.com.br\/ribeiraopreto-regiao\/sp\/2022\/07\/23\/tse-cria-grupo-para-combater-a-violencia-nas-eleicoes","title":{"rendered":"TSE cria grupo para combater \u00e0 viol\u00eancia nas elei\u00e7\u00f5es"},"content":{"rendered":"<p>Diante de alguns atos de agressividade durante o per\u00edodo eleitoral, o TSE criou um grupo para combater \u00e0 viol\u00eancia envolvendo eleitores, como exemplo que aconteceu com do guarda municipal Marcelo Arruda, morto a tiros durante sua festa de anivers\u00e1rio de 50 anos, com tema do PT.<\/p>\n<p>Os funcion\u00e1rios da Justi\u00e7a Eleitoral ir\u00e3o se unir para estudar uma forma de levar o di\u00e1logo para os eleitores e apoiadores dos candiados, na elei\u00e7\u00e3o de 2022. Esse exerc\u00edcio de respeito \u00e9 fundamental por ambos os lados.<\/p>\n<p>Den\u00fancias sobre agress\u00e3o a parlamentares e a jornalistas em diversas localidades do pa\u00eds \u00e9 tamb\u00e9m de fato motiva\u00e7\u00e3o da a\u00e7\u00e3o. Segundo a assessoria do TSE, at\u00e9 o momento, chegaram ao tribunal 13 of\u00edcios com esse tipo den\u00fancia.<\/p>\n<p>Diante dos fatos de viol\u00eancia o Ministro Edson Fachin, assinou liberando o grupo de estudo, sendo aguardado 45 dias para a decis\u00e3o tomada na tentativa de acalmar os atos de viol\u00eancia durante o per\u00edodo das elei\u00e7\u00f5es. Outra diretriz, conforme o ato, \u00e9 organizar debates e manter di\u00e1logo com partidos pol\u00edticos, Conselho Federal da OAB, Minist\u00e9rio P\u00fablico Eleitoral e entidades da sociedade civil.<\/p>\n<p><strong>VEJA TAMB\u00c9M:\u00a0<a href=\"https:\/\/redenoticiaz.com.br\/barretos-regiao\/sp\/2022\/05\/14\/tse-diz-que-testes-com-hacker-confirmam-seguranca-das-urnas\">TSE diz que testes com Hacker confirmam seguran\u00e7a das urnas<\/a><\/strong><\/p>\n<div class=\"wwUB2c PZPZlf\" data-attrid=\"subtitle\"><\/div>\n<p>&nbsp;<\/p>\n<p>&nbsp;<\/p>\n<div class=\"wwUB2c PZPZlf\" data-attrid=\"subtitle\"><\/div>\n","protected":false},"excerpt":{"rendered":"<p>Diante de alguns atos de agressividade durante o per\u00edodo eleitoral, o TSE criou um grupo para combater \u00e0 viol\u00eancia envolvendo eleitores, como exemplo que aconteceu com do guarda municipal Marcelo Arruda, morto a tiros durante sua festa de anivers\u00e1rio de 50 anos, com tema do PT. Os funcion\u00e1rios da Justi\u00e7a Eleitoral ir\u00e3o se unir para &hellip;<\/p>\n","protected":false},"author":15,"featured_media":88700,"comment_status":"open","ping_status":"closed","sticky":false,"template":"","format":"standard","meta":{"footnotes":""},"categories":[67,186],"tags":[3683,19150,19151,6280],"class_list":["post-88698","post","type-post","status-publish","format-standard","has-post-thumbnail","hentry","category-direitos-humanos","category-politica","tag-acoes","tag-combate-a-violencia","tag-edson-fachin","tag-tse"],"yoast_head":"<!-- This site is optimized with the Yoast SEO plugin v27.4 - https:\/\/yoast.com\/product\/yoast-seo-wordpress\/ -->\n<title>TSE cria grupo para combater \u00e0 viol\u00eancia nas elei\u00e7\u00f5es - Ribeir\u00e3o Preto e Regi\u00e3o<\/title>\n<meta name=\"description\" content=\"Diante de alguns atos de agressividade durante o per\u00edodo eleitoral, o TSE criou um grupo para combater \u00e0 viol\u00eancia envolvendo eleitores.\" \/>\n<meta name=\"robots\" content=\"index, follow, max-snippet:-1, max-image-preview:large, max-video-preview:-1\" \/>\n<link rel=\"canonical\" href=\"https:\/\/redenoticiaz.com.br\/ribeiraopreto-regiao\/sp\/2022\/07\/23\/tse-cria-grupo-para-combater-a-violencia-nas-eleicoes\" \/>\n<meta property=\"og:locale\" content=\"pt_BR\" \/>\n<meta property=\"og:type\" content=\"article\" \/>\n<meta property=\"og:title\" content=\"TSE cria grupo para combater \u00e0 viol\u00eancia nas elei\u00e7\u00f5es - Ribeir\u00e3o Preto e Regi\u00e3o\" \/>\n<meta property=\"og:description\" content=\"Diante de alguns atos de agressividade durante o per\u00edodo eleitoral, o TSE criou um grupo para combater \u00e0 viol\u00eancia envolvendo eleitores.\" \/>\n<meta property=\"og:url\" content=\"https:\/\/redenoticiaz.com.br\/ribeiraopreto-regiao\/sp\/2022\/07\/23\/tse-cria-grupo-para-combater-a-violencia-nas-eleicoes\" \/>\n<meta property=\"og:site_name\" content=\"Ribeir\u00e3o Preto e Regi\u00e3o\" \/>\n<meta property=\"article:publisher\" content=\"https:\/\/m.facebook.com\/redenoticiaz.barretos\" \/>\n<meta property=\"article:published_time\" content=\"2022-07-23T15:12:20+00:00\" \/>\n<meta property=\"article:modified_time\" content=\"2022-07-23T15:28:48+00:00\" \/>\n<meta property=\"og:image\" content=\"https:\/\/redenoticiaz.com.br\/ribeiraopreto-regiao\/wp-content\/uploads\/sites\/4\/2022\/07\/n-1-2.png\" \/>\n\t<meta property=\"og:image:width\" content=\"300\" \/>\n\t<meta property=\"og:image:height\" content=\"200\" \/>\n\t<meta property=\"og:image:type\" content=\"image\/png\" \/>\n<meta name=\"twitter:card\" content=\"summary_large_image\" \/>\n<meta name=\"twitter:creator\" content=\"@RN_barretos\" \/>\n<meta name=\"twitter:site\" content=\"@RN_barretos\" \/>\n<meta name=\"twitter:label1\" content=\"Escrito por\" \/>\n\t<meta name=\"twitter:data1\" content=\"\" \/>\n\t<meta name=\"twitter:label2\" content=\"Est. tempo de leitura\" \/>\n\t<meta name=\"twitter:data2\" content=\"2 minutos\" \/>\n<script type=\"application\/ld+json\" class=\"yoast-schema-graph\">{\"@context\":\"https:\\\/\\\/schema.org\",\"@graph\":[{\"@type\":\"Article\",\"@id\":\"https:\\\/\\\/redenoticiaz.com.br\\\/ribeiraopreto-regiao\\\/sp\\\/2022\\\/07\\\/23\\\/tse-cria-grupo-para-combater-a-violencia-nas-eleicoes#article\",\"isPartOf\":{\"@id\":\"https:\\\/\\\/redenoticiaz.com.br\\\/ribeiraopreto-regiao\\\/sp\\\/2022\\\/07\\\/23\\\/tse-cria-grupo-para-combater-a-violencia-nas-eleicoes\"},\"author\":{\"name\":\"\",\"@id\":\"\"},\"headline\":\"TSE cria grupo para combater \u00e0 viol\u00eancia nas elei\u00e7\u00f5es\",\"datePublished\":\"2022-07-23T15:12:20+00:00\",\"dateModified\":\"2022-07-23T15:28:48+00:00\",\"mainEntityOfPage\":{\"@id\":\"https:\\\/\\\/redenoticiaz.com.br\\\/ribeiraopreto-regiao\\\/sp\\\/2022\\\/07\\\/23\\\/tse-cria-grupo-para-combater-a-violencia-nas-eleicoes\"},\"wordCount\":226,\"commentCount\":0,\"publisher\":{\"@id\":\"https:\\\/\\\/redenoticiaz.com.br\\\/ribeiraopreto-regiao\\\/#organization\"},\"image\":{\"@id\":\"https:\\\/\\\/redenoticiaz.com.br\\\/ribeiraopreto-regiao\\\/sp\\\/2022\\\/07\\\/23\\\/tse-cria-grupo-para-combater-a-violencia-nas-eleicoes#primaryimage\"},\"thumbnailUrl\":\"https:\\\/\\\/redenoticiaz.com.br\\\/ribeiraopreto-regiao\\\/wp-content\\\/uploads\\\/sites\\\/4\\\/2022\\\/07\\\/n-1-2.png\",\"keywords\":[\"A\u00c7\u00d5ES\",\"COMBATE A VIOL\u00caNCIA\",\"EDSON FACHIN\",\"TSE\"],\"articleSection\":[\"Direitos Humanos\",\"Pol\u00edtica\"],\"inLanguage\":\"pt-BR\",\"potentialAction\":[{\"@type\":\"CommentAction\",\"name\":\"Comment\",\"target\":[\"https:\\\/\\\/redenoticiaz.com.br\\\/ribeiraopreto-regiao\\\/sp\\\/2022\\\/07\\\/23\\\/tse-cria-grupo-para-combater-a-violencia-nas-eleicoes#respond\"]}]},{\"@type\":\"WebPage\",\"@id\":\"https:\\\/\\\/redenoticiaz.com.br\\\/ribeiraopreto-regiao\\\/sp\\\/2022\\\/07\\\/23\\\/tse-cria-grupo-para-combater-a-violencia-nas-eleicoes\",\"url\":\"https:\\\/\\\/redenoticiaz.com.br\\\/ribeiraopreto-regiao\\\/sp\\\/2022\\\/07\\\/23\\\/tse-cria-grupo-para-combater-a-violencia-nas-eleicoes\",\"name\":\"TSE cria grupo para combater \u00e0 viol\u00eancia nas elei\u00e7\u00f5es - Ribeir\u00e3o Preto e Regi\u00e3o\",\"isPartOf\":{\"@id\":\"https:\\\/\\\/redenoticiaz.com.br\\\/ribeiraopreto-regiao\\\/#website\"},\"primaryImageOfPage\":{\"@id\":\"https:\\\/\\\/redenoticiaz.com.br\\\/ribeiraopreto-regiao\\\/sp\\\/2022\\\/07\\\/23\\\/tse-cria-grupo-para-combater-a-violencia-nas-eleicoes#primaryimage\"},\"image\":{\"@id\":\"https:\\\/\\\/redenoticiaz.com.br\\\/ribeiraopreto-regiao\\\/sp\\\/2022\\\/07\\\/23\\\/tse-cria-grupo-para-combater-a-violencia-nas-eleicoes#primaryimage\"},\"thumbnailUrl\":\"https:\\\/\\\/redenoticiaz.com.br\\\/ribeiraopreto-regiao\\\/wp-content\\\/uploads\\\/sites\\\/4\\\/2022\\\/07\\\/n-1-2.png\",\"datePublished\":\"2022-07-23T15:12:20+00:00\",\"dateModified\":\"2022-07-23T15:28:48+00:00\",\"description\":\"Diante de alguns atos de agressividade durante o per\u00edodo eleitoral, o TSE criou um grupo para combater \u00e0 viol\u00eancia envolvendo eleitores.\",\"inLanguage\":\"pt-BR\",\"potentialAction\":[{\"@type\":\"ReadAction\",\"target\":[\"https:\\\/\\\/redenoticiaz.com.br\\\/ribeiraopreto-regiao\\\/sp\\\/2022\\\/07\\\/23\\\/tse-cria-grupo-para-combater-a-violencia-nas-eleicoes\"]}]},{\"@type\":\"ImageObject\",\"inLanguage\":\"pt-BR\",\"@id\":\"https:\\\/\\\/redenoticiaz.com.br\\\/ribeiraopreto-regiao\\\/sp\\\/2022\\\/07\\\/23\\\/tse-cria-grupo-para-combater-a-violencia-nas-eleicoes#primaryimage\",\"url\":\"https:\\\/\\\/redenoticiaz.com.br\\\/ribeiraopreto-regiao\\\/wp-content\\\/uploads\\\/sites\\\/4\\\/2022\\\/07\\\/n-1-2.png\",\"contentUrl\":\"https:\\\/\\\/redenoticiaz.com.br\\\/ribeiraopreto-regiao\\\/wp-content\\\/uploads\\\/sites\\\/4\\\/2022\\\/07\\\/n-1-2.png\",\"width\":300,\"height\":200,\"caption\":\"TSE discute formas de combater a viol\u00eancia durante per\u00edodo de elei\u00e7\u00f5es. Cr\u00e9dito: Reprodu\u00e7\u00e3o\"},{\"@type\":\"WebSite\",\"@id\":\"https:\\\/\\\/redenoticiaz.com.br\\\/ribeiraopreto-regiao\\\/#website\",\"url\":\"https:\\\/\\\/redenoticiaz.com.br\\\/ribeiraopreto-regiao\\\/\",\"name\":\"Ribeir\u00e3o Preto e Regi\u00e3o\",\"description\":\"Rede NoticiaZ - Ribeir\u00e3o Preto e regi\u00e3o\",\"publisher\":{\"@id\":\"https:\\\/\\\/redenoticiaz.com.br\\\/ribeiraopreto-regiao\\\/#organization\"},\"potentialAction\":[{\"@type\":\"SearchAction\",\"target\":{\"@type\":\"EntryPoint\",\"urlTemplate\":\"https:\\\/\\\/redenoticiaz.com.br\\\/ribeiraopreto-regiao\\\/?s={search_term_string}\"},\"query-input\":{\"@type\":\"PropertyValueSpecification\",\"valueRequired\":true,\"valueName\":\"search_term_string\"}}],\"inLanguage\":\"pt-BR\"},{\"@type\":\"Organization\",\"@id\":\"https:\\\/\\\/redenoticiaz.com.br\\\/ribeiraopreto-regiao\\\/#organization\",\"name\":\"Ribeir\u00e3o Preto e Regi\u00e3o\",\"url\":\"https:\\\/\\\/redenoticiaz.com.br\\\/ribeiraopreto-regiao\\\/\",\"logo\":{\"@type\":\"ImageObject\",\"inLanguage\":\"pt-BR\",\"@id\":\"https:\\\/\\\/redenoticiaz.com.br\\\/ribeiraopreto-regiao\\\/#\\\/schema\\\/logo\\\/image\\\/\",\"url\":\"https:\\\/\\\/redenoticiaz.com.br\\\/barretos-regiao\\\/wp-content\\\/uploads\\\/sites\\\/4\\\/2022\\\/02\\\/logo.jpg\",\"contentUrl\":\"https:\\\/\\\/redenoticiaz.com.br\\\/barretos-regiao\\\/wp-content\\\/uploads\\\/sites\\\/4\\\/2022\\\/02\\\/logo.jpg\",\"width\":400,\"height\":250,\"caption\":\"Ribeir\u00e3o Preto e Regi\u00e3o\"},\"image\":{\"@id\":\"https:\\\/\\\/redenoticiaz.com.br\\\/ribeiraopreto-regiao\\\/#\\\/schema\\\/logo\\\/image\\\/\"},\"sameAs\":[\"https:\\\/\\\/m.facebook.com\\\/redenoticiaz.barretos\",\"https:\\\/\\\/x.com\\\/RN_barretos\",\"https:\\\/\\\/www.instagram.com\\\/redenoticiaz.barretos\\\/?igshid=YmMyMTA2M2Y\",\"https:\\\/\\\/www.linkedin.com\\\/company\\\/rede-noticiaz-barretos-e-regio\\\/\"]},{\"@type\":\"Person\",\"@id\":\"\",\"url\":\"https:\\\/\\\/redenoticiaz.com.br\\\/ribeiraopreto-regiao\\\/sp\\\/author\"}]}<\/script>\n<!-- \/ Yoast SEO plugin. -->","yoast_head_json":{"title":"TSE cria grupo para combater \u00e0 viol\u00eancia nas elei\u00e7\u00f5es - Ribeir\u00e3o Preto e Regi\u00e3o","description":"Diante de alguns atos de agressividade durante o per\u00edodo eleitoral, o TSE criou um grupo para combater \u00e0 viol\u00eancia envolvendo eleitores.","robots":{"index":"index","follow":"follow","max-snippet":"max-snippet:-1","max-image-preview":"max-image-preview:large","max-video-preview":"max-video-preview:-1"},"canonical":"https:\/\/redenoticiaz.com.br\/ribeiraopreto-regiao\/sp\/2022\/07\/23\/tse-cria-grupo-para-combater-a-violencia-nas-eleicoes","og_locale":"pt_BR","og_type":"article","og_title":"TSE cria grupo para combater \u00e0 viol\u00eancia nas elei\u00e7\u00f5es - Ribeir\u00e3o Preto e Regi\u00e3o","og_description":"Diante de alguns atos de agressividade durante o per\u00edodo eleitoral, o TSE criou um grupo para combater \u00e0 viol\u00eancia envolvendo eleitores.","og_url":"https:\/\/redenoticiaz.com.br\/ribeiraopreto-regiao\/sp\/2022\/07\/23\/tse-cria-grupo-para-combater-a-violencia-nas-eleicoes","og_site_name":"Ribeir\u00e3o Preto e Regi\u00e3o","article_publisher":"https:\/\/m.facebook.com\/redenoticiaz.barretos","article_published_time":"2022-07-23T15:12:20+00:00","article_modified_time":"2022-07-23T15:28:48+00:00","og_image":[{"width":300,"height":200,"url":"https:\/\/redenoticiaz.com.br\/ribeiraopreto-regiao\/wp-content\/uploads\/sites\/4\/2022\/07\/n-1-2.png","type":"image\/png"}],"twitter_card":"summary_large_image","twitter_creator":"@RN_barretos","twitter_site":"@RN_barretos","twitter_misc":{"Escrito por":"","Est. tempo de leitura":"2 minutos"},"schema":{"@context":"https:\/\/schema.org","@graph":[{"@type":"Article","@id":"https:\/\/redenoticiaz.com.br\/ribeiraopreto-regiao\/sp\/2022\/07\/23\/tse-cria-grupo-para-combater-a-violencia-nas-eleicoes#article","isPartOf":{"@id":"https:\/\/redenoticiaz.com.br\/ribeiraopreto-regiao\/sp\/2022\/07\/23\/tse-cria-grupo-para-combater-a-violencia-nas-eleicoes"},"author":{"name":"","@id":""},"headline":"TSE cria grupo para combater \u00e0 viol\u00eancia nas elei\u00e7\u00f5es","datePublished":"2022-07-23T15:12:20+00:00","dateModified":"2022-07-23T15:28:48+00:00","mainEntityOfPage":{"@id":"https:\/\/redenoticiaz.com.br\/ribeiraopreto-regiao\/sp\/2022\/07\/23\/tse-cria-grupo-para-combater-a-violencia-nas-eleicoes"},"wordCount":226,"commentCount":0,"publisher":{"@id":"https:\/\/redenoticiaz.com.br\/ribeiraopreto-regiao\/#organization"},"image":{"@id":"https:\/\/redenoticiaz.com.br\/ribeiraopreto-regiao\/sp\/2022\/07\/23\/tse-cria-grupo-para-combater-a-violencia-nas-eleicoes#primaryimage"},"thumbnailUrl":"https:\/\/redenoticiaz.com.br\/ribeiraopreto-regiao\/wp-content\/uploads\/sites\/4\/2022\/07\/n-1-2.png","keywords":["A\u00c7\u00d5ES","COMBATE A VIOL\u00caNCIA","EDSON FACHIN","TSE"],"articleSection":["Direitos Humanos","Pol\u00edtica"],"inLanguage":"pt-BR","potentialAction":[{"@type":"CommentAction","name":"Comment","target":["https:\/\/redenoticiaz.com.br\/ribeiraopreto-regiao\/sp\/2022\/07\/23\/tse-cria-grupo-para-combater-a-violencia-nas-eleicoes#respond"]}]},{"@type":"WebPage","@id":"https:\/\/redenoticiaz.com.br\/ribeiraopreto-regiao\/sp\/2022\/07\/23\/tse-cria-grupo-para-combater-a-violencia-nas-eleicoes","url":"https:\/\/redenoticiaz.com.br\/ribeiraopreto-regiao\/sp\/2022\/07\/23\/tse-cria-grupo-para-combater-a-violencia-nas-eleicoes","name":"TSE cria grupo para combater \u00e0 viol\u00eancia nas elei\u00e7\u00f5es - Ribeir\u00e3o Preto e Regi\u00e3o","isPartOf":{"@id":"https:\/\/redenoticiaz.com.br\/ribeiraopreto-regiao\/#website"},"primaryImageOfPage":{"@id":"https:\/\/redenoticiaz.com.br\/ribeiraopreto-regiao\/sp\/2022\/07\/23\/tse-cria-grupo-para-combater-a-violencia-nas-eleicoes#primaryimage"},"image":{"@id":"https:\/\/redenoticiaz.com.br\/ribeiraopreto-regiao\/sp\/2022\/07\/23\/tse-cria-grupo-para-combater-a-violencia-nas-eleicoes#primaryimage"},"thumbnailUrl":"https:\/\/redenoticiaz.com.br\/ribeiraopreto-regiao\/wp-content\/uploads\/sites\/4\/2022\/07\/n-1-2.png","datePublished":"2022-07-23T15:12:20+00:00","dateModified":"2022-07-23T15:28:48+00:00","description":"Diante de alguns atos de agressividade durante o per\u00edodo eleitoral, o TSE criou um grupo para combater \u00e0 viol\u00eancia envolvendo eleitores.","inLanguage":"pt-BR","potentialAction":[{"@type":"ReadAction","target":["https:\/\/redenoticiaz.com.br\/ribeiraopreto-regiao\/sp\/2022\/07\/23\/tse-cria-grupo-para-combater-a-violencia-nas-eleicoes"]}]},{"@type":"ImageObject","inLanguage":"pt-BR","@id":"https:\/\/redenoticiaz.com.br\/ribeiraopreto-regiao\/sp\/2022\/07\/23\/tse-cria-grupo-para-combater-a-violencia-nas-eleicoes#primaryimage","url":"https:\/\/redenoticiaz.com.br\/ribeiraopreto-regiao\/wp-content\/uploads\/sites\/4\/2022\/07\/n-1-2.png","contentUrl":"https:\/\/redenoticiaz.com.br\/ribeiraopreto-regiao\/wp-content\/uploads\/sites\/4\/2022\/07\/n-1-2.png","width":300,"height":200,"caption":"TSE discute formas de combater a viol\u00eancia durante per\u00edodo de elei\u00e7\u00f5es. Cr\u00e9dito: Reprodu\u00e7\u00e3o"},{"@type":"WebSite","@id":"https:\/\/redenoticiaz.com.br\/ribeiraopreto-regiao\/#website","url":"https:\/\/redenoticiaz.com.br\/ribeiraopreto-regiao\/","name":"Ribeir\u00e3o Preto e Regi\u00e3o","description":"Rede NoticiaZ - Ribeir\u00e3o Preto e regi\u00e3o","publisher":{"@id":"https:\/\/redenoticiaz.com.br\/ribeiraopreto-regiao\/#organization"},"potentialAction":[{"@type":"SearchAction","target":{"@type":"EntryPoint","urlTemplate":"https:\/\/redenoticiaz.com.br\/ribeiraopreto-regiao\/?s={search_term_string}"},"query-input":{"@type":"PropertyValueSpecification","valueRequired":true,"valueName":"search_term_string"}}],"inLanguage":"pt-BR"},{"@type":"Organization","@id":"https:\/\/redenoticiaz.com.br\/ribeiraopreto-regiao\/#organization","name":"Ribeir\u00e3o Preto e Regi\u00e3o","url":"https:\/\/redenoticiaz.com.br\/ribeiraopreto-regiao\/","logo":{"@type":"ImageObject","inLanguage":"pt-BR","@id":"https:\/\/redenoticiaz.com.br\/ribeiraopreto-regiao\/#\/schema\/logo\/image\/","url":"https:\/\/redenoticiaz.com.br\/barretos-regiao\/wp-content\/uploads\/sites\/4\/2022\/02\/logo.jpg","contentUrl":"https:\/\/redenoticiaz.com.br\/barretos-regiao\/wp-content\/uploads\/sites\/4\/2022\/02\/logo.jpg","width":400,"height":250,"caption":"Ribeir\u00e3o Preto e Regi\u00e3o"},"image":{"@id":"https:\/\/redenoticiaz.com.br\/ribeiraopreto-regiao\/#\/schema\/logo\/image\/"},"sameAs":["https:\/\/m.facebook.com\/redenoticiaz.barretos","https:\/\/x.com\/RN_barretos","https:\/\/www.instagram.com\/redenoticiaz.barretos\/?igshid=YmMyMTA2M2Y","https:\/\/www.linkedin.com\/company\/rede-noticiaz-barretos-e-regio\/"]},{"@type":"Person","@id":"","url":"https:\/\/redenoticiaz.com.br\/ribeiraopreto-regiao\/sp\/author"}]}},"_links":{"self":[{"href":"https:\/\/redenoticiaz.com.br\/ribeiraopreto-regiao\/wp-json\/wp\/v2\/posts\/88698","targetHints":{"allow":["GET"]}}],"collection":[{"href":"https:\/\/redenoticiaz.com.br\/ribeiraopreto-regiao\/wp-json\/wp\/v2\/posts"}],"about":[{"href":"https:\/\/redenoticiaz.com.br\/ribeiraopreto-regiao\/wp-json\/wp\/v2\/types\/post"}],"author":[{"embeddable":true,"href":"https:\/\/redenoticiaz.com.br\/ribeiraopreto-regiao\/wp-json\/wp\/v2\/users\/15"}],"replies":[{"embeddable":true,"href":"https:\/\/redenoticiaz.com.br\/ribeiraopreto-regiao\/wp-json\/wp\/v2\/comments?post=88698"}],"version-history":[{"count":2,"href":"https:\/\/redenoticiaz.com.br\/ribeiraopreto-regiao\/wp-json\/wp\/v2\/posts\/88698\/revisions"}],"predecessor-version":[{"id":88703,"href":"https:\/\/redenoticiaz.com.br\/ribeiraopreto-regiao\/wp-json\/wp\/v2\/posts\/88698\/revisions\/88703"}],"wp:featuredmedia":[{"embeddable":true,"href":"https:\/\/redenoticiaz.com.br\/ribeiraopreto-regiao\/wp-json\/wp\/v2\/media\/88700"}],"wp:attachment":[{"href":"https:\/\/redenoticiaz.com.br\/ribeiraopreto-regiao\/wp-json\/wp\/v2\/media?parent=88698"}],"wp:term":[{"taxonomy":"category","embeddable":true,"href":"https:\/\/redenoticiaz.com.br\/ribeiraopreto-regiao\/wp-json\/wp\/v2\/categories?post=88698"},{"taxonomy":"post_tag","embeddable":true,"href":"https:\/\/redenoticiaz.com.br\/ribeiraopreto-regiao\/wp-json\/wp\/v2\/tags?post=88698"}],"curies":[{"name":"wp","href":"https:\/\/api.w.org\/{rel}","templated":true}]}}