{"id":88712,"date":"2022-07-23T13:21:37","date_gmt":"2022-07-23T16:21:37","guid":{"rendered":"https:\/\/redenoticiaz.com.br\/barretos-regiao\/?p=88712"},"modified":"2022-07-23T13:21:37","modified_gmt":"2022-07-23T16:21:37","slug":"barretos-recebe-curso-pro-gestao-previdenciaria","status":"publish","type":"post","link":"https:\/\/redenoticiaz.com.br\/ribeiraopreto-regiao\/sp\/2022\/07\/23\/barretos-recebe-curso-pro-gestao-previdenciaria","title":{"rendered":"Barretos recebe curso Pr\u00f3-Gest\u00e3o Previdenci\u00e1ria"},"content":{"rendered":"<p>A Associa\u00e7\u00e3o Nacional de Entidades de Previd\u00eancia dos Estados e Munic\u00edpios (Aneprem) promoveu nos dias 19 e 20\/07 o curso Pr\u00f3-Gest\u00e3o Previdenci\u00e1ria na Est\u00e2ncia Tur\u00edstica de Barretos, com foco no Regime Pr\u00f3prio de Previd\u00eancia Social (RPPS).<\/p>\n<p>O prefeito em exerc\u00edcio, Dr. Gustavo Sasdelli, destacou que o diretor-presidente do Instituto de Previd\u00eancia do Munic\u00edpio de Barretos (IPMB), Dr. Lincoln Del Bianco de Menezes Carvalho encarou um dos maiores desafios da atual gest\u00e3o. <em>&#8220;Pegamos um instituto extremamente deficit\u00e1rio, com uma d\u00edvida de aproximadamente duzentos milh\u00f5es. Fazendo um paralelo com a \u00e1rea m\u00e9dica, \u00e9 como se o Instituto estivesse na UTI, em estado de coma profundo, numa situa\u00e7\u00e3o em que s\u00f3 faltava fazer o ateste de morte cerebral. E o Dr. Lincoln, com todo seu brilhantismo, compet\u00eancia, dedica\u00e7\u00e3o e capacidade, agarrou esse trabalho com toda for\u00e7a e trouxe a uni\u00e3o da equipe do Instituto. Hoje, sem sombra de duvidas, o Instituto j\u00e1 saiu da UTI, est\u00e1 andando com as pr\u00f3prias pernas e, logo, estar\u00e1 correndo uma maratona<\/em>&#8220;, afirmou.<\/p>\n<p>O presidente do IPMB lembrou que ao assumir a gest\u00e3o da autarquia, no in\u00edcio de 2021, deparou-se com uma situa\u00e7\u00e3o delicada, citando o desvio milion\u00e1rio de verbas p\u00fablicas, falta de repasses de contribui\u00e7\u00f5es previdenci\u00e1rias, perda de investimentos, entre outras ocorr\u00eancias que ocasionariam um d\u00e9ficit milion\u00e1rio e diversos apontamentos no Tribunal de Contas do Estado de S\u00e3o Paulo. <em>&#8220;Atualmente, ap\u00f3s \u00e1rduo e intenso trabalho durante esse um ano e maio de administra\u00e7\u00e3o, que algumas vezes ultrapassou 1h da manh\u00e3, foram sanadas as pend\u00eancias administrativas e foram equilibradas as finan\u00e7as da autarquia municipal, raz\u00e3o pela qual j\u00e1 podemos ter como meta a obten\u00e7\u00e3o da certifica\u00e7\u00e3o Pr\u00f3-Gest\u00e3o RPPS&#8221;<\/em>, disse.<\/p>\n<p>Presidente de honra da Aneprem, Sandra Maria Garcia de Oliveira, falou da import\u00e2ncia de se pensar no futuro dos pensionistas e institutos. &#8220;A Aneprem \u00e9 uma entidade nova, de 1998, e ela veio para capacitar os regimes e principalmente os munic\u00edpios&#8221;, completou.<\/p>\n<p>O curso foi ministrado pelo ex-presidente da Aneprem, o professor e mestre Herickson Rubim\u00a0Rangel, sendo dividido em dois momentos. O primeiro abordou a certifica\u00e7\u00e3o profissional, obrigat\u00f3ria a partir de abril deste ano, e no segundo momento o Pr\u00f3-gest\u00e3o, com a certifica\u00e7\u00e3o institucional, na teoria e pr\u00e1tica.<\/p>\n<p><em>&#8220;N\u00f3s precisamos realmente buscar o conhecimento, para que possamos desenvolver da melhor poss\u00edvel as nossas atividades dentro dos regimes pr\u00f3prios. Quem ganha com isso s\u00e3o os segurados e a pr\u00f3pria sociedade&#8221;<\/em>, afirmou o palestrante.<br \/>\n<b><\/b><\/p>\n<p><b>1\u00b0 dia<\/b><br \/>\nNa ter\u00e7a-feira, 19 de julho, o encontro foi fechado e ocorreu no Pa\u00e7o Municipal, voltado exclusivamente aos funcion\u00e1rios do IPMB, membros do Conselho Administrativo e membros do Conselho Fiscal do IPMB e demais interessados que sejam da Prefeitura, C\u00e2mara Municipal de Barretos e do Servi\u00e7o Aut\u00f4nomo de \u00c1gua e Esgoto de Barretos (SAAEB).<\/p>\n<p><strong>VEJA TAMB\u00c9M:\u00a0<a href=\"https:\/\/redenoticiaz.com.br\/barretos-regiao\/sp\/2022\/07\/23\/prefeitura-de-guariba-abre-inscricoes-para-concurso-publico\">Prefeitura de Guariba abre inscri\u00e7\u00f5es para concurso p\u00fablico<\/a><\/strong><\/p>\n","protected":false},"excerpt":{"rendered":"<p>A Associa\u00e7\u00e3o Nacional de Entidades de Previd\u00eancia dos Estados e Munic\u00edpios (Aneprem) promoveu nos dias 19 e 20\/07 o curso Pr\u00f3-Gest\u00e3o Previdenci\u00e1ria na Est\u00e2ncia Tur\u00edstica de Barretos, com foco no Regime Pr\u00f3prio de Previd\u00eancia Social (RPPS). O prefeito em exerc\u00edcio, Dr. Gustavo Sasdelli, destacou que o diretor-presidente do Instituto de Previd\u00eancia do Munic\u00edpio de Barretos &hellip;<\/p>\n","protected":false},"author":15,"featured_media":88713,"comment_status":"open","ping_status":"closed","sticky":false,"template":"","format":"standard","meta":{"footnotes":""},"categories":[820],"tags":[1067,18873,19154,19155],"class_list":["post-88712","post","type-post","status-publish","format-standard","has-post-thumbnail","hentry","category-educacao","tag-curso","tag-prefeito","tag-pregestao","tag-previdencia"],"yoast_head":"<!-- This site is optimized with the Yoast SEO plugin v27.4 - https:\/\/yoast.com\/product\/yoast-seo-wordpress\/ -->\n<title>Barretos recebe curso Pr\u00f3-Gest\u00e3o Previdenci\u00e1ria - Ribeir\u00e3o Preto e Regi\u00e3o<\/title>\n<meta name=\"description\" content=\"A Associa\u00e7\u00e3o Nacional de Entidades de Previd\u00eancia dos Estados e Munic\u00edpios (Aneprem) promoveu o curso Pr\u00f3-Gest\u00e3o Previdenci\u00e1ria\" \/>\n<meta name=\"robots\" content=\"index, follow, max-snippet:-1, max-image-preview:large, max-video-preview:-1\" \/>\n<link rel=\"canonical\" href=\"https:\/\/redenoticiaz.com.br\/ribeiraopreto-regiao\/sp\/2022\/07\/23\/barretos-recebe-curso-pro-gestao-previdenciaria\" \/>\n<meta property=\"og:locale\" content=\"pt_BR\" \/>\n<meta property=\"og:type\" content=\"article\" \/>\n<meta property=\"og:title\" content=\"Barretos recebe curso Pr\u00f3-Gest\u00e3o Previdenci\u00e1ria - Ribeir\u00e3o Preto e Regi\u00e3o\" \/>\n<meta property=\"og:description\" content=\"A Associa\u00e7\u00e3o Nacional de Entidades de Previd\u00eancia dos Estados e Munic\u00edpios (Aneprem) promoveu o curso Pr\u00f3-Gest\u00e3o Previdenci\u00e1ria\" \/>\n<meta property=\"og:url\" content=\"https:\/\/redenoticiaz.com.br\/ribeiraopreto-regiao\/sp\/2022\/07\/23\/barretos-recebe-curso-pro-gestao-previdenciaria\" \/>\n<meta property=\"og:site_name\" content=\"Ribeir\u00e3o Preto e Regi\u00e3o\" \/>\n<meta property=\"article:publisher\" content=\"https:\/\/m.facebook.com\/redenoticiaz.barretos\" \/>\n<meta property=\"article:published_time\" content=\"2022-07-23T16:21:37+00:00\" \/>\n<meta property=\"og:image\" content=\"https:\/\/redenoticiaz.com.br\/ribeiraopreto-regiao\/wp-content\/uploads\/sites\/4\/2022\/07\/comunicacao-camara-1.jpeg\" \/>\n\t<meta property=\"og:image:width\" content=\"1280\" \/>\n\t<meta property=\"og:image:height\" content=\"847\" \/>\n\t<meta property=\"og:image:type\" content=\"image\/jpeg\" \/>\n<meta name=\"twitter:card\" content=\"summary_large_image\" \/>\n<meta name=\"twitter:creator\" content=\"@RN_barretos\" \/>\n<meta name=\"twitter:site\" content=\"@RN_barretos\" \/>\n<meta name=\"twitter:label1\" content=\"Escrito por\" \/>\n\t<meta name=\"twitter:data1\" content=\"\" \/>\n\t<meta name=\"twitter:label2\" content=\"Est. tempo de leitura\" \/>\n\t<meta name=\"twitter:data2\" content=\"3 minutos\" \/>\n<script type=\"application\/ld+json\" class=\"yoast-schema-graph\">{\"@context\":\"https:\\\/\\\/schema.org\",\"@graph\":[{\"@type\":\"Article\",\"@id\":\"https:\\\/\\\/redenoticiaz.com.br\\\/ribeiraopreto-regiao\\\/sp\\\/2022\\\/07\\\/23\\\/barretos-recebe-curso-pro-gestao-previdenciaria#article\",\"isPartOf\":{\"@id\":\"https:\\\/\\\/redenoticiaz.com.br\\\/ribeiraopreto-regiao\\\/sp\\\/2022\\\/07\\\/23\\\/barretos-recebe-curso-pro-gestao-previdenciaria\"},\"author\":{\"name\":\"\",\"@id\":\"\"},\"headline\":\"Barretos recebe curso Pr\u00f3-Gest\u00e3o Previdenci\u00e1ria\",\"datePublished\":\"2022-07-23T16:21:37+00:00\",\"mainEntityOfPage\":{\"@id\":\"https:\\\/\\\/redenoticiaz.com.br\\\/ribeiraopreto-regiao\\\/sp\\\/2022\\\/07\\\/23\\\/barretos-recebe-curso-pro-gestao-previdenciaria\"},\"wordCount\":525,\"commentCount\":0,\"publisher\":{\"@id\":\"https:\\\/\\\/redenoticiaz.com.br\\\/ribeiraopreto-regiao\\\/#organization\"},\"image\":{\"@id\":\"https:\\\/\\\/redenoticiaz.com.br\\\/ribeiraopreto-regiao\\\/sp\\\/2022\\\/07\\\/23\\\/barretos-recebe-curso-pro-gestao-previdenciaria#primaryimage\"},\"thumbnailUrl\":\"https:\\\/\\\/redenoticiaz.com.br\\\/ribeiraopreto-regiao\\\/wp-content\\\/uploads\\\/sites\\\/4\\\/2022\\\/07\\\/comunicacao-camara-1.jpeg\",\"keywords\":[\"CURSO\",\"prefeito\",\"PR\u00c9GEST\u00c3O\",\"PREVID\u00caNCIA\"],\"articleSection\":[\"Educa\u00e7\u00e3o\"],\"inLanguage\":\"pt-BR\",\"potentialAction\":[{\"@type\":\"CommentAction\",\"name\":\"Comment\",\"target\":[\"https:\\\/\\\/redenoticiaz.com.br\\\/ribeiraopreto-regiao\\\/sp\\\/2022\\\/07\\\/23\\\/barretos-recebe-curso-pro-gestao-previdenciaria#respond\"]}]},{\"@type\":\"WebPage\",\"@id\":\"https:\\\/\\\/redenoticiaz.com.br\\\/ribeiraopreto-regiao\\\/sp\\\/2022\\\/07\\\/23\\\/barretos-recebe-curso-pro-gestao-previdenciaria\",\"url\":\"https:\\\/\\\/redenoticiaz.com.br\\\/ribeiraopreto-regiao\\\/sp\\\/2022\\\/07\\\/23\\\/barretos-recebe-curso-pro-gestao-previdenciaria\",\"name\":\"Barretos recebe curso Pr\u00f3-Gest\u00e3o Previdenci\u00e1ria - Ribeir\u00e3o Preto e Regi\u00e3o\",\"isPartOf\":{\"@id\":\"https:\\\/\\\/redenoticiaz.com.br\\\/ribeiraopreto-regiao\\\/#website\"},\"primaryImageOfPage\":{\"@id\":\"https:\\\/\\\/redenoticiaz.com.br\\\/ribeiraopreto-regiao\\\/sp\\\/2022\\\/07\\\/23\\\/barretos-recebe-curso-pro-gestao-previdenciaria#primaryimage\"},\"image\":{\"@id\":\"https:\\\/\\\/redenoticiaz.com.br\\\/ribeiraopreto-regiao\\\/sp\\\/2022\\\/07\\\/23\\\/barretos-recebe-curso-pro-gestao-previdenciaria#primaryimage\"},\"thumbnailUrl\":\"https:\\\/\\\/redenoticiaz.com.br\\\/ribeiraopreto-regiao\\\/wp-content\\\/uploads\\\/sites\\\/4\\\/2022\\\/07\\\/comunicacao-camara-1.jpeg\",\"datePublished\":\"2022-07-23T16:21:37+00:00\",\"description\":\"A Associa\u00e7\u00e3o Nacional de Entidades de Previd\u00eancia dos Estados e Munic\u00edpios (Aneprem) promoveu o curso Pr\u00f3-Gest\u00e3o Previdenci\u00e1ria\",\"inLanguage\":\"pt-BR\",\"potentialAction\":[{\"@type\":\"ReadAction\",\"target\":[\"https:\\\/\\\/redenoticiaz.com.br\\\/ribeiraopreto-regiao\\\/sp\\\/2022\\\/07\\\/23\\\/barretos-recebe-curso-pro-gestao-previdenciaria\"]}]},{\"@type\":\"ImageObject\",\"inLanguage\":\"pt-BR\",\"@id\":\"https:\\\/\\\/redenoticiaz.com.br\\\/ribeiraopreto-regiao\\\/sp\\\/2022\\\/07\\\/23\\\/barretos-recebe-curso-pro-gestao-previdenciaria#primaryimage\",\"url\":\"https:\\\/\\\/redenoticiaz.com.br\\\/ribeiraopreto-regiao\\\/wp-content\\\/uploads\\\/sites\\\/4\\\/2022\\\/07\\\/comunicacao-camara-1.jpeg\",\"contentUrl\":\"https:\\\/\\\/redenoticiaz.com.br\\\/ribeiraopreto-regiao\\\/wp-content\\\/uploads\\\/sites\\\/4\\\/2022\\\/07\\\/comunicacao-camara-1.jpeg\",\"width\":1280,\"height\":847,\"caption\":\"Curso P\u00f3s-Gest\u00e3o em Barretos. Cr\u00e9dito: Divulga\u00e7\u00e3o\"},{\"@type\":\"WebSite\",\"@id\":\"https:\\\/\\\/redenoticiaz.com.br\\\/ribeiraopreto-regiao\\\/#website\",\"url\":\"https:\\\/\\\/redenoticiaz.com.br\\\/ribeiraopreto-regiao\\\/\",\"name\":\"Ribeir\u00e3o Preto e Regi\u00e3o\",\"description\":\"Rede NoticiaZ - Ribeir\u00e3o Preto e regi\u00e3o\",\"publisher\":{\"@id\":\"https:\\\/\\\/redenoticiaz.com.br\\\/ribeiraopreto-regiao\\\/#organization\"},\"potentialAction\":[{\"@type\":\"SearchAction\",\"target\":{\"@type\":\"EntryPoint\",\"urlTemplate\":\"https:\\\/\\\/redenoticiaz.com.br\\\/ribeiraopreto-regiao\\\/?s={search_term_string}\"},\"query-input\":{\"@type\":\"PropertyValueSpecification\",\"valueRequired\":true,\"valueName\":\"search_term_string\"}}],\"inLanguage\":\"pt-BR\"},{\"@type\":\"Organization\",\"@id\":\"https:\\\/\\\/redenoticiaz.com.br\\\/ribeiraopreto-regiao\\\/#organization\",\"name\":\"Ribeir\u00e3o Preto e Regi\u00e3o\",\"url\":\"https:\\\/\\\/redenoticiaz.com.br\\\/ribeiraopreto-regiao\\\/\",\"logo\":{\"@type\":\"ImageObject\",\"inLanguage\":\"pt-BR\",\"@id\":\"https:\\\/\\\/redenoticiaz.com.br\\\/ribeiraopreto-regiao\\\/#\\\/schema\\\/logo\\\/image\\\/\",\"url\":\"https:\\\/\\\/redenoticiaz.com.br\\\/barretos-regiao\\\/wp-content\\\/uploads\\\/sites\\\/4\\\/2022\\\/02\\\/logo.jpg\",\"contentUrl\":\"https:\\\/\\\/redenoticiaz.com.br\\\/barretos-regiao\\\/wp-content\\\/uploads\\\/sites\\\/4\\\/2022\\\/02\\\/logo.jpg\",\"width\":400,\"height\":250,\"caption\":\"Ribeir\u00e3o Preto e Regi\u00e3o\"},\"image\":{\"@id\":\"https:\\\/\\\/redenoticiaz.com.br\\\/ribeiraopreto-regiao\\\/#\\\/schema\\\/logo\\\/image\\\/\"},\"sameAs\":[\"https:\\\/\\\/m.facebook.com\\\/redenoticiaz.barretos\",\"https:\\\/\\\/x.com\\\/RN_barretos\",\"https:\\\/\\\/www.instagram.com\\\/redenoticiaz.barretos\\\/?igshid=YmMyMTA2M2Y\",\"https:\\\/\\\/www.linkedin.com\\\/company\\\/rede-noticiaz-barretos-e-regio\\\/\"]},{\"@type\":\"Person\",\"@id\":\"\",\"url\":\"https:\\\/\\\/redenoticiaz.com.br\\\/ribeiraopreto-regiao\\\/sp\\\/author\"}]}<\/script>\n<!-- \/ Yoast SEO plugin. -->","yoast_head_json":{"title":"Barretos recebe curso Pr\u00f3-Gest\u00e3o Previdenci\u00e1ria - Ribeir\u00e3o Preto e Regi\u00e3o","description":"A Associa\u00e7\u00e3o Nacional de Entidades de Previd\u00eancia dos Estados e Munic\u00edpios (Aneprem) promoveu o curso Pr\u00f3-Gest\u00e3o Previdenci\u00e1ria","robots":{"index":"index","follow":"follow","max-snippet":"max-snippet:-1","max-image-preview":"max-image-preview:large","max-video-preview":"max-video-preview:-1"},"canonical":"https:\/\/redenoticiaz.com.br\/ribeiraopreto-regiao\/sp\/2022\/07\/23\/barretos-recebe-curso-pro-gestao-previdenciaria","og_locale":"pt_BR","og_type":"article","og_title":"Barretos recebe curso Pr\u00f3-Gest\u00e3o Previdenci\u00e1ria - Ribeir\u00e3o Preto e Regi\u00e3o","og_description":"A Associa\u00e7\u00e3o Nacional de Entidades de Previd\u00eancia dos Estados e Munic\u00edpios (Aneprem) promoveu o curso Pr\u00f3-Gest\u00e3o Previdenci\u00e1ria","og_url":"https:\/\/redenoticiaz.com.br\/ribeiraopreto-regiao\/sp\/2022\/07\/23\/barretos-recebe-curso-pro-gestao-previdenciaria","og_site_name":"Ribeir\u00e3o Preto e Regi\u00e3o","article_publisher":"https:\/\/m.facebook.com\/redenoticiaz.barretos","article_published_time":"2022-07-23T16:21:37+00:00","og_image":[{"width":1280,"height":847,"url":"https:\/\/redenoticiaz.com.br\/ribeiraopreto-regiao\/wp-content\/uploads\/sites\/4\/2022\/07\/comunicacao-camara-1.jpeg","type":"image\/jpeg"}],"twitter_card":"summary_large_image","twitter_creator":"@RN_barretos","twitter_site":"@RN_barretos","twitter_misc":{"Escrito por":"","Est. tempo de leitura":"3 minutos"},"schema":{"@context":"https:\/\/schema.org","@graph":[{"@type":"Article","@id":"https:\/\/redenoticiaz.com.br\/ribeiraopreto-regiao\/sp\/2022\/07\/23\/barretos-recebe-curso-pro-gestao-previdenciaria#article","isPartOf":{"@id":"https:\/\/redenoticiaz.com.br\/ribeiraopreto-regiao\/sp\/2022\/07\/23\/barretos-recebe-curso-pro-gestao-previdenciaria"},"author":{"name":"","@id":""},"headline":"Barretos recebe curso Pr\u00f3-Gest\u00e3o Previdenci\u00e1ria","datePublished":"2022-07-23T16:21:37+00:00","mainEntityOfPage":{"@id":"https:\/\/redenoticiaz.com.br\/ribeiraopreto-regiao\/sp\/2022\/07\/23\/barretos-recebe-curso-pro-gestao-previdenciaria"},"wordCount":525,"commentCount":0,"publisher":{"@id":"https:\/\/redenoticiaz.com.br\/ribeiraopreto-regiao\/#organization"},"image":{"@id":"https:\/\/redenoticiaz.com.br\/ribeiraopreto-regiao\/sp\/2022\/07\/23\/barretos-recebe-curso-pro-gestao-previdenciaria#primaryimage"},"thumbnailUrl":"https:\/\/redenoticiaz.com.br\/ribeiraopreto-regiao\/wp-content\/uploads\/sites\/4\/2022\/07\/comunicacao-camara-1.jpeg","keywords":["CURSO","prefeito","PR\u00c9GEST\u00c3O","PREVID\u00caNCIA"],"articleSection":["Educa\u00e7\u00e3o"],"inLanguage":"pt-BR","potentialAction":[{"@type":"CommentAction","name":"Comment","target":["https:\/\/redenoticiaz.com.br\/ribeiraopreto-regiao\/sp\/2022\/07\/23\/barretos-recebe-curso-pro-gestao-previdenciaria#respond"]}]},{"@type":"WebPage","@id":"https:\/\/redenoticiaz.com.br\/ribeiraopreto-regiao\/sp\/2022\/07\/23\/barretos-recebe-curso-pro-gestao-previdenciaria","url":"https:\/\/redenoticiaz.com.br\/ribeiraopreto-regiao\/sp\/2022\/07\/23\/barretos-recebe-curso-pro-gestao-previdenciaria","name":"Barretos recebe curso Pr\u00f3-Gest\u00e3o Previdenci\u00e1ria - Ribeir\u00e3o Preto e Regi\u00e3o","isPartOf":{"@id":"https:\/\/redenoticiaz.com.br\/ribeiraopreto-regiao\/#website"},"primaryImageOfPage":{"@id":"https:\/\/redenoticiaz.com.br\/ribeiraopreto-regiao\/sp\/2022\/07\/23\/barretos-recebe-curso-pro-gestao-previdenciaria#primaryimage"},"image":{"@id":"https:\/\/redenoticiaz.com.br\/ribeiraopreto-regiao\/sp\/2022\/07\/23\/barretos-recebe-curso-pro-gestao-previdenciaria#primaryimage"},"thumbnailUrl":"https:\/\/redenoticiaz.com.br\/ribeiraopreto-regiao\/wp-content\/uploads\/sites\/4\/2022\/07\/comunicacao-camara-1.jpeg","datePublished":"2022-07-23T16:21:37+00:00","description":"A Associa\u00e7\u00e3o Nacional de Entidades de Previd\u00eancia dos Estados e Munic\u00edpios (Aneprem) promoveu o curso Pr\u00f3-Gest\u00e3o Previdenci\u00e1ria","inLanguage":"pt-BR","potentialAction":[{"@type":"ReadAction","target":["https:\/\/redenoticiaz.com.br\/ribeiraopreto-regiao\/sp\/2022\/07\/23\/barretos-recebe-curso-pro-gestao-previdenciaria"]}]},{"@type":"ImageObject","inLanguage":"pt-BR","@id":"https:\/\/redenoticiaz.com.br\/ribeiraopreto-regiao\/sp\/2022\/07\/23\/barretos-recebe-curso-pro-gestao-previdenciaria#primaryimage","url":"https:\/\/redenoticiaz.com.br\/ribeiraopreto-regiao\/wp-content\/uploads\/sites\/4\/2022\/07\/comunicacao-camara-1.jpeg","contentUrl":"https:\/\/redenoticiaz.com.br\/ribeiraopreto-regiao\/wp-content\/uploads\/sites\/4\/2022\/07\/comunicacao-camara-1.jpeg","width":1280,"height":847,"caption":"Curso P\u00f3s-Gest\u00e3o em Barretos. Cr\u00e9dito: Divulga\u00e7\u00e3o"},{"@type":"WebSite","@id":"https:\/\/redenoticiaz.com.br\/ribeiraopreto-regiao\/#website","url":"https:\/\/redenoticiaz.com.br\/ribeiraopreto-regiao\/","name":"Ribeir\u00e3o Preto e Regi\u00e3o","description":"Rede NoticiaZ - Ribeir\u00e3o Preto e regi\u00e3o","publisher":{"@id":"https:\/\/redenoticiaz.com.br\/ribeiraopreto-regiao\/#organization"},"potentialAction":[{"@type":"SearchAction","target":{"@type":"EntryPoint","urlTemplate":"https:\/\/redenoticiaz.com.br\/ribeiraopreto-regiao\/?s={search_term_string}"},"query-input":{"@type":"PropertyValueSpecification","valueRequired":true,"valueName":"search_term_string"}}],"inLanguage":"pt-BR"},{"@type":"Organization","@id":"https:\/\/redenoticiaz.com.br\/ribeiraopreto-regiao\/#organization","name":"Ribeir\u00e3o Preto e Regi\u00e3o","url":"https:\/\/redenoticiaz.com.br\/ribeiraopreto-regiao\/","logo":{"@type":"ImageObject","inLanguage":"pt-BR","@id":"https:\/\/redenoticiaz.com.br\/ribeiraopreto-regiao\/#\/schema\/logo\/image\/","url":"https:\/\/redenoticiaz.com.br\/barretos-regiao\/wp-content\/uploads\/sites\/4\/2022\/02\/logo.jpg","contentUrl":"https:\/\/redenoticiaz.com.br\/barretos-regiao\/wp-content\/uploads\/sites\/4\/2022\/02\/logo.jpg","width":400,"height":250,"caption":"Ribeir\u00e3o Preto e Regi\u00e3o"},"image":{"@id":"https:\/\/redenoticiaz.com.br\/ribeiraopreto-regiao\/#\/schema\/logo\/image\/"},"sameAs":["https:\/\/m.facebook.com\/redenoticiaz.barretos","https:\/\/x.com\/RN_barretos","https:\/\/www.instagram.com\/redenoticiaz.barretos\/?igshid=YmMyMTA2M2Y","https:\/\/www.linkedin.com\/company\/rede-noticiaz-barretos-e-regio\/"]},{"@type":"Person","@id":"","url":"https:\/\/redenoticiaz.com.br\/ribeiraopreto-regiao\/sp\/author"}]}},"_links":{"self":[{"href":"https:\/\/redenoticiaz.com.br\/ribeiraopreto-regiao\/wp-json\/wp\/v2\/posts\/88712","targetHints":{"allow":["GET"]}}],"collection":[{"href":"https:\/\/redenoticiaz.com.br\/ribeiraopreto-regiao\/wp-json\/wp\/v2\/posts"}],"about":[{"href":"https:\/\/redenoticiaz.com.br\/ribeiraopreto-regiao\/wp-json\/wp\/v2\/types\/post"}],"author":[{"embeddable":true,"href":"https:\/\/redenoticiaz.com.br\/ribeiraopreto-regiao\/wp-json\/wp\/v2\/users\/15"}],"replies":[{"embeddable":true,"href":"https:\/\/redenoticiaz.com.br\/ribeiraopreto-regiao\/wp-json\/wp\/v2\/comments?post=88712"}],"version-history":[{"count":1,"href":"https:\/\/redenoticiaz.com.br\/ribeiraopreto-regiao\/wp-json\/wp\/v2\/posts\/88712\/revisions"}],"predecessor-version":[{"id":88714,"href":"https:\/\/redenoticiaz.com.br\/ribeiraopreto-regiao\/wp-json\/wp\/v2\/posts\/88712\/revisions\/88714"}],"wp:featuredmedia":[{"embeddable":true,"href":"https:\/\/redenoticiaz.com.br\/ribeiraopreto-regiao\/wp-json\/wp\/v2\/media\/88713"}],"wp:attachment":[{"href":"https:\/\/redenoticiaz.com.br\/ribeiraopreto-regiao\/wp-json\/wp\/v2\/media?parent=88712"}],"wp:term":[{"taxonomy":"category","embeddable":true,"href":"https:\/\/redenoticiaz.com.br\/ribeiraopreto-regiao\/wp-json\/wp\/v2\/categories?post=88712"},{"taxonomy":"post_tag","embeddable":true,"href":"https:\/\/redenoticiaz.com.br\/ribeiraopreto-regiao\/wp-json\/wp\/v2\/tags?post=88712"}],"curies":[{"name":"wp","href":"https:\/\/api.w.org\/{rel}","templated":true}]}}