{"id":88770,"date":"2022-07-24T13:15:25","date_gmt":"2022-07-24T16:15:25","guid":{"rendered":"https:\/\/redenoticiaz.com.br\/barretos-regiao\/sp\/2022\/07\/24\/marvel-faz-anuncios-impressionantes-de-suas-novas-producoes"},"modified":"2022-07-24T13:16:14","modified_gmt":"2022-07-24T16:16:14","slug":"marvel-faz-anuncios-impressionantes-de-suas-novas-producoes","status":"publish","type":"post","link":"https:\/\/redenoticiaz.com.br\/ribeiraopreto-regiao\/sp\/2022\/07\/24\/marvel-faz-anuncios-impressionantes-de-suas-novas-producoes","title":{"rendered":"Marvel faz an\u00fancios impressionantes de suas novas produ\u00e7\u00f5es"},"content":{"rendered":"<p>Marvel faz an\u00fancios impressionantes de suas novas produ\u00e7\u00f5es na San Diego Comic Con e honrou a expectativa de todos os f\u00e3s de super-her\u00f3is.<\/p>\n<p>De acordo com a produtora, as s\u00e9ries e filmes da Fase 5 de seu universo cinematogr\u00e1fico come\u00e7a com Homem-Formiga e a Vespa: Quantumania (em fevereiro de 2023).<\/p>\n<p><iframe loading=\"lazy\" title=\"Mulher-Hulk: Defensora de Her\u00f3is | Marvel Studios | Trailer 2 Oficial Dublado | Disney+\" width=\"500\" height=\"281\" src=\"https:\/\/www.youtube.com\/embed\/MrktLFjzYWQ?feature=oembed\" frameborder=\"0\" allow=\"accelerometer; autoplay; clipboard-write; encrypted-media; gyroscope; picture-in-picture; web-share\" referrerpolicy=\"strict-origin-when-cross-origin\" allowfullscreen><\/iframe><\/p>\n<p><iframe loading=\"lazy\" title=\"Eu sou Groot | Trailer Oficial Legendado | Disney+\" width=\"500\" height=\"281\" src=\"https:\/\/www.youtube.com\/embed\/SvCsgcZeag4?feature=oembed\" frameborder=\"0\" allow=\"accelerometer; autoplay; clipboard-write; encrypted-media; gyroscope; picture-in-picture; web-share\" referrerpolicy=\"strict-origin-when-cross-origin\" allowfullscreen><\/iframe><\/p>\n<p>Ainda de acordo com o est\u00fadio, terminar\u00e1 como\u00a0filme dos\u00a0Thunderbolts\u00a0(julho de 2024) e a lista desta fase inclui ainda uma nova s\u00e9rie de O Demolidor.<\/p>\n<p>&nbsp;<\/p>\n<p>O presidente do\u00a0Marvel Studios,\u00a0Kevin Feige afirmou que &#8220;n\u00e3o precisava, mas que daria esse gostinho aos f\u00e3s&#8221; e apresentou tr\u00eas projetos da Fase 6.<\/p>\n<p>Sendo assim, foi revelado que Os Vingadores estar\u00e3o de volta com &#8220;Vingadores: Dinastia Kang\u00a0e\u00a0Vingadores: Guerras Secretas, ambos previstos para 2025.<\/p>\n<blockquote class=\"twitter-tweet\" data-width=\"500\" data-dnt=\"true\">\n<p lang=\"en\" dir=\"ltr\">Just announced in Hall H: <\/p>\n<p>Marvel Studios&#39; Avengers: The Kang Dynasty, in theaters May 2, 2025. <a href=\"https:\/\/twitter.com\/hashtag\/SDCC2022?src=hash&amp;ref_src=twsrc%5Etfw\">#SDCC2022<\/a> <a href=\"https:\/\/t.co\/kCxeyYwgN5\">pic.twitter.com\/kCxeyYwgN5<\/a><\/p>\n<p>&mdash; Marvel Studios (@MarvelStudios) <a href=\"https:\/\/twitter.com\/MarvelStudios\/status\/1551009643698106368?ref_src=twsrc%5Etfw\">July 24, 2022<\/a><\/p><\/blockquote>\n<p><script async src=\"https:\/\/platform.twitter.com\/widgets.js\" charset=\"utf-8\"><\/script><\/p>\n<blockquote class=\"twitter-tweet\" data-width=\"500\" data-dnt=\"true\">\n<p lang=\"en\" dir=\"ltr\">Just announced in Hall H: <\/p>\n<p>Marvel Studios&#39; Avengers: Secret Wars, in theaters November 7, 2025. <a href=\"https:\/\/twitter.com\/hashtag\/SDCC2022?src=hash&amp;ref_src=twsrc%5Etfw\">#SDCC2022<\/a> <a href=\"https:\/\/t.co\/FXQ5ZbzQYl\">pic.twitter.com\/FXQ5ZbzQYl<\/a><\/p>\n<p>&mdash; Marvel Studios (@MarvelStudios) <a href=\"https:\/\/twitter.com\/MarvelStudios\/status\/1551009742604013568?ref_src=twsrc%5Etfw\">July 24, 2022<\/a><\/p><\/blockquote>\n<p><script async src=\"https:\/\/platform.twitter.com\/widgets.js\" charset=\"utf-8\"><\/script><\/p>\n<p>Feige tamb\u00e9m divulgou que esta nova fase da Marvel ter\u00e1 inicio com o novo filme de O Quarteto Fant\u00e1stico e sua nova saga, A Saga do Multiverso.<\/p>\n<blockquote class=\"twitter-tweet\" data-width=\"500\" data-dnt=\"true\">\n<p lang=\"en\" dir=\"ltr\">Marvel Studios welcomes you to The Multiverse Saga. <a href=\"https:\/\/t.co\/HC1b747YPl\">pic.twitter.com\/HC1b747YPl<\/a><\/p>\n<p>&mdash; Marvel Studios (@MarvelStudios) <a href=\"https:\/\/twitter.com\/MarvelStudios\/status\/1551009884564439040?ref_src=twsrc%5Etfw\">July 24, 2022<\/a><\/p><\/blockquote>\n<p><script async src=\"https:\/\/platform.twitter.com\/widgets.js\" charset=\"utf-8\"><\/script><\/p>\n<p><strong>Leia mais<\/strong><\/p>\n<p><a href=\"https:\/\/redenoticiaz.com.br\/blog\/2022\/07\/16\/saiba-quais-sao-os-proximos-filmes-da-marvel\">Saiba quais s\u00e3o os pr\u00f3ximos filmes da Marvel<\/a><\/p>\n<p>&nbsp;<\/p>\n<div class=\"media media--zoom media--news zoom \" data-list-index=\"2\" data-width=\"\" data-height=\"\">\n<div class=\"media__wrapper\">\n<div class=\"media__wrapper__container\">\n<div class=\"media__wrapper__image js-lazy-src-wrapper loaded\"><\/div>\n<\/div>\n<\/div>\n<\/div>\n","protected":false},"excerpt":{"rendered":"<p>Marvel faz an\u00fancios impressionantes de suas novas produ\u00e7\u00f5es na San Diego Comic Con e honrou a expectativa de todos os f\u00e3s de super-her\u00f3is. De acordo com a produtora, as s\u00e9ries e filmes da Fase 5 de seu universo cinematogr\u00e1fico come\u00e7a com Homem-Formiga e a Vespa: Quantumania (em fevereiro de 2023). Ainda de acordo com o &hellip;<\/p>\n","protected":false},"author":12,"featured_media":88771,"comment_status":"open","ping_status":"closed","sticky":false,"template":"","format":"standard","meta":{"footnotes":""},"categories":[134],"tags":[19185,10595,19186,19187,16876],"class_list":["post-88770","post","type-post","status-publish","format-standard","has-post-thumbnail","hentry","category-entretenimento","tag-groot","tag-marvel","tag-marvel-studios","tag-san-diego-comic-con","tag-she-hulk"],"yoast_head":"<!-- This site is optimized with the Yoast SEO plugin v27.4 - https:\/\/yoast.com\/product\/yoast-seo-wordpress\/ -->\n<title>Marvel faz an\u00fancios impressionantes de suas novas produ\u00e7\u00f5es - Ribeir\u00e3o Preto e Regi\u00e3o<\/title>\n<meta name=\"description\" content=\"Marvel faz an\u00fancios impressionantes de suas novas produ\u00e7\u00f5es na San Diego Comic Con e honrou a expectativa de todos os f\u00e3s de super-her\u00f3is.\" \/>\n<meta name=\"robots\" content=\"index, follow, max-snippet:-1, max-image-preview:large, max-video-preview:-1\" \/>\n<link rel=\"canonical\" href=\"https:\/\/redenoticiaz.com.br\/ribeiraopreto-regiao\/sp\/2022\/07\/24\/marvel-faz-anuncios-impressionantes-de-suas-novas-producoes\" \/>\n<meta property=\"og:locale\" content=\"pt_BR\" \/>\n<meta property=\"og:type\" content=\"article\" \/>\n<meta property=\"og:title\" content=\"Marvel faz an\u00fancios impressionantes de suas novas produ\u00e7\u00f5es - Ribeir\u00e3o Preto e Regi\u00e3o\" \/>\n<meta property=\"og:description\" content=\"Marvel faz an\u00fancios impressionantes de suas novas produ\u00e7\u00f5es na San Diego Comic Con e honrou a expectativa de todos os f\u00e3s de super-her\u00f3is.\" \/>\n<meta property=\"og:url\" content=\"https:\/\/redenoticiaz.com.br\/ribeiraopreto-regiao\/sp\/2022\/07\/24\/marvel-faz-anuncios-impressionantes-de-suas-novas-producoes\" \/>\n<meta property=\"og:site_name\" content=\"Ribeir\u00e3o Preto e Regi\u00e3o\" \/>\n<meta property=\"article:publisher\" content=\"https:\/\/m.facebook.com\/redenoticiaz.barretos\" \/>\n<meta property=\"article:published_time\" content=\"2022-07-24T16:15:25+00:00\" \/>\n<meta property=\"article:modified_time\" content=\"2022-07-24T16:16:14+00:00\" \/>\n<meta property=\"og:image\" content=\"https:\/\/redenoticiaz.com.br\/ribeiraopreto-regiao\/wp-content\/uploads\/sites\/4\/2022\/07\/WhatsApp_Image_2022-07-23_at_21.17.44.jpeg?v=1658679078\" \/>\n\t<meta property=\"og:image:width\" content=\"837\" \/>\n\t<meta property=\"og:image:height\" content=\"471\" \/>\n\t<meta property=\"og:image:type\" content=\"image\/jpeg\" \/>\n<meta name=\"author\" content=\"Gustavo Silva\" \/>\n<meta name=\"twitter:card\" content=\"summary_large_image\" \/>\n<meta name=\"twitter:creator\" content=\"@RN_barretos\" \/>\n<meta name=\"twitter:site\" content=\"@RN_barretos\" \/>\n<meta name=\"twitter:label1\" content=\"Escrito por\" \/>\n\t<meta name=\"twitter:data1\" content=\"Gustavo Silva\" \/>\n\t<meta name=\"twitter:label2\" content=\"Est. tempo de leitura\" \/>\n\t<meta name=\"twitter:data2\" content=\"1 minuto\" \/>\n<script type=\"application\/ld+json\" class=\"yoast-schema-graph\">{\"@context\":\"https:\\\/\\\/schema.org\",\"@graph\":[{\"@type\":\"Article\",\"@id\":\"https:\\\/\\\/redenoticiaz.com.br\\\/ribeiraopreto-regiao\\\/sp\\\/2022\\\/07\\\/24\\\/marvel-faz-anuncios-impressionantes-de-suas-novas-producoes#article\",\"isPartOf\":{\"@id\":\"https:\\\/\\\/redenoticiaz.com.br\\\/ribeiraopreto-regiao\\\/sp\\\/2022\\\/07\\\/24\\\/marvel-faz-anuncios-impressionantes-de-suas-novas-producoes\"},\"author\":{\"name\":\"Gustavo Silva\",\"@id\":\"https:\\\/\\\/redenoticiaz.com.br\\\/ribeiraopreto-regiao\\\/#\\\/schema\\\/person\\\/16057b37a3c0ee6b096d7f887c566e2e\"},\"headline\":\"Marvel faz an\u00fancios impressionantes de suas novas produ\u00e7\u00f5es\",\"datePublished\":\"2022-07-24T16:15:25+00:00\",\"dateModified\":\"2022-07-24T16:16:14+00:00\",\"mainEntityOfPage\":{\"@id\":\"https:\\\/\\\/redenoticiaz.com.br\\\/ribeiraopreto-regiao\\\/sp\\\/2022\\\/07\\\/24\\\/marvel-faz-anuncios-impressionantes-de-suas-novas-producoes\"},\"wordCount\":295,\"commentCount\":0,\"publisher\":{\"@id\":\"https:\\\/\\\/redenoticiaz.com.br\\\/ribeiraopreto-regiao\\\/#organization\"},\"image\":{\"@id\":\"https:\\\/\\\/redenoticiaz.com.br\\\/ribeiraopreto-regiao\\\/sp\\\/2022\\\/07\\\/24\\\/marvel-faz-anuncios-impressionantes-de-suas-novas-producoes#primaryimage\"},\"thumbnailUrl\":\"https:\\\/\\\/redenoticiaz.com.br\\\/ribeiraopreto-regiao\\\/wp-content\\\/uploads\\\/sites\\\/4\\\/2022\\\/07\\\/WhatsApp_Image_2022-07-23_at_21.17.44.jpeg?v=1658679078\",\"keywords\":[\"groot\",\"MARVEL\",\"marvel studios\",\"San Diego Comic Con\",\"she hulk\"],\"articleSection\":[\"Entretenimento\"],\"inLanguage\":\"pt-BR\",\"potentialAction\":[{\"@type\":\"CommentAction\",\"name\":\"Comment\",\"target\":[\"https:\\\/\\\/redenoticiaz.com.br\\\/ribeiraopreto-regiao\\\/sp\\\/2022\\\/07\\\/24\\\/marvel-faz-anuncios-impressionantes-de-suas-novas-producoes#respond\"]}]},{\"@type\":\"WebPage\",\"@id\":\"https:\\\/\\\/redenoticiaz.com.br\\\/ribeiraopreto-regiao\\\/sp\\\/2022\\\/07\\\/24\\\/marvel-faz-anuncios-impressionantes-de-suas-novas-producoes\",\"url\":\"https:\\\/\\\/redenoticiaz.com.br\\\/ribeiraopreto-regiao\\\/sp\\\/2022\\\/07\\\/24\\\/marvel-faz-anuncios-impressionantes-de-suas-novas-producoes\",\"name\":\"Marvel faz an\u00fancios impressionantes de suas novas produ\u00e7\u00f5es - Ribeir\u00e3o Preto e Regi\u00e3o\",\"isPartOf\":{\"@id\":\"https:\\\/\\\/redenoticiaz.com.br\\\/ribeiraopreto-regiao\\\/#website\"},\"primaryImageOfPage\":{\"@id\":\"https:\\\/\\\/redenoticiaz.com.br\\\/ribeiraopreto-regiao\\\/sp\\\/2022\\\/07\\\/24\\\/marvel-faz-anuncios-impressionantes-de-suas-novas-producoes#primaryimage\"},\"image\":{\"@id\":\"https:\\\/\\\/redenoticiaz.com.br\\\/ribeiraopreto-regiao\\\/sp\\\/2022\\\/07\\\/24\\\/marvel-faz-anuncios-impressionantes-de-suas-novas-producoes#primaryimage\"},\"thumbnailUrl\":\"https:\\\/\\\/redenoticiaz.com.br\\\/ribeiraopreto-regiao\\\/wp-content\\\/uploads\\\/sites\\\/4\\\/2022\\\/07\\\/WhatsApp_Image_2022-07-23_at_21.17.44.jpeg?v=1658679078\",\"datePublished\":\"2022-07-24T16:15:25+00:00\",\"dateModified\":\"2022-07-24T16:16:14+00:00\",\"description\":\"Marvel faz an\u00fancios impressionantes de suas novas produ\u00e7\u00f5es na San Diego Comic Con e honrou a expectativa de todos os f\u00e3s de super-her\u00f3is.\",\"inLanguage\":\"pt-BR\",\"potentialAction\":[{\"@type\":\"ReadAction\",\"target\":[\"https:\\\/\\\/redenoticiaz.com.br\\\/ribeiraopreto-regiao\\\/sp\\\/2022\\\/07\\\/24\\\/marvel-faz-anuncios-impressionantes-de-suas-novas-producoes\"]}]},{\"@type\":\"ImageObject\",\"inLanguage\":\"pt-BR\",\"@id\":\"https:\\\/\\\/redenoticiaz.com.br\\\/ribeiraopreto-regiao\\\/sp\\\/2022\\\/07\\\/24\\\/marvel-faz-anuncios-impressionantes-de-suas-novas-producoes#primaryimage\",\"url\":\"https:\\\/\\\/redenoticiaz.com.br\\\/ribeiraopreto-regiao\\\/wp-content\\\/uploads\\\/sites\\\/4\\\/2022\\\/07\\\/WhatsApp_Image_2022-07-23_at_21.17.44.jpeg?v=1658679078\",\"contentUrl\":\"https:\\\/\\\/redenoticiaz.com.br\\\/ribeiraopreto-regiao\\\/wp-content\\\/uploads\\\/sites\\\/4\\\/2022\\\/07\\\/WhatsApp_Image_2022-07-23_at_21.17.44.jpeg?v=1658679078\",\"width\":837,\"height\":471,\"caption\":\"Marvel faz an\u00fancios impressionantes de suas novas produ\u00e7\u00f5es\"},{\"@type\":\"WebSite\",\"@id\":\"https:\\\/\\\/redenoticiaz.com.br\\\/ribeiraopreto-regiao\\\/#website\",\"url\":\"https:\\\/\\\/redenoticiaz.com.br\\\/ribeiraopreto-regiao\\\/\",\"name\":\"Ribeir\u00e3o Preto e Regi\u00e3o\",\"description\":\"Rede NoticiaZ - Ribeir\u00e3o Preto e regi\u00e3o\",\"publisher\":{\"@id\":\"https:\\\/\\\/redenoticiaz.com.br\\\/ribeiraopreto-regiao\\\/#organization\"},\"potentialAction\":[{\"@type\":\"SearchAction\",\"target\":{\"@type\":\"EntryPoint\",\"urlTemplate\":\"https:\\\/\\\/redenoticiaz.com.br\\\/ribeiraopreto-regiao\\\/?s={search_term_string}\"},\"query-input\":{\"@type\":\"PropertyValueSpecification\",\"valueRequired\":true,\"valueName\":\"search_term_string\"}}],\"inLanguage\":\"pt-BR\"},{\"@type\":\"Organization\",\"@id\":\"https:\\\/\\\/redenoticiaz.com.br\\\/ribeiraopreto-regiao\\\/#organization\",\"name\":\"Ribeir\u00e3o Preto e Regi\u00e3o\",\"url\":\"https:\\\/\\\/redenoticiaz.com.br\\\/ribeiraopreto-regiao\\\/\",\"logo\":{\"@type\":\"ImageObject\",\"inLanguage\":\"pt-BR\",\"@id\":\"https:\\\/\\\/redenoticiaz.com.br\\\/ribeiraopreto-regiao\\\/#\\\/schema\\\/logo\\\/image\\\/\",\"url\":\"https:\\\/\\\/redenoticiaz.com.br\\\/barretos-regiao\\\/wp-content\\\/uploads\\\/sites\\\/4\\\/2022\\\/02\\\/logo.jpg\",\"contentUrl\":\"https:\\\/\\\/redenoticiaz.com.br\\\/barretos-regiao\\\/wp-content\\\/uploads\\\/sites\\\/4\\\/2022\\\/02\\\/logo.jpg\",\"width\":400,\"height\":250,\"caption\":\"Ribeir\u00e3o Preto e Regi\u00e3o\"},\"image\":{\"@id\":\"https:\\\/\\\/redenoticiaz.com.br\\\/ribeiraopreto-regiao\\\/#\\\/schema\\\/logo\\\/image\\\/\"},\"sameAs\":[\"https:\\\/\\\/m.facebook.com\\\/redenoticiaz.barretos\",\"https:\\\/\\\/x.com\\\/RN_barretos\",\"https:\\\/\\\/www.instagram.com\\\/redenoticiaz.barretos\\\/?igshid=YmMyMTA2M2Y\",\"https:\\\/\\\/www.linkedin.com\\\/company\\\/rede-noticiaz-barretos-e-regio\\\/\"]},{\"@type\":\"Person\",\"@id\":\"https:\\\/\\\/redenoticiaz.com.br\\\/ribeiraopreto-regiao\\\/#\\\/schema\\\/person\\\/16057b37a3c0ee6b096d7f887c566e2e\",\"name\":\"Gustavo Silva\",\"image\":{\"@type\":\"ImageObject\",\"inLanguage\":\"pt-BR\",\"@id\":\"https:\\\/\\\/secure.gravatar.com\\\/avatar\\\/3ee4e82f93b26de0a7cf4ea5eb7893da637ed6bb0c9170c58065944c56e28a33?s=96&d=mm&r=g\",\"url\":\"https:\\\/\\\/secure.gravatar.com\\\/avatar\\\/3ee4e82f93b26de0a7cf4ea5eb7893da637ed6bb0c9170c58065944c56e28a33?s=96&d=mm&r=g\",\"contentUrl\":\"https:\\\/\\\/secure.gravatar.com\\\/avatar\\\/3ee4e82f93b26de0a7cf4ea5eb7893da637ed6bb0c9170c58065944c56e28a33?s=96&d=mm&r=g\",\"caption\":\"Gustavo Silva\"},\"url\":\"https:\\\/\\\/redenoticiaz.com.br\\\/ribeiraopreto-regiao\\\/sp\\\/author\\\/gustavosilva\"}]}<\/script>\n<!-- \/ Yoast SEO plugin. -->","yoast_head_json":{"title":"Marvel faz an\u00fancios impressionantes de suas novas produ\u00e7\u00f5es - Ribeir\u00e3o Preto e Regi\u00e3o","description":"Marvel faz an\u00fancios impressionantes de suas novas produ\u00e7\u00f5es na San Diego Comic Con e honrou a expectativa de todos os f\u00e3s de super-her\u00f3is.","robots":{"index":"index","follow":"follow","max-snippet":"max-snippet:-1","max-image-preview":"max-image-preview:large","max-video-preview":"max-video-preview:-1"},"canonical":"https:\/\/redenoticiaz.com.br\/ribeiraopreto-regiao\/sp\/2022\/07\/24\/marvel-faz-anuncios-impressionantes-de-suas-novas-producoes","og_locale":"pt_BR","og_type":"article","og_title":"Marvel faz an\u00fancios impressionantes de suas novas produ\u00e7\u00f5es - Ribeir\u00e3o Preto e Regi\u00e3o","og_description":"Marvel faz an\u00fancios impressionantes de suas novas produ\u00e7\u00f5es na San Diego Comic Con e honrou a expectativa de todos os f\u00e3s de super-her\u00f3is.","og_url":"https:\/\/redenoticiaz.com.br\/ribeiraopreto-regiao\/sp\/2022\/07\/24\/marvel-faz-anuncios-impressionantes-de-suas-novas-producoes","og_site_name":"Ribeir\u00e3o Preto e Regi\u00e3o","article_publisher":"https:\/\/m.facebook.com\/redenoticiaz.barretos","article_published_time":"2022-07-24T16:15:25+00:00","article_modified_time":"2022-07-24T16:16:14+00:00","og_image":[{"width":837,"height":471,"url":"https:\/\/redenoticiaz.com.br\/ribeiraopreto-regiao\/wp-content\/uploads\/sites\/4\/2022\/07\/WhatsApp_Image_2022-07-23_at_21.17.44.jpeg?v=1658679078","type":"image\/jpeg"}],"author":"Gustavo Silva","twitter_card":"summary_large_image","twitter_creator":"@RN_barretos","twitter_site":"@RN_barretos","twitter_misc":{"Escrito por":"Gustavo Silva","Est. tempo de leitura":"1 minuto"},"schema":{"@context":"https:\/\/schema.org","@graph":[{"@type":"Article","@id":"https:\/\/redenoticiaz.com.br\/ribeiraopreto-regiao\/sp\/2022\/07\/24\/marvel-faz-anuncios-impressionantes-de-suas-novas-producoes#article","isPartOf":{"@id":"https:\/\/redenoticiaz.com.br\/ribeiraopreto-regiao\/sp\/2022\/07\/24\/marvel-faz-anuncios-impressionantes-de-suas-novas-producoes"},"author":{"name":"Gustavo Silva","@id":"https:\/\/redenoticiaz.com.br\/ribeiraopreto-regiao\/#\/schema\/person\/16057b37a3c0ee6b096d7f887c566e2e"},"headline":"Marvel faz an\u00fancios impressionantes de suas novas produ\u00e7\u00f5es","datePublished":"2022-07-24T16:15:25+00:00","dateModified":"2022-07-24T16:16:14+00:00","mainEntityOfPage":{"@id":"https:\/\/redenoticiaz.com.br\/ribeiraopreto-regiao\/sp\/2022\/07\/24\/marvel-faz-anuncios-impressionantes-de-suas-novas-producoes"},"wordCount":295,"commentCount":0,"publisher":{"@id":"https:\/\/redenoticiaz.com.br\/ribeiraopreto-regiao\/#organization"},"image":{"@id":"https:\/\/redenoticiaz.com.br\/ribeiraopreto-regiao\/sp\/2022\/07\/24\/marvel-faz-anuncios-impressionantes-de-suas-novas-producoes#primaryimage"},"thumbnailUrl":"https:\/\/redenoticiaz.com.br\/ribeiraopreto-regiao\/wp-content\/uploads\/sites\/4\/2022\/07\/WhatsApp_Image_2022-07-23_at_21.17.44.jpeg?v=1658679078","keywords":["groot","MARVEL","marvel studios","San Diego Comic Con","she hulk"],"articleSection":["Entretenimento"],"inLanguage":"pt-BR","potentialAction":[{"@type":"CommentAction","name":"Comment","target":["https:\/\/redenoticiaz.com.br\/ribeiraopreto-regiao\/sp\/2022\/07\/24\/marvel-faz-anuncios-impressionantes-de-suas-novas-producoes#respond"]}]},{"@type":"WebPage","@id":"https:\/\/redenoticiaz.com.br\/ribeiraopreto-regiao\/sp\/2022\/07\/24\/marvel-faz-anuncios-impressionantes-de-suas-novas-producoes","url":"https:\/\/redenoticiaz.com.br\/ribeiraopreto-regiao\/sp\/2022\/07\/24\/marvel-faz-anuncios-impressionantes-de-suas-novas-producoes","name":"Marvel faz an\u00fancios impressionantes de suas novas produ\u00e7\u00f5es - Ribeir\u00e3o Preto e Regi\u00e3o","isPartOf":{"@id":"https:\/\/redenoticiaz.com.br\/ribeiraopreto-regiao\/#website"},"primaryImageOfPage":{"@id":"https:\/\/redenoticiaz.com.br\/ribeiraopreto-regiao\/sp\/2022\/07\/24\/marvel-faz-anuncios-impressionantes-de-suas-novas-producoes#primaryimage"},"image":{"@id":"https:\/\/redenoticiaz.com.br\/ribeiraopreto-regiao\/sp\/2022\/07\/24\/marvel-faz-anuncios-impressionantes-de-suas-novas-producoes#primaryimage"},"thumbnailUrl":"https:\/\/redenoticiaz.com.br\/ribeiraopreto-regiao\/wp-content\/uploads\/sites\/4\/2022\/07\/WhatsApp_Image_2022-07-23_at_21.17.44.jpeg?v=1658679078","datePublished":"2022-07-24T16:15:25+00:00","dateModified":"2022-07-24T16:16:14+00:00","description":"Marvel faz an\u00fancios impressionantes de suas novas produ\u00e7\u00f5es na San Diego Comic Con e honrou a expectativa de todos os f\u00e3s de super-her\u00f3is.","inLanguage":"pt-BR","potentialAction":[{"@type":"ReadAction","target":["https:\/\/redenoticiaz.com.br\/ribeiraopreto-regiao\/sp\/2022\/07\/24\/marvel-faz-anuncios-impressionantes-de-suas-novas-producoes"]}]},{"@type":"ImageObject","inLanguage":"pt-BR","@id":"https:\/\/redenoticiaz.com.br\/ribeiraopreto-regiao\/sp\/2022\/07\/24\/marvel-faz-anuncios-impressionantes-de-suas-novas-producoes#primaryimage","url":"https:\/\/redenoticiaz.com.br\/ribeiraopreto-regiao\/wp-content\/uploads\/sites\/4\/2022\/07\/WhatsApp_Image_2022-07-23_at_21.17.44.jpeg?v=1658679078","contentUrl":"https:\/\/redenoticiaz.com.br\/ribeiraopreto-regiao\/wp-content\/uploads\/sites\/4\/2022\/07\/WhatsApp_Image_2022-07-23_at_21.17.44.jpeg?v=1658679078","width":837,"height":471,"caption":"Marvel faz an\u00fancios impressionantes de suas novas produ\u00e7\u00f5es"},{"@type":"WebSite","@id":"https:\/\/redenoticiaz.com.br\/ribeiraopreto-regiao\/#website","url":"https:\/\/redenoticiaz.com.br\/ribeiraopreto-regiao\/","name":"Ribeir\u00e3o Preto e Regi\u00e3o","description":"Rede NoticiaZ - Ribeir\u00e3o Preto e regi\u00e3o","publisher":{"@id":"https:\/\/redenoticiaz.com.br\/ribeiraopreto-regiao\/#organization"},"potentialAction":[{"@type":"SearchAction","target":{"@type":"EntryPoint","urlTemplate":"https:\/\/redenoticiaz.com.br\/ribeiraopreto-regiao\/?s={search_term_string}"},"query-input":{"@type":"PropertyValueSpecification","valueRequired":true,"valueName":"search_term_string"}}],"inLanguage":"pt-BR"},{"@type":"Organization","@id":"https:\/\/redenoticiaz.com.br\/ribeiraopreto-regiao\/#organization","name":"Ribeir\u00e3o Preto e Regi\u00e3o","url":"https:\/\/redenoticiaz.com.br\/ribeiraopreto-regiao\/","logo":{"@type":"ImageObject","inLanguage":"pt-BR","@id":"https:\/\/redenoticiaz.com.br\/ribeiraopreto-regiao\/#\/schema\/logo\/image\/","url":"https:\/\/redenoticiaz.com.br\/barretos-regiao\/wp-content\/uploads\/sites\/4\/2022\/02\/logo.jpg","contentUrl":"https:\/\/redenoticiaz.com.br\/barretos-regiao\/wp-content\/uploads\/sites\/4\/2022\/02\/logo.jpg","width":400,"height":250,"caption":"Ribeir\u00e3o Preto e Regi\u00e3o"},"image":{"@id":"https:\/\/redenoticiaz.com.br\/ribeiraopreto-regiao\/#\/schema\/logo\/image\/"},"sameAs":["https:\/\/m.facebook.com\/redenoticiaz.barretos","https:\/\/x.com\/RN_barretos","https:\/\/www.instagram.com\/redenoticiaz.barretos\/?igshid=YmMyMTA2M2Y","https:\/\/www.linkedin.com\/company\/rede-noticiaz-barretos-e-regio\/"]},{"@type":"Person","@id":"https:\/\/redenoticiaz.com.br\/ribeiraopreto-regiao\/#\/schema\/person\/16057b37a3c0ee6b096d7f887c566e2e","name":"Gustavo Silva","image":{"@type":"ImageObject","inLanguage":"pt-BR","@id":"https:\/\/secure.gravatar.com\/avatar\/3ee4e82f93b26de0a7cf4ea5eb7893da637ed6bb0c9170c58065944c56e28a33?s=96&d=mm&r=g","url":"https:\/\/secure.gravatar.com\/avatar\/3ee4e82f93b26de0a7cf4ea5eb7893da637ed6bb0c9170c58065944c56e28a33?s=96&d=mm&r=g","contentUrl":"https:\/\/secure.gravatar.com\/avatar\/3ee4e82f93b26de0a7cf4ea5eb7893da637ed6bb0c9170c58065944c56e28a33?s=96&d=mm&r=g","caption":"Gustavo Silva"},"url":"https:\/\/redenoticiaz.com.br\/ribeiraopreto-regiao\/sp\/author\/gustavosilva"}]}},"_links":{"self":[{"href":"https:\/\/redenoticiaz.com.br\/ribeiraopreto-regiao\/wp-json\/wp\/v2\/posts\/88770","targetHints":{"allow":["GET"]}}],"collection":[{"href":"https:\/\/redenoticiaz.com.br\/ribeiraopreto-regiao\/wp-json\/wp\/v2\/posts"}],"about":[{"href":"https:\/\/redenoticiaz.com.br\/ribeiraopreto-regiao\/wp-json\/wp\/v2\/types\/post"}],"author":[{"embeddable":true,"href":"https:\/\/redenoticiaz.com.br\/ribeiraopreto-regiao\/wp-json\/wp\/v2\/users\/12"}],"replies":[{"embeddable":true,"href":"https:\/\/redenoticiaz.com.br\/ribeiraopreto-regiao\/wp-json\/wp\/v2\/comments?post=88770"}],"version-history":[{"count":0,"href":"https:\/\/redenoticiaz.com.br\/ribeiraopreto-regiao\/wp-json\/wp\/v2\/posts\/88770\/revisions"}],"wp:featuredmedia":[{"embeddable":true,"href":"https:\/\/redenoticiaz.com.br\/ribeiraopreto-regiao\/wp-json\/wp\/v2\/media\/88771"}],"wp:attachment":[{"href":"https:\/\/redenoticiaz.com.br\/ribeiraopreto-regiao\/wp-json\/wp\/v2\/media?parent=88770"}],"wp:term":[{"taxonomy":"category","embeddable":true,"href":"https:\/\/redenoticiaz.com.br\/ribeiraopreto-regiao\/wp-json\/wp\/v2\/categories?post=88770"},{"taxonomy":"post_tag","embeddable":true,"href":"https:\/\/redenoticiaz.com.br\/ribeiraopreto-regiao\/wp-json\/wp\/v2\/tags?post=88770"}],"curies":[{"name":"wp","href":"https:\/\/api.w.org\/{rel}","templated":true}]}}