{"id":88794,"date":"2022-07-30T07:00:09","date_gmt":"2022-07-30T10:00:09","guid":{"rendered":"https:\/\/redenoticiaz.com.br\/barretos-regiao\/?p=88794"},"modified":"2022-07-25T13:45:23","modified_gmt":"2022-07-25T16:45:23","slug":"saiba-qual-impacto-a-industria-5-0-traz-para-a-sociedade","status":"publish","type":"post","link":"https:\/\/redenoticiaz.com.br\/ribeiraopreto-regiao\/sp\/2022\/07\/30\/saiba-qual-impacto-a-industria-5-0-traz-para-a-sociedade","title":{"rendered":"Saiba qual impacto a Ind\u00fastria 5.0 traz para a sociedade"},"content":{"rendered":"<p>Melhorar a efici\u00eancia e a produtividade por meio das novas tecnologias foi um dos principais pilares da Ind\u00fastria 4.0, mas, a pr\u00f3xima fase da revolu\u00e7\u00e3o industrial j\u00e1 est\u00e1 cada vez mais pr\u00f3xima. A\u00a0<strong>Ind\u00fastria 5.0<\/strong>\u00a0vem com a ideia de um modelo de trabalho no qual pessoas operam em total sinergia com m\u00e1quinas inteligentes.<\/p>\n<p>Neste cen\u00e1rio, rob\u00f4s ajudam humanos a trabalhar melhor e mais r\u00e1pido, valendo-se, para isso, de tecnologias digitais avan\u00e7adas, como a Internet das Coisas (IoT), Intelig\u00eancia Artificial e Big Data.<\/p>\n<p>\u201cOs dados foram fundamentais para a transforma\u00e7\u00e3o digital, por\u00e9m, eles estar\u00e3o no centro das mudan\u00e7as propostas pela Ind\u00fastria 5.0. Diante disso, os data centers ter\u00e3o um papel importante no desempenho operacional das tecnologias que estar\u00e3o unidas \u00e0 intelig\u00eancia humana, sendo um pilar para a nova era industrial\u201d, explica Eliel Andrade, Gerente de Produtos e Arquitetura de Solu\u00e7\u00f5es da ODATA.<\/p>\n<p>De acordo com a pesquisa\u00a0<em><a href=\"https:\/\/www.researchgate.net\/publication\/353555332_Industry_50_A_Survey_on_Enabling_Technologies_and_Potential_Applications#pf1e\" target=\"_blank\" rel=\"noopener noreferrer\">Industry 5.0: A Survey on Enabling Technologies and Potential Applications,<\/a><\/em>\u00a0o panorama da\u00a0Ind\u00fastria 5.0 vislumbra novas abordagens resilientes, sustent\u00e1veis e centradas no ser humano, em diversas aplica\u00e7\u00f5es emergentes.<\/p>\n<h3>Como funciona?<\/h3>\n<p>Como exemplo, as f\u00e1bricas do futuro e a sociedade digital. O que mostra como essa vis\u00e3o alavanca a intelig\u00eancia humana e a criatividade vinculadas a rob\u00f4s colaborativos cognitivos inteligentes, eficientes e confi\u00e1veis. O objetivo \u00e9 alcan\u00e7ar solu\u00e7\u00f5es de fabrica\u00e7\u00e3o baseadas em zero desperd\u00edcio, zero defeito e customiza\u00e7\u00e3o em massa.<\/p>\n<p>\u201cConforme as m\u00e1quinas e dispositivos\u00a0funcionais<em>\u00a0<\/em>se tornam mais inteligentes e conectados, a Ind\u00fastria 5.0 busca combinar tais tecnologias com intelig\u00eancia humana em opera\u00e7\u00f5es colaborativas. A quinta revolu\u00e7\u00e3o industrial ainda est\u00e1 em desenvolvimento, mas, j\u00e1 est\u00e1 no dia a dia de pa\u00edses mais avan\u00e7ados, mesmo sendo uma novidade em outros, nos quais a Ind\u00fastria 4.0 ainda \u00e9 o objetivo\u201d, conta Eliel.<\/p>\n<p>O prop\u00f3sito da Ind\u00fastria 5.0 \u00e9 alavancar a criatividade \u00fanica, o pensamento cr\u00edtico e cognitivo de especialistas humanos para colaborar com m\u00e1quinas poderosas, inteligentes e precisas. Por esse motivo, os vision\u00e1rios t\u00e9cnicos acreditam que\u00a0a Ind\u00fastria 5.0 trar\u00e1 de volta o toque humano \u00e0 ind\u00fastria manufatureira.<\/p>\n<p>Diferente da quarta revolu\u00e7\u00e3o industrial onde\u00a0a prioridade \u00e9 a automa\u00e7\u00e3o de processos, de modo que se reduza a interven\u00e7\u00e3o humana no processo de fabrica\u00e7\u00e3o. Essa nova era industrial usar\u00e1 an\u00e1lises preditivas e intelig\u00eancia operacional para criar modelos que visam tomar decis\u00f5es mais precisas e menos inst\u00e1veis. Assim, ampliar\u00e1 significativamente a efici\u00eancia de fabrica\u00e7\u00e3o e criar\u00e1 versatilidade entre humanos e m\u00e1quinas, delegando a responsabilidade pela intera\u00e7\u00e3o e atividades de monitoramento constante.<\/p>\n<h3>Objetivos<\/h3>\n<p>A ideia \u00e9 desempenhar um papel significativo em uma variedade de aplica\u00e7\u00f5es, ao adotar tend\u00eancias tecnol\u00f3gicas da nova gera\u00e7\u00e3o como habilitadoras para seu funcionamento. Tecnologias como\u00a0<em>Big Data Analytics<\/em>, por exemplo, auxiliar\u00e1 nos processos de customiza\u00e7\u00e3o em massa na Ind\u00fastria 5.0, garantindo integra\u00e7\u00e3o sem falhas com os recursos dispon\u00edveis. Com isso, dados anal\u00edticos em tempo real, compartilhados com sistemas inteligentes e com robustos\u00a0data centers, auxiliar\u00e3o os fabricantes na produ\u00e7\u00e3o e no gerenciamento de grandes quantidades de dados.<\/p>\n<p>\u201cNeste cen\u00e1rio, a customiza\u00e7\u00e3o \u00e9 um dos pilares da manufatura do futuro, sendo os dados fundamentais para as ind\u00fastrias, que dever\u00e3o se adequar a uma realidade na qual a manufatura ser\u00e1 escal\u00e1vel e personalizada. Com isso, acontecer\u00e1\u00a0um aumento massivo de dados que precisar\u00e1\u00a0ser processado de forma eficiente. Os\u00a0data\u00a0centers ser\u00e3o pontos centrais da estrutura e devem estar bem-preparados para uma\u00a0grande\u00a0procura. Al\u00e9m disso, a alta disponibilidade de energia, capacidade e flexibilidade s\u00e3o algumas das caracter\u00edsticas necess\u00e1rias para esse novo momento\u201d, disse Eliel.<\/p>\n<p>Mesmo com o impulso da transforma\u00e7\u00e3o digital e a chegada do 5G, ainda h\u00e1 um longo caminho a se percorrer no Brasil, embora a tecnologia avance rapidamente, o mercado nacional ainda enfrenta alguns gargalos para avan\u00e7ar com a implementa\u00e7\u00e3o desses recursos: nos faltam profissionais especializados, igualdade digital, e impulso a um ecossistema de inova\u00e7\u00e3o. Mesmo com tantos desafios, as tend\u00eancias apontam para um futuro promissor em que finalmente passaremos a usar o melhor de nossos recursos: as habilidades humanas conectadas ao poder da inova\u00e7\u00e3o.<\/p>\n<p><strong>LEIA TAMB\u00c9M<\/strong><\/p>\n<p><a href=\"https:\/\/redenoticiaz.com.br\/blog\/2022\/07\/24\/saiba-o-que-e-necessario-para-conseguir-um-emprego-nos-estados-unidos\">Saiba o que \u00e9 necess\u00e1rio para conseguir um emprego nos Estados Unidos<\/a><\/p>\n","protected":false},"excerpt":{"rendered":"<p>Melhorar a efici\u00eancia e a produtividade por meio das novas tecnologias foi um dos principais pilares da Ind\u00fastria 4.0, mas, a pr\u00f3xima fase da revolu\u00e7\u00e3o industrial j\u00e1 est\u00e1 cada vez mais pr\u00f3xima. A\u00a0Ind\u00fastria 5.0\u00a0vem com a ideia de um modelo de trabalho no qual pessoas operam em total sinergia com m\u00e1quinas inteligentes. Neste cen\u00e1rio, rob\u00f4s &hellip;<\/p>\n","protected":false},"author":6,"featured_media":88795,"comment_status":"open","ping_status":"closed","sticky":false,"template":"","format":"standard","meta":{"footnotes":""},"categories":[1561],"tags":[19192,19193,935],"class_list":["post-88794","post","type-post","status-publish","format-standard","has-post-thumbnail","hentry","category-tecnologia","tag-industria-5-0","tag-revolucao-industrial","tag-tecnologia"],"yoast_head":"<!-- This site is optimized with the Yoast SEO plugin v27.5 - https:\/\/yoast.com\/product\/yoast-seo-wordpress\/ -->\n<title>Saiba qual impacto a Ind\u00fastria 5.0 traz para a sociedade - Ribeir\u00e3o Preto e Regi\u00e3o<\/title>\n<meta name=\"description\" content=\"tecnologias foi um dos principais pilares da Ind\u00fastria 4.0, mas, a pr\u00f3xima fase da revolu\u00e7\u00e3o industrial j\u00e1 est\u00e1 cada vez mais pr\u00f3xima. A\u00a0Ind\u00fastria 5.0\u00a0vem\" \/>\n<meta name=\"robots\" content=\"index, follow, max-snippet:-1, max-image-preview:large, max-video-preview:-1\" \/>\n<link rel=\"canonical\" href=\"https:\/\/redenoticiaz.com.br\/ribeiraopreto-regiao\/sp\/2022\/07\/30\/saiba-qual-impacto-a-industria-5-0-traz-para-a-sociedade\" \/>\n<meta property=\"og:locale\" content=\"pt_BR\" \/>\n<meta property=\"og:type\" content=\"article\" \/>\n<meta property=\"og:title\" content=\"Saiba qual impacto a Ind\u00fastria 5.0 traz para a sociedade - Ribeir\u00e3o Preto e Regi\u00e3o\" \/>\n<meta property=\"og:description\" content=\"tecnologias foi um dos principais pilares da Ind\u00fastria 4.0, mas, a pr\u00f3xima fase da revolu\u00e7\u00e3o industrial j\u00e1 est\u00e1 cada vez mais pr\u00f3xima. A\u00a0Ind\u00fastria 5.0\u00a0vem\" \/>\n<meta property=\"og:url\" content=\"https:\/\/redenoticiaz.com.br\/ribeiraopreto-regiao\/sp\/2022\/07\/30\/saiba-qual-impacto-a-industria-5-0-traz-para-a-sociedade\" \/>\n<meta property=\"og:site_name\" content=\"Ribeir\u00e3o Preto e Regi\u00e3o\" \/>\n<meta property=\"article:publisher\" content=\"https:\/\/m.facebook.com\/redenoticiaz.barretos\" \/>\n<meta property=\"article:published_time\" content=\"2022-07-30T10:00:09+00:00\" \/>\n<meta property=\"og:image\" content=\"https:\/\/redenoticiaz.com.br\/ribeiraopreto-regiao\/wp-content\/uploads\/sites\/4\/2022\/07\/n-24.png\" \/>\n\t<meta property=\"og:image:width\" content=\"300\" \/>\n\t<meta property=\"og:image:height\" content=\"200\" \/>\n\t<meta property=\"og:image:type\" content=\"image\/png\" \/>\n<meta name=\"author\" content=\"Leonardo Francisco\" \/>\n<meta name=\"twitter:card\" content=\"summary_large_image\" \/>\n<meta name=\"twitter:creator\" content=\"@RN_barretos\" \/>\n<meta name=\"twitter:site\" content=\"@RN_barretos\" \/>\n<meta name=\"twitter:label1\" content=\"Escrito por\" \/>\n\t<meta name=\"twitter:data1\" content=\"Leonardo Francisco\" \/>\n\t<meta name=\"twitter:label2\" content=\"Est. tempo de leitura\" \/>\n\t<meta name=\"twitter:data2\" content=\"4 minutos\" \/>\n<script type=\"application\/ld+json\" class=\"yoast-schema-graph\">{\"@context\":\"https:\\\/\\\/schema.org\",\"@graph\":[{\"@type\":\"Article\",\"@id\":\"https:\\\/\\\/redenoticiaz.com.br\\\/ribeiraopreto-regiao\\\/sp\\\/2022\\\/07\\\/30\\\/saiba-qual-impacto-a-industria-5-0-traz-para-a-sociedade#article\",\"isPartOf\":{\"@id\":\"https:\\\/\\\/redenoticiaz.com.br\\\/ribeiraopreto-regiao\\\/sp\\\/2022\\\/07\\\/30\\\/saiba-qual-impacto-a-industria-5-0-traz-para-a-sociedade\"},\"author\":{\"name\":\"Leonardo Francisco\",\"@id\":\"https:\\\/\\\/redenoticiaz.com.br\\\/ribeiraopreto-regiao\\\/#\\\/schema\\\/person\\\/0f0b8a5bdafefe82841e07ae8d81ecb3\"},\"headline\":\"Saiba qual impacto a Ind\u00fastria 5.0 traz para a sociedade\",\"datePublished\":\"2022-07-30T10:00:09+00:00\",\"mainEntityOfPage\":{\"@id\":\"https:\\\/\\\/redenoticiaz.com.br\\\/ribeiraopreto-regiao\\\/sp\\\/2022\\\/07\\\/30\\\/saiba-qual-impacto-a-industria-5-0-traz-para-a-sociedade\"},\"wordCount\":750,\"commentCount\":0,\"publisher\":{\"@id\":\"https:\\\/\\\/redenoticiaz.com.br\\\/ribeiraopreto-regiao\\\/#organization\"},\"image\":{\"@id\":\"https:\\\/\\\/redenoticiaz.com.br\\\/ribeiraopreto-regiao\\\/sp\\\/2022\\\/07\\\/30\\\/saiba-qual-impacto-a-industria-5-0-traz-para-a-sociedade#primaryimage\"},\"thumbnailUrl\":\"https:\\\/\\\/redenoticiaz.com.br\\\/ribeiraopreto-regiao\\\/wp-content\\\/uploads\\\/sites\\\/4\\\/2022\\\/07\\\/shutterstock-2028894317-scaled.jpg?v=1658767462\",\"keywords\":[\"IND\u00daSTRIA 5.0\",\"REVOLU\u00c7\u00c3O INDUSTRIAL\",\"tecnologia\"],\"articleSection\":[\"Tecnologia\"],\"inLanguage\":\"pt-BR\",\"potentialAction\":[{\"@type\":\"CommentAction\",\"name\":\"Comment\",\"target\":[\"https:\\\/\\\/redenoticiaz.com.br\\\/ribeiraopreto-regiao\\\/sp\\\/2022\\\/07\\\/30\\\/saiba-qual-impacto-a-industria-5-0-traz-para-a-sociedade#respond\"]}]},{\"@type\":\"WebPage\",\"@id\":\"https:\\\/\\\/redenoticiaz.com.br\\\/ribeiraopreto-regiao\\\/sp\\\/2022\\\/07\\\/30\\\/saiba-qual-impacto-a-industria-5-0-traz-para-a-sociedade\",\"url\":\"https:\\\/\\\/redenoticiaz.com.br\\\/ribeiraopreto-regiao\\\/sp\\\/2022\\\/07\\\/30\\\/saiba-qual-impacto-a-industria-5-0-traz-para-a-sociedade\",\"name\":\"Saiba qual impacto a Ind\u00fastria 5.0 traz para a sociedade - Ribeir\u00e3o Preto e Regi\u00e3o\",\"isPartOf\":{\"@id\":\"https:\\\/\\\/redenoticiaz.com.br\\\/ribeiraopreto-regiao\\\/#website\"},\"primaryImageOfPage\":{\"@id\":\"https:\\\/\\\/redenoticiaz.com.br\\\/ribeiraopreto-regiao\\\/sp\\\/2022\\\/07\\\/30\\\/saiba-qual-impacto-a-industria-5-0-traz-para-a-sociedade#primaryimage\"},\"image\":{\"@id\":\"https:\\\/\\\/redenoticiaz.com.br\\\/ribeiraopreto-regiao\\\/sp\\\/2022\\\/07\\\/30\\\/saiba-qual-impacto-a-industria-5-0-traz-para-a-sociedade#primaryimage\"},\"thumbnailUrl\":\"https:\\\/\\\/redenoticiaz.com.br\\\/ribeiraopreto-regiao\\\/wp-content\\\/uploads\\\/sites\\\/4\\\/2022\\\/07\\\/shutterstock-2028894317-scaled.jpg?v=1658767462\",\"datePublished\":\"2022-07-30T10:00:09+00:00\",\"description\":\"tecnologias foi um dos principais pilares da Ind\u00fastria 4.0, mas, a pr\u00f3xima fase da revolu\u00e7\u00e3o industrial j\u00e1 est\u00e1 cada vez mais pr\u00f3xima. A\u00a0Ind\u00fastria 5.0\u00a0vem\",\"inLanguage\":\"pt-BR\",\"potentialAction\":[{\"@type\":\"ReadAction\",\"target\":[\"https:\\\/\\\/redenoticiaz.com.br\\\/ribeiraopreto-regiao\\\/sp\\\/2022\\\/07\\\/30\\\/saiba-qual-impacto-a-industria-5-0-traz-para-a-sociedade\"]}]},{\"@type\":\"ImageObject\",\"inLanguage\":\"pt-BR\",\"@id\":\"https:\\\/\\\/redenoticiaz.com.br\\\/ribeiraopreto-regiao\\\/sp\\\/2022\\\/07\\\/30\\\/saiba-qual-impacto-a-industria-5-0-traz-para-a-sociedade#primaryimage\",\"url\":\"https:\\\/\\\/redenoticiaz.com.br\\\/ribeiraopreto-regiao\\\/wp-content\\\/uploads\\\/sites\\\/4\\\/2022\\\/07\\\/shutterstock-2028894317-scaled.jpg?v=1658767462\",\"contentUrl\":\"https:\\\/\\\/redenoticiaz.com.br\\\/ribeiraopreto-regiao\\\/wp-content\\\/uploads\\\/sites\\\/4\\\/2022\\\/07\\\/shutterstock-2028894317-scaled.jpg?v=1658767462\",\"width\":1920,\"height\":781,\"caption\":\"Cr\u00e9ditos: Divulga\u00e7\u00e3o\"},{\"@type\":\"WebSite\",\"@id\":\"https:\\\/\\\/redenoticiaz.com.br\\\/ribeiraopreto-regiao\\\/#website\",\"url\":\"https:\\\/\\\/redenoticiaz.com.br\\\/ribeiraopreto-regiao\\\/\",\"name\":\"Ribeir\u00e3o Preto e Regi\u00e3o\",\"description\":\"Rede NoticiaZ - Ribeir\u00e3o Preto e regi\u00e3o\",\"publisher\":{\"@id\":\"https:\\\/\\\/redenoticiaz.com.br\\\/ribeiraopreto-regiao\\\/#organization\"},\"potentialAction\":[{\"@type\":\"SearchAction\",\"target\":{\"@type\":\"EntryPoint\",\"urlTemplate\":\"https:\\\/\\\/redenoticiaz.com.br\\\/ribeiraopreto-regiao\\\/?s={search_term_string}\"},\"query-input\":{\"@type\":\"PropertyValueSpecification\",\"valueRequired\":true,\"valueName\":\"search_term_string\"}}],\"inLanguage\":\"pt-BR\"},{\"@type\":\"Organization\",\"@id\":\"https:\\\/\\\/redenoticiaz.com.br\\\/ribeiraopreto-regiao\\\/#organization\",\"name\":\"Ribeir\u00e3o Preto e Regi\u00e3o\",\"url\":\"https:\\\/\\\/redenoticiaz.com.br\\\/ribeiraopreto-regiao\\\/\",\"logo\":{\"@type\":\"ImageObject\",\"inLanguage\":\"pt-BR\",\"@id\":\"https:\\\/\\\/redenoticiaz.com.br\\\/ribeiraopreto-regiao\\\/#\\\/schema\\\/logo\\\/image\\\/\",\"url\":\"https:\\\/\\\/redenoticiaz.com.br\\\/barretos-regiao\\\/wp-content\\\/uploads\\\/sites\\\/4\\\/2022\\\/02\\\/logo.jpg\",\"contentUrl\":\"https:\\\/\\\/redenoticiaz.com.br\\\/barretos-regiao\\\/wp-content\\\/uploads\\\/sites\\\/4\\\/2022\\\/02\\\/logo.jpg\",\"width\":400,\"height\":250,\"caption\":\"Ribeir\u00e3o Preto e Regi\u00e3o\"},\"image\":{\"@id\":\"https:\\\/\\\/redenoticiaz.com.br\\\/ribeiraopreto-regiao\\\/#\\\/schema\\\/logo\\\/image\\\/\"},\"sameAs\":[\"https:\\\/\\\/m.facebook.com\\\/redenoticiaz.barretos\",\"https:\\\/\\\/x.com\\\/RN_barretos\",\"https:\\\/\\\/www.instagram.com\\\/redenoticiaz.barretos\\\/?igshid=YmMyMTA2M2Y\",\"https:\\\/\\\/www.linkedin.com\\\/company\\\/rede-noticiaz-barretos-e-regio\\\/\"]},{\"@type\":\"Person\",\"@id\":\"https:\\\/\\\/redenoticiaz.com.br\\\/ribeiraopreto-regiao\\\/#\\\/schema\\\/person\\\/0f0b8a5bdafefe82841e07ae8d81ecb3\",\"name\":\"Leonardo Francisco\",\"image\":{\"@type\":\"ImageObject\",\"inLanguage\":\"pt-BR\",\"@id\":\"https:\\\/\\\/secure.gravatar.com\\\/avatar\\\/a7358cb406a99b682ec6df1e77e31ae82e63601f6784e8a3df411d72b37864da?s=96&d=mm&r=g\",\"url\":\"https:\\\/\\\/secure.gravatar.com\\\/avatar\\\/a7358cb406a99b682ec6df1e77e31ae82e63601f6784e8a3df411d72b37864da?s=96&d=mm&r=g\",\"contentUrl\":\"https:\\\/\\\/secure.gravatar.com\\\/avatar\\\/a7358cb406a99b682ec6df1e77e31ae82e63601f6784e8a3df411d72b37864da?s=96&d=mm&r=g\",\"caption\":\"Leonardo Francisco\"},\"url\":\"https:\\\/\\\/redenoticiaz.com.br\\\/ribeiraopreto-regiao\\\/sp\\\/author\\\/leonardo-francisco\"}]}<\/script>\n<!-- \/ Yoast SEO plugin. -->","yoast_head_json":{"title":"Saiba qual impacto a Ind\u00fastria 5.0 traz para a sociedade - Ribeir\u00e3o Preto e Regi\u00e3o","description":"tecnologias foi um dos principais pilares da Ind\u00fastria 4.0, mas, a pr\u00f3xima fase da revolu\u00e7\u00e3o industrial j\u00e1 est\u00e1 cada vez mais pr\u00f3xima. A\u00a0Ind\u00fastria 5.0\u00a0vem","robots":{"index":"index","follow":"follow","max-snippet":"max-snippet:-1","max-image-preview":"max-image-preview:large","max-video-preview":"max-video-preview:-1"},"canonical":"https:\/\/redenoticiaz.com.br\/ribeiraopreto-regiao\/sp\/2022\/07\/30\/saiba-qual-impacto-a-industria-5-0-traz-para-a-sociedade","og_locale":"pt_BR","og_type":"article","og_title":"Saiba qual impacto a Ind\u00fastria 5.0 traz para a sociedade - Ribeir\u00e3o Preto e Regi\u00e3o","og_description":"tecnologias foi um dos principais pilares da Ind\u00fastria 4.0, mas, a pr\u00f3xima fase da revolu\u00e7\u00e3o industrial j\u00e1 est\u00e1 cada vez mais pr\u00f3xima. A\u00a0Ind\u00fastria 5.0\u00a0vem","og_url":"https:\/\/redenoticiaz.com.br\/ribeiraopreto-regiao\/sp\/2022\/07\/30\/saiba-qual-impacto-a-industria-5-0-traz-para-a-sociedade","og_site_name":"Ribeir\u00e3o Preto e Regi\u00e3o","article_publisher":"https:\/\/m.facebook.com\/redenoticiaz.barretos","article_published_time":"2022-07-30T10:00:09+00:00","og_image":[{"width":300,"height":200,"url":"https:\/\/redenoticiaz.com.br\/ribeiraopreto-regiao\/wp-content\/uploads\/sites\/4\/2022\/07\/n-24.png","type":"image\/png"}],"author":"Leonardo Francisco","twitter_card":"summary_large_image","twitter_creator":"@RN_barretos","twitter_site":"@RN_barretos","twitter_misc":{"Escrito por":"Leonardo Francisco","Est. tempo de leitura":"4 minutos"},"schema":{"@context":"https:\/\/schema.org","@graph":[{"@type":"Article","@id":"https:\/\/redenoticiaz.com.br\/ribeiraopreto-regiao\/sp\/2022\/07\/30\/saiba-qual-impacto-a-industria-5-0-traz-para-a-sociedade#article","isPartOf":{"@id":"https:\/\/redenoticiaz.com.br\/ribeiraopreto-regiao\/sp\/2022\/07\/30\/saiba-qual-impacto-a-industria-5-0-traz-para-a-sociedade"},"author":{"name":"Leonardo Francisco","@id":"https:\/\/redenoticiaz.com.br\/ribeiraopreto-regiao\/#\/schema\/person\/0f0b8a5bdafefe82841e07ae8d81ecb3"},"headline":"Saiba qual impacto a Ind\u00fastria 5.0 traz para a sociedade","datePublished":"2022-07-30T10:00:09+00:00","mainEntityOfPage":{"@id":"https:\/\/redenoticiaz.com.br\/ribeiraopreto-regiao\/sp\/2022\/07\/30\/saiba-qual-impacto-a-industria-5-0-traz-para-a-sociedade"},"wordCount":750,"commentCount":0,"publisher":{"@id":"https:\/\/redenoticiaz.com.br\/ribeiraopreto-regiao\/#organization"},"image":{"@id":"https:\/\/redenoticiaz.com.br\/ribeiraopreto-regiao\/sp\/2022\/07\/30\/saiba-qual-impacto-a-industria-5-0-traz-para-a-sociedade#primaryimage"},"thumbnailUrl":"https:\/\/redenoticiaz.com.br\/ribeiraopreto-regiao\/wp-content\/uploads\/sites\/4\/2022\/07\/shutterstock-2028894317-scaled.jpg?v=1658767462","keywords":["IND\u00daSTRIA 5.0","REVOLU\u00c7\u00c3O INDUSTRIAL","tecnologia"],"articleSection":["Tecnologia"],"inLanguage":"pt-BR","potentialAction":[{"@type":"CommentAction","name":"Comment","target":["https:\/\/redenoticiaz.com.br\/ribeiraopreto-regiao\/sp\/2022\/07\/30\/saiba-qual-impacto-a-industria-5-0-traz-para-a-sociedade#respond"]}]},{"@type":"WebPage","@id":"https:\/\/redenoticiaz.com.br\/ribeiraopreto-regiao\/sp\/2022\/07\/30\/saiba-qual-impacto-a-industria-5-0-traz-para-a-sociedade","url":"https:\/\/redenoticiaz.com.br\/ribeiraopreto-regiao\/sp\/2022\/07\/30\/saiba-qual-impacto-a-industria-5-0-traz-para-a-sociedade","name":"Saiba qual impacto a Ind\u00fastria 5.0 traz para a sociedade - Ribeir\u00e3o Preto e Regi\u00e3o","isPartOf":{"@id":"https:\/\/redenoticiaz.com.br\/ribeiraopreto-regiao\/#website"},"primaryImageOfPage":{"@id":"https:\/\/redenoticiaz.com.br\/ribeiraopreto-regiao\/sp\/2022\/07\/30\/saiba-qual-impacto-a-industria-5-0-traz-para-a-sociedade#primaryimage"},"image":{"@id":"https:\/\/redenoticiaz.com.br\/ribeiraopreto-regiao\/sp\/2022\/07\/30\/saiba-qual-impacto-a-industria-5-0-traz-para-a-sociedade#primaryimage"},"thumbnailUrl":"https:\/\/redenoticiaz.com.br\/ribeiraopreto-regiao\/wp-content\/uploads\/sites\/4\/2022\/07\/shutterstock-2028894317-scaled.jpg?v=1658767462","datePublished":"2022-07-30T10:00:09+00:00","description":"tecnologias foi um dos principais pilares da Ind\u00fastria 4.0, mas, a pr\u00f3xima fase da revolu\u00e7\u00e3o industrial j\u00e1 est\u00e1 cada vez mais pr\u00f3xima. A\u00a0Ind\u00fastria 5.0\u00a0vem","inLanguage":"pt-BR","potentialAction":[{"@type":"ReadAction","target":["https:\/\/redenoticiaz.com.br\/ribeiraopreto-regiao\/sp\/2022\/07\/30\/saiba-qual-impacto-a-industria-5-0-traz-para-a-sociedade"]}]},{"@type":"ImageObject","inLanguage":"pt-BR","@id":"https:\/\/redenoticiaz.com.br\/ribeiraopreto-regiao\/sp\/2022\/07\/30\/saiba-qual-impacto-a-industria-5-0-traz-para-a-sociedade#primaryimage","url":"https:\/\/redenoticiaz.com.br\/ribeiraopreto-regiao\/wp-content\/uploads\/sites\/4\/2022\/07\/shutterstock-2028894317-scaled.jpg?v=1658767462","contentUrl":"https:\/\/redenoticiaz.com.br\/ribeiraopreto-regiao\/wp-content\/uploads\/sites\/4\/2022\/07\/shutterstock-2028894317-scaled.jpg?v=1658767462","width":1920,"height":781,"caption":"Cr\u00e9ditos: Divulga\u00e7\u00e3o"},{"@type":"WebSite","@id":"https:\/\/redenoticiaz.com.br\/ribeiraopreto-regiao\/#website","url":"https:\/\/redenoticiaz.com.br\/ribeiraopreto-regiao\/","name":"Ribeir\u00e3o Preto e Regi\u00e3o","description":"Rede NoticiaZ - Ribeir\u00e3o Preto e regi\u00e3o","publisher":{"@id":"https:\/\/redenoticiaz.com.br\/ribeiraopreto-regiao\/#organization"},"potentialAction":[{"@type":"SearchAction","target":{"@type":"EntryPoint","urlTemplate":"https:\/\/redenoticiaz.com.br\/ribeiraopreto-regiao\/?s={search_term_string}"},"query-input":{"@type":"PropertyValueSpecification","valueRequired":true,"valueName":"search_term_string"}}],"inLanguage":"pt-BR"},{"@type":"Organization","@id":"https:\/\/redenoticiaz.com.br\/ribeiraopreto-regiao\/#organization","name":"Ribeir\u00e3o Preto e Regi\u00e3o","url":"https:\/\/redenoticiaz.com.br\/ribeiraopreto-regiao\/","logo":{"@type":"ImageObject","inLanguage":"pt-BR","@id":"https:\/\/redenoticiaz.com.br\/ribeiraopreto-regiao\/#\/schema\/logo\/image\/","url":"https:\/\/redenoticiaz.com.br\/barretos-regiao\/wp-content\/uploads\/sites\/4\/2022\/02\/logo.jpg","contentUrl":"https:\/\/redenoticiaz.com.br\/barretos-regiao\/wp-content\/uploads\/sites\/4\/2022\/02\/logo.jpg","width":400,"height":250,"caption":"Ribeir\u00e3o Preto e Regi\u00e3o"},"image":{"@id":"https:\/\/redenoticiaz.com.br\/ribeiraopreto-regiao\/#\/schema\/logo\/image\/"},"sameAs":["https:\/\/m.facebook.com\/redenoticiaz.barretos","https:\/\/x.com\/RN_barretos","https:\/\/www.instagram.com\/redenoticiaz.barretos\/?igshid=YmMyMTA2M2Y","https:\/\/www.linkedin.com\/company\/rede-noticiaz-barretos-e-regio\/"]},{"@type":"Person","@id":"https:\/\/redenoticiaz.com.br\/ribeiraopreto-regiao\/#\/schema\/person\/0f0b8a5bdafefe82841e07ae8d81ecb3","name":"Leonardo Francisco","image":{"@type":"ImageObject","inLanguage":"pt-BR","@id":"https:\/\/secure.gravatar.com\/avatar\/a7358cb406a99b682ec6df1e77e31ae82e63601f6784e8a3df411d72b37864da?s=96&d=mm&r=g","url":"https:\/\/secure.gravatar.com\/avatar\/a7358cb406a99b682ec6df1e77e31ae82e63601f6784e8a3df411d72b37864da?s=96&d=mm&r=g","contentUrl":"https:\/\/secure.gravatar.com\/avatar\/a7358cb406a99b682ec6df1e77e31ae82e63601f6784e8a3df411d72b37864da?s=96&d=mm&r=g","caption":"Leonardo Francisco"},"url":"https:\/\/redenoticiaz.com.br\/ribeiraopreto-regiao\/sp\/author\/leonardo-francisco"}]}},"_links":{"self":[{"href":"https:\/\/redenoticiaz.com.br\/ribeiraopreto-regiao\/wp-json\/wp\/v2\/posts\/88794","targetHints":{"allow":["GET"]}}],"collection":[{"href":"https:\/\/redenoticiaz.com.br\/ribeiraopreto-regiao\/wp-json\/wp\/v2\/posts"}],"about":[{"href":"https:\/\/redenoticiaz.com.br\/ribeiraopreto-regiao\/wp-json\/wp\/v2\/types\/post"}],"author":[{"embeddable":true,"href":"https:\/\/redenoticiaz.com.br\/ribeiraopreto-regiao\/wp-json\/wp\/v2\/users\/6"}],"replies":[{"embeddable":true,"href":"https:\/\/redenoticiaz.com.br\/ribeiraopreto-regiao\/wp-json\/wp\/v2\/comments?post=88794"}],"version-history":[{"count":0,"href":"https:\/\/redenoticiaz.com.br\/ribeiraopreto-regiao\/wp-json\/wp\/v2\/posts\/88794\/revisions"}],"wp:featuredmedia":[{"embeddable":true,"href":"https:\/\/redenoticiaz.com.br\/ribeiraopreto-regiao\/wp-json\/wp\/v2\/media\/88795"}],"wp:attachment":[{"href":"https:\/\/redenoticiaz.com.br\/ribeiraopreto-regiao\/wp-json\/wp\/v2\/media?parent=88794"}],"wp:term":[{"taxonomy":"category","embeddable":true,"href":"https:\/\/redenoticiaz.com.br\/ribeiraopreto-regiao\/wp-json\/wp\/v2\/categories?post=88794"},{"taxonomy":"post_tag","embeddable":true,"href":"https:\/\/redenoticiaz.com.br\/ribeiraopreto-regiao\/wp-json\/wp\/v2\/tags?post=88794"}],"curies":[{"name":"wp","href":"https:\/\/api.w.org\/{rel}","templated":true}]}}