{"id":88830,"date":"2022-07-25T15:39:52","date_gmt":"2022-07-25T18:39:52","guid":{"rendered":"https:\/\/redenoticiaz.com.br\/barretos-regiao\/sp\/2022\/07\/25\/mulher-de-15-metro-entra-na-justica-por-ser-baixa-na-alemanha"},"modified":"2022-07-25T15:40:42","modified_gmt":"2022-07-25T18:40:42","slug":"mulher-de-15-metro-entra-na-justica-por-ser-baixa-na-alemanha","status":"publish","type":"post","link":"https:\/\/redenoticiaz.com.br\/ribeiraopreto-regiao\/sp\/2022\/07\/25\/mulher-de-15-metro-entra-na-justica-por-ser-baixa-na-alemanha","title":{"rendered":"Mulher de 1,5 metro entra na Justi\u00e7a por ser baixa na Alemanha"},"content":{"rendered":"<p>Em Bremen, na Alemanha, uma mulher acionou o plano de sa\u00fade para ter direito a uma cirurgia de alongamento de membros, nesta \u00faltima semana.<\/p>\n<p>A mulher alegou que sofria de s\u00edndrome de Noonan \u2013 uma condi\u00e7\u00e3o gen\u00e9tica que impede o desenvolvimento de partes do corpo.<\/p>\n<p>Ela declarou que sua empresa deveria pagar por um tratamento, j\u00e1 que ela tem apenas um metro e meio de altura.<\/p>\n<p>Ent\u00e3o, ap\u00f3s entrar na Justi\u00e7a, o tribunal de Bremen n\u00e3o atendeu ao pedido da mulher, alegando que ter baixa estatura n\u00e3o era uma doen\u00e7a, e que n\u00e3o representava uma deforma\u00e7\u00e3o em termos legais.<\/p>\n<div class=\"mc-column content-text active-extra-styles \" data-block-type=\"unstyled\" data-block-weight=\"22\" data-block-id=\"4\">\n<blockquote>\n<p class=\"content-text__container \" data-track-category=\"Link no Texto\" data-track-links=\"\">&#8220;O alongamento da perna por si s\u00f3 n\u00e3o era suficiente para justificar esta cirurgia invasiva&#8221;<\/p>\n<\/blockquote>\n<div class=\"mc-column content-text active-extra-styles \" data-block-type=\"unstyled\" data-block-weight=\"32\" data-block-id=\"12\">\n<p class=\"content-text__container \" data-track-category=\"Link no Texto\" data-track-links=\"\">Sendo assim, foi decidido que os problemas da mulher poderiam ser remediadas com um servi\u00e7o de assist\u00eancia, de acordo com o tribunal, e suas quest\u00f5es psicol\u00f3gicas tamb\u00e9m poderiam ser tratadas com terapia.<\/p>\n<p data-track-category=\"Link no Texto\" data-track-links=\"\">Leia mais<\/p>\n<p data-track-category=\"Link no Texto\" data-track-links=\"\"><a href=\"https:\/\/redenoticiaz.com.br\/blog\/2022\/04\/17\/modinha-pesquisa-traz-dados-e-curiosidades-sobre-comunicadores-e-podcast\">Modinha? Pesquisa traz dados e curiosidades sobre comunicadores e podcast<\/a><\/p>\n<\/div>\n<div class=\"mc-column content-text active-extra-styles \" data-block-type=\"unstyled\" data-block-weight=\"28\" data-block-id=\"13\"><\/div>\n<\/div>\n","protected":false},"excerpt":{"rendered":"<p>Em Bremen, na Alemanha, uma mulher acionou o plano de sa\u00fade para ter direito a uma cirurgia de alongamento de membros, nesta \u00faltima semana. A mulher alegou que sofria de s\u00edndrome de Noonan \u2013 uma condi\u00e7\u00e3o gen\u00e9tica que impede o desenvolvimento de partes do corpo. Ela declarou que sua empresa deveria pagar por um tratamento, &hellip;<\/p>\n","protected":false},"author":12,"featured_media":88831,"comment_status":"open","ping_status":"closed","sticky":false,"template":"","format":"standard","meta":{"footnotes":""},"categories":[815,683],"tags":[19210,19211,19212,19213],"class_list":["post-88830","post","type-post","status-publish","format-standard","has-post-thumbnail","hentry","category-cultura-e-musica","category-justica","tag-alemanha","tag-bremen","tag-mulher-baixa","tag-noonan"],"yoast_head":"<!-- This site is optimized with the Yoast SEO plugin v27.4 - https:\/\/yoast.com\/product\/yoast-seo-wordpress\/ -->\n<title>Mulher de 1,5 metro entra na Justi\u00e7a por ser baixa na Alemanha - Ribeir\u00e3o Preto e Regi\u00e3o<\/title>\n<meta name=\"description\" content=\"Em Bremen, na Alemanha, uma mulher acionou o plano de sa\u00fade para ter direito a uma cirurgia de alongamento de membros.\" \/>\n<meta name=\"robots\" content=\"index, follow, max-snippet:-1, max-image-preview:large, max-video-preview:-1\" \/>\n<link rel=\"canonical\" href=\"https:\/\/redenoticiaz.com.br\/ribeiraopreto-regiao\/sp\/2022\/07\/25\/mulher-de-15-metro-entra-na-justica-por-ser-baixa-na-alemanha\" \/>\n<meta property=\"og:locale\" content=\"pt_BR\" \/>\n<meta property=\"og:type\" content=\"article\" \/>\n<meta property=\"og:title\" content=\"Mulher de 1,5 metro entra na Justi\u00e7a por ser baixa na Alemanha - Ribeir\u00e3o Preto e Regi\u00e3o\" \/>\n<meta property=\"og:description\" content=\"Em Bremen, na Alemanha, uma mulher acionou o plano de sa\u00fade para ter direito a uma cirurgia de alongamento de membros.\" \/>\n<meta property=\"og:url\" content=\"https:\/\/redenoticiaz.com.br\/ribeiraopreto-regiao\/sp\/2022\/07\/25\/mulher-de-15-metro-entra-na-justica-por-ser-baixa-na-alemanha\" \/>\n<meta property=\"og:site_name\" content=\"Ribeir\u00e3o Preto e Regi\u00e3o\" \/>\n<meta property=\"article:publisher\" content=\"https:\/\/m.facebook.com\/redenoticiaz.barretos\" \/>\n<meta property=\"article:published_time\" content=\"2022-07-25T18:39:52+00:00\" \/>\n<meta property=\"article:modified_time\" content=\"2022-07-25T18:40:42+00:00\" \/>\n<meta property=\"og:image\" content=\"https:\/\/redenoticiaz.com.br\/ribeiraopreto-regiao\/wp-content\/uploads\/sites\/4\/2022\/07\/baixinhas-vivem-mais-temp-1366x728-1.jpg?v=1658774350\" \/>\n\t<meta property=\"og:image:width\" content=\"1366\" \/>\n\t<meta property=\"og:image:height\" content=\"728\" \/>\n\t<meta property=\"og:image:type\" content=\"image\/jpeg\" \/>\n<meta name=\"author\" content=\"Gustavo Silva\" \/>\n<meta name=\"twitter:card\" content=\"summary_large_image\" \/>\n<meta name=\"twitter:creator\" content=\"@RN_barretos\" \/>\n<meta name=\"twitter:site\" content=\"@RN_barretos\" \/>\n<meta name=\"twitter:label1\" content=\"Escrito por\" \/>\n\t<meta name=\"twitter:data1\" content=\"Gustavo Silva\" \/>\n\t<meta name=\"twitter:label2\" content=\"Est. tempo de leitura\" \/>\n\t<meta name=\"twitter:data2\" content=\"1 minuto\" \/>\n<script type=\"application\/ld+json\" class=\"yoast-schema-graph\">{\"@context\":\"https:\\\/\\\/schema.org\",\"@graph\":[{\"@type\":\"Article\",\"@id\":\"https:\\\/\\\/redenoticiaz.com.br\\\/ribeiraopreto-regiao\\\/sp\\\/2022\\\/07\\\/25\\\/mulher-de-15-metro-entra-na-justica-por-ser-baixa-na-alemanha#article\",\"isPartOf\":{\"@id\":\"https:\\\/\\\/redenoticiaz.com.br\\\/ribeiraopreto-regiao\\\/sp\\\/2022\\\/07\\\/25\\\/mulher-de-15-metro-entra-na-justica-por-ser-baixa-na-alemanha\"},\"author\":{\"name\":\"Gustavo Silva\",\"@id\":\"https:\\\/\\\/redenoticiaz.com.br\\\/ribeiraopreto-regiao\\\/#\\\/schema\\\/person\\\/16057b37a3c0ee6b096d7f887c566e2e\"},\"headline\":\"Mulher de 1,5 metro entra na Justi\u00e7a por ser baixa na Alemanha\",\"datePublished\":\"2022-07-25T18:39:52+00:00\",\"dateModified\":\"2022-07-25T18:40:42+00:00\",\"mainEntityOfPage\":{\"@id\":\"https:\\\/\\\/redenoticiaz.com.br\\\/ribeiraopreto-regiao\\\/sp\\\/2022\\\/07\\\/25\\\/mulher-de-15-metro-entra-na-justica-por-ser-baixa-na-alemanha\"},\"wordCount\":187,\"commentCount\":0,\"publisher\":{\"@id\":\"https:\\\/\\\/redenoticiaz.com.br\\\/ribeiraopreto-regiao\\\/#organization\"},\"image\":{\"@id\":\"https:\\\/\\\/redenoticiaz.com.br\\\/ribeiraopreto-regiao\\\/sp\\\/2022\\\/07\\\/25\\\/mulher-de-15-metro-entra-na-justica-por-ser-baixa-na-alemanha#primaryimage\"},\"thumbnailUrl\":\"https:\\\/\\\/redenoticiaz.com.br\\\/ribeiraopreto-regiao\\\/wp-content\\\/uploads\\\/sites\\\/4\\\/2022\\\/07\\\/baixinhas-vivem-mais-temp-1366x728-1.jpg?v=1658774350\",\"keywords\":[\"Alemanha\",\"Bremen\",\"mulher baixa\",\"Noonan\"],\"articleSection\":[\"Cultura e M\u00fasica\",\"Justi\u00e7a\"],\"inLanguage\":\"pt-BR\",\"potentialAction\":[{\"@type\":\"CommentAction\",\"name\":\"Comment\",\"target\":[\"https:\\\/\\\/redenoticiaz.com.br\\\/ribeiraopreto-regiao\\\/sp\\\/2022\\\/07\\\/25\\\/mulher-de-15-metro-entra-na-justica-por-ser-baixa-na-alemanha#respond\"]}]},{\"@type\":\"WebPage\",\"@id\":\"https:\\\/\\\/redenoticiaz.com.br\\\/ribeiraopreto-regiao\\\/sp\\\/2022\\\/07\\\/25\\\/mulher-de-15-metro-entra-na-justica-por-ser-baixa-na-alemanha\",\"url\":\"https:\\\/\\\/redenoticiaz.com.br\\\/ribeiraopreto-regiao\\\/sp\\\/2022\\\/07\\\/25\\\/mulher-de-15-metro-entra-na-justica-por-ser-baixa-na-alemanha\",\"name\":\"Mulher de 1,5 metro entra na Justi\u00e7a por ser baixa na Alemanha - Ribeir\u00e3o Preto e Regi\u00e3o\",\"isPartOf\":{\"@id\":\"https:\\\/\\\/redenoticiaz.com.br\\\/ribeiraopreto-regiao\\\/#website\"},\"primaryImageOfPage\":{\"@id\":\"https:\\\/\\\/redenoticiaz.com.br\\\/ribeiraopreto-regiao\\\/sp\\\/2022\\\/07\\\/25\\\/mulher-de-15-metro-entra-na-justica-por-ser-baixa-na-alemanha#primaryimage\"},\"image\":{\"@id\":\"https:\\\/\\\/redenoticiaz.com.br\\\/ribeiraopreto-regiao\\\/sp\\\/2022\\\/07\\\/25\\\/mulher-de-15-metro-entra-na-justica-por-ser-baixa-na-alemanha#primaryimage\"},\"thumbnailUrl\":\"https:\\\/\\\/redenoticiaz.com.br\\\/ribeiraopreto-regiao\\\/wp-content\\\/uploads\\\/sites\\\/4\\\/2022\\\/07\\\/baixinhas-vivem-mais-temp-1366x728-1.jpg?v=1658774350\",\"datePublished\":\"2022-07-25T18:39:52+00:00\",\"dateModified\":\"2022-07-25T18:40:42+00:00\",\"description\":\"Em Bremen, na Alemanha, uma mulher acionou o plano de sa\u00fade para ter direito a uma cirurgia de alongamento de membros.\",\"inLanguage\":\"pt-BR\",\"potentialAction\":[{\"@type\":\"ReadAction\",\"target\":[\"https:\\\/\\\/redenoticiaz.com.br\\\/ribeiraopreto-regiao\\\/sp\\\/2022\\\/07\\\/25\\\/mulher-de-15-metro-entra-na-justica-por-ser-baixa-na-alemanha\"]}]},{\"@type\":\"ImageObject\",\"inLanguage\":\"pt-BR\",\"@id\":\"https:\\\/\\\/redenoticiaz.com.br\\\/ribeiraopreto-regiao\\\/sp\\\/2022\\\/07\\\/25\\\/mulher-de-15-metro-entra-na-justica-por-ser-baixa-na-alemanha#primaryimage\",\"url\":\"https:\\\/\\\/redenoticiaz.com.br\\\/ribeiraopreto-regiao\\\/wp-content\\\/uploads\\\/sites\\\/4\\\/2022\\\/07\\\/baixinhas-vivem-mais-temp-1366x728-1.jpg?v=1658774350\",\"contentUrl\":\"https:\\\/\\\/redenoticiaz.com.br\\\/ribeiraopreto-regiao\\\/wp-content\\\/uploads\\\/sites\\\/4\\\/2022\\\/07\\\/baixinhas-vivem-mais-temp-1366x728-1.jpg?v=1658774350\",\"width\":1366,\"height\":728,\"caption\":\"Mulher de 1,5 metro entra na Justi\u00e7a por ser baixa na Alemanha\"},{\"@type\":\"WebSite\",\"@id\":\"https:\\\/\\\/redenoticiaz.com.br\\\/ribeiraopreto-regiao\\\/#website\",\"url\":\"https:\\\/\\\/redenoticiaz.com.br\\\/ribeiraopreto-regiao\\\/\",\"name\":\"Ribeir\u00e3o Preto e Regi\u00e3o\",\"description\":\"Rede NoticiaZ - Ribeir\u00e3o Preto e regi\u00e3o\",\"publisher\":{\"@id\":\"https:\\\/\\\/redenoticiaz.com.br\\\/ribeiraopreto-regiao\\\/#organization\"},\"potentialAction\":[{\"@type\":\"SearchAction\",\"target\":{\"@type\":\"EntryPoint\",\"urlTemplate\":\"https:\\\/\\\/redenoticiaz.com.br\\\/ribeiraopreto-regiao\\\/?s={search_term_string}\"},\"query-input\":{\"@type\":\"PropertyValueSpecification\",\"valueRequired\":true,\"valueName\":\"search_term_string\"}}],\"inLanguage\":\"pt-BR\"},{\"@type\":\"Organization\",\"@id\":\"https:\\\/\\\/redenoticiaz.com.br\\\/ribeiraopreto-regiao\\\/#organization\",\"name\":\"Ribeir\u00e3o Preto e Regi\u00e3o\",\"url\":\"https:\\\/\\\/redenoticiaz.com.br\\\/ribeiraopreto-regiao\\\/\",\"logo\":{\"@type\":\"ImageObject\",\"inLanguage\":\"pt-BR\",\"@id\":\"https:\\\/\\\/redenoticiaz.com.br\\\/ribeiraopreto-regiao\\\/#\\\/schema\\\/logo\\\/image\\\/\",\"url\":\"https:\\\/\\\/redenoticiaz.com.br\\\/barretos-regiao\\\/wp-content\\\/uploads\\\/sites\\\/4\\\/2022\\\/02\\\/logo.jpg\",\"contentUrl\":\"https:\\\/\\\/redenoticiaz.com.br\\\/barretos-regiao\\\/wp-content\\\/uploads\\\/sites\\\/4\\\/2022\\\/02\\\/logo.jpg\",\"width\":400,\"height\":250,\"caption\":\"Ribeir\u00e3o Preto e Regi\u00e3o\"},\"image\":{\"@id\":\"https:\\\/\\\/redenoticiaz.com.br\\\/ribeiraopreto-regiao\\\/#\\\/schema\\\/logo\\\/image\\\/\"},\"sameAs\":[\"https:\\\/\\\/m.facebook.com\\\/redenoticiaz.barretos\",\"https:\\\/\\\/x.com\\\/RN_barretos\",\"https:\\\/\\\/www.instagram.com\\\/redenoticiaz.barretos\\\/?igshid=YmMyMTA2M2Y\",\"https:\\\/\\\/www.linkedin.com\\\/company\\\/rede-noticiaz-barretos-e-regio\\\/\"]},{\"@type\":\"Person\",\"@id\":\"https:\\\/\\\/redenoticiaz.com.br\\\/ribeiraopreto-regiao\\\/#\\\/schema\\\/person\\\/16057b37a3c0ee6b096d7f887c566e2e\",\"name\":\"Gustavo Silva\",\"image\":{\"@type\":\"ImageObject\",\"inLanguage\":\"pt-BR\",\"@id\":\"https:\\\/\\\/secure.gravatar.com\\\/avatar\\\/3ee4e82f93b26de0a7cf4ea5eb7893da637ed6bb0c9170c58065944c56e28a33?s=96&d=mm&r=g\",\"url\":\"https:\\\/\\\/secure.gravatar.com\\\/avatar\\\/3ee4e82f93b26de0a7cf4ea5eb7893da637ed6bb0c9170c58065944c56e28a33?s=96&d=mm&r=g\",\"contentUrl\":\"https:\\\/\\\/secure.gravatar.com\\\/avatar\\\/3ee4e82f93b26de0a7cf4ea5eb7893da637ed6bb0c9170c58065944c56e28a33?s=96&d=mm&r=g\",\"caption\":\"Gustavo Silva\"},\"url\":\"https:\\\/\\\/redenoticiaz.com.br\\\/ribeiraopreto-regiao\\\/sp\\\/author\\\/gustavosilva\"}]}<\/script>\n<!-- \/ Yoast SEO plugin. -->","yoast_head_json":{"title":"Mulher de 1,5 metro entra na Justi\u00e7a por ser baixa na Alemanha - Ribeir\u00e3o Preto e Regi\u00e3o","description":"Em Bremen, na Alemanha, uma mulher acionou o plano de sa\u00fade para ter direito a uma cirurgia de alongamento de membros.","robots":{"index":"index","follow":"follow","max-snippet":"max-snippet:-1","max-image-preview":"max-image-preview:large","max-video-preview":"max-video-preview:-1"},"canonical":"https:\/\/redenoticiaz.com.br\/ribeiraopreto-regiao\/sp\/2022\/07\/25\/mulher-de-15-metro-entra-na-justica-por-ser-baixa-na-alemanha","og_locale":"pt_BR","og_type":"article","og_title":"Mulher de 1,5 metro entra na Justi\u00e7a por ser baixa na Alemanha - Ribeir\u00e3o Preto e Regi\u00e3o","og_description":"Em Bremen, na Alemanha, uma mulher acionou o plano de sa\u00fade para ter direito a uma cirurgia de alongamento de membros.","og_url":"https:\/\/redenoticiaz.com.br\/ribeiraopreto-regiao\/sp\/2022\/07\/25\/mulher-de-15-metro-entra-na-justica-por-ser-baixa-na-alemanha","og_site_name":"Ribeir\u00e3o Preto e Regi\u00e3o","article_publisher":"https:\/\/m.facebook.com\/redenoticiaz.barretos","article_published_time":"2022-07-25T18:39:52+00:00","article_modified_time":"2022-07-25T18:40:42+00:00","og_image":[{"width":1366,"height":728,"url":"https:\/\/redenoticiaz.com.br\/ribeiraopreto-regiao\/wp-content\/uploads\/sites\/4\/2022\/07\/baixinhas-vivem-mais-temp-1366x728-1.jpg?v=1658774350","type":"image\/jpeg"}],"author":"Gustavo Silva","twitter_card":"summary_large_image","twitter_creator":"@RN_barretos","twitter_site":"@RN_barretos","twitter_misc":{"Escrito por":"Gustavo Silva","Est. tempo de leitura":"1 minuto"},"schema":{"@context":"https:\/\/schema.org","@graph":[{"@type":"Article","@id":"https:\/\/redenoticiaz.com.br\/ribeiraopreto-regiao\/sp\/2022\/07\/25\/mulher-de-15-metro-entra-na-justica-por-ser-baixa-na-alemanha#article","isPartOf":{"@id":"https:\/\/redenoticiaz.com.br\/ribeiraopreto-regiao\/sp\/2022\/07\/25\/mulher-de-15-metro-entra-na-justica-por-ser-baixa-na-alemanha"},"author":{"name":"Gustavo Silva","@id":"https:\/\/redenoticiaz.com.br\/ribeiraopreto-regiao\/#\/schema\/person\/16057b37a3c0ee6b096d7f887c566e2e"},"headline":"Mulher de 1,5 metro entra na Justi\u00e7a por ser baixa na Alemanha","datePublished":"2022-07-25T18:39:52+00:00","dateModified":"2022-07-25T18:40:42+00:00","mainEntityOfPage":{"@id":"https:\/\/redenoticiaz.com.br\/ribeiraopreto-regiao\/sp\/2022\/07\/25\/mulher-de-15-metro-entra-na-justica-por-ser-baixa-na-alemanha"},"wordCount":187,"commentCount":0,"publisher":{"@id":"https:\/\/redenoticiaz.com.br\/ribeiraopreto-regiao\/#organization"},"image":{"@id":"https:\/\/redenoticiaz.com.br\/ribeiraopreto-regiao\/sp\/2022\/07\/25\/mulher-de-15-metro-entra-na-justica-por-ser-baixa-na-alemanha#primaryimage"},"thumbnailUrl":"https:\/\/redenoticiaz.com.br\/ribeiraopreto-regiao\/wp-content\/uploads\/sites\/4\/2022\/07\/baixinhas-vivem-mais-temp-1366x728-1.jpg?v=1658774350","keywords":["Alemanha","Bremen","mulher baixa","Noonan"],"articleSection":["Cultura e M\u00fasica","Justi\u00e7a"],"inLanguage":"pt-BR","potentialAction":[{"@type":"CommentAction","name":"Comment","target":["https:\/\/redenoticiaz.com.br\/ribeiraopreto-regiao\/sp\/2022\/07\/25\/mulher-de-15-metro-entra-na-justica-por-ser-baixa-na-alemanha#respond"]}]},{"@type":"WebPage","@id":"https:\/\/redenoticiaz.com.br\/ribeiraopreto-regiao\/sp\/2022\/07\/25\/mulher-de-15-metro-entra-na-justica-por-ser-baixa-na-alemanha","url":"https:\/\/redenoticiaz.com.br\/ribeiraopreto-regiao\/sp\/2022\/07\/25\/mulher-de-15-metro-entra-na-justica-por-ser-baixa-na-alemanha","name":"Mulher de 1,5 metro entra na Justi\u00e7a por ser baixa na Alemanha - Ribeir\u00e3o Preto e Regi\u00e3o","isPartOf":{"@id":"https:\/\/redenoticiaz.com.br\/ribeiraopreto-regiao\/#website"},"primaryImageOfPage":{"@id":"https:\/\/redenoticiaz.com.br\/ribeiraopreto-regiao\/sp\/2022\/07\/25\/mulher-de-15-metro-entra-na-justica-por-ser-baixa-na-alemanha#primaryimage"},"image":{"@id":"https:\/\/redenoticiaz.com.br\/ribeiraopreto-regiao\/sp\/2022\/07\/25\/mulher-de-15-metro-entra-na-justica-por-ser-baixa-na-alemanha#primaryimage"},"thumbnailUrl":"https:\/\/redenoticiaz.com.br\/ribeiraopreto-regiao\/wp-content\/uploads\/sites\/4\/2022\/07\/baixinhas-vivem-mais-temp-1366x728-1.jpg?v=1658774350","datePublished":"2022-07-25T18:39:52+00:00","dateModified":"2022-07-25T18:40:42+00:00","description":"Em Bremen, na Alemanha, uma mulher acionou o plano de sa\u00fade para ter direito a uma cirurgia de alongamento de membros.","inLanguage":"pt-BR","potentialAction":[{"@type":"ReadAction","target":["https:\/\/redenoticiaz.com.br\/ribeiraopreto-regiao\/sp\/2022\/07\/25\/mulher-de-15-metro-entra-na-justica-por-ser-baixa-na-alemanha"]}]},{"@type":"ImageObject","inLanguage":"pt-BR","@id":"https:\/\/redenoticiaz.com.br\/ribeiraopreto-regiao\/sp\/2022\/07\/25\/mulher-de-15-metro-entra-na-justica-por-ser-baixa-na-alemanha#primaryimage","url":"https:\/\/redenoticiaz.com.br\/ribeiraopreto-regiao\/wp-content\/uploads\/sites\/4\/2022\/07\/baixinhas-vivem-mais-temp-1366x728-1.jpg?v=1658774350","contentUrl":"https:\/\/redenoticiaz.com.br\/ribeiraopreto-regiao\/wp-content\/uploads\/sites\/4\/2022\/07\/baixinhas-vivem-mais-temp-1366x728-1.jpg?v=1658774350","width":1366,"height":728,"caption":"Mulher de 1,5 metro entra na Justi\u00e7a por ser baixa na Alemanha"},{"@type":"WebSite","@id":"https:\/\/redenoticiaz.com.br\/ribeiraopreto-regiao\/#website","url":"https:\/\/redenoticiaz.com.br\/ribeiraopreto-regiao\/","name":"Ribeir\u00e3o Preto e Regi\u00e3o","description":"Rede NoticiaZ - Ribeir\u00e3o Preto e regi\u00e3o","publisher":{"@id":"https:\/\/redenoticiaz.com.br\/ribeiraopreto-regiao\/#organization"},"potentialAction":[{"@type":"SearchAction","target":{"@type":"EntryPoint","urlTemplate":"https:\/\/redenoticiaz.com.br\/ribeiraopreto-regiao\/?s={search_term_string}"},"query-input":{"@type":"PropertyValueSpecification","valueRequired":true,"valueName":"search_term_string"}}],"inLanguage":"pt-BR"},{"@type":"Organization","@id":"https:\/\/redenoticiaz.com.br\/ribeiraopreto-regiao\/#organization","name":"Ribeir\u00e3o Preto e Regi\u00e3o","url":"https:\/\/redenoticiaz.com.br\/ribeiraopreto-regiao\/","logo":{"@type":"ImageObject","inLanguage":"pt-BR","@id":"https:\/\/redenoticiaz.com.br\/ribeiraopreto-regiao\/#\/schema\/logo\/image\/","url":"https:\/\/redenoticiaz.com.br\/barretos-regiao\/wp-content\/uploads\/sites\/4\/2022\/02\/logo.jpg","contentUrl":"https:\/\/redenoticiaz.com.br\/barretos-regiao\/wp-content\/uploads\/sites\/4\/2022\/02\/logo.jpg","width":400,"height":250,"caption":"Ribeir\u00e3o Preto e Regi\u00e3o"},"image":{"@id":"https:\/\/redenoticiaz.com.br\/ribeiraopreto-regiao\/#\/schema\/logo\/image\/"},"sameAs":["https:\/\/m.facebook.com\/redenoticiaz.barretos","https:\/\/x.com\/RN_barretos","https:\/\/www.instagram.com\/redenoticiaz.barretos\/?igshid=YmMyMTA2M2Y","https:\/\/www.linkedin.com\/company\/rede-noticiaz-barretos-e-regio\/"]},{"@type":"Person","@id":"https:\/\/redenoticiaz.com.br\/ribeiraopreto-regiao\/#\/schema\/person\/16057b37a3c0ee6b096d7f887c566e2e","name":"Gustavo Silva","image":{"@type":"ImageObject","inLanguage":"pt-BR","@id":"https:\/\/secure.gravatar.com\/avatar\/3ee4e82f93b26de0a7cf4ea5eb7893da637ed6bb0c9170c58065944c56e28a33?s=96&d=mm&r=g","url":"https:\/\/secure.gravatar.com\/avatar\/3ee4e82f93b26de0a7cf4ea5eb7893da637ed6bb0c9170c58065944c56e28a33?s=96&d=mm&r=g","contentUrl":"https:\/\/secure.gravatar.com\/avatar\/3ee4e82f93b26de0a7cf4ea5eb7893da637ed6bb0c9170c58065944c56e28a33?s=96&d=mm&r=g","caption":"Gustavo Silva"},"url":"https:\/\/redenoticiaz.com.br\/ribeiraopreto-regiao\/sp\/author\/gustavosilva"}]}},"_links":{"self":[{"href":"https:\/\/redenoticiaz.com.br\/ribeiraopreto-regiao\/wp-json\/wp\/v2\/posts\/88830","targetHints":{"allow":["GET"]}}],"collection":[{"href":"https:\/\/redenoticiaz.com.br\/ribeiraopreto-regiao\/wp-json\/wp\/v2\/posts"}],"about":[{"href":"https:\/\/redenoticiaz.com.br\/ribeiraopreto-regiao\/wp-json\/wp\/v2\/types\/post"}],"author":[{"embeddable":true,"href":"https:\/\/redenoticiaz.com.br\/ribeiraopreto-regiao\/wp-json\/wp\/v2\/users\/12"}],"replies":[{"embeddable":true,"href":"https:\/\/redenoticiaz.com.br\/ribeiraopreto-regiao\/wp-json\/wp\/v2\/comments?post=88830"}],"version-history":[{"count":0,"href":"https:\/\/redenoticiaz.com.br\/ribeiraopreto-regiao\/wp-json\/wp\/v2\/posts\/88830\/revisions"}],"wp:featuredmedia":[{"embeddable":true,"href":"https:\/\/redenoticiaz.com.br\/ribeiraopreto-regiao\/wp-json\/wp\/v2\/media\/88831"}],"wp:attachment":[{"href":"https:\/\/redenoticiaz.com.br\/ribeiraopreto-regiao\/wp-json\/wp\/v2\/media?parent=88830"}],"wp:term":[{"taxonomy":"category","embeddable":true,"href":"https:\/\/redenoticiaz.com.br\/ribeiraopreto-regiao\/wp-json\/wp\/v2\/categories?post=88830"},{"taxonomy":"post_tag","embeddable":true,"href":"https:\/\/redenoticiaz.com.br\/ribeiraopreto-regiao\/wp-json\/wp\/v2\/tags?post=88830"}],"curies":[{"name":"wp","href":"https:\/\/api.w.org\/{rel}","templated":true}]}}