{"id":88837,"date":"2022-07-25T16:46:48","date_gmt":"2022-07-25T19:46:48","guid":{"rendered":"https:\/\/redenoticiaz.com.br\/barretos-regiao\/?p=88837"},"modified":"2022-07-25T16:46:48","modified_gmt":"2022-07-25T19:46:48","slug":"coreto-da-praca-matriz-em-olimpia-tera-show-com-artes-circenses","status":"publish","type":"post","link":"https:\/\/redenoticiaz.com.br\/ribeiraopreto-regiao\/sp\/2022\/07\/25\/coreto-da-praca-matriz-em-olimpia-tera-show-com-artes-circenses","title":{"rendered":"Coreto da Pra\u00e7a Matriz em Ol\u00edmpia ter\u00e1 show com artes circenses"},"content":{"rendered":"<p><span style=\"font-family: arial, sans-serif\">A Est\u00e2ncia Tur\u00edstica de Ol\u00edmpia acaba de ser contemplada pela secretaria de Cultura e Economia Criativa do Governo do Estado, com duas apresenta\u00e7\u00f5es de Show de Circo do Programa de A\u00e7\u00e3o Cultural &#8211; PROAC, com o projeto &#8220;BACKSTAGE por tr\u00e1s das cortinas.&#8221;<\/span><\/p>\n<p><span style=\"font-family: arial, sans-serif\">O projeto apresentado pelo grupo Arena Circus, de S\u00e3o Paulo, uma companhia internacional conhecida como o &#8220;grande circo sem lona&#8221;, \u00e9 um espet\u00e1culo divertido que conta o olhar dos bastidores sobre os percal\u00e7os da equipe para montarem um espet\u00e1culo virtual, com conte\u00fado de cenas abertas dos backstage, ou seja, dos bastidores, entre intrigas e curiosidades, valorizando a import\u00e2ncia da uni\u00e3o em grupo e do respeito ao pr\u00f3ximo.<\/span><\/p>\n<p><span style=\"font-family: arial, sans-serif\">A montagem da pe\u00e7a, lan\u00e7a um olhar divertido sobre o fazer art\u00edstico e as formas com que lidam com essas situa\u00e7\u00f5es com total integra\u00e7\u00e3o do p\u00fablico.<\/span><\/p>\n<p><span style=\"font-family: arial, sans-serif\">Em Ol\u00edmpia, as apresenta\u00e7\u00f5es ser\u00e3o no pr\u00f3ximo s\u00e1bado, dia 30 de julho, em duas edi\u00e7\u00f5es, \u00e0s 14h e \u00e0s 16h, no Coreto da Pra\u00e7a Rui Barbosa, com classifica\u00e7\u00e3o LIVRE e entrada gratuita.<\/span><\/p>\n<p><span style=\"font-family: arial, sans-serif\">Formado por 12 integrantes, o Grupo Arena Circus percorre o Brasil e o exterior com uma agenda regular de shows e oficinas em empresas, escolas, funda\u00e7\u00f5es culturais, institui\u00e7\u00f5es educacionais e grandes eventos. O grupo possui 8 espet\u00e1culos: &#8220;As amazonas&#8221;, &#8220;Brasilidades no Picadeiro&#8221;, &#8220;Fantasy&#8221;, &#8220;Magnific&#8221;, &#8220;Confiance&#8221;, &#8220;Arena Magic Show&#8221;, &#8220;La Gran Arena&#8221; e o mais recente &#8220;BACKSTAGE&#8221;.<\/span><\/p>\n<p><span style=\"font-family: arial, sans-serif\">Para a secretaria de Turismo e Cultura, receber esse espet\u00e1culo \u00e9 mais uma forma de fomentar a cultura e o lazer na cidade e prestigiar a arte circense, que leva tanta alegria e encantamento do mundo do circo a todas as pessoas. Toda popula\u00e7\u00e3o olimpiense, visitantes e turistas est\u00e3o convidados a prestigiar.\u00a0<\/span><\/p>\n<p><strong>VEJA TAMB\u00c9M:\u00a0<a href=\"https:\/\/redenoticiaz.com.br\/barretos-regiao\/sp\/2022\/07\/15\/video-roberto-carlos-surta-e-manda-fa-se-calar-durante-show\">V\u00cdDEO &#8211; Roberto Carlos surta e manda f\u00e3 se calar durante show<\/a><\/strong><\/p>\n","protected":false},"excerpt":{"rendered":"<p>A Est\u00e2ncia Tur\u00edstica de Ol\u00edmpia acaba de ser contemplada pela secretaria de Cultura e Economia Criativa do Governo do Estado, com duas apresenta\u00e7\u00f5es de Show de Circo do Programa de A\u00e7\u00e3o Cultural &#8211; PROAC, com o projeto &#8220;BACKSTAGE por tr\u00e1s das cortinas.&#8221; O projeto apresentado pelo grupo Arena Circus, de S\u00e3o Paulo, uma companhia internacional &hellip;<\/p>\n","protected":false},"author":15,"featured_media":88838,"comment_status":"open","ping_status":"closed","sticky":false,"template":"","format":"standard","meta":{"footnotes":""},"categories":[469],"tags":[3347,19216,19217,2924],"class_list":["post-88837","post","type-post","status-publish","format-standard","has-post-thumbnail","hentry","category-cultura","tag-apresentacao","tag-circo","tag-praca-matriz","tag-projeto"],"yoast_head":"<!-- This site is optimized with the Yoast SEO plugin v27.4 - https:\/\/yoast.com\/product\/yoast-seo-wordpress\/ -->\n<title>Coreto da Pra\u00e7a Matriz em Ol\u00edmpia ter\u00e1 show com artes circenses - Ribeir\u00e3o Preto e Regi\u00e3o<\/title>\n<meta name=\"description\" content=\"Duas apresenta\u00e7\u00f5es de Show de Circo do Programa de A\u00e7\u00e3o Cultural - PROAC, com o projeto &quot;BACKSTAGE por tr\u00e1s das cortinas.&quot;\" \/>\n<meta name=\"robots\" content=\"index, follow, max-snippet:-1, max-image-preview:large, max-video-preview:-1\" \/>\n<link rel=\"canonical\" href=\"https:\/\/redenoticiaz.com.br\/ribeiraopreto-regiao\/sp\/2022\/07\/25\/coreto-da-praca-matriz-em-olimpia-tera-show-com-artes-circenses\" \/>\n<meta property=\"og:locale\" content=\"pt_BR\" \/>\n<meta property=\"og:type\" content=\"article\" \/>\n<meta property=\"og:title\" content=\"Coreto da Pra\u00e7a Matriz em Ol\u00edmpia ter\u00e1 show com artes circenses - Ribeir\u00e3o Preto e Regi\u00e3o\" \/>\n<meta property=\"og:description\" content=\"Duas apresenta\u00e7\u00f5es de Show de Circo do Programa de A\u00e7\u00e3o Cultural - PROAC, com o projeto &quot;BACKSTAGE por tr\u00e1s das cortinas.&quot;\" \/>\n<meta property=\"og:url\" content=\"https:\/\/redenoticiaz.com.br\/ribeiraopreto-regiao\/sp\/2022\/07\/25\/coreto-da-praca-matriz-em-olimpia-tera-show-com-artes-circenses\" \/>\n<meta property=\"og:site_name\" content=\"Ribeir\u00e3o Preto e Regi\u00e3o\" \/>\n<meta property=\"article:publisher\" content=\"https:\/\/m.facebook.com\/redenoticiaz.barretos\" \/>\n<meta property=\"article:published_time\" content=\"2022-07-25T19:46:48+00:00\" \/>\n<meta property=\"og:image\" content=\"https:\/\/redenoticiaz.com.br\/ribeiraopreto-regiao\/wp-content\/uploads\/sites\/4\/2022\/07\/Arena-Circus-4.jpg\" \/>\n\t<meta property=\"og:image:width\" content=\"1040\" \/>\n\t<meta property=\"og:image:height\" content=\"585\" \/>\n\t<meta property=\"og:image:type\" content=\"image\/jpeg\" \/>\n<meta name=\"twitter:card\" content=\"summary_large_image\" \/>\n<meta name=\"twitter:creator\" content=\"@RN_barretos\" \/>\n<meta name=\"twitter:site\" content=\"@RN_barretos\" \/>\n<meta name=\"twitter:label1\" content=\"Escrito por\" \/>\n\t<meta name=\"twitter:data1\" content=\"\" \/>\n\t<meta name=\"twitter:label2\" content=\"Est. tempo de leitura\" \/>\n\t<meta name=\"twitter:data2\" content=\"2 minutos\" \/>\n<script type=\"application\/ld+json\" class=\"yoast-schema-graph\">{\"@context\":\"https:\\\/\\\/schema.org\",\"@graph\":[{\"@type\":\"Article\",\"@id\":\"https:\\\/\\\/redenoticiaz.com.br\\\/ribeiraopreto-regiao\\\/sp\\\/2022\\\/07\\\/25\\\/coreto-da-praca-matriz-em-olimpia-tera-show-com-artes-circenses#article\",\"isPartOf\":{\"@id\":\"https:\\\/\\\/redenoticiaz.com.br\\\/ribeiraopreto-regiao\\\/sp\\\/2022\\\/07\\\/25\\\/coreto-da-praca-matriz-em-olimpia-tera-show-com-artes-circenses\"},\"author\":{\"name\":\"\",\"@id\":\"\"},\"headline\":\"Coreto da Pra\u00e7a Matriz em Ol\u00edmpia ter\u00e1 show com artes circenses\",\"datePublished\":\"2022-07-25T19:46:48+00:00\",\"mainEntityOfPage\":{\"@id\":\"https:\\\/\\\/redenoticiaz.com.br\\\/ribeiraopreto-regiao\\\/sp\\\/2022\\\/07\\\/25\\\/coreto-da-praca-matriz-em-olimpia-tera-show-com-artes-circenses\"},\"wordCount\":332,\"commentCount\":0,\"publisher\":{\"@id\":\"https:\\\/\\\/redenoticiaz.com.br\\\/ribeiraopreto-regiao\\\/#organization\"},\"image\":{\"@id\":\"https:\\\/\\\/redenoticiaz.com.br\\\/ribeiraopreto-regiao\\\/sp\\\/2022\\\/07\\\/25\\\/coreto-da-praca-matriz-em-olimpia-tera-show-com-artes-circenses#primaryimage\"},\"thumbnailUrl\":\"https:\\\/\\\/redenoticiaz.com.br\\\/ribeiraopreto-regiao\\\/wp-content\\\/uploads\\\/sites\\\/4\\\/2022\\\/07\\\/Arena-Circus-4.jpg\",\"keywords\":[\"APRESENTA\u00c7\u00c3O\",\"CIRCO\",\"PRA\u00c7A MATRIZ\",\"PROJETO\"],\"articleSection\":[\"Cultura\"],\"inLanguage\":\"pt-BR\",\"potentialAction\":[{\"@type\":\"CommentAction\",\"name\":\"Comment\",\"target\":[\"https:\\\/\\\/redenoticiaz.com.br\\\/ribeiraopreto-regiao\\\/sp\\\/2022\\\/07\\\/25\\\/coreto-da-praca-matriz-em-olimpia-tera-show-com-artes-circenses#respond\"]}]},{\"@type\":\"WebPage\",\"@id\":\"https:\\\/\\\/redenoticiaz.com.br\\\/ribeiraopreto-regiao\\\/sp\\\/2022\\\/07\\\/25\\\/coreto-da-praca-matriz-em-olimpia-tera-show-com-artes-circenses\",\"url\":\"https:\\\/\\\/redenoticiaz.com.br\\\/ribeiraopreto-regiao\\\/sp\\\/2022\\\/07\\\/25\\\/coreto-da-praca-matriz-em-olimpia-tera-show-com-artes-circenses\",\"name\":\"Coreto da Pra\u00e7a Matriz em Ol\u00edmpia ter\u00e1 show com artes circenses - Ribeir\u00e3o Preto e Regi\u00e3o\",\"isPartOf\":{\"@id\":\"https:\\\/\\\/redenoticiaz.com.br\\\/ribeiraopreto-regiao\\\/#website\"},\"primaryImageOfPage\":{\"@id\":\"https:\\\/\\\/redenoticiaz.com.br\\\/ribeiraopreto-regiao\\\/sp\\\/2022\\\/07\\\/25\\\/coreto-da-praca-matriz-em-olimpia-tera-show-com-artes-circenses#primaryimage\"},\"image\":{\"@id\":\"https:\\\/\\\/redenoticiaz.com.br\\\/ribeiraopreto-regiao\\\/sp\\\/2022\\\/07\\\/25\\\/coreto-da-praca-matriz-em-olimpia-tera-show-com-artes-circenses#primaryimage\"},\"thumbnailUrl\":\"https:\\\/\\\/redenoticiaz.com.br\\\/ribeiraopreto-regiao\\\/wp-content\\\/uploads\\\/sites\\\/4\\\/2022\\\/07\\\/Arena-Circus-4.jpg\",\"datePublished\":\"2022-07-25T19:46:48+00:00\",\"description\":\"Duas apresenta\u00e7\u00f5es de Show de Circo do Programa de A\u00e7\u00e3o Cultural - PROAC, com o projeto \\\"BACKSTAGE por tr\u00e1s das cortinas.\\\"\",\"inLanguage\":\"pt-BR\",\"potentialAction\":[{\"@type\":\"ReadAction\",\"target\":[\"https:\\\/\\\/redenoticiaz.com.br\\\/ribeiraopreto-regiao\\\/sp\\\/2022\\\/07\\\/25\\\/coreto-da-praca-matriz-em-olimpia-tera-show-com-artes-circenses\"]}]},{\"@type\":\"ImageObject\",\"inLanguage\":\"pt-BR\",\"@id\":\"https:\\\/\\\/redenoticiaz.com.br\\\/ribeiraopreto-regiao\\\/sp\\\/2022\\\/07\\\/25\\\/coreto-da-praca-matriz-em-olimpia-tera-show-com-artes-circenses#primaryimage\",\"url\":\"https:\\\/\\\/redenoticiaz.com.br\\\/ribeiraopreto-regiao\\\/wp-content\\\/uploads\\\/sites\\\/4\\\/2022\\\/07\\\/Arena-Circus-4.jpg\",\"contentUrl\":\"https:\\\/\\\/redenoticiaz.com.br\\\/ribeiraopreto-regiao\\\/wp-content\\\/uploads\\\/sites\\\/4\\\/2022\\\/07\\\/Arena-Circus-4.jpg\",\"width\":1040,\"height\":585,\"caption\":\"Arena Circus, Cr\u00e9dito: Reprodu\u00e7\u00e3o\"},{\"@type\":\"WebSite\",\"@id\":\"https:\\\/\\\/redenoticiaz.com.br\\\/ribeiraopreto-regiao\\\/#website\",\"url\":\"https:\\\/\\\/redenoticiaz.com.br\\\/ribeiraopreto-regiao\\\/\",\"name\":\"Ribeir\u00e3o Preto e Regi\u00e3o\",\"description\":\"Rede NoticiaZ - Ribeir\u00e3o Preto e regi\u00e3o\",\"publisher\":{\"@id\":\"https:\\\/\\\/redenoticiaz.com.br\\\/ribeiraopreto-regiao\\\/#organization\"},\"potentialAction\":[{\"@type\":\"SearchAction\",\"target\":{\"@type\":\"EntryPoint\",\"urlTemplate\":\"https:\\\/\\\/redenoticiaz.com.br\\\/ribeiraopreto-regiao\\\/?s={search_term_string}\"},\"query-input\":{\"@type\":\"PropertyValueSpecification\",\"valueRequired\":true,\"valueName\":\"search_term_string\"}}],\"inLanguage\":\"pt-BR\"},{\"@type\":\"Organization\",\"@id\":\"https:\\\/\\\/redenoticiaz.com.br\\\/ribeiraopreto-regiao\\\/#organization\",\"name\":\"Ribeir\u00e3o Preto e Regi\u00e3o\",\"url\":\"https:\\\/\\\/redenoticiaz.com.br\\\/ribeiraopreto-regiao\\\/\",\"logo\":{\"@type\":\"ImageObject\",\"inLanguage\":\"pt-BR\",\"@id\":\"https:\\\/\\\/redenoticiaz.com.br\\\/ribeiraopreto-regiao\\\/#\\\/schema\\\/logo\\\/image\\\/\",\"url\":\"https:\\\/\\\/redenoticiaz.com.br\\\/barretos-regiao\\\/wp-content\\\/uploads\\\/sites\\\/4\\\/2022\\\/02\\\/logo.jpg\",\"contentUrl\":\"https:\\\/\\\/redenoticiaz.com.br\\\/barretos-regiao\\\/wp-content\\\/uploads\\\/sites\\\/4\\\/2022\\\/02\\\/logo.jpg\",\"width\":400,\"height\":250,\"caption\":\"Ribeir\u00e3o Preto e Regi\u00e3o\"},\"image\":{\"@id\":\"https:\\\/\\\/redenoticiaz.com.br\\\/ribeiraopreto-regiao\\\/#\\\/schema\\\/logo\\\/image\\\/\"},\"sameAs\":[\"https:\\\/\\\/m.facebook.com\\\/redenoticiaz.barretos\",\"https:\\\/\\\/x.com\\\/RN_barretos\",\"https:\\\/\\\/www.instagram.com\\\/redenoticiaz.barretos\\\/?igshid=YmMyMTA2M2Y\",\"https:\\\/\\\/www.linkedin.com\\\/company\\\/rede-noticiaz-barretos-e-regio\\\/\"]},{\"@type\":\"Person\",\"@id\":\"\",\"url\":\"https:\\\/\\\/redenoticiaz.com.br\\\/ribeiraopreto-regiao\\\/sp\\\/author\"}]}<\/script>\n<!-- \/ Yoast SEO plugin. -->","yoast_head_json":{"title":"Coreto da Pra\u00e7a Matriz em Ol\u00edmpia ter\u00e1 show com artes circenses - Ribeir\u00e3o Preto e Regi\u00e3o","description":"Duas apresenta\u00e7\u00f5es de Show de Circo do Programa de A\u00e7\u00e3o Cultural - PROAC, com o projeto \"BACKSTAGE por tr\u00e1s das cortinas.\"","robots":{"index":"index","follow":"follow","max-snippet":"max-snippet:-1","max-image-preview":"max-image-preview:large","max-video-preview":"max-video-preview:-1"},"canonical":"https:\/\/redenoticiaz.com.br\/ribeiraopreto-regiao\/sp\/2022\/07\/25\/coreto-da-praca-matriz-em-olimpia-tera-show-com-artes-circenses","og_locale":"pt_BR","og_type":"article","og_title":"Coreto da Pra\u00e7a Matriz em Ol\u00edmpia ter\u00e1 show com artes circenses - Ribeir\u00e3o Preto e Regi\u00e3o","og_description":"Duas apresenta\u00e7\u00f5es de Show de Circo do Programa de A\u00e7\u00e3o Cultural - PROAC, com o projeto \"BACKSTAGE por tr\u00e1s das cortinas.\"","og_url":"https:\/\/redenoticiaz.com.br\/ribeiraopreto-regiao\/sp\/2022\/07\/25\/coreto-da-praca-matriz-em-olimpia-tera-show-com-artes-circenses","og_site_name":"Ribeir\u00e3o Preto e Regi\u00e3o","article_publisher":"https:\/\/m.facebook.com\/redenoticiaz.barretos","article_published_time":"2022-07-25T19:46:48+00:00","og_image":[{"width":1040,"height":585,"url":"https:\/\/redenoticiaz.com.br\/ribeiraopreto-regiao\/wp-content\/uploads\/sites\/4\/2022\/07\/Arena-Circus-4.jpg","type":"image\/jpeg"}],"twitter_card":"summary_large_image","twitter_creator":"@RN_barretos","twitter_site":"@RN_barretos","twitter_misc":{"Escrito por":"","Est. tempo de leitura":"2 minutos"},"schema":{"@context":"https:\/\/schema.org","@graph":[{"@type":"Article","@id":"https:\/\/redenoticiaz.com.br\/ribeiraopreto-regiao\/sp\/2022\/07\/25\/coreto-da-praca-matriz-em-olimpia-tera-show-com-artes-circenses#article","isPartOf":{"@id":"https:\/\/redenoticiaz.com.br\/ribeiraopreto-regiao\/sp\/2022\/07\/25\/coreto-da-praca-matriz-em-olimpia-tera-show-com-artes-circenses"},"author":{"name":"","@id":""},"headline":"Coreto da Pra\u00e7a Matriz em Ol\u00edmpia ter\u00e1 show com artes circenses","datePublished":"2022-07-25T19:46:48+00:00","mainEntityOfPage":{"@id":"https:\/\/redenoticiaz.com.br\/ribeiraopreto-regiao\/sp\/2022\/07\/25\/coreto-da-praca-matriz-em-olimpia-tera-show-com-artes-circenses"},"wordCount":332,"commentCount":0,"publisher":{"@id":"https:\/\/redenoticiaz.com.br\/ribeiraopreto-regiao\/#organization"},"image":{"@id":"https:\/\/redenoticiaz.com.br\/ribeiraopreto-regiao\/sp\/2022\/07\/25\/coreto-da-praca-matriz-em-olimpia-tera-show-com-artes-circenses#primaryimage"},"thumbnailUrl":"https:\/\/redenoticiaz.com.br\/ribeiraopreto-regiao\/wp-content\/uploads\/sites\/4\/2022\/07\/Arena-Circus-4.jpg","keywords":["APRESENTA\u00c7\u00c3O","CIRCO","PRA\u00c7A MATRIZ","PROJETO"],"articleSection":["Cultura"],"inLanguage":"pt-BR","potentialAction":[{"@type":"CommentAction","name":"Comment","target":["https:\/\/redenoticiaz.com.br\/ribeiraopreto-regiao\/sp\/2022\/07\/25\/coreto-da-praca-matriz-em-olimpia-tera-show-com-artes-circenses#respond"]}]},{"@type":"WebPage","@id":"https:\/\/redenoticiaz.com.br\/ribeiraopreto-regiao\/sp\/2022\/07\/25\/coreto-da-praca-matriz-em-olimpia-tera-show-com-artes-circenses","url":"https:\/\/redenoticiaz.com.br\/ribeiraopreto-regiao\/sp\/2022\/07\/25\/coreto-da-praca-matriz-em-olimpia-tera-show-com-artes-circenses","name":"Coreto da Pra\u00e7a Matriz em Ol\u00edmpia ter\u00e1 show com artes circenses - Ribeir\u00e3o Preto e Regi\u00e3o","isPartOf":{"@id":"https:\/\/redenoticiaz.com.br\/ribeiraopreto-regiao\/#website"},"primaryImageOfPage":{"@id":"https:\/\/redenoticiaz.com.br\/ribeiraopreto-regiao\/sp\/2022\/07\/25\/coreto-da-praca-matriz-em-olimpia-tera-show-com-artes-circenses#primaryimage"},"image":{"@id":"https:\/\/redenoticiaz.com.br\/ribeiraopreto-regiao\/sp\/2022\/07\/25\/coreto-da-praca-matriz-em-olimpia-tera-show-com-artes-circenses#primaryimage"},"thumbnailUrl":"https:\/\/redenoticiaz.com.br\/ribeiraopreto-regiao\/wp-content\/uploads\/sites\/4\/2022\/07\/Arena-Circus-4.jpg","datePublished":"2022-07-25T19:46:48+00:00","description":"Duas apresenta\u00e7\u00f5es de Show de Circo do Programa de A\u00e7\u00e3o Cultural - PROAC, com o projeto \"BACKSTAGE por tr\u00e1s das cortinas.\"","inLanguage":"pt-BR","potentialAction":[{"@type":"ReadAction","target":["https:\/\/redenoticiaz.com.br\/ribeiraopreto-regiao\/sp\/2022\/07\/25\/coreto-da-praca-matriz-em-olimpia-tera-show-com-artes-circenses"]}]},{"@type":"ImageObject","inLanguage":"pt-BR","@id":"https:\/\/redenoticiaz.com.br\/ribeiraopreto-regiao\/sp\/2022\/07\/25\/coreto-da-praca-matriz-em-olimpia-tera-show-com-artes-circenses#primaryimage","url":"https:\/\/redenoticiaz.com.br\/ribeiraopreto-regiao\/wp-content\/uploads\/sites\/4\/2022\/07\/Arena-Circus-4.jpg","contentUrl":"https:\/\/redenoticiaz.com.br\/ribeiraopreto-regiao\/wp-content\/uploads\/sites\/4\/2022\/07\/Arena-Circus-4.jpg","width":1040,"height":585,"caption":"Arena Circus, Cr\u00e9dito: Reprodu\u00e7\u00e3o"},{"@type":"WebSite","@id":"https:\/\/redenoticiaz.com.br\/ribeiraopreto-regiao\/#website","url":"https:\/\/redenoticiaz.com.br\/ribeiraopreto-regiao\/","name":"Ribeir\u00e3o Preto e Regi\u00e3o","description":"Rede NoticiaZ - Ribeir\u00e3o Preto e regi\u00e3o","publisher":{"@id":"https:\/\/redenoticiaz.com.br\/ribeiraopreto-regiao\/#organization"},"potentialAction":[{"@type":"SearchAction","target":{"@type":"EntryPoint","urlTemplate":"https:\/\/redenoticiaz.com.br\/ribeiraopreto-regiao\/?s={search_term_string}"},"query-input":{"@type":"PropertyValueSpecification","valueRequired":true,"valueName":"search_term_string"}}],"inLanguage":"pt-BR"},{"@type":"Organization","@id":"https:\/\/redenoticiaz.com.br\/ribeiraopreto-regiao\/#organization","name":"Ribeir\u00e3o Preto e Regi\u00e3o","url":"https:\/\/redenoticiaz.com.br\/ribeiraopreto-regiao\/","logo":{"@type":"ImageObject","inLanguage":"pt-BR","@id":"https:\/\/redenoticiaz.com.br\/ribeiraopreto-regiao\/#\/schema\/logo\/image\/","url":"https:\/\/redenoticiaz.com.br\/barretos-regiao\/wp-content\/uploads\/sites\/4\/2022\/02\/logo.jpg","contentUrl":"https:\/\/redenoticiaz.com.br\/barretos-regiao\/wp-content\/uploads\/sites\/4\/2022\/02\/logo.jpg","width":400,"height":250,"caption":"Ribeir\u00e3o Preto e Regi\u00e3o"},"image":{"@id":"https:\/\/redenoticiaz.com.br\/ribeiraopreto-regiao\/#\/schema\/logo\/image\/"},"sameAs":["https:\/\/m.facebook.com\/redenoticiaz.barretos","https:\/\/x.com\/RN_barretos","https:\/\/www.instagram.com\/redenoticiaz.barretos\/?igshid=YmMyMTA2M2Y","https:\/\/www.linkedin.com\/company\/rede-noticiaz-barretos-e-regio\/"]},{"@type":"Person","@id":"","url":"https:\/\/redenoticiaz.com.br\/ribeiraopreto-regiao\/sp\/author"}]}},"_links":{"self":[{"href":"https:\/\/redenoticiaz.com.br\/ribeiraopreto-regiao\/wp-json\/wp\/v2\/posts\/88837","targetHints":{"allow":["GET"]}}],"collection":[{"href":"https:\/\/redenoticiaz.com.br\/ribeiraopreto-regiao\/wp-json\/wp\/v2\/posts"}],"about":[{"href":"https:\/\/redenoticiaz.com.br\/ribeiraopreto-regiao\/wp-json\/wp\/v2\/types\/post"}],"author":[{"embeddable":true,"href":"https:\/\/redenoticiaz.com.br\/ribeiraopreto-regiao\/wp-json\/wp\/v2\/users\/15"}],"replies":[{"embeddable":true,"href":"https:\/\/redenoticiaz.com.br\/ribeiraopreto-regiao\/wp-json\/wp\/v2\/comments?post=88837"}],"version-history":[{"count":1,"href":"https:\/\/redenoticiaz.com.br\/ribeiraopreto-regiao\/wp-json\/wp\/v2\/posts\/88837\/revisions"}],"predecessor-version":[{"id":88839,"href":"https:\/\/redenoticiaz.com.br\/ribeiraopreto-regiao\/wp-json\/wp\/v2\/posts\/88837\/revisions\/88839"}],"wp:featuredmedia":[{"embeddable":true,"href":"https:\/\/redenoticiaz.com.br\/ribeiraopreto-regiao\/wp-json\/wp\/v2\/media\/88838"}],"wp:attachment":[{"href":"https:\/\/redenoticiaz.com.br\/ribeiraopreto-regiao\/wp-json\/wp\/v2\/media?parent=88837"}],"wp:term":[{"taxonomy":"category","embeddable":true,"href":"https:\/\/redenoticiaz.com.br\/ribeiraopreto-regiao\/wp-json\/wp\/v2\/categories?post=88837"},{"taxonomy":"post_tag","embeddable":true,"href":"https:\/\/redenoticiaz.com.br\/ribeiraopreto-regiao\/wp-json\/wp\/v2\/tags?post=88837"}],"curies":[{"name":"wp","href":"https:\/\/api.w.org\/{rel}","templated":true}]}}