{"id":88977,"date":"2022-07-27T16:59:19","date_gmt":"2022-07-27T19:59:19","guid":{"rendered":"https:\/\/redenoticiaz.com.br\/barretos-regiao\/?p=88977"},"modified":"2022-07-27T16:59:19","modified_gmt":"2022-07-27T19:59:19","slug":"empresarios-do-distrito-industrial-ii-comemoram-inicio-de-recapeamento","status":"publish","type":"post","link":"https:\/\/redenoticiaz.com.br\/ribeiraopreto-regiao\/sp\/2022\/07\/27\/empresarios-do-distrito-industrial-ii-comemoram-inicio-de-recapeamento","title":{"rendered":"Empres\u00e1rios do Distrito Industrial II comemoram in\u00edcio de recapeamento"},"content":{"rendered":"<p>As melhorias na malha vi\u00e1ria do Distrito Industrial II j\u00e1 \u00e9 realidade na Est\u00e2ncia Tur\u00edstica de Barretos. Na manh\u00e3 desta ter\u00e7a-feira, 26\/07, a prefeita Paula Lemos, acompanhada dos secret\u00e1rios municipais de Obras e Servi\u00e7os Urbanos, Raul Paganelli, e Planejamento e Desenvolvimento, Carlos Henrique L\u00facio, e um grupo de empres\u00e1rios acompanharam os trabalhos de pavimenta\u00e7\u00e3o do local.<\/p>\n<p><em>&#8220;N\u00f3s decidimos que far\u00edamos todo o recape do Distrito Industrial por que a nossa meta \u00e9 valorizar esses empres\u00e1rios que est\u00e3o aqui, acreditam na nossa cidade, geram emprego e trazer tamb\u00e9m novas empresas para c\u00e1. Com um Distrito recapeado, fazendo a pavimenta\u00e7\u00e3o do linh\u00e3o e a Avenida Alberto Calil, tenho certeza que Barretos vai ser vista pelos empres\u00e1rios com outros olhos&#8221;,<\/em> afirmou a prefeita.<\/p>\n<h4><b>Primeiro recape em mais de 20 anos<\/b><\/h4>\n<p>O empres\u00e1rio Jo\u00e3o Carlos Thomazatti, propriet\u00e1rio da f\u00e1brica de facas e canivetes Zebu, instalada no Distrito Industrial II h\u00e1 mais de 20 anos, afirmou que o local nunca havia sido recapeado. <em>&#8220;S\u00e3o 25 anos e nunca houve recape, simplesmente o primeiro asfalto e muito buraco&#8221;, disse. Ele agradeceu a realiza\u00e7\u00e3o dos servi\u00e7os e disse se sentir mais animado para crescer. &#8220;A gente est\u00e1 muito agradecido \u00e0 prefeitura, \u00e0 Paula, por esse recape que nunca foi feito. A gente estava aqui totalmente nos buracos e essa melhoria no distrito significa bastante&#8221;<\/em>, contou.<\/p>\n<p>Leonardo Leite, da empresa Flora N\u00e9ctar, agradeceu o esfor\u00e7o da prefeita Paula para melhorias do local, que tamb\u00e9m \u00e9 uma das entradas de Barretos. <em>&#8220;A gente j\u00e1 recebe pessoas do exterior e aqui ficava uma situa\u00e7\u00e3o feia, parecia um total descaso, e agora com esse recape a gente est\u00e1 vendo um novo distrito&#8221;<\/em>, afirmou.<\/p>\n<p>O empres\u00e1rio S\u00e9rgio Tobace, da L&amp;S Ca\u00e7ambas, explicou que o bairro sempre foi esquecido pelo poder p\u00fablico, destacando, al\u00e9m da m\u00e1 conserva\u00e7\u00e3o das vias, a falta de ilumina\u00e7\u00e3o que acarretava inseguran\u00e7a, principalmente para os funcion\u00e1rios. <em>&#8220;A Paula conseguiu nos atender com isso em um t\u00e3o curto espa\u00e7o de tempo. Tanto com a ilumina\u00e7\u00e3o, quanto com o recapeamento, e agora a abertura da avenida, um grande passo para o Distrito Industrial. Isso vai trazer novos olhares de empres\u00e1rios de fora&#8221;, afirmou.<\/em><\/p>\n<p>&#8220;A Paula, gra\u00e7as a Deus, est\u00e1 conseguindo nos atender muito bem, est\u00e1 de parab\u00e9ns. Que ela continue olhando para gente assim&#8221;, completou.<\/p>\n<p>Propriet\u00e1rio da Multishine, o qu\u00edmico Ronaldo Soares J\u00fanior recebeu com muita alegria a not\u00edcia dos investimentos no Distrito<em>. &#8220;O poder p\u00fablico esquece muito das ind\u00fastrias, isso em \u00e2mbito geral, nacional. Um pa\u00eds desindustrializado \u00e9 um pa\u00eds que n\u00e3o vai pra frente e n\u00f3s precisamos mudar essa situa\u00e7\u00e3o. Vendo uma cidade fazer um recapeamento, deixando as vias abertas para que a gente possa transitar com nossos ve\u00edculos, para chegada e escoamento de mat\u00e9rias primas e das pessoas que trabalham aqui \u00e9 algo maravilhoso&#8221;,<\/em> afirmou. Ele tamb\u00e9m refor\u00e7ou que essas melhorias fazem com que empresas de fora olhem para Barretos com outros olhos, possibilitando a vinda de novos investidores.<\/p>\n<p><b>Linh\u00e3o e recape somam mais de R$ 15 milh\u00f5es<\/b><\/p>\n<p>A \u00e1rea conhecida como &#8220;linh\u00e3o da CPFL&#8221;, tamb\u00e9m no Distrito Industrial II, \u00e9 outro espa\u00e7o que come\u00e7ou a ser preparado para receber o asfalto e a drenagem nas vias. De acordo com a secretaria de Obras, a Avenida Padre Cesar Luzio ser\u00e1 pavimentada da Avenida Celso Daniel Galvani at\u00e9 a Av. Marginal. A marginal, que \u00e9 continua\u00e7\u00e3o da Avenida Alberto Calil, tamb\u00e9m receber\u00e1 drenagem e asfalto.<\/p>\n<p>A nova fase das obras de infraestrutura fortalece as iniciativas do PROBARRETOS, programa que tem como objetivo o aumento de postos de trabalho e a vinda de novas empresas para o munic\u00edpio, e prev\u00ea recape em vias dos bairros: Am\u00e9rica, Centro, Christiano Carvalho, Dom Bosco, Fortaleza, Hussein Genha, Pimenta, S\u00e3o Jos\u00e9 e Zequinha Am\u00eandola.<\/p>\n<p>Os dois pacotes de obras que comp\u00f5em esta nova fase de servi\u00e7os somam R$ 15.326.749,48 em investimentos, provenientes de conv\u00eanios com o Estado e contrapartida municipal.<\/p>\n<p><strong>VEJA TAMB\u00c9M:\u00a0\u00a0<a href=\"https:\/\/redenoticiaz.com.br\/barretos-regiao\/sp\/2022\/07\/24\/iniciadas-as-obras-de-asfaltamento-do-linhao-no-distrito-industrial-ii\">Iniciadas as obras de asfaltamento do \u201clinh\u00e3o\u201d no Distrito industrial II<\/a><\/strong><\/p>\n","protected":false},"excerpt":{"rendered":"<p>As melhorias na malha vi\u00e1ria do Distrito Industrial II j\u00e1 \u00e9 realidade na Est\u00e2ncia Tur\u00edstica de Barretos. Na manh\u00e3 desta ter\u00e7a-feira, 26\/07, a prefeita Paula Lemos, acompanhada dos secret\u00e1rios municipais de Obras e Servi\u00e7os Urbanos, Raul Paganelli, e Planejamento e Desenvolvimento, Carlos Henrique L\u00facio, e um grupo de empres\u00e1rios acompanharam os trabalhos de pavimenta\u00e7\u00e3o do &hellip;<\/p>\n","protected":false},"author":15,"featured_media":88978,"comment_status":"open","ping_status":"closed","sticky":false,"template":"","format":"standard","meta":{"footnotes":""},"categories":[2920],"tags":[16583,2217,19172,3121],"class_list":["post-88977","post","type-post","status-publish","format-standard","has-post-thumbnail","hentry","category-obras","tag-industrial","tag-investimento","tag-linhao","tag-obras"],"yoast_head":"<!-- This site is optimized with the Yoast SEO plugin v27.5 - https:\/\/yoast.com\/product\/yoast-seo-wordpress\/ -->\n<title>Empres\u00e1rios do Distrito Industrial II comemoram in\u00edcio de recapeamento - Ribeir\u00e3o Preto e Regi\u00e3o<\/title>\n<meta name=\"description\" content=\"As melhorias na malha vi\u00e1ria do Distrito Industrial II j\u00e1 \u00e9 realidade em Barretos, um grupo de empres\u00e1rios acompanhou a obra no local.\" \/>\n<meta name=\"robots\" content=\"index, follow, max-snippet:-1, max-image-preview:large, max-video-preview:-1\" \/>\n<link rel=\"canonical\" href=\"https:\/\/redenoticiaz.com.br\/ribeiraopreto-regiao\/sp\/2022\/07\/27\/empresarios-do-distrito-industrial-ii-comemoram-inicio-de-recapeamento\" \/>\n<meta property=\"og:locale\" content=\"pt_BR\" \/>\n<meta property=\"og:type\" content=\"article\" \/>\n<meta property=\"og:title\" content=\"Empres\u00e1rios do Distrito Industrial II comemoram in\u00edcio de recapeamento - Ribeir\u00e3o Preto e Regi\u00e3o\" \/>\n<meta property=\"og:description\" content=\"As melhorias na malha vi\u00e1ria do Distrito Industrial II j\u00e1 \u00e9 realidade em Barretos, um grupo de empres\u00e1rios acompanhou a obra no local.\" \/>\n<meta property=\"og:url\" content=\"https:\/\/redenoticiaz.com.br\/ribeiraopreto-regiao\/sp\/2022\/07\/27\/empresarios-do-distrito-industrial-ii-comemoram-inicio-de-recapeamento\" \/>\n<meta property=\"og:site_name\" content=\"Ribeir\u00e3o Preto e Regi\u00e3o\" \/>\n<meta property=\"article:publisher\" content=\"https:\/\/m.facebook.com\/redenoticiaz.barretos\" \/>\n<meta property=\"article:published_time\" content=\"2022-07-27T19:59:19+00:00\" \/>\n<meta property=\"og:image\" content=\"https:\/\/redenoticiaz.com.br\/ribeiraopreto-regiao\/wp-content\/uploads\/sites\/4\/2022\/07\/TIN-JR-3.jpeg\" \/>\n\t<meta property=\"og:image:width\" content=\"1280\" \/>\n\t<meta property=\"og:image:height\" content=\"853\" \/>\n\t<meta property=\"og:image:type\" content=\"image\/jpeg\" \/>\n<meta name=\"twitter:card\" content=\"summary_large_image\" \/>\n<meta name=\"twitter:creator\" content=\"@RN_barretos\" \/>\n<meta name=\"twitter:site\" content=\"@RN_barretos\" \/>\n<meta name=\"twitter:label1\" content=\"Escrito por\" \/>\n\t<meta name=\"twitter:data1\" content=\"\" \/>\n\t<meta name=\"twitter:label2\" content=\"Est. tempo de leitura\" \/>\n\t<meta name=\"twitter:data2\" content=\"4 minutos\" \/>\n<script type=\"application\/ld+json\" class=\"yoast-schema-graph\">{\"@context\":\"https:\\\/\\\/schema.org\",\"@graph\":[{\"@type\":\"Article\",\"@id\":\"https:\\\/\\\/redenoticiaz.com.br\\\/ribeiraopreto-regiao\\\/sp\\\/2022\\\/07\\\/27\\\/empresarios-do-distrito-industrial-ii-comemoram-inicio-de-recapeamento#article\",\"isPartOf\":{\"@id\":\"https:\\\/\\\/redenoticiaz.com.br\\\/ribeiraopreto-regiao\\\/sp\\\/2022\\\/07\\\/27\\\/empresarios-do-distrito-industrial-ii-comemoram-inicio-de-recapeamento\"},\"author\":{\"name\":\"\",\"@id\":\"\"},\"headline\":\"Empres\u00e1rios do Distrito Industrial II comemoram in\u00edcio de recapeamento\",\"datePublished\":\"2022-07-27T19:59:19+00:00\",\"mainEntityOfPage\":{\"@id\":\"https:\\\/\\\/redenoticiaz.com.br\\\/ribeiraopreto-regiao\\\/sp\\\/2022\\\/07\\\/27\\\/empresarios-do-distrito-industrial-ii-comemoram-inicio-de-recapeamento\"},\"wordCount\":722,\"commentCount\":0,\"publisher\":{\"@id\":\"https:\\\/\\\/redenoticiaz.com.br\\\/ribeiraopreto-regiao\\\/#organization\"},\"image\":{\"@id\":\"https:\\\/\\\/redenoticiaz.com.br\\\/ribeiraopreto-regiao\\\/sp\\\/2022\\\/07\\\/27\\\/empresarios-do-distrito-industrial-ii-comemoram-inicio-de-recapeamento#primaryimage\"},\"thumbnailUrl\":\"https:\\\/\\\/redenoticiaz.com.br\\\/ribeiraopreto-regiao\\\/wp-content\\\/uploads\\\/sites\\\/4\\\/2022\\\/07\\\/TIN-JR-3.jpeg\",\"keywords\":[\"INDUSTRIAL\",\"INVESTIMENTO\",\"LINH\u00c3O\",\"obras\"],\"articleSection\":[\"Obras\"],\"inLanguage\":\"pt-BR\",\"potentialAction\":[{\"@type\":\"CommentAction\",\"name\":\"Comment\",\"target\":[\"https:\\\/\\\/redenoticiaz.com.br\\\/ribeiraopreto-regiao\\\/sp\\\/2022\\\/07\\\/27\\\/empresarios-do-distrito-industrial-ii-comemoram-inicio-de-recapeamento#respond\"]}]},{\"@type\":\"WebPage\",\"@id\":\"https:\\\/\\\/redenoticiaz.com.br\\\/ribeiraopreto-regiao\\\/sp\\\/2022\\\/07\\\/27\\\/empresarios-do-distrito-industrial-ii-comemoram-inicio-de-recapeamento\",\"url\":\"https:\\\/\\\/redenoticiaz.com.br\\\/ribeiraopreto-regiao\\\/sp\\\/2022\\\/07\\\/27\\\/empresarios-do-distrito-industrial-ii-comemoram-inicio-de-recapeamento\",\"name\":\"Empres\u00e1rios do Distrito Industrial II comemoram in\u00edcio de recapeamento - Ribeir\u00e3o Preto e Regi\u00e3o\",\"isPartOf\":{\"@id\":\"https:\\\/\\\/redenoticiaz.com.br\\\/ribeiraopreto-regiao\\\/#website\"},\"primaryImageOfPage\":{\"@id\":\"https:\\\/\\\/redenoticiaz.com.br\\\/ribeiraopreto-regiao\\\/sp\\\/2022\\\/07\\\/27\\\/empresarios-do-distrito-industrial-ii-comemoram-inicio-de-recapeamento#primaryimage\"},\"image\":{\"@id\":\"https:\\\/\\\/redenoticiaz.com.br\\\/ribeiraopreto-regiao\\\/sp\\\/2022\\\/07\\\/27\\\/empresarios-do-distrito-industrial-ii-comemoram-inicio-de-recapeamento#primaryimage\"},\"thumbnailUrl\":\"https:\\\/\\\/redenoticiaz.com.br\\\/ribeiraopreto-regiao\\\/wp-content\\\/uploads\\\/sites\\\/4\\\/2022\\\/07\\\/TIN-JR-3.jpeg\",\"datePublished\":\"2022-07-27T19:59:19+00:00\",\"description\":\"As melhorias na malha vi\u00e1ria do Distrito Industrial II j\u00e1 \u00e9 realidade em Barretos, um grupo de empres\u00e1rios acompanhou a obra no local.\",\"inLanguage\":\"pt-BR\",\"potentialAction\":[{\"@type\":\"ReadAction\",\"target\":[\"https:\\\/\\\/redenoticiaz.com.br\\\/ribeiraopreto-regiao\\\/sp\\\/2022\\\/07\\\/27\\\/empresarios-do-distrito-industrial-ii-comemoram-inicio-de-recapeamento\"]}]},{\"@type\":\"ImageObject\",\"inLanguage\":\"pt-BR\",\"@id\":\"https:\\\/\\\/redenoticiaz.com.br\\\/ribeiraopreto-regiao\\\/sp\\\/2022\\\/07\\\/27\\\/empresarios-do-distrito-industrial-ii-comemoram-inicio-de-recapeamento#primaryimage\",\"url\":\"https:\\\/\\\/redenoticiaz.com.br\\\/ribeiraopreto-regiao\\\/wp-content\\\/uploads\\\/sites\\\/4\\\/2022\\\/07\\\/TIN-JR-3.jpeg\",\"contentUrl\":\"https:\\\/\\\/redenoticiaz.com.br\\\/ribeiraopreto-regiao\\\/wp-content\\\/uploads\\\/sites\\\/4\\\/2022\\\/07\\\/TIN-JR-3.jpeg\",\"width\":1280,\"height\":853,\"caption\":\"Linh\u00e3o e recape somam mais de R$ 15 milh\u00f5es. Cr\u00e9dito: Divulga\u00e7\u00e3o\"},{\"@type\":\"WebSite\",\"@id\":\"https:\\\/\\\/redenoticiaz.com.br\\\/ribeiraopreto-regiao\\\/#website\",\"url\":\"https:\\\/\\\/redenoticiaz.com.br\\\/ribeiraopreto-regiao\\\/\",\"name\":\"Ribeir\u00e3o Preto e Regi\u00e3o\",\"description\":\"Rede NoticiaZ - Ribeir\u00e3o Preto e regi\u00e3o\",\"publisher\":{\"@id\":\"https:\\\/\\\/redenoticiaz.com.br\\\/ribeiraopreto-regiao\\\/#organization\"},\"potentialAction\":[{\"@type\":\"SearchAction\",\"target\":{\"@type\":\"EntryPoint\",\"urlTemplate\":\"https:\\\/\\\/redenoticiaz.com.br\\\/ribeiraopreto-regiao\\\/?s={search_term_string}\"},\"query-input\":{\"@type\":\"PropertyValueSpecification\",\"valueRequired\":true,\"valueName\":\"search_term_string\"}}],\"inLanguage\":\"pt-BR\"},{\"@type\":\"Organization\",\"@id\":\"https:\\\/\\\/redenoticiaz.com.br\\\/ribeiraopreto-regiao\\\/#organization\",\"name\":\"Ribeir\u00e3o Preto e Regi\u00e3o\",\"url\":\"https:\\\/\\\/redenoticiaz.com.br\\\/ribeiraopreto-regiao\\\/\",\"logo\":{\"@type\":\"ImageObject\",\"inLanguage\":\"pt-BR\",\"@id\":\"https:\\\/\\\/redenoticiaz.com.br\\\/ribeiraopreto-regiao\\\/#\\\/schema\\\/logo\\\/image\\\/\",\"url\":\"https:\\\/\\\/redenoticiaz.com.br\\\/barretos-regiao\\\/wp-content\\\/uploads\\\/sites\\\/4\\\/2022\\\/02\\\/logo.jpg\",\"contentUrl\":\"https:\\\/\\\/redenoticiaz.com.br\\\/barretos-regiao\\\/wp-content\\\/uploads\\\/sites\\\/4\\\/2022\\\/02\\\/logo.jpg\",\"width\":400,\"height\":250,\"caption\":\"Ribeir\u00e3o Preto e Regi\u00e3o\"},\"image\":{\"@id\":\"https:\\\/\\\/redenoticiaz.com.br\\\/ribeiraopreto-regiao\\\/#\\\/schema\\\/logo\\\/image\\\/\"},\"sameAs\":[\"https:\\\/\\\/m.facebook.com\\\/redenoticiaz.barretos\",\"https:\\\/\\\/x.com\\\/RN_barretos\",\"https:\\\/\\\/www.instagram.com\\\/redenoticiaz.barretos\\\/?igshid=YmMyMTA2M2Y\",\"https:\\\/\\\/www.linkedin.com\\\/company\\\/rede-noticiaz-barretos-e-regio\\\/\"]},{\"@type\":\"Person\",\"@id\":\"\",\"url\":\"https:\\\/\\\/redenoticiaz.com.br\\\/ribeiraopreto-regiao\\\/sp\\\/author\"}]}<\/script>\n<!-- \/ Yoast SEO plugin. -->","yoast_head_json":{"title":"Empres\u00e1rios do Distrito Industrial II comemoram in\u00edcio de recapeamento - Ribeir\u00e3o Preto e Regi\u00e3o","description":"As melhorias na malha vi\u00e1ria do Distrito Industrial II j\u00e1 \u00e9 realidade em Barretos, um grupo de empres\u00e1rios acompanhou a obra no local.","robots":{"index":"index","follow":"follow","max-snippet":"max-snippet:-1","max-image-preview":"max-image-preview:large","max-video-preview":"max-video-preview:-1"},"canonical":"https:\/\/redenoticiaz.com.br\/ribeiraopreto-regiao\/sp\/2022\/07\/27\/empresarios-do-distrito-industrial-ii-comemoram-inicio-de-recapeamento","og_locale":"pt_BR","og_type":"article","og_title":"Empres\u00e1rios do Distrito Industrial II comemoram in\u00edcio de recapeamento - Ribeir\u00e3o Preto e Regi\u00e3o","og_description":"As melhorias na malha vi\u00e1ria do Distrito Industrial II j\u00e1 \u00e9 realidade em Barretos, um grupo de empres\u00e1rios acompanhou a obra no local.","og_url":"https:\/\/redenoticiaz.com.br\/ribeiraopreto-regiao\/sp\/2022\/07\/27\/empresarios-do-distrito-industrial-ii-comemoram-inicio-de-recapeamento","og_site_name":"Ribeir\u00e3o Preto e Regi\u00e3o","article_publisher":"https:\/\/m.facebook.com\/redenoticiaz.barretos","article_published_time":"2022-07-27T19:59:19+00:00","og_image":[{"width":1280,"height":853,"url":"https:\/\/redenoticiaz.com.br\/ribeiraopreto-regiao\/wp-content\/uploads\/sites\/4\/2022\/07\/TIN-JR-3.jpeg","type":"image\/jpeg"}],"twitter_card":"summary_large_image","twitter_creator":"@RN_barretos","twitter_site":"@RN_barretos","twitter_misc":{"Escrito por":"","Est. tempo de leitura":"4 minutos"},"schema":{"@context":"https:\/\/schema.org","@graph":[{"@type":"Article","@id":"https:\/\/redenoticiaz.com.br\/ribeiraopreto-regiao\/sp\/2022\/07\/27\/empresarios-do-distrito-industrial-ii-comemoram-inicio-de-recapeamento#article","isPartOf":{"@id":"https:\/\/redenoticiaz.com.br\/ribeiraopreto-regiao\/sp\/2022\/07\/27\/empresarios-do-distrito-industrial-ii-comemoram-inicio-de-recapeamento"},"author":{"name":"","@id":""},"headline":"Empres\u00e1rios do Distrito Industrial II comemoram in\u00edcio de recapeamento","datePublished":"2022-07-27T19:59:19+00:00","mainEntityOfPage":{"@id":"https:\/\/redenoticiaz.com.br\/ribeiraopreto-regiao\/sp\/2022\/07\/27\/empresarios-do-distrito-industrial-ii-comemoram-inicio-de-recapeamento"},"wordCount":722,"commentCount":0,"publisher":{"@id":"https:\/\/redenoticiaz.com.br\/ribeiraopreto-regiao\/#organization"},"image":{"@id":"https:\/\/redenoticiaz.com.br\/ribeiraopreto-regiao\/sp\/2022\/07\/27\/empresarios-do-distrito-industrial-ii-comemoram-inicio-de-recapeamento#primaryimage"},"thumbnailUrl":"https:\/\/redenoticiaz.com.br\/ribeiraopreto-regiao\/wp-content\/uploads\/sites\/4\/2022\/07\/TIN-JR-3.jpeg","keywords":["INDUSTRIAL","INVESTIMENTO","LINH\u00c3O","obras"],"articleSection":["Obras"],"inLanguage":"pt-BR","potentialAction":[{"@type":"CommentAction","name":"Comment","target":["https:\/\/redenoticiaz.com.br\/ribeiraopreto-regiao\/sp\/2022\/07\/27\/empresarios-do-distrito-industrial-ii-comemoram-inicio-de-recapeamento#respond"]}]},{"@type":"WebPage","@id":"https:\/\/redenoticiaz.com.br\/ribeiraopreto-regiao\/sp\/2022\/07\/27\/empresarios-do-distrito-industrial-ii-comemoram-inicio-de-recapeamento","url":"https:\/\/redenoticiaz.com.br\/ribeiraopreto-regiao\/sp\/2022\/07\/27\/empresarios-do-distrito-industrial-ii-comemoram-inicio-de-recapeamento","name":"Empres\u00e1rios do Distrito Industrial II comemoram in\u00edcio de recapeamento - Ribeir\u00e3o Preto e Regi\u00e3o","isPartOf":{"@id":"https:\/\/redenoticiaz.com.br\/ribeiraopreto-regiao\/#website"},"primaryImageOfPage":{"@id":"https:\/\/redenoticiaz.com.br\/ribeiraopreto-regiao\/sp\/2022\/07\/27\/empresarios-do-distrito-industrial-ii-comemoram-inicio-de-recapeamento#primaryimage"},"image":{"@id":"https:\/\/redenoticiaz.com.br\/ribeiraopreto-regiao\/sp\/2022\/07\/27\/empresarios-do-distrito-industrial-ii-comemoram-inicio-de-recapeamento#primaryimage"},"thumbnailUrl":"https:\/\/redenoticiaz.com.br\/ribeiraopreto-regiao\/wp-content\/uploads\/sites\/4\/2022\/07\/TIN-JR-3.jpeg","datePublished":"2022-07-27T19:59:19+00:00","description":"As melhorias na malha vi\u00e1ria do Distrito Industrial II j\u00e1 \u00e9 realidade em Barretos, um grupo de empres\u00e1rios acompanhou a obra no local.","inLanguage":"pt-BR","potentialAction":[{"@type":"ReadAction","target":["https:\/\/redenoticiaz.com.br\/ribeiraopreto-regiao\/sp\/2022\/07\/27\/empresarios-do-distrito-industrial-ii-comemoram-inicio-de-recapeamento"]}]},{"@type":"ImageObject","inLanguage":"pt-BR","@id":"https:\/\/redenoticiaz.com.br\/ribeiraopreto-regiao\/sp\/2022\/07\/27\/empresarios-do-distrito-industrial-ii-comemoram-inicio-de-recapeamento#primaryimage","url":"https:\/\/redenoticiaz.com.br\/ribeiraopreto-regiao\/wp-content\/uploads\/sites\/4\/2022\/07\/TIN-JR-3.jpeg","contentUrl":"https:\/\/redenoticiaz.com.br\/ribeiraopreto-regiao\/wp-content\/uploads\/sites\/4\/2022\/07\/TIN-JR-3.jpeg","width":1280,"height":853,"caption":"Linh\u00e3o e recape somam mais de R$ 15 milh\u00f5es. Cr\u00e9dito: Divulga\u00e7\u00e3o"},{"@type":"WebSite","@id":"https:\/\/redenoticiaz.com.br\/ribeiraopreto-regiao\/#website","url":"https:\/\/redenoticiaz.com.br\/ribeiraopreto-regiao\/","name":"Ribeir\u00e3o Preto e Regi\u00e3o","description":"Rede NoticiaZ - Ribeir\u00e3o Preto e regi\u00e3o","publisher":{"@id":"https:\/\/redenoticiaz.com.br\/ribeiraopreto-regiao\/#organization"},"potentialAction":[{"@type":"SearchAction","target":{"@type":"EntryPoint","urlTemplate":"https:\/\/redenoticiaz.com.br\/ribeiraopreto-regiao\/?s={search_term_string}"},"query-input":{"@type":"PropertyValueSpecification","valueRequired":true,"valueName":"search_term_string"}}],"inLanguage":"pt-BR"},{"@type":"Organization","@id":"https:\/\/redenoticiaz.com.br\/ribeiraopreto-regiao\/#organization","name":"Ribeir\u00e3o Preto e Regi\u00e3o","url":"https:\/\/redenoticiaz.com.br\/ribeiraopreto-regiao\/","logo":{"@type":"ImageObject","inLanguage":"pt-BR","@id":"https:\/\/redenoticiaz.com.br\/ribeiraopreto-regiao\/#\/schema\/logo\/image\/","url":"https:\/\/redenoticiaz.com.br\/barretos-regiao\/wp-content\/uploads\/sites\/4\/2022\/02\/logo.jpg","contentUrl":"https:\/\/redenoticiaz.com.br\/barretos-regiao\/wp-content\/uploads\/sites\/4\/2022\/02\/logo.jpg","width":400,"height":250,"caption":"Ribeir\u00e3o Preto e Regi\u00e3o"},"image":{"@id":"https:\/\/redenoticiaz.com.br\/ribeiraopreto-regiao\/#\/schema\/logo\/image\/"},"sameAs":["https:\/\/m.facebook.com\/redenoticiaz.barretos","https:\/\/x.com\/RN_barretos","https:\/\/www.instagram.com\/redenoticiaz.barretos\/?igshid=YmMyMTA2M2Y","https:\/\/www.linkedin.com\/company\/rede-noticiaz-barretos-e-regio\/"]},{"@type":"Person","@id":"","url":"https:\/\/redenoticiaz.com.br\/ribeiraopreto-regiao\/sp\/author"}]}},"_links":{"self":[{"href":"https:\/\/redenoticiaz.com.br\/ribeiraopreto-regiao\/wp-json\/wp\/v2\/posts\/88977","targetHints":{"allow":["GET"]}}],"collection":[{"href":"https:\/\/redenoticiaz.com.br\/ribeiraopreto-regiao\/wp-json\/wp\/v2\/posts"}],"about":[{"href":"https:\/\/redenoticiaz.com.br\/ribeiraopreto-regiao\/wp-json\/wp\/v2\/types\/post"}],"author":[{"embeddable":true,"href":"https:\/\/redenoticiaz.com.br\/ribeiraopreto-regiao\/wp-json\/wp\/v2\/users\/15"}],"replies":[{"embeddable":true,"href":"https:\/\/redenoticiaz.com.br\/ribeiraopreto-regiao\/wp-json\/wp\/v2\/comments?post=88977"}],"version-history":[{"count":1,"href":"https:\/\/redenoticiaz.com.br\/ribeiraopreto-regiao\/wp-json\/wp\/v2\/posts\/88977\/revisions"}],"predecessor-version":[{"id":88979,"href":"https:\/\/redenoticiaz.com.br\/ribeiraopreto-regiao\/wp-json\/wp\/v2\/posts\/88977\/revisions\/88979"}],"wp:featuredmedia":[{"embeddable":true,"href":"https:\/\/redenoticiaz.com.br\/ribeiraopreto-regiao\/wp-json\/wp\/v2\/media\/88978"}],"wp:attachment":[{"href":"https:\/\/redenoticiaz.com.br\/ribeiraopreto-regiao\/wp-json\/wp\/v2\/media?parent=88977"}],"wp:term":[{"taxonomy":"category","embeddable":true,"href":"https:\/\/redenoticiaz.com.br\/ribeiraopreto-regiao\/wp-json\/wp\/v2\/categories?post=88977"},{"taxonomy":"post_tag","embeddable":true,"href":"https:\/\/redenoticiaz.com.br\/ribeiraopreto-regiao\/wp-json\/wp\/v2\/tags?post=88977"}],"curies":[{"name":"wp","href":"https:\/\/api.w.org\/{rel}","templated":true}]}}