{"id":89069,"date":"2022-07-28T17:08:25","date_gmt":"2022-07-28T20:08:25","guid":{"rendered":"https:\/\/redenoticiaz.com.br\/barretos-regiao\/?p=89069"},"modified":"2022-07-28T17:09:37","modified_gmt":"2022-07-28T20:09:37","slug":"mais-de-300-alunos-participam-de-projeto-de-educacao-de-transito","status":"publish","type":"post","link":"https:\/\/redenoticiaz.com.br\/ribeiraopreto-regiao\/sp\/2022\/07\/28\/mais-de-300-alunos-participam-de-projeto-de-educacao-de-transito","title":{"rendered":"Mais de 300 alunos participam de Projeto de Educa\u00e7\u00e3o de Tr\u00e2nsito"},"content":{"rendered":"<p>A Escola Municipal Professora Maria Alves Barcellos de Oliveira, no bairro S\u00e3o Francisco, recebeu entre os meses de junho e julho, palestras e atividades do Projeto de Educa\u00e7\u00e3o de Tr\u00e2nsito, do Departamento de Tr\u00e2nsito da Secretaria Municipal de Ordem P\u00fablica, da Est\u00e2ncia Tur\u00edstica de Barretos.<\/p>\n<p><em>&#8220;As palestras t\u00eam o intuito de incentivar a boa utiliza\u00e7\u00e3o do tr\u00e2nsito e o respeito \u00e0s leis para que a circula\u00e7\u00e3o de pessoas, ve\u00edculos e animais na cidade ocorra de forma segura&#8221;<\/em>, afirmou o secret\u00e1rio municipal de Ordem P\u00fablica, Jorge Coutinho.<\/p>\n<p>De acordo com Vinissios Vettorazzo Balbino, coordenador do projeto, as a\u00e7\u00f5es envolveram 17 salas de aula do 1\u00b0 ao 5\u00b0 ano do Ensino Fundamental I, com a participa\u00e7\u00e3o de mais de 300 alunos.<em> &#8220;O trabalho foi desenvolvido em cada sala de aula, individualmente, para melhor aprendizado. Foram explorados conceitos b\u00e1sicos de seguran\u00e7a e preven\u00e7\u00e3o no tr\u00e2nsito para pedestres, ciclistas e condutores, assim como a import\u00e2ncia da conscientiza\u00e7\u00e3o de amigos e familiares para tornar Barretos uma cidade melhor e mais segura&#8221;,<\/em> afirmou.<\/p>\n<p>Vinissios destacou ainda que para melhor aproveitamento das atividades do projeto, os trabalhos s\u00e3o realizados conforme a faixa et\u00e1ria e s\u00e9rie dos alunos. Tamb\u00e9m foram promovidas din\u00e2micas sobre a utiliza\u00e7\u00e3o da faixa de pedestres e os sinais de tr\u00e2nsito.<\/p>\n<p><strong>VEJA TAMB\u00c9M:\u00a0<a href=\"https:\/\/redenoticiaz.com.br\/barretos-regiao\/sp\/2022\/06\/06\/obras-na-avenida-seguem-em-ritmo-acelerado-e-o-transito-pode-ser-liberado\">Obras na Avenida seguem em ritmo acelerado e o tr\u00e2nsito pode ser liberado<\/a><\/strong><\/p>\n","protected":false},"excerpt":{"rendered":"<p>A Escola Municipal Professora Maria Alves Barcellos de Oliveira, no bairro S\u00e3o Francisco, recebeu entre os meses de junho e julho, palestras e atividades do Projeto de Educa\u00e7\u00e3o de Tr\u00e2nsito, do Departamento de Tr\u00e2nsito da Secretaria Municipal de Ordem P\u00fablica, da Est\u00e2ncia Tur\u00edstica de Barretos. &#8220;As palestras t\u00eam o intuito de incentivar a boa utiliza\u00e7\u00e3o &hellip;<\/p>\n","protected":false},"author":15,"featured_media":89070,"comment_status":"open","ping_status":"closed","sticky":false,"template":"","format":"standard","meta":{"footnotes":""},"categories":[252,143],"tags":[8299,19333,943,8298,5104,4429],"class_list":["post-89069","post","type-post","status-publish","format-standard","has-post-thumbnail","hentry","category-acao-social","category-transito","tag-alunos","tag-atividade","tag-educacao","tag-escola","tag-palestra","tag-transito"],"yoast_head":"<!-- This site is optimized with the Yoast SEO plugin v27.4 - https:\/\/yoast.com\/product\/yoast-seo-wordpress\/ -->\n<title>Mais de 300 alunos participam de Projeto de Educa\u00e7\u00e3o de Tr\u00e2nsito - Ribeir\u00e3o Preto e Regi\u00e3o<\/title>\n<meta name=\"description\" content=\"Projeto de Educa\u00e7\u00e3o de Tr\u00e2nsito, na Est\u00e2ncia Tur\u00edstica de Barretos promove atividades para mais de 300 alunos.\" \/>\n<meta name=\"robots\" content=\"index, follow, max-snippet:-1, max-image-preview:large, max-video-preview:-1\" \/>\n<link rel=\"canonical\" href=\"https:\/\/redenoticiaz.com.br\/ribeiraopreto-regiao\/sp\/2022\/07\/28\/mais-de-300-alunos-participam-de-projeto-de-educacao-de-transito\" \/>\n<meta property=\"og:locale\" content=\"pt_BR\" \/>\n<meta property=\"og:type\" content=\"article\" \/>\n<meta property=\"og:title\" content=\"Mais de 300 alunos participam de Projeto de Educa\u00e7\u00e3o de Tr\u00e2nsito - Ribeir\u00e3o Preto e Regi\u00e3o\" \/>\n<meta property=\"og:description\" content=\"Projeto de Educa\u00e7\u00e3o de Tr\u00e2nsito, na Est\u00e2ncia Tur\u00edstica de Barretos promove atividades para mais de 300 alunos.\" \/>\n<meta property=\"og:url\" content=\"https:\/\/redenoticiaz.com.br\/ribeiraopreto-regiao\/sp\/2022\/07\/28\/mais-de-300-alunos-participam-de-projeto-de-educacao-de-transito\" \/>\n<meta property=\"og:site_name\" content=\"Ribeir\u00e3o Preto e Regi\u00e3o\" \/>\n<meta property=\"article:publisher\" content=\"https:\/\/m.facebook.com\/redenoticiaz.barretos\" \/>\n<meta property=\"article:published_time\" content=\"2022-07-28T20:08:25+00:00\" \/>\n<meta property=\"article:modified_time\" content=\"2022-07-28T20:09:37+00:00\" \/>\n<meta property=\"og:image\" content=\"https:\/\/redenoticiaz.com.br\/ribeiraopreto-regiao\/wp-content\/uploads\/sites\/4\/2022\/07\/transito-4.jpeg\" \/>\n\t<meta property=\"og:image:width\" content=\"1032\" \/>\n\t<meta property=\"og:image:height\" content=\"581\" \/>\n\t<meta property=\"og:image:type\" content=\"image\/jpeg\" \/>\n<meta name=\"twitter:card\" content=\"summary_large_image\" \/>\n<meta name=\"twitter:creator\" content=\"@RN_barretos\" \/>\n<meta name=\"twitter:site\" content=\"@RN_barretos\" \/>\n<meta name=\"twitter:label1\" content=\"Escrito por\" \/>\n\t<meta name=\"twitter:data1\" content=\"\" \/>\n\t<meta name=\"twitter:label2\" content=\"Est. tempo de leitura\" \/>\n\t<meta name=\"twitter:data2\" content=\"2 minutos\" \/>\n<script type=\"application\/ld+json\" class=\"yoast-schema-graph\">{\"@context\":\"https:\\\/\\\/schema.org\",\"@graph\":[{\"@type\":\"Article\",\"@id\":\"https:\\\/\\\/redenoticiaz.com.br\\\/ribeiraopreto-regiao\\\/sp\\\/2022\\\/07\\\/28\\\/mais-de-300-alunos-participam-de-projeto-de-educacao-de-transito#article\",\"isPartOf\":{\"@id\":\"https:\\\/\\\/redenoticiaz.com.br\\\/ribeiraopreto-regiao\\\/sp\\\/2022\\\/07\\\/28\\\/mais-de-300-alunos-participam-de-projeto-de-educacao-de-transito\"},\"author\":{\"name\":\"\",\"@id\":\"\"},\"headline\":\"Mais de 300 alunos participam de Projeto de Educa\u00e7\u00e3o de Tr\u00e2nsito\",\"datePublished\":\"2022-07-28T20:08:25+00:00\",\"dateModified\":\"2022-07-28T20:09:37+00:00\",\"mainEntityOfPage\":{\"@id\":\"https:\\\/\\\/redenoticiaz.com.br\\\/ribeiraopreto-regiao\\\/sp\\\/2022\\\/07\\\/28\\\/mais-de-300-alunos-participam-de-projeto-de-educacao-de-transito\"},\"wordCount\":260,\"commentCount\":0,\"publisher\":{\"@id\":\"https:\\\/\\\/redenoticiaz.com.br\\\/ribeiraopreto-regiao\\\/#organization\"},\"image\":{\"@id\":\"https:\\\/\\\/redenoticiaz.com.br\\\/ribeiraopreto-regiao\\\/sp\\\/2022\\\/07\\\/28\\\/mais-de-300-alunos-participam-de-projeto-de-educacao-de-transito#primaryimage\"},\"thumbnailUrl\":\"https:\\\/\\\/redenoticiaz.com.br\\\/ribeiraopreto-regiao\\\/wp-content\\\/uploads\\\/sites\\\/4\\\/2022\\\/07\\\/transito-4.jpeg\",\"keywords\":[\"alunos\",\"ATIVIDADE\",\"educa\u00e7\u00e3o\",\"ESCOLA\",\"PALESTRA\",\"transito\"],\"articleSection\":[\"A\u00e7\u00e3o Social\",\"Tr\u00e2nsito\"],\"inLanguage\":\"pt-BR\",\"potentialAction\":[{\"@type\":\"CommentAction\",\"name\":\"Comment\",\"target\":[\"https:\\\/\\\/redenoticiaz.com.br\\\/ribeiraopreto-regiao\\\/sp\\\/2022\\\/07\\\/28\\\/mais-de-300-alunos-participam-de-projeto-de-educacao-de-transito#respond\"]}]},{\"@type\":\"WebPage\",\"@id\":\"https:\\\/\\\/redenoticiaz.com.br\\\/ribeiraopreto-regiao\\\/sp\\\/2022\\\/07\\\/28\\\/mais-de-300-alunos-participam-de-projeto-de-educacao-de-transito\",\"url\":\"https:\\\/\\\/redenoticiaz.com.br\\\/ribeiraopreto-regiao\\\/sp\\\/2022\\\/07\\\/28\\\/mais-de-300-alunos-participam-de-projeto-de-educacao-de-transito\",\"name\":\"Mais de 300 alunos participam de Projeto de Educa\u00e7\u00e3o de Tr\u00e2nsito - Ribeir\u00e3o Preto e Regi\u00e3o\",\"isPartOf\":{\"@id\":\"https:\\\/\\\/redenoticiaz.com.br\\\/ribeiraopreto-regiao\\\/#website\"},\"primaryImageOfPage\":{\"@id\":\"https:\\\/\\\/redenoticiaz.com.br\\\/ribeiraopreto-regiao\\\/sp\\\/2022\\\/07\\\/28\\\/mais-de-300-alunos-participam-de-projeto-de-educacao-de-transito#primaryimage\"},\"image\":{\"@id\":\"https:\\\/\\\/redenoticiaz.com.br\\\/ribeiraopreto-regiao\\\/sp\\\/2022\\\/07\\\/28\\\/mais-de-300-alunos-participam-de-projeto-de-educacao-de-transito#primaryimage\"},\"thumbnailUrl\":\"https:\\\/\\\/redenoticiaz.com.br\\\/ribeiraopreto-regiao\\\/wp-content\\\/uploads\\\/sites\\\/4\\\/2022\\\/07\\\/transito-4.jpeg\",\"datePublished\":\"2022-07-28T20:08:25+00:00\",\"dateModified\":\"2022-07-28T20:09:37+00:00\",\"description\":\"Projeto de Educa\u00e7\u00e3o de Tr\u00e2nsito, na Est\u00e2ncia Tur\u00edstica de Barretos promove atividades para mais de 300 alunos.\",\"inLanguage\":\"pt-BR\",\"potentialAction\":[{\"@type\":\"ReadAction\",\"target\":[\"https:\\\/\\\/redenoticiaz.com.br\\\/ribeiraopreto-regiao\\\/sp\\\/2022\\\/07\\\/28\\\/mais-de-300-alunos-participam-de-projeto-de-educacao-de-transito\"]}]},{\"@type\":\"ImageObject\",\"inLanguage\":\"pt-BR\",\"@id\":\"https:\\\/\\\/redenoticiaz.com.br\\\/ribeiraopreto-regiao\\\/sp\\\/2022\\\/07\\\/28\\\/mais-de-300-alunos-participam-de-projeto-de-educacao-de-transito#primaryimage\",\"url\":\"https:\\\/\\\/redenoticiaz.com.br\\\/ribeiraopreto-regiao\\\/wp-content\\\/uploads\\\/sites\\\/4\\\/2022\\\/07\\\/transito-4.jpeg\",\"contentUrl\":\"https:\\\/\\\/redenoticiaz.com.br\\\/ribeiraopreto-regiao\\\/wp-content\\\/uploads\\\/sites\\\/4\\\/2022\\\/07\\\/transito-4.jpeg\",\"width\":1032,\"height\":581,\"caption\":\"Educa\u00e7\u00e3o no Tr\u00e2nsito. Cr\u00e9dito: Reprodu\u00e7\u00e3o\"},{\"@type\":\"WebSite\",\"@id\":\"https:\\\/\\\/redenoticiaz.com.br\\\/ribeiraopreto-regiao\\\/#website\",\"url\":\"https:\\\/\\\/redenoticiaz.com.br\\\/ribeiraopreto-regiao\\\/\",\"name\":\"Ribeir\u00e3o Preto e Regi\u00e3o\",\"description\":\"Rede NoticiaZ - Ribeir\u00e3o Preto e regi\u00e3o\",\"publisher\":{\"@id\":\"https:\\\/\\\/redenoticiaz.com.br\\\/ribeiraopreto-regiao\\\/#organization\"},\"potentialAction\":[{\"@type\":\"SearchAction\",\"target\":{\"@type\":\"EntryPoint\",\"urlTemplate\":\"https:\\\/\\\/redenoticiaz.com.br\\\/ribeiraopreto-regiao\\\/?s={search_term_string}\"},\"query-input\":{\"@type\":\"PropertyValueSpecification\",\"valueRequired\":true,\"valueName\":\"search_term_string\"}}],\"inLanguage\":\"pt-BR\"},{\"@type\":\"Organization\",\"@id\":\"https:\\\/\\\/redenoticiaz.com.br\\\/ribeiraopreto-regiao\\\/#organization\",\"name\":\"Ribeir\u00e3o Preto e Regi\u00e3o\",\"url\":\"https:\\\/\\\/redenoticiaz.com.br\\\/ribeiraopreto-regiao\\\/\",\"logo\":{\"@type\":\"ImageObject\",\"inLanguage\":\"pt-BR\",\"@id\":\"https:\\\/\\\/redenoticiaz.com.br\\\/ribeiraopreto-regiao\\\/#\\\/schema\\\/logo\\\/image\\\/\",\"url\":\"https:\\\/\\\/redenoticiaz.com.br\\\/barretos-regiao\\\/wp-content\\\/uploads\\\/sites\\\/4\\\/2022\\\/02\\\/logo.jpg\",\"contentUrl\":\"https:\\\/\\\/redenoticiaz.com.br\\\/barretos-regiao\\\/wp-content\\\/uploads\\\/sites\\\/4\\\/2022\\\/02\\\/logo.jpg\",\"width\":400,\"height\":250,\"caption\":\"Ribeir\u00e3o Preto e Regi\u00e3o\"},\"image\":{\"@id\":\"https:\\\/\\\/redenoticiaz.com.br\\\/ribeiraopreto-regiao\\\/#\\\/schema\\\/logo\\\/image\\\/\"},\"sameAs\":[\"https:\\\/\\\/m.facebook.com\\\/redenoticiaz.barretos\",\"https:\\\/\\\/x.com\\\/RN_barretos\",\"https:\\\/\\\/www.instagram.com\\\/redenoticiaz.barretos\\\/?igshid=YmMyMTA2M2Y\",\"https:\\\/\\\/www.linkedin.com\\\/company\\\/rede-noticiaz-barretos-e-regio\\\/\"]},{\"@type\":\"Person\",\"@id\":\"\",\"url\":\"https:\\\/\\\/redenoticiaz.com.br\\\/ribeiraopreto-regiao\\\/sp\\\/author\"}]}<\/script>\n<!-- \/ Yoast SEO plugin. -->","yoast_head_json":{"title":"Mais de 300 alunos participam de Projeto de Educa\u00e7\u00e3o de Tr\u00e2nsito - Ribeir\u00e3o Preto e Regi\u00e3o","description":"Projeto de Educa\u00e7\u00e3o de Tr\u00e2nsito, na Est\u00e2ncia Tur\u00edstica de Barretos promove atividades para mais de 300 alunos.","robots":{"index":"index","follow":"follow","max-snippet":"max-snippet:-1","max-image-preview":"max-image-preview:large","max-video-preview":"max-video-preview:-1"},"canonical":"https:\/\/redenoticiaz.com.br\/ribeiraopreto-regiao\/sp\/2022\/07\/28\/mais-de-300-alunos-participam-de-projeto-de-educacao-de-transito","og_locale":"pt_BR","og_type":"article","og_title":"Mais de 300 alunos participam de Projeto de Educa\u00e7\u00e3o de Tr\u00e2nsito - Ribeir\u00e3o Preto e Regi\u00e3o","og_description":"Projeto de Educa\u00e7\u00e3o de Tr\u00e2nsito, na Est\u00e2ncia Tur\u00edstica de Barretos promove atividades para mais de 300 alunos.","og_url":"https:\/\/redenoticiaz.com.br\/ribeiraopreto-regiao\/sp\/2022\/07\/28\/mais-de-300-alunos-participam-de-projeto-de-educacao-de-transito","og_site_name":"Ribeir\u00e3o Preto e Regi\u00e3o","article_publisher":"https:\/\/m.facebook.com\/redenoticiaz.barretos","article_published_time":"2022-07-28T20:08:25+00:00","article_modified_time":"2022-07-28T20:09:37+00:00","og_image":[{"width":1032,"height":581,"url":"https:\/\/redenoticiaz.com.br\/ribeiraopreto-regiao\/wp-content\/uploads\/sites\/4\/2022\/07\/transito-4.jpeg","type":"image\/jpeg"}],"twitter_card":"summary_large_image","twitter_creator":"@RN_barretos","twitter_site":"@RN_barretos","twitter_misc":{"Escrito por":"","Est. tempo de leitura":"2 minutos"},"schema":{"@context":"https:\/\/schema.org","@graph":[{"@type":"Article","@id":"https:\/\/redenoticiaz.com.br\/ribeiraopreto-regiao\/sp\/2022\/07\/28\/mais-de-300-alunos-participam-de-projeto-de-educacao-de-transito#article","isPartOf":{"@id":"https:\/\/redenoticiaz.com.br\/ribeiraopreto-regiao\/sp\/2022\/07\/28\/mais-de-300-alunos-participam-de-projeto-de-educacao-de-transito"},"author":{"name":"","@id":""},"headline":"Mais de 300 alunos participam de Projeto de Educa\u00e7\u00e3o de Tr\u00e2nsito","datePublished":"2022-07-28T20:08:25+00:00","dateModified":"2022-07-28T20:09:37+00:00","mainEntityOfPage":{"@id":"https:\/\/redenoticiaz.com.br\/ribeiraopreto-regiao\/sp\/2022\/07\/28\/mais-de-300-alunos-participam-de-projeto-de-educacao-de-transito"},"wordCount":260,"commentCount":0,"publisher":{"@id":"https:\/\/redenoticiaz.com.br\/ribeiraopreto-regiao\/#organization"},"image":{"@id":"https:\/\/redenoticiaz.com.br\/ribeiraopreto-regiao\/sp\/2022\/07\/28\/mais-de-300-alunos-participam-de-projeto-de-educacao-de-transito#primaryimage"},"thumbnailUrl":"https:\/\/redenoticiaz.com.br\/ribeiraopreto-regiao\/wp-content\/uploads\/sites\/4\/2022\/07\/transito-4.jpeg","keywords":["alunos","ATIVIDADE","educa\u00e7\u00e3o","ESCOLA","PALESTRA","transito"],"articleSection":["A\u00e7\u00e3o Social","Tr\u00e2nsito"],"inLanguage":"pt-BR","potentialAction":[{"@type":"CommentAction","name":"Comment","target":["https:\/\/redenoticiaz.com.br\/ribeiraopreto-regiao\/sp\/2022\/07\/28\/mais-de-300-alunos-participam-de-projeto-de-educacao-de-transito#respond"]}]},{"@type":"WebPage","@id":"https:\/\/redenoticiaz.com.br\/ribeiraopreto-regiao\/sp\/2022\/07\/28\/mais-de-300-alunos-participam-de-projeto-de-educacao-de-transito","url":"https:\/\/redenoticiaz.com.br\/ribeiraopreto-regiao\/sp\/2022\/07\/28\/mais-de-300-alunos-participam-de-projeto-de-educacao-de-transito","name":"Mais de 300 alunos participam de Projeto de Educa\u00e7\u00e3o de Tr\u00e2nsito - Ribeir\u00e3o Preto e Regi\u00e3o","isPartOf":{"@id":"https:\/\/redenoticiaz.com.br\/ribeiraopreto-regiao\/#website"},"primaryImageOfPage":{"@id":"https:\/\/redenoticiaz.com.br\/ribeiraopreto-regiao\/sp\/2022\/07\/28\/mais-de-300-alunos-participam-de-projeto-de-educacao-de-transito#primaryimage"},"image":{"@id":"https:\/\/redenoticiaz.com.br\/ribeiraopreto-regiao\/sp\/2022\/07\/28\/mais-de-300-alunos-participam-de-projeto-de-educacao-de-transito#primaryimage"},"thumbnailUrl":"https:\/\/redenoticiaz.com.br\/ribeiraopreto-regiao\/wp-content\/uploads\/sites\/4\/2022\/07\/transito-4.jpeg","datePublished":"2022-07-28T20:08:25+00:00","dateModified":"2022-07-28T20:09:37+00:00","description":"Projeto de Educa\u00e7\u00e3o de Tr\u00e2nsito, na Est\u00e2ncia Tur\u00edstica de Barretos promove atividades para mais de 300 alunos.","inLanguage":"pt-BR","potentialAction":[{"@type":"ReadAction","target":["https:\/\/redenoticiaz.com.br\/ribeiraopreto-regiao\/sp\/2022\/07\/28\/mais-de-300-alunos-participam-de-projeto-de-educacao-de-transito"]}]},{"@type":"ImageObject","inLanguage":"pt-BR","@id":"https:\/\/redenoticiaz.com.br\/ribeiraopreto-regiao\/sp\/2022\/07\/28\/mais-de-300-alunos-participam-de-projeto-de-educacao-de-transito#primaryimage","url":"https:\/\/redenoticiaz.com.br\/ribeiraopreto-regiao\/wp-content\/uploads\/sites\/4\/2022\/07\/transito-4.jpeg","contentUrl":"https:\/\/redenoticiaz.com.br\/ribeiraopreto-regiao\/wp-content\/uploads\/sites\/4\/2022\/07\/transito-4.jpeg","width":1032,"height":581,"caption":"Educa\u00e7\u00e3o no Tr\u00e2nsito. Cr\u00e9dito: Reprodu\u00e7\u00e3o"},{"@type":"WebSite","@id":"https:\/\/redenoticiaz.com.br\/ribeiraopreto-regiao\/#website","url":"https:\/\/redenoticiaz.com.br\/ribeiraopreto-regiao\/","name":"Ribeir\u00e3o Preto e Regi\u00e3o","description":"Rede NoticiaZ - Ribeir\u00e3o Preto e regi\u00e3o","publisher":{"@id":"https:\/\/redenoticiaz.com.br\/ribeiraopreto-regiao\/#organization"},"potentialAction":[{"@type":"SearchAction","target":{"@type":"EntryPoint","urlTemplate":"https:\/\/redenoticiaz.com.br\/ribeiraopreto-regiao\/?s={search_term_string}"},"query-input":{"@type":"PropertyValueSpecification","valueRequired":true,"valueName":"search_term_string"}}],"inLanguage":"pt-BR"},{"@type":"Organization","@id":"https:\/\/redenoticiaz.com.br\/ribeiraopreto-regiao\/#organization","name":"Ribeir\u00e3o Preto e Regi\u00e3o","url":"https:\/\/redenoticiaz.com.br\/ribeiraopreto-regiao\/","logo":{"@type":"ImageObject","inLanguage":"pt-BR","@id":"https:\/\/redenoticiaz.com.br\/ribeiraopreto-regiao\/#\/schema\/logo\/image\/","url":"https:\/\/redenoticiaz.com.br\/barretos-regiao\/wp-content\/uploads\/sites\/4\/2022\/02\/logo.jpg","contentUrl":"https:\/\/redenoticiaz.com.br\/barretos-regiao\/wp-content\/uploads\/sites\/4\/2022\/02\/logo.jpg","width":400,"height":250,"caption":"Ribeir\u00e3o Preto e Regi\u00e3o"},"image":{"@id":"https:\/\/redenoticiaz.com.br\/ribeiraopreto-regiao\/#\/schema\/logo\/image\/"},"sameAs":["https:\/\/m.facebook.com\/redenoticiaz.barretos","https:\/\/x.com\/RN_barretos","https:\/\/www.instagram.com\/redenoticiaz.barretos\/?igshid=YmMyMTA2M2Y","https:\/\/www.linkedin.com\/company\/rede-noticiaz-barretos-e-regio\/"]},{"@type":"Person","@id":"","url":"https:\/\/redenoticiaz.com.br\/ribeiraopreto-regiao\/sp\/author"}]}},"_links":{"self":[{"href":"https:\/\/redenoticiaz.com.br\/ribeiraopreto-regiao\/wp-json\/wp\/v2\/posts\/89069","targetHints":{"allow":["GET"]}}],"collection":[{"href":"https:\/\/redenoticiaz.com.br\/ribeiraopreto-regiao\/wp-json\/wp\/v2\/posts"}],"about":[{"href":"https:\/\/redenoticiaz.com.br\/ribeiraopreto-regiao\/wp-json\/wp\/v2\/types\/post"}],"author":[{"embeddable":true,"href":"https:\/\/redenoticiaz.com.br\/ribeiraopreto-regiao\/wp-json\/wp\/v2\/users\/15"}],"replies":[{"embeddable":true,"href":"https:\/\/redenoticiaz.com.br\/ribeiraopreto-regiao\/wp-json\/wp\/v2\/comments?post=89069"}],"version-history":[{"count":2,"href":"https:\/\/redenoticiaz.com.br\/ribeiraopreto-regiao\/wp-json\/wp\/v2\/posts\/89069\/revisions"}],"predecessor-version":[{"id":89078,"href":"https:\/\/redenoticiaz.com.br\/ribeiraopreto-regiao\/wp-json\/wp\/v2\/posts\/89069\/revisions\/89078"}],"wp:featuredmedia":[{"embeddable":true,"href":"https:\/\/redenoticiaz.com.br\/ribeiraopreto-regiao\/wp-json\/wp\/v2\/media\/89070"}],"wp:attachment":[{"href":"https:\/\/redenoticiaz.com.br\/ribeiraopreto-regiao\/wp-json\/wp\/v2\/media?parent=89069"}],"wp:term":[{"taxonomy":"category","embeddable":true,"href":"https:\/\/redenoticiaz.com.br\/ribeiraopreto-regiao\/wp-json\/wp\/v2\/categories?post=89069"},{"taxonomy":"post_tag","embeddable":true,"href":"https:\/\/redenoticiaz.com.br\/ribeiraopreto-regiao\/wp-json\/wp\/v2\/tags?post=89069"}],"curies":[{"name":"wp","href":"https:\/\/api.w.org\/{rel}","templated":true}]}}