{"id":89110,"date":"2022-07-29T12:14:39","date_gmt":"2022-07-29T15:14:39","guid":{"rendered":"https:\/\/redenoticiaz.com.br\/barretos-regiao\/sp\/2022\/07\/29\/primeira-morte-por-variola-dos-macacos-no-brasil-e-confirmada"},"modified":"2022-07-29T12:14:39","modified_gmt":"2022-07-29T15:14:39","slug":"primeira-morte-por-variola-dos-macacos-no-brasil-e-confirmada","status":"publish","type":"post","link":"https:\/\/redenoticiaz.com.br\/ribeiraopreto-regiao\/sp\/2022\/07\/29\/primeira-morte-por-variola-dos-macacos-no-brasil-e-confirmada","title":{"rendered":"Primeira morte por var\u00edola dos macacos no Brasil \u00e9 confirmada"},"content":{"rendered":"<p>Aconteceu a <strong>primeira morte por var\u00edola dos macacos<\/strong> no Brasil. A informa\u00e7\u00e3o foi confirmada pelo <a href=\"https:\/\/www.gov.br\/saude\/pt-br\">Minist\u00e9rio da Sa\u00fade<\/a> nesta sexta-feira (29) e a v\u00edtima fatal aconteceu em Uberl\u00e2ndia, Minas Gerais. De acordo com a pasta, o homem apresentava baixa imunidade e faleceu pela doen\u00e7a.<\/p>\n<p>Em rela\u00e7\u00e3o aos casos, o Minist\u00e9rio da Sa\u00fade informa que o Brasil tem 978 casos confirmados, divididos em 15 estados, mais o Distrito Federal. Somente em S\u00e3o Paulo, 744 casos foram registrados, sendo que na Capital, crian\u00e7as tamb\u00e9m foram infectadas pela var\u00edola dos macacos.<\/p>\n<h5>Veja o cen\u00e1rio:<\/h5>\n<ul class=\"content-unordered-list\">\n<li>S\u00e3o Paulo (744)<\/li>\n<li>Rio de Janeiro (117)<\/li>\n<li>Minas Gerais (44)<\/li>\n<li>Paran\u00e1 (19)<\/li>\n<li>Distrito Federal (15)<\/li>\n<li>Goi\u00e1s (13)<\/li>\n<li>Bahia (5)<\/li>\n<li>Cear\u00e1 (4)<\/li>\n<li>Santa Catarina (4)<\/li>\n<li>Rio Grande do Sul (3)<\/li>\n<li>Pernambuco (3)<\/li>\n<li>Rio Grande do Norte (2)<\/li>\n<li>Esp\u00edrito Santo (2)<\/li>\n<li>Tocantins (1)<\/li>\n<li>Mato Grosso do Sul (1)<\/li>\n<li>Acre (1)<\/li>\n<\/ul>\n<h3>Situa\u00e7\u00e3o no mundo<\/h3>\n<p>Enquanto isso, pelo mundo, a Organiza\u00e7\u00e3o Mundial de Sa\u00fade (OMS) declarou que a var\u00edola dos macacos \u00e9 tratada como &#8220;emerg\u00eancia de sa\u00fade global&#8221;.<\/p>\n<div class=\"mc-column content-text active-extra-styles \" data-block-type=\"unstyled\" data-block-weight=\"37\" data-block-id=\"11\">\n<p class=\"content-text__container \" data-track-category=\"Link no Texto\" data-track-links=\"\">A decis\u00e3o pode levar a um maior investimento no tratamento da doen\u00e7a e avan\u00e7ar na luta por vacinas, que est\u00e3o em falta. Na pr\u00e1tica, o estado de emerg\u00eancia obriga ag\u00eancias sanit\u00e1rias pelo mundo a aumentar medidas preventivas.<\/p>\n<\/div>\n<div class=\"mc-column content-text active-extra-styles \" data-block-type=\"unstyled\" data-block-weight=\"22\" data-block-id=\"12\">\n<p class=\"content-text__container \" data-track-category=\"Link no Texto\" data-track-links=\"\">Atualmente, s\u00f3 h\u00e1 outras duas emerg\u00eancias de sa\u00fade deste tipo: a pandemia do coronav\u00edrus e o esfor\u00e7o cont\u00ednuo para erradicar a poliomielite.<\/p>\n<\/div>\n<div class=\"mc-column content-text active-extra-styles \" data-block-type=\"unstyled\" data-block-weight=\"31\" data-block-id=\"13\">\n<p class=\"content-text__container \" data-track-category=\"Link no Texto\" data-track-links=\"\">Mais de 18 mil casos e 5 mortes pela doen\u00e7a j\u00e1 foram relatados \u00e0 organiza\u00e7\u00e3o, em 78 pa\u00edses. Mais de de 70% das infec\u00e7\u00f5es v\u00eam da Europa e 25%, das Am\u00e9ricas.<\/p>\n<p data-track-category=\"Link no Texto\" data-track-links=\"\"><strong>LEIA TAMB\u00c9M<\/strong><\/p>\n<p data-track-category=\"Link no Texto\" data-track-links=\"\"><a href=\"https:\/\/redenoticiaz.com.br\/blog\/2022\/07\/27\/oms-diz-que-brasil-esta-em-situacao-preocupante-com-a-variola-dos-macacos\">OMS diz que Brasil est\u00e1 em situa\u00e7\u00e3o preocupante com a var\u00edola dos macacos<\/a><\/p>\n<\/div>\n","protected":false},"excerpt":{"rendered":"<p>Aconteceu a primeira morte por var\u00edola dos macacos no Brasil. A informa\u00e7\u00e3o foi confirmada pelo Minist\u00e9rio da Sa\u00fade nesta sexta-feira (29) e a v\u00edtima fatal aconteceu em Uberl\u00e2ndia, Minas Gerais. De acordo com a pasta, o homem apresentava baixa imunidade e faleceu pela doen\u00e7a. Em rela\u00e7\u00e3o aos casos, o Minist\u00e9rio da Sa\u00fade informa que o &hellip;<\/p>\n","protected":false},"author":6,"featured_media":89111,"comment_status":"open","ping_status":"closed","sticky":false,"template":"","format":"standard","meta":{"footnotes":""},"categories":[129],"tags":[70,1314,19355,4718,16974],"class_list":["post-89110","post","type-post","status-publish","format-standard","has-post-thumbnail","hentry","category-saude","tag-brasil","tag-ministerio-da-saude","tag-morte-confirmada","tag-uberlandia","tag-variola-dos-macacos"],"yoast_head":"<!-- This site is optimized with the Yoast SEO plugin v28.4 - https:\/\/yoast.com\/product\/yoast-seo-wordpress\/ -->\n<title>Primeira morte por var\u00edola dos macacos no Brasil \u00e9 confirmada - Ribeir\u00e3o Preto e Regi\u00e3o<\/title>\n<meta name=\"description\" content=\"Aconteceu a primeira morte por var\u00edola dos macacos no Brasil. A informa\u00e7\u00e3o foi confirmada pelo Minist\u00e9rio da Sa\u00fade nesta sexta-feira\" \/>\n<meta name=\"robots\" content=\"index, follow, max-snippet:-1, max-image-preview:large, max-video-preview:-1\" \/>\n<link rel=\"canonical\" href=\"https:\/\/redenoticiaz.com.br\/ribeiraopreto-regiao\/sp\/2022\/07\/29\/primeira-morte-por-variola-dos-macacos-no-brasil-e-confirmada\" \/>\n<meta property=\"og:locale\" content=\"pt_BR\" \/>\n<meta property=\"og:type\" content=\"article\" \/>\n<meta property=\"og:title\" content=\"Primeira morte por var\u00edola dos macacos no Brasil \u00e9 confirmada - Ribeir\u00e3o Preto e Regi\u00e3o\" \/>\n<meta property=\"og:description\" content=\"Aconteceu a primeira morte por var\u00edola dos macacos no Brasil. A informa\u00e7\u00e3o foi confirmada pelo Minist\u00e9rio da Sa\u00fade nesta sexta-feira\" \/>\n<meta property=\"og:url\" content=\"https:\/\/redenoticiaz.com.br\/ribeiraopreto-regiao\/sp\/2022\/07\/29\/primeira-morte-por-variola-dos-macacos-no-brasil-e-confirmada\" \/>\n<meta property=\"og:site_name\" content=\"Ribeir\u00e3o Preto e Regi\u00e3o\" \/>\n<meta property=\"article:publisher\" content=\"https:\/\/m.facebook.com\/redenoticiaz.barretos\" \/>\n<meta property=\"article:published_time\" content=\"2022-07-29T15:14:39+00:00\" \/>\n<meta property=\"og:image\" content=\"https:\/\/redenoticiaz.com.br\/ribeiraopreto-regiao\/wp-content\/uploads\/sites\/4\/2022\/02\/logo.jpg\" \/>\n\t<meta property=\"og:image:width\" content=\"400\" \/>\n\t<meta property=\"og:image:height\" content=\"250\" \/>\n\t<meta property=\"og:image:type\" content=\"image\/jpeg\" \/>\n<meta name=\"author\" content=\"Leonardo Francisco\" \/>\n<meta name=\"twitter:card\" content=\"summary_large_image\" \/>\n<meta name=\"twitter:creator\" content=\"@RN_barretos\" \/>\n<meta name=\"twitter:site\" content=\"@RN_barretos\" \/>\n<meta name=\"twitter:label1\" content=\"Escrito por\" \/>\n\t<meta name=\"twitter:data1\" content=\"Leonardo Francisco\" \/>\n\t<meta name=\"twitter:label2\" content=\"Est. tempo de leitura\" \/>\n\t<meta name=\"twitter:data2\" content=\"2 minutos\" \/>\n<script type=\"application\/ld+json\" class=\"yoast-schema-graph\">{\"@context\":\"https:\\\/\\\/schema.org\",\"@graph\":[{\"@type\":\"Article\",\"@id\":\"https:\\\/\\\/redenoticiaz.com.br\\\/ribeiraopreto-regiao\\\/sp\\\/2022\\\/07\\\/29\\\/primeira-morte-por-variola-dos-macacos-no-brasil-e-confirmada#article\",\"isPartOf\":{\"@id\":\"https:\\\/\\\/redenoticiaz.com.br\\\/ribeiraopreto-regiao\\\/sp\\\/2022\\\/07\\\/29\\\/primeira-morte-por-variola-dos-macacos-no-brasil-e-confirmada\"},\"author\":{\"name\":\"Leonardo Francisco\",\"@id\":\"https:\\\/\\\/redenoticiaz.com.br\\\/ribeiraopreto-regiao\\\/#\\\/schema\\\/person\\\/0f0b8a5bdafefe82841e07ae8d81ecb3\"},\"headline\":\"Primeira morte por var\u00edola dos macacos no Brasil \u00e9 confirmada\",\"datePublished\":\"2022-07-29T15:14:39+00:00\",\"mainEntityOfPage\":{\"@id\":\"https:\\\/\\\/redenoticiaz.com.br\\\/ribeiraopreto-regiao\\\/sp\\\/2022\\\/07\\\/29\\\/primeira-morte-por-variola-dos-macacos-no-brasil-e-confirmada\"},\"wordCount\":299,\"commentCount\":0,\"publisher\":{\"@id\":\"https:\\\/\\\/redenoticiaz.com.br\\\/ribeiraopreto-regiao\\\/#organization\"},\"image\":{\"@id\":\"https:\\\/\\\/redenoticiaz.com.br\\\/ribeiraopreto-regiao\\\/sp\\\/2022\\\/07\\\/29\\\/primeira-morte-por-variola-dos-macacos-no-brasil-e-confirmada#primaryimage\"},\"thumbnailUrl\":\"https:\\\/\\\/redenoticiaz.com.br\\\/ribeiraopreto-regiao\\\/wp-content\\\/uploads\\\/sites\\\/4\\\/2022\\\/07\\\/PCR-Variola-Macacos.jpg?v=1658314934\",\"keywords\":[\"Brasil\",\"Minist\u00e9rio da Sa\u00fade\",\"MORTE CONFIRMADA\",\"UBERL\u00c2NDIA\",\"VAR\u00cdOLA DOS MACACOS\"],\"articleSection\":[\"Sa\u00fade\"],\"inLanguage\":\"pt-BR\",\"potentialAction\":[{\"@type\":\"CommentAction\",\"name\":\"Comment\",\"target\":[\"https:\\\/\\\/redenoticiaz.com.br\\\/ribeiraopreto-regiao\\\/sp\\\/2022\\\/07\\\/29\\\/primeira-morte-por-variola-dos-macacos-no-brasil-e-confirmada#respond\"]}]},{\"@type\":\"WebPage\",\"@id\":\"https:\\\/\\\/redenoticiaz.com.br\\\/ribeiraopreto-regiao\\\/sp\\\/2022\\\/07\\\/29\\\/primeira-morte-por-variola-dos-macacos-no-brasil-e-confirmada\",\"url\":\"https:\\\/\\\/redenoticiaz.com.br\\\/ribeiraopreto-regiao\\\/sp\\\/2022\\\/07\\\/29\\\/primeira-morte-por-variola-dos-macacos-no-brasil-e-confirmada\",\"name\":\"Primeira morte por var\u00edola dos macacos no Brasil \u00e9 confirmada - Ribeir\u00e3o Preto e Regi\u00e3o\",\"isPartOf\":{\"@id\":\"https:\\\/\\\/redenoticiaz.com.br\\\/ribeiraopreto-regiao\\\/#website\"},\"primaryImageOfPage\":{\"@id\":\"https:\\\/\\\/redenoticiaz.com.br\\\/ribeiraopreto-regiao\\\/sp\\\/2022\\\/07\\\/29\\\/primeira-morte-por-variola-dos-macacos-no-brasil-e-confirmada#primaryimage\"},\"image\":{\"@id\":\"https:\\\/\\\/redenoticiaz.com.br\\\/ribeiraopreto-regiao\\\/sp\\\/2022\\\/07\\\/29\\\/primeira-morte-por-variola-dos-macacos-no-brasil-e-confirmada#primaryimage\"},\"thumbnailUrl\":\"https:\\\/\\\/redenoticiaz.com.br\\\/ribeiraopreto-regiao\\\/wp-content\\\/uploads\\\/sites\\\/4\\\/2022\\\/07\\\/PCR-Variola-Macacos.jpg?v=1658314934\",\"datePublished\":\"2022-07-29T15:14:39+00:00\",\"description\":\"Aconteceu a primeira morte por var\u00edola dos macacos no Brasil. A informa\u00e7\u00e3o foi confirmada pelo Minist\u00e9rio da Sa\u00fade nesta sexta-feira\",\"inLanguage\":\"pt-BR\",\"potentialAction\":[{\"@type\":\"ReadAction\",\"target\":[\"https:\\\/\\\/redenoticiaz.com.br\\\/ribeiraopreto-regiao\\\/sp\\\/2022\\\/07\\\/29\\\/primeira-morte-por-variola-dos-macacos-no-brasil-e-confirmada\"]}]},{\"@type\":\"ImageObject\",\"inLanguage\":\"pt-BR\",\"@id\":\"https:\\\/\\\/redenoticiaz.com.br\\\/ribeiraopreto-regiao\\\/sp\\\/2022\\\/07\\\/29\\\/primeira-morte-por-variola-dos-macacos-no-brasil-e-confirmada#primaryimage\",\"url\":\"https:\\\/\\\/redenoticiaz.com.br\\\/ribeiraopreto-regiao\\\/wp-content\\\/uploads\\\/sites\\\/4\\\/2022\\\/07\\\/PCR-Variola-Macacos.jpg?v=1658314934\",\"contentUrl\":\"https:\\\/\\\/redenoticiaz.com.br\\\/ribeiraopreto-regiao\\\/wp-content\\\/uploads\\\/sites\\\/4\\\/2022\\\/07\\\/PCR-Variola-Macacos.jpg?v=1658314934\",\"width\":1000,\"height\":666,\"caption\":\"Cr\u00e9ditos: Reprodu\u00e7\u00e3o\"},{\"@type\":\"WebSite\",\"@id\":\"https:\\\/\\\/redenoticiaz.com.br\\\/ribeiraopreto-regiao\\\/#website\",\"url\":\"https:\\\/\\\/redenoticiaz.com.br\\\/ribeiraopreto-regiao\\\/\",\"name\":\"Ribeir\u00e3o Preto e Regi\u00e3o\",\"description\":\"Rede NoticiaZ - Ribeir\u00e3o Preto e regi\u00e3o\",\"publisher\":{\"@id\":\"https:\\\/\\\/redenoticiaz.com.br\\\/ribeiraopreto-regiao\\\/#organization\"},\"potentialAction\":[{\"@type\":\"SearchAction\",\"target\":{\"@type\":\"EntryPoint\",\"urlTemplate\":\"https:\\\/\\\/redenoticiaz.com.br\\\/ribeiraopreto-regiao\\\/?s={search_term_string}\"},\"query-input\":{\"@type\":\"PropertyValueSpecification\",\"valueRequired\":true,\"valueName\":\"search_term_string\"}}],\"inLanguage\":\"pt-BR\"},{\"@type\":\"Organization\",\"@id\":\"https:\\\/\\\/redenoticiaz.com.br\\\/ribeiraopreto-regiao\\\/#organization\",\"name\":\"Ribeir\u00e3o Preto e Regi\u00e3o\",\"url\":\"https:\\\/\\\/redenoticiaz.com.br\\\/ribeiraopreto-regiao\\\/\",\"logo\":{\"@type\":\"ImageObject\",\"inLanguage\":\"pt-BR\",\"@id\":\"https:\\\/\\\/redenoticiaz.com.br\\\/ribeiraopreto-regiao\\\/#\\\/schema\\\/logo\\\/image\\\/\",\"url\":\"https:\\\/\\\/redenoticiaz.com.br\\\/barretos-regiao\\\/wp-content\\\/uploads\\\/sites\\\/4\\\/2022\\\/02\\\/logo.jpg\",\"contentUrl\":\"https:\\\/\\\/redenoticiaz.com.br\\\/barretos-regiao\\\/wp-content\\\/uploads\\\/sites\\\/4\\\/2022\\\/02\\\/logo.jpg\",\"width\":400,\"height\":250,\"caption\":\"Ribeir\u00e3o Preto e Regi\u00e3o\"},\"image\":{\"@id\":\"https:\\\/\\\/redenoticiaz.com.br\\\/ribeiraopreto-regiao\\\/#\\\/schema\\\/logo\\\/image\\\/\"},\"sameAs\":[\"https:\\\/\\\/m.facebook.com\\\/redenoticiaz.barretos\",\"https:\\\/\\\/x.com\\\/RN_barretos\",\"https:\\\/\\\/www.instagram.com\\\/redenoticiaz.barretos\\\/?igshid=YmMyMTA2M2Y\",\"https:\\\/\\\/www.linkedin.com\\\/company\\\/rede-noticiaz-barretos-e-regio\\\/\"]},{\"@type\":\"Person\",\"@id\":\"https:\\\/\\\/redenoticiaz.com.br\\\/ribeiraopreto-regiao\\\/#\\\/schema\\\/person\\\/0f0b8a5bdafefe82841e07ae8d81ecb3\",\"name\":\"Leonardo Francisco\",\"image\":{\"@type\":\"ImageObject\",\"inLanguage\":\"pt-BR\",\"@id\":\"https:\\\/\\\/secure.gravatar.com\\\/avatar\\\/a7358cb406a99b682ec6df1e77e31ae82e63601f6784e8a3df411d72b37864da?s=96&d=mm&r=g\",\"url\":\"https:\\\/\\\/secure.gravatar.com\\\/avatar\\\/a7358cb406a99b682ec6df1e77e31ae82e63601f6784e8a3df411d72b37864da?s=96&d=mm&r=g\",\"contentUrl\":\"https:\\\/\\\/secure.gravatar.com\\\/avatar\\\/a7358cb406a99b682ec6df1e77e31ae82e63601f6784e8a3df411d72b37864da?s=96&d=mm&r=g\",\"caption\":\"Leonardo Francisco\"},\"url\":\"https:\\\/\\\/redenoticiaz.com.br\\\/ribeiraopreto-regiao\\\/sp\\\/author\\\/leonardo-francisco\"}]}<\/script>\n<!-- \/ Yoast SEO plugin. -->","yoast_head_json":{"title":"Primeira morte por var\u00edola dos macacos no Brasil \u00e9 confirmada - Ribeir\u00e3o Preto e Regi\u00e3o","description":"Aconteceu a primeira morte por var\u00edola dos macacos no Brasil. A informa\u00e7\u00e3o foi confirmada pelo Minist\u00e9rio da Sa\u00fade nesta sexta-feira","robots":{"index":"index","follow":"follow","max-snippet":"max-snippet:-1","max-image-preview":"max-image-preview:large","max-video-preview":"max-video-preview:-1"},"canonical":"https:\/\/redenoticiaz.com.br\/ribeiraopreto-regiao\/sp\/2022\/07\/29\/primeira-morte-por-variola-dos-macacos-no-brasil-e-confirmada","og_locale":"pt_BR","og_type":"article","og_title":"Primeira morte por var\u00edola dos macacos no Brasil \u00e9 confirmada - Ribeir\u00e3o Preto e Regi\u00e3o","og_description":"Aconteceu a primeira morte por var\u00edola dos macacos no Brasil. A informa\u00e7\u00e3o foi confirmada pelo Minist\u00e9rio da Sa\u00fade nesta sexta-feira","og_url":"https:\/\/redenoticiaz.com.br\/ribeiraopreto-regiao\/sp\/2022\/07\/29\/primeira-morte-por-variola-dos-macacos-no-brasil-e-confirmada","og_site_name":"Ribeir\u00e3o Preto e Regi\u00e3o","article_publisher":"https:\/\/m.facebook.com\/redenoticiaz.barretos","article_published_time":"2022-07-29T15:14:39+00:00","og_image":[{"width":400,"height":250,"url":"https:\/\/redenoticiaz.com.br\/ribeiraopreto-regiao\/wp-content\/uploads\/sites\/4\/2022\/02\/logo.jpg","type":"image\/jpeg"}],"author":"Leonardo Francisco","twitter_card":"summary_large_image","twitter_creator":"@RN_barretos","twitter_site":"@RN_barretos","twitter_misc":{"Escrito por":"Leonardo Francisco","Est. tempo de leitura":"2 minutos"},"schema":{"@context":"https:\/\/schema.org","@graph":[{"@type":"Article","@id":"https:\/\/redenoticiaz.com.br\/ribeiraopreto-regiao\/sp\/2022\/07\/29\/primeira-morte-por-variola-dos-macacos-no-brasil-e-confirmada#article","isPartOf":{"@id":"https:\/\/redenoticiaz.com.br\/ribeiraopreto-regiao\/sp\/2022\/07\/29\/primeira-morte-por-variola-dos-macacos-no-brasil-e-confirmada"},"author":{"name":"Leonardo Francisco","@id":"https:\/\/redenoticiaz.com.br\/ribeiraopreto-regiao\/#\/schema\/person\/0f0b8a5bdafefe82841e07ae8d81ecb3"},"headline":"Primeira morte por var\u00edola dos macacos no Brasil \u00e9 confirmada","datePublished":"2022-07-29T15:14:39+00:00","mainEntityOfPage":{"@id":"https:\/\/redenoticiaz.com.br\/ribeiraopreto-regiao\/sp\/2022\/07\/29\/primeira-morte-por-variola-dos-macacos-no-brasil-e-confirmada"},"wordCount":299,"commentCount":0,"publisher":{"@id":"https:\/\/redenoticiaz.com.br\/ribeiraopreto-regiao\/#organization"},"image":{"@id":"https:\/\/redenoticiaz.com.br\/ribeiraopreto-regiao\/sp\/2022\/07\/29\/primeira-morte-por-variola-dos-macacos-no-brasil-e-confirmada#primaryimage"},"thumbnailUrl":"https:\/\/redenoticiaz.com.br\/ribeiraopreto-regiao\/wp-content\/uploads\/sites\/4\/2022\/07\/PCR-Variola-Macacos.jpg?v=1658314934","keywords":["Brasil","Minist\u00e9rio da Sa\u00fade","MORTE CONFIRMADA","UBERL\u00c2NDIA","VAR\u00cdOLA DOS MACACOS"],"articleSection":["Sa\u00fade"],"inLanguage":"pt-BR","potentialAction":[{"@type":"CommentAction","name":"Comment","target":["https:\/\/redenoticiaz.com.br\/ribeiraopreto-regiao\/sp\/2022\/07\/29\/primeira-morte-por-variola-dos-macacos-no-brasil-e-confirmada#respond"]}]},{"@type":"WebPage","@id":"https:\/\/redenoticiaz.com.br\/ribeiraopreto-regiao\/sp\/2022\/07\/29\/primeira-morte-por-variola-dos-macacos-no-brasil-e-confirmada","url":"https:\/\/redenoticiaz.com.br\/ribeiraopreto-regiao\/sp\/2022\/07\/29\/primeira-morte-por-variola-dos-macacos-no-brasil-e-confirmada","name":"Primeira morte por var\u00edola dos macacos no Brasil \u00e9 confirmada - Ribeir\u00e3o Preto e Regi\u00e3o","isPartOf":{"@id":"https:\/\/redenoticiaz.com.br\/ribeiraopreto-regiao\/#website"},"primaryImageOfPage":{"@id":"https:\/\/redenoticiaz.com.br\/ribeiraopreto-regiao\/sp\/2022\/07\/29\/primeira-morte-por-variola-dos-macacos-no-brasil-e-confirmada#primaryimage"},"image":{"@id":"https:\/\/redenoticiaz.com.br\/ribeiraopreto-regiao\/sp\/2022\/07\/29\/primeira-morte-por-variola-dos-macacos-no-brasil-e-confirmada#primaryimage"},"thumbnailUrl":"https:\/\/redenoticiaz.com.br\/ribeiraopreto-regiao\/wp-content\/uploads\/sites\/4\/2022\/07\/PCR-Variola-Macacos.jpg?v=1658314934","datePublished":"2022-07-29T15:14:39+00:00","description":"Aconteceu a primeira morte por var\u00edola dos macacos no Brasil. A informa\u00e7\u00e3o foi confirmada pelo Minist\u00e9rio da Sa\u00fade nesta sexta-feira","inLanguage":"pt-BR","potentialAction":[{"@type":"ReadAction","target":["https:\/\/redenoticiaz.com.br\/ribeiraopreto-regiao\/sp\/2022\/07\/29\/primeira-morte-por-variola-dos-macacos-no-brasil-e-confirmada"]}]},{"@type":"ImageObject","inLanguage":"pt-BR","@id":"https:\/\/redenoticiaz.com.br\/ribeiraopreto-regiao\/sp\/2022\/07\/29\/primeira-morte-por-variola-dos-macacos-no-brasil-e-confirmada#primaryimage","url":"https:\/\/redenoticiaz.com.br\/ribeiraopreto-regiao\/wp-content\/uploads\/sites\/4\/2022\/07\/PCR-Variola-Macacos.jpg?v=1658314934","contentUrl":"https:\/\/redenoticiaz.com.br\/ribeiraopreto-regiao\/wp-content\/uploads\/sites\/4\/2022\/07\/PCR-Variola-Macacos.jpg?v=1658314934","width":1000,"height":666,"caption":"Cr\u00e9ditos: Reprodu\u00e7\u00e3o"},{"@type":"WebSite","@id":"https:\/\/redenoticiaz.com.br\/ribeiraopreto-regiao\/#website","url":"https:\/\/redenoticiaz.com.br\/ribeiraopreto-regiao\/","name":"Ribeir\u00e3o Preto e Regi\u00e3o","description":"Rede NoticiaZ - Ribeir\u00e3o Preto e regi\u00e3o","publisher":{"@id":"https:\/\/redenoticiaz.com.br\/ribeiraopreto-regiao\/#organization"},"potentialAction":[{"@type":"SearchAction","target":{"@type":"EntryPoint","urlTemplate":"https:\/\/redenoticiaz.com.br\/ribeiraopreto-regiao\/?s={search_term_string}"},"query-input":{"@type":"PropertyValueSpecification","valueRequired":true,"valueName":"search_term_string"}}],"inLanguage":"pt-BR"},{"@type":"Organization","@id":"https:\/\/redenoticiaz.com.br\/ribeiraopreto-regiao\/#organization","name":"Ribeir\u00e3o Preto e Regi\u00e3o","url":"https:\/\/redenoticiaz.com.br\/ribeiraopreto-regiao\/","logo":{"@type":"ImageObject","inLanguage":"pt-BR","@id":"https:\/\/redenoticiaz.com.br\/ribeiraopreto-regiao\/#\/schema\/logo\/image\/","url":"https:\/\/redenoticiaz.com.br\/barretos-regiao\/wp-content\/uploads\/sites\/4\/2022\/02\/logo.jpg","contentUrl":"https:\/\/redenoticiaz.com.br\/barretos-regiao\/wp-content\/uploads\/sites\/4\/2022\/02\/logo.jpg","width":400,"height":250,"caption":"Ribeir\u00e3o Preto e Regi\u00e3o"},"image":{"@id":"https:\/\/redenoticiaz.com.br\/ribeiraopreto-regiao\/#\/schema\/logo\/image\/"},"sameAs":["https:\/\/m.facebook.com\/redenoticiaz.barretos","https:\/\/x.com\/RN_barretos","https:\/\/www.instagram.com\/redenoticiaz.barretos\/?igshid=YmMyMTA2M2Y","https:\/\/www.linkedin.com\/company\/rede-noticiaz-barretos-e-regio\/"]},{"@type":"Person","@id":"https:\/\/redenoticiaz.com.br\/ribeiraopreto-regiao\/#\/schema\/person\/0f0b8a5bdafefe82841e07ae8d81ecb3","name":"Leonardo Francisco","image":{"@type":"ImageObject","inLanguage":"pt-BR","@id":"https:\/\/secure.gravatar.com\/avatar\/a7358cb406a99b682ec6df1e77e31ae82e63601f6784e8a3df411d72b37864da?s=96&d=mm&r=g","url":"https:\/\/secure.gravatar.com\/avatar\/a7358cb406a99b682ec6df1e77e31ae82e63601f6784e8a3df411d72b37864da?s=96&d=mm&r=g","contentUrl":"https:\/\/secure.gravatar.com\/avatar\/a7358cb406a99b682ec6df1e77e31ae82e63601f6784e8a3df411d72b37864da?s=96&d=mm&r=g","caption":"Leonardo Francisco"},"url":"https:\/\/redenoticiaz.com.br\/ribeiraopreto-regiao\/sp\/author\/leonardo-francisco"}]}},"_links":{"self":[{"href":"https:\/\/redenoticiaz.com.br\/ribeiraopreto-regiao\/wp-json\/wp\/v2\/posts\/89110","targetHints":{"allow":["GET"]}}],"collection":[{"href":"https:\/\/redenoticiaz.com.br\/ribeiraopreto-regiao\/wp-json\/wp\/v2\/posts"}],"about":[{"href":"https:\/\/redenoticiaz.com.br\/ribeiraopreto-regiao\/wp-json\/wp\/v2\/types\/post"}],"author":[{"embeddable":true,"href":"https:\/\/redenoticiaz.com.br\/ribeiraopreto-regiao\/wp-json\/wp\/v2\/users\/6"}],"replies":[{"embeddable":true,"href":"https:\/\/redenoticiaz.com.br\/ribeiraopreto-regiao\/wp-json\/wp\/v2\/comments?post=89110"}],"version-history":[{"count":0,"href":"https:\/\/redenoticiaz.com.br\/ribeiraopreto-regiao\/wp-json\/wp\/v2\/posts\/89110\/revisions"}],"wp:featuredmedia":[{"embeddable":true,"href":"https:\/\/redenoticiaz.com.br\/ribeiraopreto-regiao\/wp-json\/wp\/v2\/media\/89111"}],"wp:attachment":[{"href":"https:\/\/redenoticiaz.com.br\/ribeiraopreto-regiao\/wp-json\/wp\/v2\/media?parent=89110"}],"wp:term":[{"taxonomy":"category","embeddable":true,"href":"https:\/\/redenoticiaz.com.br\/ribeiraopreto-regiao\/wp-json\/wp\/v2\/categories?post=89110"},{"taxonomy":"post_tag","embeddable":true,"href":"https:\/\/redenoticiaz.com.br\/ribeiraopreto-regiao\/wp-json\/wp\/v2\/tags?post=89110"}],"curies":[{"name":"wp","href":"https:\/\/api.w.org\/{rel}","templated":true}]}}