{"id":89118,"date":"2022-07-29T14:32:15","date_gmt":"2022-07-29T17:32:15","guid":{"rendered":"https:\/\/redenoticiaz.com.br\/barretos-regiao\/?p=89118"},"modified":"2022-07-29T14:32:15","modified_gmt":"2022-07-29T17:32:15","slug":"video-voluntarios-ajudam-bombeiros-a-combater-incendio-em-residencia","status":"publish","type":"post","link":"https:\/\/redenoticiaz.com.br\/ribeiraopreto-regiao\/sp\/2022\/07\/29\/video-voluntarios-ajudam-bombeiros-a-combater-incendio-em-residencia","title":{"rendered":"V\u00cdDEO: Volunt\u00e1rios ajudam Bombeiros a combater inc\u00eandio em resid\u00eancia"},"content":{"rendered":"<p>Na tarde desta sexta-feira (29), equipes do Corpo de Bombeiros de Ol\u00edmpia foram acionadas para combater um inc\u00eandio em uma casa em Sever\u00ednia.<\/p>\n<p>Antes mesmo da chegada dos\u00a0Bombeiros de Ol\u00edmpia,\u00a0volunt\u00e1rios da cidade, ajudaram no combate ao inc\u00eandio, como um dos moradores\u00a0que atua como volunt\u00e1rio\u00a0na\u00a0Cruz Vermelha Brasileira, e\u00a0funcion\u00e1rios da administra\u00e7\u00e3o municipal com caminh\u00f5es pipa.<\/p>\n<h4>Segundo informa\u00e7\u00f5es, havia um grande risco das paredes da casa desabarem devido \u00e0s chamas. Assista ao v\u00eddeo:<\/h4>\n<div class=\"wp-playlist wp-video-playlist wp-playlist-light\">\n\t\t<video controls=\"controls\" preload=\"none\" width=\"640\"\n\t\t height=\"352\"\t><\/video>\n\t<div class=\"wp-playlist-next\"><\/div>\n\t<div class=\"wp-playlist-prev\"><\/div>\n\t<noscript>\n\t<ol>\n\t\t<li><a href='https:\/\/redenoticiaz.com.br\/ribeiraopreto-regiao\/wp-content\/uploads\/sites\/4\/2022\/07\/WhatsApp-Video-2022-07-29-at-14.04.29.mp4'>Cr\u00e9dito: Ol\u00edmpia24h<\/a><\/li>\t<\/ol>\n\t<\/noscript>\n\t<script type=\"application\/json\" class=\"wp-playlist-script\">{\"type\":\"video\",\"tracklist\":true,\"tracknumbers\":true,\"images\":true,\"artists\":true,\"tracks\":[{\"src\":\"https:\/\/redenoticiaz.com.br\/ribeiraopreto-regiao\/wp-content\/uploads\/sites\/4\/2022\/07\/WhatsApp-Video-2022-07-29-at-14.04.29.mp4\",\"type\":\"video\/mp4\",\"title\":\"Cr\\u00e9dito: Ol\\u00edmpia24h\",\"caption\":\"\",\"description\":\"\",\"meta\":{\"length_formatted\":\"0:30\"},\"dimensions\":{\"original\":{\"width\":640,\"height\":352},\"resized\":{\"width\":640,\"height\":352}},\"image\":{\"src\":\"https:\/\/redenoticiaz.com.br\/ribeiraopreto-regiao\/wp-includes\/images\/media\/video.svg\",\"width\":48,\"height\":64},\"thumb\":{\"src\":\"https:\/\/redenoticiaz.com.br\/ribeiraopreto-regiao\/wp-includes\/images\/media\/video.svg\",\"width\":48,\"height\":64}}]}<\/script>\n<\/div>\n\t\n<p>&nbsp;<\/p>\n<p>Volunt\u00e1rios conseguiram salvar alguns objetos da cozinha, por\u00e9m a resid\u00eancia ficou destru\u00edda, o im\u00f3vel foi interditado e passar\u00e1 por uma avalia\u00e7\u00e3o t\u00e9cnica. Ningu\u00e9m ficou ferido.<\/p>\n<p>N\u00e3o se sabe at\u00e9 o momento\u00a0as causas do inc\u00eandio\u00a0que devem ser apuradas pela\u00a0Pol\u00edcia Civil.<\/p>\n<p><strong>VEJA TAMB\u00c9M:\u00a0<a href=\"https:\/\/redenoticiaz.com.br\/barretos-regiao\/sp\/2022\/07\/28\/bombeiros-combatem-principio-de-incendio-em-loja-de-produtos-eletronicos\">Bombeiros combatem princ\u00edpio de inc\u00eandio em loja de produtos eletr\u00f4nicos<\/a><\/strong><\/p>\n<p>&nbsp;<\/p>\n","protected":false},"excerpt":{"rendered":"<p>Na tarde desta sexta-feira (29), equipes do Corpo de Bombeiros de Ol\u00edmpia foram acionadas para combater um inc\u00eandio em uma casa em Sever\u00ednia. Antes mesmo da chegada dos\u00a0Bombeiros de Ol\u00edmpia,\u00a0volunt\u00e1rios da cidade, ajudaram no combate ao inc\u00eandio, como um dos moradores\u00a0que atua como volunt\u00e1rio\u00a0na\u00a0Cruz Vermelha Brasileira, e\u00a0funcion\u00e1rios da administra\u00e7\u00e3o municipal com caminh\u00f5es pipa. Segundo informa\u00e7\u00f5es, &hellip;<\/p>\n","protected":false},"author":15,"featured_media":89122,"comment_status":"open","ping_status":"closed","sticky":false,"template":"","format":"standard","meta":{"footnotes":""},"categories":[88],"tags":[438,15033,939,1242,19357],"class_list":["post-89118","post","type-post","status-publish","format-standard","has-post-thumbnail","hentry","category-policia","tag-bombeiros","tag-casa","tag-incendio","tag-severinia","tag-voluntarios"],"yoast_head":"<!-- This site is optimized with the Yoast SEO plugin v28.3 - https:\/\/yoast.com\/product\/yoast-seo-wordpress\/ -->\n<title>V\u00cdDEO: Volunt\u00e1rios ajudam Bombeiros a combater inc\u00eandio em resid\u00eancia - Ribeir\u00e3o Preto e Regi\u00e3o<\/title>\n<meta name=\"description\" content=\"Na tarde de hoje (29), as equipes do Corpo de Bombeiros de Ol\u00edmpia foram acionadas para combater um inc\u00eandio em uma casa em Sever\u00ednia.\" \/>\n<meta name=\"robots\" content=\"index, follow, max-snippet:-1, max-image-preview:large, max-video-preview:-1\" \/>\n<link rel=\"canonical\" href=\"https:\/\/redenoticiaz.com.br\/ribeiraopreto-regiao\/sp\/2022\/07\/29\/video-voluntarios-ajudam-bombeiros-a-combater-incendio-em-residencia\" \/>\n<meta property=\"og:locale\" content=\"pt_BR\" \/>\n<meta property=\"og:type\" content=\"article\" \/>\n<meta property=\"og:title\" content=\"V\u00cdDEO: Volunt\u00e1rios ajudam Bombeiros a combater inc\u00eandio em resid\u00eancia - Ribeir\u00e3o Preto e Regi\u00e3o\" \/>\n<meta property=\"og:description\" content=\"Na tarde de hoje (29), as equipes do Corpo de Bombeiros de Ol\u00edmpia foram acionadas para combater um inc\u00eandio em uma casa em Sever\u00ednia.\" \/>\n<meta property=\"og:url\" content=\"https:\/\/redenoticiaz.com.br\/ribeiraopreto-regiao\/sp\/2022\/07\/29\/video-voluntarios-ajudam-bombeiros-a-combater-incendio-em-residencia\" \/>\n<meta property=\"og:site_name\" content=\"Ribeir\u00e3o Preto e Regi\u00e3o\" \/>\n<meta property=\"article:publisher\" content=\"https:\/\/m.facebook.com\/redenoticiaz.barretos\" \/>\n<meta property=\"article:published_time\" content=\"2022-07-29T17:32:15+00:00\" \/>\n<meta property=\"og:image\" content=\"https:\/\/redenoticiaz.com.br\/ribeiraopreto-regiao\/wp-content\/uploads\/sites\/4\/2022\/07\/2022-07-29.png\" \/>\n\t<meta property=\"og:image:width\" content=\"631\" \/>\n\t<meta property=\"og:image:height\" content=\"338\" \/>\n\t<meta property=\"og:image:type\" content=\"image\/png\" \/>\n<meta name=\"twitter:card\" content=\"summary_large_image\" \/>\n<meta name=\"twitter:creator\" content=\"@RN_barretos\" \/>\n<meta name=\"twitter:site\" content=\"@RN_barretos\" \/>\n<meta name=\"twitter:label1\" content=\"Escrito por\" \/>\n\t<meta name=\"twitter:data1\" content=\"\" \/>\n\t<meta name=\"twitter:label2\" content=\"Est. tempo de leitura\" \/>\n\t<meta name=\"twitter:data2\" content=\"1 minuto\" \/>\n<script type=\"application\/ld+json\" class=\"yoast-schema-graph\">{\"@context\":\"https:\\\/\\\/schema.org\",\"@graph\":[{\"@type\":\"Article\",\"@id\":\"https:\\\/\\\/redenoticiaz.com.br\\\/ribeiraopreto-regiao\\\/sp\\\/2022\\\/07\\\/29\\\/video-voluntarios-ajudam-bombeiros-a-combater-incendio-em-residencia#article\",\"isPartOf\":{\"@id\":\"https:\\\/\\\/redenoticiaz.com.br\\\/ribeiraopreto-regiao\\\/sp\\\/2022\\\/07\\\/29\\\/video-voluntarios-ajudam-bombeiros-a-combater-incendio-em-residencia\"},\"author\":{\"name\":\"\",\"@id\":\"\"},\"headline\":\"V\u00cdDEO: Volunt\u00e1rios ajudam Bombeiros a combater inc\u00eandio em resid\u00eancia\",\"datePublished\":\"2022-07-29T17:32:15+00:00\",\"mainEntityOfPage\":{\"@id\":\"https:\\\/\\\/redenoticiaz.com.br\\\/ribeiraopreto-regiao\\\/sp\\\/2022\\\/07\\\/29\\\/video-voluntarios-ajudam-bombeiros-a-combater-incendio-em-residencia\"},\"wordCount\":175,\"commentCount\":0,\"publisher\":{\"@id\":\"https:\\\/\\\/redenoticiaz.com.br\\\/ribeiraopreto-regiao\\\/#organization\"},\"image\":{\"@id\":\"https:\\\/\\\/redenoticiaz.com.br\\\/ribeiraopreto-regiao\\\/sp\\\/2022\\\/07\\\/29\\\/video-voluntarios-ajudam-bombeiros-a-combater-incendio-em-residencia#primaryimage\"},\"thumbnailUrl\":\"https:\\\/\\\/redenoticiaz.com.br\\\/ribeiraopreto-regiao\\\/wp-content\\\/uploads\\\/sites\\\/4\\\/2022\\\/07\\\/2022-07-29.png\",\"keywords\":[\"Bombeiros\",\"casa\",\"inc\u00eandio\",\"Sever\u00ednia\",\"VOLUNT\u00c1RIOS\"],\"articleSection\":[\"Pol\u00edcia\"],\"inLanguage\":\"pt-BR\",\"potentialAction\":[{\"@type\":\"CommentAction\",\"name\":\"Comment\",\"target\":[\"https:\\\/\\\/redenoticiaz.com.br\\\/ribeiraopreto-regiao\\\/sp\\\/2022\\\/07\\\/29\\\/video-voluntarios-ajudam-bombeiros-a-combater-incendio-em-residencia#respond\"]}]},{\"@type\":\"WebPage\",\"@id\":\"https:\\\/\\\/redenoticiaz.com.br\\\/ribeiraopreto-regiao\\\/sp\\\/2022\\\/07\\\/29\\\/video-voluntarios-ajudam-bombeiros-a-combater-incendio-em-residencia\",\"url\":\"https:\\\/\\\/redenoticiaz.com.br\\\/ribeiraopreto-regiao\\\/sp\\\/2022\\\/07\\\/29\\\/video-voluntarios-ajudam-bombeiros-a-combater-incendio-em-residencia\",\"name\":\"V\u00cdDEO: Volunt\u00e1rios ajudam Bombeiros a combater inc\u00eandio em resid\u00eancia - Ribeir\u00e3o Preto e Regi\u00e3o\",\"isPartOf\":{\"@id\":\"https:\\\/\\\/redenoticiaz.com.br\\\/ribeiraopreto-regiao\\\/#website\"},\"primaryImageOfPage\":{\"@id\":\"https:\\\/\\\/redenoticiaz.com.br\\\/ribeiraopreto-regiao\\\/sp\\\/2022\\\/07\\\/29\\\/video-voluntarios-ajudam-bombeiros-a-combater-incendio-em-residencia#primaryimage\"},\"image\":{\"@id\":\"https:\\\/\\\/redenoticiaz.com.br\\\/ribeiraopreto-regiao\\\/sp\\\/2022\\\/07\\\/29\\\/video-voluntarios-ajudam-bombeiros-a-combater-incendio-em-residencia#primaryimage\"},\"thumbnailUrl\":\"https:\\\/\\\/redenoticiaz.com.br\\\/ribeiraopreto-regiao\\\/wp-content\\\/uploads\\\/sites\\\/4\\\/2022\\\/07\\\/2022-07-29.png\",\"datePublished\":\"2022-07-29T17:32:15+00:00\",\"description\":\"Na tarde de hoje (29), as equipes do Corpo de Bombeiros de Ol\u00edmpia foram acionadas para combater um inc\u00eandio em uma casa em Sever\u00ednia.\",\"inLanguage\":\"pt-BR\",\"potentialAction\":[{\"@type\":\"ReadAction\",\"target\":[\"https:\\\/\\\/redenoticiaz.com.br\\\/ribeiraopreto-regiao\\\/sp\\\/2022\\\/07\\\/29\\\/video-voluntarios-ajudam-bombeiros-a-combater-incendio-em-residencia\"]}]},{\"@type\":\"ImageObject\",\"inLanguage\":\"pt-BR\",\"@id\":\"https:\\\/\\\/redenoticiaz.com.br\\\/ribeiraopreto-regiao\\\/sp\\\/2022\\\/07\\\/29\\\/video-voluntarios-ajudam-bombeiros-a-combater-incendio-em-residencia#primaryimage\",\"url\":\"https:\\\/\\\/redenoticiaz.com.br\\\/ribeiraopreto-regiao\\\/wp-content\\\/uploads\\\/sites\\\/4\\\/2022\\\/07\\\/2022-07-29.png\",\"contentUrl\":\"https:\\\/\\\/redenoticiaz.com.br\\\/ribeiraopreto-regiao\\\/wp-content\\\/uploads\\\/sites\\\/4\\\/2022\\\/07\\\/2022-07-29.png\",\"width\":631,\"height\":338,\"caption\":\"Volunt\u00e1rios ajudam Bombeiros. Cr\u00e9dito: Reprodu\u00e7\u00e3o\"},{\"@type\":\"WebSite\",\"@id\":\"https:\\\/\\\/redenoticiaz.com.br\\\/ribeiraopreto-regiao\\\/#website\",\"url\":\"https:\\\/\\\/redenoticiaz.com.br\\\/ribeiraopreto-regiao\\\/\",\"name\":\"Ribeir\u00e3o Preto e Regi\u00e3o\",\"description\":\"Rede NoticiaZ - Ribeir\u00e3o Preto e regi\u00e3o\",\"publisher\":{\"@id\":\"https:\\\/\\\/redenoticiaz.com.br\\\/ribeiraopreto-regiao\\\/#organization\"},\"potentialAction\":[{\"@type\":\"SearchAction\",\"target\":{\"@type\":\"EntryPoint\",\"urlTemplate\":\"https:\\\/\\\/redenoticiaz.com.br\\\/ribeiraopreto-regiao\\\/?s={search_term_string}\"},\"query-input\":{\"@type\":\"PropertyValueSpecification\",\"valueRequired\":true,\"valueName\":\"search_term_string\"}}],\"inLanguage\":\"pt-BR\"},{\"@type\":\"Organization\",\"@id\":\"https:\\\/\\\/redenoticiaz.com.br\\\/ribeiraopreto-regiao\\\/#organization\",\"name\":\"Ribeir\u00e3o Preto e Regi\u00e3o\",\"url\":\"https:\\\/\\\/redenoticiaz.com.br\\\/ribeiraopreto-regiao\\\/\",\"logo\":{\"@type\":\"ImageObject\",\"inLanguage\":\"pt-BR\",\"@id\":\"https:\\\/\\\/redenoticiaz.com.br\\\/ribeiraopreto-regiao\\\/#\\\/schema\\\/logo\\\/image\\\/\",\"url\":\"https:\\\/\\\/redenoticiaz.com.br\\\/barretos-regiao\\\/wp-content\\\/uploads\\\/sites\\\/4\\\/2022\\\/02\\\/logo.jpg\",\"contentUrl\":\"https:\\\/\\\/redenoticiaz.com.br\\\/barretos-regiao\\\/wp-content\\\/uploads\\\/sites\\\/4\\\/2022\\\/02\\\/logo.jpg\",\"width\":400,\"height\":250,\"caption\":\"Ribeir\u00e3o Preto e Regi\u00e3o\"},\"image\":{\"@id\":\"https:\\\/\\\/redenoticiaz.com.br\\\/ribeiraopreto-regiao\\\/#\\\/schema\\\/logo\\\/image\\\/\"},\"sameAs\":[\"https:\\\/\\\/m.facebook.com\\\/redenoticiaz.barretos\",\"https:\\\/\\\/x.com\\\/RN_barretos\",\"https:\\\/\\\/www.instagram.com\\\/redenoticiaz.barretos\\\/?igshid=YmMyMTA2M2Y\",\"https:\\\/\\\/www.linkedin.com\\\/company\\\/rede-noticiaz-barretos-e-regio\\\/\"]},{\"@type\":\"Person\",\"@id\":\"\",\"url\":\"https:\\\/\\\/redenoticiaz.com.br\\\/ribeiraopreto-regiao\\\/sp\\\/author\"}]}<\/script>\n<!-- \/ Yoast SEO plugin. -->","yoast_head_json":{"title":"V\u00cdDEO: Volunt\u00e1rios ajudam Bombeiros a combater inc\u00eandio em resid\u00eancia - Ribeir\u00e3o Preto e Regi\u00e3o","description":"Na tarde de hoje (29), as equipes do Corpo de Bombeiros de Ol\u00edmpia foram acionadas para combater um inc\u00eandio em uma casa em Sever\u00ednia.","robots":{"index":"index","follow":"follow","max-snippet":"max-snippet:-1","max-image-preview":"max-image-preview:large","max-video-preview":"max-video-preview:-1"},"canonical":"https:\/\/redenoticiaz.com.br\/ribeiraopreto-regiao\/sp\/2022\/07\/29\/video-voluntarios-ajudam-bombeiros-a-combater-incendio-em-residencia","og_locale":"pt_BR","og_type":"article","og_title":"V\u00cdDEO: Volunt\u00e1rios ajudam Bombeiros a combater inc\u00eandio em resid\u00eancia - Ribeir\u00e3o Preto e Regi\u00e3o","og_description":"Na tarde de hoje (29), as equipes do Corpo de Bombeiros de Ol\u00edmpia foram acionadas para combater um inc\u00eandio em uma casa em Sever\u00ednia.","og_url":"https:\/\/redenoticiaz.com.br\/ribeiraopreto-regiao\/sp\/2022\/07\/29\/video-voluntarios-ajudam-bombeiros-a-combater-incendio-em-residencia","og_site_name":"Ribeir\u00e3o Preto e Regi\u00e3o","article_publisher":"https:\/\/m.facebook.com\/redenoticiaz.barretos","article_published_time":"2022-07-29T17:32:15+00:00","og_image":[{"width":631,"height":338,"url":"https:\/\/redenoticiaz.com.br\/ribeiraopreto-regiao\/wp-content\/uploads\/sites\/4\/2022\/07\/2022-07-29.png","type":"image\/png"}],"twitter_card":"summary_large_image","twitter_creator":"@RN_barretos","twitter_site":"@RN_barretos","twitter_misc":{"Escrito por":"","Est. tempo de leitura":"1 minuto"},"schema":{"@context":"https:\/\/schema.org","@graph":[{"@type":"Article","@id":"https:\/\/redenoticiaz.com.br\/ribeiraopreto-regiao\/sp\/2022\/07\/29\/video-voluntarios-ajudam-bombeiros-a-combater-incendio-em-residencia#article","isPartOf":{"@id":"https:\/\/redenoticiaz.com.br\/ribeiraopreto-regiao\/sp\/2022\/07\/29\/video-voluntarios-ajudam-bombeiros-a-combater-incendio-em-residencia"},"author":{"name":"","@id":""},"headline":"V\u00cdDEO: Volunt\u00e1rios ajudam Bombeiros a combater inc\u00eandio em resid\u00eancia","datePublished":"2022-07-29T17:32:15+00:00","mainEntityOfPage":{"@id":"https:\/\/redenoticiaz.com.br\/ribeiraopreto-regiao\/sp\/2022\/07\/29\/video-voluntarios-ajudam-bombeiros-a-combater-incendio-em-residencia"},"wordCount":175,"commentCount":0,"publisher":{"@id":"https:\/\/redenoticiaz.com.br\/ribeiraopreto-regiao\/#organization"},"image":{"@id":"https:\/\/redenoticiaz.com.br\/ribeiraopreto-regiao\/sp\/2022\/07\/29\/video-voluntarios-ajudam-bombeiros-a-combater-incendio-em-residencia#primaryimage"},"thumbnailUrl":"https:\/\/redenoticiaz.com.br\/ribeiraopreto-regiao\/wp-content\/uploads\/sites\/4\/2022\/07\/2022-07-29.png","keywords":["Bombeiros","casa","inc\u00eandio","Sever\u00ednia","VOLUNT\u00c1RIOS"],"articleSection":["Pol\u00edcia"],"inLanguage":"pt-BR","potentialAction":[{"@type":"CommentAction","name":"Comment","target":["https:\/\/redenoticiaz.com.br\/ribeiraopreto-regiao\/sp\/2022\/07\/29\/video-voluntarios-ajudam-bombeiros-a-combater-incendio-em-residencia#respond"]}]},{"@type":"WebPage","@id":"https:\/\/redenoticiaz.com.br\/ribeiraopreto-regiao\/sp\/2022\/07\/29\/video-voluntarios-ajudam-bombeiros-a-combater-incendio-em-residencia","url":"https:\/\/redenoticiaz.com.br\/ribeiraopreto-regiao\/sp\/2022\/07\/29\/video-voluntarios-ajudam-bombeiros-a-combater-incendio-em-residencia","name":"V\u00cdDEO: Volunt\u00e1rios ajudam Bombeiros a combater inc\u00eandio em resid\u00eancia - Ribeir\u00e3o Preto e Regi\u00e3o","isPartOf":{"@id":"https:\/\/redenoticiaz.com.br\/ribeiraopreto-regiao\/#website"},"primaryImageOfPage":{"@id":"https:\/\/redenoticiaz.com.br\/ribeiraopreto-regiao\/sp\/2022\/07\/29\/video-voluntarios-ajudam-bombeiros-a-combater-incendio-em-residencia#primaryimage"},"image":{"@id":"https:\/\/redenoticiaz.com.br\/ribeiraopreto-regiao\/sp\/2022\/07\/29\/video-voluntarios-ajudam-bombeiros-a-combater-incendio-em-residencia#primaryimage"},"thumbnailUrl":"https:\/\/redenoticiaz.com.br\/ribeiraopreto-regiao\/wp-content\/uploads\/sites\/4\/2022\/07\/2022-07-29.png","datePublished":"2022-07-29T17:32:15+00:00","description":"Na tarde de hoje (29), as equipes do Corpo de Bombeiros de Ol\u00edmpia foram acionadas para combater um inc\u00eandio em uma casa em Sever\u00ednia.","inLanguage":"pt-BR","potentialAction":[{"@type":"ReadAction","target":["https:\/\/redenoticiaz.com.br\/ribeiraopreto-regiao\/sp\/2022\/07\/29\/video-voluntarios-ajudam-bombeiros-a-combater-incendio-em-residencia"]}]},{"@type":"ImageObject","inLanguage":"pt-BR","@id":"https:\/\/redenoticiaz.com.br\/ribeiraopreto-regiao\/sp\/2022\/07\/29\/video-voluntarios-ajudam-bombeiros-a-combater-incendio-em-residencia#primaryimage","url":"https:\/\/redenoticiaz.com.br\/ribeiraopreto-regiao\/wp-content\/uploads\/sites\/4\/2022\/07\/2022-07-29.png","contentUrl":"https:\/\/redenoticiaz.com.br\/ribeiraopreto-regiao\/wp-content\/uploads\/sites\/4\/2022\/07\/2022-07-29.png","width":631,"height":338,"caption":"Volunt\u00e1rios ajudam Bombeiros. Cr\u00e9dito: Reprodu\u00e7\u00e3o"},{"@type":"WebSite","@id":"https:\/\/redenoticiaz.com.br\/ribeiraopreto-regiao\/#website","url":"https:\/\/redenoticiaz.com.br\/ribeiraopreto-regiao\/","name":"Ribeir\u00e3o Preto e Regi\u00e3o","description":"Rede NoticiaZ - Ribeir\u00e3o Preto e regi\u00e3o","publisher":{"@id":"https:\/\/redenoticiaz.com.br\/ribeiraopreto-regiao\/#organization"},"potentialAction":[{"@type":"SearchAction","target":{"@type":"EntryPoint","urlTemplate":"https:\/\/redenoticiaz.com.br\/ribeiraopreto-regiao\/?s={search_term_string}"},"query-input":{"@type":"PropertyValueSpecification","valueRequired":true,"valueName":"search_term_string"}}],"inLanguage":"pt-BR"},{"@type":"Organization","@id":"https:\/\/redenoticiaz.com.br\/ribeiraopreto-regiao\/#organization","name":"Ribeir\u00e3o Preto e Regi\u00e3o","url":"https:\/\/redenoticiaz.com.br\/ribeiraopreto-regiao\/","logo":{"@type":"ImageObject","inLanguage":"pt-BR","@id":"https:\/\/redenoticiaz.com.br\/ribeiraopreto-regiao\/#\/schema\/logo\/image\/","url":"https:\/\/redenoticiaz.com.br\/barretos-regiao\/wp-content\/uploads\/sites\/4\/2022\/02\/logo.jpg","contentUrl":"https:\/\/redenoticiaz.com.br\/barretos-regiao\/wp-content\/uploads\/sites\/4\/2022\/02\/logo.jpg","width":400,"height":250,"caption":"Ribeir\u00e3o Preto e Regi\u00e3o"},"image":{"@id":"https:\/\/redenoticiaz.com.br\/ribeiraopreto-regiao\/#\/schema\/logo\/image\/"},"sameAs":["https:\/\/m.facebook.com\/redenoticiaz.barretos","https:\/\/x.com\/RN_barretos","https:\/\/www.instagram.com\/redenoticiaz.barretos\/?igshid=YmMyMTA2M2Y","https:\/\/www.linkedin.com\/company\/rede-noticiaz-barretos-e-regio\/"]},{"@type":"Person","@id":"","url":"https:\/\/redenoticiaz.com.br\/ribeiraopreto-regiao\/sp\/author"}]}},"_links":{"self":[{"href":"https:\/\/redenoticiaz.com.br\/ribeiraopreto-regiao\/wp-json\/wp\/v2\/posts\/89118","targetHints":{"allow":["GET"]}}],"collection":[{"href":"https:\/\/redenoticiaz.com.br\/ribeiraopreto-regiao\/wp-json\/wp\/v2\/posts"}],"about":[{"href":"https:\/\/redenoticiaz.com.br\/ribeiraopreto-regiao\/wp-json\/wp\/v2\/types\/post"}],"author":[{"embeddable":true,"href":"https:\/\/redenoticiaz.com.br\/ribeiraopreto-regiao\/wp-json\/wp\/v2\/users\/15"}],"replies":[{"embeddable":true,"href":"https:\/\/redenoticiaz.com.br\/ribeiraopreto-regiao\/wp-json\/wp\/v2\/comments?post=89118"}],"version-history":[{"count":2,"href":"https:\/\/redenoticiaz.com.br\/ribeiraopreto-regiao\/wp-json\/wp\/v2\/posts\/89118\/revisions"}],"predecessor-version":[{"id":89124,"href":"https:\/\/redenoticiaz.com.br\/ribeiraopreto-regiao\/wp-json\/wp\/v2\/posts\/89118\/revisions\/89124"}],"wp:featuredmedia":[{"embeddable":true,"href":"https:\/\/redenoticiaz.com.br\/ribeiraopreto-regiao\/wp-json\/wp\/v2\/media\/89122"}],"wp:attachment":[{"href":"https:\/\/redenoticiaz.com.br\/ribeiraopreto-regiao\/wp-json\/wp\/v2\/media?parent=89118"}],"wp:term":[{"taxonomy":"category","embeddable":true,"href":"https:\/\/redenoticiaz.com.br\/ribeiraopreto-regiao\/wp-json\/wp\/v2\/categories?post=89118"},{"taxonomy":"post_tag","embeddable":true,"href":"https:\/\/redenoticiaz.com.br\/ribeiraopreto-regiao\/wp-json\/wp\/v2\/tags?post=89118"}],"curies":[{"name":"wp","href":"https:\/\/api.w.org\/{rel}","templated":true}]}}