{"id":89126,"date":"2022-07-29T14:55:04","date_gmt":"2022-07-29T17:55:04","guid":{"rendered":"https:\/\/redenoticiaz.com.br\/barretos-regiao\/sp\/2022\/07\/29\/video-dancarino-atingido-por-telao-em-hong-kong-pode-ficar-tetraplegico"},"modified":"2022-07-29T14:56:49","modified_gmt":"2022-07-29T17:56:49","slug":"video-dancarino-atingido-por-telao-em-hong-kong-pode-ficar-tetraplegico","status":"publish","type":"post","link":"https:\/\/redenoticiaz.com.br\/ribeiraopreto-regiao\/sp\/2022\/07\/29\/video-dancarino-atingido-por-telao-em-hong-kong-pode-ficar-tetraplegico","title":{"rendered":"V\u00cdDEO: Dan\u00e7arino atingido por tel\u00e3o em Hong Kong pode ficar tetrapl\u00e9gico"},"content":{"rendered":"<p class=\"content-head__title\">Mo Lee Kai-yin, de 27 anos, dan\u00e7arino que atingido por tel\u00e3o em Hong Kong pode ficar tetrapl\u00e9gico de acordo com informa\u00e7\u00f5es da imprensa Chinesa.<\/p>\n<p>De acordo com imagens divulgadas nas redes sociais, um Painel de Led que estava acima dos dan\u00e7arinos caiu sobre um deles.<\/p>\n<div class=\"wp-playlist wp-video-playlist wp-playlist-light\">\n\t\t<video controls=\"controls\" preload=\"none\" width=\"640\"\n\t\t height=\"362\"\t><\/video>\n\t<div class=\"wp-playlist-next\"><\/div>\n\t<div class=\"wp-playlist-prev\"><\/div>\n\t<noscript>\n\t<ol>\n\t\t<li><a href='https:\/\/redenoticiaz.com.br\/ribeiraopreto-regiao\/wp-content\/uploads\/sites\/4\/2022\/07\/WhatsApp-Video-2022-07-29-at-14.43.16.mp4'>V\u00cdDEO: Dan\u00e7arino atingido por tel\u00e3o em Hong Kong pode ficar tetrapl\u00e9gico<\/a><\/li>\t<\/ol>\n\t<\/noscript>\n\t<script type=\"application\/json\" class=\"wp-playlist-script\">{\"type\":\"video\",\"tracklist\":true,\"tracknumbers\":true,\"images\":true,\"artists\":true,\"tracks\":[{\"src\":\"https:\/\/redenoticiaz.com.br\/ribeiraopreto-regiao\/wp-content\/uploads\/sites\/4\/2022\/07\/WhatsApp-Video-2022-07-29-at-14.43.16.mp4\",\"type\":\"video\/mp4\",\"title\":\"V\\u00cdDEO: Dan\\u00e7arino atingido por tel\\u00e3o em Hong Kong pode ficar tetrapl\\u00e9gico\",\"caption\":\"V\\u00cdDEO: Dan\\u00e7arino atingido por tel\\u00e3o em Hong Kong pode ficar tetrapl\\u00e9gico\",\"description\":\"V\\u00cdDEO: Dan\\u00e7arino atingido por tel\\u00e3o em Hong Kong pode ficar tetrapl\\u00e9gico\",\"meta\":{\"length_formatted\":\"0:12\"},\"dimensions\":{\"original\":{\"width\":848,\"height\":480},\"resized\":{\"width\":640,\"height\":362}},\"image\":{\"src\":\"https:\/\/redenoticiaz.com.br\/ribeiraopreto-regiao\/wp-includes\/images\/media\/video.svg\",\"width\":48,\"height\":64},\"thumb\":{\"src\":\"https:\/\/redenoticiaz.com.br\/ribeiraopreto-regiao\/wp-includes\/images\/media\/video.svg\",\"width\":48,\"height\":64}}]}<\/script>\n<\/div>\n\t\n<p>Ainda de acordo com uma fonte do hospital, o dan\u00e7arino apresenta les\u00f5es na terceira e a quarta se\u00e7\u00f5es das v\u00e9rtebras cervicais.<\/p>\n<p>Sendo assim, o \u00faltimo boletim m\u00e9dico o seu estado \u00e9 de sa\u00fade \u00e9 cr\u00edtico e seus pais que moram no Canad\u00e1 j\u00e1 informaram que est\u00e3o a caminho da China.<\/p>\n<p>Um outro dan\u00e7arino, Chang Tsz-fung, de 29 anos, tamb\u00e9m ficou ferido, mas n\u00e3o corre risco de morte j\u00e1 que recebeu alta.<\/p>\n<h2>Causas<\/h2>\n<p>A empresa respons\u00e1vel pelo show, informou que o rompimento de uma das duas cordas de metal que seguravam-no \u00e0 estrutura colocada acima do palco.<\/p>\n<p><strong>Leia mais<\/strong><\/p>\n<p><a href=\"https:\/\/redenoticiaz.com.br\/blog\/2022\/07\/22\/video-familias-brigam-no-lugar-mais-feliz-do-mundo-a-disney-e-viralizam\">V\u00cdDEO \u2013 Fam\u00edlias brigam no lugar mais feliz do mundo, a Disney e viralizam<\/a><\/p>\n","protected":false},"excerpt":{"rendered":"<p>Mo Lee Kai-yin, de 27 anos, dan\u00e7arino que atingido por tel\u00e3o em Hong Kong pode ficar tetrapl\u00e9gico de acordo com informa\u00e7\u00f5es da imprensa Chinesa. De acordo com imagens divulgadas nas redes sociais, um Painel de Led que estava acima dos dan\u00e7arinos caiu sobre um deles. Ainda de acordo com uma fonte do hospital, o dan\u00e7arino &hellip;<\/p>\n","protected":false},"author":12,"featured_media":89127,"comment_status":"open","ping_status":"closed","sticky":false,"template":"","format":"standard","meta":{"footnotes":""},"categories":[88],"tags":[4750,19358,19359,19360],"class_list":["post-89126","post","type-post","status-publish","format-standard","has-post-thumbnail","hentry","category-policia","tag-china","tag-dancarino","tag-hong-kong","tag-mo-lee-kai-yin"],"yoast_head":"<!-- This site is optimized with the Yoast SEO plugin v27.4 - https:\/\/yoast.com\/product\/yoast-seo-wordpress\/ -->\n<title>V\u00cdDEO: Dan\u00e7arino atingido por tel\u00e3o em Hong Kong pode ficar tetrapl\u00e9gico - Ribeir\u00e3o Preto e Regi\u00e3o<\/title>\n<meta name=\"description\" content=\"Mo Lee Kai-yin, de 27 anos, dan\u00e7arino que atingido por tel\u00e3o em Hong Kong pode ficar tetrapl\u00e9gico de acordo com a imprensa Chinesa.\" \/>\n<meta name=\"robots\" content=\"index, follow, max-snippet:-1, max-image-preview:large, max-video-preview:-1\" \/>\n<link rel=\"canonical\" href=\"https:\/\/redenoticiaz.com.br\/ribeiraopreto-regiao\/sp\/2022\/07\/29\/video-dancarino-atingido-por-telao-em-hong-kong-pode-ficar-tetraplegico\" \/>\n<meta property=\"og:locale\" content=\"pt_BR\" \/>\n<meta property=\"og:type\" content=\"article\" \/>\n<meta property=\"og:title\" content=\"V\u00cdDEO: Dan\u00e7arino atingido por tel\u00e3o em Hong Kong pode ficar tetrapl\u00e9gico - Ribeir\u00e3o Preto e Regi\u00e3o\" \/>\n<meta property=\"og:description\" content=\"Mo Lee Kai-yin, de 27 anos, dan\u00e7arino que atingido por tel\u00e3o em Hong Kong pode ficar tetrapl\u00e9gico de acordo com a imprensa Chinesa.\" \/>\n<meta property=\"og:url\" content=\"https:\/\/redenoticiaz.com.br\/ribeiraopreto-regiao\/sp\/2022\/07\/29\/video-dancarino-atingido-por-telao-em-hong-kong-pode-ficar-tetraplegico\" \/>\n<meta property=\"og:site_name\" content=\"Ribeir\u00e3o Preto e Regi\u00e3o\" \/>\n<meta property=\"article:publisher\" content=\"https:\/\/m.facebook.com\/redenoticiaz.barretos\" \/>\n<meta property=\"article:published_time\" content=\"2022-07-29T17:55:04+00:00\" \/>\n<meta property=\"article:modified_time\" content=\"2022-07-29T17:56:49+00:00\" \/>\n<meta property=\"og:image\" content=\"https:\/\/redenoticiaz.com.br\/ribeiraopreto-regiao\/wp-content\/uploads\/sites\/4\/2022\/07\/100012755-this-handout-photo-courtesy-of-an-anonymous-source-taken-on-july-28-2022-and-received-on-j.jpg?v=1659117245\" \/>\n\t<meta property=\"og:image:width\" content=\"984\" \/>\n\t<meta property=\"og:image:height\" content=\"656\" \/>\n\t<meta property=\"og:image:type\" content=\"image\/jpeg\" \/>\n<meta name=\"author\" content=\"Gustavo Silva\" \/>\n<meta name=\"twitter:card\" content=\"summary_large_image\" \/>\n<meta name=\"twitter:creator\" content=\"@RN_barretos\" \/>\n<meta name=\"twitter:site\" content=\"@RN_barretos\" \/>\n<meta name=\"twitter:label1\" content=\"Escrito por\" \/>\n\t<meta name=\"twitter:data1\" content=\"Gustavo Silva\" \/>\n\t<meta name=\"twitter:label2\" content=\"Est. tempo de leitura\" \/>\n\t<meta name=\"twitter:data2\" content=\"1 minuto\" \/>\n<script type=\"application\/ld+json\" class=\"yoast-schema-graph\">{\"@context\":\"https:\\\/\\\/schema.org\",\"@graph\":[{\"@type\":\"Article\",\"@id\":\"https:\\\/\\\/redenoticiaz.com.br\\\/ribeiraopreto-regiao\\\/sp\\\/2022\\\/07\\\/29\\\/video-dancarino-atingido-por-telao-em-hong-kong-pode-ficar-tetraplegico#article\",\"isPartOf\":{\"@id\":\"https:\\\/\\\/redenoticiaz.com.br\\\/ribeiraopreto-regiao\\\/sp\\\/2022\\\/07\\\/29\\\/video-dancarino-atingido-por-telao-em-hong-kong-pode-ficar-tetraplegico\"},\"author\":{\"name\":\"Gustavo Silva\",\"@id\":\"https:\\\/\\\/redenoticiaz.com.br\\\/ribeiraopreto-regiao\\\/#\\\/schema\\\/person\\\/16057b37a3c0ee6b096d7f887c566e2e\"},\"headline\":\"V\u00cdDEO: Dan\u00e7arino atingido por tel\u00e3o em Hong Kong pode ficar tetrapl\u00e9gico\",\"datePublished\":\"2022-07-29T17:55:04+00:00\",\"dateModified\":\"2022-07-29T17:56:49+00:00\",\"mainEntityOfPage\":{\"@id\":\"https:\\\/\\\/redenoticiaz.com.br\\\/ribeiraopreto-regiao\\\/sp\\\/2022\\\/07\\\/29\\\/video-dancarino-atingido-por-telao-em-hong-kong-pode-ficar-tetraplegico\"},\"wordCount\":189,\"commentCount\":0,\"publisher\":{\"@id\":\"https:\\\/\\\/redenoticiaz.com.br\\\/ribeiraopreto-regiao\\\/#organization\"},\"image\":{\"@id\":\"https:\\\/\\\/redenoticiaz.com.br\\\/ribeiraopreto-regiao\\\/sp\\\/2022\\\/07\\\/29\\\/video-dancarino-atingido-por-telao-em-hong-kong-pode-ficar-tetraplegico#primaryimage\"},\"thumbnailUrl\":\"https:\\\/\\\/redenoticiaz.com.br\\\/ribeiraopreto-regiao\\\/wp-content\\\/uploads\\\/sites\\\/4\\\/2022\\\/07\\\/100012755-this-handout-photo-courtesy-of-an-anonymous-source-taken-on-july-28-2022-and-received-on-j.jpg?v=1659117245\",\"keywords\":[\"China\",\"Dan\u00e7arino\",\"Hong Kong\",\"Mo Lee Kai-yin\"],\"articleSection\":[\"Pol\u00edcia\"],\"inLanguage\":\"pt-BR\",\"potentialAction\":[{\"@type\":\"CommentAction\",\"name\":\"Comment\",\"target\":[\"https:\\\/\\\/redenoticiaz.com.br\\\/ribeiraopreto-regiao\\\/sp\\\/2022\\\/07\\\/29\\\/video-dancarino-atingido-por-telao-em-hong-kong-pode-ficar-tetraplegico#respond\"]}]},{\"@type\":\"WebPage\",\"@id\":\"https:\\\/\\\/redenoticiaz.com.br\\\/ribeiraopreto-regiao\\\/sp\\\/2022\\\/07\\\/29\\\/video-dancarino-atingido-por-telao-em-hong-kong-pode-ficar-tetraplegico\",\"url\":\"https:\\\/\\\/redenoticiaz.com.br\\\/ribeiraopreto-regiao\\\/sp\\\/2022\\\/07\\\/29\\\/video-dancarino-atingido-por-telao-em-hong-kong-pode-ficar-tetraplegico\",\"name\":\"V\u00cdDEO: Dan\u00e7arino atingido por tel\u00e3o em Hong Kong pode ficar tetrapl\u00e9gico - Ribeir\u00e3o Preto e Regi\u00e3o\",\"isPartOf\":{\"@id\":\"https:\\\/\\\/redenoticiaz.com.br\\\/ribeiraopreto-regiao\\\/#website\"},\"primaryImageOfPage\":{\"@id\":\"https:\\\/\\\/redenoticiaz.com.br\\\/ribeiraopreto-regiao\\\/sp\\\/2022\\\/07\\\/29\\\/video-dancarino-atingido-por-telao-em-hong-kong-pode-ficar-tetraplegico#primaryimage\"},\"image\":{\"@id\":\"https:\\\/\\\/redenoticiaz.com.br\\\/ribeiraopreto-regiao\\\/sp\\\/2022\\\/07\\\/29\\\/video-dancarino-atingido-por-telao-em-hong-kong-pode-ficar-tetraplegico#primaryimage\"},\"thumbnailUrl\":\"https:\\\/\\\/redenoticiaz.com.br\\\/ribeiraopreto-regiao\\\/wp-content\\\/uploads\\\/sites\\\/4\\\/2022\\\/07\\\/100012755-this-handout-photo-courtesy-of-an-anonymous-source-taken-on-july-28-2022-and-received-on-j.jpg?v=1659117245\",\"datePublished\":\"2022-07-29T17:55:04+00:00\",\"dateModified\":\"2022-07-29T17:56:49+00:00\",\"description\":\"Mo Lee Kai-yin, de 27 anos, dan\u00e7arino que atingido por tel\u00e3o em Hong Kong pode ficar tetrapl\u00e9gico de acordo com a imprensa Chinesa.\",\"inLanguage\":\"pt-BR\",\"potentialAction\":[{\"@type\":\"ReadAction\",\"target\":[\"https:\\\/\\\/redenoticiaz.com.br\\\/ribeiraopreto-regiao\\\/sp\\\/2022\\\/07\\\/29\\\/video-dancarino-atingido-por-telao-em-hong-kong-pode-ficar-tetraplegico\"]}]},{\"@type\":\"ImageObject\",\"inLanguage\":\"pt-BR\",\"@id\":\"https:\\\/\\\/redenoticiaz.com.br\\\/ribeiraopreto-regiao\\\/sp\\\/2022\\\/07\\\/29\\\/video-dancarino-atingido-por-telao-em-hong-kong-pode-ficar-tetraplegico#primaryimage\",\"url\":\"https:\\\/\\\/redenoticiaz.com.br\\\/ribeiraopreto-regiao\\\/wp-content\\\/uploads\\\/sites\\\/4\\\/2022\\\/07\\\/100012755-this-handout-photo-courtesy-of-an-anonymous-source-taken-on-july-28-2022-and-received-on-j.jpg?v=1659117245\",\"contentUrl\":\"https:\\\/\\\/redenoticiaz.com.br\\\/ribeiraopreto-regiao\\\/wp-content\\\/uploads\\\/sites\\\/4\\\/2022\\\/07\\\/100012755-this-handout-photo-courtesy-of-an-anonymous-source-taken-on-july-28-2022-and-received-on-j.jpg?v=1659117245\",\"width\":984,\"height\":656,\"caption\":\"V\u00cdDEO: Dan\u00e7arino atingido por tel\u00e3o em Hong Kong pode ficar tetrapl\u00e9gico\"},{\"@type\":\"WebSite\",\"@id\":\"https:\\\/\\\/redenoticiaz.com.br\\\/ribeiraopreto-regiao\\\/#website\",\"url\":\"https:\\\/\\\/redenoticiaz.com.br\\\/ribeiraopreto-regiao\\\/\",\"name\":\"Ribeir\u00e3o Preto e Regi\u00e3o\",\"description\":\"Rede NoticiaZ - Ribeir\u00e3o Preto e regi\u00e3o\",\"publisher\":{\"@id\":\"https:\\\/\\\/redenoticiaz.com.br\\\/ribeiraopreto-regiao\\\/#organization\"},\"potentialAction\":[{\"@type\":\"SearchAction\",\"target\":{\"@type\":\"EntryPoint\",\"urlTemplate\":\"https:\\\/\\\/redenoticiaz.com.br\\\/ribeiraopreto-regiao\\\/?s={search_term_string}\"},\"query-input\":{\"@type\":\"PropertyValueSpecification\",\"valueRequired\":true,\"valueName\":\"search_term_string\"}}],\"inLanguage\":\"pt-BR\"},{\"@type\":\"Organization\",\"@id\":\"https:\\\/\\\/redenoticiaz.com.br\\\/ribeiraopreto-regiao\\\/#organization\",\"name\":\"Ribeir\u00e3o Preto e Regi\u00e3o\",\"url\":\"https:\\\/\\\/redenoticiaz.com.br\\\/ribeiraopreto-regiao\\\/\",\"logo\":{\"@type\":\"ImageObject\",\"inLanguage\":\"pt-BR\",\"@id\":\"https:\\\/\\\/redenoticiaz.com.br\\\/ribeiraopreto-regiao\\\/#\\\/schema\\\/logo\\\/image\\\/\",\"url\":\"https:\\\/\\\/redenoticiaz.com.br\\\/barretos-regiao\\\/wp-content\\\/uploads\\\/sites\\\/4\\\/2022\\\/02\\\/logo.jpg\",\"contentUrl\":\"https:\\\/\\\/redenoticiaz.com.br\\\/barretos-regiao\\\/wp-content\\\/uploads\\\/sites\\\/4\\\/2022\\\/02\\\/logo.jpg\",\"width\":400,\"height\":250,\"caption\":\"Ribeir\u00e3o Preto e Regi\u00e3o\"},\"image\":{\"@id\":\"https:\\\/\\\/redenoticiaz.com.br\\\/ribeiraopreto-regiao\\\/#\\\/schema\\\/logo\\\/image\\\/\"},\"sameAs\":[\"https:\\\/\\\/m.facebook.com\\\/redenoticiaz.barretos\",\"https:\\\/\\\/x.com\\\/RN_barretos\",\"https:\\\/\\\/www.instagram.com\\\/redenoticiaz.barretos\\\/?igshid=YmMyMTA2M2Y\",\"https:\\\/\\\/www.linkedin.com\\\/company\\\/rede-noticiaz-barretos-e-regio\\\/\"]},{\"@type\":\"Person\",\"@id\":\"https:\\\/\\\/redenoticiaz.com.br\\\/ribeiraopreto-regiao\\\/#\\\/schema\\\/person\\\/16057b37a3c0ee6b096d7f887c566e2e\",\"name\":\"Gustavo Silva\",\"image\":{\"@type\":\"ImageObject\",\"inLanguage\":\"pt-BR\",\"@id\":\"https:\\\/\\\/secure.gravatar.com\\\/avatar\\\/3ee4e82f93b26de0a7cf4ea5eb7893da637ed6bb0c9170c58065944c56e28a33?s=96&d=mm&r=g\",\"url\":\"https:\\\/\\\/secure.gravatar.com\\\/avatar\\\/3ee4e82f93b26de0a7cf4ea5eb7893da637ed6bb0c9170c58065944c56e28a33?s=96&d=mm&r=g\",\"contentUrl\":\"https:\\\/\\\/secure.gravatar.com\\\/avatar\\\/3ee4e82f93b26de0a7cf4ea5eb7893da637ed6bb0c9170c58065944c56e28a33?s=96&d=mm&r=g\",\"caption\":\"Gustavo Silva\"},\"url\":\"https:\\\/\\\/redenoticiaz.com.br\\\/ribeiraopreto-regiao\\\/sp\\\/author\\\/gustavosilva\"}]}<\/script>\n<!-- \/ Yoast SEO plugin. -->","yoast_head_json":{"title":"V\u00cdDEO: Dan\u00e7arino atingido por tel\u00e3o em Hong Kong pode ficar tetrapl\u00e9gico - Ribeir\u00e3o Preto e Regi\u00e3o","description":"Mo Lee Kai-yin, de 27 anos, dan\u00e7arino que atingido por tel\u00e3o em Hong Kong pode ficar tetrapl\u00e9gico de acordo com a imprensa Chinesa.","robots":{"index":"index","follow":"follow","max-snippet":"max-snippet:-1","max-image-preview":"max-image-preview:large","max-video-preview":"max-video-preview:-1"},"canonical":"https:\/\/redenoticiaz.com.br\/ribeiraopreto-regiao\/sp\/2022\/07\/29\/video-dancarino-atingido-por-telao-em-hong-kong-pode-ficar-tetraplegico","og_locale":"pt_BR","og_type":"article","og_title":"V\u00cdDEO: Dan\u00e7arino atingido por tel\u00e3o em Hong Kong pode ficar tetrapl\u00e9gico - Ribeir\u00e3o Preto e Regi\u00e3o","og_description":"Mo Lee Kai-yin, de 27 anos, dan\u00e7arino que atingido por tel\u00e3o em Hong Kong pode ficar tetrapl\u00e9gico de acordo com a imprensa Chinesa.","og_url":"https:\/\/redenoticiaz.com.br\/ribeiraopreto-regiao\/sp\/2022\/07\/29\/video-dancarino-atingido-por-telao-em-hong-kong-pode-ficar-tetraplegico","og_site_name":"Ribeir\u00e3o Preto e Regi\u00e3o","article_publisher":"https:\/\/m.facebook.com\/redenoticiaz.barretos","article_published_time":"2022-07-29T17:55:04+00:00","article_modified_time":"2022-07-29T17:56:49+00:00","og_image":[{"width":984,"height":656,"url":"https:\/\/redenoticiaz.com.br\/ribeiraopreto-regiao\/wp-content\/uploads\/sites\/4\/2022\/07\/100012755-this-handout-photo-courtesy-of-an-anonymous-source-taken-on-july-28-2022-and-received-on-j.jpg?v=1659117245","type":"image\/jpeg"}],"author":"Gustavo Silva","twitter_card":"summary_large_image","twitter_creator":"@RN_barretos","twitter_site":"@RN_barretos","twitter_misc":{"Escrito por":"Gustavo Silva","Est. tempo de leitura":"1 minuto"},"schema":{"@context":"https:\/\/schema.org","@graph":[{"@type":"Article","@id":"https:\/\/redenoticiaz.com.br\/ribeiraopreto-regiao\/sp\/2022\/07\/29\/video-dancarino-atingido-por-telao-em-hong-kong-pode-ficar-tetraplegico#article","isPartOf":{"@id":"https:\/\/redenoticiaz.com.br\/ribeiraopreto-regiao\/sp\/2022\/07\/29\/video-dancarino-atingido-por-telao-em-hong-kong-pode-ficar-tetraplegico"},"author":{"name":"Gustavo Silva","@id":"https:\/\/redenoticiaz.com.br\/ribeiraopreto-regiao\/#\/schema\/person\/16057b37a3c0ee6b096d7f887c566e2e"},"headline":"V\u00cdDEO: Dan\u00e7arino atingido por tel\u00e3o em Hong Kong pode ficar tetrapl\u00e9gico","datePublished":"2022-07-29T17:55:04+00:00","dateModified":"2022-07-29T17:56:49+00:00","mainEntityOfPage":{"@id":"https:\/\/redenoticiaz.com.br\/ribeiraopreto-regiao\/sp\/2022\/07\/29\/video-dancarino-atingido-por-telao-em-hong-kong-pode-ficar-tetraplegico"},"wordCount":189,"commentCount":0,"publisher":{"@id":"https:\/\/redenoticiaz.com.br\/ribeiraopreto-regiao\/#organization"},"image":{"@id":"https:\/\/redenoticiaz.com.br\/ribeiraopreto-regiao\/sp\/2022\/07\/29\/video-dancarino-atingido-por-telao-em-hong-kong-pode-ficar-tetraplegico#primaryimage"},"thumbnailUrl":"https:\/\/redenoticiaz.com.br\/ribeiraopreto-regiao\/wp-content\/uploads\/sites\/4\/2022\/07\/100012755-this-handout-photo-courtesy-of-an-anonymous-source-taken-on-july-28-2022-and-received-on-j.jpg?v=1659117245","keywords":["China","Dan\u00e7arino","Hong Kong","Mo Lee Kai-yin"],"articleSection":["Pol\u00edcia"],"inLanguage":"pt-BR","potentialAction":[{"@type":"CommentAction","name":"Comment","target":["https:\/\/redenoticiaz.com.br\/ribeiraopreto-regiao\/sp\/2022\/07\/29\/video-dancarino-atingido-por-telao-em-hong-kong-pode-ficar-tetraplegico#respond"]}]},{"@type":"WebPage","@id":"https:\/\/redenoticiaz.com.br\/ribeiraopreto-regiao\/sp\/2022\/07\/29\/video-dancarino-atingido-por-telao-em-hong-kong-pode-ficar-tetraplegico","url":"https:\/\/redenoticiaz.com.br\/ribeiraopreto-regiao\/sp\/2022\/07\/29\/video-dancarino-atingido-por-telao-em-hong-kong-pode-ficar-tetraplegico","name":"V\u00cdDEO: Dan\u00e7arino atingido por tel\u00e3o em Hong Kong pode ficar tetrapl\u00e9gico - Ribeir\u00e3o Preto e Regi\u00e3o","isPartOf":{"@id":"https:\/\/redenoticiaz.com.br\/ribeiraopreto-regiao\/#website"},"primaryImageOfPage":{"@id":"https:\/\/redenoticiaz.com.br\/ribeiraopreto-regiao\/sp\/2022\/07\/29\/video-dancarino-atingido-por-telao-em-hong-kong-pode-ficar-tetraplegico#primaryimage"},"image":{"@id":"https:\/\/redenoticiaz.com.br\/ribeiraopreto-regiao\/sp\/2022\/07\/29\/video-dancarino-atingido-por-telao-em-hong-kong-pode-ficar-tetraplegico#primaryimage"},"thumbnailUrl":"https:\/\/redenoticiaz.com.br\/ribeiraopreto-regiao\/wp-content\/uploads\/sites\/4\/2022\/07\/100012755-this-handout-photo-courtesy-of-an-anonymous-source-taken-on-july-28-2022-and-received-on-j.jpg?v=1659117245","datePublished":"2022-07-29T17:55:04+00:00","dateModified":"2022-07-29T17:56:49+00:00","description":"Mo Lee Kai-yin, de 27 anos, dan\u00e7arino que atingido por tel\u00e3o em Hong Kong pode ficar tetrapl\u00e9gico de acordo com a imprensa Chinesa.","inLanguage":"pt-BR","potentialAction":[{"@type":"ReadAction","target":["https:\/\/redenoticiaz.com.br\/ribeiraopreto-regiao\/sp\/2022\/07\/29\/video-dancarino-atingido-por-telao-em-hong-kong-pode-ficar-tetraplegico"]}]},{"@type":"ImageObject","inLanguage":"pt-BR","@id":"https:\/\/redenoticiaz.com.br\/ribeiraopreto-regiao\/sp\/2022\/07\/29\/video-dancarino-atingido-por-telao-em-hong-kong-pode-ficar-tetraplegico#primaryimage","url":"https:\/\/redenoticiaz.com.br\/ribeiraopreto-regiao\/wp-content\/uploads\/sites\/4\/2022\/07\/100012755-this-handout-photo-courtesy-of-an-anonymous-source-taken-on-july-28-2022-and-received-on-j.jpg?v=1659117245","contentUrl":"https:\/\/redenoticiaz.com.br\/ribeiraopreto-regiao\/wp-content\/uploads\/sites\/4\/2022\/07\/100012755-this-handout-photo-courtesy-of-an-anonymous-source-taken-on-july-28-2022-and-received-on-j.jpg?v=1659117245","width":984,"height":656,"caption":"V\u00cdDEO: Dan\u00e7arino atingido por tel\u00e3o em Hong Kong pode ficar tetrapl\u00e9gico"},{"@type":"WebSite","@id":"https:\/\/redenoticiaz.com.br\/ribeiraopreto-regiao\/#website","url":"https:\/\/redenoticiaz.com.br\/ribeiraopreto-regiao\/","name":"Ribeir\u00e3o Preto e Regi\u00e3o","description":"Rede NoticiaZ - Ribeir\u00e3o Preto e regi\u00e3o","publisher":{"@id":"https:\/\/redenoticiaz.com.br\/ribeiraopreto-regiao\/#organization"},"potentialAction":[{"@type":"SearchAction","target":{"@type":"EntryPoint","urlTemplate":"https:\/\/redenoticiaz.com.br\/ribeiraopreto-regiao\/?s={search_term_string}"},"query-input":{"@type":"PropertyValueSpecification","valueRequired":true,"valueName":"search_term_string"}}],"inLanguage":"pt-BR"},{"@type":"Organization","@id":"https:\/\/redenoticiaz.com.br\/ribeiraopreto-regiao\/#organization","name":"Ribeir\u00e3o Preto e Regi\u00e3o","url":"https:\/\/redenoticiaz.com.br\/ribeiraopreto-regiao\/","logo":{"@type":"ImageObject","inLanguage":"pt-BR","@id":"https:\/\/redenoticiaz.com.br\/ribeiraopreto-regiao\/#\/schema\/logo\/image\/","url":"https:\/\/redenoticiaz.com.br\/barretos-regiao\/wp-content\/uploads\/sites\/4\/2022\/02\/logo.jpg","contentUrl":"https:\/\/redenoticiaz.com.br\/barretos-regiao\/wp-content\/uploads\/sites\/4\/2022\/02\/logo.jpg","width":400,"height":250,"caption":"Ribeir\u00e3o Preto e Regi\u00e3o"},"image":{"@id":"https:\/\/redenoticiaz.com.br\/ribeiraopreto-regiao\/#\/schema\/logo\/image\/"},"sameAs":["https:\/\/m.facebook.com\/redenoticiaz.barretos","https:\/\/x.com\/RN_barretos","https:\/\/www.instagram.com\/redenoticiaz.barretos\/?igshid=YmMyMTA2M2Y","https:\/\/www.linkedin.com\/company\/rede-noticiaz-barretos-e-regio\/"]},{"@type":"Person","@id":"https:\/\/redenoticiaz.com.br\/ribeiraopreto-regiao\/#\/schema\/person\/16057b37a3c0ee6b096d7f887c566e2e","name":"Gustavo Silva","image":{"@type":"ImageObject","inLanguage":"pt-BR","@id":"https:\/\/secure.gravatar.com\/avatar\/3ee4e82f93b26de0a7cf4ea5eb7893da637ed6bb0c9170c58065944c56e28a33?s=96&d=mm&r=g","url":"https:\/\/secure.gravatar.com\/avatar\/3ee4e82f93b26de0a7cf4ea5eb7893da637ed6bb0c9170c58065944c56e28a33?s=96&d=mm&r=g","contentUrl":"https:\/\/secure.gravatar.com\/avatar\/3ee4e82f93b26de0a7cf4ea5eb7893da637ed6bb0c9170c58065944c56e28a33?s=96&d=mm&r=g","caption":"Gustavo Silva"},"url":"https:\/\/redenoticiaz.com.br\/ribeiraopreto-regiao\/sp\/author\/gustavosilva"}]}},"_links":{"self":[{"href":"https:\/\/redenoticiaz.com.br\/ribeiraopreto-regiao\/wp-json\/wp\/v2\/posts\/89126","targetHints":{"allow":["GET"]}}],"collection":[{"href":"https:\/\/redenoticiaz.com.br\/ribeiraopreto-regiao\/wp-json\/wp\/v2\/posts"}],"about":[{"href":"https:\/\/redenoticiaz.com.br\/ribeiraopreto-regiao\/wp-json\/wp\/v2\/types\/post"}],"author":[{"embeddable":true,"href":"https:\/\/redenoticiaz.com.br\/ribeiraopreto-regiao\/wp-json\/wp\/v2\/users\/12"}],"replies":[{"embeddable":true,"href":"https:\/\/redenoticiaz.com.br\/ribeiraopreto-regiao\/wp-json\/wp\/v2\/comments?post=89126"}],"version-history":[{"count":1,"href":"https:\/\/redenoticiaz.com.br\/ribeiraopreto-regiao\/wp-json\/wp\/v2\/posts\/89126\/revisions"}],"predecessor-version":[{"id":89129,"href":"https:\/\/redenoticiaz.com.br\/ribeiraopreto-regiao\/wp-json\/wp\/v2\/posts\/89126\/revisions\/89129"}],"wp:featuredmedia":[{"embeddable":true,"href":"https:\/\/redenoticiaz.com.br\/ribeiraopreto-regiao\/wp-json\/wp\/v2\/media\/89127"}],"wp:attachment":[{"href":"https:\/\/redenoticiaz.com.br\/ribeiraopreto-regiao\/wp-json\/wp\/v2\/media?parent=89126"}],"wp:term":[{"taxonomy":"category","embeddable":true,"href":"https:\/\/redenoticiaz.com.br\/ribeiraopreto-regiao\/wp-json\/wp\/v2\/categories?post=89126"},{"taxonomy":"post_tag","embeddable":true,"href":"https:\/\/redenoticiaz.com.br\/ribeiraopreto-regiao\/wp-json\/wp\/v2\/tags?post=89126"}],"curies":[{"name":"wp","href":"https:\/\/api.w.org\/{rel}","templated":true}]}}