{"id":89264,"date":"2022-08-01T17:48:27","date_gmt":"2022-08-01T20:48:27","guid":{"rendered":"https:\/\/redenoticiaz.com.br\/barretos-regiao\/?p=89264"},"modified":"2022-08-01T17:48:27","modified_gmt":"2022-08-01T20:48:27","slug":"onde-foram-parar-as-vitimas-bombeiro-e-chamado-para-atender-acidente-mas-nao-encontra-ninguem","status":"publish","type":"post","link":"https:\/\/redenoticiaz.com.br\/ribeiraopreto-regiao\/sp\/2022\/08\/01\/onde-foram-parar-as-vitimas-bombeiro-e-chamado-para-atender-acidente-mas-nao-encontra-ninguem","title":{"rendered":"Onde foram parar as v\u00edtimas? Bombeiro \u00e9 chamado para atender acidente, mas n\u00e3o encontra ningu\u00e9m"},"content":{"rendered":"<p>Na madrugada de domingo (31), por volta das 4h20, as equipes do Corpo de Bombeiros em Ol\u00edmpia foram acionadas para atender um acidente automobil\u00edstico, por\u00e9m nenhuma v\u00edtima foi encontrada no local.<\/p>\n<p><img loading=\"lazy\" decoding=\"async\" class=\"size-medium wp-image-89265 alignleft\" src=\"https:\/\/redenoticiaz.com.br\/barretos-regiao\/wp-content\/uploads\/sites\/4\/2022\/08\/IMG-20220731-WA0092-300x135.jpg\" alt=\"\" width=\"300\" height=\"135\" srcset=\"https:\/\/redenoticiaz.com.br\/ribeiraopreto-regiao\/wp-content\/uploads\/sites\/4\/2022\/08\/IMG-20220731-WA0092-300x135.jpg 300w, https:\/\/redenoticiaz.com.br\/ribeiraopreto-regiao\/wp-content\/uploads\/sites\/4\/2022\/08\/IMG-20220731-WA0092-768x346.jpg 768w, https:\/\/redenoticiaz.com.br\/ribeiraopreto-regiao\/wp-content\/uploads\/sites\/4\/2022\/08\/IMG-20220731-WA0092.jpg 860w\" sizes=\"auto, (max-width: 300px) 100vw, 300px\" \/>O acidente\u00a0envolvendo\u00a0dois carros, VW Saveiro 2012, placa de S\u00e3o Paulo e um Honda Civic, 2008, placa de S\u00e3o Paulo, seguiam\u00a0na vicinal Natal Breda, rodovia que interliga\u00a0Ol\u00edmpia a Tabapu\u00e3. O motivo da colis\u00e3o, ainda n\u00e3o foram esclarecidos.<\/p>\n<p>A equipe do Corpo de Bombeiros, chegou ao local e constataram\u00a0 que os ve\u00edculos estavam fora da via e que n\u00e3o havia ningu\u00e9m no local, contudo a Pol\u00edcia Militar tamb\u00e9m foi acionada a comparecer no local.<\/p>\n<p>Juntamente com os\u00a0Policiais Militares\u00a0os\u00a0Bombeiros\u00a0realizaram uma grande\u00a0varredura no per\u00edmetro\u00a0mas tamb\u00e9m\u00a0ningu\u00e9m foi encontrado. Assim, foi realizado contato com as unidades de Pronto Socorro de Ol\u00edmpia, mas ningu\u00e9m at\u00e9\u00a0 momento havia dado entrada com ferimentos.<\/p>\n<p>VEJA TAMB\u00c9M:\u00a0<a href=\"https:\/\/redenoticiaz.com.br\/barretos-regiao\/sp\/2022\/08\/01\/ladroes-sequestram-caminhoneiro-e-furtam-330-mil-em-gasolina\">Ladr\u00f5es sequestram caminhoneiro e roubam 330 mil em gasolina<\/a><\/p>\n<p>&nbsp;<\/p>\n","protected":false},"excerpt":{"rendered":"<p>Na madrugada de domingo (31), por volta das 4h20, as equipes do Corpo de Bombeiros em Ol\u00edmpia foram acionadas para atender um acidente automobil\u00edstico, por\u00e9m nenhuma v\u00edtima foi encontrada no local. O acidente\u00a0envolvendo\u00a0dois carros, VW Saveiro 2012, placa de S\u00e3o Paulo e um Honda Civic, 2008, placa de S\u00e3o Paulo, seguiam\u00a0na vicinal Natal Breda, rodovia &hellip;<\/p>\n","protected":false},"author":15,"featured_media":89266,"comment_status":"open","ping_status":"closed","sticky":false,"template":"","format":"standard","meta":{"footnotes":""},"categories":[88],"tags":[438,19422,17642,19423,3316],"class_list":["post-89264","post","type-post","status-publish","format-standard","has-post-thumbnail","hentry","category-policia","tag-bombeiros","tag-colidem","tag-local","tag-ninguem","tag-veiculos"],"yoast_head":"<!-- This site is optimized with the Yoast SEO plugin v27.4 - https:\/\/yoast.com\/product\/yoast-seo-wordpress\/ -->\n<title>Onde foram parar as v\u00edtimas? Bombeiro \u00e9 chamado para atender acidente, mas n\u00e3o encontra ningu\u00e9m - Ribeir\u00e3o Preto e Regi\u00e3o<\/title>\n<meta name=\"description\" content=\"Corpo de Bombeiros em Ol\u00edmpia foram acionadas para atender um acidente automobil\u00edstico, por\u00e9m nenhuma v\u00edtima foi encontrada no local.\" \/>\n<meta name=\"robots\" content=\"index, follow, max-snippet:-1, max-image-preview:large, max-video-preview:-1\" \/>\n<link rel=\"canonical\" href=\"https:\/\/redenoticiaz.com.br\/ribeiraopreto-regiao\/sp\/2022\/08\/01\/onde-foram-parar-as-vitimas-bombeiro-e-chamado-para-atender-acidente-mas-nao-encontra-ninguem\" \/>\n<meta property=\"og:locale\" content=\"pt_BR\" \/>\n<meta property=\"og:type\" content=\"article\" \/>\n<meta property=\"og:title\" content=\"Onde foram parar as v\u00edtimas? Bombeiro \u00e9 chamado para atender acidente, mas n\u00e3o encontra ningu\u00e9m - Ribeir\u00e3o Preto e Regi\u00e3o\" \/>\n<meta property=\"og:description\" content=\"Corpo de Bombeiros em Ol\u00edmpia foram acionadas para atender um acidente automobil\u00edstico, por\u00e9m nenhuma v\u00edtima foi encontrada no local.\" \/>\n<meta property=\"og:url\" content=\"https:\/\/redenoticiaz.com.br\/ribeiraopreto-regiao\/sp\/2022\/08\/01\/onde-foram-parar-as-vitimas-bombeiro-e-chamado-para-atender-acidente-mas-nao-encontra-ninguem\" \/>\n<meta property=\"og:site_name\" content=\"Ribeir\u00e3o Preto e Regi\u00e3o\" \/>\n<meta property=\"article:publisher\" content=\"https:\/\/m.facebook.com\/redenoticiaz.barretos\" \/>\n<meta property=\"article:published_time\" content=\"2022-08-01T20:48:27+00:00\" \/>\n<meta property=\"og:image\" content=\"https:\/\/redenoticiaz.com.br\/ribeiraopreto-regiao\/wp-content\/uploads\/sites\/4\/2022\/08\/IMG-20220731-WA0091.jpg\" \/>\n\t<meta property=\"og:image:width\" content=\"860\" \/>\n\t<meta property=\"og:image:height\" content=\"387\" \/>\n\t<meta property=\"og:image:type\" content=\"image\/jpeg\" \/>\n<meta name=\"twitter:card\" content=\"summary_large_image\" \/>\n<meta name=\"twitter:creator\" content=\"@RN_barretos\" \/>\n<meta name=\"twitter:site\" content=\"@RN_barretos\" \/>\n<meta name=\"twitter:label1\" content=\"Escrito por\" \/>\n\t<meta name=\"twitter:data1\" content=\"\" \/>\n\t<meta name=\"twitter:label2\" content=\"Est. tempo de leitura\" \/>\n\t<meta name=\"twitter:data2\" content=\"2 minutos\" \/>\n<script type=\"application\/ld+json\" class=\"yoast-schema-graph\">{\"@context\":\"https:\\\/\\\/schema.org\",\"@graph\":[{\"@type\":\"Article\",\"@id\":\"https:\\\/\\\/redenoticiaz.com.br\\\/ribeiraopreto-regiao\\\/sp\\\/2022\\\/08\\\/01\\\/onde-foram-parar-as-vitimas-bombeiro-e-chamado-para-atender-acidente-mas-nao-encontra-ninguem#article\",\"isPartOf\":{\"@id\":\"https:\\\/\\\/redenoticiaz.com.br\\\/ribeiraopreto-regiao\\\/sp\\\/2022\\\/08\\\/01\\\/onde-foram-parar-as-vitimas-bombeiro-e-chamado-para-atender-acidente-mas-nao-encontra-ninguem\"},\"author\":{\"name\":\"\",\"@id\":\"\"},\"headline\":\"Onde foram parar as v\u00edtimas? Bombeiro \u00e9 chamado para atender acidente, mas n\u00e3o encontra ningu\u00e9m\",\"datePublished\":\"2022-08-01T20:48:27+00:00\",\"mainEntityOfPage\":{\"@id\":\"https:\\\/\\\/redenoticiaz.com.br\\\/ribeiraopreto-regiao\\\/sp\\\/2022\\\/08\\\/01\\\/onde-foram-parar-as-vitimas-bombeiro-e-chamado-para-atender-acidente-mas-nao-encontra-ninguem\"},\"wordCount\":192,\"commentCount\":0,\"publisher\":{\"@id\":\"https:\\\/\\\/redenoticiaz.com.br\\\/ribeiraopreto-regiao\\\/#organization\"},\"image\":{\"@id\":\"https:\\\/\\\/redenoticiaz.com.br\\\/ribeiraopreto-regiao\\\/sp\\\/2022\\\/08\\\/01\\\/onde-foram-parar-as-vitimas-bombeiro-e-chamado-para-atender-acidente-mas-nao-encontra-ninguem#primaryimage\"},\"thumbnailUrl\":\"https:\\\/\\\/redenoticiaz.com.br\\\/ribeiraopreto-regiao\\\/wp-content\\\/uploads\\\/sites\\\/4\\\/2022\\\/08\\\/IMG-20220731-WA0091.jpg\",\"keywords\":[\"Bombeiros\",\"COLIDEM\",\"LOCAL\",\"NINGUEM\",\"VE\u00cdCULOS\"],\"articleSection\":[\"Pol\u00edcia\"],\"inLanguage\":\"pt-BR\",\"potentialAction\":[{\"@type\":\"CommentAction\",\"name\":\"Comment\",\"target\":[\"https:\\\/\\\/redenoticiaz.com.br\\\/ribeiraopreto-regiao\\\/sp\\\/2022\\\/08\\\/01\\\/onde-foram-parar-as-vitimas-bombeiro-e-chamado-para-atender-acidente-mas-nao-encontra-ninguem#respond\"]}]},{\"@type\":\"WebPage\",\"@id\":\"https:\\\/\\\/redenoticiaz.com.br\\\/ribeiraopreto-regiao\\\/sp\\\/2022\\\/08\\\/01\\\/onde-foram-parar-as-vitimas-bombeiro-e-chamado-para-atender-acidente-mas-nao-encontra-ninguem\",\"url\":\"https:\\\/\\\/redenoticiaz.com.br\\\/ribeiraopreto-regiao\\\/sp\\\/2022\\\/08\\\/01\\\/onde-foram-parar-as-vitimas-bombeiro-e-chamado-para-atender-acidente-mas-nao-encontra-ninguem\",\"name\":\"Onde foram parar as v\u00edtimas? Bombeiro \u00e9 chamado para atender acidente, mas n\u00e3o encontra ningu\u00e9m - Ribeir\u00e3o Preto e Regi\u00e3o\",\"isPartOf\":{\"@id\":\"https:\\\/\\\/redenoticiaz.com.br\\\/ribeiraopreto-regiao\\\/#website\"},\"primaryImageOfPage\":{\"@id\":\"https:\\\/\\\/redenoticiaz.com.br\\\/ribeiraopreto-regiao\\\/sp\\\/2022\\\/08\\\/01\\\/onde-foram-parar-as-vitimas-bombeiro-e-chamado-para-atender-acidente-mas-nao-encontra-ninguem#primaryimage\"},\"image\":{\"@id\":\"https:\\\/\\\/redenoticiaz.com.br\\\/ribeiraopreto-regiao\\\/sp\\\/2022\\\/08\\\/01\\\/onde-foram-parar-as-vitimas-bombeiro-e-chamado-para-atender-acidente-mas-nao-encontra-ninguem#primaryimage\"},\"thumbnailUrl\":\"https:\\\/\\\/redenoticiaz.com.br\\\/ribeiraopreto-regiao\\\/wp-content\\\/uploads\\\/sites\\\/4\\\/2022\\\/08\\\/IMG-20220731-WA0091.jpg\",\"datePublished\":\"2022-08-01T20:48:27+00:00\",\"description\":\"Corpo de Bombeiros em Ol\u00edmpia foram acionadas para atender um acidente automobil\u00edstico, por\u00e9m nenhuma v\u00edtima foi encontrada no local.\",\"inLanguage\":\"pt-BR\",\"potentialAction\":[{\"@type\":\"ReadAction\",\"target\":[\"https:\\\/\\\/redenoticiaz.com.br\\\/ribeiraopreto-regiao\\\/sp\\\/2022\\\/08\\\/01\\\/onde-foram-parar-as-vitimas-bombeiro-e-chamado-para-atender-acidente-mas-nao-encontra-ninguem\"]}]},{\"@type\":\"ImageObject\",\"inLanguage\":\"pt-BR\",\"@id\":\"https:\\\/\\\/redenoticiaz.com.br\\\/ribeiraopreto-regiao\\\/sp\\\/2022\\\/08\\\/01\\\/onde-foram-parar-as-vitimas-bombeiro-e-chamado-para-atender-acidente-mas-nao-encontra-ninguem#primaryimage\",\"url\":\"https:\\\/\\\/redenoticiaz.com.br\\\/ribeiraopreto-regiao\\\/wp-content\\\/uploads\\\/sites\\\/4\\\/2022\\\/08\\\/IMG-20220731-WA0091.jpg\",\"contentUrl\":\"https:\\\/\\\/redenoticiaz.com.br\\\/ribeiraopreto-regiao\\\/wp-content\\\/uploads\\\/sites\\\/4\\\/2022\\\/08\\\/IMG-20220731-WA0091.jpg\",\"width\":860,\"height\":387,\"caption\":\"Ve\u00edculo colide e ningu\u00e9m \u00e9 encontrado no local. Cr\u00e9dito: Reprodu\u00e7\u00e3o\"},{\"@type\":\"WebSite\",\"@id\":\"https:\\\/\\\/redenoticiaz.com.br\\\/ribeiraopreto-regiao\\\/#website\",\"url\":\"https:\\\/\\\/redenoticiaz.com.br\\\/ribeiraopreto-regiao\\\/\",\"name\":\"Ribeir\u00e3o Preto e Regi\u00e3o\",\"description\":\"Rede NoticiaZ - Ribeir\u00e3o Preto e regi\u00e3o\",\"publisher\":{\"@id\":\"https:\\\/\\\/redenoticiaz.com.br\\\/ribeiraopreto-regiao\\\/#organization\"},\"potentialAction\":[{\"@type\":\"SearchAction\",\"target\":{\"@type\":\"EntryPoint\",\"urlTemplate\":\"https:\\\/\\\/redenoticiaz.com.br\\\/ribeiraopreto-regiao\\\/?s={search_term_string}\"},\"query-input\":{\"@type\":\"PropertyValueSpecification\",\"valueRequired\":true,\"valueName\":\"search_term_string\"}}],\"inLanguage\":\"pt-BR\"},{\"@type\":\"Organization\",\"@id\":\"https:\\\/\\\/redenoticiaz.com.br\\\/ribeiraopreto-regiao\\\/#organization\",\"name\":\"Ribeir\u00e3o Preto e Regi\u00e3o\",\"url\":\"https:\\\/\\\/redenoticiaz.com.br\\\/ribeiraopreto-regiao\\\/\",\"logo\":{\"@type\":\"ImageObject\",\"inLanguage\":\"pt-BR\",\"@id\":\"https:\\\/\\\/redenoticiaz.com.br\\\/ribeiraopreto-regiao\\\/#\\\/schema\\\/logo\\\/image\\\/\",\"url\":\"https:\\\/\\\/redenoticiaz.com.br\\\/barretos-regiao\\\/wp-content\\\/uploads\\\/sites\\\/4\\\/2022\\\/02\\\/logo.jpg\",\"contentUrl\":\"https:\\\/\\\/redenoticiaz.com.br\\\/barretos-regiao\\\/wp-content\\\/uploads\\\/sites\\\/4\\\/2022\\\/02\\\/logo.jpg\",\"width\":400,\"height\":250,\"caption\":\"Ribeir\u00e3o Preto e Regi\u00e3o\"},\"image\":{\"@id\":\"https:\\\/\\\/redenoticiaz.com.br\\\/ribeiraopreto-regiao\\\/#\\\/schema\\\/logo\\\/image\\\/\"},\"sameAs\":[\"https:\\\/\\\/m.facebook.com\\\/redenoticiaz.barretos\",\"https:\\\/\\\/x.com\\\/RN_barretos\",\"https:\\\/\\\/www.instagram.com\\\/redenoticiaz.barretos\\\/?igshid=YmMyMTA2M2Y\",\"https:\\\/\\\/www.linkedin.com\\\/company\\\/rede-noticiaz-barretos-e-regio\\\/\"]},{\"@type\":\"Person\",\"@id\":\"\",\"url\":\"https:\\\/\\\/redenoticiaz.com.br\\\/ribeiraopreto-regiao\\\/sp\\\/author\"}]}<\/script>\n<!-- \/ Yoast SEO plugin. -->","yoast_head_json":{"title":"Onde foram parar as v\u00edtimas? Bombeiro \u00e9 chamado para atender acidente, mas n\u00e3o encontra ningu\u00e9m - Ribeir\u00e3o Preto e Regi\u00e3o","description":"Corpo de Bombeiros em Ol\u00edmpia foram acionadas para atender um acidente automobil\u00edstico, por\u00e9m nenhuma v\u00edtima foi encontrada no local.","robots":{"index":"index","follow":"follow","max-snippet":"max-snippet:-1","max-image-preview":"max-image-preview:large","max-video-preview":"max-video-preview:-1"},"canonical":"https:\/\/redenoticiaz.com.br\/ribeiraopreto-regiao\/sp\/2022\/08\/01\/onde-foram-parar-as-vitimas-bombeiro-e-chamado-para-atender-acidente-mas-nao-encontra-ninguem","og_locale":"pt_BR","og_type":"article","og_title":"Onde foram parar as v\u00edtimas? Bombeiro \u00e9 chamado para atender acidente, mas n\u00e3o encontra ningu\u00e9m - Ribeir\u00e3o Preto e Regi\u00e3o","og_description":"Corpo de Bombeiros em Ol\u00edmpia foram acionadas para atender um acidente automobil\u00edstico, por\u00e9m nenhuma v\u00edtima foi encontrada no local.","og_url":"https:\/\/redenoticiaz.com.br\/ribeiraopreto-regiao\/sp\/2022\/08\/01\/onde-foram-parar-as-vitimas-bombeiro-e-chamado-para-atender-acidente-mas-nao-encontra-ninguem","og_site_name":"Ribeir\u00e3o Preto e Regi\u00e3o","article_publisher":"https:\/\/m.facebook.com\/redenoticiaz.barretos","article_published_time":"2022-08-01T20:48:27+00:00","og_image":[{"width":860,"height":387,"url":"https:\/\/redenoticiaz.com.br\/ribeiraopreto-regiao\/wp-content\/uploads\/sites\/4\/2022\/08\/IMG-20220731-WA0091.jpg","type":"image\/jpeg"}],"twitter_card":"summary_large_image","twitter_creator":"@RN_barretos","twitter_site":"@RN_barretos","twitter_misc":{"Escrito por":"","Est. tempo de leitura":"2 minutos"},"schema":{"@context":"https:\/\/schema.org","@graph":[{"@type":"Article","@id":"https:\/\/redenoticiaz.com.br\/ribeiraopreto-regiao\/sp\/2022\/08\/01\/onde-foram-parar-as-vitimas-bombeiro-e-chamado-para-atender-acidente-mas-nao-encontra-ninguem#article","isPartOf":{"@id":"https:\/\/redenoticiaz.com.br\/ribeiraopreto-regiao\/sp\/2022\/08\/01\/onde-foram-parar-as-vitimas-bombeiro-e-chamado-para-atender-acidente-mas-nao-encontra-ninguem"},"author":{"name":"","@id":""},"headline":"Onde foram parar as v\u00edtimas? Bombeiro \u00e9 chamado para atender acidente, mas n\u00e3o encontra ningu\u00e9m","datePublished":"2022-08-01T20:48:27+00:00","mainEntityOfPage":{"@id":"https:\/\/redenoticiaz.com.br\/ribeiraopreto-regiao\/sp\/2022\/08\/01\/onde-foram-parar-as-vitimas-bombeiro-e-chamado-para-atender-acidente-mas-nao-encontra-ninguem"},"wordCount":192,"commentCount":0,"publisher":{"@id":"https:\/\/redenoticiaz.com.br\/ribeiraopreto-regiao\/#organization"},"image":{"@id":"https:\/\/redenoticiaz.com.br\/ribeiraopreto-regiao\/sp\/2022\/08\/01\/onde-foram-parar-as-vitimas-bombeiro-e-chamado-para-atender-acidente-mas-nao-encontra-ninguem#primaryimage"},"thumbnailUrl":"https:\/\/redenoticiaz.com.br\/ribeiraopreto-regiao\/wp-content\/uploads\/sites\/4\/2022\/08\/IMG-20220731-WA0091.jpg","keywords":["Bombeiros","COLIDEM","LOCAL","NINGUEM","VE\u00cdCULOS"],"articleSection":["Pol\u00edcia"],"inLanguage":"pt-BR","potentialAction":[{"@type":"CommentAction","name":"Comment","target":["https:\/\/redenoticiaz.com.br\/ribeiraopreto-regiao\/sp\/2022\/08\/01\/onde-foram-parar-as-vitimas-bombeiro-e-chamado-para-atender-acidente-mas-nao-encontra-ninguem#respond"]}]},{"@type":"WebPage","@id":"https:\/\/redenoticiaz.com.br\/ribeiraopreto-regiao\/sp\/2022\/08\/01\/onde-foram-parar-as-vitimas-bombeiro-e-chamado-para-atender-acidente-mas-nao-encontra-ninguem","url":"https:\/\/redenoticiaz.com.br\/ribeiraopreto-regiao\/sp\/2022\/08\/01\/onde-foram-parar-as-vitimas-bombeiro-e-chamado-para-atender-acidente-mas-nao-encontra-ninguem","name":"Onde foram parar as v\u00edtimas? Bombeiro \u00e9 chamado para atender acidente, mas n\u00e3o encontra ningu\u00e9m - Ribeir\u00e3o Preto e Regi\u00e3o","isPartOf":{"@id":"https:\/\/redenoticiaz.com.br\/ribeiraopreto-regiao\/#website"},"primaryImageOfPage":{"@id":"https:\/\/redenoticiaz.com.br\/ribeiraopreto-regiao\/sp\/2022\/08\/01\/onde-foram-parar-as-vitimas-bombeiro-e-chamado-para-atender-acidente-mas-nao-encontra-ninguem#primaryimage"},"image":{"@id":"https:\/\/redenoticiaz.com.br\/ribeiraopreto-regiao\/sp\/2022\/08\/01\/onde-foram-parar-as-vitimas-bombeiro-e-chamado-para-atender-acidente-mas-nao-encontra-ninguem#primaryimage"},"thumbnailUrl":"https:\/\/redenoticiaz.com.br\/ribeiraopreto-regiao\/wp-content\/uploads\/sites\/4\/2022\/08\/IMG-20220731-WA0091.jpg","datePublished":"2022-08-01T20:48:27+00:00","description":"Corpo de Bombeiros em Ol\u00edmpia foram acionadas para atender um acidente automobil\u00edstico, por\u00e9m nenhuma v\u00edtima foi encontrada no local.","inLanguage":"pt-BR","potentialAction":[{"@type":"ReadAction","target":["https:\/\/redenoticiaz.com.br\/ribeiraopreto-regiao\/sp\/2022\/08\/01\/onde-foram-parar-as-vitimas-bombeiro-e-chamado-para-atender-acidente-mas-nao-encontra-ninguem"]}]},{"@type":"ImageObject","inLanguage":"pt-BR","@id":"https:\/\/redenoticiaz.com.br\/ribeiraopreto-regiao\/sp\/2022\/08\/01\/onde-foram-parar-as-vitimas-bombeiro-e-chamado-para-atender-acidente-mas-nao-encontra-ninguem#primaryimage","url":"https:\/\/redenoticiaz.com.br\/ribeiraopreto-regiao\/wp-content\/uploads\/sites\/4\/2022\/08\/IMG-20220731-WA0091.jpg","contentUrl":"https:\/\/redenoticiaz.com.br\/ribeiraopreto-regiao\/wp-content\/uploads\/sites\/4\/2022\/08\/IMG-20220731-WA0091.jpg","width":860,"height":387,"caption":"Ve\u00edculo colide e ningu\u00e9m \u00e9 encontrado no local. Cr\u00e9dito: Reprodu\u00e7\u00e3o"},{"@type":"WebSite","@id":"https:\/\/redenoticiaz.com.br\/ribeiraopreto-regiao\/#website","url":"https:\/\/redenoticiaz.com.br\/ribeiraopreto-regiao\/","name":"Ribeir\u00e3o Preto e Regi\u00e3o","description":"Rede NoticiaZ - Ribeir\u00e3o Preto e regi\u00e3o","publisher":{"@id":"https:\/\/redenoticiaz.com.br\/ribeiraopreto-regiao\/#organization"},"potentialAction":[{"@type":"SearchAction","target":{"@type":"EntryPoint","urlTemplate":"https:\/\/redenoticiaz.com.br\/ribeiraopreto-regiao\/?s={search_term_string}"},"query-input":{"@type":"PropertyValueSpecification","valueRequired":true,"valueName":"search_term_string"}}],"inLanguage":"pt-BR"},{"@type":"Organization","@id":"https:\/\/redenoticiaz.com.br\/ribeiraopreto-regiao\/#organization","name":"Ribeir\u00e3o Preto e Regi\u00e3o","url":"https:\/\/redenoticiaz.com.br\/ribeiraopreto-regiao\/","logo":{"@type":"ImageObject","inLanguage":"pt-BR","@id":"https:\/\/redenoticiaz.com.br\/ribeiraopreto-regiao\/#\/schema\/logo\/image\/","url":"https:\/\/redenoticiaz.com.br\/barretos-regiao\/wp-content\/uploads\/sites\/4\/2022\/02\/logo.jpg","contentUrl":"https:\/\/redenoticiaz.com.br\/barretos-regiao\/wp-content\/uploads\/sites\/4\/2022\/02\/logo.jpg","width":400,"height":250,"caption":"Ribeir\u00e3o Preto e Regi\u00e3o"},"image":{"@id":"https:\/\/redenoticiaz.com.br\/ribeiraopreto-regiao\/#\/schema\/logo\/image\/"},"sameAs":["https:\/\/m.facebook.com\/redenoticiaz.barretos","https:\/\/x.com\/RN_barretos","https:\/\/www.instagram.com\/redenoticiaz.barretos\/?igshid=YmMyMTA2M2Y","https:\/\/www.linkedin.com\/company\/rede-noticiaz-barretos-e-regio\/"]},{"@type":"Person","@id":"","url":"https:\/\/redenoticiaz.com.br\/ribeiraopreto-regiao\/sp\/author"}]}},"_links":{"self":[{"href":"https:\/\/redenoticiaz.com.br\/ribeiraopreto-regiao\/wp-json\/wp\/v2\/posts\/89264","targetHints":{"allow":["GET"]}}],"collection":[{"href":"https:\/\/redenoticiaz.com.br\/ribeiraopreto-regiao\/wp-json\/wp\/v2\/posts"}],"about":[{"href":"https:\/\/redenoticiaz.com.br\/ribeiraopreto-regiao\/wp-json\/wp\/v2\/types\/post"}],"author":[{"embeddable":true,"href":"https:\/\/redenoticiaz.com.br\/ribeiraopreto-regiao\/wp-json\/wp\/v2\/users\/15"}],"replies":[{"embeddable":true,"href":"https:\/\/redenoticiaz.com.br\/ribeiraopreto-regiao\/wp-json\/wp\/v2\/comments?post=89264"}],"version-history":[{"count":1,"href":"https:\/\/redenoticiaz.com.br\/ribeiraopreto-regiao\/wp-json\/wp\/v2\/posts\/89264\/revisions"}],"predecessor-version":[{"id":89267,"href":"https:\/\/redenoticiaz.com.br\/ribeiraopreto-regiao\/wp-json\/wp\/v2\/posts\/89264\/revisions\/89267"}],"wp:featuredmedia":[{"embeddable":true,"href":"https:\/\/redenoticiaz.com.br\/ribeiraopreto-regiao\/wp-json\/wp\/v2\/media\/89266"}],"wp:attachment":[{"href":"https:\/\/redenoticiaz.com.br\/ribeiraopreto-regiao\/wp-json\/wp\/v2\/media?parent=89264"}],"wp:term":[{"taxonomy":"category","embeddable":true,"href":"https:\/\/redenoticiaz.com.br\/ribeiraopreto-regiao\/wp-json\/wp\/v2\/categories?post=89264"},{"taxonomy":"post_tag","embeddable":true,"href":"https:\/\/redenoticiaz.com.br\/ribeiraopreto-regiao\/wp-json\/wp\/v2\/tags?post=89264"}],"curies":[{"name":"wp","href":"https:\/\/api.w.org\/{rel}","templated":true}]}}