{"id":89286,"date":"2022-08-06T10:00:11","date_gmt":"2022-08-06T13:00:11","guid":{"rendered":"https:\/\/redenoticiaz.com.br\/barretos-regiao\/?p=89286"},"modified":"2022-08-02T13:32:25","modified_gmt":"2022-08-02T16:32:25","slug":"proteja-os-dados-da-empresa-contra-a-deep-web","status":"publish","type":"post","link":"https:\/\/redenoticiaz.com.br\/ribeiraopreto-regiao\/sp\/2022\/08\/06\/proteja-os-dados-da-empresa-contra-a-deep-web","title":{"rendered":"Proteja os dados da empresa contra a deep web"},"content":{"rendered":"<p>A internet possibilitou uma s\u00e9rie de facilidades para tarefas que antes eram desempenhadas presencialmente, como o pagamento de contas, a contrata\u00e7\u00e3o de colaboradores, o agendamento de consultas, entre outras. Se a tecnologia contribuiu para facilitar o dia a dia nessas atividades, por outro lado mostrou que \u00e9 necess\u00e1rio cuidado ao compartilhar certas informa\u00e7\u00f5es na rede. Especialmente com a chamada <strong>deep web<\/strong>.<\/p>\n<p>Al\u00e9m das chances de ter dados pessoais e de empresas vazados na internet, outra preocupa\u00e7\u00e3o \u00e9 a venda desses dados na deep web. Eles s\u00e3o sites que n\u00e3o aparecem nas p\u00e1ginas de buscas e que geralmente n\u00e3o s\u00e3o vigiados pelo governo. Pensando nisso, o Instituto DARYUS de Ensino Superior Paulista (IDESP), escola de neg\u00f3cios refer\u00eancia em continuidade de neg\u00f3cios e ciberseguran\u00e7a, aponta como se prevenir e o que fazer em caso de dados vazados.<\/p>\n<p>De acordo com um levantamento feito pela Surfshark, o Brasil foi o sexto pa\u00eds mais atingido por vazamentos de dados no ano passado, foram 24,2 milh\u00f5es de perfis de usu\u00e1rios com informa\u00e7\u00f5es expostas por conta de ataques ou brechas em sistemas.<\/p>\n<p>\u201cNa realidade, os vazamentos de dados ocorrem n\u00e3o s\u00f3 na\u00a0<em>deep web<\/em>, mas tamb\u00e9m na\u00a0<em>surface<\/em>\u00a0(parte da internet que acessamos diariamente). Entre os principais vetores de disponibiliza\u00e7\u00e3o de informa\u00e7\u00e3o na\u00a0<em>deep web<\/em>\u00a0est\u00e3o vazamentos de dados ocasionados por\u00a0<em>ransomware<\/em>, al\u00e9m de pessoas que caem em\u00a0<em>phishing<\/em>, t\u00e9cnica usada para enganar usu\u00e1rios e conseguir informa\u00e7\u00f5es confidenciais. Isso porque as empresas t\u00eam falhas que permitem essa extra\u00e7\u00e3o de dados\u201d, explica Thiago Bordini, coordenador e professor da p\u00f3s em Cyber\u00a0Threat\u00a0Intelligence\u00a0no Instituto\u00a0DARYUS\u00a0de Ensino Superior Paulista (IDESP).<\/p>\n<p>Entre as informa\u00e7\u00f5es que costumam ser vazadas nesse ambiente est\u00e3o e-mails, senhas, CPFs, logins de acesso, dados cadastrais e de cart\u00f5es de cr\u00e9dito. Em caso de\u00a0<em>ransomware<\/em>, em que cibercriminosos podem exigir dinheiro de resgate para restabelecer o acesso aos dados, normalmente pode haver vazamento de documentos e e-mails sens\u00edveis da institui\u00e7\u00e3o. Segundo o especialista, o golpe mais comum \u00e9 o acesso indevido a plataformas. \u201cS\u00e3o realizadas principalmente por meio de credenciais que vazaram. Com esses acessos \u00e9 poss\u00edvel a extra\u00e7\u00e3o de outros dados, tentativas de fraudes e at\u00e9 mesmo ataques direcionados, as possibilidades s\u00e3o infinitas\u201d, destaca.<\/p>\n<h3><strong>Como saber se os dados foram vazados?<\/strong><\/h3>\n<p>Para empresas e organiza\u00e7\u00f5es \u00e9 poss\u00edvel contratar uma consultoria especializada para fazer esse monitoramento. Para pessoas f\u00edsicas \u00e9 indicado fazer buscas no Google ou contratar empresas como o Serasa, para monitorar o uso indevido do CPF.<\/p>\n<p>Al\u00e9m disso, a Axur disponibiliza um site chamado <a href=\"https:\/\/minhasenha.com\/\" target=\"_blank\" rel=\"noopener noreferrer\">minhasenha.com.br<\/a>, onde o usu\u00e1rio pode checar se a senha pessoal vazou na internet, por meio do e-mail. Sempre que houver um vazamento relacionado ao e-mail, o usu\u00e1rio recebe um alerta.<\/p>\n<h3><strong>O que devo fazer ap\u00f3s o vazamento de dados?<\/strong><\/h3>\n<p>O ideal \u00e9 pedir a remo\u00e7\u00e3o dos dados em casos de ambientes que possibilitem essa a\u00e7\u00e3o. Caso a informa\u00e7\u00e3o esteja indexada no Google, por exemplo, \u00e9 poss\u00edvel pedir para a empresa a desindexa\u00e7\u00e3o daquele conte\u00fado. No caso de empresas, podem solicitar a remo\u00e7\u00e3o do conte\u00fado junto ao provedor que est\u00e1 hospedando o site<\/p>\n<p>J\u00e1 na deep web o ideal \u00e9 acompanhar o uso desses dados e em casos de e-mails vazados, trocar as senhas e habilitar um segundo fator de autentica\u00e7\u00e3o. Al\u00e9m disso, n\u00e3o reutilizar aquela senha em outras plataformas.<\/p>\n<h3><strong>Como proteger meus dados na rede?<\/strong><\/h3>\n<p>Sempre manter os computadores e programas atualizados, utilizar antiv\u00edrus e ter aten\u00e7\u00e3o com p\u00e1ginas falsas e promo\u00e7\u00f5es em que \u00e9 necess\u00e1rio o preenchimento de informa\u00e7\u00f5es pessoais. Para empresas \u00e9 necess\u00e1rio ter um monitoramento tanto interno quanto externo de especialistas em <em>cyber security<\/em>.<\/p>\n<p>\u201cUma boa pol\u00edtica de ciberseguran\u00e7a, investimento em solu\u00e7\u00f5es de antiv\u00edrus, a contrata\u00e7\u00e3o de testes de intrus\u00e3o, implementa\u00e7\u00e3o de segundo fator de autentica\u00e7\u00e3o podem ajudar a minimizar bastante os vazamentos. No caso de empresas, a conscientiza\u00e7\u00e3o do p\u00fablico interno \u00e9 sempre muito \u00fatil, al\u00e9m de um treinamento recorrente\u201d, finaliza Bordini.<\/p>\n<p><strong>LEIA TAMB\u00c9M<\/strong><\/p>\n<p><a href=\"https:\/\/redenoticiaz.com.br\/litoralsp\/2022\/07\/31\/tome-cuidado-com-o-consumo-de-pilulas-anticoncepcionais\">Tome cuidado com o consumo de p\u00edlulas anticoncepcionais<\/a><\/p>\n","protected":false},"excerpt":{"rendered":"<p>A internet possibilitou uma s\u00e9rie de facilidades para tarefas que antes eram desempenhadas presencialmente, como o pagamento de contas, a contrata\u00e7\u00e3o de colaboradores, o agendamento de consultas, entre outras. Se a tecnologia contribuiu para facilitar o dia a dia nessas atividades, por outro lado mostrou que \u00e9 necess\u00e1rio cuidado ao compartilhar certas informa\u00e7\u00f5es na rede. &hellip;<\/p>\n","protected":false},"author":6,"featured_media":89287,"comment_status":"open","ping_status":"closed","sticky":false,"template":"","format":"standard","meta":{"footnotes":""},"categories":[1561],"tags":[19437,19438,5294,8727,935],"class_list":["post-89286","post","type-post","status-publish","format-standard","has-post-thumbnail","hentry","category-tecnologia","tag-deep-web","tag-idesp","tag-internet","tag-protecao-de-dados","tag-tecnologia"],"yoast_head":"<!-- This site is optimized with the Yoast SEO plugin v27.5 - https:\/\/yoast.com\/product\/yoast-seo-wordpress\/ -->\n<title>Proteja os dados da empresa contra a deep web - Ribeir\u00e3o Preto e Regi\u00e3o<\/title>\n<meta name=\"description\" content=\"por outro lado mostrou que \u00e9 necess\u00e1rio cuidado ao compartilhar certas informa\u00e7\u00f5es na rede. Especialmente com a chamada deep web.\" \/>\n<meta name=\"robots\" content=\"index, follow, max-snippet:-1, max-image-preview:large, max-video-preview:-1\" \/>\n<link rel=\"canonical\" href=\"https:\/\/redenoticiaz.com.br\/ribeiraopreto-regiao\/sp\/2022\/08\/06\/proteja-os-dados-da-empresa-contra-a-deep-web\" \/>\n<meta property=\"og:locale\" content=\"pt_BR\" \/>\n<meta property=\"og:type\" content=\"article\" \/>\n<meta property=\"og:title\" content=\"Proteja os dados da empresa contra a deep web - Ribeir\u00e3o Preto e Regi\u00e3o\" \/>\n<meta property=\"og:description\" content=\"por outro lado mostrou que \u00e9 necess\u00e1rio cuidado ao compartilhar certas informa\u00e7\u00f5es na rede. Especialmente com a chamada deep web.\" \/>\n<meta property=\"og:url\" content=\"https:\/\/redenoticiaz.com.br\/ribeiraopreto-regiao\/sp\/2022\/08\/06\/proteja-os-dados-da-empresa-contra-a-deep-web\" \/>\n<meta property=\"og:site_name\" content=\"Ribeir\u00e3o Preto e Regi\u00e3o\" \/>\n<meta property=\"article:publisher\" content=\"https:\/\/m.facebook.com\/redenoticiaz.barretos\" \/>\n<meta property=\"article:published_time\" content=\"2022-08-06T13:00:11+00:00\" \/>\n<meta property=\"og:image\" content=\"https:\/\/redenoticiaz.com.br\/ribeiraopreto-regiao\/wp-content\/uploads\/sites\/4\/2022\/02\/logo.jpg\" \/>\n\t<meta property=\"og:image:width\" content=\"400\" \/>\n\t<meta property=\"og:image:height\" content=\"250\" \/>\n\t<meta property=\"og:image:type\" content=\"image\/jpeg\" \/>\n<meta name=\"author\" content=\"Leonardo Francisco\" \/>\n<meta name=\"twitter:card\" content=\"summary_large_image\" \/>\n<meta name=\"twitter:creator\" content=\"@RN_barretos\" \/>\n<meta name=\"twitter:site\" content=\"@RN_barretos\" \/>\n<meta name=\"twitter:label1\" content=\"Escrito por\" \/>\n\t<meta name=\"twitter:data1\" content=\"Leonardo Francisco\" \/>\n\t<meta name=\"twitter:label2\" content=\"Est. tempo de leitura\" \/>\n\t<meta name=\"twitter:data2\" content=\"4 minutos\" \/>\n<script type=\"application\/ld+json\" class=\"yoast-schema-graph\">{\"@context\":\"https:\\\/\\\/schema.org\",\"@graph\":[{\"@type\":\"Article\",\"@id\":\"https:\\\/\\\/redenoticiaz.com.br\\\/ribeiraopreto-regiao\\\/sp\\\/2022\\\/08\\\/06\\\/proteja-os-dados-da-empresa-contra-a-deep-web#article\",\"isPartOf\":{\"@id\":\"https:\\\/\\\/redenoticiaz.com.br\\\/ribeiraopreto-regiao\\\/sp\\\/2022\\\/08\\\/06\\\/proteja-os-dados-da-empresa-contra-a-deep-web\"},\"author\":{\"name\":\"Leonardo Francisco\",\"@id\":\"https:\\\/\\\/redenoticiaz.com.br\\\/ribeiraopreto-regiao\\\/#\\\/schema\\\/person\\\/0f0b8a5bdafefe82841e07ae8d81ecb3\"},\"headline\":\"Proteja os dados da empresa contra a deep web\",\"datePublished\":\"2022-08-06T13:00:11+00:00\",\"mainEntityOfPage\":{\"@id\":\"https:\\\/\\\/redenoticiaz.com.br\\\/ribeiraopreto-regiao\\\/sp\\\/2022\\\/08\\\/06\\\/proteja-os-dados-da-empresa-contra-a-deep-web\"},\"wordCount\":725,\"commentCount\":0,\"publisher\":{\"@id\":\"https:\\\/\\\/redenoticiaz.com.br\\\/ribeiraopreto-regiao\\\/#organization\"},\"image\":{\"@id\":\"https:\\\/\\\/redenoticiaz.com.br\\\/ribeiraopreto-regiao\\\/sp\\\/2022\\\/08\\\/06\\\/proteja-os-dados-da-empresa-contra-a-deep-web#primaryimage\"},\"thumbnailUrl\":\"https:\\\/\\\/redenoticiaz.com.br\\\/ribeiraopreto-regiao\\\/wp-content\\\/uploads\\\/sites\\\/4\\\/2022\\\/08\\\/hacker-in-the-hood-working-with-computer-with-hack-2022-02-06-21-41-07-utc-scaled.jpg\",\"keywords\":[\"DEEP WEB\",\"IDESP\",\"INTERNET\",\"PROTE\u00c7\u00c3O DE DADOS\",\"tecnologia\"],\"articleSection\":[\"Tecnologia\"],\"inLanguage\":\"pt-BR\",\"potentialAction\":[{\"@type\":\"CommentAction\",\"name\":\"Comment\",\"target\":[\"https:\\\/\\\/redenoticiaz.com.br\\\/ribeiraopreto-regiao\\\/sp\\\/2022\\\/08\\\/06\\\/proteja-os-dados-da-empresa-contra-a-deep-web#respond\"]}]},{\"@type\":\"WebPage\",\"@id\":\"https:\\\/\\\/redenoticiaz.com.br\\\/ribeiraopreto-regiao\\\/sp\\\/2022\\\/08\\\/06\\\/proteja-os-dados-da-empresa-contra-a-deep-web\",\"url\":\"https:\\\/\\\/redenoticiaz.com.br\\\/ribeiraopreto-regiao\\\/sp\\\/2022\\\/08\\\/06\\\/proteja-os-dados-da-empresa-contra-a-deep-web\",\"name\":\"Proteja os dados da empresa contra a deep web - Ribeir\u00e3o Preto e Regi\u00e3o\",\"isPartOf\":{\"@id\":\"https:\\\/\\\/redenoticiaz.com.br\\\/ribeiraopreto-regiao\\\/#website\"},\"primaryImageOfPage\":{\"@id\":\"https:\\\/\\\/redenoticiaz.com.br\\\/ribeiraopreto-regiao\\\/sp\\\/2022\\\/08\\\/06\\\/proteja-os-dados-da-empresa-contra-a-deep-web#primaryimage\"},\"image\":{\"@id\":\"https:\\\/\\\/redenoticiaz.com.br\\\/ribeiraopreto-regiao\\\/sp\\\/2022\\\/08\\\/06\\\/proteja-os-dados-da-empresa-contra-a-deep-web#primaryimage\"},\"thumbnailUrl\":\"https:\\\/\\\/redenoticiaz.com.br\\\/ribeiraopreto-regiao\\\/wp-content\\\/uploads\\\/sites\\\/4\\\/2022\\\/08\\\/hacker-in-the-hood-working-with-computer-with-hack-2022-02-06-21-41-07-utc-scaled.jpg\",\"datePublished\":\"2022-08-06T13:00:11+00:00\",\"description\":\"por outro lado mostrou que \u00e9 necess\u00e1rio cuidado ao compartilhar certas informa\u00e7\u00f5es na rede. Especialmente com a chamada deep web.\",\"inLanguage\":\"pt-BR\",\"potentialAction\":[{\"@type\":\"ReadAction\",\"target\":[\"https:\\\/\\\/redenoticiaz.com.br\\\/ribeiraopreto-regiao\\\/sp\\\/2022\\\/08\\\/06\\\/proteja-os-dados-da-empresa-contra-a-deep-web\"]}]},{\"@type\":\"ImageObject\",\"inLanguage\":\"pt-BR\",\"@id\":\"https:\\\/\\\/redenoticiaz.com.br\\\/ribeiraopreto-regiao\\\/sp\\\/2022\\\/08\\\/06\\\/proteja-os-dados-da-empresa-contra-a-deep-web#primaryimage\",\"url\":\"https:\\\/\\\/redenoticiaz.com.br\\\/ribeiraopreto-regiao\\\/wp-content\\\/uploads\\\/sites\\\/4\\\/2022\\\/08\\\/hacker-in-the-hood-working-with-computer-with-hack-2022-02-06-21-41-07-utc-scaled.jpg\",\"contentUrl\":\"https:\\\/\\\/redenoticiaz.com.br\\\/ribeiraopreto-regiao\\\/wp-content\\\/uploads\\\/sites\\\/4\\\/2022\\\/08\\\/hacker-in-the-hood-working-with-computer-with-hack-2022-02-06-21-41-07-utc-scaled.jpg\",\"width\":1620,\"height\":1080,\"caption\":\"Cr\u00e9ditos: Reprodu\u00e7\u00e3o\"},{\"@type\":\"WebSite\",\"@id\":\"https:\\\/\\\/redenoticiaz.com.br\\\/ribeiraopreto-regiao\\\/#website\",\"url\":\"https:\\\/\\\/redenoticiaz.com.br\\\/ribeiraopreto-regiao\\\/\",\"name\":\"Ribeir\u00e3o Preto e Regi\u00e3o\",\"description\":\"Rede NoticiaZ - Ribeir\u00e3o Preto e regi\u00e3o\",\"publisher\":{\"@id\":\"https:\\\/\\\/redenoticiaz.com.br\\\/ribeiraopreto-regiao\\\/#organization\"},\"potentialAction\":[{\"@type\":\"SearchAction\",\"target\":{\"@type\":\"EntryPoint\",\"urlTemplate\":\"https:\\\/\\\/redenoticiaz.com.br\\\/ribeiraopreto-regiao\\\/?s={search_term_string}\"},\"query-input\":{\"@type\":\"PropertyValueSpecification\",\"valueRequired\":true,\"valueName\":\"search_term_string\"}}],\"inLanguage\":\"pt-BR\"},{\"@type\":\"Organization\",\"@id\":\"https:\\\/\\\/redenoticiaz.com.br\\\/ribeiraopreto-regiao\\\/#organization\",\"name\":\"Ribeir\u00e3o Preto e Regi\u00e3o\",\"url\":\"https:\\\/\\\/redenoticiaz.com.br\\\/ribeiraopreto-regiao\\\/\",\"logo\":{\"@type\":\"ImageObject\",\"inLanguage\":\"pt-BR\",\"@id\":\"https:\\\/\\\/redenoticiaz.com.br\\\/ribeiraopreto-regiao\\\/#\\\/schema\\\/logo\\\/image\\\/\",\"url\":\"https:\\\/\\\/redenoticiaz.com.br\\\/barretos-regiao\\\/wp-content\\\/uploads\\\/sites\\\/4\\\/2022\\\/02\\\/logo.jpg\",\"contentUrl\":\"https:\\\/\\\/redenoticiaz.com.br\\\/barretos-regiao\\\/wp-content\\\/uploads\\\/sites\\\/4\\\/2022\\\/02\\\/logo.jpg\",\"width\":400,\"height\":250,\"caption\":\"Ribeir\u00e3o Preto e Regi\u00e3o\"},\"image\":{\"@id\":\"https:\\\/\\\/redenoticiaz.com.br\\\/ribeiraopreto-regiao\\\/#\\\/schema\\\/logo\\\/image\\\/\"},\"sameAs\":[\"https:\\\/\\\/m.facebook.com\\\/redenoticiaz.barretos\",\"https:\\\/\\\/x.com\\\/RN_barretos\",\"https:\\\/\\\/www.instagram.com\\\/redenoticiaz.barretos\\\/?igshid=YmMyMTA2M2Y\",\"https:\\\/\\\/www.linkedin.com\\\/company\\\/rede-noticiaz-barretos-e-regio\\\/\"]},{\"@type\":\"Person\",\"@id\":\"https:\\\/\\\/redenoticiaz.com.br\\\/ribeiraopreto-regiao\\\/#\\\/schema\\\/person\\\/0f0b8a5bdafefe82841e07ae8d81ecb3\",\"name\":\"Leonardo Francisco\",\"image\":{\"@type\":\"ImageObject\",\"inLanguage\":\"pt-BR\",\"@id\":\"https:\\\/\\\/secure.gravatar.com\\\/avatar\\\/a7358cb406a99b682ec6df1e77e31ae82e63601f6784e8a3df411d72b37864da?s=96&d=mm&r=g\",\"url\":\"https:\\\/\\\/secure.gravatar.com\\\/avatar\\\/a7358cb406a99b682ec6df1e77e31ae82e63601f6784e8a3df411d72b37864da?s=96&d=mm&r=g\",\"contentUrl\":\"https:\\\/\\\/secure.gravatar.com\\\/avatar\\\/a7358cb406a99b682ec6df1e77e31ae82e63601f6784e8a3df411d72b37864da?s=96&d=mm&r=g\",\"caption\":\"Leonardo Francisco\"},\"url\":\"https:\\\/\\\/redenoticiaz.com.br\\\/ribeiraopreto-regiao\\\/sp\\\/author\\\/leonardo-francisco\"}]}<\/script>\n<!-- \/ Yoast SEO plugin. -->","yoast_head_json":{"title":"Proteja os dados da empresa contra a deep web - Ribeir\u00e3o Preto e Regi\u00e3o","description":"por outro lado mostrou que \u00e9 necess\u00e1rio cuidado ao compartilhar certas informa\u00e7\u00f5es na rede. Especialmente com a chamada deep web.","robots":{"index":"index","follow":"follow","max-snippet":"max-snippet:-1","max-image-preview":"max-image-preview:large","max-video-preview":"max-video-preview:-1"},"canonical":"https:\/\/redenoticiaz.com.br\/ribeiraopreto-regiao\/sp\/2022\/08\/06\/proteja-os-dados-da-empresa-contra-a-deep-web","og_locale":"pt_BR","og_type":"article","og_title":"Proteja os dados da empresa contra a deep web - Ribeir\u00e3o Preto e Regi\u00e3o","og_description":"por outro lado mostrou que \u00e9 necess\u00e1rio cuidado ao compartilhar certas informa\u00e7\u00f5es na rede. Especialmente com a chamada deep web.","og_url":"https:\/\/redenoticiaz.com.br\/ribeiraopreto-regiao\/sp\/2022\/08\/06\/proteja-os-dados-da-empresa-contra-a-deep-web","og_site_name":"Ribeir\u00e3o Preto e Regi\u00e3o","article_publisher":"https:\/\/m.facebook.com\/redenoticiaz.barretos","article_published_time":"2022-08-06T13:00:11+00:00","og_image":[{"width":400,"height":250,"url":"https:\/\/redenoticiaz.com.br\/ribeiraopreto-regiao\/wp-content\/uploads\/sites\/4\/2022\/02\/logo.jpg","type":"image\/jpeg"}],"author":"Leonardo Francisco","twitter_card":"summary_large_image","twitter_creator":"@RN_barretos","twitter_site":"@RN_barretos","twitter_misc":{"Escrito por":"Leonardo Francisco","Est. tempo de leitura":"4 minutos"},"schema":{"@context":"https:\/\/schema.org","@graph":[{"@type":"Article","@id":"https:\/\/redenoticiaz.com.br\/ribeiraopreto-regiao\/sp\/2022\/08\/06\/proteja-os-dados-da-empresa-contra-a-deep-web#article","isPartOf":{"@id":"https:\/\/redenoticiaz.com.br\/ribeiraopreto-regiao\/sp\/2022\/08\/06\/proteja-os-dados-da-empresa-contra-a-deep-web"},"author":{"name":"Leonardo Francisco","@id":"https:\/\/redenoticiaz.com.br\/ribeiraopreto-regiao\/#\/schema\/person\/0f0b8a5bdafefe82841e07ae8d81ecb3"},"headline":"Proteja os dados da empresa contra a deep web","datePublished":"2022-08-06T13:00:11+00:00","mainEntityOfPage":{"@id":"https:\/\/redenoticiaz.com.br\/ribeiraopreto-regiao\/sp\/2022\/08\/06\/proteja-os-dados-da-empresa-contra-a-deep-web"},"wordCount":725,"commentCount":0,"publisher":{"@id":"https:\/\/redenoticiaz.com.br\/ribeiraopreto-regiao\/#organization"},"image":{"@id":"https:\/\/redenoticiaz.com.br\/ribeiraopreto-regiao\/sp\/2022\/08\/06\/proteja-os-dados-da-empresa-contra-a-deep-web#primaryimage"},"thumbnailUrl":"https:\/\/redenoticiaz.com.br\/ribeiraopreto-regiao\/wp-content\/uploads\/sites\/4\/2022\/08\/hacker-in-the-hood-working-with-computer-with-hack-2022-02-06-21-41-07-utc-scaled.jpg","keywords":["DEEP WEB","IDESP","INTERNET","PROTE\u00c7\u00c3O DE DADOS","tecnologia"],"articleSection":["Tecnologia"],"inLanguage":"pt-BR","potentialAction":[{"@type":"CommentAction","name":"Comment","target":["https:\/\/redenoticiaz.com.br\/ribeiraopreto-regiao\/sp\/2022\/08\/06\/proteja-os-dados-da-empresa-contra-a-deep-web#respond"]}]},{"@type":"WebPage","@id":"https:\/\/redenoticiaz.com.br\/ribeiraopreto-regiao\/sp\/2022\/08\/06\/proteja-os-dados-da-empresa-contra-a-deep-web","url":"https:\/\/redenoticiaz.com.br\/ribeiraopreto-regiao\/sp\/2022\/08\/06\/proteja-os-dados-da-empresa-contra-a-deep-web","name":"Proteja os dados da empresa contra a deep web - Ribeir\u00e3o Preto e Regi\u00e3o","isPartOf":{"@id":"https:\/\/redenoticiaz.com.br\/ribeiraopreto-regiao\/#website"},"primaryImageOfPage":{"@id":"https:\/\/redenoticiaz.com.br\/ribeiraopreto-regiao\/sp\/2022\/08\/06\/proteja-os-dados-da-empresa-contra-a-deep-web#primaryimage"},"image":{"@id":"https:\/\/redenoticiaz.com.br\/ribeiraopreto-regiao\/sp\/2022\/08\/06\/proteja-os-dados-da-empresa-contra-a-deep-web#primaryimage"},"thumbnailUrl":"https:\/\/redenoticiaz.com.br\/ribeiraopreto-regiao\/wp-content\/uploads\/sites\/4\/2022\/08\/hacker-in-the-hood-working-with-computer-with-hack-2022-02-06-21-41-07-utc-scaled.jpg","datePublished":"2022-08-06T13:00:11+00:00","description":"por outro lado mostrou que \u00e9 necess\u00e1rio cuidado ao compartilhar certas informa\u00e7\u00f5es na rede. Especialmente com a chamada deep web.","inLanguage":"pt-BR","potentialAction":[{"@type":"ReadAction","target":["https:\/\/redenoticiaz.com.br\/ribeiraopreto-regiao\/sp\/2022\/08\/06\/proteja-os-dados-da-empresa-contra-a-deep-web"]}]},{"@type":"ImageObject","inLanguage":"pt-BR","@id":"https:\/\/redenoticiaz.com.br\/ribeiraopreto-regiao\/sp\/2022\/08\/06\/proteja-os-dados-da-empresa-contra-a-deep-web#primaryimage","url":"https:\/\/redenoticiaz.com.br\/ribeiraopreto-regiao\/wp-content\/uploads\/sites\/4\/2022\/08\/hacker-in-the-hood-working-with-computer-with-hack-2022-02-06-21-41-07-utc-scaled.jpg","contentUrl":"https:\/\/redenoticiaz.com.br\/ribeiraopreto-regiao\/wp-content\/uploads\/sites\/4\/2022\/08\/hacker-in-the-hood-working-with-computer-with-hack-2022-02-06-21-41-07-utc-scaled.jpg","width":1620,"height":1080,"caption":"Cr\u00e9ditos: Reprodu\u00e7\u00e3o"},{"@type":"WebSite","@id":"https:\/\/redenoticiaz.com.br\/ribeiraopreto-regiao\/#website","url":"https:\/\/redenoticiaz.com.br\/ribeiraopreto-regiao\/","name":"Ribeir\u00e3o Preto e Regi\u00e3o","description":"Rede NoticiaZ - Ribeir\u00e3o Preto e regi\u00e3o","publisher":{"@id":"https:\/\/redenoticiaz.com.br\/ribeiraopreto-regiao\/#organization"},"potentialAction":[{"@type":"SearchAction","target":{"@type":"EntryPoint","urlTemplate":"https:\/\/redenoticiaz.com.br\/ribeiraopreto-regiao\/?s={search_term_string}"},"query-input":{"@type":"PropertyValueSpecification","valueRequired":true,"valueName":"search_term_string"}}],"inLanguage":"pt-BR"},{"@type":"Organization","@id":"https:\/\/redenoticiaz.com.br\/ribeiraopreto-regiao\/#organization","name":"Ribeir\u00e3o Preto e Regi\u00e3o","url":"https:\/\/redenoticiaz.com.br\/ribeiraopreto-regiao\/","logo":{"@type":"ImageObject","inLanguage":"pt-BR","@id":"https:\/\/redenoticiaz.com.br\/ribeiraopreto-regiao\/#\/schema\/logo\/image\/","url":"https:\/\/redenoticiaz.com.br\/barretos-regiao\/wp-content\/uploads\/sites\/4\/2022\/02\/logo.jpg","contentUrl":"https:\/\/redenoticiaz.com.br\/barretos-regiao\/wp-content\/uploads\/sites\/4\/2022\/02\/logo.jpg","width":400,"height":250,"caption":"Ribeir\u00e3o Preto e Regi\u00e3o"},"image":{"@id":"https:\/\/redenoticiaz.com.br\/ribeiraopreto-regiao\/#\/schema\/logo\/image\/"},"sameAs":["https:\/\/m.facebook.com\/redenoticiaz.barretos","https:\/\/x.com\/RN_barretos","https:\/\/www.instagram.com\/redenoticiaz.barretos\/?igshid=YmMyMTA2M2Y","https:\/\/www.linkedin.com\/company\/rede-noticiaz-barretos-e-regio\/"]},{"@type":"Person","@id":"https:\/\/redenoticiaz.com.br\/ribeiraopreto-regiao\/#\/schema\/person\/0f0b8a5bdafefe82841e07ae8d81ecb3","name":"Leonardo Francisco","image":{"@type":"ImageObject","inLanguage":"pt-BR","@id":"https:\/\/secure.gravatar.com\/avatar\/a7358cb406a99b682ec6df1e77e31ae82e63601f6784e8a3df411d72b37864da?s=96&d=mm&r=g","url":"https:\/\/secure.gravatar.com\/avatar\/a7358cb406a99b682ec6df1e77e31ae82e63601f6784e8a3df411d72b37864da?s=96&d=mm&r=g","contentUrl":"https:\/\/secure.gravatar.com\/avatar\/a7358cb406a99b682ec6df1e77e31ae82e63601f6784e8a3df411d72b37864da?s=96&d=mm&r=g","caption":"Leonardo Francisco"},"url":"https:\/\/redenoticiaz.com.br\/ribeiraopreto-regiao\/sp\/author\/leonardo-francisco"}]}},"_links":{"self":[{"href":"https:\/\/redenoticiaz.com.br\/ribeiraopreto-regiao\/wp-json\/wp\/v2\/posts\/89286","targetHints":{"allow":["GET"]}}],"collection":[{"href":"https:\/\/redenoticiaz.com.br\/ribeiraopreto-regiao\/wp-json\/wp\/v2\/posts"}],"about":[{"href":"https:\/\/redenoticiaz.com.br\/ribeiraopreto-regiao\/wp-json\/wp\/v2\/types\/post"}],"author":[{"embeddable":true,"href":"https:\/\/redenoticiaz.com.br\/ribeiraopreto-regiao\/wp-json\/wp\/v2\/users\/6"}],"replies":[{"embeddable":true,"href":"https:\/\/redenoticiaz.com.br\/ribeiraopreto-regiao\/wp-json\/wp\/v2\/comments?post=89286"}],"version-history":[{"count":0,"href":"https:\/\/redenoticiaz.com.br\/ribeiraopreto-regiao\/wp-json\/wp\/v2\/posts\/89286\/revisions"}],"wp:featuredmedia":[{"embeddable":true,"href":"https:\/\/redenoticiaz.com.br\/ribeiraopreto-regiao\/wp-json\/wp\/v2\/media\/89287"}],"wp:attachment":[{"href":"https:\/\/redenoticiaz.com.br\/ribeiraopreto-regiao\/wp-json\/wp\/v2\/media?parent=89286"}],"wp:term":[{"taxonomy":"category","embeddable":true,"href":"https:\/\/redenoticiaz.com.br\/ribeiraopreto-regiao\/wp-json\/wp\/v2\/categories?post=89286"},{"taxonomy":"post_tag","embeddable":true,"href":"https:\/\/redenoticiaz.com.br\/ribeiraopreto-regiao\/wp-json\/wp\/v2\/tags?post=89286"}],"curies":[{"name":"wp","href":"https:\/\/api.w.org\/{rel}","templated":true}]}}