{"id":89316,"date":"2022-08-02T16:18:04","date_gmt":"2022-08-02T19:18:04","guid":{"rendered":"https:\/\/redenoticiaz.com.br\/barretos-regiao\/?p=89316"},"modified":"2022-08-02T16:18:04","modified_gmt":"2022-08-02T19:18:04","slug":"prefeitura-inicia-nova-etapa-do-projeto-de-retirada-dos-paralelepipedos-em-mais-15-ruas-da-cidade","status":"publish","type":"post","link":"https:\/\/redenoticiaz.com.br\/ribeiraopreto-regiao\/sp\/2022\/08\/02\/prefeitura-inicia-nova-etapa-do-projeto-de-retirada-dos-paralelepipedos-em-mais-15-ruas-da-cidade","title":{"rendered":"Prefeitura inicia nova etapa do projeto de retirada dos paralelep\u00edpedos em mais 15 ruas da cidade"},"content":{"rendered":"<p class=\"v1MsoNormal\"><span style=\"font-family: arial, sans-serif\">Demanda antiga dos moradores de Ol\u00edmpia, a retirada dos paralelep\u00edpedos com a pavimenta\u00e7\u00e3o das ruas acaba de iniciar uma nova etapa. Os servi\u00e7os executados pela Prefeitura, por meio da secretaria de Obras, Engenharia e Infraestrutura, foram retomados para contemplar vias em diversas regi\u00f5es da cidade.<br \/>\n<\/span><\/p>\n<p class=\"v1gmail-MsoBodyText\"><span style=\"font-family: arial, sans-serif\">A obra de retirada dos paralelep\u00edpedos faz parte dos projetos de melhoria na infraestrutura das ruas e avenidas do munic\u00edpio, com recupera\u00e7\u00e3o asf\u00e1ltica e pavimenta\u00e7\u00e3o, que foi iniciada em 2020 e agora, com a nova licita\u00e7\u00e3o, vai englobar mais 15 pontos da cidade, que est\u00e3o entre os locais de maior necessidade e pedido dos cidad\u00e3os e motoristas.<\/span><\/p>\n<p class=\"v1gmail-MsoBodyText\"><span style=\"font-family: arial, sans-serif\">A quest\u00e3o, que \u00e9 um compromisso da gest\u00e3o, vinha sendo tratada pelo prefeito desde o in\u00edcio com o objetivo de oferecer mais qualidade, mobilidade e infraestrutura adequada. Al\u00e9m da remo\u00e7\u00e3o e pavimenta\u00e7\u00e3o, em alguns locais onde \u00e9 necess\u00e1rio s\u00e3o feitas tamb\u00e9m obras de galeria para melhorar a drenagem e escoamento das \u00e1guas pluviais.\u00a0<\/span><\/p>\n<p class=\"v1gmail-MsoBodyText\"><span style=\"font-family: arial, sans-serif\">A nova fase de obras teve in\u00edcio esta semana na regi\u00e3o central na Rua Duque de Caxias \u2013 trecho entre a Rua Dr. Ant\u00f4nio Ol\u00edmpio e a Rua S\u00e3o Jo\u00e3o, na lateral da Casa da Cultura, e avan\u00e7ar\u00e1 por outras ruas da \u00e1rea central, seguindo, posteriormente, pelos bairros S\u00e3o Jos\u00e9 e Jardim Cisoto.<\/span><\/p>\n<p class=\"v1gmail-MsoBodyText\"><span style=\"font-family: arial, sans-serif\">No Centro, ser\u00e3o retirados os paralelep\u00edpedos das Ruas Engenheiro Reid (entre a Pra\u00e7a Altino Arantes e a Rua S\u00e3o Jo\u00e3o); Rua Dr. Ant\u00f4nio Ol\u00edmpio (entre a Rua Duque de Caxias e a Av. Waldemar Lopes Ferraz); Rua Marechal Deodoro (entre a Rua General Os\u00f3rio e a Rua S\u00e3o Jo\u00e3o); Rua Bernadino de Campos (entre a Rua S\u00edria e a Rua Jos\u00e9 Clemencio pr\u00f3ximo \u00e0 Santa Casa); Rua Jos\u00e9 Clemencio (entre a Rua Bernadino de Campos e a Rua David Oliveira); e Rua David Oliveira (entre a Rua Jos\u00e9 Clemencio e a Rua S\u00edria).<\/span><\/p>\n<p class=\"v1gmail-MsoBodyText\"><span style=\"font-family: arial, sans-serif\">No bairro S\u00e3o Jos\u00e9, as melhorias ser\u00e3o realizadas em diversos trechos entre a Avenida Jos\u00e9 Rodrigues da Silva e a Rua Dr. Ot\u00e1vio Lopes Ferras, nas seguintes vias: Av. Fernando Moro; Av. Francisco Laraia; Av. Pio XII; Av. In\u00e1cio Assis; Av. Marcial Ramos; Av. J\u00falio Ferranti; Rua Dona Jer\u00f4nima A. Ferreira. Por fim, ser\u00e1 contemplado o Jardim Cisoto, na Rua Ant\u00f4nio Cisoto, no trecho entre a Av. Vit\u00f3rio Cisoto e a Av. M\u00e1rio Vieira Marcondes.<\/span><\/p>\n<p class=\"v1gmail-MsoBodyText\"><span style=\"font-family: arial, sans-serif\">Levando em considera\u00e7\u00e3o o valor hist\u00f3rico dos paralelep\u00edpedos, os blocos retirados das ruas ser\u00e3o restaurados e assentados em espa\u00e7os culturais adequados, para preserva\u00e7\u00e3o do patrim\u00f4nio local, como ocorreu anteriormente, com o reaproveitamento das pe\u00e7as na ECO \u2013 Esta\u00e7\u00e3o Cultural de Ol\u00edmpia (antiga Esta\u00e7\u00e3o Ferrovi\u00e1ria).<\/span><\/p>\n<p class=\"v1gmail-MsoBodyText\"><strong><span style=\"font-family: arial, sans-serif\">\u00a0VEJA TAMB\u00c9M:\u00a0<a href=\"https:\/\/redenoticiaz.com.br\/barretos-regiao\/sp\/2022\/08\/02\/prefeitura-entrega-veiculo-e-reforma-banheiro-do-tiro-de-guerra\">Prefeitura entrega ve\u00edculo e reforma banheiro do Tiro de Guerra<\/a><\/span><\/strong><\/p>\n","protected":false},"excerpt":{"rendered":"<p>Demanda antiga dos moradores de Ol\u00edmpia, a retirada dos paralelep\u00edpedos com a pavimenta\u00e7\u00e3o das ruas acaba de iniciar uma nova etapa. Os servi\u00e7os executados pela Prefeitura, por meio da secretaria de Obras, Engenharia e Infraestrutura, foram retomados para contemplar vias em diversas regi\u00f5es da cidade. A obra de retirada dos paralelep\u00edpedos faz parte dos projetos &hellip;<\/p>\n","protected":false},"author":15,"featured_media":89321,"comment_status":"open","ping_status":"closed","sticky":false,"template":"","format":"standard","meta":{"footnotes":""},"categories":[2920],"tags":[3121,19455,927,2924,19456],"class_list":["post-89316","post","type-post","status-publish","format-standard","has-post-thumbnail","hentry","category-obras","tag-obras","tag-paralelepipedos","tag-prefeitura","tag-projeto","tag-ruas"],"yoast_head":"<!-- This site is optimized with the Yoast SEO plugin v27.4 - https:\/\/yoast.com\/product\/yoast-seo-wordpress\/ -->\n<title>Prefeitura inicia nova etapa do projeto de retirada dos paralelep\u00edpedos em mais 15 ruas da cidade - Ribeir\u00e3o Preto e Regi\u00e3o<\/title>\n<meta name=\"description\" content=\"Os servi\u00e7os executados pela Prefeitura, por meio da secretaria de Obras, Engenharia e Infraestrutura, foram retomados para contemplar vias em diversas regi\u00f5es da cidade.\" \/>\n<meta name=\"robots\" content=\"index, follow, max-snippet:-1, max-image-preview:large, max-video-preview:-1\" \/>\n<link rel=\"canonical\" href=\"https:\/\/redenoticiaz.com.br\/ribeiraopreto-regiao\/sp\/2022\/08\/02\/prefeitura-inicia-nova-etapa-do-projeto-de-retirada-dos-paralelepipedos-em-mais-15-ruas-da-cidade\" \/>\n<meta property=\"og:locale\" content=\"pt_BR\" \/>\n<meta property=\"og:type\" content=\"article\" \/>\n<meta property=\"og:title\" content=\"Prefeitura inicia nova etapa do projeto de retirada dos paralelep\u00edpedos em mais 15 ruas da cidade - Ribeir\u00e3o Preto e Regi\u00e3o\" \/>\n<meta property=\"og:description\" content=\"Os servi\u00e7os executados pela Prefeitura, por meio da secretaria de Obras, Engenharia e Infraestrutura, foram retomados para contemplar vias em diversas regi\u00f5es da cidade.\" \/>\n<meta property=\"og:url\" content=\"https:\/\/redenoticiaz.com.br\/ribeiraopreto-regiao\/sp\/2022\/08\/02\/prefeitura-inicia-nova-etapa-do-projeto-de-retirada-dos-paralelepipedos-em-mais-15-ruas-da-cidade\" \/>\n<meta property=\"og:site_name\" content=\"Ribeir\u00e3o Preto e Regi\u00e3o\" \/>\n<meta property=\"article:publisher\" content=\"https:\/\/m.facebook.com\/redenoticiaz.barretos\" \/>\n<meta property=\"article:published_time\" content=\"2022-08-02T19:18:04+00:00\" \/>\n<meta property=\"og:image\" content=\"https:\/\/redenoticiaz.com.br\/ribeiraopreto-regiao\/wp-content\/uploads\/sites\/4\/2022\/08\/Retirada-Paralelepipedo-2.jpg\" \/>\n\t<meta property=\"og:image:width\" content=\"1441\" \/>\n\t<meta property=\"og:image:height\" content=\"1080\" \/>\n\t<meta property=\"og:image:type\" content=\"image\/jpeg\" \/>\n<meta name=\"twitter:card\" content=\"summary_large_image\" \/>\n<meta name=\"twitter:creator\" content=\"@RN_barretos\" \/>\n<meta name=\"twitter:site\" content=\"@RN_barretos\" \/>\n<meta name=\"twitter:label1\" content=\"Escrito por\" \/>\n\t<meta name=\"twitter:data1\" content=\"\" \/>\n\t<meta name=\"twitter:label2\" content=\"Est. tempo de leitura\" \/>\n\t<meta name=\"twitter:data2\" content=\"3 minutos\" \/>\n<script type=\"application\/ld+json\" class=\"yoast-schema-graph\">{\"@context\":\"https:\\\/\\\/schema.org\",\"@graph\":[{\"@type\":\"Article\",\"@id\":\"https:\\\/\\\/redenoticiaz.com.br\\\/ribeiraopreto-regiao\\\/sp\\\/2022\\\/08\\\/02\\\/prefeitura-inicia-nova-etapa-do-projeto-de-retirada-dos-paralelepipedos-em-mais-15-ruas-da-cidade#article\",\"isPartOf\":{\"@id\":\"https:\\\/\\\/redenoticiaz.com.br\\\/ribeiraopreto-regiao\\\/sp\\\/2022\\\/08\\\/02\\\/prefeitura-inicia-nova-etapa-do-projeto-de-retirada-dos-paralelepipedos-em-mais-15-ruas-da-cidade\"},\"author\":{\"name\":\"\",\"@id\":\"\"},\"headline\":\"Prefeitura inicia nova etapa do projeto de retirada dos paralelep\u00edpedos em mais 15 ruas da cidade\",\"datePublished\":\"2022-08-02T19:18:04+00:00\",\"mainEntityOfPage\":{\"@id\":\"https:\\\/\\\/redenoticiaz.com.br\\\/ribeiraopreto-regiao\\\/sp\\\/2022\\\/08\\\/02\\\/prefeitura-inicia-nova-etapa-do-projeto-de-retirada-dos-paralelepipedos-em-mais-15-ruas-da-cidade\"},\"wordCount\":507,\"commentCount\":0,\"publisher\":{\"@id\":\"https:\\\/\\\/redenoticiaz.com.br\\\/ribeiraopreto-regiao\\\/#organization\"},\"image\":{\"@id\":\"https:\\\/\\\/redenoticiaz.com.br\\\/ribeiraopreto-regiao\\\/sp\\\/2022\\\/08\\\/02\\\/prefeitura-inicia-nova-etapa-do-projeto-de-retirada-dos-paralelepipedos-em-mais-15-ruas-da-cidade#primaryimage\"},\"thumbnailUrl\":\"https:\\\/\\\/redenoticiaz.com.br\\\/ribeiraopreto-regiao\\\/wp-content\\\/uploads\\\/sites\\\/4\\\/2022\\\/08\\\/Retirada-Paralelepipedo-2.jpg\",\"keywords\":[\"obras\",\"PARALELEP\u00cdPEDOS\",\"PREFEITURA\",\"PROJETO\",\"RUAS\"],\"articleSection\":[\"Obras\"],\"inLanguage\":\"pt-BR\",\"potentialAction\":[{\"@type\":\"CommentAction\",\"name\":\"Comment\",\"target\":[\"https:\\\/\\\/redenoticiaz.com.br\\\/ribeiraopreto-regiao\\\/sp\\\/2022\\\/08\\\/02\\\/prefeitura-inicia-nova-etapa-do-projeto-de-retirada-dos-paralelepipedos-em-mais-15-ruas-da-cidade#respond\"]}]},{\"@type\":\"WebPage\",\"@id\":\"https:\\\/\\\/redenoticiaz.com.br\\\/ribeiraopreto-regiao\\\/sp\\\/2022\\\/08\\\/02\\\/prefeitura-inicia-nova-etapa-do-projeto-de-retirada-dos-paralelepipedos-em-mais-15-ruas-da-cidade\",\"url\":\"https:\\\/\\\/redenoticiaz.com.br\\\/ribeiraopreto-regiao\\\/sp\\\/2022\\\/08\\\/02\\\/prefeitura-inicia-nova-etapa-do-projeto-de-retirada-dos-paralelepipedos-em-mais-15-ruas-da-cidade\",\"name\":\"Prefeitura inicia nova etapa do projeto de retirada dos paralelep\u00edpedos em mais 15 ruas da cidade - Ribeir\u00e3o Preto e Regi\u00e3o\",\"isPartOf\":{\"@id\":\"https:\\\/\\\/redenoticiaz.com.br\\\/ribeiraopreto-regiao\\\/#website\"},\"primaryImageOfPage\":{\"@id\":\"https:\\\/\\\/redenoticiaz.com.br\\\/ribeiraopreto-regiao\\\/sp\\\/2022\\\/08\\\/02\\\/prefeitura-inicia-nova-etapa-do-projeto-de-retirada-dos-paralelepipedos-em-mais-15-ruas-da-cidade#primaryimage\"},\"image\":{\"@id\":\"https:\\\/\\\/redenoticiaz.com.br\\\/ribeiraopreto-regiao\\\/sp\\\/2022\\\/08\\\/02\\\/prefeitura-inicia-nova-etapa-do-projeto-de-retirada-dos-paralelepipedos-em-mais-15-ruas-da-cidade#primaryimage\"},\"thumbnailUrl\":\"https:\\\/\\\/redenoticiaz.com.br\\\/ribeiraopreto-regiao\\\/wp-content\\\/uploads\\\/sites\\\/4\\\/2022\\\/08\\\/Retirada-Paralelepipedo-2.jpg\",\"datePublished\":\"2022-08-02T19:18:04+00:00\",\"description\":\"Os servi\u00e7os executados pela Prefeitura, por meio da secretaria de Obras, Engenharia e Infraestrutura, foram retomados para contemplar vias em diversas regi\u00f5es da cidade.\",\"inLanguage\":\"pt-BR\",\"potentialAction\":[{\"@type\":\"ReadAction\",\"target\":[\"https:\\\/\\\/redenoticiaz.com.br\\\/ribeiraopreto-regiao\\\/sp\\\/2022\\\/08\\\/02\\\/prefeitura-inicia-nova-etapa-do-projeto-de-retirada-dos-paralelepipedos-em-mais-15-ruas-da-cidade\"]}]},{\"@type\":\"ImageObject\",\"inLanguage\":\"pt-BR\",\"@id\":\"https:\\\/\\\/redenoticiaz.com.br\\\/ribeiraopreto-regiao\\\/sp\\\/2022\\\/08\\\/02\\\/prefeitura-inicia-nova-etapa-do-projeto-de-retirada-dos-paralelepipedos-em-mais-15-ruas-da-cidade#primaryimage\",\"url\":\"https:\\\/\\\/redenoticiaz.com.br\\\/ribeiraopreto-regiao\\\/wp-content\\\/uploads\\\/sites\\\/4\\\/2022\\\/08\\\/Retirada-Paralelepipedo-2.jpg\",\"contentUrl\":\"https:\\\/\\\/redenoticiaz.com.br\\\/ribeiraopreto-regiao\\\/wp-content\\\/uploads\\\/sites\\\/4\\\/2022\\\/08\\\/Retirada-Paralelepipedo-2.jpg\",\"width\":1441,\"height\":1080,\"caption\":\"Retirada dos paralelep\u00edpedos. Cr\u00e9dito: Divulga\u00e7\u00e3o\"},{\"@type\":\"WebSite\",\"@id\":\"https:\\\/\\\/redenoticiaz.com.br\\\/ribeiraopreto-regiao\\\/#website\",\"url\":\"https:\\\/\\\/redenoticiaz.com.br\\\/ribeiraopreto-regiao\\\/\",\"name\":\"Ribeir\u00e3o Preto e Regi\u00e3o\",\"description\":\"Rede NoticiaZ - Ribeir\u00e3o Preto e regi\u00e3o\",\"publisher\":{\"@id\":\"https:\\\/\\\/redenoticiaz.com.br\\\/ribeiraopreto-regiao\\\/#organization\"},\"potentialAction\":[{\"@type\":\"SearchAction\",\"target\":{\"@type\":\"EntryPoint\",\"urlTemplate\":\"https:\\\/\\\/redenoticiaz.com.br\\\/ribeiraopreto-regiao\\\/?s={search_term_string}\"},\"query-input\":{\"@type\":\"PropertyValueSpecification\",\"valueRequired\":true,\"valueName\":\"search_term_string\"}}],\"inLanguage\":\"pt-BR\"},{\"@type\":\"Organization\",\"@id\":\"https:\\\/\\\/redenoticiaz.com.br\\\/ribeiraopreto-regiao\\\/#organization\",\"name\":\"Ribeir\u00e3o Preto e Regi\u00e3o\",\"url\":\"https:\\\/\\\/redenoticiaz.com.br\\\/ribeiraopreto-regiao\\\/\",\"logo\":{\"@type\":\"ImageObject\",\"inLanguage\":\"pt-BR\",\"@id\":\"https:\\\/\\\/redenoticiaz.com.br\\\/ribeiraopreto-regiao\\\/#\\\/schema\\\/logo\\\/image\\\/\",\"url\":\"https:\\\/\\\/redenoticiaz.com.br\\\/barretos-regiao\\\/wp-content\\\/uploads\\\/sites\\\/4\\\/2022\\\/02\\\/logo.jpg\",\"contentUrl\":\"https:\\\/\\\/redenoticiaz.com.br\\\/barretos-regiao\\\/wp-content\\\/uploads\\\/sites\\\/4\\\/2022\\\/02\\\/logo.jpg\",\"width\":400,\"height\":250,\"caption\":\"Ribeir\u00e3o Preto e Regi\u00e3o\"},\"image\":{\"@id\":\"https:\\\/\\\/redenoticiaz.com.br\\\/ribeiraopreto-regiao\\\/#\\\/schema\\\/logo\\\/image\\\/\"},\"sameAs\":[\"https:\\\/\\\/m.facebook.com\\\/redenoticiaz.barretos\",\"https:\\\/\\\/x.com\\\/RN_barretos\",\"https:\\\/\\\/www.instagram.com\\\/redenoticiaz.barretos\\\/?igshid=YmMyMTA2M2Y\",\"https:\\\/\\\/www.linkedin.com\\\/company\\\/rede-noticiaz-barretos-e-regio\\\/\"]},{\"@type\":\"Person\",\"@id\":\"\",\"url\":\"https:\\\/\\\/redenoticiaz.com.br\\\/ribeiraopreto-regiao\\\/sp\\\/author\"}]}<\/script>\n<!-- \/ Yoast SEO plugin. -->","yoast_head_json":{"title":"Prefeitura inicia nova etapa do projeto de retirada dos paralelep\u00edpedos em mais 15 ruas da cidade - Ribeir\u00e3o Preto e Regi\u00e3o","description":"Os servi\u00e7os executados pela Prefeitura, por meio da secretaria de Obras, Engenharia e Infraestrutura, foram retomados para contemplar vias em diversas regi\u00f5es da cidade.","robots":{"index":"index","follow":"follow","max-snippet":"max-snippet:-1","max-image-preview":"max-image-preview:large","max-video-preview":"max-video-preview:-1"},"canonical":"https:\/\/redenoticiaz.com.br\/ribeiraopreto-regiao\/sp\/2022\/08\/02\/prefeitura-inicia-nova-etapa-do-projeto-de-retirada-dos-paralelepipedos-em-mais-15-ruas-da-cidade","og_locale":"pt_BR","og_type":"article","og_title":"Prefeitura inicia nova etapa do projeto de retirada dos paralelep\u00edpedos em mais 15 ruas da cidade - Ribeir\u00e3o Preto e Regi\u00e3o","og_description":"Os servi\u00e7os executados pela Prefeitura, por meio da secretaria de Obras, Engenharia e Infraestrutura, foram retomados para contemplar vias em diversas regi\u00f5es da cidade.","og_url":"https:\/\/redenoticiaz.com.br\/ribeiraopreto-regiao\/sp\/2022\/08\/02\/prefeitura-inicia-nova-etapa-do-projeto-de-retirada-dos-paralelepipedos-em-mais-15-ruas-da-cidade","og_site_name":"Ribeir\u00e3o Preto e Regi\u00e3o","article_publisher":"https:\/\/m.facebook.com\/redenoticiaz.barretos","article_published_time":"2022-08-02T19:18:04+00:00","og_image":[{"width":1441,"height":1080,"url":"https:\/\/redenoticiaz.com.br\/ribeiraopreto-regiao\/wp-content\/uploads\/sites\/4\/2022\/08\/Retirada-Paralelepipedo-2.jpg","type":"image\/jpeg"}],"twitter_card":"summary_large_image","twitter_creator":"@RN_barretos","twitter_site":"@RN_barretos","twitter_misc":{"Escrito por":"","Est. tempo de leitura":"3 minutos"},"schema":{"@context":"https:\/\/schema.org","@graph":[{"@type":"Article","@id":"https:\/\/redenoticiaz.com.br\/ribeiraopreto-regiao\/sp\/2022\/08\/02\/prefeitura-inicia-nova-etapa-do-projeto-de-retirada-dos-paralelepipedos-em-mais-15-ruas-da-cidade#article","isPartOf":{"@id":"https:\/\/redenoticiaz.com.br\/ribeiraopreto-regiao\/sp\/2022\/08\/02\/prefeitura-inicia-nova-etapa-do-projeto-de-retirada-dos-paralelepipedos-em-mais-15-ruas-da-cidade"},"author":{"name":"","@id":""},"headline":"Prefeitura inicia nova etapa do projeto de retirada dos paralelep\u00edpedos em mais 15 ruas da cidade","datePublished":"2022-08-02T19:18:04+00:00","mainEntityOfPage":{"@id":"https:\/\/redenoticiaz.com.br\/ribeiraopreto-regiao\/sp\/2022\/08\/02\/prefeitura-inicia-nova-etapa-do-projeto-de-retirada-dos-paralelepipedos-em-mais-15-ruas-da-cidade"},"wordCount":507,"commentCount":0,"publisher":{"@id":"https:\/\/redenoticiaz.com.br\/ribeiraopreto-regiao\/#organization"},"image":{"@id":"https:\/\/redenoticiaz.com.br\/ribeiraopreto-regiao\/sp\/2022\/08\/02\/prefeitura-inicia-nova-etapa-do-projeto-de-retirada-dos-paralelepipedos-em-mais-15-ruas-da-cidade#primaryimage"},"thumbnailUrl":"https:\/\/redenoticiaz.com.br\/ribeiraopreto-regiao\/wp-content\/uploads\/sites\/4\/2022\/08\/Retirada-Paralelepipedo-2.jpg","keywords":["obras","PARALELEP\u00cdPEDOS","PREFEITURA","PROJETO","RUAS"],"articleSection":["Obras"],"inLanguage":"pt-BR","potentialAction":[{"@type":"CommentAction","name":"Comment","target":["https:\/\/redenoticiaz.com.br\/ribeiraopreto-regiao\/sp\/2022\/08\/02\/prefeitura-inicia-nova-etapa-do-projeto-de-retirada-dos-paralelepipedos-em-mais-15-ruas-da-cidade#respond"]}]},{"@type":"WebPage","@id":"https:\/\/redenoticiaz.com.br\/ribeiraopreto-regiao\/sp\/2022\/08\/02\/prefeitura-inicia-nova-etapa-do-projeto-de-retirada-dos-paralelepipedos-em-mais-15-ruas-da-cidade","url":"https:\/\/redenoticiaz.com.br\/ribeiraopreto-regiao\/sp\/2022\/08\/02\/prefeitura-inicia-nova-etapa-do-projeto-de-retirada-dos-paralelepipedos-em-mais-15-ruas-da-cidade","name":"Prefeitura inicia nova etapa do projeto de retirada dos paralelep\u00edpedos em mais 15 ruas da cidade - Ribeir\u00e3o Preto e Regi\u00e3o","isPartOf":{"@id":"https:\/\/redenoticiaz.com.br\/ribeiraopreto-regiao\/#website"},"primaryImageOfPage":{"@id":"https:\/\/redenoticiaz.com.br\/ribeiraopreto-regiao\/sp\/2022\/08\/02\/prefeitura-inicia-nova-etapa-do-projeto-de-retirada-dos-paralelepipedos-em-mais-15-ruas-da-cidade#primaryimage"},"image":{"@id":"https:\/\/redenoticiaz.com.br\/ribeiraopreto-regiao\/sp\/2022\/08\/02\/prefeitura-inicia-nova-etapa-do-projeto-de-retirada-dos-paralelepipedos-em-mais-15-ruas-da-cidade#primaryimage"},"thumbnailUrl":"https:\/\/redenoticiaz.com.br\/ribeiraopreto-regiao\/wp-content\/uploads\/sites\/4\/2022\/08\/Retirada-Paralelepipedo-2.jpg","datePublished":"2022-08-02T19:18:04+00:00","description":"Os servi\u00e7os executados pela Prefeitura, por meio da secretaria de Obras, Engenharia e Infraestrutura, foram retomados para contemplar vias em diversas regi\u00f5es da cidade.","inLanguage":"pt-BR","potentialAction":[{"@type":"ReadAction","target":["https:\/\/redenoticiaz.com.br\/ribeiraopreto-regiao\/sp\/2022\/08\/02\/prefeitura-inicia-nova-etapa-do-projeto-de-retirada-dos-paralelepipedos-em-mais-15-ruas-da-cidade"]}]},{"@type":"ImageObject","inLanguage":"pt-BR","@id":"https:\/\/redenoticiaz.com.br\/ribeiraopreto-regiao\/sp\/2022\/08\/02\/prefeitura-inicia-nova-etapa-do-projeto-de-retirada-dos-paralelepipedos-em-mais-15-ruas-da-cidade#primaryimage","url":"https:\/\/redenoticiaz.com.br\/ribeiraopreto-regiao\/wp-content\/uploads\/sites\/4\/2022\/08\/Retirada-Paralelepipedo-2.jpg","contentUrl":"https:\/\/redenoticiaz.com.br\/ribeiraopreto-regiao\/wp-content\/uploads\/sites\/4\/2022\/08\/Retirada-Paralelepipedo-2.jpg","width":1441,"height":1080,"caption":"Retirada dos paralelep\u00edpedos. Cr\u00e9dito: Divulga\u00e7\u00e3o"},{"@type":"WebSite","@id":"https:\/\/redenoticiaz.com.br\/ribeiraopreto-regiao\/#website","url":"https:\/\/redenoticiaz.com.br\/ribeiraopreto-regiao\/","name":"Ribeir\u00e3o Preto e Regi\u00e3o","description":"Rede NoticiaZ - Ribeir\u00e3o Preto e regi\u00e3o","publisher":{"@id":"https:\/\/redenoticiaz.com.br\/ribeiraopreto-regiao\/#organization"},"potentialAction":[{"@type":"SearchAction","target":{"@type":"EntryPoint","urlTemplate":"https:\/\/redenoticiaz.com.br\/ribeiraopreto-regiao\/?s={search_term_string}"},"query-input":{"@type":"PropertyValueSpecification","valueRequired":true,"valueName":"search_term_string"}}],"inLanguage":"pt-BR"},{"@type":"Organization","@id":"https:\/\/redenoticiaz.com.br\/ribeiraopreto-regiao\/#organization","name":"Ribeir\u00e3o Preto e Regi\u00e3o","url":"https:\/\/redenoticiaz.com.br\/ribeiraopreto-regiao\/","logo":{"@type":"ImageObject","inLanguage":"pt-BR","@id":"https:\/\/redenoticiaz.com.br\/ribeiraopreto-regiao\/#\/schema\/logo\/image\/","url":"https:\/\/redenoticiaz.com.br\/barretos-regiao\/wp-content\/uploads\/sites\/4\/2022\/02\/logo.jpg","contentUrl":"https:\/\/redenoticiaz.com.br\/barretos-regiao\/wp-content\/uploads\/sites\/4\/2022\/02\/logo.jpg","width":400,"height":250,"caption":"Ribeir\u00e3o Preto e Regi\u00e3o"},"image":{"@id":"https:\/\/redenoticiaz.com.br\/ribeiraopreto-regiao\/#\/schema\/logo\/image\/"},"sameAs":["https:\/\/m.facebook.com\/redenoticiaz.barretos","https:\/\/x.com\/RN_barretos","https:\/\/www.instagram.com\/redenoticiaz.barretos\/?igshid=YmMyMTA2M2Y","https:\/\/www.linkedin.com\/company\/rede-noticiaz-barretos-e-regio\/"]},{"@type":"Person","@id":"","url":"https:\/\/redenoticiaz.com.br\/ribeiraopreto-regiao\/sp\/author"}]}},"_links":{"self":[{"href":"https:\/\/redenoticiaz.com.br\/ribeiraopreto-regiao\/wp-json\/wp\/v2\/posts\/89316","targetHints":{"allow":["GET"]}}],"collection":[{"href":"https:\/\/redenoticiaz.com.br\/ribeiraopreto-regiao\/wp-json\/wp\/v2\/posts"}],"about":[{"href":"https:\/\/redenoticiaz.com.br\/ribeiraopreto-regiao\/wp-json\/wp\/v2\/types\/post"}],"author":[{"embeddable":true,"href":"https:\/\/redenoticiaz.com.br\/ribeiraopreto-regiao\/wp-json\/wp\/v2\/users\/15"}],"replies":[{"embeddable":true,"href":"https:\/\/redenoticiaz.com.br\/ribeiraopreto-regiao\/wp-json\/wp\/v2\/comments?post=89316"}],"version-history":[{"count":1,"href":"https:\/\/redenoticiaz.com.br\/ribeiraopreto-regiao\/wp-json\/wp\/v2\/posts\/89316\/revisions"}],"predecessor-version":[{"id":89322,"href":"https:\/\/redenoticiaz.com.br\/ribeiraopreto-regiao\/wp-json\/wp\/v2\/posts\/89316\/revisions\/89322"}],"wp:featuredmedia":[{"embeddable":true,"href":"https:\/\/redenoticiaz.com.br\/ribeiraopreto-regiao\/wp-json\/wp\/v2\/media\/89321"}],"wp:attachment":[{"href":"https:\/\/redenoticiaz.com.br\/ribeiraopreto-regiao\/wp-json\/wp\/v2\/media?parent=89316"}],"wp:term":[{"taxonomy":"category","embeddable":true,"href":"https:\/\/redenoticiaz.com.br\/ribeiraopreto-regiao\/wp-json\/wp\/v2\/categories?post=89316"},{"taxonomy":"post_tag","embeddable":true,"href":"https:\/\/redenoticiaz.com.br\/ribeiraopreto-regiao\/wp-json\/wp\/v2\/tags?post=89316"}],"curies":[{"name":"wp","href":"https:\/\/api.w.org\/{rel}","templated":true}]}}