{"id":89344,"date":"2022-08-06T16:00:37","date_gmt":"2022-08-06T19:00:37","guid":{"rendered":"https:\/\/redenoticiaz.com.br\/barretos-regiao\/?p=89344"},"modified":"2022-08-03T19:12:21","modified_gmt":"2022-08-03T22:12:21","slug":"prefeitura-de-bertioga-abre-inscricoes-para-concurso-publico","status":"publish","type":"post","link":"https:\/\/redenoticiaz.com.br\/ribeiraopreto-regiao\/sp\/2022\/08\/06\/prefeitura-de-bertioga-abre-inscricoes-para-concurso-publico","title":{"rendered":"Prefeitura de Bertioga abre inscri\u00e7\u00f5es para concurso p\u00fablico"},"content":{"rendered":"<div class=\"medium-centered subtitle\">\n<div class=\"content__signa-share\">\n<div class=\"content__signature\">\n<div class=\"content-publication-data\">\n<div class=\"content-publication-data__text\">\n<div class=\"mc-column content-text active-extra-styles \" data-block-type=\"unstyled\" data-block-weight=\"51\" data-block-id=\"2\">\n<p data-track-category=\"Link no Texto\" data-track-links=\"\">No final do \u00faltimo m\u00eas de junho, a Prefeitura de Bertioga, munic\u00edpio do estado de SP, abriu um concurso p\u00fablico em cargos de todos os n\u00edveis de escolaridade. Dessa forma as vagas ir\u00e3o prencher cargos da \u00e1rea da educa\u00e7\u00e3o e haver\u00e1 reserva de vagas para pessoas com defici\u00eancia.<\/p>\n<p>De acordo com o edital, este concurso tem o objetivo de preencher 56 vagas para os cargos das seguintes escolaridades.<\/p>\n<ul>\n<li><b>N\u00edvel fundamental:<\/b>\u00a0inspetor de alunos (14);<\/li>\n<li><b>N\u00edvel m\u00e9dio\/t\u00e9cnico:<\/b>\u00a0t\u00e9cnico em seguran\u00e7a do trabalho (1); professor de educa\u00e7\u00e3o b\u00e1sica I (36);<\/li>\n<li><b>N\u00edvel superior:<\/b>\u00a0professor de educa\u00e7\u00e3o b\u00e1sica II &#8211; educa\u00e7\u00e3o especial\/inclusiva (2); professor de educa\u00e7\u00e3o b\u00e1sica II &#8211; educa\u00e7\u00e3o f\u00edsica (2); professor de educa\u00e7\u00e3o b\u00e1sica II &#8211; artes (1).<\/li>\n<\/ul>\n<p>Ao ser contratado, o profissional dever\u00e1 cumprir jornadas de 40 horas semanais e contar\u00e1 com remunera\u00e7\u00e3o mensal de <b>R$ 2.203,71 a R$ 4.755,46<\/b>.<\/p>\n<\/div>\n<p>As inscri\u00e7\u00f5es foram abertas no dia 25 de julho e continuar\u00e1 at\u00e9 o dia 25 de agosto de 2022, atrav\u00e9s do site do\u00a0 <a class=\"tg-link-manual\" href=\"https:\/\/www.ibamsp-concursos.org.br\/site\/\" target=\"_blank\" rel=\"nofollow noopener\">Instituto Brasileiro de Administra\u00e7\u00e3o Municipal (IBAM)<\/a>.<\/p>\n<h6>O valor para realizar a inscri\u00e7\u00e3o para cada cargo est\u00e1 listado abaixo:<\/h6>\n<ul>\n<li>Inspetor de Alunos: R$ 56,00<\/li>\n<li>T\u00e9cnico em Seguran\u00e7a do Trabalho: R$ 74,00<\/li>\n<li>Professor (Todos): R$ 92,00<\/li>\n<\/ul>\n<h6>As etapas que comp\u00f5e o\u00a0 concurso p\u00fablico s\u00e3o:<\/h6>\n<ul>\n<li><strong>Prova objetiva<\/strong>\u00a0de car\u00e1ter classificat\u00f3rio e eliminat\u00f3rio, para todos os cargos\/fun\u00e7\u00f5es;<\/li>\n<li><strong>Prova dissertativa<\/strong> de car\u00e1ter classificat\u00f3rio para os candidatos habilitados na prova objetiva para os cargos de Professor;<\/li>\n<li><strong>Prova de t\u00edtulos<\/strong>\u00a0de car\u00e1ter classificat\u00f3rio para os candidatos habilitados na prova objetiva para os cargos de Professor.<\/li>\n<\/ul>\n<h6>As provas objetivas ter\u00e3o a seguinte composi\u00e7\u00e3o:<\/h6>\n<p>Para os cargos de Inspetor de Alunos e T\u00e9cnico em Seguran\u00e7a do Trabalho<\/p>\n<ul>\n<li>12\u00a0quest\u00f5es\u00a0de l\u00edngua portuguesa;<\/li>\n<li>06 quest\u00f5es de conhecimentos gerais, hist\u00f3rico e geogr\u00e1fico do munic\u00edpio de bertioga (conforme lei municipal n\u00ba 508\/02);<\/li>\n<li>07 quest\u00f5es de matem\u00e1tica; e,<\/li>\n<li>15 quest\u00f5es de conhecimentos espec\u00edficos.<\/li>\n<\/ul>\n<p><strong>Para o cargo de Professor (todos)<\/strong><\/p>\n<ul>\n<li>12 quest\u00f5es de l\u00edngua portuguesa;<\/li>\n<li>06 quest\u00f5es de conhecimentos gerais, hist\u00f3rico e geogr\u00e1fico do munic\u00edpio de bertioga (conforme lei municipal n\u00ba 508\/02);<\/li>\n<li>12 quest\u00f5es de conhecimentos gerais de educa\u00e7\u00e3o; e,<\/li>\n<li>10 quest\u00f5es de conhecimentos espec\u00edficos.<\/li>\n<\/ul>\n<p>As\u00a0<strong>provas objetivas<\/strong>\u00a0est\u00e3o previstas para ocorrer no dia\u00a018 de setembro, em\u00a0<strong>locais<\/strong> que ser\u00e3o divulgados no dia 09 de setembro de 2022. O resultado do gabarito est\u00e1 previsto para sair no dia seguinte da prova.<\/p>\n<p>A princ\u00edpio o prazo de validade deste concurso \u00e9 de dois anos, a contar da data de homologa\u00e7\u00e3o, prorrog\u00e1vel por igual per\u00edodo, a ju\u00edzo da Administra\u00e7\u00e3o Municipal. A administra\u00e7\u00e3o municipal ressaltou que os detalhes e exig\u00eancias de cada cargo podem ser consultados no edital oficial, que est\u00e1 dispon\u00edvel no\u00a0<a href=\"http:\/\/www.bertioga.sp.gov.br\/\" target=\"_blank\" rel=\"noopener\">site da prefeitura<\/a>.<\/p>\n<div class=\"mc-column content-text active-extra-styles \" data-block-type=\"unstyled\" data-block-weight=\"51\" data-block-id=\"2\"><span style=\"font-weight: bold\">VEJA TAMB\u00c9M:\u00a0<\/span><\/div>\n<div class=\"wall protected-content\">\n<div class=\"col-md-offset-1 col-md-10\">\n<div class=\"field field-name-body field-type-text-with-summary field-label-hidden\">\n<div class=\"field-items\">\n<div class=\"field-item even\">\n<p><a href=\"https:\/\/redenoticiaz.com.br\/blog\/2022\/05\/19\/concurso-publico-em-vinhedo-fecha-o-parque-ecologico-da-capela\">Concurso p\u00fablico em Vinhedo fecha o Parque Ecol\u00f3gico da Capela<\/a><\/p>\n<\/div>\n<\/div>\n<\/div>\n<\/div>\n<\/div>\n<\/div>\n<\/div>\n<\/div>\n<\/div>\n<\/div>\n","protected":false},"excerpt":{"rendered":"<p>No final do \u00faltimo m\u00eas de junho, a Prefeitura de Bertioga, munic\u00edpio do estado de SP, abriu um concurso p\u00fablico em cargos de todos os n\u00edveis de escolaridade. Dessa forma as vagas ir\u00e3o prencher cargos da \u00e1rea da educa\u00e7\u00e3o e haver\u00e1 reserva de vagas para pessoas com defici\u00eancia. De acordo com o edital, este concurso &hellip;<\/p>\n","protected":false},"author":26,"featured_media":89416,"comment_status":"open","ping_status":"closed","sticky":false,"template":"","format":"standard","meta":{"footnotes":""},"categories":[820],"tags":[8546,16366,19493],"class_list":["post-89344","post","type-post","status-publish","format-standard","has-post-thumbnail","hentry","category-educacao","tag-concurso","tag-concurso-publico","tag-prefeitura-de-bertioga"],"yoast_head":"<!-- This site is optimized with the Yoast SEO plugin v27.5 - https:\/\/yoast.com\/product\/yoast-seo-wordpress\/ -->\n<title>Prefeitura de Bertioga abre inscri\u00e7\u00f5es para concurso p\u00fablico - Ribeir\u00e3o Preto e Regi\u00e3o<\/title>\n<meta name=\"description\" content=\"No final do \u00faltimo m\u00eas de junho, a Prefeitura de Bertioga, munic\u00edpio do estado de SP, abriu um concurso p\u00fablico.\" \/>\n<meta name=\"robots\" content=\"index, follow, max-snippet:-1, max-image-preview:large, max-video-preview:-1\" \/>\n<link rel=\"canonical\" href=\"https:\/\/redenoticiaz.com.br\/ribeiraopreto-regiao\/sp\/2022\/08\/06\/prefeitura-de-bertioga-abre-inscricoes-para-concurso-publico\" \/>\n<meta property=\"og:locale\" content=\"pt_BR\" \/>\n<meta property=\"og:type\" content=\"article\" \/>\n<meta property=\"og:title\" content=\"Prefeitura de Bertioga abre inscri\u00e7\u00f5es para concurso p\u00fablico - Ribeir\u00e3o Preto e Regi\u00e3o\" \/>\n<meta property=\"og:description\" content=\"No final do \u00faltimo m\u00eas de junho, a Prefeitura de Bertioga, munic\u00edpio do estado de SP, abriu um concurso p\u00fablico.\" \/>\n<meta property=\"og:url\" content=\"https:\/\/redenoticiaz.com.br\/ribeiraopreto-regiao\/sp\/2022\/08\/06\/prefeitura-de-bertioga-abre-inscricoes-para-concurso-publico\" \/>\n<meta property=\"og:site_name\" content=\"Ribeir\u00e3o Preto e Regi\u00e3o\" \/>\n<meta property=\"article:publisher\" content=\"https:\/\/m.facebook.com\/redenoticiaz.barretos\" \/>\n<meta property=\"article:published_time\" content=\"2022-08-06T19:00:37+00:00\" \/>\n<meta property=\"og:image\" content=\"https:\/\/redenoticiaz.com.br\/ribeiraopreto-regiao\/wp-content\/uploads\/sites\/4\/2022\/08\/Paco-Municipal-Dirceu-Mathias-3-scaled.jpg?v=1659564499\" \/>\n\t<meta property=\"og:image:width\" content=\"1623\" \/>\n\t<meta property=\"og:image:height\" content=\"1080\" \/>\n\t<meta property=\"og:image:type\" content=\"image\/jpeg\" \/>\n<meta name=\"twitter:card\" content=\"summary_large_image\" \/>\n<meta name=\"twitter:creator\" content=\"@RN_barretos\" \/>\n<meta name=\"twitter:site\" content=\"@RN_barretos\" \/>\n<meta name=\"twitter:label1\" content=\"Escrito por\" \/>\n\t<meta name=\"twitter:data1\" content=\"\" \/>\n\t<meta name=\"twitter:label2\" content=\"Est. tempo de leitura\" \/>\n\t<meta name=\"twitter:data2\" content=\"3 minutos\" \/>\n<script type=\"application\/ld+json\" class=\"yoast-schema-graph\">{\"@context\":\"https:\\\/\\\/schema.org\",\"@graph\":[{\"@type\":\"Article\",\"@id\":\"https:\\\/\\\/redenoticiaz.com.br\\\/ribeiraopreto-regiao\\\/sp\\\/2022\\\/08\\\/06\\\/prefeitura-de-bertioga-abre-inscricoes-para-concurso-publico#article\",\"isPartOf\":{\"@id\":\"https:\\\/\\\/redenoticiaz.com.br\\\/ribeiraopreto-regiao\\\/sp\\\/2022\\\/08\\\/06\\\/prefeitura-de-bertioga-abre-inscricoes-para-concurso-publico\"},\"author\":{\"name\":\"\",\"@id\":\"\"},\"headline\":\"Prefeitura de Bertioga abre inscri\u00e7\u00f5es para concurso p\u00fablico\",\"datePublished\":\"2022-08-06T19:00:37+00:00\",\"mainEntityOfPage\":{\"@id\":\"https:\\\/\\\/redenoticiaz.com.br\\\/ribeiraopreto-regiao\\\/sp\\\/2022\\\/08\\\/06\\\/prefeitura-de-bertioga-abre-inscricoes-para-concurso-publico\"},\"wordCount\":509,\"commentCount\":0,\"publisher\":{\"@id\":\"https:\\\/\\\/redenoticiaz.com.br\\\/ribeiraopreto-regiao\\\/#organization\"},\"image\":{\"@id\":\"https:\\\/\\\/redenoticiaz.com.br\\\/ribeiraopreto-regiao\\\/sp\\\/2022\\\/08\\\/06\\\/prefeitura-de-bertioga-abre-inscricoes-para-concurso-publico#primaryimage\"},\"thumbnailUrl\":\"https:\\\/\\\/redenoticiaz.com.br\\\/ribeiraopreto-regiao\\\/wp-content\\\/uploads\\\/sites\\\/4\\\/2022\\\/08\\\/Paco-Municipal-Dirceu-Mathias-3-scaled.jpg?v=1659564499\",\"keywords\":[\"CONCURSO\",\"CONCURSO P\u00daBLICO\",\"PREFEITURA DE BERTIOGA\"],\"articleSection\":[\"Educa\u00e7\u00e3o\"],\"inLanguage\":\"pt-BR\",\"potentialAction\":[{\"@type\":\"CommentAction\",\"name\":\"Comment\",\"target\":[\"https:\\\/\\\/redenoticiaz.com.br\\\/ribeiraopreto-regiao\\\/sp\\\/2022\\\/08\\\/06\\\/prefeitura-de-bertioga-abre-inscricoes-para-concurso-publico#respond\"]}]},{\"@type\":\"WebPage\",\"@id\":\"https:\\\/\\\/redenoticiaz.com.br\\\/ribeiraopreto-regiao\\\/sp\\\/2022\\\/08\\\/06\\\/prefeitura-de-bertioga-abre-inscricoes-para-concurso-publico\",\"url\":\"https:\\\/\\\/redenoticiaz.com.br\\\/ribeiraopreto-regiao\\\/sp\\\/2022\\\/08\\\/06\\\/prefeitura-de-bertioga-abre-inscricoes-para-concurso-publico\",\"name\":\"Prefeitura de Bertioga abre inscri\u00e7\u00f5es para concurso p\u00fablico - Ribeir\u00e3o Preto e Regi\u00e3o\",\"isPartOf\":{\"@id\":\"https:\\\/\\\/redenoticiaz.com.br\\\/ribeiraopreto-regiao\\\/#website\"},\"primaryImageOfPage\":{\"@id\":\"https:\\\/\\\/redenoticiaz.com.br\\\/ribeiraopreto-regiao\\\/sp\\\/2022\\\/08\\\/06\\\/prefeitura-de-bertioga-abre-inscricoes-para-concurso-publico#primaryimage\"},\"image\":{\"@id\":\"https:\\\/\\\/redenoticiaz.com.br\\\/ribeiraopreto-regiao\\\/sp\\\/2022\\\/08\\\/06\\\/prefeitura-de-bertioga-abre-inscricoes-para-concurso-publico#primaryimage\"},\"thumbnailUrl\":\"https:\\\/\\\/redenoticiaz.com.br\\\/ribeiraopreto-regiao\\\/wp-content\\\/uploads\\\/sites\\\/4\\\/2022\\\/08\\\/Paco-Municipal-Dirceu-Mathias-3-scaled.jpg?v=1659564499\",\"datePublished\":\"2022-08-06T19:00:37+00:00\",\"description\":\"No final do \u00faltimo m\u00eas de junho, a Prefeitura de Bertioga, munic\u00edpio do estado de SP, abriu um concurso p\u00fablico.\",\"inLanguage\":\"pt-BR\",\"potentialAction\":[{\"@type\":\"ReadAction\",\"target\":[\"https:\\\/\\\/redenoticiaz.com.br\\\/ribeiraopreto-regiao\\\/sp\\\/2022\\\/08\\\/06\\\/prefeitura-de-bertioga-abre-inscricoes-para-concurso-publico\"]}]},{\"@type\":\"ImageObject\",\"inLanguage\":\"pt-BR\",\"@id\":\"https:\\\/\\\/redenoticiaz.com.br\\\/ribeiraopreto-regiao\\\/sp\\\/2022\\\/08\\\/06\\\/prefeitura-de-bertioga-abre-inscricoes-para-concurso-publico#primaryimage\",\"url\":\"https:\\\/\\\/redenoticiaz.com.br\\\/ribeiraopreto-regiao\\\/wp-content\\\/uploads\\\/sites\\\/4\\\/2022\\\/08\\\/Paco-Municipal-Dirceu-Mathias-3-scaled.jpg?v=1659564499\",\"contentUrl\":\"https:\\\/\\\/redenoticiaz.com.br\\\/ribeiraopreto-regiao\\\/wp-content\\\/uploads\\\/sites\\\/4\\\/2022\\\/08\\\/Paco-Municipal-Dirceu-Mathias-3-scaled.jpg?v=1659564499\",\"width\":1623,\"height\":1080,\"caption\":\"Prefeitura de Bertioga. Cr\u00e9ditos: Reprodu\u00e7\u00e3o\"},{\"@type\":\"WebSite\",\"@id\":\"https:\\\/\\\/redenoticiaz.com.br\\\/ribeiraopreto-regiao\\\/#website\",\"url\":\"https:\\\/\\\/redenoticiaz.com.br\\\/ribeiraopreto-regiao\\\/\",\"name\":\"Ribeir\u00e3o Preto e Regi\u00e3o\",\"description\":\"Rede NoticiaZ - Ribeir\u00e3o Preto e regi\u00e3o\",\"publisher\":{\"@id\":\"https:\\\/\\\/redenoticiaz.com.br\\\/ribeiraopreto-regiao\\\/#organization\"},\"potentialAction\":[{\"@type\":\"SearchAction\",\"target\":{\"@type\":\"EntryPoint\",\"urlTemplate\":\"https:\\\/\\\/redenoticiaz.com.br\\\/ribeiraopreto-regiao\\\/?s={search_term_string}\"},\"query-input\":{\"@type\":\"PropertyValueSpecification\",\"valueRequired\":true,\"valueName\":\"search_term_string\"}}],\"inLanguage\":\"pt-BR\"},{\"@type\":\"Organization\",\"@id\":\"https:\\\/\\\/redenoticiaz.com.br\\\/ribeiraopreto-regiao\\\/#organization\",\"name\":\"Ribeir\u00e3o Preto e Regi\u00e3o\",\"url\":\"https:\\\/\\\/redenoticiaz.com.br\\\/ribeiraopreto-regiao\\\/\",\"logo\":{\"@type\":\"ImageObject\",\"inLanguage\":\"pt-BR\",\"@id\":\"https:\\\/\\\/redenoticiaz.com.br\\\/ribeiraopreto-regiao\\\/#\\\/schema\\\/logo\\\/image\\\/\",\"url\":\"https:\\\/\\\/redenoticiaz.com.br\\\/barretos-regiao\\\/wp-content\\\/uploads\\\/sites\\\/4\\\/2022\\\/02\\\/logo.jpg\",\"contentUrl\":\"https:\\\/\\\/redenoticiaz.com.br\\\/barretos-regiao\\\/wp-content\\\/uploads\\\/sites\\\/4\\\/2022\\\/02\\\/logo.jpg\",\"width\":400,\"height\":250,\"caption\":\"Ribeir\u00e3o Preto e Regi\u00e3o\"},\"image\":{\"@id\":\"https:\\\/\\\/redenoticiaz.com.br\\\/ribeiraopreto-regiao\\\/#\\\/schema\\\/logo\\\/image\\\/\"},\"sameAs\":[\"https:\\\/\\\/m.facebook.com\\\/redenoticiaz.barretos\",\"https:\\\/\\\/x.com\\\/RN_barretos\",\"https:\\\/\\\/www.instagram.com\\\/redenoticiaz.barretos\\\/?igshid=YmMyMTA2M2Y\",\"https:\\\/\\\/www.linkedin.com\\\/company\\\/rede-noticiaz-barretos-e-regio\\\/\"]},{\"@type\":\"Person\",\"@id\":\"\",\"url\":\"https:\\\/\\\/redenoticiaz.com.br\\\/ribeiraopreto-regiao\\\/sp\\\/author\"}]}<\/script>\n<!-- \/ Yoast SEO plugin. -->","yoast_head_json":{"title":"Prefeitura de Bertioga abre inscri\u00e7\u00f5es para concurso p\u00fablico - Ribeir\u00e3o Preto e Regi\u00e3o","description":"No final do \u00faltimo m\u00eas de junho, a Prefeitura de Bertioga, munic\u00edpio do estado de SP, abriu um concurso p\u00fablico.","robots":{"index":"index","follow":"follow","max-snippet":"max-snippet:-1","max-image-preview":"max-image-preview:large","max-video-preview":"max-video-preview:-1"},"canonical":"https:\/\/redenoticiaz.com.br\/ribeiraopreto-regiao\/sp\/2022\/08\/06\/prefeitura-de-bertioga-abre-inscricoes-para-concurso-publico","og_locale":"pt_BR","og_type":"article","og_title":"Prefeitura de Bertioga abre inscri\u00e7\u00f5es para concurso p\u00fablico - Ribeir\u00e3o Preto e Regi\u00e3o","og_description":"No final do \u00faltimo m\u00eas de junho, a Prefeitura de Bertioga, munic\u00edpio do estado de SP, abriu um concurso p\u00fablico.","og_url":"https:\/\/redenoticiaz.com.br\/ribeiraopreto-regiao\/sp\/2022\/08\/06\/prefeitura-de-bertioga-abre-inscricoes-para-concurso-publico","og_site_name":"Ribeir\u00e3o Preto e Regi\u00e3o","article_publisher":"https:\/\/m.facebook.com\/redenoticiaz.barretos","article_published_time":"2022-08-06T19:00:37+00:00","og_image":[{"width":1623,"height":1080,"url":"https:\/\/redenoticiaz.com.br\/ribeiraopreto-regiao\/wp-content\/uploads\/sites\/4\/2022\/08\/Paco-Municipal-Dirceu-Mathias-3-scaled.jpg?v=1659564499","type":"image\/jpeg"}],"twitter_card":"summary_large_image","twitter_creator":"@RN_barretos","twitter_site":"@RN_barretos","twitter_misc":{"Escrito por":"","Est. tempo de leitura":"3 minutos"},"schema":{"@context":"https:\/\/schema.org","@graph":[{"@type":"Article","@id":"https:\/\/redenoticiaz.com.br\/ribeiraopreto-regiao\/sp\/2022\/08\/06\/prefeitura-de-bertioga-abre-inscricoes-para-concurso-publico#article","isPartOf":{"@id":"https:\/\/redenoticiaz.com.br\/ribeiraopreto-regiao\/sp\/2022\/08\/06\/prefeitura-de-bertioga-abre-inscricoes-para-concurso-publico"},"author":{"name":"","@id":""},"headline":"Prefeitura de Bertioga abre inscri\u00e7\u00f5es para concurso p\u00fablico","datePublished":"2022-08-06T19:00:37+00:00","mainEntityOfPage":{"@id":"https:\/\/redenoticiaz.com.br\/ribeiraopreto-regiao\/sp\/2022\/08\/06\/prefeitura-de-bertioga-abre-inscricoes-para-concurso-publico"},"wordCount":509,"commentCount":0,"publisher":{"@id":"https:\/\/redenoticiaz.com.br\/ribeiraopreto-regiao\/#organization"},"image":{"@id":"https:\/\/redenoticiaz.com.br\/ribeiraopreto-regiao\/sp\/2022\/08\/06\/prefeitura-de-bertioga-abre-inscricoes-para-concurso-publico#primaryimage"},"thumbnailUrl":"https:\/\/redenoticiaz.com.br\/ribeiraopreto-regiao\/wp-content\/uploads\/sites\/4\/2022\/08\/Paco-Municipal-Dirceu-Mathias-3-scaled.jpg?v=1659564499","keywords":["CONCURSO","CONCURSO P\u00daBLICO","PREFEITURA DE BERTIOGA"],"articleSection":["Educa\u00e7\u00e3o"],"inLanguage":"pt-BR","potentialAction":[{"@type":"CommentAction","name":"Comment","target":["https:\/\/redenoticiaz.com.br\/ribeiraopreto-regiao\/sp\/2022\/08\/06\/prefeitura-de-bertioga-abre-inscricoes-para-concurso-publico#respond"]}]},{"@type":"WebPage","@id":"https:\/\/redenoticiaz.com.br\/ribeiraopreto-regiao\/sp\/2022\/08\/06\/prefeitura-de-bertioga-abre-inscricoes-para-concurso-publico","url":"https:\/\/redenoticiaz.com.br\/ribeiraopreto-regiao\/sp\/2022\/08\/06\/prefeitura-de-bertioga-abre-inscricoes-para-concurso-publico","name":"Prefeitura de Bertioga abre inscri\u00e7\u00f5es para concurso p\u00fablico - Ribeir\u00e3o Preto e Regi\u00e3o","isPartOf":{"@id":"https:\/\/redenoticiaz.com.br\/ribeiraopreto-regiao\/#website"},"primaryImageOfPage":{"@id":"https:\/\/redenoticiaz.com.br\/ribeiraopreto-regiao\/sp\/2022\/08\/06\/prefeitura-de-bertioga-abre-inscricoes-para-concurso-publico#primaryimage"},"image":{"@id":"https:\/\/redenoticiaz.com.br\/ribeiraopreto-regiao\/sp\/2022\/08\/06\/prefeitura-de-bertioga-abre-inscricoes-para-concurso-publico#primaryimage"},"thumbnailUrl":"https:\/\/redenoticiaz.com.br\/ribeiraopreto-regiao\/wp-content\/uploads\/sites\/4\/2022\/08\/Paco-Municipal-Dirceu-Mathias-3-scaled.jpg?v=1659564499","datePublished":"2022-08-06T19:00:37+00:00","description":"No final do \u00faltimo m\u00eas de junho, a Prefeitura de Bertioga, munic\u00edpio do estado de SP, abriu um concurso p\u00fablico.","inLanguage":"pt-BR","potentialAction":[{"@type":"ReadAction","target":["https:\/\/redenoticiaz.com.br\/ribeiraopreto-regiao\/sp\/2022\/08\/06\/prefeitura-de-bertioga-abre-inscricoes-para-concurso-publico"]}]},{"@type":"ImageObject","inLanguage":"pt-BR","@id":"https:\/\/redenoticiaz.com.br\/ribeiraopreto-regiao\/sp\/2022\/08\/06\/prefeitura-de-bertioga-abre-inscricoes-para-concurso-publico#primaryimage","url":"https:\/\/redenoticiaz.com.br\/ribeiraopreto-regiao\/wp-content\/uploads\/sites\/4\/2022\/08\/Paco-Municipal-Dirceu-Mathias-3-scaled.jpg?v=1659564499","contentUrl":"https:\/\/redenoticiaz.com.br\/ribeiraopreto-regiao\/wp-content\/uploads\/sites\/4\/2022\/08\/Paco-Municipal-Dirceu-Mathias-3-scaled.jpg?v=1659564499","width":1623,"height":1080,"caption":"Prefeitura de Bertioga. Cr\u00e9ditos: Reprodu\u00e7\u00e3o"},{"@type":"WebSite","@id":"https:\/\/redenoticiaz.com.br\/ribeiraopreto-regiao\/#website","url":"https:\/\/redenoticiaz.com.br\/ribeiraopreto-regiao\/","name":"Ribeir\u00e3o Preto e Regi\u00e3o","description":"Rede NoticiaZ - Ribeir\u00e3o Preto e regi\u00e3o","publisher":{"@id":"https:\/\/redenoticiaz.com.br\/ribeiraopreto-regiao\/#organization"},"potentialAction":[{"@type":"SearchAction","target":{"@type":"EntryPoint","urlTemplate":"https:\/\/redenoticiaz.com.br\/ribeiraopreto-regiao\/?s={search_term_string}"},"query-input":{"@type":"PropertyValueSpecification","valueRequired":true,"valueName":"search_term_string"}}],"inLanguage":"pt-BR"},{"@type":"Organization","@id":"https:\/\/redenoticiaz.com.br\/ribeiraopreto-regiao\/#organization","name":"Ribeir\u00e3o Preto e Regi\u00e3o","url":"https:\/\/redenoticiaz.com.br\/ribeiraopreto-regiao\/","logo":{"@type":"ImageObject","inLanguage":"pt-BR","@id":"https:\/\/redenoticiaz.com.br\/ribeiraopreto-regiao\/#\/schema\/logo\/image\/","url":"https:\/\/redenoticiaz.com.br\/barretos-regiao\/wp-content\/uploads\/sites\/4\/2022\/02\/logo.jpg","contentUrl":"https:\/\/redenoticiaz.com.br\/barretos-regiao\/wp-content\/uploads\/sites\/4\/2022\/02\/logo.jpg","width":400,"height":250,"caption":"Ribeir\u00e3o Preto e Regi\u00e3o"},"image":{"@id":"https:\/\/redenoticiaz.com.br\/ribeiraopreto-regiao\/#\/schema\/logo\/image\/"},"sameAs":["https:\/\/m.facebook.com\/redenoticiaz.barretos","https:\/\/x.com\/RN_barretos","https:\/\/www.instagram.com\/redenoticiaz.barretos\/?igshid=YmMyMTA2M2Y","https:\/\/www.linkedin.com\/company\/rede-noticiaz-barretos-e-regio\/"]},{"@type":"Person","@id":"","url":"https:\/\/redenoticiaz.com.br\/ribeiraopreto-regiao\/sp\/author"}]}},"_links":{"self":[{"href":"https:\/\/redenoticiaz.com.br\/ribeiraopreto-regiao\/wp-json\/wp\/v2\/posts\/89344","targetHints":{"allow":["GET"]}}],"collection":[{"href":"https:\/\/redenoticiaz.com.br\/ribeiraopreto-regiao\/wp-json\/wp\/v2\/posts"}],"about":[{"href":"https:\/\/redenoticiaz.com.br\/ribeiraopreto-regiao\/wp-json\/wp\/v2\/types\/post"}],"author":[{"embeddable":true,"href":"https:\/\/redenoticiaz.com.br\/ribeiraopreto-regiao\/wp-json\/wp\/v2\/users\/26"}],"replies":[{"embeddable":true,"href":"https:\/\/redenoticiaz.com.br\/ribeiraopreto-regiao\/wp-json\/wp\/v2\/comments?post=89344"}],"version-history":[{"count":2,"href":"https:\/\/redenoticiaz.com.br\/ribeiraopreto-regiao\/wp-json\/wp\/v2\/posts\/89344\/revisions"}],"predecessor-version":[{"id":89415,"href":"https:\/\/redenoticiaz.com.br\/ribeiraopreto-regiao\/wp-json\/wp\/v2\/posts\/89344\/revisions\/89415"}],"wp:featuredmedia":[{"embeddable":true,"href":"https:\/\/redenoticiaz.com.br\/ribeiraopreto-regiao\/wp-json\/wp\/v2\/media\/89416"}],"wp:attachment":[{"href":"https:\/\/redenoticiaz.com.br\/ribeiraopreto-regiao\/wp-json\/wp\/v2\/media?parent=89344"}],"wp:term":[{"taxonomy":"category","embeddable":true,"href":"https:\/\/redenoticiaz.com.br\/ribeiraopreto-regiao\/wp-json\/wp\/v2\/categories?post=89344"},{"taxonomy":"post_tag","embeddable":true,"href":"https:\/\/redenoticiaz.com.br\/ribeiraopreto-regiao\/wp-json\/wp\/v2\/tags?post=89344"}],"curies":[{"name":"wp","href":"https:\/\/api.w.org\/{rel}","templated":true}]}}