{"id":894,"date":"2022-03-15T17:18:03","date_gmt":"2022-03-15T20:18:03","guid":{"rendered":"https:\/\/redenoticiaz.com.br\/barretos-regiao\/?p=894"},"modified":"2022-03-15T17:18:03","modified_gmt":"2022-03-15T20:18:03","slug":"video-mostra-comerciante-enfrentando-assaltantes-antes-de-morrer","status":"publish","type":"post","link":"https:\/\/redenoticiaz.com.br\/ribeiraopreto-regiao\/sp\/2022\/03\/15\/video-mostra-comerciante-enfrentando-assaltantes-antes-de-morrer","title":{"rendered":"V\u00eddeo mostra comerciante enfrentando assaltantes antes de morrer"},"content":{"rendered":"<p>Imagens de uma c\u00e2mera de seguran\u00e7a mostram os momentos que aconteceu a morte de um comerciante de 55 anos, esfaqueado durante um assalto a um bar em Bebedouro (SP). Assim, no v\u00eddeo, \u00e9 poss\u00edvel ver a v\u00edtima enfrentando e se defendendo de dois ladr\u00f5es que o agrediam, neste s\u00e1bado.<\/p>\n<h4>O crime<\/h4>\n<p>O bar, localizado no Jardim de L\u00facia,\u00a0foi assaltado por volta de 1h. Nas c\u00e2meras, \u00e9 poss\u00edvel ver dois suspeitos chegando de moto sobre a cal\u00e7ada em frente ao estabelecimento, contudo o passageiro que estava na garupa desce e entra no estabelecimento, enquanto o motociclista fica do lado de fora, onde havia duas pessoas sentadas.<\/p>\n<p>J\u00e1 em outra c\u00e2mera, \u00e9 poss\u00edvel ver um dos assaltantes entrando no bar e amea\u00e7ando o comerciante. Logo depois, ele deixa o interior do bar, aparentemente acuado pela rea\u00e7\u00e3o do comerciante, que utilizou cadeiras pl\u00e1sticas para se defender.<\/p>\n<p>A v\u00edtima, no entanto, n\u00e3o resistiu aos ferimentos no abd\u00f4men e nas costas que o levaram a morte, segundo as autoridades, bem como, o boletim de ocorr\u00eancia. Contudo, os ladr\u00f5es fugiram, e nenhum suspeito foi preso ou identificado at\u00e9 o in\u00edcio da tarde. Assim, o caso \u00e9 investigado como roubo seguido de morte, pela Pol\u00edcia Civil.<\/p>\n<h4>V\u00eddeo:<\/h4>\n<div class=\"wp-playlist wp-video-playlist wp-playlist-light\">\n\t\t<video controls=\"controls\" preload=\"none\" width=\"640\"\n\t\t height=\"336\"\t><\/video>\n\t<div class=\"wp-playlist-next\"><\/div>\n\t<div class=\"wp-playlist-prev\"><\/div>\n\t<noscript>\n\t<ol>\n\t\t<li><a href='https:\/\/redenoticiaz.com.br\/ribeiraopreto-regiao\/wp-content\/uploads\/sites\/4\/2022\/03\/inshot_20220315_164647939.mp4'>Comerciante enfrenta assaltante<\/a><\/li>\t<\/ol>\n\t<\/noscript>\n\t<script type=\"application\/json\" class=\"wp-playlist-script\">{\"type\":\"video\",\"tracklist\":true,\"tracknumbers\":true,\"images\":true,\"artists\":true,\"tracks\":[{\"src\":\"https:\/\/redenoticiaz.com.br\/ribeiraopreto-regiao\/wp-content\/uploads\/sites\/4\/2022\/03\/inshot_20220315_164647939.mp4\",\"type\":\"video\/mp4\",\"title\":\"Comerciante enfrenta assaltante\",\"caption\":\"Comerciante enfrenta assaltantes.\",\"description\":\"Comerciantes enfrenta assaltantes.\",\"meta\":{\"length_formatted\":\"1:26\"},\"dimensions\":{\"original\":{\"width\":1920,\"height\":1008},\"resized\":{\"width\":640,\"height\":336}},\"image\":{\"src\":\"https:\/\/redenoticiaz.com.br\/ribeiraopreto-regiao\/wp-includes\/images\/media\/video.svg\",\"width\":48,\"height\":64},\"thumb\":{\"src\":\"https:\/\/redenoticiaz.com.br\/ribeiraopreto-regiao\/wp-includes\/images\/media\/video.svg\",\"width\":48,\"height\":64}}]}<\/script>\n<\/div>\n\t\n<p>LEIA TAMB\u00c9M:\u00a0<a href=\"https:\/\/redenoticiaz.com.br\/barretos-regiao\/sp\/2022\/03\/13\/video-funcionaria-sofre-tentativa-de-estupro-dentro-de-sex-shop-e-acusado-morre\">V\u00cdDEO &#8211; Funcion\u00e1ria sofre tentativa de estupro dentro de sex shop e acusado morre<\/a><\/p>\n<div class=\"mc-column content-text active-extra-styles \" data-block-type=\"unstyled\" data-block-weight=\"27\" data-block-id=\"4\">\n<p class=\"content-text__container \" data-track-category=\"Link no Texto\" data-track-links=\"\">\n<\/div>\n<div class=\"mc-column content-text active-extra-styles \" data-block-type=\"unstyled\" data-block-weight=\"31\" data-block-id=\"5\">\n<p class=\"content-text__container \" data-track-category=\"Link no Texto\" data-track-links=\"\">\n<\/div>\n","protected":false},"excerpt":{"rendered":"<p>Imagens de uma c\u00e2mera de seguran\u00e7a mostram os momentos que aconteceu a morte de um comerciante de 55 anos, esfaqueado durante um assalto a um bar em Bebedouro (SP). Assim, no v\u00eddeo, \u00e9 poss\u00edvel ver a v\u00edtima enfrentando e se defendendo de dois ladr\u00f5es que o agrediam, neste s\u00e1bado. O crime O bar, localizado no &hellip;<\/p>\n","protected":false},"author":15,"featured_media":896,"comment_status":"open","ping_status":"closed","sticky":false,"template":"","format":"standard","meta":{"footnotes":""},"categories":[1],"tags":[3019,3438,3437,3436],"class_list":["post-894","post","type-post","status-publish","format-standard","has-post-thumbnail","hentry","category-cidades","tag-comerciante-morto","tag-ocorrencia","tag-roubo","tag-video"],"yoast_head":"<!-- This site is optimized with the Yoast SEO plugin v27.5 - https:\/\/yoast.com\/product\/yoast-seo-wordpress\/ -->\n<title>V\u00eddeo mostra comerciante enfrentando assaltantes antes de morrer - Ribeir\u00e3o Preto e Regi\u00e3o<\/title>\n<meta name=\"description\" content=\"C\u00e2mera de seguran\u00e7a mostram os momentos que aconteceu a morte de um comerciante de 55 anos, esfaqueado durante um assalto a um bar em Bebedouro (SP).\" \/>\n<meta name=\"robots\" content=\"index, follow, max-snippet:-1, max-image-preview:large, max-video-preview:-1\" \/>\n<link rel=\"canonical\" href=\"https:\/\/redenoticiaz.com.br\/ribeiraopreto-regiao\/sp\/2022\/03\/15\/video-mostra-comerciante-enfrentando-assaltantes-antes-de-morrer\" \/>\n<meta property=\"og:locale\" content=\"pt_BR\" \/>\n<meta property=\"og:type\" content=\"article\" \/>\n<meta property=\"og:title\" content=\"V\u00eddeo mostra comerciante enfrentando assaltantes antes de morrer - Ribeir\u00e3o Preto e Regi\u00e3o\" \/>\n<meta property=\"og:description\" content=\"C\u00e2mera de seguran\u00e7a mostram os momentos que aconteceu a morte de um comerciante de 55 anos, esfaqueado durante um assalto a um bar em Bebedouro (SP).\" \/>\n<meta property=\"og:url\" content=\"https:\/\/redenoticiaz.com.br\/ribeiraopreto-regiao\/sp\/2022\/03\/15\/video-mostra-comerciante-enfrentando-assaltantes-antes-de-morrer\" \/>\n<meta property=\"og:site_name\" content=\"Ribeir\u00e3o Preto e Regi\u00e3o\" \/>\n<meta property=\"article:publisher\" content=\"https:\/\/m.facebook.com\/redenoticiaz.barretos\" \/>\n<meta property=\"article:published_time\" content=\"2022-03-15T20:18:03+00:00\" \/>\n<meta property=\"og:image\" content=\"https:\/\/redenoticiaz.com.br\/ribeiraopreto-regiao\/wp-content\/uploads\/sites\/4\/2022\/03\/2022-03-15.png\" \/>\n\t<meta property=\"og:image:width\" content=\"831\" \/>\n\t<meta property=\"og:image:height\" content=\"524\" \/>\n\t<meta property=\"og:image:type\" content=\"image\/png\" \/>\n<meta name=\"twitter:card\" content=\"summary_large_image\" \/>\n<meta name=\"twitter:creator\" content=\"@RN_barretos\" \/>\n<meta name=\"twitter:site\" content=\"@RN_barretos\" \/>\n<meta name=\"twitter:label1\" content=\"Escrito por\" \/>\n\t<meta name=\"twitter:data1\" content=\"\" \/>\n\t<meta name=\"twitter:label2\" content=\"Est. tempo de leitura\" \/>\n\t<meta name=\"twitter:data2\" content=\"1 minuto\" \/>\n<script type=\"application\/ld+json\" class=\"yoast-schema-graph\">{\"@context\":\"https:\\\/\\\/schema.org\",\"@graph\":[{\"@type\":\"Article\",\"@id\":\"https:\\\/\\\/redenoticiaz.com.br\\\/ribeiraopreto-regiao\\\/sp\\\/2022\\\/03\\\/15\\\/video-mostra-comerciante-enfrentando-assaltantes-antes-de-morrer#article\",\"isPartOf\":{\"@id\":\"https:\\\/\\\/redenoticiaz.com.br\\\/ribeiraopreto-regiao\\\/sp\\\/2022\\\/03\\\/15\\\/video-mostra-comerciante-enfrentando-assaltantes-antes-de-morrer\"},\"author\":{\"name\":\"\",\"@id\":\"\"},\"headline\":\"V\u00eddeo mostra comerciante enfrentando assaltantes antes de morrer\",\"datePublished\":\"2022-03-15T20:18:03+00:00\",\"mainEntityOfPage\":{\"@id\":\"https:\\\/\\\/redenoticiaz.com.br\\\/ribeiraopreto-regiao\\\/sp\\\/2022\\\/03\\\/15\\\/video-mostra-comerciante-enfrentando-assaltantes-antes-de-morrer\"},\"wordCount\":251,\"commentCount\":0,\"publisher\":{\"@id\":\"https:\\\/\\\/redenoticiaz.com.br\\\/ribeiraopreto-regiao\\\/#organization\"},\"image\":{\"@id\":\"https:\\\/\\\/redenoticiaz.com.br\\\/ribeiraopreto-regiao\\\/sp\\\/2022\\\/03\\\/15\\\/video-mostra-comerciante-enfrentando-assaltantes-antes-de-morrer#primaryimage\"},\"thumbnailUrl\":\"https:\\\/\\\/redenoticiaz.com.br\\\/ribeiraopreto-regiao\\\/wp-content\\\/uploads\\\/sites\\\/4\\\/2022\\\/03\\\/2022-03-15.png\",\"keywords\":[\"COMERCIANTE MORTO\",\"OCORR\u00caNCIA\",\"roubo\",\"V\u00cdDEO\"],\"articleSection\":[\"Cidades\"],\"inLanguage\":\"pt-BR\",\"potentialAction\":[{\"@type\":\"CommentAction\",\"name\":\"Comment\",\"target\":[\"https:\\\/\\\/redenoticiaz.com.br\\\/ribeiraopreto-regiao\\\/sp\\\/2022\\\/03\\\/15\\\/video-mostra-comerciante-enfrentando-assaltantes-antes-de-morrer#respond\"]}]},{\"@type\":\"WebPage\",\"@id\":\"https:\\\/\\\/redenoticiaz.com.br\\\/ribeiraopreto-regiao\\\/sp\\\/2022\\\/03\\\/15\\\/video-mostra-comerciante-enfrentando-assaltantes-antes-de-morrer\",\"url\":\"https:\\\/\\\/redenoticiaz.com.br\\\/ribeiraopreto-regiao\\\/sp\\\/2022\\\/03\\\/15\\\/video-mostra-comerciante-enfrentando-assaltantes-antes-de-morrer\",\"name\":\"V\u00eddeo mostra comerciante enfrentando assaltantes antes de morrer - Ribeir\u00e3o Preto e Regi\u00e3o\",\"isPartOf\":{\"@id\":\"https:\\\/\\\/redenoticiaz.com.br\\\/ribeiraopreto-regiao\\\/#website\"},\"primaryImageOfPage\":{\"@id\":\"https:\\\/\\\/redenoticiaz.com.br\\\/ribeiraopreto-regiao\\\/sp\\\/2022\\\/03\\\/15\\\/video-mostra-comerciante-enfrentando-assaltantes-antes-de-morrer#primaryimage\"},\"image\":{\"@id\":\"https:\\\/\\\/redenoticiaz.com.br\\\/ribeiraopreto-regiao\\\/sp\\\/2022\\\/03\\\/15\\\/video-mostra-comerciante-enfrentando-assaltantes-antes-de-morrer#primaryimage\"},\"thumbnailUrl\":\"https:\\\/\\\/redenoticiaz.com.br\\\/ribeiraopreto-regiao\\\/wp-content\\\/uploads\\\/sites\\\/4\\\/2022\\\/03\\\/2022-03-15.png\",\"datePublished\":\"2022-03-15T20:18:03+00:00\",\"description\":\"C\u00e2mera de seguran\u00e7a mostram os momentos que aconteceu a morte de um comerciante de 55 anos, esfaqueado durante um assalto a um bar em Bebedouro (SP).\",\"inLanguage\":\"pt-BR\",\"potentialAction\":[{\"@type\":\"ReadAction\",\"target\":[\"https:\\\/\\\/redenoticiaz.com.br\\\/ribeiraopreto-regiao\\\/sp\\\/2022\\\/03\\\/15\\\/video-mostra-comerciante-enfrentando-assaltantes-antes-de-morrer\"]}]},{\"@type\":\"ImageObject\",\"inLanguage\":\"pt-BR\",\"@id\":\"https:\\\/\\\/redenoticiaz.com.br\\\/ribeiraopreto-regiao\\\/sp\\\/2022\\\/03\\\/15\\\/video-mostra-comerciante-enfrentando-assaltantes-antes-de-morrer#primaryimage\",\"url\":\"https:\\\/\\\/redenoticiaz.com.br\\\/ribeiraopreto-regiao\\\/wp-content\\\/uploads\\\/sites\\\/4\\\/2022\\\/03\\\/2022-03-15.png\",\"contentUrl\":\"https:\\\/\\\/redenoticiaz.com.br\\\/ribeiraopreto-regiao\\\/wp-content\\\/uploads\\\/sites\\\/4\\\/2022\\\/03\\\/2022-03-15.png\",\"width\":831,\"height\":524},{\"@type\":\"WebSite\",\"@id\":\"https:\\\/\\\/redenoticiaz.com.br\\\/ribeiraopreto-regiao\\\/#website\",\"url\":\"https:\\\/\\\/redenoticiaz.com.br\\\/ribeiraopreto-regiao\\\/\",\"name\":\"Ribeir\u00e3o Preto e Regi\u00e3o\",\"description\":\"Rede NoticiaZ - Ribeir\u00e3o Preto e regi\u00e3o\",\"publisher\":{\"@id\":\"https:\\\/\\\/redenoticiaz.com.br\\\/ribeiraopreto-regiao\\\/#organization\"},\"potentialAction\":[{\"@type\":\"SearchAction\",\"target\":{\"@type\":\"EntryPoint\",\"urlTemplate\":\"https:\\\/\\\/redenoticiaz.com.br\\\/ribeiraopreto-regiao\\\/?s={search_term_string}\"},\"query-input\":{\"@type\":\"PropertyValueSpecification\",\"valueRequired\":true,\"valueName\":\"search_term_string\"}}],\"inLanguage\":\"pt-BR\"},{\"@type\":\"Organization\",\"@id\":\"https:\\\/\\\/redenoticiaz.com.br\\\/ribeiraopreto-regiao\\\/#organization\",\"name\":\"Ribeir\u00e3o Preto e Regi\u00e3o\",\"url\":\"https:\\\/\\\/redenoticiaz.com.br\\\/ribeiraopreto-regiao\\\/\",\"logo\":{\"@type\":\"ImageObject\",\"inLanguage\":\"pt-BR\",\"@id\":\"https:\\\/\\\/redenoticiaz.com.br\\\/ribeiraopreto-regiao\\\/#\\\/schema\\\/logo\\\/image\\\/\",\"url\":\"https:\\\/\\\/redenoticiaz.com.br\\\/barretos-regiao\\\/wp-content\\\/uploads\\\/sites\\\/4\\\/2022\\\/02\\\/logo.jpg\",\"contentUrl\":\"https:\\\/\\\/redenoticiaz.com.br\\\/barretos-regiao\\\/wp-content\\\/uploads\\\/sites\\\/4\\\/2022\\\/02\\\/logo.jpg\",\"width\":400,\"height\":250,\"caption\":\"Ribeir\u00e3o Preto e Regi\u00e3o\"},\"image\":{\"@id\":\"https:\\\/\\\/redenoticiaz.com.br\\\/ribeiraopreto-regiao\\\/#\\\/schema\\\/logo\\\/image\\\/\"},\"sameAs\":[\"https:\\\/\\\/m.facebook.com\\\/redenoticiaz.barretos\",\"https:\\\/\\\/x.com\\\/RN_barretos\",\"https:\\\/\\\/www.instagram.com\\\/redenoticiaz.barretos\\\/?igshid=YmMyMTA2M2Y\",\"https:\\\/\\\/www.linkedin.com\\\/company\\\/rede-noticiaz-barretos-e-regio\\\/\"]},{\"@type\":\"Person\",\"@id\":\"\",\"url\":\"https:\\\/\\\/redenoticiaz.com.br\\\/ribeiraopreto-regiao\\\/sp\\\/author\"}]}<\/script>\n<!-- \/ Yoast SEO plugin. -->","yoast_head_json":{"title":"V\u00eddeo mostra comerciante enfrentando assaltantes antes de morrer - Ribeir\u00e3o Preto e Regi\u00e3o","description":"C\u00e2mera de seguran\u00e7a mostram os momentos que aconteceu a morte de um comerciante de 55 anos, esfaqueado durante um assalto a um bar em Bebedouro (SP).","robots":{"index":"index","follow":"follow","max-snippet":"max-snippet:-1","max-image-preview":"max-image-preview:large","max-video-preview":"max-video-preview:-1"},"canonical":"https:\/\/redenoticiaz.com.br\/ribeiraopreto-regiao\/sp\/2022\/03\/15\/video-mostra-comerciante-enfrentando-assaltantes-antes-de-morrer","og_locale":"pt_BR","og_type":"article","og_title":"V\u00eddeo mostra comerciante enfrentando assaltantes antes de morrer - Ribeir\u00e3o Preto e Regi\u00e3o","og_description":"C\u00e2mera de seguran\u00e7a mostram os momentos que aconteceu a morte de um comerciante de 55 anos, esfaqueado durante um assalto a um bar em Bebedouro (SP).","og_url":"https:\/\/redenoticiaz.com.br\/ribeiraopreto-regiao\/sp\/2022\/03\/15\/video-mostra-comerciante-enfrentando-assaltantes-antes-de-morrer","og_site_name":"Ribeir\u00e3o Preto e Regi\u00e3o","article_publisher":"https:\/\/m.facebook.com\/redenoticiaz.barretos","article_published_time":"2022-03-15T20:18:03+00:00","og_image":[{"width":831,"height":524,"url":"https:\/\/redenoticiaz.com.br\/ribeiraopreto-regiao\/wp-content\/uploads\/sites\/4\/2022\/03\/2022-03-15.png","type":"image\/png"}],"twitter_card":"summary_large_image","twitter_creator":"@RN_barretos","twitter_site":"@RN_barretos","twitter_misc":{"Escrito por":"","Est. tempo de leitura":"1 minuto"},"schema":{"@context":"https:\/\/schema.org","@graph":[{"@type":"Article","@id":"https:\/\/redenoticiaz.com.br\/ribeiraopreto-regiao\/sp\/2022\/03\/15\/video-mostra-comerciante-enfrentando-assaltantes-antes-de-morrer#article","isPartOf":{"@id":"https:\/\/redenoticiaz.com.br\/ribeiraopreto-regiao\/sp\/2022\/03\/15\/video-mostra-comerciante-enfrentando-assaltantes-antes-de-morrer"},"author":{"name":"","@id":""},"headline":"V\u00eddeo mostra comerciante enfrentando assaltantes antes de morrer","datePublished":"2022-03-15T20:18:03+00:00","mainEntityOfPage":{"@id":"https:\/\/redenoticiaz.com.br\/ribeiraopreto-regiao\/sp\/2022\/03\/15\/video-mostra-comerciante-enfrentando-assaltantes-antes-de-morrer"},"wordCount":251,"commentCount":0,"publisher":{"@id":"https:\/\/redenoticiaz.com.br\/ribeiraopreto-regiao\/#organization"},"image":{"@id":"https:\/\/redenoticiaz.com.br\/ribeiraopreto-regiao\/sp\/2022\/03\/15\/video-mostra-comerciante-enfrentando-assaltantes-antes-de-morrer#primaryimage"},"thumbnailUrl":"https:\/\/redenoticiaz.com.br\/ribeiraopreto-regiao\/wp-content\/uploads\/sites\/4\/2022\/03\/2022-03-15.png","keywords":["COMERCIANTE MORTO","OCORR\u00caNCIA","roubo","V\u00cdDEO"],"articleSection":["Cidades"],"inLanguage":"pt-BR","potentialAction":[{"@type":"CommentAction","name":"Comment","target":["https:\/\/redenoticiaz.com.br\/ribeiraopreto-regiao\/sp\/2022\/03\/15\/video-mostra-comerciante-enfrentando-assaltantes-antes-de-morrer#respond"]}]},{"@type":"WebPage","@id":"https:\/\/redenoticiaz.com.br\/ribeiraopreto-regiao\/sp\/2022\/03\/15\/video-mostra-comerciante-enfrentando-assaltantes-antes-de-morrer","url":"https:\/\/redenoticiaz.com.br\/ribeiraopreto-regiao\/sp\/2022\/03\/15\/video-mostra-comerciante-enfrentando-assaltantes-antes-de-morrer","name":"V\u00eddeo mostra comerciante enfrentando assaltantes antes de morrer - Ribeir\u00e3o Preto e Regi\u00e3o","isPartOf":{"@id":"https:\/\/redenoticiaz.com.br\/ribeiraopreto-regiao\/#website"},"primaryImageOfPage":{"@id":"https:\/\/redenoticiaz.com.br\/ribeiraopreto-regiao\/sp\/2022\/03\/15\/video-mostra-comerciante-enfrentando-assaltantes-antes-de-morrer#primaryimage"},"image":{"@id":"https:\/\/redenoticiaz.com.br\/ribeiraopreto-regiao\/sp\/2022\/03\/15\/video-mostra-comerciante-enfrentando-assaltantes-antes-de-morrer#primaryimage"},"thumbnailUrl":"https:\/\/redenoticiaz.com.br\/ribeiraopreto-regiao\/wp-content\/uploads\/sites\/4\/2022\/03\/2022-03-15.png","datePublished":"2022-03-15T20:18:03+00:00","description":"C\u00e2mera de seguran\u00e7a mostram os momentos que aconteceu a morte de um comerciante de 55 anos, esfaqueado durante um assalto a um bar em Bebedouro (SP).","inLanguage":"pt-BR","potentialAction":[{"@type":"ReadAction","target":["https:\/\/redenoticiaz.com.br\/ribeiraopreto-regiao\/sp\/2022\/03\/15\/video-mostra-comerciante-enfrentando-assaltantes-antes-de-morrer"]}]},{"@type":"ImageObject","inLanguage":"pt-BR","@id":"https:\/\/redenoticiaz.com.br\/ribeiraopreto-regiao\/sp\/2022\/03\/15\/video-mostra-comerciante-enfrentando-assaltantes-antes-de-morrer#primaryimage","url":"https:\/\/redenoticiaz.com.br\/ribeiraopreto-regiao\/wp-content\/uploads\/sites\/4\/2022\/03\/2022-03-15.png","contentUrl":"https:\/\/redenoticiaz.com.br\/ribeiraopreto-regiao\/wp-content\/uploads\/sites\/4\/2022\/03\/2022-03-15.png","width":831,"height":524},{"@type":"WebSite","@id":"https:\/\/redenoticiaz.com.br\/ribeiraopreto-regiao\/#website","url":"https:\/\/redenoticiaz.com.br\/ribeiraopreto-regiao\/","name":"Ribeir\u00e3o Preto e Regi\u00e3o","description":"Rede NoticiaZ - Ribeir\u00e3o Preto e regi\u00e3o","publisher":{"@id":"https:\/\/redenoticiaz.com.br\/ribeiraopreto-regiao\/#organization"},"potentialAction":[{"@type":"SearchAction","target":{"@type":"EntryPoint","urlTemplate":"https:\/\/redenoticiaz.com.br\/ribeiraopreto-regiao\/?s={search_term_string}"},"query-input":{"@type":"PropertyValueSpecification","valueRequired":true,"valueName":"search_term_string"}}],"inLanguage":"pt-BR"},{"@type":"Organization","@id":"https:\/\/redenoticiaz.com.br\/ribeiraopreto-regiao\/#organization","name":"Ribeir\u00e3o Preto e Regi\u00e3o","url":"https:\/\/redenoticiaz.com.br\/ribeiraopreto-regiao\/","logo":{"@type":"ImageObject","inLanguage":"pt-BR","@id":"https:\/\/redenoticiaz.com.br\/ribeiraopreto-regiao\/#\/schema\/logo\/image\/","url":"https:\/\/redenoticiaz.com.br\/barretos-regiao\/wp-content\/uploads\/sites\/4\/2022\/02\/logo.jpg","contentUrl":"https:\/\/redenoticiaz.com.br\/barretos-regiao\/wp-content\/uploads\/sites\/4\/2022\/02\/logo.jpg","width":400,"height":250,"caption":"Ribeir\u00e3o Preto e Regi\u00e3o"},"image":{"@id":"https:\/\/redenoticiaz.com.br\/ribeiraopreto-regiao\/#\/schema\/logo\/image\/"},"sameAs":["https:\/\/m.facebook.com\/redenoticiaz.barretos","https:\/\/x.com\/RN_barretos","https:\/\/www.instagram.com\/redenoticiaz.barretos\/?igshid=YmMyMTA2M2Y","https:\/\/www.linkedin.com\/company\/rede-noticiaz-barretos-e-regio\/"]},{"@type":"Person","@id":"","url":"https:\/\/redenoticiaz.com.br\/ribeiraopreto-regiao\/sp\/author"}]}},"_links":{"self":[{"href":"https:\/\/redenoticiaz.com.br\/ribeiraopreto-regiao\/wp-json\/wp\/v2\/posts\/894","targetHints":{"allow":["GET"]}}],"collection":[{"href":"https:\/\/redenoticiaz.com.br\/ribeiraopreto-regiao\/wp-json\/wp\/v2\/posts"}],"about":[{"href":"https:\/\/redenoticiaz.com.br\/ribeiraopreto-regiao\/wp-json\/wp\/v2\/types\/post"}],"author":[{"embeddable":true,"href":"https:\/\/redenoticiaz.com.br\/ribeiraopreto-regiao\/wp-json\/wp\/v2\/users\/15"}],"replies":[{"embeddable":true,"href":"https:\/\/redenoticiaz.com.br\/ribeiraopreto-regiao\/wp-json\/wp\/v2\/comments?post=894"}],"version-history":[{"count":1,"href":"https:\/\/redenoticiaz.com.br\/ribeiraopreto-regiao\/wp-json\/wp\/v2\/posts\/894\/revisions"}],"predecessor-version":[{"id":897,"href":"https:\/\/redenoticiaz.com.br\/ribeiraopreto-regiao\/wp-json\/wp\/v2\/posts\/894\/revisions\/897"}],"wp:featuredmedia":[{"embeddable":true,"href":"https:\/\/redenoticiaz.com.br\/ribeiraopreto-regiao\/wp-json\/wp\/v2\/media\/896"}],"wp:attachment":[{"href":"https:\/\/redenoticiaz.com.br\/ribeiraopreto-regiao\/wp-json\/wp\/v2\/media?parent=894"}],"wp:term":[{"taxonomy":"category","embeddable":true,"href":"https:\/\/redenoticiaz.com.br\/ribeiraopreto-regiao\/wp-json\/wp\/v2\/categories?post=894"},{"taxonomy":"post_tag","embeddable":true,"href":"https:\/\/redenoticiaz.com.br\/ribeiraopreto-regiao\/wp-json\/wp\/v2\/tags?post=894"}],"curies":[{"name":"wp","href":"https:\/\/api.w.org\/{rel}","templated":true}]}}