{"id":89417,"date":"2022-08-07T09:00:30","date_gmt":"2022-08-07T12:00:30","guid":{"rendered":"https:\/\/redenoticiaz.com.br\/barretos-regiao\/?p=89417"},"modified":"2022-08-03T21:25:49","modified_gmt":"2022-08-04T00:25:49","slug":"19a-temporada-de-greys-anatomy-pode-ser-a-ultima-de-ellen-pompeo","status":"publish","type":"post","link":"https:\/\/redenoticiaz.com.br\/ribeiraopreto-regiao\/sp\/2022\/08\/07\/19a-temporada-de-greys-anatomy-pode-ser-a-ultima-de-ellen-pompeo","title":{"rendered":"19\u00aa temporada de Greys Anatomy pode ser a \u00faltima de Ellen Pompeo"},"content":{"rendered":"<p>A 19\u00aa temporada de Greys Anatomy, um dos maiores sucessos de audi\u00eancia da Tva americana pode ser a \u00faltima da atriz Ellen Pompeo.<\/p>\n<p>De acordo com o site Deadline, a aus\u00eancia da atriz na nova temporada se deve ao fato de ela come\u00e7ar a produzir uma s\u00e9rie para um servi\u00e7o de streaming.<\/p>\n<p><iframe loading=\"lazy\" title=\"Grey&#039;s Anatomy 18x19 &quot;Out for Blood&quot; \/ 18x20 &quot;You Are the Blood&quot; Promo (HD) Season Finale | Ep 400\" width=\"500\" height=\"281\" src=\"https:\/\/www.youtube.com\/embed\/byvGYF1yuFE?feature=oembed\" frameborder=\"0\" allow=\"accelerometer; autoplay; clipboard-write; encrypted-media; gyroscope; picture-in-picture; web-share\" referrerpolicy=\"strict-origin-when-cross-origin\" allowfullscreen><\/iframe><\/p>\n<p>Ainda de acordo com as fontes ouvidas pelo site, a atriz j\u00e1 havia comentado a possibilidade de deixar a s\u00e9rie ap\u00f3s o fim de seu contrato atual.<\/p>\n<p>Sendo assim, mesmo longe de alguns epis\u00f3dios, ela continuar\u00e1 a narrar os epis\u00f3dios e atuar como produtora executiva da s\u00e9rie.<\/p>\n<p>Segundo produtores de Hollywood, Ellen tem ativamente buscado novos projetos para se envolver, o que alimenta os rumores da atriz estar se desligando do drama m\u00e9dico.<\/p>\n<p><strong>Leia mais<\/strong><\/p>\n<p><a href=\"https:\/\/redenoticiaz.com.br\/blog\/2022\/07\/16\/anunciada-o-fim-das-gravacoes-da-serie-de-humor-o-gala\">Ms. Marvel chega ao \u00faltimo epis\u00f3dio, confira os momentos marcantes da s\u00e9rie<\/a><\/p>\n","protected":false},"excerpt":{"rendered":"<p>A 19\u00aa temporada de Greys Anatomy, um dos maiores sucessos de audi\u00eancia da Tva americana pode ser a \u00faltima da atriz Ellen Pompeo. De acordo com o site Deadline, a aus\u00eancia da atriz na nova temporada se deve ao fato de ela come\u00e7ar a produzir uma s\u00e9rie para um servi\u00e7o de streaming. Ainda de acordo &hellip;<\/p>\n","protected":false},"author":12,"featured_media":89418,"comment_status":"open","ping_status":"closed","sticky":false,"template":"","format":"standard","meta":{"footnotes":""},"categories":[134],"tags":[19494,19495,19496],"class_list":["post-89417","post","type-post","status-publish","format-standard","has-post-thumbnail","hentry","category-entretenimento","tag-ellen-pompeo","tag-greys-anatomy","tag-serie-americana"],"yoast_head":"<!-- This site is optimized with the Yoast SEO plugin v27.4 - https:\/\/yoast.com\/product\/yoast-seo-wordpress\/ -->\n<title>19\u00aa temporada de Greys Anatomy pode ser a \u00faltima de Ellen Pompeo - Ribeir\u00e3o Preto e Regi\u00e3o<\/title>\n<meta name=\"description\" content=\"A 19\u00aa temporada de Greys Anatomy, um dos maiores sucessos de audi\u00eancia da Tva americana pode ser a \u00faltima da atriz Ellen Pompeo.\" \/>\n<meta name=\"robots\" content=\"index, follow, max-snippet:-1, max-image-preview:large, max-video-preview:-1\" \/>\n<link rel=\"canonical\" href=\"https:\/\/redenoticiaz.com.br\/ribeiraopreto-regiao\/sp\/2022\/08\/07\/19a-temporada-de-greys-anatomy-pode-ser-a-ultima-de-ellen-pompeo\" \/>\n<meta property=\"og:locale\" content=\"pt_BR\" \/>\n<meta property=\"og:type\" content=\"article\" \/>\n<meta property=\"og:title\" content=\"19\u00aa temporada de Greys Anatomy pode ser a \u00faltima de Ellen Pompeo - Ribeir\u00e3o Preto e Regi\u00e3o\" \/>\n<meta property=\"og:description\" content=\"A 19\u00aa temporada de Greys Anatomy, um dos maiores sucessos de audi\u00eancia da Tva americana pode ser a \u00faltima da atriz Ellen Pompeo.\" \/>\n<meta property=\"og:url\" content=\"https:\/\/redenoticiaz.com.br\/ribeiraopreto-regiao\/sp\/2022\/08\/07\/19a-temporada-de-greys-anatomy-pode-ser-a-ultima-de-ellen-pompeo\" \/>\n<meta property=\"og:site_name\" content=\"Ribeir\u00e3o Preto e Regi\u00e3o\" \/>\n<meta property=\"article:publisher\" content=\"https:\/\/m.facebook.com\/redenoticiaz.barretos\" \/>\n<meta property=\"article:published_time\" content=\"2022-08-07T12:00:30+00:00\" \/>\n<meta property=\"og:image\" content=\"https:\/\/redenoticiaz.com.br\/ribeiraopreto-regiao\/wp-content\/uploads\/sites\/4\/2022\/08\/Ellen-Pompeo-estrelara-serie-limitada-de-8-episodios-com-tema.jpg?v=1659572629\" \/>\n\t<meta property=\"og:image:width\" content=\"617\" \/>\n\t<meta property=\"og:image:height\" content=\"420\" \/>\n\t<meta property=\"og:image:type\" content=\"image\/jpeg\" \/>\n<meta name=\"author\" content=\"Gustavo Silva\" \/>\n<meta name=\"twitter:card\" content=\"summary_large_image\" \/>\n<meta name=\"twitter:creator\" content=\"@RN_barretos\" \/>\n<meta name=\"twitter:site\" content=\"@RN_barretos\" \/>\n<meta name=\"twitter:label1\" content=\"Escrito por\" \/>\n\t<meta name=\"twitter:data1\" content=\"Gustavo Silva\" \/>\n\t<meta name=\"twitter:label2\" content=\"Est. tempo de leitura\" \/>\n\t<meta name=\"twitter:data2\" content=\"1 minuto\" \/>\n<script type=\"application\/ld+json\" class=\"yoast-schema-graph\">{\"@context\":\"https:\\\/\\\/schema.org\",\"@graph\":[{\"@type\":\"Article\",\"@id\":\"https:\\\/\\\/redenoticiaz.com.br\\\/ribeiraopreto-regiao\\\/sp\\\/2022\\\/08\\\/07\\\/19a-temporada-de-greys-anatomy-pode-ser-a-ultima-de-ellen-pompeo#article\",\"isPartOf\":{\"@id\":\"https:\\\/\\\/redenoticiaz.com.br\\\/ribeiraopreto-regiao\\\/sp\\\/2022\\\/08\\\/07\\\/19a-temporada-de-greys-anatomy-pode-ser-a-ultima-de-ellen-pompeo\"},\"author\":{\"name\":\"Gustavo Silva\",\"@id\":\"https:\\\/\\\/redenoticiaz.com.br\\\/ribeiraopreto-regiao\\\/#\\\/schema\\\/person\\\/16057b37a3c0ee6b096d7f887c566e2e\"},\"headline\":\"19\u00aa temporada de Greys Anatomy pode ser a \u00faltima de Ellen Pompeo\",\"datePublished\":\"2022-08-07T12:00:30+00:00\",\"mainEntityOfPage\":{\"@id\":\"https:\\\/\\\/redenoticiaz.com.br\\\/ribeiraopreto-regiao\\\/sp\\\/2022\\\/08\\\/07\\\/19a-temporada-de-greys-anatomy-pode-ser-a-ultima-de-ellen-pompeo\"},\"wordCount\":170,\"commentCount\":0,\"publisher\":{\"@id\":\"https:\\\/\\\/redenoticiaz.com.br\\\/ribeiraopreto-regiao\\\/#organization\"},\"image\":{\"@id\":\"https:\\\/\\\/redenoticiaz.com.br\\\/ribeiraopreto-regiao\\\/sp\\\/2022\\\/08\\\/07\\\/19a-temporada-de-greys-anatomy-pode-ser-a-ultima-de-ellen-pompeo#primaryimage\"},\"thumbnailUrl\":\"https:\\\/\\\/redenoticiaz.com.br\\\/ribeiraopreto-regiao\\\/wp-content\\\/uploads\\\/sites\\\/4\\\/2022\\\/08\\\/Ellen-Pompeo-estrelara-serie-limitada-de-8-episodios-com-tema.jpg?v=1659572629\",\"keywords\":[\"ellen pompeo\",\"greys anatomy\",\"s\u00e9rie americana\"],\"articleSection\":[\"Entretenimento\"],\"inLanguage\":\"pt-BR\",\"potentialAction\":[{\"@type\":\"CommentAction\",\"name\":\"Comment\",\"target\":[\"https:\\\/\\\/redenoticiaz.com.br\\\/ribeiraopreto-regiao\\\/sp\\\/2022\\\/08\\\/07\\\/19a-temporada-de-greys-anatomy-pode-ser-a-ultima-de-ellen-pompeo#respond\"]}]},{\"@type\":\"WebPage\",\"@id\":\"https:\\\/\\\/redenoticiaz.com.br\\\/ribeiraopreto-regiao\\\/sp\\\/2022\\\/08\\\/07\\\/19a-temporada-de-greys-anatomy-pode-ser-a-ultima-de-ellen-pompeo\",\"url\":\"https:\\\/\\\/redenoticiaz.com.br\\\/ribeiraopreto-regiao\\\/sp\\\/2022\\\/08\\\/07\\\/19a-temporada-de-greys-anatomy-pode-ser-a-ultima-de-ellen-pompeo\",\"name\":\"19\u00aa temporada de Greys Anatomy pode ser a \u00faltima de Ellen Pompeo - Ribeir\u00e3o Preto e Regi\u00e3o\",\"isPartOf\":{\"@id\":\"https:\\\/\\\/redenoticiaz.com.br\\\/ribeiraopreto-regiao\\\/#website\"},\"primaryImageOfPage\":{\"@id\":\"https:\\\/\\\/redenoticiaz.com.br\\\/ribeiraopreto-regiao\\\/sp\\\/2022\\\/08\\\/07\\\/19a-temporada-de-greys-anatomy-pode-ser-a-ultima-de-ellen-pompeo#primaryimage\"},\"image\":{\"@id\":\"https:\\\/\\\/redenoticiaz.com.br\\\/ribeiraopreto-regiao\\\/sp\\\/2022\\\/08\\\/07\\\/19a-temporada-de-greys-anatomy-pode-ser-a-ultima-de-ellen-pompeo#primaryimage\"},\"thumbnailUrl\":\"https:\\\/\\\/redenoticiaz.com.br\\\/ribeiraopreto-regiao\\\/wp-content\\\/uploads\\\/sites\\\/4\\\/2022\\\/08\\\/Ellen-Pompeo-estrelara-serie-limitada-de-8-episodios-com-tema.jpg?v=1659572629\",\"datePublished\":\"2022-08-07T12:00:30+00:00\",\"description\":\"A 19\u00aa temporada de Greys Anatomy, um dos maiores sucessos de audi\u00eancia da Tva americana pode ser a \u00faltima da atriz Ellen Pompeo.\",\"inLanguage\":\"pt-BR\",\"potentialAction\":[{\"@type\":\"ReadAction\",\"target\":[\"https:\\\/\\\/redenoticiaz.com.br\\\/ribeiraopreto-regiao\\\/sp\\\/2022\\\/08\\\/07\\\/19a-temporada-de-greys-anatomy-pode-ser-a-ultima-de-ellen-pompeo\"]}]},{\"@type\":\"ImageObject\",\"inLanguage\":\"pt-BR\",\"@id\":\"https:\\\/\\\/redenoticiaz.com.br\\\/ribeiraopreto-regiao\\\/sp\\\/2022\\\/08\\\/07\\\/19a-temporada-de-greys-anatomy-pode-ser-a-ultima-de-ellen-pompeo#primaryimage\",\"url\":\"https:\\\/\\\/redenoticiaz.com.br\\\/ribeiraopreto-regiao\\\/wp-content\\\/uploads\\\/sites\\\/4\\\/2022\\\/08\\\/Ellen-Pompeo-estrelara-serie-limitada-de-8-episodios-com-tema.jpg?v=1659572629\",\"contentUrl\":\"https:\\\/\\\/redenoticiaz.com.br\\\/ribeiraopreto-regiao\\\/wp-content\\\/uploads\\\/sites\\\/4\\\/2022\\\/08\\\/Ellen-Pompeo-estrelara-serie-limitada-de-8-episodios-com-tema.jpg?v=1659572629\",\"width\":617,\"height\":420,\"caption\":\"19\u00aa temporada de Greys Anatomy pode ser a \u00faltima de Ellen Pompeo\"},{\"@type\":\"WebSite\",\"@id\":\"https:\\\/\\\/redenoticiaz.com.br\\\/ribeiraopreto-regiao\\\/#website\",\"url\":\"https:\\\/\\\/redenoticiaz.com.br\\\/ribeiraopreto-regiao\\\/\",\"name\":\"Ribeir\u00e3o Preto e Regi\u00e3o\",\"description\":\"Rede NoticiaZ - Ribeir\u00e3o Preto e regi\u00e3o\",\"publisher\":{\"@id\":\"https:\\\/\\\/redenoticiaz.com.br\\\/ribeiraopreto-regiao\\\/#organization\"},\"potentialAction\":[{\"@type\":\"SearchAction\",\"target\":{\"@type\":\"EntryPoint\",\"urlTemplate\":\"https:\\\/\\\/redenoticiaz.com.br\\\/ribeiraopreto-regiao\\\/?s={search_term_string}\"},\"query-input\":{\"@type\":\"PropertyValueSpecification\",\"valueRequired\":true,\"valueName\":\"search_term_string\"}}],\"inLanguage\":\"pt-BR\"},{\"@type\":\"Organization\",\"@id\":\"https:\\\/\\\/redenoticiaz.com.br\\\/ribeiraopreto-regiao\\\/#organization\",\"name\":\"Ribeir\u00e3o Preto e Regi\u00e3o\",\"url\":\"https:\\\/\\\/redenoticiaz.com.br\\\/ribeiraopreto-regiao\\\/\",\"logo\":{\"@type\":\"ImageObject\",\"inLanguage\":\"pt-BR\",\"@id\":\"https:\\\/\\\/redenoticiaz.com.br\\\/ribeiraopreto-regiao\\\/#\\\/schema\\\/logo\\\/image\\\/\",\"url\":\"https:\\\/\\\/redenoticiaz.com.br\\\/barretos-regiao\\\/wp-content\\\/uploads\\\/sites\\\/4\\\/2022\\\/02\\\/logo.jpg\",\"contentUrl\":\"https:\\\/\\\/redenoticiaz.com.br\\\/barretos-regiao\\\/wp-content\\\/uploads\\\/sites\\\/4\\\/2022\\\/02\\\/logo.jpg\",\"width\":400,\"height\":250,\"caption\":\"Ribeir\u00e3o Preto e Regi\u00e3o\"},\"image\":{\"@id\":\"https:\\\/\\\/redenoticiaz.com.br\\\/ribeiraopreto-regiao\\\/#\\\/schema\\\/logo\\\/image\\\/\"},\"sameAs\":[\"https:\\\/\\\/m.facebook.com\\\/redenoticiaz.barretos\",\"https:\\\/\\\/x.com\\\/RN_barretos\",\"https:\\\/\\\/www.instagram.com\\\/redenoticiaz.barretos\\\/?igshid=YmMyMTA2M2Y\",\"https:\\\/\\\/www.linkedin.com\\\/company\\\/rede-noticiaz-barretos-e-regio\\\/\"]},{\"@type\":\"Person\",\"@id\":\"https:\\\/\\\/redenoticiaz.com.br\\\/ribeiraopreto-regiao\\\/#\\\/schema\\\/person\\\/16057b37a3c0ee6b096d7f887c566e2e\",\"name\":\"Gustavo Silva\",\"image\":{\"@type\":\"ImageObject\",\"inLanguage\":\"pt-BR\",\"@id\":\"https:\\\/\\\/secure.gravatar.com\\\/avatar\\\/3ee4e82f93b26de0a7cf4ea5eb7893da637ed6bb0c9170c58065944c56e28a33?s=96&d=mm&r=g\",\"url\":\"https:\\\/\\\/secure.gravatar.com\\\/avatar\\\/3ee4e82f93b26de0a7cf4ea5eb7893da637ed6bb0c9170c58065944c56e28a33?s=96&d=mm&r=g\",\"contentUrl\":\"https:\\\/\\\/secure.gravatar.com\\\/avatar\\\/3ee4e82f93b26de0a7cf4ea5eb7893da637ed6bb0c9170c58065944c56e28a33?s=96&d=mm&r=g\",\"caption\":\"Gustavo Silva\"},\"url\":\"https:\\\/\\\/redenoticiaz.com.br\\\/ribeiraopreto-regiao\\\/sp\\\/author\\\/gustavosilva\"}]}<\/script>\n<!-- \/ Yoast SEO plugin. -->","yoast_head_json":{"title":"19\u00aa temporada de Greys Anatomy pode ser a \u00faltima de Ellen Pompeo - Ribeir\u00e3o Preto e Regi\u00e3o","description":"A 19\u00aa temporada de Greys Anatomy, um dos maiores sucessos de audi\u00eancia da Tva americana pode ser a \u00faltima da atriz Ellen Pompeo.","robots":{"index":"index","follow":"follow","max-snippet":"max-snippet:-1","max-image-preview":"max-image-preview:large","max-video-preview":"max-video-preview:-1"},"canonical":"https:\/\/redenoticiaz.com.br\/ribeiraopreto-regiao\/sp\/2022\/08\/07\/19a-temporada-de-greys-anatomy-pode-ser-a-ultima-de-ellen-pompeo","og_locale":"pt_BR","og_type":"article","og_title":"19\u00aa temporada de Greys Anatomy pode ser a \u00faltima de Ellen Pompeo - Ribeir\u00e3o Preto e Regi\u00e3o","og_description":"A 19\u00aa temporada de Greys Anatomy, um dos maiores sucessos de audi\u00eancia da Tva americana pode ser a \u00faltima da atriz Ellen Pompeo.","og_url":"https:\/\/redenoticiaz.com.br\/ribeiraopreto-regiao\/sp\/2022\/08\/07\/19a-temporada-de-greys-anatomy-pode-ser-a-ultima-de-ellen-pompeo","og_site_name":"Ribeir\u00e3o Preto e Regi\u00e3o","article_publisher":"https:\/\/m.facebook.com\/redenoticiaz.barretos","article_published_time":"2022-08-07T12:00:30+00:00","og_image":[{"width":617,"height":420,"url":"https:\/\/redenoticiaz.com.br\/ribeiraopreto-regiao\/wp-content\/uploads\/sites\/4\/2022\/08\/Ellen-Pompeo-estrelara-serie-limitada-de-8-episodios-com-tema.jpg?v=1659572629","type":"image\/jpeg"}],"author":"Gustavo Silva","twitter_card":"summary_large_image","twitter_creator":"@RN_barretos","twitter_site":"@RN_barretos","twitter_misc":{"Escrito por":"Gustavo Silva","Est. tempo de leitura":"1 minuto"},"schema":{"@context":"https:\/\/schema.org","@graph":[{"@type":"Article","@id":"https:\/\/redenoticiaz.com.br\/ribeiraopreto-regiao\/sp\/2022\/08\/07\/19a-temporada-de-greys-anatomy-pode-ser-a-ultima-de-ellen-pompeo#article","isPartOf":{"@id":"https:\/\/redenoticiaz.com.br\/ribeiraopreto-regiao\/sp\/2022\/08\/07\/19a-temporada-de-greys-anatomy-pode-ser-a-ultima-de-ellen-pompeo"},"author":{"name":"Gustavo Silva","@id":"https:\/\/redenoticiaz.com.br\/ribeiraopreto-regiao\/#\/schema\/person\/16057b37a3c0ee6b096d7f887c566e2e"},"headline":"19\u00aa temporada de Greys Anatomy pode ser a \u00faltima de Ellen Pompeo","datePublished":"2022-08-07T12:00:30+00:00","mainEntityOfPage":{"@id":"https:\/\/redenoticiaz.com.br\/ribeiraopreto-regiao\/sp\/2022\/08\/07\/19a-temporada-de-greys-anatomy-pode-ser-a-ultima-de-ellen-pompeo"},"wordCount":170,"commentCount":0,"publisher":{"@id":"https:\/\/redenoticiaz.com.br\/ribeiraopreto-regiao\/#organization"},"image":{"@id":"https:\/\/redenoticiaz.com.br\/ribeiraopreto-regiao\/sp\/2022\/08\/07\/19a-temporada-de-greys-anatomy-pode-ser-a-ultima-de-ellen-pompeo#primaryimage"},"thumbnailUrl":"https:\/\/redenoticiaz.com.br\/ribeiraopreto-regiao\/wp-content\/uploads\/sites\/4\/2022\/08\/Ellen-Pompeo-estrelara-serie-limitada-de-8-episodios-com-tema.jpg?v=1659572629","keywords":["ellen pompeo","greys anatomy","s\u00e9rie americana"],"articleSection":["Entretenimento"],"inLanguage":"pt-BR","potentialAction":[{"@type":"CommentAction","name":"Comment","target":["https:\/\/redenoticiaz.com.br\/ribeiraopreto-regiao\/sp\/2022\/08\/07\/19a-temporada-de-greys-anatomy-pode-ser-a-ultima-de-ellen-pompeo#respond"]}]},{"@type":"WebPage","@id":"https:\/\/redenoticiaz.com.br\/ribeiraopreto-regiao\/sp\/2022\/08\/07\/19a-temporada-de-greys-anatomy-pode-ser-a-ultima-de-ellen-pompeo","url":"https:\/\/redenoticiaz.com.br\/ribeiraopreto-regiao\/sp\/2022\/08\/07\/19a-temporada-de-greys-anatomy-pode-ser-a-ultima-de-ellen-pompeo","name":"19\u00aa temporada de Greys Anatomy pode ser a \u00faltima de Ellen Pompeo - Ribeir\u00e3o Preto e Regi\u00e3o","isPartOf":{"@id":"https:\/\/redenoticiaz.com.br\/ribeiraopreto-regiao\/#website"},"primaryImageOfPage":{"@id":"https:\/\/redenoticiaz.com.br\/ribeiraopreto-regiao\/sp\/2022\/08\/07\/19a-temporada-de-greys-anatomy-pode-ser-a-ultima-de-ellen-pompeo#primaryimage"},"image":{"@id":"https:\/\/redenoticiaz.com.br\/ribeiraopreto-regiao\/sp\/2022\/08\/07\/19a-temporada-de-greys-anatomy-pode-ser-a-ultima-de-ellen-pompeo#primaryimage"},"thumbnailUrl":"https:\/\/redenoticiaz.com.br\/ribeiraopreto-regiao\/wp-content\/uploads\/sites\/4\/2022\/08\/Ellen-Pompeo-estrelara-serie-limitada-de-8-episodios-com-tema.jpg?v=1659572629","datePublished":"2022-08-07T12:00:30+00:00","description":"A 19\u00aa temporada de Greys Anatomy, um dos maiores sucessos de audi\u00eancia da Tva americana pode ser a \u00faltima da atriz Ellen Pompeo.","inLanguage":"pt-BR","potentialAction":[{"@type":"ReadAction","target":["https:\/\/redenoticiaz.com.br\/ribeiraopreto-regiao\/sp\/2022\/08\/07\/19a-temporada-de-greys-anatomy-pode-ser-a-ultima-de-ellen-pompeo"]}]},{"@type":"ImageObject","inLanguage":"pt-BR","@id":"https:\/\/redenoticiaz.com.br\/ribeiraopreto-regiao\/sp\/2022\/08\/07\/19a-temporada-de-greys-anatomy-pode-ser-a-ultima-de-ellen-pompeo#primaryimage","url":"https:\/\/redenoticiaz.com.br\/ribeiraopreto-regiao\/wp-content\/uploads\/sites\/4\/2022\/08\/Ellen-Pompeo-estrelara-serie-limitada-de-8-episodios-com-tema.jpg?v=1659572629","contentUrl":"https:\/\/redenoticiaz.com.br\/ribeiraopreto-regiao\/wp-content\/uploads\/sites\/4\/2022\/08\/Ellen-Pompeo-estrelara-serie-limitada-de-8-episodios-com-tema.jpg?v=1659572629","width":617,"height":420,"caption":"19\u00aa temporada de Greys Anatomy pode ser a \u00faltima de Ellen Pompeo"},{"@type":"WebSite","@id":"https:\/\/redenoticiaz.com.br\/ribeiraopreto-regiao\/#website","url":"https:\/\/redenoticiaz.com.br\/ribeiraopreto-regiao\/","name":"Ribeir\u00e3o Preto e Regi\u00e3o","description":"Rede NoticiaZ - Ribeir\u00e3o Preto e regi\u00e3o","publisher":{"@id":"https:\/\/redenoticiaz.com.br\/ribeiraopreto-regiao\/#organization"},"potentialAction":[{"@type":"SearchAction","target":{"@type":"EntryPoint","urlTemplate":"https:\/\/redenoticiaz.com.br\/ribeiraopreto-regiao\/?s={search_term_string}"},"query-input":{"@type":"PropertyValueSpecification","valueRequired":true,"valueName":"search_term_string"}}],"inLanguage":"pt-BR"},{"@type":"Organization","@id":"https:\/\/redenoticiaz.com.br\/ribeiraopreto-regiao\/#organization","name":"Ribeir\u00e3o Preto e Regi\u00e3o","url":"https:\/\/redenoticiaz.com.br\/ribeiraopreto-regiao\/","logo":{"@type":"ImageObject","inLanguage":"pt-BR","@id":"https:\/\/redenoticiaz.com.br\/ribeiraopreto-regiao\/#\/schema\/logo\/image\/","url":"https:\/\/redenoticiaz.com.br\/barretos-regiao\/wp-content\/uploads\/sites\/4\/2022\/02\/logo.jpg","contentUrl":"https:\/\/redenoticiaz.com.br\/barretos-regiao\/wp-content\/uploads\/sites\/4\/2022\/02\/logo.jpg","width":400,"height":250,"caption":"Ribeir\u00e3o Preto e Regi\u00e3o"},"image":{"@id":"https:\/\/redenoticiaz.com.br\/ribeiraopreto-regiao\/#\/schema\/logo\/image\/"},"sameAs":["https:\/\/m.facebook.com\/redenoticiaz.barretos","https:\/\/x.com\/RN_barretos","https:\/\/www.instagram.com\/redenoticiaz.barretos\/?igshid=YmMyMTA2M2Y","https:\/\/www.linkedin.com\/company\/rede-noticiaz-barretos-e-regio\/"]},{"@type":"Person","@id":"https:\/\/redenoticiaz.com.br\/ribeiraopreto-regiao\/#\/schema\/person\/16057b37a3c0ee6b096d7f887c566e2e","name":"Gustavo Silva","image":{"@type":"ImageObject","inLanguage":"pt-BR","@id":"https:\/\/secure.gravatar.com\/avatar\/3ee4e82f93b26de0a7cf4ea5eb7893da637ed6bb0c9170c58065944c56e28a33?s=96&d=mm&r=g","url":"https:\/\/secure.gravatar.com\/avatar\/3ee4e82f93b26de0a7cf4ea5eb7893da637ed6bb0c9170c58065944c56e28a33?s=96&d=mm&r=g","contentUrl":"https:\/\/secure.gravatar.com\/avatar\/3ee4e82f93b26de0a7cf4ea5eb7893da637ed6bb0c9170c58065944c56e28a33?s=96&d=mm&r=g","caption":"Gustavo Silva"},"url":"https:\/\/redenoticiaz.com.br\/ribeiraopreto-regiao\/sp\/author\/gustavosilva"}]}},"_links":{"self":[{"href":"https:\/\/redenoticiaz.com.br\/ribeiraopreto-regiao\/wp-json\/wp\/v2\/posts\/89417","targetHints":{"allow":["GET"]}}],"collection":[{"href":"https:\/\/redenoticiaz.com.br\/ribeiraopreto-regiao\/wp-json\/wp\/v2\/posts"}],"about":[{"href":"https:\/\/redenoticiaz.com.br\/ribeiraopreto-regiao\/wp-json\/wp\/v2\/types\/post"}],"author":[{"embeddable":true,"href":"https:\/\/redenoticiaz.com.br\/ribeiraopreto-regiao\/wp-json\/wp\/v2\/users\/12"}],"replies":[{"embeddable":true,"href":"https:\/\/redenoticiaz.com.br\/ribeiraopreto-regiao\/wp-json\/wp\/v2\/comments?post=89417"}],"version-history":[{"count":1,"href":"https:\/\/redenoticiaz.com.br\/ribeiraopreto-regiao\/wp-json\/wp\/v2\/posts\/89417\/revisions"}],"predecessor-version":[{"id":89419,"href":"https:\/\/redenoticiaz.com.br\/ribeiraopreto-regiao\/wp-json\/wp\/v2\/posts\/89417\/revisions\/89419"}],"wp:featuredmedia":[{"embeddable":true,"href":"https:\/\/redenoticiaz.com.br\/ribeiraopreto-regiao\/wp-json\/wp\/v2\/media\/89418"}],"wp:attachment":[{"href":"https:\/\/redenoticiaz.com.br\/ribeiraopreto-regiao\/wp-json\/wp\/v2\/media?parent=89417"}],"wp:term":[{"taxonomy":"category","embeddable":true,"href":"https:\/\/redenoticiaz.com.br\/ribeiraopreto-regiao\/wp-json\/wp\/v2\/categories?post=89417"},{"taxonomy":"post_tag","embeddable":true,"href":"https:\/\/redenoticiaz.com.br\/ribeiraopreto-regiao\/wp-json\/wp\/v2\/tags?post=89417"}],"curies":[{"name":"wp","href":"https:\/\/api.w.org\/{rel}","templated":true}]}}