{"id":89445,"date":"2022-08-04T15:09:29","date_gmt":"2022-08-04T18:09:29","guid":{"rendered":"https:\/\/redenoticiaz.com.br\/barretos-regiao\/?p=89445"},"modified":"2022-08-04T15:09:29","modified_gmt":"2022-08-04T18:09:29","slug":"governo-de-sao-paulo-anuncia-plano-de-enfrentamento-a-variola-dos-macacos","status":"publish","type":"post","link":"https:\/\/redenoticiaz.com.br\/ribeiraopreto-regiao\/sp\/2022\/08\/04\/governo-de-sao-paulo-anuncia-plano-de-enfrentamento-a-variola-dos-macacos","title":{"rendered":"Governo de S\u00e3o Paulo anuncia plano de enfrentamento a var\u00edola dos macacos"},"content":{"rendered":"<p><a href=\"https:\/\/www.saopaulo.sp.gov.br\/\">S\u00e3o Paulo<\/a> j\u00e1 soma <strong>1298 infectados pela var\u00edola dos macacos<\/strong>. Para garantir o enfrentamento da doen\u00e7a. as secretarias de Sa\u00fade, de Ci\u00eancia, Pesquisa e Desenvolvimento em Sa\u00fade anunciaram nesta quinta-feira (4) uma s\u00e9rie de medidas para o enfrentamento da doen\u00e7a.<\/p>\n<p>O plano de enfrentamento a var\u00edola dos macacos vai contar com <span class=\"highlight highlighted\">93 hospitais de retaguarda, uma rede credenciada de laborat\u00f3rios para testagem e vigil\u00e2ncia gen\u00f4mica e servi\u00e7o de orienta\u00e7\u00e3o 24 horas<\/span> para profissionais de sa\u00fade. Al\u00e9m disso, foram definidos protocolos de diagn\u00f3stico e assist\u00eancia.<\/p>\n<p>Tamb\u00e9m houveram an\u00fancios da cria\u00e7\u00e3o de um &#8216;Centro de Controle e Integra\u00e7\u00e3o&#8217;, que ir\u00e1 assessorar as a\u00e7\u00f5es do governo no combate \u00e0 var\u00edola dos macacos, projetar os cen\u00e1rios epidemiol\u00f3gicos, propor medidas e identificar oportunidades para o desenvolvimento de vacinas e tratamentos.<\/p>\n<div class=\"content-ads content-ads--reveal\" data-block-type=\"ads\" data-block-id=\"5\">\n<div id=\"banner_materia2\" class=\"tag-manager-publicidade-container mc-has-reveal mc-has-ad-lazyload\" data-id=\"banner_materia2\" data-req=\"true\">\n<div id=\"google_ads_iframe_\/95377733\/tvg_G1\/Sua_Regiao&gt;Sudeste&gt;Sao_Paulo_3__container__\" style=\"margin: auto;padding: 0px;border: 0pt none;font: inherit;vertical-align: initial;text-align: center;width: 970px;height: 0px\"><\/div>\n<\/div>\n<\/div>\n<div class=\"mc-column content-text active-extra-styles \" data-block-type=\"unstyled\" data-block-weight=\"39\" data-block-id=\"6\">\n<p class=\"content-text__container \" data-track-category=\"Link no Texto\" data-track-links=\"\">Al\u00e9m de Gorinchteyn e Uip, fazem parte do Centro, por exemplo, Dimas Covas, Esper Kallas, Jo\u00e3o Gabbardo e Regiane de Paula. O grupo \u00e9 formado por 24 profissionais de diversas \u00e1reas, entre cientistas, epidemiologistas, virologistas, infectologistas e professores universit\u00e1rios.<\/p>\n<p data-track-category=\"Link no Texto\" data-track-links=\"\">Durante a coletiva, o secret\u00e1rio de sa\u00fade ressaltou que a var\u00edola dos macacos n\u00e3o se trata de uma emerg\u00eancia de sa\u00fade p\u00fablica, como foi a Covid, doen\u00e7a com maior transmissibilidade, riscos de agravamento e impacto na rede hospitalar.<\/p>\n<div class=\"content-ads content-ads--reveal\" data-block-type=\"ads\" data-block-id=\"10\">\n<div id=\"banner_materia__4569786a-250e-4a05-822d-9635b0aeaa8c\" class=\"tag-manager-publicidade-container mc-has-reveal mc-has-ad-lazyload\" data-id=\"banner_materia__4569786a-250e-4a05-822d-9635b0aeaa8c\" data-req=\"true\">\n<div id=\"google_ads_iframe_\/95377733\/tvg_G1\/Sua_Regiao&gt;Sudeste&gt;Sao_Paulo_4__container__\" style=\"margin: auto;padding: 0px;border: 0pt none;font: inherit;vertical-align: initial;text-align: center;width: 970px;height: 0px\"><\/div>\n<\/div>\n<\/div>\n<div class=\"mc-column content-text active-extra-styles\" data-block-type=\"raw\" data-block-weight=\"55\" data-block-id=\"11\">\n<p class=\"content-text__container\">\n<blockquote class=\"content-blockquote theme-border-color-primary-before\"><p>&#8220;Estamos fazendo uma atitude muito mais antecipada, em cad\u00eancia para que todos tenhamos protocolos assistenciais e isso ajude as unidades de sa\u00fade a identificar a doen\u00e7a e definir quem s\u00e3o aqueles que t\u00eam risco potencial de desenvolver a forma grave de doen\u00e7a, que s\u00e3o exatamente pessoas que t\u00eam algum problema na sua imunidade&#8221;, disse Gorinchteyn.<\/p><\/blockquote>\n<\/div>\n<\/div>\n<h3 data-block-type=\"raw\" data-block-weight=\"55\" data-block-id=\"11\">Cen\u00e1rio<\/h3>\n<p>Por enquanto o estado de S\u00e3o Paulo tem 1.298 infectados. Destes, 98% s\u00e3o casos leves. Os 2% que precisaram de interna\u00e7\u00e3o s\u00e3o de pessoas que tiveram mais de 100 les\u00f5es no corpo.<\/p>\n<div class=\"mc-column content-text active-extra-styles \" data-block-type=\"unstyled\" data-block-weight=\"24\" data-block-id=\"13\">\n<p class=\"content-text__container \" data-track-category=\"Link no Texto\" data-track-links=\"\">Segundo os secret\u00e1rios, os casos est\u00e3o concentrados na regi\u00e3o metropolitana, mas j\u00e1 est\u00e3o se espalhando para o interior, principalmente nas cidades do eixo Bandeirantes\/Anhanguera.<\/p>\n<\/div>\n<div class=\"mc-column content-text active-extra-styles\" data-block-type=\"raw\" data-block-weight=\"9\" data-block-id=\"14\">\n<h3 class=\"content-text__container\"><span style=\"font-size: 24px;font-weight: bold\">Confira os principais pontos do protocolo assistencial:<\/span><\/h3>\n<\/div>\n<div class=\"mc-column content-text active-extra-styles\" data-block-type=\"raw\" data-block-weight=\"81\" data-block-id=\"15\">\n<ul class=\"content-unordered-list\">\n<li>Paciente com sintomas chega a UBS, consult\u00f3rio ou hospital;<\/li>\n<li>Caso \u00e9 definido como suspeito, prov\u00e1vel ou confirmado;<\/li>\n<li>Paciente suspeito faz PCR;<\/li>\n<li>Mesmo sem a confirma\u00e7\u00e3o, paciente suspeito e contactantes j\u00e1 s\u00e3o orientados para realizar isolamento;<\/li>\n<li>Em caso confirmado, notifica\u00e7\u00e3o ao estado \u00e9 compuls\u00f3ria e deve ser feita em at\u00e9 24 horas da confirma\u00e7\u00e3o;<\/li>\n<li>Em casos leves, o isolamento \u00e9 domiciliar, e, em graves, hospitalar;<\/li>\n<li>O caso confirmado e os contactantes ser\u00e3o monitorados uma vez por dia, por telefone, por 21 dias.<\/li>\n<\/ul>\n<h3><span style=\"font-size: 24px;font-weight: bold\">Protocolo para gr\u00e1vidas e lactantes<\/span><\/h3>\n<\/div>\n<div class=\"mc-column content-text active-extra-styles\" data-block-type=\"raw\" data-block-weight=\"5\" data-block-id=\"16\">\n<p>A gr\u00e1vida que for diagnosticada com var\u00edola dos macacos ser\u00e1 acompanhada e indicada para o parto em uma unidade de sa\u00fade de alto risco. A indica\u00e7\u00e3o para o parto passa a ser de ces\u00e1rea, mas, caso n\u00e3o hajam les\u00f5es na regi\u00e3o perianal, poder\u00e1 ser avaliada a possibilidade de parto normal.<\/p>\n<\/div>\n<div class=\"mc-column content-text active-extra-styles \" data-block-type=\"unstyled\" data-block-weight=\"66\" data-block-id=\"19\">\n<p class=\"content-text__container \" data-track-category=\"Link no Texto\" data-track-links=\"\">J\u00e1 as mulheres que amamentam e forem infectadas receber\u00e3o a orienta\u00e7\u00e3o de ficar 14 dias sem amamentar. O secret\u00e1rio de Sa\u00fade refor\u00e7ou que estas s\u00e3o as orienta\u00e7\u00f5es para este momento, mas que podem mudar de acordo com as atualiza\u00e7\u00f5es sobre a evolu\u00e7\u00e3o da doen\u00e7a em gestantes e lactantes. Segundo Gorinchteyn, ainda n\u00e3o se sabe, por exemplo, se a doen\u00e7a pode ser transmitida atrav\u00e9s do leite materno.<\/p>\n<p data-track-category=\"Link no Texto\" data-track-links=\"\"><strong>LEIA TAMB\u00c9M<\/strong><\/p>\n<p data-track-category=\"Link no Texto\" data-track-links=\"\"><a href=\"https:\/\/redenoticiaz.com.br\/barretos-regiao\/sp\/2022\/08\/03\/rio-preto-confirma-dois-casos-de-variola-dos-macacos\">Rio Preto confirma dois casos de var\u00edola dos macacos<\/a><\/p>\n<\/div>\n","protected":false},"excerpt":{"rendered":"<p>S\u00e3o Paulo j\u00e1 soma 1298 infectados pela var\u00edola dos macacos. Para garantir o enfrentamento da doen\u00e7a. as secretarias de Sa\u00fade, de Ci\u00eancia, Pesquisa e Desenvolvimento em Sa\u00fade anunciaram nesta quinta-feira (4) uma s\u00e9rie de medidas para o enfrentamento da doen\u00e7a. O plano de enfrentamento a var\u00edola dos macacos vai contar com 93 hospitais de retaguarda, &hellip;<\/p>\n","protected":false},"author":6,"featured_media":89446,"comment_status":"open","ping_status":"closed","sticky":false,"template":"","format":"standard","meta":{"footnotes":""},"categories":[129],"tags":[19508,19507,183,157,19506,17633,16974],"class_list":["post-89445","post","type-post","status-publish","format-standard","has-post-thumbnail","hentry","category-saude","tag-centro-de-controle","tag-plano-de-enfrentamento","tag-recomendacoes","tag-sao-paulo","tag-secretaria-de-ciencia-pesquisa-e-desenvolvimento-em-saude","tag-secretaria-estadual-de-saude","tag-variola-dos-macacos"],"yoast_head":"<!-- This site is optimized with the Yoast SEO plugin v27.4 - https:\/\/yoast.com\/product\/yoast-seo-wordpress\/ -->\n<title>Governo de S\u00e3o Paulo anuncia plano de enfrentamento a var\u00edola dos macacos - Ribeir\u00e3o Preto e Regi\u00e3o<\/title>\n<meta name=\"description\" content=\"S\u00e3o Paulo j\u00e1 soma 1298 infectados pela var\u00edola dos macacos. Para garantir o enfrentamento da doen\u00e7a. as secretarias de Sa\u00fade,\" \/>\n<meta name=\"robots\" content=\"index, follow, max-snippet:-1, max-image-preview:large, max-video-preview:-1\" \/>\n<link rel=\"canonical\" href=\"https:\/\/redenoticiaz.com.br\/ribeiraopreto-regiao\/sp\/2022\/08\/04\/governo-de-sao-paulo-anuncia-plano-de-enfrentamento-a-variola-dos-macacos\" \/>\n<meta property=\"og:locale\" content=\"pt_BR\" \/>\n<meta property=\"og:type\" content=\"article\" \/>\n<meta property=\"og:title\" content=\"Governo de S\u00e3o Paulo anuncia plano de enfrentamento a var\u00edola dos macacos - Ribeir\u00e3o Preto e Regi\u00e3o\" \/>\n<meta property=\"og:description\" content=\"S\u00e3o Paulo j\u00e1 soma 1298 infectados pela var\u00edola dos macacos. Para garantir o enfrentamento da doen\u00e7a. as secretarias de Sa\u00fade,\" \/>\n<meta property=\"og:url\" content=\"https:\/\/redenoticiaz.com.br\/ribeiraopreto-regiao\/sp\/2022\/08\/04\/governo-de-sao-paulo-anuncia-plano-de-enfrentamento-a-variola-dos-macacos\" \/>\n<meta property=\"og:site_name\" content=\"Ribeir\u00e3o Preto e Regi\u00e3o\" \/>\n<meta property=\"article:publisher\" content=\"https:\/\/m.facebook.com\/redenoticiaz.barretos\" \/>\n<meta property=\"article:published_time\" content=\"2022-08-04T18:09:29+00:00\" \/>\n<meta property=\"og:image\" content=\"https:\/\/redenoticiaz.com.br\/ribeiraopreto-regiao\/wp-content\/uploads\/sites\/4\/2022\/08\/comite.png\" \/>\n\t<meta property=\"og:image:width\" content=\"532\" \/>\n\t<meta property=\"og:image:height\" content=\"331\" \/>\n\t<meta property=\"og:image:type\" content=\"image\/png\" \/>\n<meta name=\"author\" content=\"Leonardo Francisco\" \/>\n<meta name=\"twitter:card\" content=\"summary_large_image\" \/>\n<meta name=\"twitter:creator\" content=\"@RN_barretos\" \/>\n<meta name=\"twitter:site\" content=\"@RN_barretos\" \/>\n<meta name=\"twitter:label1\" content=\"Escrito por\" \/>\n\t<meta name=\"twitter:data1\" content=\"Leonardo Francisco\" \/>\n\t<meta name=\"twitter:label2\" content=\"Est. tempo de leitura\" \/>\n\t<meta name=\"twitter:data2\" content=\"3 minutos\" \/>\n<script type=\"application\/ld+json\" class=\"yoast-schema-graph\">{\"@context\":\"https:\\\/\\\/schema.org\",\"@graph\":[{\"@type\":\"Article\",\"@id\":\"https:\\\/\\\/redenoticiaz.com.br\\\/ribeiraopreto-regiao\\\/sp\\\/2022\\\/08\\\/04\\\/governo-de-sao-paulo-anuncia-plano-de-enfrentamento-a-variola-dos-macacos#article\",\"isPartOf\":{\"@id\":\"https:\\\/\\\/redenoticiaz.com.br\\\/ribeiraopreto-regiao\\\/sp\\\/2022\\\/08\\\/04\\\/governo-de-sao-paulo-anuncia-plano-de-enfrentamento-a-variola-dos-macacos\"},\"author\":{\"name\":\"Leonardo Francisco\",\"@id\":\"https:\\\/\\\/redenoticiaz.com.br\\\/ribeiraopreto-regiao\\\/#\\\/schema\\\/person\\\/0f0b8a5bdafefe82841e07ae8d81ecb3\"},\"headline\":\"Governo de S\u00e3o Paulo anuncia plano de enfrentamento a var\u00edola dos macacos\",\"datePublished\":\"2022-08-04T18:09:29+00:00\",\"mainEntityOfPage\":{\"@id\":\"https:\\\/\\\/redenoticiaz.com.br\\\/ribeiraopreto-regiao\\\/sp\\\/2022\\\/08\\\/04\\\/governo-de-sao-paulo-anuncia-plano-de-enfrentamento-a-variola-dos-macacos\"},\"wordCount\":619,\"commentCount\":0,\"publisher\":{\"@id\":\"https:\\\/\\\/redenoticiaz.com.br\\\/ribeiraopreto-regiao\\\/#organization\"},\"image\":{\"@id\":\"https:\\\/\\\/redenoticiaz.com.br\\\/ribeiraopreto-regiao\\\/sp\\\/2022\\\/08\\\/04\\\/governo-de-sao-paulo-anuncia-plano-de-enfrentamento-a-variola-dos-macacos#primaryimage\"},\"thumbnailUrl\":\"https:\\\/\\\/redenoticiaz.com.br\\\/ribeiraopreto-regiao\\\/wp-content\\\/uploads\\\/sites\\\/4\\\/2022\\\/08\\\/comite.png\",\"keywords\":[\"CENTRO DE CONTROLE\",\"PLANO DE ENFRENTAMENTO\",\"RECOMENDA\u00c7\u00d5ES\",\"S\u00e3o Paulo\",\"SECRETARIA DE CI\u00caNCIA PESQUISA E DESENVOLVIMENTO EM SA\u00daDE\",\"secretaria estadual de sa\u00fade\",\"VAR\u00cdOLA DOS MACACOS\"],\"articleSection\":[\"Sa\u00fade\"],\"inLanguage\":\"pt-BR\",\"potentialAction\":[{\"@type\":\"CommentAction\",\"name\":\"Comment\",\"target\":[\"https:\\\/\\\/redenoticiaz.com.br\\\/ribeiraopreto-regiao\\\/sp\\\/2022\\\/08\\\/04\\\/governo-de-sao-paulo-anuncia-plano-de-enfrentamento-a-variola-dos-macacos#respond\"]}]},{\"@type\":\"WebPage\",\"@id\":\"https:\\\/\\\/redenoticiaz.com.br\\\/ribeiraopreto-regiao\\\/sp\\\/2022\\\/08\\\/04\\\/governo-de-sao-paulo-anuncia-plano-de-enfrentamento-a-variola-dos-macacos\",\"url\":\"https:\\\/\\\/redenoticiaz.com.br\\\/ribeiraopreto-regiao\\\/sp\\\/2022\\\/08\\\/04\\\/governo-de-sao-paulo-anuncia-plano-de-enfrentamento-a-variola-dos-macacos\",\"name\":\"Governo de S\u00e3o Paulo anuncia plano de enfrentamento a var\u00edola dos macacos - Ribeir\u00e3o Preto e Regi\u00e3o\",\"isPartOf\":{\"@id\":\"https:\\\/\\\/redenoticiaz.com.br\\\/ribeiraopreto-regiao\\\/#website\"},\"primaryImageOfPage\":{\"@id\":\"https:\\\/\\\/redenoticiaz.com.br\\\/ribeiraopreto-regiao\\\/sp\\\/2022\\\/08\\\/04\\\/governo-de-sao-paulo-anuncia-plano-de-enfrentamento-a-variola-dos-macacos#primaryimage\"},\"image\":{\"@id\":\"https:\\\/\\\/redenoticiaz.com.br\\\/ribeiraopreto-regiao\\\/sp\\\/2022\\\/08\\\/04\\\/governo-de-sao-paulo-anuncia-plano-de-enfrentamento-a-variola-dos-macacos#primaryimage\"},\"thumbnailUrl\":\"https:\\\/\\\/redenoticiaz.com.br\\\/ribeiraopreto-regiao\\\/wp-content\\\/uploads\\\/sites\\\/4\\\/2022\\\/08\\\/comite.png\",\"datePublished\":\"2022-08-04T18:09:29+00:00\",\"description\":\"S\u00e3o Paulo j\u00e1 soma 1298 infectados pela var\u00edola dos macacos. Para garantir o enfrentamento da doen\u00e7a. as secretarias de Sa\u00fade,\",\"inLanguage\":\"pt-BR\",\"potentialAction\":[{\"@type\":\"ReadAction\",\"target\":[\"https:\\\/\\\/redenoticiaz.com.br\\\/ribeiraopreto-regiao\\\/sp\\\/2022\\\/08\\\/04\\\/governo-de-sao-paulo-anuncia-plano-de-enfrentamento-a-variola-dos-macacos\"]}]},{\"@type\":\"ImageObject\",\"inLanguage\":\"pt-BR\",\"@id\":\"https:\\\/\\\/redenoticiaz.com.br\\\/ribeiraopreto-regiao\\\/sp\\\/2022\\\/08\\\/04\\\/governo-de-sao-paulo-anuncia-plano-de-enfrentamento-a-variola-dos-macacos#primaryimage\",\"url\":\"https:\\\/\\\/redenoticiaz.com.br\\\/ribeiraopreto-regiao\\\/wp-content\\\/uploads\\\/sites\\\/4\\\/2022\\\/08\\\/comite.png\",\"contentUrl\":\"https:\\\/\\\/redenoticiaz.com.br\\\/ribeiraopreto-regiao\\\/wp-content\\\/uploads\\\/sites\\\/4\\\/2022\\\/08\\\/comite.png\",\"width\":532,\"height\":331,\"caption\":\"Cr\u00e9ditos: Reprodu\u00e7\u00e3o\"},{\"@type\":\"WebSite\",\"@id\":\"https:\\\/\\\/redenoticiaz.com.br\\\/ribeiraopreto-regiao\\\/#website\",\"url\":\"https:\\\/\\\/redenoticiaz.com.br\\\/ribeiraopreto-regiao\\\/\",\"name\":\"Ribeir\u00e3o Preto e Regi\u00e3o\",\"description\":\"Rede NoticiaZ - Ribeir\u00e3o Preto e regi\u00e3o\",\"publisher\":{\"@id\":\"https:\\\/\\\/redenoticiaz.com.br\\\/ribeiraopreto-regiao\\\/#organization\"},\"potentialAction\":[{\"@type\":\"SearchAction\",\"target\":{\"@type\":\"EntryPoint\",\"urlTemplate\":\"https:\\\/\\\/redenoticiaz.com.br\\\/ribeiraopreto-regiao\\\/?s={search_term_string}\"},\"query-input\":{\"@type\":\"PropertyValueSpecification\",\"valueRequired\":true,\"valueName\":\"search_term_string\"}}],\"inLanguage\":\"pt-BR\"},{\"@type\":\"Organization\",\"@id\":\"https:\\\/\\\/redenoticiaz.com.br\\\/ribeiraopreto-regiao\\\/#organization\",\"name\":\"Ribeir\u00e3o Preto e Regi\u00e3o\",\"url\":\"https:\\\/\\\/redenoticiaz.com.br\\\/ribeiraopreto-regiao\\\/\",\"logo\":{\"@type\":\"ImageObject\",\"inLanguage\":\"pt-BR\",\"@id\":\"https:\\\/\\\/redenoticiaz.com.br\\\/ribeiraopreto-regiao\\\/#\\\/schema\\\/logo\\\/image\\\/\",\"url\":\"https:\\\/\\\/redenoticiaz.com.br\\\/barretos-regiao\\\/wp-content\\\/uploads\\\/sites\\\/4\\\/2022\\\/02\\\/logo.jpg\",\"contentUrl\":\"https:\\\/\\\/redenoticiaz.com.br\\\/barretos-regiao\\\/wp-content\\\/uploads\\\/sites\\\/4\\\/2022\\\/02\\\/logo.jpg\",\"width\":400,\"height\":250,\"caption\":\"Ribeir\u00e3o Preto e Regi\u00e3o\"},\"image\":{\"@id\":\"https:\\\/\\\/redenoticiaz.com.br\\\/ribeiraopreto-regiao\\\/#\\\/schema\\\/logo\\\/image\\\/\"},\"sameAs\":[\"https:\\\/\\\/m.facebook.com\\\/redenoticiaz.barretos\",\"https:\\\/\\\/x.com\\\/RN_barretos\",\"https:\\\/\\\/www.instagram.com\\\/redenoticiaz.barretos\\\/?igshid=YmMyMTA2M2Y\",\"https:\\\/\\\/www.linkedin.com\\\/company\\\/rede-noticiaz-barretos-e-regio\\\/\"]},{\"@type\":\"Person\",\"@id\":\"https:\\\/\\\/redenoticiaz.com.br\\\/ribeiraopreto-regiao\\\/#\\\/schema\\\/person\\\/0f0b8a5bdafefe82841e07ae8d81ecb3\",\"name\":\"Leonardo Francisco\",\"image\":{\"@type\":\"ImageObject\",\"inLanguage\":\"pt-BR\",\"@id\":\"https:\\\/\\\/secure.gravatar.com\\\/avatar\\\/a7358cb406a99b682ec6df1e77e31ae82e63601f6784e8a3df411d72b37864da?s=96&d=mm&r=g\",\"url\":\"https:\\\/\\\/secure.gravatar.com\\\/avatar\\\/a7358cb406a99b682ec6df1e77e31ae82e63601f6784e8a3df411d72b37864da?s=96&d=mm&r=g\",\"contentUrl\":\"https:\\\/\\\/secure.gravatar.com\\\/avatar\\\/a7358cb406a99b682ec6df1e77e31ae82e63601f6784e8a3df411d72b37864da?s=96&d=mm&r=g\",\"caption\":\"Leonardo Francisco\"},\"url\":\"https:\\\/\\\/redenoticiaz.com.br\\\/ribeiraopreto-regiao\\\/sp\\\/author\\\/leonardo-francisco\"}]}<\/script>\n<!-- \/ Yoast SEO plugin. -->","yoast_head_json":{"title":"Governo de S\u00e3o Paulo anuncia plano de enfrentamento a var\u00edola dos macacos - Ribeir\u00e3o Preto e Regi\u00e3o","description":"S\u00e3o Paulo j\u00e1 soma 1298 infectados pela var\u00edola dos macacos. Para garantir o enfrentamento da doen\u00e7a. as secretarias de Sa\u00fade,","robots":{"index":"index","follow":"follow","max-snippet":"max-snippet:-1","max-image-preview":"max-image-preview:large","max-video-preview":"max-video-preview:-1"},"canonical":"https:\/\/redenoticiaz.com.br\/ribeiraopreto-regiao\/sp\/2022\/08\/04\/governo-de-sao-paulo-anuncia-plano-de-enfrentamento-a-variola-dos-macacos","og_locale":"pt_BR","og_type":"article","og_title":"Governo de S\u00e3o Paulo anuncia plano de enfrentamento a var\u00edola dos macacos - Ribeir\u00e3o Preto e Regi\u00e3o","og_description":"S\u00e3o Paulo j\u00e1 soma 1298 infectados pela var\u00edola dos macacos. Para garantir o enfrentamento da doen\u00e7a. as secretarias de Sa\u00fade,","og_url":"https:\/\/redenoticiaz.com.br\/ribeiraopreto-regiao\/sp\/2022\/08\/04\/governo-de-sao-paulo-anuncia-plano-de-enfrentamento-a-variola-dos-macacos","og_site_name":"Ribeir\u00e3o Preto e Regi\u00e3o","article_publisher":"https:\/\/m.facebook.com\/redenoticiaz.barretos","article_published_time":"2022-08-04T18:09:29+00:00","og_image":[{"width":532,"height":331,"url":"https:\/\/redenoticiaz.com.br\/ribeiraopreto-regiao\/wp-content\/uploads\/sites\/4\/2022\/08\/comite.png","type":"image\/png"}],"author":"Leonardo Francisco","twitter_card":"summary_large_image","twitter_creator":"@RN_barretos","twitter_site":"@RN_barretos","twitter_misc":{"Escrito por":"Leonardo Francisco","Est. tempo de leitura":"3 minutos"},"schema":{"@context":"https:\/\/schema.org","@graph":[{"@type":"Article","@id":"https:\/\/redenoticiaz.com.br\/ribeiraopreto-regiao\/sp\/2022\/08\/04\/governo-de-sao-paulo-anuncia-plano-de-enfrentamento-a-variola-dos-macacos#article","isPartOf":{"@id":"https:\/\/redenoticiaz.com.br\/ribeiraopreto-regiao\/sp\/2022\/08\/04\/governo-de-sao-paulo-anuncia-plano-de-enfrentamento-a-variola-dos-macacos"},"author":{"name":"Leonardo Francisco","@id":"https:\/\/redenoticiaz.com.br\/ribeiraopreto-regiao\/#\/schema\/person\/0f0b8a5bdafefe82841e07ae8d81ecb3"},"headline":"Governo de S\u00e3o Paulo anuncia plano de enfrentamento a var\u00edola dos macacos","datePublished":"2022-08-04T18:09:29+00:00","mainEntityOfPage":{"@id":"https:\/\/redenoticiaz.com.br\/ribeiraopreto-regiao\/sp\/2022\/08\/04\/governo-de-sao-paulo-anuncia-plano-de-enfrentamento-a-variola-dos-macacos"},"wordCount":619,"commentCount":0,"publisher":{"@id":"https:\/\/redenoticiaz.com.br\/ribeiraopreto-regiao\/#organization"},"image":{"@id":"https:\/\/redenoticiaz.com.br\/ribeiraopreto-regiao\/sp\/2022\/08\/04\/governo-de-sao-paulo-anuncia-plano-de-enfrentamento-a-variola-dos-macacos#primaryimage"},"thumbnailUrl":"https:\/\/redenoticiaz.com.br\/ribeiraopreto-regiao\/wp-content\/uploads\/sites\/4\/2022\/08\/comite.png","keywords":["CENTRO DE CONTROLE","PLANO DE ENFRENTAMENTO","RECOMENDA\u00c7\u00d5ES","S\u00e3o Paulo","SECRETARIA DE CI\u00caNCIA PESQUISA E DESENVOLVIMENTO EM SA\u00daDE","secretaria estadual de sa\u00fade","VAR\u00cdOLA DOS MACACOS"],"articleSection":["Sa\u00fade"],"inLanguage":"pt-BR","potentialAction":[{"@type":"CommentAction","name":"Comment","target":["https:\/\/redenoticiaz.com.br\/ribeiraopreto-regiao\/sp\/2022\/08\/04\/governo-de-sao-paulo-anuncia-plano-de-enfrentamento-a-variola-dos-macacos#respond"]}]},{"@type":"WebPage","@id":"https:\/\/redenoticiaz.com.br\/ribeiraopreto-regiao\/sp\/2022\/08\/04\/governo-de-sao-paulo-anuncia-plano-de-enfrentamento-a-variola-dos-macacos","url":"https:\/\/redenoticiaz.com.br\/ribeiraopreto-regiao\/sp\/2022\/08\/04\/governo-de-sao-paulo-anuncia-plano-de-enfrentamento-a-variola-dos-macacos","name":"Governo de S\u00e3o Paulo anuncia plano de enfrentamento a var\u00edola dos macacos - Ribeir\u00e3o Preto e Regi\u00e3o","isPartOf":{"@id":"https:\/\/redenoticiaz.com.br\/ribeiraopreto-regiao\/#website"},"primaryImageOfPage":{"@id":"https:\/\/redenoticiaz.com.br\/ribeiraopreto-regiao\/sp\/2022\/08\/04\/governo-de-sao-paulo-anuncia-plano-de-enfrentamento-a-variola-dos-macacos#primaryimage"},"image":{"@id":"https:\/\/redenoticiaz.com.br\/ribeiraopreto-regiao\/sp\/2022\/08\/04\/governo-de-sao-paulo-anuncia-plano-de-enfrentamento-a-variola-dos-macacos#primaryimage"},"thumbnailUrl":"https:\/\/redenoticiaz.com.br\/ribeiraopreto-regiao\/wp-content\/uploads\/sites\/4\/2022\/08\/comite.png","datePublished":"2022-08-04T18:09:29+00:00","description":"S\u00e3o Paulo j\u00e1 soma 1298 infectados pela var\u00edola dos macacos. Para garantir o enfrentamento da doen\u00e7a. as secretarias de Sa\u00fade,","inLanguage":"pt-BR","potentialAction":[{"@type":"ReadAction","target":["https:\/\/redenoticiaz.com.br\/ribeiraopreto-regiao\/sp\/2022\/08\/04\/governo-de-sao-paulo-anuncia-plano-de-enfrentamento-a-variola-dos-macacos"]}]},{"@type":"ImageObject","inLanguage":"pt-BR","@id":"https:\/\/redenoticiaz.com.br\/ribeiraopreto-regiao\/sp\/2022\/08\/04\/governo-de-sao-paulo-anuncia-plano-de-enfrentamento-a-variola-dos-macacos#primaryimage","url":"https:\/\/redenoticiaz.com.br\/ribeiraopreto-regiao\/wp-content\/uploads\/sites\/4\/2022\/08\/comite.png","contentUrl":"https:\/\/redenoticiaz.com.br\/ribeiraopreto-regiao\/wp-content\/uploads\/sites\/4\/2022\/08\/comite.png","width":532,"height":331,"caption":"Cr\u00e9ditos: Reprodu\u00e7\u00e3o"},{"@type":"WebSite","@id":"https:\/\/redenoticiaz.com.br\/ribeiraopreto-regiao\/#website","url":"https:\/\/redenoticiaz.com.br\/ribeiraopreto-regiao\/","name":"Ribeir\u00e3o Preto e Regi\u00e3o","description":"Rede NoticiaZ - Ribeir\u00e3o Preto e regi\u00e3o","publisher":{"@id":"https:\/\/redenoticiaz.com.br\/ribeiraopreto-regiao\/#organization"},"potentialAction":[{"@type":"SearchAction","target":{"@type":"EntryPoint","urlTemplate":"https:\/\/redenoticiaz.com.br\/ribeiraopreto-regiao\/?s={search_term_string}"},"query-input":{"@type":"PropertyValueSpecification","valueRequired":true,"valueName":"search_term_string"}}],"inLanguage":"pt-BR"},{"@type":"Organization","@id":"https:\/\/redenoticiaz.com.br\/ribeiraopreto-regiao\/#organization","name":"Ribeir\u00e3o Preto e Regi\u00e3o","url":"https:\/\/redenoticiaz.com.br\/ribeiraopreto-regiao\/","logo":{"@type":"ImageObject","inLanguage":"pt-BR","@id":"https:\/\/redenoticiaz.com.br\/ribeiraopreto-regiao\/#\/schema\/logo\/image\/","url":"https:\/\/redenoticiaz.com.br\/barretos-regiao\/wp-content\/uploads\/sites\/4\/2022\/02\/logo.jpg","contentUrl":"https:\/\/redenoticiaz.com.br\/barretos-regiao\/wp-content\/uploads\/sites\/4\/2022\/02\/logo.jpg","width":400,"height":250,"caption":"Ribeir\u00e3o Preto e Regi\u00e3o"},"image":{"@id":"https:\/\/redenoticiaz.com.br\/ribeiraopreto-regiao\/#\/schema\/logo\/image\/"},"sameAs":["https:\/\/m.facebook.com\/redenoticiaz.barretos","https:\/\/x.com\/RN_barretos","https:\/\/www.instagram.com\/redenoticiaz.barretos\/?igshid=YmMyMTA2M2Y","https:\/\/www.linkedin.com\/company\/rede-noticiaz-barretos-e-regio\/"]},{"@type":"Person","@id":"https:\/\/redenoticiaz.com.br\/ribeiraopreto-regiao\/#\/schema\/person\/0f0b8a5bdafefe82841e07ae8d81ecb3","name":"Leonardo Francisco","image":{"@type":"ImageObject","inLanguage":"pt-BR","@id":"https:\/\/secure.gravatar.com\/avatar\/a7358cb406a99b682ec6df1e77e31ae82e63601f6784e8a3df411d72b37864da?s=96&d=mm&r=g","url":"https:\/\/secure.gravatar.com\/avatar\/a7358cb406a99b682ec6df1e77e31ae82e63601f6784e8a3df411d72b37864da?s=96&d=mm&r=g","contentUrl":"https:\/\/secure.gravatar.com\/avatar\/a7358cb406a99b682ec6df1e77e31ae82e63601f6784e8a3df411d72b37864da?s=96&d=mm&r=g","caption":"Leonardo Francisco"},"url":"https:\/\/redenoticiaz.com.br\/ribeiraopreto-regiao\/sp\/author\/leonardo-francisco"}]}},"_links":{"self":[{"href":"https:\/\/redenoticiaz.com.br\/ribeiraopreto-regiao\/wp-json\/wp\/v2\/posts\/89445","targetHints":{"allow":["GET"]}}],"collection":[{"href":"https:\/\/redenoticiaz.com.br\/ribeiraopreto-regiao\/wp-json\/wp\/v2\/posts"}],"about":[{"href":"https:\/\/redenoticiaz.com.br\/ribeiraopreto-regiao\/wp-json\/wp\/v2\/types\/post"}],"author":[{"embeddable":true,"href":"https:\/\/redenoticiaz.com.br\/ribeiraopreto-regiao\/wp-json\/wp\/v2\/users\/6"}],"replies":[{"embeddable":true,"href":"https:\/\/redenoticiaz.com.br\/ribeiraopreto-regiao\/wp-json\/wp\/v2\/comments?post=89445"}],"version-history":[{"count":1,"href":"https:\/\/redenoticiaz.com.br\/ribeiraopreto-regiao\/wp-json\/wp\/v2\/posts\/89445\/revisions"}],"predecessor-version":[{"id":89447,"href":"https:\/\/redenoticiaz.com.br\/ribeiraopreto-regiao\/wp-json\/wp\/v2\/posts\/89445\/revisions\/89447"}],"wp:featuredmedia":[{"embeddable":true,"href":"https:\/\/redenoticiaz.com.br\/ribeiraopreto-regiao\/wp-json\/wp\/v2\/media\/89446"}],"wp:attachment":[{"href":"https:\/\/redenoticiaz.com.br\/ribeiraopreto-regiao\/wp-json\/wp\/v2\/media?parent=89445"}],"wp:term":[{"taxonomy":"category","embeddable":true,"href":"https:\/\/redenoticiaz.com.br\/ribeiraopreto-regiao\/wp-json\/wp\/v2\/categories?post=89445"},{"taxonomy":"post_tag","embeddable":true,"href":"https:\/\/redenoticiaz.com.br\/ribeiraopreto-regiao\/wp-json\/wp\/v2\/tags?post=89445"}],"curies":[{"name":"wp","href":"https:\/\/api.w.org\/{rel}","templated":true}]}}