{"id":89511,"date":"2022-08-05T16:24:00","date_gmt":"2022-08-05T19:24:00","guid":{"rendered":"https:\/\/redenoticiaz.com.br\/barretos-regiao\/?p=89511"},"modified":"2022-08-05T16:24:00","modified_gmt":"2022-08-05T19:24:00","slug":"prefeitura-regulariza-ultima-pendencia-com-governo-federal-e-barretos-sai-da-lista-dos-negativados","status":"publish","type":"post","link":"https:\/\/redenoticiaz.com.br\/ribeiraopreto-regiao\/sp\/2022\/08\/05\/prefeitura-regulariza-ultima-pendencia-com-governo-federal-e-barretos-sai-da-lista-dos-negativados","title":{"rendered":"Prefeitura regulariza \u00faltima pend\u00eancia com Governo Federal e Barretos sai da lista dos &#8220;negativados&#8221;"},"content":{"rendered":"<p>A prefeita da Est\u00e2ncia Tur\u00edstica de Barretos, Paula Lemos, anunciou durante\u00a0<i>live <\/i>a regulariza\u00e7\u00e3o da \u00faltima pend\u00eancia do munic\u00edpio junto ao CAUC, Sistema de Informa\u00e7\u00f5es sobre Requisitos Fiscais, do Tesouro Nacional. Trata-se da d\u00edvida de R$ 216 milh\u00f5es com o Instituto de Previd\u00eancia do Munic\u00edpio de Barretos (IPMB), herdada de gest\u00f5es passadas, foi reconhecida pelo Minist\u00e9rio do Trabalho e Previd\u00eancia e dividida em 240 parcelas.<\/p>\n<p>Paula explicou a situa\u00e7\u00e3o encontrada pela gest\u00e3o e o trabalho realizado. <em>&#8220;Hoje, com a assinatura junto ao Minist\u00e9rio da Previd\u00eancia do Parcelamento da D\u00edvida de R$216 milh\u00f5es de reais deixada por gest\u00f5es anteriores, garantimos o futuro de mais de cinco mil fam\u00edlias e atingimos diretamente 15 mil pessoas. J\u00e1 t\u00ednhamos aumentado o repasse no ano passado para R$ 1 milh\u00e3o\/m\u00eas ao aumentarmos a contribui\u00e7\u00e3o patronal de 12% para 18% e agora, com este acordo, repassaremos mais R$ 1 milh\u00e3o\/m\u00eas, com um repasse anual de R$ 24 milh\u00f5es a mais. Isso pensando nas pessoas e na nossa cidade, pois essas 15 mil pessoas ajudam a manter o com\u00e9rcio de nossa cidade. Al\u00e9m disso, regularizamos as 12 pend\u00eancias do CAUC (Serasa Federal) e quitamos R$ 17 milh\u00f5es em d\u00edvidas. Diante desse novo quadro poderemos buscar mais verbas junto ao governo federal, sem depender de liminar judicial. S\u00e3o escolhas a favor das pessoas, vn\u00e3o s\u00e3o obras vis\u00edveis aos olhos, mas que garantem uma vida melhor para milhares de pessoas e demonstra a solidez de nossa cidade, que paga agora\u00a0 suas d\u00edvidas e demonstra seriedade com o gasto do dinheiro p\u00fablico&#8221;<\/em>, afirmou.<\/p>\n<h4><b>Mais recursos para o munic\u00edpio<\/b><\/h4>\n<p>A chefe do executivo tamb\u00e9m destacou que antes do acordo, a cidade s\u00f3 tinha garantia dos repasses da educa\u00e7\u00e3o e da sa\u00fade.<em> &#8220;Com essa regularidade n\u00f3s podemos entrar em todos os minist\u00e9rios do Governo Federal e buscar verbas em todas as esferas. Al\u00e9m das emendas impositivas, os deputados poder\u00e3o indicar outras emendas. Antes disso, muitas vezes um vereador buscava uma verba em algum minist\u00e9rio e, por conta deste impedimento, o dinheiro voltava.&#8221;<\/em>, completou.<\/p>\n<h4><b>Seguran\u00e7a para os servidores<\/b><\/h4>\n<p>De acordo com o diretor-presidente do IPMB, Dr. Lincoln Del Bianco de Menezes,\u00a0o acordo \u00e9 uma garantia para os servidores. <em>&#8220;Este acordo de parcelamento tem uma grande import\u00e2ncia para o Instituto de Previd\u00eancia, pois vai garantir o pagamento de futuros benef\u00edcios previdenci\u00e1rios. Diferente da situa\u00e7\u00e3o na qual eu encontrei quando iniciei a administra\u00e7\u00e3o do instituto&#8221;<\/em>, disse.<\/p>\n<p>O presidente ainda recordou que ao assumir a administra\u00e7\u00e3o do IPMB o instituto estava falido, inclusive com a sugest\u00e3o da sua extin\u00e7\u00e3o, mas que diante da implanta\u00e7\u00e3o de um pacote de medidas econ\u00f4micas, administrativas e jur\u00eddicas, foi poss\u00edvel equilibrar as contas e aumentar as receitas da autarquia.<\/p>\n<h4><b>Novas pr\u00e1ticas<\/b><\/h4>\n<p>Reconhecendo a d\u00edvida com o IPMB como a mais importante e mais dif\u00edcil de ser renegociada, devido \u00e0 sua complexidade e alto valor, o secret\u00e1rio municipal de Finan\u00e7as, Fernando Oliveira Soares, explicou como foi poss\u00edvel firmar este acordo.<em> &#8220;A gente vem organizando a administra\u00e7\u00e3o cortando custos em v\u00e1rios contratos ao longo deste um ano e meio, que permitiram que a gente renegociasse essa d\u00edvida&#8221;<\/em>, disse. Ele citou como exemplos a redu\u00e7\u00e3o de custos com tarifas banc\u00e1rias e a implanta\u00e7\u00e3o da telefonia via internet.<\/p>\n<p>Participaram da cerim\u00f4nia de assinatura os vereadores Lupa e Professor Adilson. Os servidores, Milton Ferreira Filho e Adriano Tamburus assinaram o acordo como testemunhas.<\/p>\n<p><strong>VEJA TAMB\u00c9M:\u00a0<a href=\"https:\/\/redenoticiaz.com.br\/barretos-regiao\/sp\/2022\/07\/15\/jovem-cai-em-golpe-e-perde-r10-mil-em-compra-de-moto\">Jovem cai em golpe e perde R$ 10 mil em compra de moto<\/a><\/strong><\/p>\n","protected":false},"excerpt":{"rendered":"<p>A prefeita da Est\u00e2ncia Tur\u00edstica de Barretos, Paula Lemos, anunciou durante\u00a0live a regulariza\u00e7\u00e3o da \u00faltima pend\u00eancia do munic\u00edpio junto ao CAUC, Sistema de Informa\u00e7\u00f5es sobre Requisitos Fiscais, do Tesouro Nacional. Trata-se da d\u00edvida de R$ 216 milh\u00f5es com o Instituto de Previd\u00eancia do Munic\u00edpio de Barretos (IPMB), herdada de gest\u00f5es passadas, foi reconhecida pelo Minist\u00e9rio &hellip;<\/p>\n","protected":false},"author":15,"featured_media":89512,"comment_status":"open","ping_status":"closed","sticky":false,"template":"","format":"standard","meta":{"footnotes":""},"categories":[101],"tags":[6527,2333,2217,5296,2349],"class_list":["post-89511","post","type-post","status-publish","format-standard","has-post-thumbnail","hentry","category-economia","tag-dividas","tag-governo-federal","tag-investimento","tag-pagamento","tag-valores"],"yoast_head":"<!-- This site is optimized with the Yoast SEO plugin v28.4 - https:\/\/yoast.com\/product\/yoast-seo-wordpress\/ -->\n<title>Prefeitura regulariza \u00faltima pend\u00eancia com Governo Federal e Barretos sai da lista dos &#8220;negativados&#8221; - Ribeir\u00e3o Preto e Regi\u00e3o<\/title>\n<meta name=\"description\" content=\"D\u00edvida de R$ 216 milh\u00f5es com o Instituto de Previd\u00eancia do Munic\u00edpio de Barretos (IPMB), herdada de gest\u00f5es passadas, foi dividida em 240 parcelas.\" \/>\n<meta name=\"robots\" content=\"index, follow, max-snippet:-1, max-image-preview:large, max-video-preview:-1\" \/>\n<link rel=\"canonical\" href=\"https:\/\/redenoticiaz.com.br\/ribeiraopreto-regiao\/sp\/2022\/08\/05\/prefeitura-regulariza-ultima-pendencia-com-governo-federal-e-barretos-sai-da-lista-dos-negativados\" \/>\n<meta property=\"og:locale\" content=\"pt_BR\" \/>\n<meta property=\"og:type\" content=\"article\" \/>\n<meta property=\"og:title\" content=\"Prefeitura regulariza \u00faltima pend\u00eancia com Governo Federal e Barretos sai da lista dos &#8220;negativados&#8221; - Ribeir\u00e3o Preto e Regi\u00e3o\" \/>\n<meta property=\"og:description\" content=\"D\u00edvida de R$ 216 milh\u00f5es com o Instituto de Previd\u00eancia do Munic\u00edpio de Barretos (IPMB), herdada de gest\u00f5es passadas, foi dividida em 240 parcelas.\" \/>\n<meta property=\"og:url\" content=\"https:\/\/redenoticiaz.com.br\/ribeiraopreto-regiao\/sp\/2022\/08\/05\/prefeitura-regulariza-ultima-pendencia-com-governo-federal-e-barretos-sai-da-lista-dos-negativados\" \/>\n<meta property=\"og:site_name\" content=\"Ribeir\u00e3o Preto e Regi\u00e3o\" \/>\n<meta property=\"article:publisher\" content=\"https:\/\/m.facebook.com\/redenoticiaz.barretos\" \/>\n<meta property=\"article:published_time\" content=\"2022-08-05T19:24:00+00:00\" \/>\n<meta property=\"og:image\" content=\"https:\/\/redenoticiaz.com.br\/ribeiraopreto-regiao\/wp-content\/uploads\/sites\/4\/2022\/08\/cauc-3.jpeg\" \/>\n\t<meta property=\"og:image:width\" content=\"1280\" \/>\n\t<meta property=\"og:image:height\" content=\"877\" \/>\n\t<meta property=\"og:image:type\" content=\"image\/jpeg\" \/>\n<meta name=\"twitter:card\" content=\"summary_large_image\" \/>\n<meta name=\"twitter:creator\" content=\"@RN_barretos\" \/>\n<meta name=\"twitter:site\" content=\"@RN_barretos\" \/>\n<meta name=\"twitter:label1\" content=\"Escrito por\" \/>\n\t<meta name=\"twitter:data1\" content=\"\" \/>\n\t<meta name=\"twitter:label2\" content=\"Est. tempo de leitura\" \/>\n\t<meta name=\"twitter:data2\" content=\"4 minutos\" \/>\n<script type=\"application\/ld+json\" class=\"yoast-schema-graph\">{\"@context\":\"https:\\\/\\\/schema.org\",\"@graph\":[{\"@type\":\"Article\",\"@id\":\"https:\\\/\\\/redenoticiaz.com.br\\\/ribeiraopreto-regiao\\\/sp\\\/2022\\\/08\\\/05\\\/prefeitura-regulariza-ultima-pendencia-com-governo-federal-e-barretos-sai-da-lista-dos-negativados#article\",\"isPartOf\":{\"@id\":\"https:\\\/\\\/redenoticiaz.com.br\\\/ribeiraopreto-regiao\\\/sp\\\/2022\\\/08\\\/05\\\/prefeitura-regulariza-ultima-pendencia-com-governo-federal-e-barretos-sai-da-lista-dos-negativados\"},\"author\":{\"name\":\"\",\"@id\":\"\"},\"headline\":\"Prefeitura regulariza \u00faltima pend\u00eancia com Governo Federal e Barretos sai da lista dos &#8220;negativados&#8221;\",\"datePublished\":\"2022-08-05T19:24:00+00:00\",\"mainEntityOfPage\":{\"@id\":\"https:\\\/\\\/redenoticiaz.com.br\\\/ribeiraopreto-regiao\\\/sp\\\/2022\\\/08\\\/05\\\/prefeitura-regulariza-ultima-pendencia-com-governo-federal-e-barretos-sai-da-lista-dos-negativados\"},\"wordCount\":642,\"commentCount\":0,\"publisher\":{\"@id\":\"https:\\\/\\\/redenoticiaz.com.br\\\/ribeiraopreto-regiao\\\/#organization\"},\"image\":{\"@id\":\"https:\\\/\\\/redenoticiaz.com.br\\\/ribeiraopreto-regiao\\\/sp\\\/2022\\\/08\\\/05\\\/prefeitura-regulariza-ultima-pendencia-com-governo-federal-e-barretos-sai-da-lista-dos-negativados#primaryimage\"},\"thumbnailUrl\":\"https:\\\/\\\/redenoticiaz.com.br\\\/ribeiraopreto-regiao\\\/wp-content\\\/uploads\\\/sites\\\/4\\\/2022\\\/08\\\/cauc-3.jpeg\",\"keywords\":[\"D\u00edvidas\",\"GOVERNO FEDERAL\",\"INVESTIMENTO\",\"PAGAMENTO\",\"valores\"],\"articleSection\":[\"Economia\"],\"inLanguage\":\"pt-BR\",\"potentialAction\":[{\"@type\":\"CommentAction\",\"name\":\"Comment\",\"target\":[\"https:\\\/\\\/redenoticiaz.com.br\\\/ribeiraopreto-regiao\\\/sp\\\/2022\\\/08\\\/05\\\/prefeitura-regulariza-ultima-pendencia-com-governo-federal-e-barretos-sai-da-lista-dos-negativados#respond\"]}]},{\"@type\":\"WebPage\",\"@id\":\"https:\\\/\\\/redenoticiaz.com.br\\\/ribeiraopreto-regiao\\\/sp\\\/2022\\\/08\\\/05\\\/prefeitura-regulariza-ultima-pendencia-com-governo-federal-e-barretos-sai-da-lista-dos-negativados\",\"url\":\"https:\\\/\\\/redenoticiaz.com.br\\\/ribeiraopreto-regiao\\\/sp\\\/2022\\\/08\\\/05\\\/prefeitura-regulariza-ultima-pendencia-com-governo-federal-e-barretos-sai-da-lista-dos-negativados\",\"name\":\"Prefeitura regulariza \u00faltima pend\u00eancia com Governo Federal e Barretos sai da lista dos &#8220;negativados&#8221; - Ribeir\u00e3o Preto e Regi\u00e3o\",\"isPartOf\":{\"@id\":\"https:\\\/\\\/redenoticiaz.com.br\\\/ribeiraopreto-regiao\\\/#website\"},\"primaryImageOfPage\":{\"@id\":\"https:\\\/\\\/redenoticiaz.com.br\\\/ribeiraopreto-regiao\\\/sp\\\/2022\\\/08\\\/05\\\/prefeitura-regulariza-ultima-pendencia-com-governo-federal-e-barretos-sai-da-lista-dos-negativados#primaryimage\"},\"image\":{\"@id\":\"https:\\\/\\\/redenoticiaz.com.br\\\/ribeiraopreto-regiao\\\/sp\\\/2022\\\/08\\\/05\\\/prefeitura-regulariza-ultima-pendencia-com-governo-federal-e-barretos-sai-da-lista-dos-negativados#primaryimage\"},\"thumbnailUrl\":\"https:\\\/\\\/redenoticiaz.com.br\\\/ribeiraopreto-regiao\\\/wp-content\\\/uploads\\\/sites\\\/4\\\/2022\\\/08\\\/cauc-3.jpeg\",\"datePublished\":\"2022-08-05T19:24:00+00:00\",\"description\":\"D\u00edvida de R$ 216 milh\u00f5es com o Instituto de Previd\u00eancia do Munic\u00edpio de Barretos (IPMB), herdada de gest\u00f5es passadas, foi dividida em 240 parcelas.\",\"inLanguage\":\"pt-BR\",\"potentialAction\":[{\"@type\":\"ReadAction\",\"target\":[\"https:\\\/\\\/redenoticiaz.com.br\\\/ribeiraopreto-regiao\\\/sp\\\/2022\\\/08\\\/05\\\/prefeitura-regulariza-ultima-pendencia-com-governo-federal-e-barretos-sai-da-lista-dos-negativados\"]}]},{\"@type\":\"ImageObject\",\"inLanguage\":\"pt-BR\",\"@id\":\"https:\\\/\\\/redenoticiaz.com.br\\\/ribeiraopreto-regiao\\\/sp\\\/2022\\\/08\\\/05\\\/prefeitura-regulariza-ultima-pendencia-com-governo-federal-e-barretos-sai-da-lista-dos-negativados#primaryimage\",\"url\":\"https:\\\/\\\/redenoticiaz.com.br\\\/ribeiraopreto-regiao\\\/wp-content\\\/uploads\\\/sites\\\/4\\\/2022\\\/08\\\/cauc-3.jpeg\",\"contentUrl\":\"https:\\\/\\\/redenoticiaz.com.br\\\/ribeiraopreto-regiao\\\/wp-content\\\/uploads\\\/sites\\\/4\\\/2022\\\/08\\\/cauc-3.jpeg\",\"width\":1280,\"height\":877,\"caption\":\"D\u00edvida de R$ 216 milh\u00f5es, herdadas de gest\u00f5es passadas, foi dividida em 240 parcelas. Cr\u00e9dito: Divulga\u00e7\u00e3o\"},{\"@type\":\"WebSite\",\"@id\":\"https:\\\/\\\/redenoticiaz.com.br\\\/ribeiraopreto-regiao\\\/#website\",\"url\":\"https:\\\/\\\/redenoticiaz.com.br\\\/ribeiraopreto-regiao\\\/\",\"name\":\"Ribeir\u00e3o Preto e Regi\u00e3o\",\"description\":\"Rede NoticiaZ - Ribeir\u00e3o Preto e regi\u00e3o\",\"publisher\":{\"@id\":\"https:\\\/\\\/redenoticiaz.com.br\\\/ribeiraopreto-regiao\\\/#organization\"},\"potentialAction\":[{\"@type\":\"SearchAction\",\"target\":{\"@type\":\"EntryPoint\",\"urlTemplate\":\"https:\\\/\\\/redenoticiaz.com.br\\\/ribeiraopreto-regiao\\\/?s={search_term_string}\"},\"query-input\":{\"@type\":\"PropertyValueSpecification\",\"valueRequired\":true,\"valueName\":\"search_term_string\"}}],\"inLanguage\":\"pt-BR\"},{\"@type\":\"Organization\",\"@id\":\"https:\\\/\\\/redenoticiaz.com.br\\\/ribeiraopreto-regiao\\\/#organization\",\"name\":\"Ribeir\u00e3o Preto e Regi\u00e3o\",\"url\":\"https:\\\/\\\/redenoticiaz.com.br\\\/ribeiraopreto-regiao\\\/\",\"logo\":{\"@type\":\"ImageObject\",\"inLanguage\":\"pt-BR\",\"@id\":\"https:\\\/\\\/redenoticiaz.com.br\\\/ribeiraopreto-regiao\\\/#\\\/schema\\\/logo\\\/image\\\/\",\"url\":\"https:\\\/\\\/redenoticiaz.com.br\\\/barretos-regiao\\\/wp-content\\\/uploads\\\/sites\\\/4\\\/2022\\\/02\\\/logo.jpg\",\"contentUrl\":\"https:\\\/\\\/redenoticiaz.com.br\\\/barretos-regiao\\\/wp-content\\\/uploads\\\/sites\\\/4\\\/2022\\\/02\\\/logo.jpg\",\"width\":400,\"height\":250,\"caption\":\"Ribeir\u00e3o Preto e Regi\u00e3o\"},\"image\":{\"@id\":\"https:\\\/\\\/redenoticiaz.com.br\\\/ribeiraopreto-regiao\\\/#\\\/schema\\\/logo\\\/image\\\/\"},\"sameAs\":[\"https:\\\/\\\/m.facebook.com\\\/redenoticiaz.barretos\",\"https:\\\/\\\/x.com\\\/RN_barretos\",\"https:\\\/\\\/www.instagram.com\\\/redenoticiaz.barretos\\\/?igshid=YmMyMTA2M2Y\",\"https:\\\/\\\/www.linkedin.com\\\/company\\\/rede-noticiaz-barretos-e-regio\\\/\"]},{\"@type\":\"Person\",\"@id\":\"\",\"url\":\"https:\\\/\\\/redenoticiaz.com.br\\\/ribeiraopreto-regiao\\\/sp\\\/author\"}]}<\/script>\n<!-- \/ Yoast SEO plugin. -->","yoast_head_json":{"title":"Prefeitura regulariza \u00faltima pend\u00eancia com Governo Federal e Barretos sai da lista dos &#8220;negativados&#8221; - Ribeir\u00e3o Preto e Regi\u00e3o","description":"D\u00edvida de R$ 216 milh\u00f5es com o Instituto de Previd\u00eancia do Munic\u00edpio de Barretos (IPMB), herdada de gest\u00f5es passadas, foi dividida em 240 parcelas.","robots":{"index":"index","follow":"follow","max-snippet":"max-snippet:-1","max-image-preview":"max-image-preview:large","max-video-preview":"max-video-preview:-1"},"canonical":"https:\/\/redenoticiaz.com.br\/ribeiraopreto-regiao\/sp\/2022\/08\/05\/prefeitura-regulariza-ultima-pendencia-com-governo-federal-e-barretos-sai-da-lista-dos-negativados","og_locale":"pt_BR","og_type":"article","og_title":"Prefeitura regulariza \u00faltima pend\u00eancia com Governo Federal e Barretos sai da lista dos &#8220;negativados&#8221; - Ribeir\u00e3o Preto e Regi\u00e3o","og_description":"D\u00edvida de R$ 216 milh\u00f5es com o Instituto de Previd\u00eancia do Munic\u00edpio de Barretos (IPMB), herdada de gest\u00f5es passadas, foi dividida em 240 parcelas.","og_url":"https:\/\/redenoticiaz.com.br\/ribeiraopreto-regiao\/sp\/2022\/08\/05\/prefeitura-regulariza-ultima-pendencia-com-governo-federal-e-barretos-sai-da-lista-dos-negativados","og_site_name":"Ribeir\u00e3o Preto e Regi\u00e3o","article_publisher":"https:\/\/m.facebook.com\/redenoticiaz.barretos","article_published_time":"2022-08-05T19:24:00+00:00","og_image":[{"width":1280,"height":877,"url":"https:\/\/redenoticiaz.com.br\/ribeiraopreto-regiao\/wp-content\/uploads\/sites\/4\/2022\/08\/cauc-3.jpeg","type":"image\/jpeg"}],"twitter_card":"summary_large_image","twitter_creator":"@RN_barretos","twitter_site":"@RN_barretos","twitter_misc":{"Escrito por":"","Est. tempo de leitura":"4 minutos"},"schema":{"@context":"https:\/\/schema.org","@graph":[{"@type":"Article","@id":"https:\/\/redenoticiaz.com.br\/ribeiraopreto-regiao\/sp\/2022\/08\/05\/prefeitura-regulariza-ultima-pendencia-com-governo-federal-e-barretos-sai-da-lista-dos-negativados#article","isPartOf":{"@id":"https:\/\/redenoticiaz.com.br\/ribeiraopreto-regiao\/sp\/2022\/08\/05\/prefeitura-regulariza-ultima-pendencia-com-governo-federal-e-barretos-sai-da-lista-dos-negativados"},"author":{"name":"","@id":""},"headline":"Prefeitura regulariza \u00faltima pend\u00eancia com Governo Federal e Barretos sai da lista dos &#8220;negativados&#8221;","datePublished":"2022-08-05T19:24:00+00:00","mainEntityOfPage":{"@id":"https:\/\/redenoticiaz.com.br\/ribeiraopreto-regiao\/sp\/2022\/08\/05\/prefeitura-regulariza-ultima-pendencia-com-governo-federal-e-barretos-sai-da-lista-dos-negativados"},"wordCount":642,"commentCount":0,"publisher":{"@id":"https:\/\/redenoticiaz.com.br\/ribeiraopreto-regiao\/#organization"},"image":{"@id":"https:\/\/redenoticiaz.com.br\/ribeiraopreto-regiao\/sp\/2022\/08\/05\/prefeitura-regulariza-ultima-pendencia-com-governo-federal-e-barretos-sai-da-lista-dos-negativados#primaryimage"},"thumbnailUrl":"https:\/\/redenoticiaz.com.br\/ribeiraopreto-regiao\/wp-content\/uploads\/sites\/4\/2022\/08\/cauc-3.jpeg","keywords":["D\u00edvidas","GOVERNO FEDERAL","INVESTIMENTO","PAGAMENTO","valores"],"articleSection":["Economia"],"inLanguage":"pt-BR","potentialAction":[{"@type":"CommentAction","name":"Comment","target":["https:\/\/redenoticiaz.com.br\/ribeiraopreto-regiao\/sp\/2022\/08\/05\/prefeitura-regulariza-ultima-pendencia-com-governo-federal-e-barretos-sai-da-lista-dos-negativados#respond"]}]},{"@type":"WebPage","@id":"https:\/\/redenoticiaz.com.br\/ribeiraopreto-regiao\/sp\/2022\/08\/05\/prefeitura-regulariza-ultima-pendencia-com-governo-federal-e-barretos-sai-da-lista-dos-negativados","url":"https:\/\/redenoticiaz.com.br\/ribeiraopreto-regiao\/sp\/2022\/08\/05\/prefeitura-regulariza-ultima-pendencia-com-governo-federal-e-barretos-sai-da-lista-dos-negativados","name":"Prefeitura regulariza \u00faltima pend\u00eancia com Governo Federal e Barretos sai da lista dos &#8220;negativados&#8221; - Ribeir\u00e3o Preto e Regi\u00e3o","isPartOf":{"@id":"https:\/\/redenoticiaz.com.br\/ribeiraopreto-regiao\/#website"},"primaryImageOfPage":{"@id":"https:\/\/redenoticiaz.com.br\/ribeiraopreto-regiao\/sp\/2022\/08\/05\/prefeitura-regulariza-ultima-pendencia-com-governo-federal-e-barretos-sai-da-lista-dos-negativados#primaryimage"},"image":{"@id":"https:\/\/redenoticiaz.com.br\/ribeiraopreto-regiao\/sp\/2022\/08\/05\/prefeitura-regulariza-ultima-pendencia-com-governo-federal-e-barretos-sai-da-lista-dos-negativados#primaryimage"},"thumbnailUrl":"https:\/\/redenoticiaz.com.br\/ribeiraopreto-regiao\/wp-content\/uploads\/sites\/4\/2022\/08\/cauc-3.jpeg","datePublished":"2022-08-05T19:24:00+00:00","description":"D\u00edvida de R$ 216 milh\u00f5es com o Instituto de Previd\u00eancia do Munic\u00edpio de Barretos (IPMB), herdada de gest\u00f5es passadas, foi dividida em 240 parcelas.","inLanguage":"pt-BR","potentialAction":[{"@type":"ReadAction","target":["https:\/\/redenoticiaz.com.br\/ribeiraopreto-regiao\/sp\/2022\/08\/05\/prefeitura-regulariza-ultima-pendencia-com-governo-federal-e-barretos-sai-da-lista-dos-negativados"]}]},{"@type":"ImageObject","inLanguage":"pt-BR","@id":"https:\/\/redenoticiaz.com.br\/ribeiraopreto-regiao\/sp\/2022\/08\/05\/prefeitura-regulariza-ultima-pendencia-com-governo-federal-e-barretos-sai-da-lista-dos-negativados#primaryimage","url":"https:\/\/redenoticiaz.com.br\/ribeiraopreto-regiao\/wp-content\/uploads\/sites\/4\/2022\/08\/cauc-3.jpeg","contentUrl":"https:\/\/redenoticiaz.com.br\/ribeiraopreto-regiao\/wp-content\/uploads\/sites\/4\/2022\/08\/cauc-3.jpeg","width":1280,"height":877,"caption":"D\u00edvida de R$ 216 milh\u00f5es, herdadas de gest\u00f5es passadas, foi dividida em 240 parcelas. Cr\u00e9dito: Divulga\u00e7\u00e3o"},{"@type":"WebSite","@id":"https:\/\/redenoticiaz.com.br\/ribeiraopreto-regiao\/#website","url":"https:\/\/redenoticiaz.com.br\/ribeiraopreto-regiao\/","name":"Ribeir\u00e3o Preto e Regi\u00e3o","description":"Rede NoticiaZ - Ribeir\u00e3o Preto e regi\u00e3o","publisher":{"@id":"https:\/\/redenoticiaz.com.br\/ribeiraopreto-regiao\/#organization"},"potentialAction":[{"@type":"SearchAction","target":{"@type":"EntryPoint","urlTemplate":"https:\/\/redenoticiaz.com.br\/ribeiraopreto-regiao\/?s={search_term_string}"},"query-input":{"@type":"PropertyValueSpecification","valueRequired":true,"valueName":"search_term_string"}}],"inLanguage":"pt-BR"},{"@type":"Organization","@id":"https:\/\/redenoticiaz.com.br\/ribeiraopreto-regiao\/#organization","name":"Ribeir\u00e3o Preto e Regi\u00e3o","url":"https:\/\/redenoticiaz.com.br\/ribeiraopreto-regiao\/","logo":{"@type":"ImageObject","inLanguage":"pt-BR","@id":"https:\/\/redenoticiaz.com.br\/ribeiraopreto-regiao\/#\/schema\/logo\/image\/","url":"https:\/\/redenoticiaz.com.br\/barretos-regiao\/wp-content\/uploads\/sites\/4\/2022\/02\/logo.jpg","contentUrl":"https:\/\/redenoticiaz.com.br\/barretos-regiao\/wp-content\/uploads\/sites\/4\/2022\/02\/logo.jpg","width":400,"height":250,"caption":"Ribeir\u00e3o Preto e Regi\u00e3o"},"image":{"@id":"https:\/\/redenoticiaz.com.br\/ribeiraopreto-regiao\/#\/schema\/logo\/image\/"},"sameAs":["https:\/\/m.facebook.com\/redenoticiaz.barretos","https:\/\/x.com\/RN_barretos","https:\/\/www.instagram.com\/redenoticiaz.barretos\/?igshid=YmMyMTA2M2Y","https:\/\/www.linkedin.com\/company\/rede-noticiaz-barretos-e-regio\/"]},{"@type":"Person","@id":"","url":"https:\/\/redenoticiaz.com.br\/ribeiraopreto-regiao\/sp\/author"}]}},"_links":{"self":[{"href":"https:\/\/redenoticiaz.com.br\/ribeiraopreto-regiao\/wp-json\/wp\/v2\/posts\/89511","targetHints":{"allow":["GET"]}}],"collection":[{"href":"https:\/\/redenoticiaz.com.br\/ribeiraopreto-regiao\/wp-json\/wp\/v2\/posts"}],"about":[{"href":"https:\/\/redenoticiaz.com.br\/ribeiraopreto-regiao\/wp-json\/wp\/v2\/types\/post"}],"author":[{"embeddable":true,"href":"https:\/\/redenoticiaz.com.br\/ribeiraopreto-regiao\/wp-json\/wp\/v2\/users\/15"}],"replies":[{"embeddable":true,"href":"https:\/\/redenoticiaz.com.br\/ribeiraopreto-regiao\/wp-json\/wp\/v2\/comments?post=89511"}],"version-history":[{"count":1,"href":"https:\/\/redenoticiaz.com.br\/ribeiraopreto-regiao\/wp-json\/wp\/v2\/posts\/89511\/revisions"}],"predecessor-version":[{"id":89513,"href":"https:\/\/redenoticiaz.com.br\/ribeiraopreto-regiao\/wp-json\/wp\/v2\/posts\/89511\/revisions\/89513"}],"wp:featuredmedia":[{"embeddable":true,"href":"https:\/\/redenoticiaz.com.br\/ribeiraopreto-regiao\/wp-json\/wp\/v2\/media\/89512"}],"wp:attachment":[{"href":"https:\/\/redenoticiaz.com.br\/ribeiraopreto-regiao\/wp-json\/wp\/v2\/media?parent=89511"}],"wp:term":[{"taxonomy":"category","embeddable":true,"href":"https:\/\/redenoticiaz.com.br\/ribeiraopreto-regiao\/wp-json\/wp\/v2\/categories?post=89511"},{"taxonomy":"post_tag","embeddable":true,"href":"https:\/\/redenoticiaz.com.br\/ribeiraopreto-regiao\/wp-json\/wp\/v2\/tags?post=89511"}],"curies":[{"name":"wp","href":"https:\/\/api.w.org\/{rel}","templated":true}]}}