{"id":89526,"date":"2022-08-07T14:00:16","date_gmt":"2022-08-07T17:00:16","guid":{"rendered":"https:\/\/redenoticiaz.com.br\/barretos-regiao\/?p=89526"},"modified":"2022-08-05T17:21:35","modified_gmt":"2022-08-05T20:21:35","slug":"serie-vencedora-do-emmy-e-renovada-para-segunda-temporada","status":"publish","type":"post","link":"https:\/\/redenoticiaz.com.br\/ribeiraopreto-regiao\/sp\/2022\/08\/07\/serie-vencedora-do-emmy-e-renovada-para-segunda-temporada","title":{"rendered":"S\u00e9rie vencedora do Emmy \u00e9 renovada para segunda temporada"},"content":{"rendered":"<p class=\"v1MsoNormal\"><b>\u00a0<\/b>A s\u00e9rie original\u00a0<a href=\"https:\/\/www.disneyplus.com\/pt\"><b>Disney+<\/b>\u00a0<\/a>vencedora do Emmy\u00ae \u201c<b>Reflex\u00f5es Sobre a Vida com Robin Roberts\u201d,<\/b> foi renovada para sua segunda temporada. Robin Roberts, \u00e2ncora do <em>\u201cGood Morning America\u201d da ABC,<\/em> \u00e9 a apresentadora e produtora executiva da s\u00e9rie. A s\u00e9rie ganhou o Daytime Emmy de 2022 de Melhor Talk Show Informativo e todos os quatro epis\u00f3dios da primeira temporada est\u00e3o atualmente dispon\u00edveis no Disney+.<\/p>\n<p class=\"v1MsoNormal\">Na segunda temporada, Robin Roberts se conecta com um novo grupo de mulheres inovadoras de Hollywood para testemunhar suas incr\u00edveis jornadas rumo aos seus objetivos. Cada epis\u00f3dio apresenta uma conversa profunda repleta de emo\u00e7\u00e3o e inspira\u00e7\u00e3o. O p\u00fablico testemunhar\u00e1 hist\u00f3rias nunca antes ouvidas de como estas pioneiras estiveram de frente com suas vulnerabilidades, autenticidade e intui\u00e7\u00e3o, descobrindo as semelhan\u00e7as que t\u00eam entre si e aprendendo como suas hist\u00f3rias e experi\u00eancias criaram espa\u00e7o para expans\u00e3o e evolu\u00e7\u00e3o.<\/p>\n<p class=\"v1MsoNormal\"><em>\u201cTer a oportunidade de conversar na \u00faltima temporada com mulheres t\u00e3o poderosas e incr\u00edveis, sendo elas de diferentes idades e origens, foi extremamente especial para mim\u201d, diz a produtora executiva e apresentadora Robin Roberts. \u201cElas nos ensinaram muito sobre a intui\u00e7\u00e3o, autenticidade, vulnerabilidade e o que significa ser uma pessoa inovadora e as dificuldades que podem vir com isso. A disposi\u00e7\u00e3o dessas mulheres de ter conversas sinceras e \u00edntimas, e de se unir para dar apoio umas \u00e0s outras \u00e9 inspiradora de se testemunhar, e algo que acho que todos precisamos ter mais nesse mundo. N\u00e3o vejo a hora de embarcar novamente nesta jornada com nossos espectadores\u201d<\/em>.<\/p>\n<p class=\"v1MsoNormal\">As convidadas da \u00faltima temporada inclu\u00edram\u00a0Debbie Allen, Sofia Carson, Jamie Lee Curtis, Jenna Dewan, Sheila E., Melissa Etheridge, Mickey Guyton, Betsey Johnson, Billie Jean King, Tig Notaro, Raven-Symon\u00e9 e Josie Totah em conversas nunca antes presenciadas sobre a vida, crescimento e suas experi\u00eancias.<\/p>\n<p class=\"v1MsoNormal\">Durante os anos de Roberts como \u00e2ncora do \u201cGood Morning America\u201d, o programa ganhou quatro pr\u00eamios Emmy\u00ae de Melhor Programa Matinal e o People\u2019s Choice Awards 2017 de Equipe Favorita de Apresentadores de Programa Matinal. Ela foi homenageada com o Pr\u00eamio Walter Cronkite de Excel\u00eancia em Jornalismo, passou a integrar o Hall da Fama de Broadcasting &amp; Cable (Transmiss\u00e3o &amp; TV a cabo), bem como ao Hall da Fama de Transmiss\u00e3o Esportiva, e foi nomeada uma das Mulheres do Ano pela Glamour. Roberts fundou sua pr\u00f3pria produtora, Rock\u2019n Robin Productions, que cria transmiss\u00f5es originais e programa\u00e7\u00e3o digital para ABC e outras emissoras, variando de programas informativos e document\u00e1rios a eventos especiais ao vivo.<\/p>\n<p><strong>VEJA TAMB\u00c9M:\u00a0<a href=\"https:\/\/redenoticiaz.com.br\/barretos-regiao\/sp\/2022\/07\/31\/quem-e-cassian-andor-o-protagonista-da-nova-serie-da-disney\">Quem \u00e9 Cassian Andor, o protagonista da nova s\u00e9rie da Disney<\/a><\/strong><\/p>\n<p class=\"v1MsoNoSpacing\">\n","protected":false},"excerpt":{"rendered":"<p>\u00a0A s\u00e9rie original\u00a0Disney+\u00a0vencedora do Emmy\u00ae \u201cReflex\u00f5es Sobre a Vida com Robin Roberts\u201d, foi renovada para sua segunda temporada. Robin Roberts, \u00e2ncora do \u201cGood Morning America\u201d da ABC, \u00e9 a apresentadora e produtora executiva da s\u00e9rie. A s\u00e9rie ganhou o Daytime Emmy de 2022 de Melhor Talk Show Informativo e todos os quatro epis\u00f3dios da primeira &hellip;<\/p>\n","protected":false},"author":15,"featured_media":89527,"comment_status":"open","ping_status":"closed","sticky":false,"template":"","format":"standard","meta":{"footnotes":""},"categories":[134],"tags":[17663,14970,19536,19537,19538,12580],"class_list":["post-89526","post","type-post","status-publish","format-standard","has-post-thumbnail","hentry","category-entretenimento","tag-2-temporada","tag-disney","tag-emmy","tag-morning-america","tag-reflexoes-sobre-a-vida","tag-serie"],"yoast_head":"<!-- This site is optimized with the Yoast SEO plugin v27.4 - https:\/\/yoast.com\/product\/yoast-seo-wordpress\/ -->\n<title>S\u00e9rie vencedora do Emmy \u00e9 renovada para segunda temporada - Ribeir\u00e3o Preto e Regi\u00e3o<\/title>\n<meta name=\"description\" content=\"Reflex\u00f5es Sobre a Vida com Robin Roberts\u201d, foi renovada para sua segunda temporada. Robin Roberts, \u00e2ncora do \u201cGood Morning America\u201d da ABC.\" \/>\n<meta name=\"robots\" content=\"index, follow, max-snippet:-1, max-image-preview:large, max-video-preview:-1\" \/>\n<link rel=\"canonical\" href=\"https:\/\/redenoticiaz.com.br\/ribeiraopreto-regiao\/sp\/2022\/08\/07\/serie-vencedora-do-emmy-e-renovada-para-segunda-temporada\" \/>\n<meta property=\"og:locale\" content=\"pt_BR\" \/>\n<meta property=\"og:type\" content=\"article\" \/>\n<meta property=\"og:title\" content=\"S\u00e9rie vencedora do Emmy \u00e9 renovada para segunda temporada - Ribeir\u00e3o Preto e Regi\u00e3o\" \/>\n<meta property=\"og:description\" content=\"Reflex\u00f5es Sobre a Vida com Robin Roberts\u201d, foi renovada para sua segunda temporada. Robin Roberts, \u00e2ncora do \u201cGood Morning America\u201d da ABC.\" \/>\n<meta property=\"og:url\" content=\"https:\/\/redenoticiaz.com.br\/ribeiraopreto-regiao\/sp\/2022\/08\/07\/serie-vencedora-do-emmy-e-renovada-para-segunda-temporada\" \/>\n<meta property=\"og:site_name\" content=\"Ribeir\u00e3o Preto e Regi\u00e3o\" \/>\n<meta property=\"article:publisher\" content=\"https:\/\/m.facebook.com\/redenoticiaz.barretos\" \/>\n<meta property=\"article:published_time\" content=\"2022-08-07T17:00:16+00:00\" \/>\n<meta property=\"og:image\" content=\"https:\/\/redenoticiaz.com.br\/ribeiraopreto-regiao\/wp-content\/uploads\/sites\/4\/2022\/08\/Serie.png\" \/>\n\t<meta property=\"og:image:width\" content=\"300\" \/>\n\t<meta property=\"og:image:height\" content=\"200\" \/>\n\t<meta property=\"og:image:type\" content=\"image\/png\" \/>\n<meta name=\"twitter:card\" content=\"summary_large_image\" \/>\n<meta name=\"twitter:creator\" content=\"@RN_barretos\" \/>\n<meta name=\"twitter:site\" content=\"@RN_barretos\" \/>\n<meta name=\"twitter:label1\" content=\"Escrito por\" \/>\n\t<meta name=\"twitter:data1\" content=\"\" \/>\n\t<meta name=\"twitter:label2\" content=\"Est. tempo de leitura\" \/>\n\t<meta name=\"twitter:data2\" content=\"3 minutos\" \/>\n<script type=\"application\/ld+json\" class=\"yoast-schema-graph\">{\"@context\":\"https:\\\/\\\/schema.org\",\"@graph\":[{\"@type\":\"Article\",\"@id\":\"https:\\\/\\\/redenoticiaz.com.br\\\/ribeiraopreto-regiao\\\/sp\\\/2022\\\/08\\\/07\\\/serie-vencedora-do-emmy-e-renovada-para-segunda-temporada#article\",\"isPartOf\":{\"@id\":\"https:\\\/\\\/redenoticiaz.com.br\\\/ribeiraopreto-regiao\\\/sp\\\/2022\\\/08\\\/07\\\/serie-vencedora-do-emmy-e-renovada-para-segunda-temporada\"},\"author\":{\"name\":\"\",\"@id\":\"\"},\"headline\":\"S\u00e9rie vencedora do Emmy \u00e9 renovada para segunda temporada\",\"datePublished\":\"2022-08-07T17:00:16+00:00\",\"mainEntityOfPage\":{\"@id\":\"https:\\\/\\\/redenoticiaz.com.br\\\/ribeiraopreto-regiao\\\/sp\\\/2022\\\/08\\\/07\\\/serie-vencedora-do-emmy-e-renovada-para-segunda-temporada\"},\"wordCount\":461,\"commentCount\":0,\"publisher\":{\"@id\":\"https:\\\/\\\/redenoticiaz.com.br\\\/ribeiraopreto-regiao\\\/#organization\"},\"image\":{\"@id\":\"https:\\\/\\\/redenoticiaz.com.br\\\/ribeiraopreto-regiao\\\/sp\\\/2022\\\/08\\\/07\\\/serie-vencedora-do-emmy-e-renovada-para-segunda-temporada#primaryimage\"},\"thumbnailUrl\":\"https:\\\/\\\/redenoticiaz.com.br\\\/ribeiraopreto-regiao\\\/wp-content\\\/uploads\\\/sites\\\/4\\\/2022\\\/08\\\/Serie.png\",\"keywords\":[\"2 TEMPORADA\",\"DISNEY\",\"EMMY\",\"MORNING AMERICA\",\"REFLEX\u00d5ES SOBRE A VIDA\",\"S\u00c9RIE\"],\"articleSection\":[\"Entretenimento\"],\"inLanguage\":\"pt-BR\",\"potentialAction\":[{\"@type\":\"CommentAction\",\"name\":\"Comment\",\"target\":[\"https:\\\/\\\/redenoticiaz.com.br\\\/ribeiraopreto-regiao\\\/sp\\\/2022\\\/08\\\/07\\\/serie-vencedora-do-emmy-e-renovada-para-segunda-temporada#respond\"]}]},{\"@type\":\"WebPage\",\"@id\":\"https:\\\/\\\/redenoticiaz.com.br\\\/ribeiraopreto-regiao\\\/sp\\\/2022\\\/08\\\/07\\\/serie-vencedora-do-emmy-e-renovada-para-segunda-temporada\",\"url\":\"https:\\\/\\\/redenoticiaz.com.br\\\/ribeiraopreto-regiao\\\/sp\\\/2022\\\/08\\\/07\\\/serie-vencedora-do-emmy-e-renovada-para-segunda-temporada\",\"name\":\"S\u00e9rie vencedora do Emmy \u00e9 renovada para segunda temporada - Ribeir\u00e3o Preto e Regi\u00e3o\",\"isPartOf\":{\"@id\":\"https:\\\/\\\/redenoticiaz.com.br\\\/ribeiraopreto-regiao\\\/#website\"},\"primaryImageOfPage\":{\"@id\":\"https:\\\/\\\/redenoticiaz.com.br\\\/ribeiraopreto-regiao\\\/sp\\\/2022\\\/08\\\/07\\\/serie-vencedora-do-emmy-e-renovada-para-segunda-temporada#primaryimage\"},\"image\":{\"@id\":\"https:\\\/\\\/redenoticiaz.com.br\\\/ribeiraopreto-regiao\\\/sp\\\/2022\\\/08\\\/07\\\/serie-vencedora-do-emmy-e-renovada-para-segunda-temporada#primaryimage\"},\"thumbnailUrl\":\"https:\\\/\\\/redenoticiaz.com.br\\\/ribeiraopreto-regiao\\\/wp-content\\\/uploads\\\/sites\\\/4\\\/2022\\\/08\\\/Serie.png\",\"datePublished\":\"2022-08-07T17:00:16+00:00\",\"description\":\"Reflex\u00f5es Sobre a Vida com Robin Roberts\u201d, foi renovada para sua segunda temporada. Robin Roberts, \u00e2ncora do \u201cGood Morning America\u201d da ABC.\",\"inLanguage\":\"pt-BR\",\"potentialAction\":[{\"@type\":\"ReadAction\",\"target\":[\"https:\\\/\\\/redenoticiaz.com.br\\\/ribeiraopreto-regiao\\\/sp\\\/2022\\\/08\\\/07\\\/serie-vencedora-do-emmy-e-renovada-para-segunda-temporada\"]}]},{\"@type\":\"ImageObject\",\"inLanguage\":\"pt-BR\",\"@id\":\"https:\\\/\\\/redenoticiaz.com.br\\\/ribeiraopreto-regiao\\\/sp\\\/2022\\\/08\\\/07\\\/serie-vencedora-do-emmy-e-renovada-para-segunda-temporada#primaryimage\",\"url\":\"https:\\\/\\\/redenoticiaz.com.br\\\/ribeiraopreto-regiao\\\/wp-content\\\/uploads\\\/sites\\\/4\\\/2022\\\/08\\\/Serie.png\",\"contentUrl\":\"https:\\\/\\\/redenoticiaz.com.br\\\/ribeiraopreto-regiao\\\/wp-content\\\/uploads\\\/sites\\\/4\\\/2022\\\/08\\\/Serie.png\",\"width\":300,\"height\":200,\"caption\":\"S\u00e9rie vencedora do Emmy, Reflex\u00e3o sobre a vida. Cr\u00e9dito: Divulga\u00e7\u00e3o\"},{\"@type\":\"WebSite\",\"@id\":\"https:\\\/\\\/redenoticiaz.com.br\\\/ribeiraopreto-regiao\\\/#website\",\"url\":\"https:\\\/\\\/redenoticiaz.com.br\\\/ribeiraopreto-regiao\\\/\",\"name\":\"Ribeir\u00e3o Preto e Regi\u00e3o\",\"description\":\"Rede NoticiaZ - Ribeir\u00e3o Preto e regi\u00e3o\",\"publisher\":{\"@id\":\"https:\\\/\\\/redenoticiaz.com.br\\\/ribeiraopreto-regiao\\\/#organization\"},\"potentialAction\":[{\"@type\":\"SearchAction\",\"target\":{\"@type\":\"EntryPoint\",\"urlTemplate\":\"https:\\\/\\\/redenoticiaz.com.br\\\/ribeiraopreto-regiao\\\/?s={search_term_string}\"},\"query-input\":{\"@type\":\"PropertyValueSpecification\",\"valueRequired\":true,\"valueName\":\"search_term_string\"}}],\"inLanguage\":\"pt-BR\"},{\"@type\":\"Organization\",\"@id\":\"https:\\\/\\\/redenoticiaz.com.br\\\/ribeiraopreto-regiao\\\/#organization\",\"name\":\"Ribeir\u00e3o Preto e Regi\u00e3o\",\"url\":\"https:\\\/\\\/redenoticiaz.com.br\\\/ribeiraopreto-regiao\\\/\",\"logo\":{\"@type\":\"ImageObject\",\"inLanguage\":\"pt-BR\",\"@id\":\"https:\\\/\\\/redenoticiaz.com.br\\\/ribeiraopreto-regiao\\\/#\\\/schema\\\/logo\\\/image\\\/\",\"url\":\"https:\\\/\\\/redenoticiaz.com.br\\\/barretos-regiao\\\/wp-content\\\/uploads\\\/sites\\\/4\\\/2022\\\/02\\\/logo.jpg\",\"contentUrl\":\"https:\\\/\\\/redenoticiaz.com.br\\\/barretos-regiao\\\/wp-content\\\/uploads\\\/sites\\\/4\\\/2022\\\/02\\\/logo.jpg\",\"width\":400,\"height\":250,\"caption\":\"Ribeir\u00e3o Preto e Regi\u00e3o\"},\"image\":{\"@id\":\"https:\\\/\\\/redenoticiaz.com.br\\\/ribeiraopreto-regiao\\\/#\\\/schema\\\/logo\\\/image\\\/\"},\"sameAs\":[\"https:\\\/\\\/m.facebook.com\\\/redenoticiaz.barretos\",\"https:\\\/\\\/x.com\\\/RN_barretos\",\"https:\\\/\\\/www.instagram.com\\\/redenoticiaz.barretos\\\/?igshid=YmMyMTA2M2Y\",\"https:\\\/\\\/www.linkedin.com\\\/company\\\/rede-noticiaz-barretos-e-regio\\\/\"]},{\"@type\":\"Person\",\"@id\":\"\",\"url\":\"https:\\\/\\\/redenoticiaz.com.br\\\/ribeiraopreto-regiao\\\/sp\\\/author\"}]}<\/script>\n<!-- \/ Yoast SEO plugin. -->","yoast_head_json":{"title":"S\u00e9rie vencedora do Emmy \u00e9 renovada para segunda temporada - Ribeir\u00e3o Preto e Regi\u00e3o","description":"Reflex\u00f5es Sobre a Vida com Robin Roberts\u201d, foi renovada para sua segunda temporada. Robin Roberts, \u00e2ncora do \u201cGood Morning America\u201d da ABC.","robots":{"index":"index","follow":"follow","max-snippet":"max-snippet:-1","max-image-preview":"max-image-preview:large","max-video-preview":"max-video-preview:-1"},"canonical":"https:\/\/redenoticiaz.com.br\/ribeiraopreto-regiao\/sp\/2022\/08\/07\/serie-vencedora-do-emmy-e-renovada-para-segunda-temporada","og_locale":"pt_BR","og_type":"article","og_title":"S\u00e9rie vencedora do Emmy \u00e9 renovada para segunda temporada - Ribeir\u00e3o Preto e Regi\u00e3o","og_description":"Reflex\u00f5es Sobre a Vida com Robin Roberts\u201d, foi renovada para sua segunda temporada. Robin Roberts, \u00e2ncora do \u201cGood Morning America\u201d da ABC.","og_url":"https:\/\/redenoticiaz.com.br\/ribeiraopreto-regiao\/sp\/2022\/08\/07\/serie-vencedora-do-emmy-e-renovada-para-segunda-temporada","og_site_name":"Ribeir\u00e3o Preto e Regi\u00e3o","article_publisher":"https:\/\/m.facebook.com\/redenoticiaz.barretos","article_published_time":"2022-08-07T17:00:16+00:00","og_image":[{"width":300,"height":200,"url":"https:\/\/redenoticiaz.com.br\/ribeiraopreto-regiao\/wp-content\/uploads\/sites\/4\/2022\/08\/Serie.png","type":"image\/png"}],"twitter_card":"summary_large_image","twitter_creator":"@RN_barretos","twitter_site":"@RN_barretos","twitter_misc":{"Escrito por":"","Est. tempo de leitura":"3 minutos"},"schema":{"@context":"https:\/\/schema.org","@graph":[{"@type":"Article","@id":"https:\/\/redenoticiaz.com.br\/ribeiraopreto-regiao\/sp\/2022\/08\/07\/serie-vencedora-do-emmy-e-renovada-para-segunda-temporada#article","isPartOf":{"@id":"https:\/\/redenoticiaz.com.br\/ribeiraopreto-regiao\/sp\/2022\/08\/07\/serie-vencedora-do-emmy-e-renovada-para-segunda-temporada"},"author":{"name":"","@id":""},"headline":"S\u00e9rie vencedora do Emmy \u00e9 renovada para segunda temporada","datePublished":"2022-08-07T17:00:16+00:00","mainEntityOfPage":{"@id":"https:\/\/redenoticiaz.com.br\/ribeiraopreto-regiao\/sp\/2022\/08\/07\/serie-vencedora-do-emmy-e-renovada-para-segunda-temporada"},"wordCount":461,"commentCount":0,"publisher":{"@id":"https:\/\/redenoticiaz.com.br\/ribeiraopreto-regiao\/#organization"},"image":{"@id":"https:\/\/redenoticiaz.com.br\/ribeiraopreto-regiao\/sp\/2022\/08\/07\/serie-vencedora-do-emmy-e-renovada-para-segunda-temporada#primaryimage"},"thumbnailUrl":"https:\/\/redenoticiaz.com.br\/ribeiraopreto-regiao\/wp-content\/uploads\/sites\/4\/2022\/08\/Serie.png","keywords":["2 TEMPORADA","DISNEY","EMMY","MORNING AMERICA","REFLEX\u00d5ES SOBRE A VIDA","S\u00c9RIE"],"articleSection":["Entretenimento"],"inLanguage":"pt-BR","potentialAction":[{"@type":"CommentAction","name":"Comment","target":["https:\/\/redenoticiaz.com.br\/ribeiraopreto-regiao\/sp\/2022\/08\/07\/serie-vencedora-do-emmy-e-renovada-para-segunda-temporada#respond"]}]},{"@type":"WebPage","@id":"https:\/\/redenoticiaz.com.br\/ribeiraopreto-regiao\/sp\/2022\/08\/07\/serie-vencedora-do-emmy-e-renovada-para-segunda-temporada","url":"https:\/\/redenoticiaz.com.br\/ribeiraopreto-regiao\/sp\/2022\/08\/07\/serie-vencedora-do-emmy-e-renovada-para-segunda-temporada","name":"S\u00e9rie vencedora do Emmy \u00e9 renovada para segunda temporada - Ribeir\u00e3o Preto e Regi\u00e3o","isPartOf":{"@id":"https:\/\/redenoticiaz.com.br\/ribeiraopreto-regiao\/#website"},"primaryImageOfPage":{"@id":"https:\/\/redenoticiaz.com.br\/ribeiraopreto-regiao\/sp\/2022\/08\/07\/serie-vencedora-do-emmy-e-renovada-para-segunda-temporada#primaryimage"},"image":{"@id":"https:\/\/redenoticiaz.com.br\/ribeiraopreto-regiao\/sp\/2022\/08\/07\/serie-vencedora-do-emmy-e-renovada-para-segunda-temporada#primaryimage"},"thumbnailUrl":"https:\/\/redenoticiaz.com.br\/ribeiraopreto-regiao\/wp-content\/uploads\/sites\/4\/2022\/08\/Serie.png","datePublished":"2022-08-07T17:00:16+00:00","description":"Reflex\u00f5es Sobre a Vida com Robin Roberts\u201d, foi renovada para sua segunda temporada. Robin Roberts, \u00e2ncora do \u201cGood Morning America\u201d da ABC.","inLanguage":"pt-BR","potentialAction":[{"@type":"ReadAction","target":["https:\/\/redenoticiaz.com.br\/ribeiraopreto-regiao\/sp\/2022\/08\/07\/serie-vencedora-do-emmy-e-renovada-para-segunda-temporada"]}]},{"@type":"ImageObject","inLanguage":"pt-BR","@id":"https:\/\/redenoticiaz.com.br\/ribeiraopreto-regiao\/sp\/2022\/08\/07\/serie-vencedora-do-emmy-e-renovada-para-segunda-temporada#primaryimage","url":"https:\/\/redenoticiaz.com.br\/ribeiraopreto-regiao\/wp-content\/uploads\/sites\/4\/2022\/08\/Serie.png","contentUrl":"https:\/\/redenoticiaz.com.br\/ribeiraopreto-regiao\/wp-content\/uploads\/sites\/4\/2022\/08\/Serie.png","width":300,"height":200,"caption":"S\u00e9rie vencedora do Emmy, Reflex\u00e3o sobre a vida. Cr\u00e9dito: Divulga\u00e7\u00e3o"},{"@type":"WebSite","@id":"https:\/\/redenoticiaz.com.br\/ribeiraopreto-regiao\/#website","url":"https:\/\/redenoticiaz.com.br\/ribeiraopreto-regiao\/","name":"Ribeir\u00e3o Preto e Regi\u00e3o","description":"Rede NoticiaZ - Ribeir\u00e3o Preto e regi\u00e3o","publisher":{"@id":"https:\/\/redenoticiaz.com.br\/ribeiraopreto-regiao\/#organization"},"potentialAction":[{"@type":"SearchAction","target":{"@type":"EntryPoint","urlTemplate":"https:\/\/redenoticiaz.com.br\/ribeiraopreto-regiao\/?s={search_term_string}"},"query-input":{"@type":"PropertyValueSpecification","valueRequired":true,"valueName":"search_term_string"}}],"inLanguage":"pt-BR"},{"@type":"Organization","@id":"https:\/\/redenoticiaz.com.br\/ribeiraopreto-regiao\/#organization","name":"Ribeir\u00e3o Preto e Regi\u00e3o","url":"https:\/\/redenoticiaz.com.br\/ribeiraopreto-regiao\/","logo":{"@type":"ImageObject","inLanguage":"pt-BR","@id":"https:\/\/redenoticiaz.com.br\/ribeiraopreto-regiao\/#\/schema\/logo\/image\/","url":"https:\/\/redenoticiaz.com.br\/barretos-regiao\/wp-content\/uploads\/sites\/4\/2022\/02\/logo.jpg","contentUrl":"https:\/\/redenoticiaz.com.br\/barretos-regiao\/wp-content\/uploads\/sites\/4\/2022\/02\/logo.jpg","width":400,"height":250,"caption":"Ribeir\u00e3o Preto e Regi\u00e3o"},"image":{"@id":"https:\/\/redenoticiaz.com.br\/ribeiraopreto-regiao\/#\/schema\/logo\/image\/"},"sameAs":["https:\/\/m.facebook.com\/redenoticiaz.barretos","https:\/\/x.com\/RN_barretos","https:\/\/www.instagram.com\/redenoticiaz.barretos\/?igshid=YmMyMTA2M2Y","https:\/\/www.linkedin.com\/company\/rede-noticiaz-barretos-e-regio\/"]},{"@type":"Person","@id":"","url":"https:\/\/redenoticiaz.com.br\/ribeiraopreto-regiao\/sp\/author"}]}},"_links":{"self":[{"href":"https:\/\/redenoticiaz.com.br\/ribeiraopreto-regiao\/wp-json\/wp\/v2\/posts\/89526","targetHints":{"allow":["GET"]}}],"collection":[{"href":"https:\/\/redenoticiaz.com.br\/ribeiraopreto-regiao\/wp-json\/wp\/v2\/posts"}],"about":[{"href":"https:\/\/redenoticiaz.com.br\/ribeiraopreto-regiao\/wp-json\/wp\/v2\/types\/post"}],"author":[{"embeddable":true,"href":"https:\/\/redenoticiaz.com.br\/ribeiraopreto-regiao\/wp-json\/wp\/v2\/users\/15"}],"replies":[{"embeddable":true,"href":"https:\/\/redenoticiaz.com.br\/ribeiraopreto-regiao\/wp-json\/wp\/v2\/comments?post=89526"}],"version-history":[{"count":2,"href":"https:\/\/redenoticiaz.com.br\/ribeiraopreto-regiao\/wp-json\/wp\/v2\/posts\/89526\/revisions"}],"predecessor-version":[{"id":89529,"href":"https:\/\/redenoticiaz.com.br\/ribeiraopreto-regiao\/wp-json\/wp\/v2\/posts\/89526\/revisions\/89529"}],"wp:featuredmedia":[{"embeddable":true,"href":"https:\/\/redenoticiaz.com.br\/ribeiraopreto-regiao\/wp-json\/wp\/v2\/media\/89527"}],"wp:attachment":[{"href":"https:\/\/redenoticiaz.com.br\/ribeiraopreto-regiao\/wp-json\/wp\/v2\/media?parent=89526"}],"wp:term":[{"taxonomy":"category","embeddable":true,"href":"https:\/\/redenoticiaz.com.br\/ribeiraopreto-regiao\/wp-json\/wp\/v2\/categories?post=89526"},{"taxonomy":"post_tag","embeddable":true,"href":"https:\/\/redenoticiaz.com.br\/ribeiraopreto-regiao\/wp-json\/wp\/v2\/tags?post=89526"}],"curies":[{"name":"wp","href":"https:\/\/api.w.org\/{rel}","templated":true}]}}