{"id":89532,"date":"2022-08-07T15:00:26","date_gmt":"2022-08-07T18:00:26","guid":{"rendered":"https:\/\/redenoticiaz.com.br\/barretos-regiao\/?p=89532"},"modified":"2022-08-08T06:10:48","modified_gmt":"2022-08-08T09:10:48","slug":"banco-anuncia-leilao-de-imoveis-saiba-como-participar","status":"publish","type":"post","link":"https:\/\/redenoticiaz.com.br\/ribeiraopreto-regiao\/sp\/2022\/08\/07\/banco-anuncia-leilao-de-imoveis-saiba-como-participar","title":{"rendered":"Banco anuncia leil\u00e3o de im\u00f3veis, saiba como participar"},"content":{"rendered":"<div>\n<div class=\"sc-126f6791-4 fbupIw\">\n<div class=\"sc-126f6791-5 fIopNi\">O banco Santader anunciou um leil\u00e3o de im\u00f3veis residenciais com parceria com a <a href=\"https:\/\/sold.superbid.net\/\">Sold Leil\u00f5es<\/a>, s\u00e3o 88 im\u00f3veis, sendo 83 residenciais, com descontos de at\u00e9 62%. O leil\u00e3o vai at\u00e9 o dia 8 de agosto, \u00e0s 15h30. A princ\u00edpio os\u00a0 lances ir\u00e3o variar entre R$ 31,3 mil e R$ 1,8 milh\u00e3o<\/div>\n<div>\n<div class=\"sc-126f6791-4 fbupIw\">\n<div><\/div>\n<div>As unidades podem ser avaliadas na loja da Sold Leil\u00f5es, na plataforma <a href=\"https:\/\/www.superbid.net\/\"><b>Superbid<\/b><\/a>. No leil\u00e3o, est\u00e3o dispon\u00edveis casas, apartamentos, salas comerciais, galp\u00f5es e terrenos localizados, nos estados citados abaixo:<\/div>\n<\/div>\n<\/div>\n<\/div>\n<div>\n<p>&nbsp;<\/p>\n<ul>\n<li style=\"text-align: left;\">Rio de Janeiro (16);<\/li>\n<li>S\u00e3o Paulo (15);<\/li>\n<li>Minas Gerais (12);<\/li>\n<li>Pernambuco (9);<\/li>\n<li>Rio Grande do Sul (8);<\/li>\n<li>Paran\u00e1 (5);<\/li>\n<li>Bahia (4);<\/li>\n<li>Goi\u00e1s (4);<\/li>\n<li>Sergipe (4);<\/li>\n<li>Par\u00e1 (3);<\/li>\n<li>Para\u00edba (3)<\/li>\n<\/ul>\n<\/div>\n<\/div>\n<div>Todos os im\u00f3veis t\u00eam os d\u00e9bitos de condom\u00ednio e IPTU quitados at\u00e9 a data do leil\u00e3o. Al\u00e9m disso, para os im\u00f3veis residenciais, o Santander oferece financiamento, sendo 80% em at\u00e9 420 meses (35 anos). \u00c9 poss\u00edvel usar o FGTS (Fundo de Garantia do Tempo de Servi\u00e7o) como parte do pagamento. O cr\u00e9dito disponibilizado pelo banco est\u00e1 sujeito \u00e0 an\u00e1lise.<\/div>\n<div><\/div>\n<div>No caso das\u00a0 salas comerciais, o financiamento \u00e9 em at\u00e9 360 meses (30 anos). Lotes e terrenos devem ser adquiridos exclusivamente \u00e0 vista.<\/div>\n<div><\/div>\n<div>Para participar o interessado dever\u00e1 fazer o cadastro no site da <a href=\"https:\/\/sold.superbid.net\/\">Sold Leil\u00f5es <\/a>. Ap\u00f3s ter realizado o cadastro, o usu\u00e1rio deve solicitar a habilita\u00e7\u00e3o para liberar sua participa\u00e7\u00e3o e enviar a documenta\u00e7\u00e3o exigida.<\/div>\n<div><\/div>\n<h6>VEJA TAMB\u00c9M:<\/h6>\n<div><\/div>\n<div><a href=\"https:\/\/redenoticiaz.com.br\/blog\/2022\/07\/31\/artigo-compra-do-imovel-na-planta-e-mais-vantajoso-do-que-um-imovel-finalizado\">Artigo; Compra do im\u00f3vel na planta \u00e9 mais vantajoso do que um im\u00f3vel finalizado<\/a><\/div>\n<div><\/div>\n<div><\/div>\n<div><\/div>\n<p>&nbsp;<\/p>\n","protected":false},"excerpt":{"rendered":"<p>O banco Santader anunciou um leil\u00e3o de im\u00f3veis residenciais com parceria com a Sold Leil\u00f5es, s\u00e3o 88 im\u00f3veis, sendo 83 residenciais, com descontos de at\u00e9 62%. O leil\u00e3o vai at\u00e9 o dia 8 de agosto, \u00e0s 15h30. A princ\u00edpio os\u00a0 lances ir\u00e3o variar entre R$ 31,3 mil e R$ 1,8 milh\u00e3o As unidades podem ser &hellip;<\/p>\n","protected":false},"author":26,"featured_media":89533,"comment_status":"open","ping_status":"closed","sticky":false,"template":"","format":"standard","meta":{"footnotes":""},"categories":[101],"tags":[9611,14073,18286,18087],"class_list":["post-89532","post","type-post","status-publish","format-standard","has-post-thumbnail","hentry","category-economia","tag-banco","tag-financiamento","tag-imoveis","tag-leilao"],"yoast_head":"<!-- This site is optimized with the Yoast SEO plugin v27.4 - https:\/\/yoast.com\/product\/yoast-seo-wordpress\/ -->\n<title>Banco anuncia leil\u00e3o de im\u00f3veis, saiba como participar - Ribeir\u00e3o Preto e Regi\u00e3o<\/title>\n<meta name=\"description\" content=\"O banco Santader anunciou um leil\u00e3o de im\u00f3veis residenciais com parceria com a Sold Leil\u00f5es, s\u00e3o 88 im\u00f3veis. O Leil\u00e3o acontece em agosto.\" \/>\n<meta name=\"robots\" content=\"index, follow, max-snippet:-1, max-image-preview:large, max-video-preview:-1\" \/>\n<link rel=\"canonical\" href=\"https:\/\/redenoticiaz.com.br\/ribeiraopreto-regiao\/sp\/2022\/08\/07\/banco-anuncia-leilao-de-imoveis-saiba-como-participar\" \/>\n<meta property=\"og:locale\" content=\"pt_BR\" \/>\n<meta property=\"og:type\" content=\"article\" \/>\n<meta property=\"og:title\" content=\"Banco anuncia leil\u00e3o de im\u00f3veis, saiba como participar - Ribeir\u00e3o Preto e Regi\u00e3o\" \/>\n<meta property=\"og:description\" content=\"O banco Santader anunciou um leil\u00e3o de im\u00f3veis residenciais com parceria com a Sold Leil\u00f5es, s\u00e3o 88 im\u00f3veis. O Leil\u00e3o acontece em agosto.\" \/>\n<meta property=\"og:url\" content=\"https:\/\/redenoticiaz.com.br\/ribeiraopreto-regiao\/sp\/2022\/08\/07\/banco-anuncia-leilao-de-imoveis-saiba-como-participar\" \/>\n<meta property=\"og:site_name\" content=\"Ribeir\u00e3o Preto e Regi\u00e3o\" \/>\n<meta property=\"article:publisher\" content=\"https:\/\/m.facebook.com\/redenoticiaz.barretos\" \/>\n<meta property=\"article:published_time\" content=\"2022-08-07T18:00:26+00:00\" \/>\n<meta property=\"article:modified_time\" content=\"2022-08-08T09:10:48+00:00\" \/>\n<meta property=\"og:image\" content=\"https:\/\/redenoticiaz.com.br\/ribeiraopreto-regiao\/wp-content\/uploads\/sites\/4\/2022\/08\/leilao-imoveis.jpg?v=1659730668\" \/>\n\t<meta property=\"og:image:width\" content=\"1200\" \/>\n\t<meta property=\"og:image:height\" content=\"675\" \/>\n\t<meta property=\"og:image:type\" content=\"image\/jpeg\" \/>\n<meta name=\"twitter:card\" content=\"summary_large_image\" \/>\n<meta name=\"twitter:creator\" content=\"@RN_barretos\" \/>\n<meta name=\"twitter:site\" content=\"@RN_barretos\" \/>\n<meta name=\"twitter:label1\" content=\"Escrito por\" \/>\n\t<meta name=\"twitter:data1\" content=\"\" \/>\n\t<meta name=\"twitter:label2\" content=\"Est. tempo de leitura\" \/>\n\t<meta name=\"twitter:data2\" content=\"2 minutos\" \/>\n<script type=\"application\/ld+json\" class=\"yoast-schema-graph\">{\"@context\":\"https:\\\/\\\/schema.org\",\"@graph\":[{\"@type\":\"Article\",\"@id\":\"https:\\\/\\\/redenoticiaz.com.br\\\/ribeiraopreto-regiao\\\/sp\\\/2022\\\/08\\\/07\\\/banco-anuncia-leilao-de-imoveis-saiba-como-participar#article\",\"isPartOf\":{\"@id\":\"https:\\\/\\\/redenoticiaz.com.br\\\/ribeiraopreto-regiao\\\/sp\\\/2022\\\/08\\\/07\\\/banco-anuncia-leilao-de-imoveis-saiba-como-participar\"},\"author\":{\"name\":\"\",\"@id\":\"\"},\"headline\":\"Banco anuncia leil\u00e3o de im\u00f3veis, saiba como participar\",\"datePublished\":\"2022-08-07T18:00:26+00:00\",\"dateModified\":\"2022-08-08T09:10:48+00:00\",\"mainEntityOfPage\":{\"@id\":\"https:\\\/\\\/redenoticiaz.com.br\\\/ribeiraopreto-regiao\\\/sp\\\/2022\\\/08\\\/07\\\/banco-anuncia-leilao-de-imoveis-saiba-como-participar\"},\"wordCount\":262,\"commentCount\":0,\"publisher\":{\"@id\":\"https:\\\/\\\/redenoticiaz.com.br\\\/ribeiraopreto-regiao\\\/#organization\"},\"image\":{\"@id\":\"https:\\\/\\\/redenoticiaz.com.br\\\/ribeiraopreto-regiao\\\/sp\\\/2022\\\/08\\\/07\\\/banco-anuncia-leilao-de-imoveis-saiba-como-participar#primaryimage\"},\"thumbnailUrl\":\"https:\\\/\\\/redenoticiaz.com.br\\\/ribeiraopreto-regiao\\\/wp-content\\\/uploads\\\/sites\\\/4\\\/2022\\\/08\\\/leilao-imoveis.jpg?v=1659730668\",\"keywords\":[\"BANCO\",\"FINANCIAMENTO\",\"IM\u00d3VEIS\",\"LEIL\u00c3O\"],\"articleSection\":[\"Economia\"],\"inLanguage\":\"pt-BR\",\"potentialAction\":[{\"@type\":\"CommentAction\",\"name\":\"Comment\",\"target\":[\"https:\\\/\\\/redenoticiaz.com.br\\\/ribeiraopreto-regiao\\\/sp\\\/2022\\\/08\\\/07\\\/banco-anuncia-leilao-de-imoveis-saiba-como-participar#respond\"]}]},{\"@type\":\"WebPage\",\"@id\":\"https:\\\/\\\/redenoticiaz.com.br\\\/ribeiraopreto-regiao\\\/sp\\\/2022\\\/08\\\/07\\\/banco-anuncia-leilao-de-imoveis-saiba-como-participar\",\"url\":\"https:\\\/\\\/redenoticiaz.com.br\\\/ribeiraopreto-regiao\\\/sp\\\/2022\\\/08\\\/07\\\/banco-anuncia-leilao-de-imoveis-saiba-como-participar\",\"name\":\"Banco anuncia leil\u00e3o de im\u00f3veis, saiba como participar - Ribeir\u00e3o Preto e Regi\u00e3o\",\"isPartOf\":{\"@id\":\"https:\\\/\\\/redenoticiaz.com.br\\\/ribeiraopreto-regiao\\\/#website\"},\"primaryImageOfPage\":{\"@id\":\"https:\\\/\\\/redenoticiaz.com.br\\\/ribeiraopreto-regiao\\\/sp\\\/2022\\\/08\\\/07\\\/banco-anuncia-leilao-de-imoveis-saiba-como-participar#primaryimage\"},\"image\":{\"@id\":\"https:\\\/\\\/redenoticiaz.com.br\\\/ribeiraopreto-regiao\\\/sp\\\/2022\\\/08\\\/07\\\/banco-anuncia-leilao-de-imoveis-saiba-como-participar#primaryimage\"},\"thumbnailUrl\":\"https:\\\/\\\/redenoticiaz.com.br\\\/ribeiraopreto-regiao\\\/wp-content\\\/uploads\\\/sites\\\/4\\\/2022\\\/08\\\/leilao-imoveis.jpg?v=1659730668\",\"datePublished\":\"2022-08-07T18:00:26+00:00\",\"dateModified\":\"2022-08-08T09:10:48+00:00\",\"description\":\"O banco Santader anunciou um leil\u00e3o de im\u00f3veis residenciais com parceria com a Sold Leil\u00f5es, s\u00e3o 88 im\u00f3veis. O Leil\u00e3o acontece em agosto.\",\"inLanguage\":\"pt-BR\",\"potentialAction\":[{\"@type\":\"ReadAction\",\"target\":[\"https:\\\/\\\/redenoticiaz.com.br\\\/ribeiraopreto-regiao\\\/sp\\\/2022\\\/08\\\/07\\\/banco-anuncia-leilao-de-imoveis-saiba-como-participar\"]}]},{\"@type\":\"ImageObject\",\"inLanguage\":\"pt-BR\",\"@id\":\"https:\\\/\\\/redenoticiaz.com.br\\\/ribeiraopreto-regiao\\\/sp\\\/2022\\\/08\\\/07\\\/banco-anuncia-leilao-de-imoveis-saiba-como-participar#primaryimage\",\"url\":\"https:\\\/\\\/redenoticiaz.com.br\\\/ribeiraopreto-regiao\\\/wp-content\\\/uploads\\\/sites\\\/4\\\/2022\\\/08\\\/leilao-imoveis.jpg?v=1659730668\",\"contentUrl\":\"https:\\\/\\\/redenoticiaz.com.br\\\/ribeiraopreto-regiao\\\/wp-content\\\/uploads\\\/sites\\\/4\\\/2022\\\/08\\\/leilao-imoveis.jpg?v=1659730668\",\"width\":1200,\"height\":675,\"caption\":\"Leil\u00e3o de Im\u00f3veis,(imagem meramente ilustrativa). Cr\u00e9ditos: Reprodu\u00e7\u00e3o\"},{\"@type\":\"WebSite\",\"@id\":\"https:\\\/\\\/redenoticiaz.com.br\\\/ribeiraopreto-regiao\\\/#website\",\"url\":\"https:\\\/\\\/redenoticiaz.com.br\\\/ribeiraopreto-regiao\\\/\",\"name\":\"Ribeir\u00e3o Preto e Regi\u00e3o\",\"description\":\"Rede NoticiaZ - Ribeir\u00e3o Preto e regi\u00e3o\",\"publisher\":{\"@id\":\"https:\\\/\\\/redenoticiaz.com.br\\\/ribeiraopreto-regiao\\\/#organization\"},\"potentialAction\":[{\"@type\":\"SearchAction\",\"target\":{\"@type\":\"EntryPoint\",\"urlTemplate\":\"https:\\\/\\\/redenoticiaz.com.br\\\/ribeiraopreto-regiao\\\/?s={search_term_string}\"},\"query-input\":{\"@type\":\"PropertyValueSpecification\",\"valueRequired\":true,\"valueName\":\"search_term_string\"}}],\"inLanguage\":\"pt-BR\"},{\"@type\":\"Organization\",\"@id\":\"https:\\\/\\\/redenoticiaz.com.br\\\/ribeiraopreto-regiao\\\/#organization\",\"name\":\"Ribeir\u00e3o Preto e Regi\u00e3o\",\"url\":\"https:\\\/\\\/redenoticiaz.com.br\\\/ribeiraopreto-regiao\\\/\",\"logo\":{\"@type\":\"ImageObject\",\"inLanguage\":\"pt-BR\",\"@id\":\"https:\\\/\\\/redenoticiaz.com.br\\\/ribeiraopreto-regiao\\\/#\\\/schema\\\/logo\\\/image\\\/\",\"url\":\"https:\\\/\\\/redenoticiaz.com.br\\\/barretos-regiao\\\/wp-content\\\/uploads\\\/sites\\\/4\\\/2022\\\/02\\\/logo.jpg\",\"contentUrl\":\"https:\\\/\\\/redenoticiaz.com.br\\\/barretos-regiao\\\/wp-content\\\/uploads\\\/sites\\\/4\\\/2022\\\/02\\\/logo.jpg\",\"width\":400,\"height\":250,\"caption\":\"Ribeir\u00e3o Preto e Regi\u00e3o\"},\"image\":{\"@id\":\"https:\\\/\\\/redenoticiaz.com.br\\\/ribeiraopreto-regiao\\\/#\\\/schema\\\/logo\\\/image\\\/\"},\"sameAs\":[\"https:\\\/\\\/m.facebook.com\\\/redenoticiaz.barretos\",\"https:\\\/\\\/x.com\\\/RN_barretos\",\"https:\\\/\\\/www.instagram.com\\\/redenoticiaz.barretos\\\/?igshid=YmMyMTA2M2Y\",\"https:\\\/\\\/www.linkedin.com\\\/company\\\/rede-noticiaz-barretos-e-regio\\\/\"]},{\"@type\":\"Person\",\"@id\":\"\",\"url\":\"https:\\\/\\\/redenoticiaz.com.br\\\/ribeiraopreto-regiao\\\/sp\\\/author\"}]}<\/script>\n<!-- \/ Yoast SEO plugin. -->","yoast_head_json":{"title":"Banco anuncia leil\u00e3o de im\u00f3veis, saiba como participar - Ribeir\u00e3o Preto e Regi\u00e3o","description":"O banco Santader anunciou um leil\u00e3o de im\u00f3veis residenciais com parceria com a Sold Leil\u00f5es, s\u00e3o 88 im\u00f3veis. O Leil\u00e3o acontece em agosto.","robots":{"index":"index","follow":"follow","max-snippet":"max-snippet:-1","max-image-preview":"max-image-preview:large","max-video-preview":"max-video-preview:-1"},"canonical":"https:\/\/redenoticiaz.com.br\/ribeiraopreto-regiao\/sp\/2022\/08\/07\/banco-anuncia-leilao-de-imoveis-saiba-como-participar","og_locale":"pt_BR","og_type":"article","og_title":"Banco anuncia leil\u00e3o de im\u00f3veis, saiba como participar - Ribeir\u00e3o Preto e Regi\u00e3o","og_description":"O banco Santader anunciou um leil\u00e3o de im\u00f3veis residenciais com parceria com a Sold Leil\u00f5es, s\u00e3o 88 im\u00f3veis. O Leil\u00e3o acontece em agosto.","og_url":"https:\/\/redenoticiaz.com.br\/ribeiraopreto-regiao\/sp\/2022\/08\/07\/banco-anuncia-leilao-de-imoveis-saiba-como-participar","og_site_name":"Ribeir\u00e3o Preto e Regi\u00e3o","article_publisher":"https:\/\/m.facebook.com\/redenoticiaz.barretos","article_published_time":"2022-08-07T18:00:26+00:00","article_modified_time":"2022-08-08T09:10:48+00:00","og_image":[{"width":1200,"height":675,"url":"https:\/\/redenoticiaz.com.br\/ribeiraopreto-regiao\/wp-content\/uploads\/sites\/4\/2022\/08\/leilao-imoveis.jpg?v=1659730668","type":"image\/jpeg"}],"twitter_card":"summary_large_image","twitter_creator":"@RN_barretos","twitter_site":"@RN_barretos","twitter_misc":{"Escrito por":"","Est. tempo de leitura":"2 minutos"},"schema":{"@context":"https:\/\/schema.org","@graph":[{"@type":"Article","@id":"https:\/\/redenoticiaz.com.br\/ribeiraopreto-regiao\/sp\/2022\/08\/07\/banco-anuncia-leilao-de-imoveis-saiba-como-participar#article","isPartOf":{"@id":"https:\/\/redenoticiaz.com.br\/ribeiraopreto-regiao\/sp\/2022\/08\/07\/banco-anuncia-leilao-de-imoveis-saiba-como-participar"},"author":{"name":"","@id":""},"headline":"Banco anuncia leil\u00e3o de im\u00f3veis, saiba como participar","datePublished":"2022-08-07T18:00:26+00:00","dateModified":"2022-08-08T09:10:48+00:00","mainEntityOfPage":{"@id":"https:\/\/redenoticiaz.com.br\/ribeiraopreto-regiao\/sp\/2022\/08\/07\/banco-anuncia-leilao-de-imoveis-saiba-como-participar"},"wordCount":262,"commentCount":0,"publisher":{"@id":"https:\/\/redenoticiaz.com.br\/ribeiraopreto-regiao\/#organization"},"image":{"@id":"https:\/\/redenoticiaz.com.br\/ribeiraopreto-regiao\/sp\/2022\/08\/07\/banco-anuncia-leilao-de-imoveis-saiba-como-participar#primaryimage"},"thumbnailUrl":"https:\/\/redenoticiaz.com.br\/ribeiraopreto-regiao\/wp-content\/uploads\/sites\/4\/2022\/08\/leilao-imoveis.jpg?v=1659730668","keywords":["BANCO","FINANCIAMENTO","IM\u00d3VEIS","LEIL\u00c3O"],"articleSection":["Economia"],"inLanguage":"pt-BR","potentialAction":[{"@type":"CommentAction","name":"Comment","target":["https:\/\/redenoticiaz.com.br\/ribeiraopreto-regiao\/sp\/2022\/08\/07\/banco-anuncia-leilao-de-imoveis-saiba-como-participar#respond"]}]},{"@type":"WebPage","@id":"https:\/\/redenoticiaz.com.br\/ribeiraopreto-regiao\/sp\/2022\/08\/07\/banco-anuncia-leilao-de-imoveis-saiba-como-participar","url":"https:\/\/redenoticiaz.com.br\/ribeiraopreto-regiao\/sp\/2022\/08\/07\/banco-anuncia-leilao-de-imoveis-saiba-como-participar","name":"Banco anuncia leil\u00e3o de im\u00f3veis, saiba como participar - Ribeir\u00e3o Preto e Regi\u00e3o","isPartOf":{"@id":"https:\/\/redenoticiaz.com.br\/ribeiraopreto-regiao\/#website"},"primaryImageOfPage":{"@id":"https:\/\/redenoticiaz.com.br\/ribeiraopreto-regiao\/sp\/2022\/08\/07\/banco-anuncia-leilao-de-imoveis-saiba-como-participar#primaryimage"},"image":{"@id":"https:\/\/redenoticiaz.com.br\/ribeiraopreto-regiao\/sp\/2022\/08\/07\/banco-anuncia-leilao-de-imoveis-saiba-como-participar#primaryimage"},"thumbnailUrl":"https:\/\/redenoticiaz.com.br\/ribeiraopreto-regiao\/wp-content\/uploads\/sites\/4\/2022\/08\/leilao-imoveis.jpg?v=1659730668","datePublished":"2022-08-07T18:00:26+00:00","dateModified":"2022-08-08T09:10:48+00:00","description":"O banco Santader anunciou um leil\u00e3o de im\u00f3veis residenciais com parceria com a Sold Leil\u00f5es, s\u00e3o 88 im\u00f3veis. O Leil\u00e3o acontece em agosto.","inLanguage":"pt-BR","potentialAction":[{"@type":"ReadAction","target":["https:\/\/redenoticiaz.com.br\/ribeiraopreto-regiao\/sp\/2022\/08\/07\/banco-anuncia-leilao-de-imoveis-saiba-como-participar"]}]},{"@type":"ImageObject","inLanguage":"pt-BR","@id":"https:\/\/redenoticiaz.com.br\/ribeiraopreto-regiao\/sp\/2022\/08\/07\/banco-anuncia-leilao-de-imoveis-saiba-como-participar#primaryimage","url":"https:\/\/redenoticiaz.com.br\/ribeiraopreto-regiao\/wp-content\/uploads\/sites\/4\/2022\/08\/leilao-imoveis.jpg?v=1659730668","contentUrl":"https:\/\/redenoticiaz.com.br\/ribeiraopreto-regiao\/wp-content\/uploads\/sites\/4\/2022\/08\/leilao-imoveis.jpg?v=1659730668","width":1200,"height":675,"caption":"Leil\u00e3o de Im\u00f3veis,(imagem meramente ilustrativa). Cr\u00e9ditos: Reprodu\u00e7\u00e3o"},{"@type":"WebSite","@id":"https:\/\/redenoticiaz.com.br\/ribeiraopreto-regiao\/#website","url":"https:\/\/redenoticiaz.com.br\/ribeiraopreto-regiao\/","name":"Ribeir\u00e3o Preto e Regi\u00e3o","description":"Rede NoticiaZ - Ribeir\u00e3o Preto e regi\u00e3o","publisher":{"@id":"https:\/\/redenoticiaz.com.br\/ribeiraopreto-regiao\/#organization"},"potentialAction":[{"@type":"SearchAction","target":{"@type":"EntryPoint","urlTemplate":"https:\/\/redenoticiaz.com.br\/ribeiraopreto-regiao\/?s={search_term_string}"},"query-input":{"@type":"PropertyValueSpecification","valueRequired":true,"valueName":"search_term_string"}}],"inLanguage":"pt-BR"},{"@type":"Organization","@id":"https:\/\/redenoticiaz.com.br\/ribeiraopreto-regiao\/#organization","name":"Ribeir\u00e3o Preto e Regi\u00e3o","url":"https:\/\/redenoticiaz.com.br\/ribeiraopreto-regiao\/","logo":{"@type":"ImageObject","inLanguage":"pt-BR","@id":"https:\/\/redenoticiaz.com.br\/ribeiraopreto-regiao\/#\/schema\/logo\/image\/","url":"https:\/\/redenoticiaz.com.br\/barretos-regiao\/wp-content\/uploads\/sites\/4\/2022\/02\/logo.jpg","contentUrl":"https:\/\/redenoticiaz.com.br\/barretos-regiao\/wp-content\/uploads\/sites\/4\/2022\/02\/logo.jpg","width":400,"height":250,"caption":"Ribeir\u00e3o Preto e Regi\u00e3o"},"image":{"@id":"https:\/\/redenoticiaz.com.br\/ribeiraopreto-regiao\/#\/schema\/logo\/image\/"},"sameAs":["https:\/\/m.facebook.com\/redenoticiaz.barretos","https:\/\/x.com\/RN_barretos","https:\/\/www.instagram.com\/redenoticiaz.barretos\/?igshid=YmMyMTA2M2Y","https:\/\/www.linkedin.com\/company\/rede-noticiaz-barretos-e-regio\/"]},{"@type":"Person","@id":"","url":"https:\/\/redenoticiaz.com.br\/ribeiraopreto-regiao\/sp\/author"}]}},"_links":{"self":[{"href":"https:\/\/redenoticiaz.com.br\/ribeiraopreto-regiao\/wp-json\/wp\/v2\/posts\/89532","targetHints":{"allow":["GET"]}}],"collection":[{"href":"https:\/\/redenoticiaz.com.br\/ribeiraopreto-regiao\/wp-json\/wp\/v2\/posts"}],"about":[{"href":"https:\/\/redenoticiaz.com.br\/ribeiraopreto-regiao\/wp-json\/wp\/v2\/types\/post"}],"author":[{"embeddable":true,"href":"https:\/\/redenoticiaz.com.br\/ribeiraopreto-regiao\/wp-json\/wp\/v2\/users\/26"}],"replies":[{"embeddable":true,"href":"https:\/\/redenoticiaz.com.br\/ribeiraopreto-regiao\/wp-json\/wp\/v2\/comments?post=89532"}],"version-history":[{"count":1,"href":"https:\/\/redenoticiaz.com.br\/ribeiraopreto-regiao\/wp-json\/wp\/v2\/posts\/89532\/revisions"}],"predecessor-version":[{"id":89656,"href":"https:\/\/redenoticiaz.com.br\/ribeiraopreto-regiao\/wp-json\/wp\/v2\/posts\/89532\/revisions\/89656"}],"wp:featuredmedia":[{"embeddable":true,"href":"https:\/\/redenoticiaz.com.br\/ribeiraopreto-regiao\/wp-json\/wp\/v2\/media\/89533"}],"wp:attachment":[{"href":"https:\/\/redenoticiaz.com.br\/ribeiraopreto-regiao\/wp-json\/wp\/v2\/media?parent=89532"}],"wp:term":[{"taxonomy":"category","embeddable":true,"href":"https:\/\/redenoticiaz.com.br\/ribeiraopreto-regiao\/wp-json\/wp\/v2\/categories?post=89532"},{"taxonomy":"post_tag","embeddable":true,"href":"https:\/\/redenoticiaz.com.br\/ribeiraopreto-regiao\/wp-json\/wp\/v2\/tags?post=89532"}],"curies":[{"name":"wp","href":"https:\/\/api.w.org\/{rel}","templated":true}]}}