{"id":89591,"date":"2022-08-07T17:00:44","date_gmt":"2022-08-07T20:00:44","guid":{"rendered":"https:\/\/redenoticiaz.com.br\/barretos-regiao\/?p=89591"},"modified":"2022-08-08T06:08:00","modified_gmt":"2022-08-08T09:08:00","slug":"prefeitura-de-itatiba-assina-contrato-com-a-universidade-puc-campinas","status":"publish","type":"post","link":"https:\/\/redenoticiaz.com.br\/ribeiraopreto-regiao\/sp\/2022\/08\/07\/prefeitura-de-itatiba-assina-contrato-com-a-universidade-puc-campinas","title":{"rendered":"Prefeitura de Itatiba assina contrato com a Universidade PUC-Campinas"},"content":{"rendered":"<p class=\"news-item--subtitle grey-text text-darken-2\">Na sexta &#8211; feira do dia 05, a<a href=\"http:\/\/www.itatiba.sp.gov.br\/\"><strong> Prefeitura de Itatiba<\/strong> <\/a>realizou uma parceria com a <a href=\"https:\/\/www.puc-campinas.edu.br\/\"><strong>Universidade PUC-Campinas<\/strong><\/a>, e assinou um contrato no valor de aproximadamente R$ 555 mil que ser\u00e3o destinados a cursos de capacita\u00e7\u00e3o para profissionais da <em>Rede Municipal de Ensino<\/em>. A <em>universidade<\/em> ser\u00e1 a respons\u00e1vel pela aplica\u00e7\u00e3o das aulas e treinamentos, que ser\u00e1 supervisionados e coordenados pedagogicamente pela profa. <strong>Dra. Maria das Gra\u00e7as dos Santos Abreu<\/strong>\u00a0<em>da Faculdade de Matem\u00e1tica<\/em>.<\/p>\n<p class=\"news-item--subtitle grey-text text-darken-2\">Ao todo, ser\u00e3o mais de 1500 profissionais da Educa\u00e7\u00e3o do munic\u00edpio, entre eles estar\u00e3o professores, gestores, auxiliares administrativos e inspetores de alunos. Entretanto, os alunos ser\u00e3o divididos em 26 turmas, cada curso ter\u00e1 um total de 60 horas, divididos em 10 meses, eventualmente as aulas ser\u00e3o realizadas de modo h\u00edbrido.<\/p>\n<p>Al\u00e9m disso,os cursos ser\u00e3o supervisionados e contar\u00e3o com a participa\u00e7\u00e3o de professores de diversas \u00e1reas da Universidade, al\u00e9m de alguns convidados. Haver\u00e1 tamb\u00e9m leitura de textos e os participantes ser\u00e3o convidados a realizar observa\u00e7\u00e3o, registro e pesquisa do trabalho desenvolvido nas escolas.<\/p>\n<p>Por fim, a oficializa\u00e7\u00e3o do contrato aconteceu na sede da Prefeitura sendo acompanhada pelo prefeito de Itatiba, <strong>Thom\u00e1s Capeletto de Oliveira<\/strong>, e pelo seu vice e tamb\u00e9m secret\u00e1rio de A\u00e7\u00e3o Social, Trabalho e Renda. Bem como, <strong>Mauro Delforno<\/strong>, pela secret\u00e1ria de Educa\u00e7\u00e3o, <strong>Sueli Tuon<\/strong>, pela coordenadora de gabinete <strong>Jackeline Boava Monte<\/strong>. A universidade <strong>PUC-Campinas<\/strong>, marcaram presen\u00e7a, al\u00e9m do reitor<strong> prof. Dr. Germano<\/strong>, o <strong>prof. Dr. Rog\u00e9rio Bazi<\/strong>, Pr\u00f3-Reitor de Extens\u00e3o e Assuntos Comunit\u00e1rios,<strong> prof. Dr. Victor Deantoni<\/strong>, Pr\u00f3-Reitor de Administra\u00e7\u00e3o e a <strong>profa. Dra. Marina Piason B. Pontes<\/strong>, Coordenadora de Cursos de Extens\u00e3o da Universidade.<\/p>\n<p>VEJA TAMB\u00c9M:<\/p>\n<p><a href=\"https:\/\/redenoticiaz.com.br\/blog\/2022\/07\/25\/casa-da-cultura-da-inicio-aos-cursos-gratuitos-mais-de-1500-vagas-preenchidas\">Casa da Cultura d\u00e1 in\u00edcio aos cursos gratuitos; mais de 1500 vagas preenchidas<\/a><\/p>\n<div class=\"valign-wrapper published-at\"><\/div>\n","protected":false},"excerpt":{"rendered":"<p>Na sexta &#8211; feira do dia 05, a Prefeitura de Itatiba realizou uma parceria com a Universidade PUC-Campinas, e assinou um contrato no valor de aproximadamente R$ 555 mil que ser\u00e3o destinados a cursos de capacita\u00e7\u00e3o para profissionais da Rede Municipal de Ensino. A universidade ser\u00e1 a respons\u00e1vel pela aplica\u00e7\u00e3o das aulas e treinamentos, que &hellip;<\/p>\n","protected":false},"author":26,"featured_media":89592,"comment_status":"open","ping_status":"closed","sticky":false,"template":"","format":"standard","meta":{"footnotes":""},"categories":[820],"tags":[2176,17978,927,19557,18604],"class_list":["post-89591","post","type-post","status-publish","format-standard","has-post-thumbnail","hentry","category-educacao","tag-cursos","tag-itatiba","tag-prefeitura","tag-puc-campinas","tag-rede-municipal"],"yoast_head":"<!-- This site is optimized with the Yoast SEO plugin v27.4 - https:\/\/yoast.com\/product\/yoast-seo-wordpress\/ -->\n<title>Prefeitura de Itatiba assina contrato com a Universidade PUC-Campinas - Ribeir\u00e3o Preto e Regi\u00e3o<\/title>\n<meta name=\"description\" content=\"Na sexta - feira do dia 05, a Prefeitura de Itatiba realizou uma parceria com a Universidade PUC-Campinas, e assinou um contrato no valor...\" \/>\n<meta name=\"robots\" content=\"index, follow, max-snippet:-1, max-image-preview:large, max-video-preview:-1\" \/>\n<link rel=\"canonical\" href=\"https:\/\/redenoticiaz.com.br\/ribeiraopreto-regiao\/sp\/2022\/08\/07\/prefeitura-de-itatiba-assina-contrato-com-a-universidade-puc-campinas\" \/>\n<meta property=\"og:locale\" content=\"pt_BR\" \/>\n<meta property=\"og:type\" content=\"article\" \/>\n<meta property=\"og:title\" content=\"Prefeitura de Itatiba assina contrato com a Universidade PUC-Campinas - Ribeir\u00e3o Preto e Regi\u00e3o\" \/>\n<meta property=\"og:description\" content=\"Na sexta - feira do dia 05, a Prefeitura de Itatiba realizou uma parceria com a Universidade PUC-Campinas, e assinou um contrato no valor...\" \/>\n<meta property=\"og:url\" content=\"https:\/\/redenoticiaz.com.br\/ribeiraopreto-regiao\/sp\/2022\/08\/07\/prefeitura-de-itatiba-assina-contrato-com-a-universidade-puc-campinas\" \/>\n<meta property=\"og:site_name\" content=\"Ribeir\u00e3o Preto e Regi\u00e3o\" \/>\n<meta property=\"article:publisher\" content=\"https:\/\/m.facebook.com\/redenoticiaz.barretos\" \/>\n<meta property=\"article:published_time\" content=\"2022-08-07T20:00:44+00:00\" \/>\n<meta property=\"article:modified_time\" content=\"2022-08-08T09:08:00+00:00\" \/>\n<meta property=\"og:image\" content=\"https:\/\/redenoticiaz.com.br\/ribeiraopreto-regiao\/wp-content\/uploads\/sites\/4\/2022\/08\/WhatsApp-Image-2022-08-05-at-17.12.26.jpeg?v=1659832433\" \/>\n\t<meta property=\"og:image:width\" content=\"800\" \/>\n\t<meta property=\"og:image:height\" content=\"533\" \/>\n\t<meta property=\"og:image:type\" content=\"image\/jpeg\" \/>\n<meta name=\"twitter:card\" content=\"summary_large_image\" \/>\n<meta name=\"twitter:creator\" content=\"@RN_barretos\" \/>\n<meta name=\"twitter:site\" content=\"@RN_barretos\" \/>\n<meta name=\"twitter:label1\" content=\"Escrito por\" \/>\n\t<meta name=\"twitter:data1\" content=\"\" \/>\n\t<meta name=\"twitter:label2\" content=\"Est. tempo de leitura\" \/>\n\t<meta name=\"twitter:data2\" content=\"2 minutos\" \/>\n<script type=\"application\/ld+json\" class=\"yoast-schema-graph\">{\"@context\":\"https:\\\/\\\/schema.org\",\"@graph\":[{\"@type\":\"Article\",\"@id\":\"https:\\\/\\\/redenoticiaz.com.br\\\/ribeiraopreto-regiao\\\/sp\\\/2022\\\/08\\\/07\\\/prefeitura-de-itatiba-assina-contrato-com-a-universidade-puc-campinas#article\",\"isPartOf\":{\"@id\":\"https:\\\/\\\/redenoticiaz.com.br\\\/ribeiraopreto-regiao\\\/sp\\\/2022\\\/08\\\/07\\\/prefeitura-de-itatiba-assina-contrato-com-a-universidade-puc-campinas\"},\"author\":{\"name\":\"\",\"@id\":\"\"},\"headline\":\"Prefeitura de Itatiba assina contrato com a Universidade PUC-Campinas\",\"datePublished\":\"2022-08-07T20:00:44+00:00\",\"dateModified\":\"2022-08-08T09:08:00+00:00\",\"mainEntityOfPage\":{\"@id\":\"https:\\\/\\\/redenoticiaz.com.br\\\/ribeiraopreto-regiao\\\/sp\\\/2022\\\/08\\\/07\\\/prefeitura-de-itatiba-assina-contrato-com-a-universidade-puc-campinas\"},\"wordCount\":317,\"commentCount\":0,\"publisher\":{\"@id\":\"https:\\\/\\\/redenoticiaz.com.br\\\/ribeiraopreto-regiao\\\/#organization\"},\"image\":{\"@id\":\"https:\\\/\\\/redenoticiaz.com.br\\\/ribeiraopreto-regiao\\\/sp\\\/2022\\\/08\\\/07\\\/prefeitura-de-itatiba-assina-contrato-com-a-universidade-puc-campinas#primaryimage\"},\"thumbnailUrl\":\"https:\\\/\\\/redenoticiaz.com.br\\\/ribeiraopreto-regiao\\\/wp-content\\\/uploads\\\/sites\\\/4\\\/2022\\\/08\\\/WhatsApp-Image-2022-08-05-at-17.12.26.jpeg?v=1659832433\",\"keywords\":[\"Cursos\",\"itatiba\",\"PREFEITURA\",\"PUC-CAMPINAS\",\"REDE MUNICIPAL\"],\"articleSection\":[\"Educa\u00e7\u00e3o\"],\"inLanguage\":\"pt-BR\",\"potentialAction\":[{\"@type\":\"CommentAction\",\"name\":\"Comment\",\"target\":[\"https:\\\/\\\/redenoticiaz.com.br\\\/ribeiraopreto-regiao\\\/sp\\\/2022\\\/08\\\/07\\\/prefeitura-de-itatiba-assina-contrato-com-a-universidade-puc-campinas#respond\"]}]},{\"@type\":\"WebPage\",\"@id\":\"https:\\\/\\\/redenoticiaz.com.br\\\/ribeiraopreto-regiao\\\/sp\\\/2022\\\/08\\\/07\\\/prefeitura-de-itatiba-assina-contrato-com-a-universidade-puc-campinas\",\"url\":\"https:\\\/\\\/redenoticiaz.com.br\\\/ribeiraopreto-regiao\\\/sp\\\/2022\\\/08\\\/07\\\/prefeitura-de-itatiba-assina-contrato-com-a-universidade-puc-campinas\",\"name\":\"Prefeitura de Itatiba assina contrato com a Universidade PUC-Campinas - Ribeir\u00e3o Preto e Regi\u00e3o\",\"isPartOf\":{\"@id\":\"https:\\\/\\\/redenoticiaz.com.br\\\/ribeiraopreto-regiao\\\/#website\"},\"primaryImageOfPage\":{\"@id\":\"https:\\\/\\\/redenoticiaz.com.br\\\/ribeiraopreto-regiao\\\/sp\\\/2022\\\/08\\\/07\\\/prefeitura-de-itatiba-assina-contrato-com-a-universidade-puc-campinas#primaryimage\"},\"image\":{\"@id\":\"https:\\\/\\\/redenoticiaz.com.br\\\/ribeiraopreto-regiao\\\/sp\\\/2022\\\/08\\\/07\\\/prefeitura-de-itatiba-assina-contrato-com-a-universidade-puc-campinas#primaryimage\"},\"thumbnailUrl\":\"https:\\\/\\\/redenoticiaz.com.br\\\/ribeiraopreto-regiao\\\/wp-content\\\/uploads\\\/sites\\\/4\\\/2022\\\/08\\\/WhatsApp-Image-2022-08-05-at-17.12.26.jpeg?v=1659832433\",\"datePublished\":\"2022-08-07T20:00:44+00:00\",\"dateModified\":\"2022-08-08T09:08:00+00:00\",\"description\":\"Na sexta - feira do dia 05, a Prefeitura de Itatiba realizou uma parceria com a Universidade PUC-Campinas, e assinou um contrato no valor...\",\"inLanguage\":\"pt-BR\",\"potentialAction\":[{\"@type\":\"ReadAction\",\"target\":[\"https:\\\/\\\/redenoticiaz.com.br\\\/ribeiraopreto-regiao\\\/sp\\\/2022\\\/08\\\/07\\\/prefeitura-de-itatiba-assina-contrato-com-a-universidade-puc-campinas\"]}]},{\"@type\":\"ImageObject\",\"inLanguage\":\"pt-BR\",\"@id\":\"https:\\\/\\\/redenoticiaz.com.br\\\/ribeiraopreto-regiao\\\/sp\\\/2022\\\/08\\\/07\\\/prefeitura-de-itatiba-assina-contrato-com-a-universidade-puc-campinas#primaryimage\",\"url\":\"https:\\\/\\\/redenoticiaz.com.br\\\/ribeiraopreto-regiao\\\/wp-content\\\/uploads\\\/sites\\\/4\\\/2022\\\/08\\\/WhatsApp-Image-2022-08-05-at-17.12.26.jpeg?v=1659832433\",\"contentUrl\":\"https:\\\/\\\/redenoticiaz.com.br\\\/ribeiraopreto-regiao\\\/wp-content\\\/uploads\\\/sites\\\/4\\\/2022\\\/08\\\/WhatsApp-Image-2022-08-05-at-17.12.26.jpeg?v=1659832433\",\"width\":800,\"height\":533,\"caption\":\"Parceria entre Prefeitura de Itatiba e PUC-CAMPINAS. Cr\u00e9ditos: Reprodu\u00e7\u00e3o\"},{\"@type\":\"WebSite\",\"@id\":\"https:\\\/\\\/redenoticiaz.com.br\\\/ribeiraopreto-regiao\\\/#website\",\"url\":\"https:\\\/\\\/redenoticiaz.com.br\\\/ribeiraopreto-regiao\\\/\",\"name\":\"Ribeir\u00e3o Preto e Regi\u00e3o\",\"description\":\"Rede NoticiaZ - Ribeir\u00e3o Preto e regi\u00e3o\",\"publisher\":{\"@id\":\"https:\\\/\\\/redenoticiaz.com.br\\\/ribeiraopreto-regiao\\\/#organization\"},\"potentialAction\":[{\"@type\":\"SearchAction\",\"target\":{\"@type\":\"EntryPoint\",\"urlTemplate\":\"https:\\\/\\\/redenoticiaz.com.br\\\/ribeiraopreto-regiao\\\/?s={search_term_string}\"},\"query-input\":{\"@type\":\"PropertyValueSpecification\",\"valueRequired\":true,\"valueName\":\"search_term_string\"}}],\"inLanguage\":\"pt-BR\"},{\"@type\":\"Organization\",\"@id\":\"https:\\\/\\\/redenoticiaz.com.br\\\/ribeiraopreto-regiao\\\/#organization\",\"name\":\"Ribeir\u00e3o Preto e Regi\u00e3o\",\"url\":\"https:\\\/\\\/redenoticiaz.com.br\\\/ribeiraopreto-regiao\\\/\",\"logo\":{\"@type\":\"ImageObject\",\"inLanguage\":\"pt-BR\",\"@id\":\"https:\\\/\\\/redenoticiaz.com.br\\\/ribeiraopreto-regiao\\\/#\\\/schema\\\/logo\\\/image\\\/\",\"url\":\"https:\\\/\\\/redenoticiaz.com.br\\\/barretos-regiao\\\/wp-content\\\/uploads\\\/sites\\\/4\\\/2022\\\/02\\\/logo.jpg\",\"contentUrl\":\"https:\\\/\\\/redenoticiaz.com.br\\\/barretos-regiao\\\/wp-content\\\/uploads\\\/sites\\\/4\\\/2022\\\/02\\\/logo.jpg\",\"width\":400,\"height\":250,\"caption\":\"Ribeir\u00e3o Preto e Regi\u00e3o\"},\"image\":{\"@id\":\"https:\\\/\\\/redenoticiaz.com.br\\\/ribeiraopreto-regiao\\\/#\\\/schema\\\/logo\\\/image\\\/\"},\"sameAs\":[\"https:\\\/\\\/m.facebook.com\\\/redenoticiaz.barretos\",\"https:\\\/\\\/x.com\\\/RN_barretos\",\"https:\\\/\\\/www.instagram.com\\\/redenoticiaz.barretos\\\/?igshid=YmMyMTA2M2Y\",\"https:\\\/\\\/www.linkedin.com\\\/company\\\/rede-noticiaz-barretos-e-regio\\\/\"]},{\"@type\":\"Person\",\"@id\":\"\",\"url\":\"https:\\\/\\\/redenoticiaz.com.br\\\/ribeiraopreto-regiao\\\/sp\\\/author\"}]}<\/script>\n<!-- \/ Yoast SEO plugin. -->","yoast_head_json":{"title":"Prefeitura de Itatiba assina contrato com a Universidade PUC-Campinas - Ribeir\u00e3o Preto e Regi\u00e3o","description":"Na sexta - feira do dia 05, a Prefeitura de Itatiba realizou uma parceria com a Universidade PUC-Campinas, e assinou um contrato no valor...","robots":{"index":"index","follow":"follow","max-snippet":"max-snippet:-1","max-image-preview":"max-image-preview:large","max-video-preview":"max-video-preview:-1"},"canonical":"https:\/\/redenoticiaz.com.br\/ribeiraopreto-regiao\/sp\/2022\/08\/07\/prefeitura-de-itatiba-assina-contrato-com-a-universidade-puc-campinas","og_locale":"pt_BR","og_type":"article","og_title":"Prefeitura de Itatiba assina contrato com a Universidade PUC-Campinas - Ribeir\u00e3o Preto e Regi\u00e3o","og_description":"Na sexta - feira do dia 05, a Prefeitura de Itatiba realizou uma parceria com a Universidade PUC-Campinas, e assinou um contrato no valor...","og_url":"https:\/\/redenoticiaz.com.br\/ribeiraopreto-regiao\/sp\/2022\/08\/07\/prefeitura-de-itatiba-assina-contrato-com-a-universidade-puc-campinas","og_site_name":"Ribeir\u00e3o Preto e Regi\u00e3o","article_publisher":"https:\/\/m.facebook.com\/redenoticiaz.barretos","article_published_time":"2022-08-07T20:00:44+00:00","article_modified_time":"2022-08-08T09:08:00+00:00","og_image":[{"width":800,"height":533,"url":"https:\/\/redenoticiaz.com.br\/ribeiraopreto-regiao\/wp-content\/uploads\/sites\/4\/2022\/08\/WhatsApp-Image-2022-08-05-at-17.12.26.jpeg?v=1659832433","type":"image\/jpeg"}],"twitter_card":"summary_large_image","twitter_creator":"@RN_barretos","twitter_site":"@RN_barretos","twitter_misc":{"Escrito por":"","Est. tempo de leitura":"2 minutos"},"schema":{"@context":"https:\/\/schema.org","@graph":[{"@type":"Article","@id":"https:\/\/redenoticiaz.com.br\/ribeiraopreto-regiao\/sp\/2022\/08\/07\/prefeitura-de-itatiba-assina-contrato-com-a-universidade-puc-campinas#article","isPartOf":{"@id":"https:\/\/redenoticiaz.com.br\/ribeiraopreto-regiao\/sp\/2022\/08\/07\/prefeitura-de-itatiba-assina-contrato-com-a-universidade-puc-campinas"},"author":{"name":"","@id":""},"headline":"Prefeitura de Itatiba assina contrato com a Universidade PUC-Campinas","datePublished":"2022-08-07T20:00:44+00:00","dateModified":"2022-08-08T09:08:00+00:00","mainEntityOfPage":{"@id":"https:\/\/redenoticiaz.com.br\/ribeiraopreto-regiao\/sp\/2022\/08\/07\/prefeitura-de-itatiba-assina-contrato-com-a-universidade-puc-campinas"},"wordCount":317,"commentCount":0,"publisher":{"@id":"https:\/\/redenoticiaz.com.br\/ribeiraopreto-regiao\/#organization"},"image":{"@id":"https:\/\/redenoticiaz.com.br\/ribeiraopreto-regiao\/sp\/2022\/08\/07\/prefeitura-de-itatiba-assina-contrato-com-a-universidade-puc-campinas#primaryimage"},"thumbnailUrl":"https:\/\/redenoticiaz.com.br\/ribeiraopreto-regiao\/wp-content\/uploads\/sites\/4\/2022\/08\/WhatsApp-Image-2022-08-05-at-17.12.26.jpeg?v=1659832433","keywords":["Cursos","itatiba","PREFEITURA","PUC-CAMPINAS","REDE MUNICIPAL"],"articleSection":["Educa\u00e7\u00e3o"],"inLanguage":"pt-BR","potentialAction":[{"@type":"CommentAction","name":"Comment","target":["https:\/\/redenoticiaz.com.br\/ribeiraopreto-regiao\/sp\/2022\/08\/07\/prefeitura-de-itatiba-assina-contrato-com-a-universidade-puc-campinas#respond"]}]},{"@type":"WebPage","@id":"https:\/\/redenoticiaz.com.br\/ribeiraopreto-regiao\/sp\/2022\/08\/07\/prefeitura-de-itatiba-assina-contrato-com-a-universidade-puc-campinas","url":"https:\/\/redenoticiaz.com.br\/ribeiraopreto-regiao\/sp\/2022\/08\/07\/prefeitura-de-itatiba-assina-contrato-com-a-universidade-puc-campinas","name":"Prefeitura de Itatiba assina contrato com a Universidade PUC-Campinas - Ribeir\u00e3o Preto e Regi\u00e3o","isPartOf":{"@id":"https:\/\/redenoticiaz.com.br\/ribeiraopreto-regiao\/#website"},"primaryImageOfPage":{"@id":"https:\/\/redenoticiaz.com.br\/ribeiraopreto-regiao\/sp\/2022\/08\/07\/prefeitura-de-itatiba-assina-contrato-com-a-universidade-puc-campinas#primaryimage"},"image":{"@id":"https:\/\/redenoticiaz.com.br\/ribeiraopreto-regiao\/sp\/2022\/08\/07\/prefeitura-de-itatiba-assina-contrato-com-a-universidade-puc-campinas#primaryimage"},"thumbnailUrl":"https:\/\/redenoticiaz.com.br\/ribeiraopreto-regiao\/wp-content\/uploads\/sites\/4\/2022\/08\/WhatsApp-Image-2022-08-05-at-17.12.26.jpeg?v=1659832433","datePublished":"2022-08-07T20:00:44+00:00","dateModified":"2022-08-08T09:08:00+00:00","description":"Na sexta - feira do dia 05, a Prefeitura de Itatiba realizou uma parceria com a Universidade PUC-Campinas, e assinou um contrato no valor...","inLanguage":"pt-BR","potentialAction":[{"@type":"ReadAction","target":["https:\/\/redenoticiaz.com.br\/ribeiraopreto-regiao\/sp\/2022\/08\/07\/prefeitura-de-itatiba-assina-contrato-com-a-universidade-puc-campinas"]}]},{"@type":"ImageObject","inLanguage":"pt-BR","@id":"https:\/\/redenoticiaz.com.br\/ribeiraopreto-regiao\/sp\/2022\/08\/07\/prefeitura-de-itatiba-assina-contrato-com-a-universidade-puc-campinas#primaryimage","url":"https:\/\/redenoticiaz.com.br\/ribeiraopreto-regiao\/wp-content\/uploads\/sites\/4\/2022\/08\/WhatsApp-Image-2022-08-05-at-17.12.26.jpeg?v=1659832433","contentUrl":"https:\/\/redenoticiaz.com.br\/ribeiraopreto-regiao\/wp-content\/uploads\/sites\/4\/2022\/08\/WhatsApp-Image-2022-08-05-at-17.12.26.jpeg?v=1659832433","width":800,"height":533,"caption":"Parceria entre Prefeitura de Itatiba e PUC-CAMPINAS. Cr\u00e9ditos: Reprodu\u00e7\u00e3o"},{"@type":"WebSite","@id":"https:\/\/redenoticiaz.com.br\/ribeiraopreto-regiao\/#website","url":"https:\/\/redenoticiaz.com.br\/ribeiraopreto-regiao\/","name":"Ribeir\u00e3o Preto e Regi\u00e3o","description":"Rede NoticiaZ - Ribeir\u00e3o Preto e regi\u00e3o","publisher":{"@id":"https:\/\/redenoticiaz.com.br\/ribeiraopreto-regiao\/#organization"},"potentialAction":[{"@type":"SearchAction","target":{"@type":"EntryPoint","urlTemplate":"https:\/\/redenoticiaz.com.br\/ribeiraopreto-regiao\/?s={search_term_string}"},"query-input":{"@type":"PropertyValueSpecification","valueRequired":true,"valueName":"search_term_string"}}],"inLanguage":"pt-BR"},{"@type":"Organization","@id":"https:\/\/redenoticiaz.com.br\/ribeiraopreto-regiao\/#organization","name":"Ribeir\u00e3o Preto e Regi\u00e3o","url":"https:\/\/redenoticiaz.com.br\/ribeiraopreto-regiao\/","logo":{"@type":"ImageObject","inLanguage":"pt-BR","@id":"https:\/\/redenoticiaz.com.br\/ribeiraopreto-regiao\/#\/schema\/logo\/image\/","url":"https:\/\/redenoticiaz.com.br\/barretos-regiao\/wp-content\/uploads\/sites\/4\/2022\/02\/logo.jpg","contentUrl":"https:\/\/redenoticiaz.com.br\/barretos-regiao\/wp-content\/uploads\/sites\/4\/2022\/02\/logo.jpg","width":400,"height":250,"caption":"Ribeir\u00e3o Preto e Regi\u00e3o"},"image":{"@id":"https:\/\/redenoticiaz.com.br\/ribeiraopreto-regiao\/#\/schema\/logo\/image\/"},"sameAs":["https:\/\/m.facebook.com\/redenoticiaz.barretos","https:\/\/x.com\/RN_barretos","https:\/\/www.instagram.com\/redenoticiaz.barretos\/?igshid=YmMyMTA2M2Y","https:\/\/www.linkedin.com\/company\/rede-noticiaz-barretos-e-regio\/"]},{"@type":"Person","@id":"","url":"https:\/\/redenoticiaz.com.br\/ribeiraopreto-regiao\/sp\/author"}]}},"_links":{"self":[{"href":"https:\/\/redenoticiaz.com.br\/ribeiraopreto-regiao\/wp-json\/wp\/v2\/posts\/89591","targetHints":{"allow":["GET"]}}],"collection":[{"href":"https:\/\/redenoticiaz.com.br\/ribeiraopreto-regiao\/wp-json\/wp\/v2\/posts"}],"about":[{"href":"https:\/\/redenoticiaz.com.br\/ribeiraopreto-regiao\/wp-json\/wp\/v2\/types\/post"}],"author":[{"embeddable":true,"href":"https:\/\/redenoticiaz.com.br\/ribeiraopreto-regiao\/wp-json\/wp\/v2\/users\/26"}],"replies":[{"embeddable":true,"href":"https:\/\/redenoticiaz.com.br\/ribeiraopreto-regiao\/wp-json\/wp\/v2\/comments?post=89591"}],"version-history":[{"count":3,"href":"https:\/\/redenoticiaz.com.br\/ribeiraopreto-regiao\/wp-json\/wp\/v2\/posts\/89591\/revisions"}],"predecessor-version":[{"id":89613,"href":"https:\/\/redenoticiaz.com.br\/ribeiraopreto-regiao\/wp-json\/wp\/v2\/posts\/89591\/revisions\/89613"}],"wp:featuredmedia":[{"embeddable":true,"href":"https:\/\/redenoticiaz.com.br\/ribeiraopreto-regiao\/wp-json\/wp\/v2\/media\/89592"}],"wp:attachment":[{"href":"https:\/\/redenoticiaz.com.br\/ribeiraopreto-regiao\/wp-json\/wp\/v2\/media?parent=89591"}],"wp:term":[{"taxonomy":"category","embeddable":true,"href":"https:\/\/redenoticiaz.com.br\/ribeiraopreto-regiao\/wp-json\/wp\/v2\/categories?post=89591"},{"taxonomy":"post_tag","embeddable":true,"href":"https:\/\/redenoticiaz.com.br\/ribeiraopreto-regiao\/wp-json\/wp\/v2\/tags?post=89591"}],"curies":[{"name":"wp","href":"https:\/\/api.w.org\/{rel}","templated":true}]}}