{"id":89634,"date":"2022-08-07T16:16:36","date_gmt":"2022-08-07T19:16:36","guid":{"rendered":"https:\/\/redenoticiaz.com.br\/barretos-regiao\/?p=89634"},"modified":"2022-08-07T16:16:36","modified_gmt":"2022-08-07T19:16:36","slug":"samu-192-barretos-abre-inscricoes-de-treinamento-para-a-populacao","status":"publish","type":"post","link":"https:\/\/redenoticiaz.com.br\/ribeiraopreto-regiao\/sp\/2022\/08\/07\/samu-192-barretos-abre-inscricoes-de-treinamento-para-a-populacao","title":{"rendered":"SAMU 192 Barretos abre inscri\u00e7\u00f5es de treinamento para a popula\u00e7\u00e3o"},"content":{"rendered":"<p>O N\u00facleo de Educa\u00e7\u00e3o Permanente (NEP) do SAMU da Est\u00e2ncia Tur\u00edstica de Barretos abre inscri\u00e7\u00f5es para o Projeto &#8220;Amigos do SAMU&#8221;. A capacita\u00e7\u00e3o de oito horas visa tornar cidad\u00e3os barretenses multiplicadores de informa\u00e7\u00e3o a respeito de como funciona o SAMU 192 e sobre as primeiras a\u00e7\u00f5es a serem tomadas diante de uma emerg\u00eancia. H\u00e1 60 vagas para o curso, que vai ocorrer no dia 03 de setembro, s\u00e1bado, das 8h \u00e0s 18h.<\/p>\n<p>Respons\u00e1vel pelo NEP, o m\u00e9dico Thalles Almeida lembra que a retomada do projeto estava entre as propostas da atual gest\u00e3o municipal. Segundo Thalles, a a\u00e7\u00e3o \u00e9 uma iniciativa do munic\u00edpio, que estava interrompida h\u00e1 alguns anos. &#8220;Embora o SAMU tenha uma equipe t\u00e9cnica capacitada, desde a regula\u00e7\u00e3o at\u00e9 o suporte avan\u00e7ado, percebemos que nossas ocorr\u00eancias eram prejudicadas pelo fato da popula\u00e7\u00e3o n\u00e3o ter conhecimento b\u00e1sico sobre o que o \u00e9 SAMU e como se comportar perante uma situa\u00e7\u00e3o de urg\u00eancia\/emerg\u00eancia at\u00e9 a chegada da equipe no local&#8221;, lembra. Foi ent\u00e3o que o curso foi criado, para instruir pessoas que n\u00e3o trabalham na \u00e1rea da sa\u00fade. Desde a cria\u00e7\u00e3o, cerca de 500 pessoas j\u00e1 passaram pelo treinamento.<\/p>\n<p><em>&#8220;Concluiu-se que com essa iniciativa poder\u00edamos melhorar o servi\u00e7o do SAMU, proporcionando maior qualidade a todo o atendimento de urg\u00eancia\/emerg\u00eancia. Cidad\u00e3os leigos passam a estar mais bem preparados para nos passar as informa\u00e7\u00f5es, auxiliando assim o nosso atendimento \u00e0 popula\u00e7\u00e3o&#8221;<\/em>, menciona. O objetivo \u00e9 otimizar o servi\u00e7o em todos os aspectos, aumentando as chances de se obter sucesso no socorro e menos agravo aos pacientes.<\/p>\n<p>No curso &#8216;Amigos do Samu&#8217;, o cidad\u00e3o leigo (que n\u00e3o tem forma\u00e7\u00e3o na \u00e1rea de sa\u00fade) tem treinamentos te\u00f3ricos e pr\u00e1ticos, passando a ter condi\u00e7\u00f5es de realizar avalia\u00e7\u00e3o prim\u00e1ria b\u00e1sica na v\u00edtima sem prejudic\u00e1-la. <em>&#8220;Ao mesmo tempo, faz com que esse cidad\u00e3o treinado conosco seja um multiplicador, repassando \u00e0 popula\u00e7\u00e3o a orienta\u00e7\u00e3o sobre o funcionamento do SAMU&#8221;,<\/em> refor\u00e7a.<\/p>\n<p>O curso ainda proporciona que esses multiplicadores se atentem \u00e0 preven\u00e7\u00e3o de acidentes de tr\u00e2nsito e dom\u00e9sticos e preven\u00e7\u00e3o de doen\u00e7as cr\u00f4nicas, com enfoque na qualidade de vida. Contribui para que mais vidas sejam salvas, para n\u00e3o aumentar a gravidade das ocorr\u00eancias, para o bom funcionamento do servi\u00e7o e para economia de recursos da sa\u00fade.<\/p>\n<h4><b>Quando e como se inscrever<\/b><\/h4>\n<p>As inscri\u00e7\u00f5es podem ser feitas de 08 de agosto at\u00e9 02 de setembro, enquanto houver vaga, das 8h \u00e0s 17h, de segunda a sexta-feira, pelo telefone (17) 99733-9523, por meio de liga\u00e7\u00e3o ou por mensagem de \u00a0WhatsApp para esse n\u00famero. As respons\u00e1veis pelas inscri\u00e7\u00f5es s\u00e3o Eugenia e Larissa.<\/p>\n<p>Para concluir a inscri\u00e7\u00e3o, os participantes do curso s\u00e3o orientados a levar \u00e0 base do SAMU a doa\u00e7\u00e3o de dois quilos de alimento n\u00e3o perec\u00edvel, que ser\u00e3o entregues ao Fundo Social de Solidariedade do munic\u00edpio. O curso ser\u00e1 realizado na Faculdade Barretos, na Avenida C-12, n\u00ba 1.555, Bairro Cristiano de Carvalho. Os participantes receber\u00e3o certifica\u00e7\u00e3o.<\/p>\n<p><em>&#8220;\u00c9 importante que as pessoas fa\u00e7am as inscri\u00e7\u00f5es para o curso e tirem eventuais d\u00favidas nos dias \u00fateis, pelo telefone celular e hor\u00e1rio que indicamos. Liga\u00e7\u00f5es para o 192 devem ser feitas quando se estiver precisando de atendimento de urg\u00eancia e emerg\u00eancia&#8221;<\/em>, ressalta.<\/p>\n<p><strong>VEJA TAMB\u00c9M:\u00a0<a href=\"https:\/\/redenoticiaz.com.br\/barretos-regiao\/sp\/2022\/08\/06\/colina-realiza-concurso-publico-neste-domingo\">Colina realiza concurso p\u00fablico neste domingo<\/a><\/strong><\/p>\n","protected":false},"excerpt":{"rendered":"<p>O N\u00facleo de Educa\u00e7\u00e3o Permanente (NEP) do SAMU da Est\u00e2ncia Tur\u00edstica de Barretos abre inscri\u00e7\u00f5es para o Projeto &#8220;Amigos do SAMU&#8221;. A capacita\u00e7\u00e3o de oito horas visa tornar cidad\u00e3os barretenses multiplicadores de informa\u00e7\u00e3o a respeito de como funciona o SAMU 192 e sobre as primeiras a\u00e7\u00f5es a serem tomadas diante de uma emerg\u00eancia. H\u00e1 60 &hellip;<\/p>\n","protected":false},"author":15,"featured_media":89635,"comment_status":"open","ping_status":"closed","sticky":false,"template":"","format":"standard","meta":{"footnotes":""},"categories":[252,88],"tags":[17047,2924,4556,4557],"class_list":["post-89634","post","type-post","status-publish","format-standard","has-post-thumbnail","hentry","category-acao-social","category-policia","tag-inscricoes","tag-projeto","tag-samu","tag-treinamento"],"yoast_head":"<!-- This site is optimized with the Yoast SEO plugin v28.3 - https:\/\/yoast.com\/product\/yoast-seo-wordpress\/ -->\n<title>SAMU 192 Barretos abre inscri\u00e7\u00f5es de treinamento para a popula\u00e7\u00e3o - Ribeir\u00e3o Preto e Regi\u00e3o<\/title>\n<meta name=\"description\" content=\"VA capacita\u00e7\u00e3o de oito horas visa tornar cidad\u00e3os barretenses multiplicadores de informa\u00e7\u00e3o a respeito de como funciona o SAMU 192.\" \/>\n<meta name=\"robots\" content=\"index, follow, max-snippet:-1, max-image-preview:large, max-video-preview:-1\" \/>\n<link rel=\"canonical\" href=\"https:\/\/redenoticiaz.com.br\/ribeiraopreto-regiao\/sp\/2022\/08\/07\/samu-192-barretos-abre-inscricoes-de-treinamento-para-a-populacao\" \/>\n<meta property=\"og:locale\" content=\"pt_BR\" \/>\n<meta property=\"og:type\" content=\"article\" \/>\n<meta property=\"og:title\" content=\"SAMU 192 Barretos abre inscri\u00e7\u00f5es de treinamento para a popula\u00e7\u00e3o - Ribeir\u00e3o Preto e Regi\u00e3o\" \/>\n<meta property=\"og:description\" content=\"VA capacita\u00e7\u00e3o de oito horas visa tornar cidad\u00e3os barretenses multiplicadores de informa\u00e7\u00e3o a respeito de como funciona o SAMU 192.\" \/>\n<meta property=\"og:url\" content=\"https:\/\/redenoticiaz.com.br\/ribeiraopreto-regiao\/sp\/2022\/08\/07\/samu-192-barretos-abre-inscricoes-de-treinamento-para-a-populacao\" \/>\n<meta property=\"og:site_name\" content=\"Ribeir\u00e3o Preto e Regi\u00e3o\" \/>\n<meta property=\"article:publisher\" content=\"https:\/\/m.facebook.com\/redenoticiaz.barretos\" \/>\n<meta property=\"article:published_time\" content=\"2022-08-07T19:16:36+00:00\" \/>\n<meta property=\"og:image\" content=\"https:\/\/redenoticiaz.com.br\/ribeiraopreto-regiao\/wp-content\/uploads\/sites\/4\/2022\/08\/arquivo-SAMU-1.jpg\" \/>\n\t<meta property=\"og:image:width\" content=\"1280\" \/>\n\t<meta property=\"og:image:height\" content=\"853\" \/>\n\t<meta property=\"og:image:type\" content=\"image\/jpeg\" \/>\n<meta name=\"twitter:card\" content=\"summary_large_image\" \/>\n<meta name=\"twitter:creator\" content=\"@RN_barretos\" \/>\n<meta name=\"twitter:site\" content=\"@RN_barretos\" \/>\n<meta name=\"twitter:label1\" content=\"Escrito por\" \/>\n\t<meta name=\"twitter:data1\" content=\"\" \/>\n\t<meta name=\"twitter:label2\" content=\"Est. tempo de leitura\" \/>\n\t<meta name=\"twitter:data2\" content=\"3 minutos\" \/>\n<script type=\"application\/ld+json\" class=\"yoast-schema-graph\">{\"@context\":\"https:\\\/\\\/schema.org\",\"@graph\":[{\"@type\":\"Article\",\"@id\":\"https:\\\/\\\/redenoticiaz.com.br\\\/ribeiraopreto-regiao\\\/sp\\\/2022\\\/08\\\/07\\\/samu-192-barretos-abre-inscricoes-de-treinamento-para-a-populacao#article\",\"isPartOf\":{\"@id\":\"https:\\\/\\\/redenoticiaz.com.br\\\/ribeiraopreto-regiao\\\/sp\\\/2022\\\/08\\\/07\\\/samu-192-barretos-abre-inscricoes-de-treinamento-para-a-populacao\"},\"author\":{\"name\":\"\",\"@id\":\"\"},\"headline\":\"SAMU 192 Barretos abre inscri\u00e7\u00f5es de treinamento para a popula\u00e7\u00e3o\",\"datePublished\":\"2022-08-07T19:16:36+00:00\",\"mainEntityOfPage\":{\"@id\":\"https:\\\/\\\/redenoticiaz.com.br\\\/ribeiraopreto-regiao\\\/sp\\\/2022\\\/08\\\/07\\\/samu-192-barretos-abre-inscricoes-de-treinamento-para-a-populacao\"},\"wordCount\":609,\"commentCount\":0,\"publisher\":{\"@id\":\"https:\\\/\\\/redenoticiaz.com.br\\\/ribeiraopreto-regiao\\\/#organization\"},\"image\":{\"@id\":\"https:\\\/\\\/redenoticiaz.com.br\\\/ribeiraopreto-regiao\\\/sp\\\/2022\\\/08\\\/07\\\/samu-192-barretos-abre-inscricoes-de-treinamento-para-a-populacao#primaryimage\"},\"thumbnailUrl\":\"https:\\\/\\\/redenoticiaz.com.br\\\/ribeiraopreto-regiao\\\/wp-content\\\/uploads\\\/sites\\\/4\\\/2022\\\/08\\\/arquivo-SAMU-1.jpg\",\"keywords\":[\"INSCRI\u00c7\u00d5ES\",\"PROJETO\",\"SAMU\",\"TREINAMENTO\"],\"articleSection\":[\"A\u00e7\u00e3o Social\",\"Pol\u00edcia\"],\"inLanguage\":\"pt-BR\",\"potentialAction\":[{\"@type\":\"CommentAction\",\"name\":\"Comment\",\"target\":[\"https:\\\/\\\/redenoticiaz.com.br\\\/ribeiraopreto-regiao\\\/sp\\\/2022\\\/08\\\/07\\\/samu-192-barretos-abre-inscricoes-de-treinamento-para-a-populacao#respond\"]}]},{\"@type\":\"WebPage\",\"@id\":\"https:\\\/\\\/redenoticiaz.com.br\\\/ribeiraopreto-regiao\\\/sp\\\/2022\\\/08\\\/07\\\/samu-192-barretos-abre-inscricoes-de-treinamento-para-a-populacao\",\"url\":\"https:\\\/\\\/redenoticiaz.com.br\\\/ribeiraopreto-regiao\\\/sp\\\/2022\\\/08\\\/07\\\/samu-192-barretos-abre-inscricoes-de-treinamento-para-a-populacao\",\"name\":\"SAMU 192 Barretos abre inscri\u00e7\u00f5es de treinamento para a popula\u00e7\u00e3o - Ribeir\u00e3o Preto e Regi\u00e3o\",\"isPartOf\":{\"@id\":\"https:\\\/\\\/redenoticiaz.com.br\\\/ribeiraopreto-regiao\\\/#website\"},\"primaryImageOfPage\":{\"@id\":\"https:\\\/\\\/redenoticiaz.com.br\\\/ribeiraopreto-regiao\\\/sp\\\/2022\\\/08\\\/07\\\/samu-192-barretos-abre-inscricoes-de-treinamento-para-a-populacao#primaryimage\"},\"image\":{\"@id\":\"https:\\\/\\\/redenoticiaz.com.br\\\/ribeiraopreto-regiao\\\/sp\\\/2022\\\/08\\\/07\\\/samu-192-barretos-abre-inscricoes-de-treinamento-para-a-populacao#primaryimage\"},\"thumbnailUrl\":\"https:\\\/\\\/redenoticiaz.com.br\\\/ribeiraopreto-regiao\\\/wp-content\\\/uploads\\\/sites\\\/4\\\/2022\\\/08\\\/arquivo-SAMU-1.jpg\",\"datePublished\":\"2022-08-07T19:16:36+00:00\",\"description\":\"VA capacita\u00e7\u00e3o de oito horas visa tornar cidad\u00e3os barretenses multiplicadores de informa\u00e7\u00e3o a respeito de como funciona o SAMU 192.\",\"inLanguage\":\"pt-BR\",\"potentialAction\":[{\"@type\":\"ReadAction\",\"target\":[\"https:\\\/\\\/redenoticiaz.com.br\\\/ribeiraopreto-regiao\\\/sp\\\/2022\\\/08\\\/07\\\/samu-192-barretos-abre-inscricoes-de-treinamento-para-a-populacao\"]}]},{\"@type\":\"ImageObject\",\"inLanguage\":\"pt-BR\",\"@id\":\"https:\\\/\\\/redenoticiaz.com.br\\\/ribeiraopreto-regiao\\\/sp\\\/2022\\\/08\\\/07\\\/samu-192-barretos-abre-inscricoes-de-treinamento-para-a-populacao#primaryimage\",\"url\":\"https:\\\/\\\/redenoticiaz.com.br\\\/ribeiraopreto-regiao\\\/wp-content\\\/uploads\\\/sites\\\/4\\\/2022\\\/08\\\/arquivo-SAMU-1.jpg\",\"contentUrl\":\"https:\\\/\\\/redenoticiaz.com.br\\\/ribeiraopreto-regiao\\\/wp-content\\\/uploads\\\/sites\\\/4\\\/2022\\\/08\\\/arquivo-SAMU-1.jpg\",\"width\":1280,\"height\":853,\"caption\":\"Inscri\u00e7\u00f5es para treinamento no Samu. Cr\u00e9dito: Reprodu\u00e7\u00e3o\"},{\"@type\":\"WebSite\",\"@id\":\"https:\\\/\\\/redenoticiaz.com.br\\\/ribeiraopreto-regiao\\\/#website\",\"url\":\"https:\\\/\\\/redenoticiaz.com.br\\\/ribeiraopreto-regiao\\\/\",\"name\":\"Ribeir\u00e3o Preto e Regi\u00e3o\",\"description\":\"Rede NoticiaZ - Ribeir\u00e3o Preto e regi\u00e3o\",\"publisher\":{\"@id\":\"https:\\\/\\\/redenoticiaz.com.br\\\/ribeiraopreto-regiao\\\/#organization\"},\"potentialAction\":[{\"@type\":\"SearchAction\",\"target\":{\"@type\":\"EntryPoint\",\"urlTemplate\":\"https:\\\/\\\/redenoticiaz.com.br\\\/ribeiraopreto-regiao\\\/?s={search_term_string}\"},\"query-input\":{\"@type\":\"PropertyValueSpecification\",\"valueRequired\":true,\"valueName\":\"search_term_string\"}}],\"inLanguage\":\"pt-BR\"},{\"@type\":\"Organization\",\"@id\":\"https:\\\/\\\/redenoticiaz.com.br\\\/ribeiraopreto-regiao\\\/#organization\",\"name\":\"Ribeir\u00e3o Preto e Regi\u00e3o\",\"url\":\"https:\\\/\\\/redenoticiaz.com.br\\\/ribeiraopreto-regiao\\\/\",\"logo\":{\"@type\":\"ImageObject\",\"inLanguage\":\"pt-BR\",\"@id\":\"https:\\\/\\\/redenoticiaz.com.br\\\/ribeiraopreto-regiao\\\/#\\\/schema\\\/logo\\\/image\\\/\",\"url\":\"https:\\\/\\\/redenoticiaz.com.br\\\/barretos-regiao\\\/wp-content\\\/uploads\\\/sites\\\/4\\\/2022\\\/02\\\/logo.jpg\",\"contentUrl\":\"https:\\\/\\\/redenoticiaz.com.br\\\/barretos-regiao\\\/wp-content\\\/uploads\\\/sites\\\/4\\\/2022\\\/02\\\/logo.jpg\",\"width\":400,\"height\":250,\"caption\":\"Ribeir\u00e3o Preto e Regi\u00e3o\"},\"image\":{\"@id\":\"https:\\\/\\\/redenoticiaz.com.br\\\/ribeiraopreto-regiao\\\/#\\\/schema\\\/logo\\\/image\\\/\"},\"sameAs\":[\"https:\\\/\\\/m.facebook.com\\\/redenoticiaz.barretos\",\"https:\\\/\\\/x.com\\\/RN_barretos\",\"https:\\\/\\\/www.instagram.com\\\/redenoticiaz.barretos\\\/?igshid=YmMyMTA2M2Y\",\"https:\\\/\\\/www.linkedin.com\\\/company\\\/rede-noticiaz-barretos-e-regio\\\/\"]},{\"@type\":\"Person\",\"@id\":\"\",\"url\":\"https:\\\/\\\/redenoticiaz.com.br\\\/ribeiraopreto-regiao\\\/sp\\\/author\"}]}<\/script>\n<!-- \/ Yoast SEO plugin. -->","yoast_head_json":{"title":"SAMU 192 Barretos abre inscri\u00e7\u00f5es de treinamento para a popula\u00e7\u00e3o - Ribeir\u00e3o Preto e Regi\u00e3o","description":"VA capacita\u00e7\u00e3o de oito horas visa tornar cidad\u00e3os barretenses multiplicadores de informa\u00e7\u00e3o a respeito de como funciona o SAMU 192.","robots":{"index":"index","follow":"follow","max-snippet":"max-snippet:-1","max-image-preview":"max-image-preview:large","max-video-preview":"max-video-preview:-1"},"canonical":"https:\/\/redenoticiaz.com.br\/ribeiraopreto-regiao\/sp\/2022\/08\/07\/samu-192-barretos-abre-inscricoes-de-treinamento-para-a-populacao","og_locale":"pt_BR","og_type":"article","og_title":"SAMU 192 Barretos abre inscri\u00e7\u00f5es de treinamento para a popula\u00e7\u00e3o - Ribeir\u00e3o Preto e Regi\u00e3o","og_description":"VA capacita\u00e7\u00e3o de oito horas visa tornar cidad\u00e3os barretenses multiplicadores de informa\u00e7\u00e3o a respeito de como funciona o SAMU 192.","og_url":"https:\/\/redenoticiaz.com.br\/ribeiraopreto-regiao\/sp\/2022\/08\/07\/samu-192-barretos-abre-inscricoes-de-treinamento-para-a-populacao","og_site_name":"Ribeir\u00e3o Preto e Regi\u00e3o","article_publisher":"https:\/\/m.facebook.com\/redenoticiaz.barretos","article_published_time":"2022-08-07T19:16:36+00:00","og_image":[{"width":1280,"height":853,"url":"https:\/\/redenoticiaz.com.br\/ribeiraopreto-regiao\/wp-content\/uploads\/sites\/4\/2022\/08\/arquivo-SAMU-1.jpg","type":"image\/jpeg"}],"twitter_card":"summary_large_image","twitter_creator":"@RN_barretos","twitter_site":"@RN_barretos","twitter_misc":{"Escrito por":"","Est. tempo de leitura":"3 minutos"},"schema":{"@context":"https:\/\/schema.org","@graph":[{"@type":"Article","@id":"https:\/\/redenoticiaz.com.br\/ribeiraopreto-regiao\/sp\/2022\/08\/07\/samu-192-barretos-abre-inscricoes-de-treinamento-para-a-populacao#article","isPartOf":{"@id":"https:\/\/redenoticiaz.com.br\/ribeiraopreto-regiao\/sp\/2022\/08\/07\/samu-192-barretos-abre-inscricoes-de-treinamento-para-a-populacao"},"author":{"name":"","@id":""},"headline":"SAMU 192 Barretos abre inscri\u00e7\u00f5es de treinamento para a popula\u00e7\u00e3o","datePublished":"2022-08-07T19:16:36+00:00","mainEntityOfPage":{"@id":"https:\/\/redenoticiaz.com.br\/ribeiraopreto-regiao\/sp\/2022\/08\/07\/samu-192-barretos-abre-inscricoes-de-treinamento-para-a-populacao"},"wordCount":609,"commentCount":0,"publisher":{"@id":"https:\/\/redenoticiaz.com.br\/ribeiraopreto-regiao\/#organization"},"image":{"@id":"https:\/\/redenoticiaz.com.br\/ribeiraopreto-regiao\/sp\/2022\/08\/07\/samu-192-barretos-abre-inscricoes-de-treinamento-para-a-populacao#primaryimage"},"thumbnailUrl":"https:\/\/redenoticiaz.com.br\/ribeiraopreto-regiao\/wp-content\/uploads\/sites\/4\/2022\/08\/arquivo-SAMU-1.jpg","keywords":["INSCRI\u00c7\u00d5ES","PROJETO","SAMU","TREINAMENTO"],"articleSection":["A\u00e7\u00e3o Social","Pol\u00edcia"],"inLanguage":"pt-BR","potentialAction":[{"@type":"CommentAction","name":"Comment","target":["https:\/\/redenoticiaz.com.br\/ribeiraopreto-regiao\/sp\/2022\/08\/07\/samu-192-barretos-abre-inscricoes-de-treinamento-para-a-populacao#respond"]}]},{"@type":"WebPage","@id":"https:\/\/redenoticiaz.com.br\/ribeiraopreto-regiao\/sp\/2022\/08\/07\/samu-192-barretos-abre-inscricoes-de-treinamento-para-a-populacao","url":"https:\/\/redenoticiaz.com.br\/ribeiraopreto-regiao\/sp\/2022\/08\/07\/samu-192-barretos-abre-inscricoes-de-treinamento-para-a-populacao","name":"SAMU 192 Barretos abre inscri\u00e7\u00f5es de treinamento para a popula\u00e7\u00e3o - Ribeir\u00e3o Preto e Regi\u00e3o","isPartOf":{"@id":"https:\/\/redenoticiaz.com.br\/ribeiraopreto-regiao\/#website"},"primaryImageOfPage":{"@id":"https:\/\/redenoticiaz.com.br\/ribeiraopreto-regiao\/sp\/2022\/08\/07\/samu-192-barretos-abre-inscricoes-de-treinamento-para-a-populacao#primaryimage"},"image":{"@id":"https:\/\/redenoticiaz.com.br\/ribeiraopreto-regiao\/sp\/2022\/08\/07\/samu-192-barretos-abre-inscricoes-de-treinamento-para-a-populacao#primaryimage"},"thumbnailUrl":"https:\/\/redenoticiaz.com.br\/ribeiraopreto-regiao\/wp-content\/uploads\/sites\/4\/2022\/08\/arquivo-SAMU-1.jpg","datePublished":"2022-08-07T19:16:36+00:00","description":"VA capacita\u00e7\u00e3o de oito horas visa tornar cidad\u00e3os barretenses multiplicadores de informa\u00e7\u00e3o a respeito de como funciona o SAMU 192.","inLanguage":"pt-BR","potentialAction":[{"@type":"ReadAction","target":["https:\/\/redenoticiaz.com.br\/ribeiraopreto-regiao\/sp\/2022\/08\/07\/samu-192-barretos-abre-inscricoes-de-treinamento-para-a-populacao"]}]},{"@type":"ImageObject","inLanguage":"pt-BR","@id":"https:\/\/redenoticiaz.com.br\/ribeiraopreto-regiao\/sp\/2022\/08\/07\/samu-192-barretos-abre-inscricoes-de-treinamento-para-a-populacao#primaryimage","url":"https:\/\/redenoticiaz.com.br\/ribeiraopreto-regiao\/wp-content\/uploads\/sites\/4\/2022\/08\/arquivo-SAMU-1.jpg","contentUrl":"https:\/\/redenoticiaz.com.br\/ribeiraopreto-regiao\/wp-content\/uploads\/sites\/4\/2022\/08\/arquivo-SAMU-1.jpg","width":1280,"height":853,"caption":"Inscri\u00e7\u00f5es para treinamento no Samu. Cr\u00e9dito: Reprodu\u00e7\u00e3o"},{"@type":"WebSite","@id":"https:\/\/redenoticiaz.com.br\/ribeiraopreto-regiao\/#website","url":"https:\/\/redenoticiaz.com.br\/ribeiraopreto-regiao\/","name":"Ribeir\u00e3o Preto e Regi\u00e3o","description":"Rede NoticiaZ - Ribeir\u00e3o Preto e regi\u00e3o","publisher":{"@id":"https:\/\/redenoticiaz.com.br\/ribeiraopreto-regiao\/#organization"},"potentialAction":[{"@type":"SearchAction","target":{"@type":"EntryPoint","urlTemplate":"https:\/\/redenoticiaz.com.br\/ribeiraopreto-regiao\/?s={search_term_string}"},"query-input":{"@type":"PropertyValueSpecification","valueRequired":true,"valueName":"search_term_string"}}],"inLanguage":"pt-BR"},{"@type":"Organization","@id":"https:\/\/redenoticiaz.com.br\/ribeiraopreto-regiao\/#organization","name":"Ribeir\u00e3o Preto e Regi\u00e3o","url":"https:\/\/redenoticiaz.com.br\/ribeiraopreto-regiao\/","logo":{"@type":"ImageObject","inLanguage":"pt-BR","@id":"https:\/\/redenoticiaz.com.br\/ribeiraopreto-regiao\/#\/schema\/logo\/image\/","url":"https:\/\/redenoticiaz.com.br\/barretos-regiao\/wp-content\/uploads\/sites\/4\/2022\/02\/logo.jpg","contentUrl":"https:\/\/redenoticiaz.com.br\/barretos-regiao\/wp-content\/uploads\/sites\/4\/2022\/02\/logo.jpg","width":400,"height":250,"caption":"Ribeir\u00e3o Preto e Regi\u00e3o"},"image":{"@id":"https:\/\/redenoticiaz.com.br\/ribeiraopreto-regiao\/#\/schema\/logo\/image\/"},"sameAs":["https:\/\/m.facebook.com\/redenoticiaz.barretos","https:\/\/x.com\/RN_barretos","https:\/\/www.instagram.com\/redenoticiaz.barretos\/?igshid=YmMyMTA2M2Y","https:\/\/www.linkedin.com\/company\/rede-noticiaz-barretos-e-regio\/"]},{"@type":"Person","@id":"","url":"https:\/\/redenoticiaz.com.br\/ribeiraopreto-regiao\/sp\/author"}]}},"_links":{"self":[{"href":"https:\/\/redenoticiaz.com.br\/ribeiraopreto-regiao\/wp-json\/wp\/v2\/posts\/89634","targetHints":{"allow":["GET"]}}],"collection":[{"href":"https:\/\/redenoticiaz.com.br\/ribeiraopreto-regiao\/wp-json\/wp\/v2\/posts"}],"about":[{"href":"https:\/\/redenoticiaz.com.br\/ribeiraopreto-regiao\/wp-json\/wp\/v2\/types\/post"}],"author":[{"embeddable":true,"href":"https:\/\/redenoticiaz.com.br\/ribeiraopreto-regiao\/wp-json\/wp\/v2\/users\/15"}],"replies":[{"embeddable":true,"href":"https:\/\/redenoticiaz.com.br\/ribeiraopreto-regiao\/wp-json\/wp\/v2\/comments?post=89634"}],"version-history":[{"count":1,"href":"https:\/\/redenoticiaz.com.br\/ribeiraopreto-regiao\/wp-json\/wp\/v2\/posts\/89634\/revisions"}],"predecessor-version":[{"id":89636,"href":"https:\/\/redenoticiaz.com.br\/ribeiraopreto-regiao\/wp-json\/wp\/v2\/posts\/89634\/revisions\/89636"}],"wp:featuredmedia":[{"embeddable":true,"href":"https:\/\/redenoticiaz.com.br\/ribeiraopreto-regiao\/wp-json\/wp\/v2\/media\/89635"}],"wp:attachment":[{"href":"https:\/\/redenoticiaz.com.br\/ribeiraopreto-regiao\/wp-json\/wp\/v2\/media?parent=89634"}],"wp:term":[{"taxonomy":"category","embeddable":true,"href":"https:\/\/redenoticiaz.com.br\/ribeiraopreto-regiao\/wp-json\/wp\/v2\/categories?post=89634"},{"taxonomy":"post_tag","embeddable":true,"href":"https:\/\/redenoticiaz.com.br\/ribeiraopreto-regiao\/wp-json\/wp\/v2\/tags?post=89634"}],"curies":[{"name":"wp","href":"https:\/\/api.w.org\/{rel}","templated":true}]}}