{"id":89700,"date":"2022-08-08T16:36:36","date_gmt":"2022-08-08T19:36:36","guid":{"rendered":"https:\/\/redenoticiaz.com.br\/barretos-regiao\/?p=89700"},"modified":"2022-08-08T16:40:06","modified_gmt":"2022-08-08T19:40:06","slug":"fundacao-roberto-marinho-celebram-parceria-para-novo-museu-do-folclore","status":"publish","type":"post","link":"https:\/\/redenoticiaz.com.br\/ribeiraopreto-regiao\/sp\/2022\/08\/08\/fundacao-roberto-marinho-celebram-parceria-para-novo-museu-do-folclore","title":{"rendered":"Ol\u00edmpia e Funda\u00e7\u00e3o Roberto Marinho celebram parceria para novo Museu do Folclore"},"content":{"rendered":"<p class=\"v1MsoNormal\"><span style=\"font-family: arial, sans-serif\">O 58\u00ba Festival do Folclore de Ol\u00edmpia celebra tamb\u00e9m uma importante e in\u00e9dita parceria para a cidade. A Prefeitura da Capital Nacional do Folclore e a Funda\u00e7\u00e3o Roberto Marinho assinaram um conv\u00eanio para a renova\u00e7\u00e3o\u00a0do\u00a0Museu do Folclore. O ato, realizado na v\u00e9spera da abertura do FEFOL, no Gabinete Executivo do prefeito Fernando Cunha, contou ainda com a participa\u00e7\u00e3o do secret\u00e1rio geral da FRM, Jo\u00e3o Alegria, do diretor institucional da TV Tem (afiliada Rede Globo), Luiz Ricardo Queiroz, e da secret\u00e1ria de Turismo e Cultura, Priscila Foresti.<\/span><\/p>\n<p class=\"v1MsoNormal\"><span style=\"font-family: arial, sans-serif\"><img loading=\"lazy\" decoding=\"async\" class=\"size-medium wp-image-89704 alignleft\" src=\"https:\/\/redenoticiaz.com.br\/barretos-regiao\/wp-content\/uploads\/sites\/4\/2022\/08\/Parceria-Fundacao-Roberto-Marinho-Novo-Museu-2-300x192.jpg\" alt=\"\" width=\"300\" height=\"192\" srcset=\"https:\/\/redenoticiaz.com.br\/ribeiraopreto-regiao\/wp-content\/uploads\/sites\/4\/2022\/08\/Parceria-Fundacao-Roberto-Marinho-Novo-Museu-2-300x192.jpg 300w, https:\/\/redenoticiaz.com.br\/ribeiraopreto-regiao\/wp-content\/uploads\/sites\/4\/2022\/08\/Parceria-Fundacao-Roberto-Marinho-Novo-Museu-2-1024x654.jpg 1024w, https:\/\/redenoticiaz.com.br\/ribeiraopreto-regiao\/wp-content\/uploads\/sites\/4\/2022\/08\/Parceria-Fundacao-Roberto-Marinho-Novo-Museu-2-768x490.jpg 768w, https:\/\/redenoticiaz.com.br\/ribeiraopreto-regiao\/wp-content\/uploads\/sites\/4\/2022\/08\/Parceria-Fundacao-Roberto-Marinho-Novo-Museu-2-1536x981.jpg 1536w, https:\/\/redenoticiaz.com.br\/ribeiraopreto-regiao\/wp-content\/uploads\/sites\/4\/2022\/08\/Parceria-Fundacao-Roberto-Marinho-Novo-Museu-2.jpg 1691w\" sizes=\"auto, (max-width: 300px) 100vw, 300px\" \/>O Museu, criado na d\u00e9cada de 70, conta com um acervo \u00fanico de manifesta\u00e7\u00f5es folcl\u00f3ricas reunidas em quase 60 anos de festival. Com o novo projeto, a ideia \u00e9 que o espa\u00e7o seja uma institui\u00e7\u00e3o que\u00a0celebre o folclore durante todo o ano, ampliando a comunica\u00e7\u00e3o com o p\u00fablico, a partir de sua implanta\u00e7\u00e3o em uma nova sede, dentro do Recinto do Folclore. Com uma exposi\u00e7\u00e3o contempor\u00e2nea,\u00a0difundir\u00e1 seu valioso conte\u00fado e acervo, de forma inovadora, atraente e interativa.<\/span><\/p>\n<p class=\"v1MsoNormal\"><em><span style=\"font-family: arial, sans-serif\">\u00a0<\/span><\/em><span style=\"font-family: arial, sans-serif\"><em>&#8220;Costumo dizer que, para conhecer a cultura de todo o Brasil, levar\u00edamos um ano viajando pelo pa\u00eds e, aqui em Ol\u00edmpia, \u00e9 poss\u00edvel fazer isso em apenas uma semana, com o interc\u00e2mbio cultural que o Festival do Folclore proporciona. Por isso, temos um olhar cuidadoso voltado \u00e0 preserva\u00e7\u00e3o da cultura e ao acesso \u00e0 arte e essa parceria com a Funda\u00e7\u00e3o Roberto Marinho chega para alavancar esse potencial. Para n\u00f3s, \u00e9 motivo de orgulho trabalharmos ao lado de uma institui\u00e7\u00e3o renomada, com\u00a0Know-how no \u00e2mbito acad\u00eamico e cultural, que ir\u00e1 fortalecer Ol\u00edmpia como Capital Nacional do Folclore, transformando nossa cidade em refer\u00eancia no pa\u00eds, o ano inteiro, e valorizando ainda mais o Festival e todo o acervo da cultura brasileira que temos \u00e0 disposi\u00e7\u00e3o dos moradores e visitantes&#8221;<\/em>, afirmou o prefeito de Ol\u00edmpia, Fernando Cunha.<\/span><\/p>\n<p class=\"v1MsoNormal\"><span style=\"font-family: arial, sans-serif\">\u00a0<\/span><span style=\"font-family: arial, sans-serif\">A Funda\u00e7\u00e3o Roberto Marinho tem a expertise de ter concebido e implementado alguns dos principais museus do pa\u00eds &#8211; Museu da L\u00edngua Portuguesa e Museu do Futebol, em S\u00e3o Paulo; Museu do Amanh\u00e3 e Museu de Arte do Rio, no Rio de Janeiro; Pa\u00e7o do Frevo, em Recife; e Museu da Imagem e do Som,\u00a0em constru\u00e7\u00e3o no Rio de Janeiro. S\u00e3o espa\u00e7os de educa\u00e7\u00e3o e cultura que valorizam patrim\u00f4nios imateriais do pa\u00eds, revitalizando tamb\u00e9m regi\u00f5es e patrim\u00f4nios hist\u00f3ricos e, \u00e9 este conhecimento, que ser\u00e1 explorado tamb\u00e9m em Ol\u00edmpia.<\/span><\/p>\n<p class=\"v1MsoNormal\"><span style=\"font-family: arial, sans-serif\"><img loading=\"lazy\" decoding=\"async\" class=\"size-medium wp-image-89706 alignleft\" src=\"https:\/\/redenoticiaz.com.br\/barretos-regiao\/wp-content\/uploads\/sites\/4\/2022\/08\/Projeto-Novo-Museu-do-Folclore-de-Olimpia-300x169.jpg\" alt=\"\" width=\"300\" height=\"169\" srcset=\"https:\/\/redenoticiaz.com.br\/ribeiraopreto-regiao\/wp-content\/uploads\/sites\/4\/2022\/08\/Projeto-Novo-Museu-do-Folclore-de-Olimpia-300x169.jpg 300w, https:\/\/redenoticiaz.com.br\/ribeiraopreto-regiao\/wp-content\/uploads\/sites\/4\/2022\/08\/Projeto-Novo-Museu-do-Folclore-de-Olimpia-1024x576.jpg 1024w, https:\/\/redenoticiaz.com.br\/ribeiraopreto-regiao\/wp-content\/uploads\/sites\/4\/2022\/08\/Projeto-Novo-Museu-do-Folclore-de-Olimpia-768x432.jpg 768w, https:\/\/redenoticiaz.com.br\/ribeiraopreto-regiao\/wp-content\/uploads\/sites\/4\/2022\/08\/Projeto-Novo-Museu-do-Folclore-de-Olimpia-1536x864.jpg 1536w, https:\/\/redenoticiaz.com.br\/ribeiraopreto-regiao\/wp-content\/uploads\/sites\/4\/2022\/08\/Projeto-Novo-Museu-do-Folclore-de-Olimpia-390x220.jpg 390w, https:\/\/redenoticiaz.com.br\/ribeiraopreto-regiao\/wp-content\/uploads\/sites\/4\/2022\/08\/Projeto-Novo-Museu-do-Folclore-de-Olimpia.jpg 1920w\" sizes=\"auto, (max-width: 300px) 100vw, 300px\" \/>\u00a0<\/span><span style=\"font-family: arial, sans-serif\">Os trabalhos para desenvolver novos conceitos e especificidades do museu foram iniciados durante o Festival. Ao longo das festividades, profissionais da funda\u00e7\u00e3o acompanham e pesquisam as apresenta\u00e7\u00f5es de 50 grupos art\u00edsticos de 18 estados brasileiros. As tramas dos figurinos, dan\u00e7as e can\u00e7\u00f5es apresentados pelos artistas participantes funcionar\u00e3o como atalho para entender melhor o festival e desenvolver um projeto museol\u00f3gico que traduza permanentemente o que \u00e9 visto nas celebra\u00e7\u00f5es realizadas todos os anos em Ol\u00edmpia.<\/span><\/p>\n<p class=\"v1MsoNormal\"><em><span style=\"font-family: arial, sans-serif\">\u00a0<\/span><\/em><span style=\"font-family: arial, sans-serif\"><em>&#8220;N\u00f3s vamos atuar com a administra\u00e7\u00e3o na concep\u00e7\u00e3o da ocupa\u00e7\u00e3o do novo espa\u00e7o do Museu do Folclore, mas, na verdade, a gente vem para c\u00e1 com muita vontade para ajudar a pensar algo maior. O que acontece aqui em Ol\u00edmpia \u00e9 muito importante. S\u00e3o muitas linguagens associadas que permitem a gente pensar em experi\u00eancias, instala\u00e7\u00f5es e coisas do mundo atual virtual&#8221;<\/em>, ressaltou Jo\u00e3o Alegria, secret\u00e1rio geral da FRM.<\/span><\/p>\n<p class=\"v1MsoNormal\"><span style=\"font-family: arial, sans-serif\">\u00a0<\/span><span style=\"font-family: arial, sans-serif\">No novo espa\u00e7o, em constru\u00e7\u00e3o, est\u00e3o sendo investidos cerca de R$ 1,4 milh\u00e3o, de recursos do DADETUR (Departamento de Apoio aos Munic\u00edpios Tur\u00edsticos), \u00f3rg\u00e3o vinculado \u00e0 secretaria estadual de Turismo e Viagens. Durante a \u00faltima sexta (05), a comitiva tamb\u00e9m visitou as obras no Recinto do Folclore.<\/span><\/p>\n<p>VEJA TAMB\u00c9M:\u00a0<a href=\"https:\/\/redenoticiaz.com.br\/barretos-regiao\/sp\/2022\/08\/08\/noite-de-abertura-do-58o-festival-do-folclore-registra-recorde-de-publico-com-mais-de-25-mil-pessoas\">Noite de abertura do 58\u00ba Festival do Folclore registra recorde de p\u00fablico com mais de 25 mil pessoas<\/a><\/p>\n<div><\/div>\n","protected":false},"excerpt":{"rendered":"<p>O 58\u00ba Festival do Folclore de Ol\u00edmpia celebra tamb\u00e9m uma importante e in\u00e9dita parceria para a cidade. A Prefeitura da Capital Nacional do Folclore e a Funda\u00e7\u00e3o Roberto Marinho assinaram um conv\u00eanio para a renova\u00e7\u00e3o\u00a0do\u00a0Museu do Folclore. O ato, realizado na v\u00e9spera da abertura do FEFOL, no Gabinete Executivo do prefeito Fernando Cunha, contou ainda &hellip;<\/p>\n","protected":false},"author":15,"featured_media":89701,"comment_status":"open","ping_status":"closed","sticky":false,"template":"","format":"standard","meta":{"footnotes":""},"categories":[469],"tags":[18683,18175,18072,19589],"class_list":["post-89700","post","type-post","status-publish","format-standard","has-post-thumbnail","hentry","category-cultura","tag-folclore","tag-museu","tag-parceria","tag-roberto-marinho"],"yoast_head":"<!-- This site is optimized with the Yoast SEO plugin v28.4 - https:\/\/yoast.com\/product\/yoast-seo-wordpress\/ -->\n<title>Ol\u00edmpia e Funda\u00e7\u00e3o Roberto Marinho celebram parceria para novo Museu do Folclore - Ribeir\u00e3o Preto e Regi\u00e3o<\/title>\n<meta name=\"description\" content=\"Ol\u00edmpia celebra tamb\u00e9m uma importante e in\u00e9dita parceria para a cidade. A Prefeitura da Capital Nacional do Folclore e a Funda\u00e7\u00e3o Roberto Marinho.\" \/>\n<meta name=\"robots\" content=\"index, follow, max-snippet:-1, max-image-preview:large, max-video-preview:-1\" \/>\n<link rel=\"canonical\" href=\"https:\/\/redenoticiaz.com.br\/ribeiraopreto-regiao\/sp\/2022\/08\/08\/fundacao-roberto-marinho-celebram-parceria-para-novo-museu-do-folclore\" \/>\n<meta property=\"og:locale\" content=\"pt_BR\" \/>\n<meta property=\"og:type\" content=\"article\" \/>\n<meta property=\"og:title\" content=\"Ol\u00edmpia e Funda\u00e7\u00e3o Roberto Marinho celebram parceria para novo Museu do Folclore - Ribeir\u00e3o Preto e Regi\u00e3o\" \/>\n<meta property=\"og:description\" content=\"Ol\u00edmpia celebra tamb\u00e9m uma importante e in\u00e9dita parceria para a cidade. A Prefeitura da Capital Nacional do Folclore e a Funda\u00e7\u00e3o Roberto Marinho.\" \/>\n<meta property=\"og:url\" content=\"https:\/\/redenoticiaz.com.br\/ribeiraopreto-regiao\/sp\/2022\/08\/08\/fundacao-roberto-marinho-celebram-parceria-para-novo-museu-do-folclore\" \/>\n<meta property=\"og:site_name\" content=\"Ribeir\u00e3o Preto e Regi\u00e3o\" \/>\n<meta property=\"article:publisher\" content=\"https:\/\/m.facebook.com\/redenoticiaz.barretos\" \/>\n<meta property=\"article:published_time\" content=\"2022-08-08T19:36:36+00:00\" \/>\n<meta property=\"article:modified_time\" content=\"2022-08-08T19:40:06+00:00\" \/>\n<meta property=\"og:image\" content=\"https:\/\/redenoticiaz.com.br\/ribeiraopreto-regiao\/wp-content\/uploads\/sites\/4\/2022\/08\/Parceria-Fundacao-Roberto-Marinho-Novo-Museu-3-scaled.jpg\" \/>\n\t<meta property=\"og:image:width\" content=\"1920\" \/>\n\t<meta property=\"og:image:height\" content=\"1080\" \/>\n\t<meta property=\"og:image:type\" content=\"image\/jpeg\" \/>\n<meta name=\"twitter:card\" content=\"summary_large_image\" \/>\n<meta name=\"twitter:creator\" content=\"@RN_barretos\" \/>\n<meta name=\"twitter:site\" content=\"@RN_barretos\" \/>\n<meta name=\"twitter:label1\" content=\"Escrito por\" \/>\n\t<meta name=\"twitter:data1\" content=\"\" \/>\n\t<meta name=\"twitter:label2\" content=\"Est. tempo de leitura\" \/>\n\t<meta name=\"twitter:data2\" content=\"4 minutos\" \/>\n<script type=\"application\/ld+json\" class=\"yoast-schema-graph\">{\"@context\":\"https:\\\/\\\/schema.org\",\"@graph\":[{\"@type\":\"Article\",\"@id\":\"https:\\\/\\\/redenoticiaz.com.br\\\/ribeiraopreto-regiao\\\/sp\\\/2022\\\/08\\\/08\\\/fundacao-roberto-marinho-celebram-parceria-para-novo-museu-do-folclore#article\",\"isPartOf\":{\"@id\":\"https:\\\/\\\/redenoticiaz.com.br\\\/ribeiraopreto-regiao\\\/sp\\\/2022\\\/08\\\/08\\\/fundacao-roberto-marinho-celebram-parceria-para-novo-museu-do-folclore\"},\"author\":{\"name\":\"\",\"@id\":\"\"},\"headline\":\"Ol\u00edmpia e Funda\u00e7\u00e3o Roberto Marinho celebram parceria para novo Museu do Folclore\",\"datePublished\":\"2022-08-08T19:36:36+00:00\",\"dateModified\":\"2022-08-08T19:40:06+00:00\",\"mainEntityOfPage\":{\"@id\":\"https:\\\/\\\/redenoticiaz.com.br\\\/ribeiraopreto-regiao\\\/sp\\\/2022\\\/08\\\/08\\\/fundacao-roberto-marinho-celebram-parceria-para-novo-museu-do-folclore\"},\"wordCount\":679,\"commentCount\":0,\"publisher\":{\"@id\":\"https:\\\/\\\/redenoticiaz.com.br\\\/ribeiraopreto-regiao\\\/#organization\"},\"image\":{\"@id\":\"https:\\\/\\\/redenoticiaz.com.br\\\/ribeiraopreto-regiao\\\/sp\\\/2022\\\/08\\\/08\\\/fundacao-roberto-marinho-celebram-parceria-para-novo-museu-do-folclore#primaryimage\"},\"thumbnailUrl\":\"https:\\\/\\\/redenoticiaz.com.br\\\/ribeiraopreto-regiao\\\/wp-content\\\/uploads\\\/sites\\\/4\\\/2022\\\/08\\\/Parceria-Fundacao-Roberto-Marinho-Novo-Museu-3-scaled.jpg\",\"keywords\":[\"FOLCLORE\",\"MUSEU\",\"PARCERIA\",\"ROBERTO MARINHO\"],\"articleSection\":[\"Cultura\"],\"inLanguage\":\"pt-BR\",\"potentialAction\":[{\"@type\":\"CommentAction\",\"name\":\"Comment\",\"target\":[\"https:\\\/\\\/redenoticiaz.com.br\\\/ribeiraopreto-regiao\\\/sp\\\/2022\\\/08\\\/08\\\/fundacao-roberto-marinho-celebram-parceria-para-novo-museu-do-folclore#respond\"]}]},{\"@type\":\"WebPage\",\"@id\":\"https:\\\/\\\/redenoticiaz.com.br\\\/ribeiraopreto-regiao\\\/sp\\\/2022\\\/08\\\/08\\\/fundacao-roberto-marinho-celebram-parceria-para-novo-museu-do-folclore\",\"url\":\"https:\\\/\\\/redenoticiaz.com.br\\\/ribeiraopreto-regiao\\\/sp\\\/2022\\\/08\\\/08\\\/fundacao-roberto-marinho-celebram-parceria-para-novo-museu-do-folclore\",\"name\":\"Ol\u00edmpia e Funda\u00e7\u00e3o Roberto Marinho celebram parceria para novo Museu do Folclore - Ribeir\u00e3o Preto e Regi\u00e3o\",\"isPartOf\":{\"@id\":\"https:\\\/\\\/redenoticiaz.com.br\\\/ribeiraopreto-regiao\\\/#website\"},\"primaryImageOfPage\":{\"@id\":\"https:\\\/\\\/redenoticiaz.com.br\\\/ribeiraopreto-regiao\\\/sp\\\/2022\\\/08\\\/08\\\/fundacao-roberto-marinho-celebram-parceria-para-novo-museu-do-folclore#primaryimage\"},\"image\":{\"@id\":\"https:\\\/\\\/redenoticiaz.com.br\\\/ribeiraopreto-regiao\\\/sp\\\/2022\\\/08\\\/08\\\/fundacao-roberto-marinho-celebram-parceria-para-novo-museu-do-folclore#primaryimage\"},\"thumbnailUrl\":\"https:\\\/\\\/redenoticiaz.com.br\\\/ribeiraopreto-regiao\\\/wp-content\\\/uploads\\\/sites\\\/4\\\/2022\\\/08\\\/Parceria-Fundacao-Roberto-Marinho-Novo-Museu-3-scaled.jpg\",\"datePublished\":\"2022-08-08T19:36:36+00:00\",\"dateModified\":\"2022-08-08T19:40:06+00:00\",\"description\":\"Ol\u00edmpia celebra tamb\u00e9m uma importante e in\u00e9dita parceria para a cidade. A Prefeitura da Capital Nacional do Folclore e a Funda\u00e7\u00e3o Roberto Marinho.\",\"inLanguage\":\"pt-BR\",\"potentialAction\":[{\"@type\":\"ReadAction\",\"target\":[\"https:\\\/\\\/redenoticiaz.com.br\\\/ribeiraopreto-regiao\\\/sp\\\/2022\\\/08\\\/08\\\/fundacao-roberto-marinho-celebram-parceria-para-novo-museu-do-folclore\"]}]},{\"@type\":\"ImageObject\",\"inLanguage\":\"pt-BR\",\"@id\":\"https:\\\/\\\/redenoticiaz.com.br\\\/ribeiraopreto-regiao\\\/sp\\\/2022\\\/08\\\/08\\\/fundacao-roberto-marinho-celebram-parceria-para-novo-museu-do-folclore#primaryimage\",\"url\":\"https:\\\/\\\/redenoticiaz.com.br\\\/ribeiraopreto-regiao\\\/wp-content\\\/uploads\\\/sites\\\/4\\\/2022\\\/08\\\/Parceria-Fundacao-Roberto-Marinho-Novo-Museu-3-scaled.jpg\",\"contentUrl\":\"https:\\\/\\\/redenoticiaz.com.br\\\/ribeiraopreto-regiao\\\/wp-content\\\/uploads\\\/sites\\\/4\\\/2022\\\/08\\\/Parceria-Fundacao-Roberto-Marinho-Novo-Museu-3-scaled.jpg\",\"width\":1920,\"height\":1080,\"caption\":\"Parceria Funda\u00e7\u00e3o Roberto Marinho - Novo Museu. Cr\u00e9dito: Divulga\u00e7\u00e3o\"},{\"@type\":\"WebSite\",\"@id\":\"https:\\\/\\\/redenoticiaz.com.br\\\/ribeiraopreto-regiao\\\/#website\",\"url\":\"https:\\\/\\\/redenoticiaz.com.br\\\/ribeiraopreto-regiao\\\/\",\"name\":\"Ribeir\u00e3o Preto e Regi\u00e3o\",\"description\":\"Rede NoticiaZ - Ribeir\u00e3o Preto e regi\u00e3o\",\"publisher\":{\"@id\":\"https:\\\/\\\/redenoticiaz.com.br\\\/ribeiraopreto-regiao\\\/#organization\"},\"potentialAction\":[{\"@type\":\"SearchAction\",\"target\":{\"@type\":\"EntryPoint\",\"urlTemplate\":\"https:\\\/\\\/redenoticiaz.com.br\\\/ribeiraopreto-regiao\\\/?s={search_term_string}\"},\"query-input\":{\"@type\":\"PropertyValueSpecification\",\"valueRequired\":true,\"valueName\":\"search_term_string\"}}],\"inLanguage\":\"pt-BR\"},{\"@type\":\"Organization\",\"@id\":\"https:\\\/\\\/redenoticiaz.com.br\\\/ribeiraopreto-regiao\\\/#organization\",\"name\":\"Ribeir\u00e3o Preto e Regi\u00e3o\",\"url\":\"https:\\\/\\\/redenoticiaz.com.br\\\/ribeiraopreto-regiao\\\/\",\"logo\":{\"@type\":\"ImageObject\",\"inLanguage\":\"pt-BR\",\"@id\":\"https:\\\/\\\/redenoticiaz.com.br\\\/ribeiraopreto-regiao\\\/#\\\/schema\\\/logo\\\/image\\\/\",\"url\":\"https:\\\/\\\/redenoticiaz.com.br\\\/barretos-regiao\\\/wp-content\\\/uploads\\\/sites\\\/4\\\/2022\\\/02\\\/logo.jpg\",\"contentUrl\":\"https:\\\/\\\/redenoticiaz.com.br\\\/barretos-regiao\\\/wp-content\\\/uploads\\\/sites\\\/4\\\/2022\\\/02\\\/logo.jpg\",\"width\":400,\"height\":250,\"caption\":\"Ribeir\u00e3o Preto e Regi\u00e3o\"},\"image\":{\"@id\":\"https:\\\/\\\/redenoticiaz.com.br\\\/ribeiraopreto-regiao\\\/#\\\/schema\\\/logo\\\/image\\\/\"},\"sameAs\":[\"https:\\\/\\\/m.facebook.com\\\/redenoticiaz.barretos\",\"https:\\\/\\\/x.com\\\/RN_barretos\",\"https:\\\/\\\/www.instagram.com\\\/redenoticiaz.barretos\\\/?igshid=YmMyMTA2M2Y\",\"https:\\\/\\\/www.linkedin.com\\\/company\\\/rede-noticiaz-barretos-e-regio\\\/\"]},{\"@type\":\"Person\",\"@id\":\"\",\"url\":\"https:\\\/\\\/redenoticiaz.com.br\\\/ribeiraopreto-regiao\\\/sp\\\/author\"}]}<\/script>\n<!-- \/ Yoast SEO plugin. -->","yoast_head_json":{"title":"Ol\u00edmpia e Funda\u00e7\u00e3o Roberto Marinho celebram parceria para novo Museu do Folclore - Ribeir\u00e3o Preto e Regi\u00e3o","description":"Ol\u00edmpia celebra tamb\u00e9m uma importante e in\u00e9dita parceria para a cidade. A Prefeitura da Capital Nacional do Folclore e a Funda\u00e7\u00e3o Roberto Marinho.","robots":{"index":"index","follow":"follow","max-snippet":"max-snippet:-1","max-image-preview":"max-image-preview:large","max-video-preview":"max-video-preview:-1"},"canonical":"https:\/\/redenoticiaz.com.br\/ribeiraopreto-regiao\/sp\/2022\/08\/08\/fundacao-roberto-marinho-celebram-parceria-para-novo-museu-do-folclore","og_locale":"pt_BR","og_type":"article","og_title":"Ol\u00edmpia e Funda\u00e7\u00e3o Roberto Marinho celebram parceria para novo Museu do Folclore - Ribeir\u00e3o Preto e Regi\u00e3o","og_description":"Ol\u00edmpia celebra tamb\u00e9m uma importante e in\u00e9dita parceria para a cidade. A Prefeitura da Capital Nacional do Folclore e a Funda\u00e7\u00e3o Roberto Marinho.","og_url":"https:\/\/redenoticiaz.com.br\/ribeiraopreto-regiao\/sp\/2022\/08\/08\/fundacao-roberto-marinho-celebram-parceria-para-novo-museu-do-folclore","og_site_name":"Ribeir\u00e3o Preto e Regi\u00e3o","article_publisher":"https:\/\/m.facebook.com\/redenoticiaz.barretos","article_published_time":"2022-08-08T19:36:36+00:00","article_modified_time":"2022-08-08T19:40:06+00:00","og_image":[{"width":1920,"height":1080,"url":"https:\/\/redenoticiaz.com.br\/ribeiraopreto-regiao\/wp-content\/uploads\/sites\/4\/2022\/08\/Parceria-Fundacao-Roberto-Marinho-Novo-Museu-3-scaled.jpg","type":"image\/jpeg"}],"twitter_card":"summary_large_image","twitter_creator":"@RN_barretos","twitter_site":"@RN_barretos","twitter_misc":{"Escrito por":"","Est. tempo de leitura":"4 minutos"},"schema":{"@context":"https:\/\/schema.org","@graph":[{"@type":"Article","@id":"https:\/\/redenoticiaz.com.br\/ribeiraopreto-regiao\/sp\/2022\/08\/08\/fundacao-roberto-marinho-celebram-parceria-para-novo-museu-do-folclore#article","isPartOf":{"@id":"https:\/\/redenoticiaz.com.br\/ribeiraopreto-regiao\/sp\/2022\/08\/08\/fundacao-roberto-marinho-celebram-parceria-para-novo-museu-do-folclore"},"author":{"name":"","@id":""},"headline":"Ol\u00edmpia e Funda\u00e7\u00e3o Roberto Marinho celebram parceria para novo Museu do Folclore","datePublished":"2022-08-08T19:36:36+00:00","dateModified":"2022-08-08T19:40:06+00:00","mainEntityOfPage":{"@id":"https:\/\/redenoticiaz.com.br\/ribeiraopreto-regiao\/sp\/2022\/08\/08\/fundacao-roberto-marinho-celebram-parceria-para-novo-museu-do-folclore"},"wordCount":679,"commentCount":0,"publisher":{"@id":"https:\/\/redenoticiaz.com.br\/ribeiraopreto-regiao\/#organization"},"image":{"@id":"https:\/\/redenoticiaz.com.br\/ribeiraopreto-regiao\/sp\/2022\/08\/08\/fundacao-roberto-marinho-celebram-parceria-para-novo-museu-do-folclore#primaryimage"},"thumbnailUrl":"https:\/\/redenoticiaz.com.br\/ribeiraopreto-regiao\/wp-content\/uploads\/sites\/4\/2022\/08\/Parceria-Fundacao-Roberto-Marinho-Novo-Museu-3-scaled.jpg","keywords":["FOLCLORE","MUSEU","PARCERIA","ROBERTO MARINHO"],"articleSection":["Cultura"],"inLanguage":"pt-BR","potentialAction":[{"@type":"CommentAction","name":"Comment","target":["https:\/\/redenoticiaz.com.br\/ribeiraopreto-regiao\/sp\/2022\/08\/08\/fundacao-roberto-marinho-celebram-parceria-para-novo-museu-do-folclore#respond"]}]},{"@type":"WebPage","@id":"https:\/\/redenoticiaz.com.br\/ribeiraopreto-regiao\/sp\/2022\/08\/08\/fundacao-roberto-marinho-celebram-parceria-para-novo-museu-do-folclore","url":"https:\/\/redenoticiaz.com.br\/ribeiraopreto-regiao\/sp\/2022\/08\/08\/fundacao-roberto-marinho-celebram-parceria-para-novo-museu-do-folclore","name":"Ol\u00edmpia e Funda\u00e7\u00e3o Roberto Marinho celebram parceria para novo Museu do Folclore - Ribeir\u00e3o Preto e Regi\u00e3o","isPartOf":{"@id":"https:\/\/redenoticiaz.com.br\/ribeiraopreto-regiao\/#website"},"primaryImageOfPage":{"@id":"https:\/\/redenoticiaz.com.br\/ribeiraopreto-regiao\/sp\/2022\/08\/08\/fundacao-roberto-marinho-celebram-parceria-para-novo-museu-do-folclore#primaryimage"},"image":{"@id":"https:\/\/redenoticiaz.com.br\/ribeiraopreto-regiao\/sp\/2022\/08\/08\/fundacao-roberto-marinho-celebram-parceria-para-novo-museu-do-folclore#primaryimage"},"thumbnailUrl":"https:\/\/redenoticiaz.com.br\/ribeiraopreto-regiao\/wp-content\/uploads\/sites\/4\/2022\/08\/Parceria-Fundacao-Roberto-Marinho-Novo-Museu-3-scaled.jpg","datePublished":"2022-08-08T19:36:36+00:00","dateModified":"2022-08-08T19:40:06+00:00","description":"Ol\u00edmpia celebra tamb\u00e9m uma importante e in\u00e9dita parceria para a cidade. A Prefeitura da Capital Nacional do Folclore e a Funda\u00e7\u00e3o Roberto Marinho.","inLanguage":"pt-BR","potentialAction":[{"@type":"ReadAction","target":["https:\/\/redenoticiaz.com.br\/ribeiraopreto-regiao\/sp\/2022\/08\/08\/fundacao-roberto-marinho-celebram-parceria-para-novo-museu-do-folclore"]}]},{"@type":"ImageObject","inLanguage":"pt-BR","@id":"https:\/\/redenoticiaz.com.br\/ribeiraopreto-regiao\/sp\/2022\/08\/08\/fundacao-roberto-marinho-celebram-parceria-para-novo-museu-do-folclore#primaryimage","url":"https:\/\/redenoticiaz.com.br\/ribeiraopreto-regiao\/wp-content\/uploads\/sites\/4\/2022\/08\/Parceria-Fundacao-Roberto-Marinho-Novo-Museu-3-scaled.jpg","contentUrl":"https:\/\/redenoticiaz.com.br\/ribeiraopreto-regiao\/wp-content\/uploads\/sites\/4\/2022\/08\/Parceria-Fundacao-Roberto-Marinho-Novo-Museu-3-scaled.jpg","width":1920,"height":1080,"caption":"Parceria Funda\u00e7\u00e3o Roberto Marinho - Novo Museu. Cr\u00e9dito: Divulga\u00e7\u00e3o"},{"@type":"WebSite","@id":"https:\/\/redenoticiaz.com.br\/ribeiraopreto-regiao\/#website","url":"https:\/\/redenoticiaz.com.br\/ribeiraopreto-regiao\/","name":"Ribeir\u00e3o Preto e Regi\u00e3o","description":"Rede NoticiaZ - Ribeir\u00e3o Preto e regi\u00e3o","publisher":{"@id":"https:\/\/redenoticiaz.com.br\/ribeiraopreto-regiao\/#organization"},"potentialAction":[{"@type":"SearchAction","target":{"@type":"EntryPoint","urlTemplate":"https:\/\/redenoticiaz.com.br\/ribeiraopreto-regiao\/?s={search_term_string}"},"query-input":{"@type":"PropertyValueSpecification","valueRequired":true,"valueName":"search_term_string"}}],"inLanguage":"pt-BR"},{"@type":"Organization","@id":"https:\/\/redenoticiaz.com.br\/ribeiraopreto-regiao\/#organization","name":"Ribeir\u00e3o Preto e Regi\u00e3o","url":"https:\/\/redenoticiaz.com.br\/ribeiraopreto-regiao\/","logo":{"@type":"ImageObject","inLanguage":"pt-BR","@id":"https:\/\/redenoticiaz.com.br\/ribeiraopreto-regiao\/#\/schema\/logo\/image\/","url":"https:\/\/redenoticiaz.com.br\/barretos-regiao\/wp-content\/uploads\/sites\/4\/2022\/02\/logo.jpg","contentUrl":"https:\/\/redenoticiaz.com.br\/barretos-regiao\/wp-content\/uploads\/sites\/4\/2022\/02\/logo.jpg","width":400,"height":250,"caption":"Ribeir\u00e3o Preto e Regi\u00e3o"},"image":{"@id":"https:\/\/redenoticiaz.com.br\/ribeiraopreto-regiao\/#\/schema\/logo\/image\/"},"sameAs":["https:\/\/m.facebook.com\/redenoticiaz.barretos","https:\/\/x.com\/RN_barretos","https:\/\/www.instagram.com\/redenoticiaz.barretos\/?igshid=YmMyMTA2M2Y","https:\/\/www.linkedin.com\/company\/rede-noticiaz-barretos-e-regio\/"]},{"@type":"Person","@id":"","url":"https:\/\/redenoticiaz.com.br\/ribeiraopreto-regiao\/sp\/author"}]}},"_links":{"self":[{"href":"https:\/\/redenoticiaz.com.br\/ribeiraopreto-regiao\/wp-json\/wp\/v2\/posts\/89700","targetHints":{"allow":["GET"]}}],"collection":[{"href":"https:\/\/redenoticiaz.com.br\/ribeiraopreto-regiao\/wp-json\/wp\/v2\/posts"}],"about":[{"href":"https:\/\/redenoticiaz.com.br\/ribeiraopreto-regiao\/wp-json\/wp\/v2\/types\/post"}],"author":[{"embeddable":true,"href":"https:\/\/redenoticiaz.com.br\/ribeiraopreto-regiao\/wp-json\/wp\/v2\/users\/15"}],"replies":[{"embeddable":true,"href":"https:\/\/redenoticiaz.com.br\/ribeiraopreto-regiao\/wp-json\/wp\/v2\/comments?post=89700"}],"version-history":[{"count":2,"href":"https:\/\/redenoticiaz.com.br\/ribeiraopreto-regiao\/wp-json\/wp\/v2\/posts\/89700\/revisions"}],"predecessor-version":[{"id":89707,"href":"https:\/\/redenoticiaz.com.br\/ribeiraopreto-regiao\/wp-json\/wp\/v2\/posts\/89700\/revisions\/89707"}],"wp:featuredmedia":[{"embeddable":true,"href":"https:\/\/redenoticiaz.com.br\/ribeiraopreto-regiao\/wp-json\/wp\/v2\/media\/89701"}],"wp:attachment":[{"href":"https:\/\/redenoticiaz.com.br\/ribeiraopreto-regiao\/wp-json\/wp\/v2\/media?parent=89700"}],"wp:term":[{"taxonomy":"category","embeddable":true,"href":"https:\/\/redenoticiaz.com.br\/ribeiraopreto-regiao\/wp-json\/wp\/v2\/categories?post=89700"},{"taxonomy":"post_tag","embeddable":true,"href":"https:\/\/redenoticiaz.com.br\/ribeiraopreto-regiao\/wp-json\/wp\/v2\/tags?post=89700"}],"curies":[{"name":"wp","href":"https:\/\/api.w.org\/{rel}","templated":true}]}}