{"id":89740,"date":"2022-08-09T13:49:18","date_gmt":"2022-08-09T16:49:18","guid":{"rendered":"https:\/\/redenoticiaz.com.br\/barretos-regiao\/?p=89740"},"modified":"2022-08-09T13:49:18","modified_gmt":"2022-08-09T16:49:18","slug":"equipe-de-estrategia-da-familia-passa-a-fazer-atendimento-no-distrito-prata","status":"publish","type":"post","link":"https:\/\/redenoticiaz.com.br\/ribeiraopreto-regiao\/sp\/2022\/08\/09\/equipe-de-estrategia-da-familia-passa-a-fazer-atendimento-no-distrito-prata","title":{"rendered":"Equipe de Estrat\u00e9gia da Fam\u00edlia passa a fazer atendimento no Distrito Prata"},"content":{"rendered":"<p>A popula\u00e7\u00e3o rural do Distrito Prata passa a contar, em seu pr\u00f3prio territ\u00f3rio, quinzenalmente com o atendimento da equipe de estrat\u00e9gia da fam\u00edlia, respons\u00e1vel pela aten\u00e7\u00e3o b\u00e1sica de sa\u00fade. Com a iniciativa da Secretaria Municipal de Sa\u00fade da Est\u00e2ncia Tur\u00edstica de Barretos, os 78 moradores dessa regi\u00e3o rural n\u00e3o precisar\u00e3o mais se deslocar por aproximadamente 40 minutos at\u00e9 a Unidade Sa\u00fade da Fam\u00edlia (USF) para passarem pelo m\u00e9dico ou terem atendimento da enfermeira da estrat\u00e9gia da fam\u00edlia. Antes dessa a\u00e7\u00e3o, para se consultar, eles precisavam ir at\u00e9 a USF do Ibitu, que \u00e9 outra \u00e1rea rural, a 22 quil\u00f4metros de dist\u00e2ncia.<\/p>\n<p>Os atendimentos na regi\u00e3o do Distrito Prata ser\u00e3o realizados na igreja S\u00e3o Vicente de Paulo, na pr\u00f3pria comunidade rural e a princ\u00edpio ser\u00e1 quinzenal. \u00a0Esta segunda-feira, 8, foi o segundo dia da a\u00e7\u00e3o, iniciada na segunda-feira 25 de julho.<\/p>\n<p><b>Levando o servi\u00e7o at\u00e9 a comunidade<\/b><\/p>\n<p><img loading=\"lazy\" decoding=\"async\" class=\"size-medium wp-image-89741 alignleft\" src=\"https:\/\/redenoticiaz.com.br\/barretos-regiao\/wp-content\/uploads\/sites\/4\/2022\/08\/prata-1-261x300.jpeg\" alt=\"\" width=\"261\" height=\"300\" srcset=\"https:\/\/redenoticiaz.com.br\/ribeiraopreto-regiao\/wp-content\/uploads\/sites\/4\/2022\/08\/prata-1-261x300.jpeg 261w, https:\/\/redenoticiaz.com.br\/ribeiraopreto-regiao\/wp-content\/uploads\/sites\/4\/2022\/08\/prata-1.jpeg 651w\" sizes=\"auto, (max-width: 261px) 100vw, 261px\" \/>No espa\u00e7o preparado na igreja, os moradores passar\u00e3o por consulta m\u00e9dica e poder\u00e3o fazer exames como eletrocardiograma quando necess\u00e1rio ou terem materiais para outros exames coletados e levados pela equipe de estrat\u00e9gia de sa\u00fade para an\u00e1lise laboratorial. &#8220;Na primeira segunda-feira, iniciamos os atendimentos aos pacientes dentro da igreja e o consult\u00f3rio m\u00e9dico foi montado na sacristia. Nesse primeiro dia, foram 20 atendimentos e deu tudo certo&#8221;, conta a enfermeira Elissandra. A equipe tamb\u00e9m j\u00e1 deixou no local uma maca, uma mesa e cadeiras para as pr\u00f3ximas vezes.<\/p>\n<p><em>&#8220;Tamb\u00e9m vamos acompanhar a carteira de vacina\u00e7\u00e3o dos moradores e agora podemos aplicar ali mesmo as vacinas contra Covid-19, gripe e outras que sejam necess\u00e1rias&#8221;, destaca Elissandra. Nesta primeira semana, um paciente recebeu a segunda dose da vacina contra Covid-19 e outras duas pessoas foram vacinadas com a dose de refor\u00e7o. Um adulto e tr\u00eas crian\u00e7as foram vacinados contra a gripe. &#8220;As crian\u00e7as enfrentaram a picadinha com coragem. N\u00e3o teve choro!&#8221;<\/em>, comenta. A enfermeira tamb\u00e9m observou que os pacientes com medicamentos prescritos j\u00e1 sa\u00edram dali levando a medica\u00e7\u00e3o para casa.<\/p>\n<h4><b>Equipe de Estrat\u00e9gia da Fam\u00edlia<\/b><\/h4>\n<p>Quatro profissionais comp\u00f5em a equipe de estrat\u00e9gia da fam\u00edlia que far\u00e1 quinzenalmente os atendimentos no local: o m\u00e9dico, a enfermeira, a agente comunit\u00e1ria de sa\u00fade e um funcion\u00e1rio de servi\u00e7os gerais, que dar\u00e1 apoio log\u00edstico. A agente comunit\u00e1ria de sa\u00fade Cl\u00e1udia Abe mora na comunidade de Prata. Ela j\u00e1 \u00e9 o contato mais pr\u00f3ximo com os moradores no dia a dia e tamb\u00e9m fez o meio de campo na comunidade para se abrir as portas da Igreja S\u00e3o Vicente de Paulo para essa iniciativa.<\/p>\n<h4>Atendimento:<\/h4>\n<p><b><\/b><b>Distrito Prata<\/b>\u00a0&#8211; Atendimento da equipe de estrat\u00e9gia de Fam\u00edlia na igreja S\u00e3o Vicente de Paulo:<br \/>\nQuinzenal \u2013 \u00e0s segundas-feiras<\/p>\n<p><b>USF Ibitu<\/b>:<br \/>\nRefer\u00eancia para os bairros:\u00a0Ibitu, Adolfo Pinto, Lagoinha, Tr\u00eas Barras, Ranchos\u00a0 Rio\u00a0 Pardo,\u00a0 Cachoeirinha,\u00a0 Cruzeirinho,\u00a0 Fazendas da Vicinal fora da Lagoinha, Fazenda da Rod. Assis Chateaubriand e distrito Prata.<br \/>\nEndere\u00e7o: Av. Jorge Tibiri\u00e7\u00e1 s\/n\u00ba &#8211; Distrito de Ibitu<br \/>\nFuncionamento: segunda a sexta-feira, das\u00a0<i>07h \u00e0s 17h<\/i><br \/>\nAtendimento m\u00e9dico: quinzenal \u00e0s segundas feiras e todas as quartas e sextas-feiras<br \/>\nTelefone: (17) 3612-2477<\/p>\n<p><b>USF Alberto Moreira:<\/b><br \/>\nRefer\u00eancia para os bairros: Alberto Moreira, Cidade Maria, todas as ch\u00e1caras, s\u00edtios e fazendas do pontilh\u00e3o at\u00e9 a divisa de Col\u00f4mbia e Gua\u00edra.<br \/>\nEndere\u00e7o: Rua 6 s\/n\u00ba (com Av. 3) &#8211; Distrito de Alberto Moreira<br \/>\nFuncionamento: segunda a sexta, das\u00a0<i>07h \u00e0s 17h<\/i><br \/>\nAtendimento m\u00e9dico: ter\u00e7as e quintas-feiras<br \/>\nTelefone: (17) 3612-2488<\/p>\n<p><strong>VEJA TAMB\u00c9M:\u00a0<a href=\"https:\/\/redenoticiaz.com.br\/barretos-regiao\/sp\/2022\/08\/07\/ministerio-da-saude-lanca-campanha-nacional-de-vacinacao\">Minist\u00e9rio da Sa\u00fade lan\u00e7a Campanha Nacional de Vacina\u00e7\u00e3o<\/a><\/strong><\/p>\n<p>&nbsp;<\/p>\n","protected":false},"excerpt":{"rendered":"<p>A popula\u00e7\u00e3o rural do Distrito Prata passa a contar, em seu pr\u00f3prio territ\u00f3rio, quinzenalmente com o atendimento da equipe de estrat\u00e9gia da fam\u00edlia, respons\u00e1vel pela aten\u00e7\u00e3o b\u00e1sica de sa\u00fade. Com a iniciativa da Secretaria Municipal de Sa\u00fade da Est\u00e2ncia Tur\u00edstica de Barretos, os 78 moradores dessa regi\u00e3o rural n\u00e3o precisar\u00e3o mais se deslocar por aproximadamente &hellip;<\/p>\n","protected":false},"author":15,"featured_media":89746,"comment_status":"open","ping_status":"closed","sticky":false,"template":"","format":"standard","meta":{"footnotes":""},"categories":[129],"tags":[3693,10635,18276,165],"class_list":["post-89740","post","type-post","status-publish","format-standard","has-post-thumbnail","hentry","category-saude","tag-atendimento","tag-medico","tag-rural","tag-saude"],"yoast_head":"<!-- This site is optimized with the Yoast SEO plugin v28.4 - https:\/\/yoast.com\/product\/yoast-seo-wordpress\/ -->\n<title>Equipe de Estrat\u00e9gia da Fam\u00edlia passa a fazer atendimento no Distrito Prata - Ribeir\u00e3o Preto e Regi\u00e3o<\/title>\n<meta name=\"description\" content=\"A popula\u00e7\u00e3o rural do Distrito Prata passa a contar, em seu pr\u00f3prio territ\u00f3rio, quinzenalmente com o atendimento da equipe de estrat\u00e9gia da fam\u00edlia.\" \/>\n<meta name=\"robots\" content=\"index, follow, max-snippet:-1, max-image-preview:large, max-video-preview:-1\" \/>\n<link rel=\"canonical\" href=\"https:\/\/redenoticiaz.com.br\/ribeiraopreto-regiao\/sp\/2022\/08\/09\/equipe-de-estrategia-da-familia-passa-a-fazer-atendimento-no-distrito-prata\" \/>\n<meta property=\"og:locale\" content=\"pt_BR\" \/>\n<meta property=\"og:type\" content=\"article\" \/>\n<meta property=\"og:title\" content=\"Equipe de Estrat\u00e9gia da Fam\u00edlia passa a fazer atendimento no Distrito Prata - Ribeir\u00e3o Preto e Regi\u00e3o\" \/>\n<meta property=\"og:description\" content=\"A popula\u00e7\u00e3o rural do Distrito Prata passa a contar, em seu pr\u00f3prio territ\u00f3rio, quinzenalmente com o atendimento da equipe de estrat\u00e9gia da fam\u00edlia.\" \/>\n<meta property=\"og:url\" content=\"https:\/\/redenoticiaz.com.br\/ribeiraopreto-regiao\/sp\/2022\/08\/09\/equipe-de-estrategia-da-familia-passa-a-fazer-atendimento-no-distrito-prata\" \/>\n<meta property=\"og:site_name\" content=\"Ribeir\u00e3o Preto e Regi\u00e3o\" \/>\n<meta property=\"article:publisher\" content=\"https:\/\/m.facebook.com\/redenoticiaz.barretos\" \/>\n<meta property=\"article:published_time\" content=\"2022-08-09T16:49:18+00:00\" \/>\n<meta property=\"og:image\" content=\"https:\/\/redenoticiaz.com.br\/ribeiraopreto-regiao\/wp-content\/uploads\/sites\/4\/2022\/08\/prata.jpeg\" \/>\n\t<meta property=\"og:image:width\" content=\"768\" \/>\n\t<meta property=\"og:image:height\" content=\"500\" \/>\n\t<meta property=\"og:image:type\" content=\"image\/jpeg\" \/>\n<meta name=\"twitter:card\" content=\"summary_large_image\" \/>\n<meta name=\"twitter:creator\" content=\"@RN_barretos\" \/>\n<meta name=\"twitter:site\" content=\"@RN_barretos\" \/>\n<meta name=\"twitter:label1\" content=\"Escrito por\" \/>\n\t<meta name=\"twitter:data1\" content=\"\" \/>\n\t<meta name=\"twitter:label2\" content=\"Est. tempo de leitura\" \/>\n\t<meta name=\"twitter:data2\" content=\"4 minutos\" \/>\n<script type=\"application\/ld+json\" class=\"yoast-schema-graph\">{\"@context\":\"https:\\\/\\\/schema.org\",\"@graph\":[{\"@type\":\"Article\",\"@id\":\"https:\\\/\\\/redenoticiaz.com.br\\\/ribeiraopreto-regiao\\\/sp\\\/2022\\\/08\\\/09\\\/equipe-de-estrategia-da-familia-passa-a-fazer-atendimento-no-distrito-prata#article\",\"isPartOf\":{\"@id\":\"https:\\\/\\\/redenoticiaz.com.br\\\/ribeiraopreto-regiao\\\/sp\\\/2022\\\/08\\\/09\\\/equipe-de-estrategia-da-familia-passa-a-fazer-atendimento-no-distrito-prata\"},\"author\":{\"name\":\"\",\"@id\":\"\"},\"headline\":\"Equipe de Estrat\u00e9gia da Fam\u00edlia passa a fazer atendimento no Distrito Prata\",\"datePublished\":\"2022-08-09T16:49:18+00:00\",\"mainEntityOfPage\":{\"@id\":\"https:\\\/\\\/redenoticiaz.com.br\\\/ribeiraopreto-regiao\\\/sp\\\/2022\\\/08\\\/09\\\/equipe-de-estrategia-da-familia-passa-a-fazer-atendimento-no-distrito-prata\"},\"wordCount\":655,\"commentCount\":0,\"publisher\":{\"@id\":\"https:\\\/\\\/redenoticiaz.com.br\\\/ribeiraopreto-regiao\\\/#organization\"},\"image\":{\"@id\":\"https:\\\/\\\/redenoticiaz.com.br\\\/ribeiraopreto-regiao\\\/sp\\\/2022\\\/08\\\/09\\\/equipe-de-estrategia-da-familia-passa-a-fazer-atendimento-no-distrito-prata#primaryimage\"},\"thumbnailUrl\":\"https:\\\/\\\/redenoticiaz.com.br\\\/ribeiraopreto-regiao\\\/wp-content\\\/uploads\\\/sites\\\/4\\\/2022\\\/08\\\/prata.jpeg\",\"keywords\":[\"ATENDIMENTO\",\"M\u00c9DICO\",\"RURAL\",\"saude\"],\"articleSection\":[\"Sa\u00fade\"],\"inLanguage\":\"pt-BR\",\"potentialAction\":[{\"@type\":\"CommentAction\",\"name\":\"Comment\",\"target\":[\"https:\\\/\\\/redenoticiaz.com.br\\\/ribeiraopreto-regiao\\\/sp\\\/2022\\\/08\\\/09\\\/equipe-de-estrategia-da-familia-passa-a-fazer-atendimento-no-distrito-prata#respond\"]}]},{\"@type\":\"WebPage\",\"@id\":\"https:\\\/\\\/redenoticiaz.com.br\\\/ribeiraopreto-regiao\\\/sp\\\/2022\\\/08\\\/09\\\/equipe-de-estrategia-da-familia-passa-a-fazer-atendimento-no-distrito-prata\",\"url\":\"https:\\\/\\\/redenoticiaz.com.br\\\/ribeiraopreto-regiao\\\/sp\\\/2022\\\/08\\\/09\\\/equipe-de-estrategia-da-familia-passa-a-fazer-atendimento-no-distrito-prata\",\"name\":\"Equipe de Estrat\u00e9gia da Fam\u00edlia passa a fazer atendimento no Distrito Prata - Ribeir\u00e3o Preto e Regi\u00e3o\",\"isPartOf\":{\"@id\":\"https:\\\/\\\/redenoticiaz.com.br\\\/ribeiraopreto-regiao\\\/#website\"},\"primaryImageOfPage\":{\"@id\":\"https:\\\/\\\/redenoticiaz.com.br\\\/ribeiraopreto-regiao\\\/sp\\\/2022\\\/08\\\/09\\\/equipe-de-estrategia-da-familia-passa-a-fazer-atendimento-no-distrito-prata#primaryimage\"},\"image\":{\"@id\":\"https:\\\/\\\/redenoticiaz.com.br\\\/ribeiraopreto-regiao\\\/sp\\\/2022\\\/08\\\/09\\\/equipe-de-estrategia-da-familia-passa-a-fazer-atendimento-no-distrito-prata#primaryimage\"},\"thumbnailUrl\":\"https:\\\/\\\/redenoticiaz.com.br\\\/ribeiraopreto-regiao\\\/wp-content\\\/uploads\\\/sites\\\/4\\\/2022\\\/08\\\/prata.jpeg\",\"datePublished\":\"2022-08-09T16:49:18+00:00\",\"description\":\"A popula\u00e7\u00e3o rural do Distrito Prata passa a contar, em seu pr\u00f3prio territ\u00f3rio, quinzenalmente com o atendimento da equipe de estrat\u00e9gia da fam\u00edlia.\",\"inLanguage\":\"pt-BR\",\"potentialAction\":[{\"@type\":\"ReadAction\",\"target\":[\"https:\\\/\\\/redenoticiaz.com.br\\\/ribeiraopreto-regiao\\\/sp\\\/2022\\\/08\\\/09\\\/equipe-de-estrategia-da-familia-passa-a-fazer-atendimento-no-distrito-prata\"]}]},{\"@type\":\"ImageObject\",\"inLanguage\":\"pt-BR\",\"@id\":\"https:\\\/\\\/redenoticiaz.com.br\\\/ribeiraopreto-regiao\\\/sp\\\/2022\\\/08\\\/09\\\/equipe-de-estrategia-da-familia-passa-a-fazer-atendimento-no-distrito-prata#primaryimage\",\"url\":\"https:\\\/\\\/redenoticiaz.com.br\\\/ribeiraopreto-regiao\\\/wp-content\\\/uploads\\\/sites\\\/4\\\/2022\\\/08\\\/prata.jpeg\",\"contentUrl\":\"https:\\\/\\\/redenoticiaz.com.br\\\/ribeiraopreto-regiao\\\/wp-content\\\/uploads\\\/sites\\\/4\\\/2022\\\/08\\\/prata.jpeg\",\"width\":768,\"height\":500,\"caption\":\"Atendimento m\u00e9dico a popula\u00e7\u00e3o. Cr\u00e9dito: Reprodu\u00e7\u00e3o\"},{\"@type\":\"WebSite\",\"@id\":\"https:\\\/\\\/redenoticiaz.com.br\\\/ribeiraopreto-regiao\\\/#website\",\"url\":\"https:\\\/\\\/redenoticiaz.com.br\\\/ribeiraopreto-regiao\\\/\",\"name\":\"Ribeir\u00e3o Preto e Regi\u00e3o\",\"description\":\"Rede NoticiaZ - Ribeir\u00e3o Preto e regi\u00e3o\",\"publisher\":{\"@id\":\"https:\\\/\\\/redenoticiaz.com.br\\\/ribeiraopreto-regiao\\\/#organization\"},\"potentialAction\":[{\"@type\":\"SearchAction\",\"target\":{\"@type\":\"EntryPoint\",\"urlTemplate\":\"https:\\\/\\\/redenoticiaz.com.br\\\/ribeiraopreto-regiao\\\/?s={search_term_string}\"},\"query-input\":{\"@type\":\"PropertyValueSpecification\",\"valueRequired\":true,\"valueName\":\"search_term_string\"}}],\"inLanguage\":\"pt-BR\"},{\"@type\":\"Organization\",\"@id\":\"https:\\\/\\\/redenoticiaz.com.br\\\/ribeiraopreto-regiao\\\/#organization\",\"name\":\"Ribeir\u00e3o Preto e Regi\u00e3o\",\"url\":\"https:\\\/\\\/redenoticiaz.com.br\\\/ribeiraopreto-regiao\\\/\",\"logo\":{\"@type\":\"ImageObject\",\"inLanguage\":\"pt-BR\",\"@id\":\"https:\\\/\\\/redenoticiaz.com.br\\\/ribeiraopreto-regiao\\\/#\\\/schema\\\/logo\\\/image\\\/\",\"url\":\"https:\\\/\\\/redenoticiaz.com.br\\\/barretos-regiao\\\/wp-content\\\/uploads\\\/sites\\\/4\\\/2022\\\/02\\\/logo.jpg\",\"contentUrl\":\"https:\\\/\\\/redenoticiaz.com.br\\\/barretos-regiao\\\/wp-content\\\/uploads\\\/sites\\\/4\\\/2022\\\/02\\\/logo.jpg\",\"width\":400,\"height\":250,\"caption\":\"Ribeir\u00e3o Preto e Regi\u00e3o\"},\"image\":{\"@id\":\"https:\\\/\\\/redenoticiaz.com.br\\\/ribeiraopreto-regiao\\\/#\\\/schema\\\/logo\\\/image\\\/\"},\"sameAs\":[\"https:\\\/\\\/m.facebook.com\\\/redenoticiaz.barretos\",\"https:\\\/\\\/x.com\\\/RN_barretos\",\"https:\\\/\\\/www.instagram.com\\\/redenoticiaz.barretos\\\/?igshid=YmMyMTA2M2Y\",\"https:\\\/\\\/www.linkedin.com\\\/company\\\/rede-noticiaz-barretos-e-regio\\\/\"]},{\"@type\":\"Person\",\"@id\":\"\",\"url\":\"https:\\\/\\\/redenoticiaz.com.br\\\/ribeiraopreto-regiao\\\/sp\\\/author\"}]}<\/script>\n<!-- \/ Yoast SEO plugin. -->","yoast_head_json":{"title":"Equipe de Estrat\u00e9gia da Fam\u00edlia passa a fazer atendimento no Distrito Prata - Ribeir\u00e3o Preto e Regi\u00e3o","description":"A popula\u00e7\u00e3o rural do Distrito Prata passa a contar, em seu pr\u00f3prio territ\u00f3rio, quinzenalmente com o atendimento da equipe de estrat\u00e9gia da fam\u00edlia.","robots":{"index":"index","follow":"follow","max-snippet":"max-snippet:-1","max-image-preview":"max-image-preview:large","max-video-preview":"max-video-preview:-1"},"canonical":"https:\/\/redenoticiaz.com.br\/ribeiraopreto-regiao\/sp\/2022\/08\/09\/equipe-de-estrategia-da-familia-passa-a-fazer-atendimento-no-distrito-prata","og_locale":"pt_BR","og_type":"article","og_title":"Equipe de Estrat\u00e9gia da Fam\u00edlia passa a fazer atendimento no Distrito Prata - Ribeir\u00e3o Preto e Regi\u00e3o","og_description":"A popula\u00e7\u00e3o rural do Distrito Prata passa a contar, em seu pr\u00f3prio territ\u00f3rio, quinzenalmente com o atendimento da equipe de estrat\u00e9gia da fam\u00edlia.","og_url":"https:\/\/redenoticiaz.com.br\/ribeiraopreto-regiao\/sp\/2022\/08\/09\/equipe-de-estrategia-da-familia-passa-a-fazer-atendimento-no-distrito-prata","og_site_name":"Ribeir\u00e3o Preto e Regi\u00e3o","article_publisher":"https:\/\/m.facebook.com\/redenoticiaz.barretos","article_published_time":"2022-08-09T16:49:18+00:00","og_image":[{"width":768,"height":500,"url":"https:\/\/redenoticiaz.com.br\/ribeiraopreto-regiao\/wp-content\/uploads\/sites\/4\/2022\/08\/prata.jpeg","type":"image\/jpeg"}],"twitter_card":"summary_large_image","twitter_creator":"@RN_barretos","twitter_site":"@RN_barretos","twitter_misc":{"Escrito por":"","Est. tempo de leitura":"4 minutos"},"schema":{"@context":"https:\/\/schema.org","@graph":[{"@type":"Article","@id":"https:\/\/redenoticiaz.com.br\/ribeiraopreto-regiao\/sp\/2022\/08\/09\/equipe-de-estrategia-da-familia-passa-a-fazer-atendimento-no-distrito-prata#article","isPartOf":{"@id":"https:\/\/redenoticiaz.com.br\/ribeiraopreto-regiao\/sp\/2022\/08\/09\/equipe-de-estrategia-da-familia-passa-a-fazer-atendimento-no-distrito-prata"},"author":{"name":"","@id":""},"headline":"Equipe de Estrat\u00e9gia da Fam\u00edlia passa a fazer atendimento no Distrito Prata","datePublished":"2022-08-09T16:49:18+00:00","mainEntityOfPage":{"@id":"https:\/\/redenoticiaz.com.br\/ribeiraopreto-regiao\/sp\/2022\/08\/09\/equipe-de-estrategia-da-familia-passa-a-fazer-atendimento-no-distrito-prata"},"wordCount":655,"commentCount":0,"publisher":{"@id":"https:\/\/redenoticiaz.com.br\/ribeiraopreto-regiao\/#organization"},"image":{"@id":"https:\/\/redenoticiaz.com.br\/ribeiraopreto-regiao\/sp\/2022\/08\/09\/equipe-de-estrategia-da-familia-passa-a-fazer-atendimento-no-distrito-prata#primaryimage"},"thumbnailUrl":"https:\/\/redenoticiaz.com.br\/ribeiraopreto-regiao\/wp-content\/uploads\/sites\/4\/2022\/08\/prata.jpeg","keywords":["ATENDIMENTO","M\u00c9DICO","RURAL","saude"],"articleSection":["Sa\u00fade"],"inLanguage":"pt-BR","potentialAction":[{"@type":"CommentAction","name":"Comment","target":["https:\/\/redenoticiaz.com.br\/ribeiraopreto-regiao\/sp\/2022\/08\/09\/equipe-de-estrategia-da-familia-passa-a-fazer-atendimento-no-distrito-prata#respond"]}]},{"@type":"WebPage","@id":"https:\/\/redenoticiaz.com.br\/ribeiraopreto-regiao\/sp\/2022\/08\/09\/equipe-de-estrategia-da-familia-passa-a-fazer-atendimento-no-distrito-prata","url":"https:\/\/redenoticiaz.com.br\/ribeiraopreto-regiao\/sp\/2022\/08\/09\/equipe-de-estrategia-da-familia-passa-a-fazer-atendimento-no-distrito-prata","name":"Equipe de Estrat\u00e9gia da Fam\u00edlia passa a fazer atendimento no Distrito Prata - Ribeir\u00e3o Preto e Regi\u00e3o","isPartOf":{"@id":"https:\/\/redenoticiaz.com.br\/ribeiraopreto-regiao\/#website"},"primaryImageOfPage":{"@id":"https:\/\/redenoticiaz.com.br\/ribeiraopreto-regiao\/sp\/2022\/08\/09\/equipe-de-estrategia-da-familia-passa-a-fazer-atendimento-no-distrito-prata#primaryimage"},"image":{"@id":"https:\/\/redenoticiaz.com.br\/ribeiraopreto-regiao\/sp\/2022\/08\/09\/equipe-de-estrategia-da-familia-passa-a-fazer-atendimento-no-distrito-prata#primaryimage"},"thumbnailUrl":"https:\/\/redenoticiaz.com.br\/ribeiraopreto-regiao\/wp-content\/uploads\/sites\/4\/2022\/08\/prata.jpeg","datePublished":"2022-08-09T16:49:18+00:00","description":"A popula\u00e7\u00e3o rural do Distrito Prata passa a contar, em seu pr\u00f3prio territ\u00f3rio, quinzenalmente com o atendimento da equipe de estrat\u00e9gia da fam\u00edlia.","inLanguage":"pt-BR","potentialAction":[{"@type":"ReadAction","target":["https:\/\/redenoticiaz.com.br\/ribeiraopreto-regiao\/sp\/2022\/08\/09\/equipe-de-estrategia-da-familia-passa-a-fazer-atendimento-no-distrito-prata"]}]},{"@type":"ImageObject","inLanguage":"pt-BR","@id":"https:\/\/redenoticiaz.com.br\/ribeiraopreto-regiao\/sp\/2022\/08\/09\/equipe-de-estrategia-da-familia-passa-a-fazer-atendimento-no-distrito-prata#primaryimage","url":"https:\/\/redenoticiaz.com.br\/ribeiraopreto-regiao\/wp-content\/uploads\/sites\/4\/2022\/08\/prata.jpeg","contentUrl":"https:\/\/redenoticiaz.com.br\/ribeiraopreto-regiao\/wp-content\/uploads\/sites\/4\/2022\/08\/prata.jpeg","width":768,"height":500,"caption":"Atendimento m\u00e9dico a popula\u00e7\u00e3o. Cr\u00e9dito: Reprodu\u00e7\u00e3o"},{"@type":"WebSite","@id":"https:\/\/redenoticiaz.com.br\/ribeiraopreto-regiao\/#website","url":"https:\/\/redenoticiaz.com.br\/ribeiraopreto-regiao\/","name":"Ribeir\u00e3o Preto e Regi\u00e3o","description":"Rede NoticiaZ - Ribeir\u00e3o Preto e regi\u00e3o","publisher":{"@id":"https:\/\/redenoticiaz.com.br\/ribeiraopreto-regiao\/#organization"},"potentialAction":[{"@type":"SearchAction","target":{"@type":"EntryPoint","urlTemplate":"https:\/\/redenoticiaz.com.br\/ribeiraopreto-regiao\/?s={search_term_string}"},"query-input":{"@type":"PropertyValueSpecification","valueRequired":true,"valueName":"search_term_string"}}],"inLanguage":"pt-BR"},{"@type":"Organization","@id":"https:\/\/redenoticiaz.com.br\/ribeiraopreto-regiao\/#organization","name":"Ribeir\u00e3o Preto e Regi\u00e3o","url":"https:\/\/redenoticiaz.com.br\/ribeiraopreto-regiao\/","logo":{"@type":"ImageObject","inLanguage":"pt-BR","@id":"https:\/\/redenoticiaz.com.br\/ribeiraopreto-regiao\/#\/schema\/logo\/image\/","url":"https:\/\/redenoticiaz.com.br\/barretos-regiao\/wp-content\/uploads\/sites\/4\/2022\/02\/logo.jpg","contentUrl":"https:\/\/redenoticiaz.com.br\/barretos-regiao\/wp-content\/uploads\/sites\/4\/2022\/02\/logo.jpg","width":400,"height":250,"caption":"Ribeir\u00e3o Preto e Regi\u00e3o"},"image":{"@id":"https:\/\/redenoticiaz.com.br\/ribeiraopreto-regiao\/#\/schema\/logo\/image\/"},"sameAs":["https:\/\/m.facebook.com\/redenoticiaz.barretos","https:\/\/x.com\/RN_barretos","https:\/\/www.instagram.com\/redenoticiaz.barretos\/?igshid=YmMyMTA2M2Y","https:\/\/www.linkedin.com\/company\/rede-noticiaz-barretos-e-regio\/"]},{"@type":"Person","@id":"","url":"https:\/\/redenoticiaz.com.br\/ribeiraopreto-regiao\/sp\/author"}]}},"_links":{"self":[{"href":"https:\/\/redenoticiaz.com.br\/ribeiraopreto-regiao\/wp-json\/wp\/v2\/posts\/89740","targetHints":{"allow":["GET"]}}],"collection":[{"href":"https:\/\/redenoticiaz.com.br\/ribeiraopreto-regiao\/wp-json\/wp\/v2\/posts"}],"about":[{"href":"https:\/\/redenoticiaz.com.br\/ribeiraopreto-regiao\/wp-json\/wp\/v2\/types\/post"}],"author":[{"embeddable":true,"href":"https:\/\/redenoticiaz.com.br\/ribeiraopreto-regiao\/wp-json\/wp\/v2\/users\/15"}],"replies":[{"embeddable":true,"href":"https:\/\/redenoticiaz.com.br\/ribeiraopreto-regiao\/wp-json\/wp\/v2\/comments?post=89740"}],"version-history":[{"count":1,"href":"https:\/\/redenoticiaz.com.br\/ribeiraopreto-regiao\/wp-json\/wp\/v2\/posts\/89740\/revisions"}],"predecessor-version":[{"id":89747,"href":"https:\/\/redenoticiaz.com.br\/ribeiraopreto-regiao\/wp-json\/wp\/v2\/posts\/89740\/revisions\/89747"}],"wp:featuredmedia":[{"embeddable":true,"href":"https:\/\/redenoticiaz.com.br\/ribeiraopreto-regiao\/wp-json\/wp\/v2\/media\/89746"}],"wp:attachment":[{"href":"https:\/\/redenoticiaz.com.br\/ribeiraopreto-regiao\/wp-json\/wp\/v2\/media?parent=89740"}],"wp:term":[{"taxonomy":"category","embeddable":true,"href":"https:\/\/redenoticiaz.com.br\/ribeiraopreto-regiao\/wp-json\/wp\/v2\/categories?post=89740"},{"taxonomy":"post_tag","embeddable":true,"href":"https:\/\/redenoticiaz.com.br\/ribeiraopreto-regiao\/wp-json\/wp\/v2\/tags?post=89740"}],"curies":[{"name":"wp","href":"https:\/\/api.w.org\/{rel}","templated":true}]}}