{"id":89783,"date":"2022-08-13T10:00:28","date_gmt":"2022-08-13T13:00:28","guid":{"rendered":"https:\/\/redenoticiaz.com.br\/barretos-regiao\/?p=89783"},"modified":"2022-08-09T20:08:05","modified_gmt":"2022-08-09T23:08:05","slug":"brasil-tem-mais-de-31-mil-denuncias-de-violencia-domestica-ou-familiar-contra-as-mulheres-ate-julho-de-2022","status":"publish","type":"post","link":"https:\/\/redenoticiaz.com.br\/ribeiraopreto-regiao\/sp\/2022\/08\/13\/brasil-tem-mais-de-31-mil-denuncias-de-violencia-domestica-ou-familiar-contra-as-mulheres-ate-julho-de-2022","title":{"rendered":"Brasil tem mais de 31 mil den\u00fancias de viol\u00eancia dom\u00e9stica ou familiar contra as mulheres at\u00e9 julho de 2022"},"content":{"rendered":"<p dir=\"ltr\">Neste\u00a0Agosto Lil\u00e1s, m\u00eas de conscientiza\u00e7\u00e3o contra todos os tipos de viol\u00eancia dom\u00e9stica sofridas por mulheres, o Minist\u00e9rio da Mulher, da Fam\u00edlia e dos Direitos Humanos (MMFDH)\u00a0disponibiliza informa\u00e7\u00f5es sobre as cinco formas em que essas viola\u00e7\u00f5es podem acontecer &#8211; seja a viol\u00eancia f\u00edsica, sexual, psicol\u00f3gica, moral ou patrimonial &#8211; e como os cidad\u00e3os podem denunciar junto \u00e0 Ouvidoria Nacional dos Direitos Humanos (ONDH). No primeiro semestre de 2022, a central de atendimento registrou 31.398 den\u00fancias e 169.676 viola\u00e7\u00f5es envolvendo a viol\u00eancia dom\u00e9stica contra as mulheres.<\/p>\n<p dir=\"ltr\">O n\u00famero de casos de viola\u00e7\u00f5es aos direitos humanos de mulheres, acima apresentados, s\u00e3o maiores do as den\u00fancias recebidas, pois uma \u00fanica den\u00fancia pode conter mais de uma viola\u00e7\u00e3o de direitos humanos. Os dados referem-se \u00e0 viol\u00eancia dom\u00e9stica ou familiar contra mulheres brasileiras at\u00e9 a primeira semana de julho de 2022, como ilustra o gr\u00e1fico abaixo.<\/p>\n<p dir=\"ltr\">Para a ministra da Mulher, da Fam\u00edlia e dos Direitos Humanos, Cristiane Britto, refor\u00e7ar a import\u00e2ncia da dissemina\u00e7\u00e3o dos canais de den\u00fancia para todos os atos de viol\u00eancia contra a mulher \u00e9 sempre uma oportunidade para enfrentar a subnotifica\u00e7\u00e3o existente no pa\u00eds em casos de medo e dificuldade da mulher sair dos ciclos de viol\u00eancia.<\/p>\n<blockquote>\n<p dir=\"ltr\">\u201cQueremos que, cada vez mais, a informa\u00e7\u00e3o chegue l\u00e1 na ponta, at\u00e9 as mulheres que ainda n\u00e3o conhecem os nossos canais de den\u00fancia. Sabemos que cerca de 70% das mulheres v\u00edtimas de feminic\u00eddio no Brasil nunca passaram pela rede de prote\u00e7\u00e3o. Por isso, reiteramos que o nosso Ligue 180 funciona 24h por dia, inclusive por WhatsApp\u201d<\/p>\n<\/blockquote>\n<h2 dir=\"ltr\"><strong>Ciclo de viol\u00eancias<\/strong><\/h2>\n<p dir=\"ltr\">A psic\u00f3loga e doutora em sociologia Laura Frade indica que um dos primeiros sinais de que uma mulher est\u00e1 vivenciando um ciclo de viol\u00eancias \u00e9 o afastamento dela do c\u00edrculo familiar e de amigos.<\/p>\n<p dir=\"ltr\">Na perspectiva do enfrentamento ao ciclo de viol\u00eancias, a psic\u00f3loga alerta que, por existirem diversos tipos de viol\u00eancia, as mulheres sentem-se amea\u00e7adas pelo agressor mas acabam por n\u00e3o fazer a den\u00fancia enquanto est\u00e1 em n\u00edvel de viol\u00eancia psicol\u00f3gica, at\u00e9 que a primeira agress\u00e3o f\u00edsica aconte\u00e7a.<\/p>\n<p dir=\"ltr\">A psic\u00f3loga chama a aten\u00e7\u00e3o da popula\u00e7\u00e3o sobre a import\u00e2ncia de denunciar atos de viol\u00eancia contra a mulher, mesmo quando observados por terceiros.<\/p>\n<p dir=\"ltr\">Nas palavras da psic\u00f3loga, a sociedade brasileira precisa compreender que uma mulher em situa\u00e7\u00e3o de viol\u00eancia dom\u00e9stica corre risco de morte. \u201c\u00c9 fundamental que tenhamos consci\u00eancia de que \u00e9 preciso mudar a mentalidade e agir. Somos parte integrante nesse processo de mudan\u00e7a de cultura. Quanto mais nos posicionarmos, chegaremos mais perto de ser uma na\u00e7\u00e3o em que todos s\u00e3o respeitados\u201d, orientou Frade.<\/p>\n<p class=\"callout\" dir=\"ltr\"><a class=\"external-link\" title=\"\" href=\"https:\/\/www.gov.br\/mdh\/pt-br\/assuntos\/noticias\/2022\/eleicoes-2022-periodo-eleitoral\/lei-maria-da-penha-completa-16-anos-e-muda-realidades-de-mulheres-em-situacao-de-violencia-no-pais\" target=\"_blank\" rel=\"noopener\" data-tippreview-enabled=\"false\" data-tippreview-image=\"\" data-tippreview-title=\"\">Lei Maria da Penha completa 16 anos e muda realidades de mulheres em situa\u00e7\u00e3o de viol\u00eancia no pa\u00eds<\/a><\/p>\n<h3 dir=\"ltr\"><strong>Viol\u00eancia dom\u00e9stica\u00a0<\/strong><\/h3>\n<p dir=\"ltr\"><strong>Viol\u00eancia f\u00edsica<\/strong>\u00a0\u00e9 qualquer a\u00e7\u00e3o que ofenda a integridade ou a sa\u00fade do corpo, como bater ou espancar; empurrar, atirar objetos na dire\u00e7\u00e3o da mulher; sacudir, chutar, apertar; queimar, cortar, ferir. J\u00e1 as\u00a0<strong>viola\u00e7\u00f5es sexuais<\/strong>\u00a0consistem em qualquer a\u00e7\u00e3o que force a mulher a fazer, manter ou presenciar ato sexual sem que ela queira, por meio de for\u00e7a, amea\u00e7a ou constrangimento f\u00edsico ou moral. Entre os exemplos est\u00e3o obrigar a fazer sexo com outras pessoas; for\u00e7ar a ver imagens pornogr\u00e1ficas; induzir ou obrigar o aborto, o matrim\u00f4nio ou a prostitui\u00e7\u00e3o.<\/p>\n<p dir=\"ltr\">No que se refere \u00e0\u00a0<strong>viol\u00eancia psicol\u00f3gica<\/strong>, conforme a Lei n\u00ba 13.772\/18, \u00e9 \u201cqualquer conduta que cause dano emocional e diminui\u00e7\u00e3o da autoestima, prejudique e perturbe o pleno desenvolvimento ou que vise a degradar ou a controlar suas a\u00e7\u00f5es, comportamentos, cren\u00e7as e decis\u00f5es, mediante amea\u00e7a, constrangimento, humilha\u00e7\u00e3o, manipula\u00e7\u00e3o, isolamento, vigil\u00e2ncia constante, persegui\u00e7\u00e3o contumaz, insulto, chantagem, viola\u00e7\u00e3o de sua intimidade, ridiculariza\u00e7\u00e3o, explora\u00e7\u00e3o e limita\u00e7\u00e3o do direito de ir e vir, ou qualquer outro meio que lhe cause preju\u00edzo \u00e0 sa\u00fade psicol\u00f3gica e \u00e0 autodetermina\u00e7\u00e3o\u201d.<\/p>\n<h4 dir=\"ltr\"><strong>Canais de den\u00fancias<\/strong><\/h4>\n<p dir=\"ltr\">Sob a gest\u00e3o do Minist\u00e9rio da Mulher, da Fam\u00edlia e dos Direitos Humanos (MMFDH), o Ligue 180 \u00e9 um canal de atendimento exclusivo para mulheres, em todo o pa\u00eds. Al\u00e9m de receber den\u00fancias de viol\u00eancia, como a familiar ou pol\u00edtica, o servi\u00e7o compartilha informa\u00e7\u00f5es sobre a rede de atendimento e acolhimento \u00e0 mulher em situa\u00e7\u00e3o de viol\u00eancia e orienta sobre direitos e legisla\u00e7\u00e3o vigente.<\/p>\n<p dir=\"ltr\">O Ligue 180 pode ser acionado por meio de liga\u00e7\u00e3o,\u00a0<a class=\"external-link\" title=\"\" href=\"https:\/\/www.gov.br\/mdh\/pt-br\/ondh\" target=\"_blank\" rel=\"noopener\" data-tippreview-enabled=\"false\" data-tippreview-image=\"\" data-tippreview-title=\"\">site da Ouvidoria Nacional de Direitos Humanos (ONDH)<\/a>,\u00a0<a class=\"external-link\" title=\"\" href=\"https:\/\/www.gov.br\/mdh\/pt-br\/apps\/direitos-humanos-brasil\" target=\"_blank\" rel=\"noopener\" data-tippreview-enabled=\"false\" data-tippreview-image=\"\" data-tippreview-title=\"\">aplicativo Direitos Humanos Brasil<\/a>, Telegram (digitar na busca \u201cDireitoshumanosbrasil\u201d) e WhatsApp (61-99656-5008). O atendimento est\u00e1 dispon\u00edvel 24h por dia, incluindo s\u00e1bados, domingos e feriados.<\/p>\n<p dir=\"ltr\"><strong>Leia mais<\/strong><\/p>\n<p dir=\"ltr\"><a href=\"https:\/\/redenoticiaz.com.br\/blog\/2022\/08\/07\/campanha-nacional-conscientiza-populacao-para-o-fim-da-violencia-contra-a-mulher\">Campanha nacional conscientiza popula\u00e7\u00e3o para o fim da viol\u00eancia contra a mulher<\/a><\/p>\n<p dir=\"ltr\">\n","protected":false},"excerpt":{"rendered":"<p>Neste\u00a0Agosto Lil\u00e1s, m\u00eas de conscientiza\u00e7\u00e3o contra todos os tipos de viol\u00eancia dom\u00e9stica sofridas por mulheres, o Minist\u00e9rio da Mulher, da Fam\u00edlia e dos Direitos Humanos (MMFDH)\u00a0disponibiliza informa\u00e7\u00f5es sobre as cinco formas em que essas viola\u00e7\u00f5es podem acontecer &#8211; seja a viol\u00eancia f\u00edsica, sexual, psicol\u00f3gica, moral ou patrimonial &#8211; e como os cidad\u00e3os podem denunciar junto &hellip;<\/p>\n","protected":false},"author":12,"featured_media":89784,"comment_status":"open","ping_status":"closed","sticky":false,"template":"","format":"standard","meta":{"footnotes":""},"categories":[67],"tags":[19618,17355,19619],"class_list":["post-89783","post","type-post","status-publish","format-standard","has-post-thumbnail","hentry","category-direitos-humanos","tag-dados-violencia-mulher","tag-violencia-domestica","tag-violencia-famailiar"],"yoast_head":"<!-- This site is optimized with the Yoast SEO plugin v27.4 - https:\/\/yoast.com\/product\/yoast-seo-wordpress\/ -->\n<title>Brasil tem mais de 31 mil den\u00fancias de viol\u00eancia dom\u00e9stica ou familiar contra as mulheres at\u00e9 julho de 2022 - Ribeir\u00e3o Preto e Regi\u00e3o<\/title>\n<meta name=\"robots\" content=\"index, follow, max-snippet:-1, max-image-preview:large, max-video-preview:-1\" \/>\n<link rel=\"canonical\" href=\"https:\/\/redenoticiaz.com.br\/ribeiraopreto-regiao\/sp\/2022\/08\/13\/brasil-tem-mais-de-31-mil-denuncias-de-violencia-domestica-ou-familiar-contra-as-mulheres-ate-julho-de-2022\" \/>\n<meta property=\"og:locale\" content=\"pt_BR\" \/>\n<meta property=\"og:type\" content=\"article\" \/>\n<meta property=\"og:title\" content=\"Brasil tem mais de 31 mil den\u00fancias de viol\u00eancia dom\u00e9stica ou familiar contra as mulheres at\u00e9 julho de 2022 - Ribeir\u00e3o Preto e Regi\u00e3o\" \/>\n<meta property=\"og:description\" content=\"Neste\u00a0Agosto Lil\u00e1s, m\u00eas de conscientiza\u00e7\u00e3o contra todos os tipos de viol\u00eancia dom\u00e9stica sofridas por mulheres, o Minist\u00e9rio da Mulher, da Fam\u00edlia e dos Direitos Humanos (MMFDH)\u00a0disponibiliza informa\u00e7\u00f5es sobre as cinco formas em que essas viola\u00e7\u00f5es podem acontecer &#8211; seja a viol\u00eancia f\u00edsica, sexual, psicol\u00f3gica, moral ou patrimonial &#8211; e como os cidad\u00e3os podem denunciar junto &hellip;\" \/>\n<meta property=\"og:url\" content=\"https:\/\/redenoticiaz.com.br\/ribeiraopreto-regiao\/sp\/2022\/08\/13\/brasil-tem-mais-de-31-mil-denuncias-de-violencia-domestica-ou-familiar-contra-as-mulheres-ate-julho-de-2022\" \/>\n<meta property=\"og:site_name\" content=\"Ribeir\u00e3o Preto e Regi\u00e3o\" \/>\n<meta property=\"article:publisher\" content=\"https:\/\/m.facebook.com\/redenoticiaz.barretos\" \/>\n<meta property=\"article:published_time\" content=\"2022-08-13T13:00:28+00:00\" \/>\n<meta property=\"og:image\" content=\"https:\/\/redenoticiaz.com.br\/ribeiraopreto-regiao\/wp-content\/uploads\/sites\/4\/2022\/08\/IMG-SITE-4.png?v=1660086379\" \/>\n\t<meta property=\"og:image:width\" content=\"1920\" \/>\n\t<meta property=\"og:image:height\" content=\"1080\" \/>\n\t<meta property=\"og:image:type\" content=\"image\/png\" \/>\n<meta name=\"author\" content=\"Gustavo Silva\" \/>\n<meta name=\"twitter:card\" content=\"summary_large_image\" \/>\n<meta name=\"twitter:creator\" content=\"@RN_barretos\" \/>\n<meta name=\"twitter:site\" content=\"@RN_barretos\" \/>\n<meta name=\"twitter:label1\" content=\"Escrito por\" \/>\n\t<meta name=\"twitter:data1\" content=\"Gustavo Silva\" \/>\n\t<meta name=\"twitter:label2\" content=\"Est. tempo de leitura\" \/>\n\t<meta name=\"twitter:data2\" content=\"5 minutos\" \/>\n<script type=\"application\/ld+json\" class=\"yoast-schema-graph\">{\"@context\":\"https:\\\/\\\/schema.org\",\"@graph\":[{\"@type\":\"Article\",\"@id\":\"https:\\\/\\\/redenoticiaz.com.br\\\/ribeiraopreto-regiao\\\/sp\\\/2022\\\/08\\\/13\\\/brasil-tem-mais-de-31-mil-denuncias-de-violencia-domestica-ou-familiar-contra-as-mulheres-ate-julho-de-2022#article\",\"isPartOf\":{\"@id\":\"https:\\\/\\\/redenoticiaz.com.br\\\/ribeiraopreto-regiao\\\/sp\\\/2022\\\/08\\\/13\\\/brasil-tem-mais-de-31-mil-denuncias-de-violencia-domestica-ou-familiar-contra-as-mulheres-ate-julho-de-2022\"},\"author\":{\"name\":\"Gustavo Silva\",\"@id\":\"https:\\\/\\\/redenoticiaz.com.br\\\/ribeiraopreto-regiao\\\/#\\\/schema\\\/person\\\/16057b37a3c0ee6b096d7f887c566e2e\"},\"headline\":\"Brasil tem mais de 31 mil den\u00fancias de viol\u00eancia dom\u00e9stica ou familiar contra as mulheres at\u00e9 julho de 2022\",\"datePublished\":\"2022-08-13T13:00:28+00:00\",\"mainEntityOfPage\":{\"@id\":\"https:\\\/\\\/redenoticiaz.com.br\\\/ribeiraopreto-regiao\\\/sp\\\/2022\\\/08\\\/13\\\/brasil-tem-mais-de-31-mil-denuncias-de-violencia-domestica-ou-familiar-contra-as-mulheres-ate-julho-de-2022\"},\"wordCount\":862,\"commentCount\":0,\"publisher\":{\"@id\":\"https:\\\/\\\/redenoticiaz.com.br\\\/ribeiraopreto-regiao\\\/#organization\"},\"image\":{\"@id\":\"https:\\\/\\\/redenoticiaz.com.br\\\/ribeiraopreto-regiao\\\/sp\\\/2022\\\/08\\\/13\\\/brasil-tem-mais-de-31-mil-denuncias-de-violencia-domestica-ou-familiar-contra-as-mulheres-ate-julho-de-2022#primaryimage\"},\"thumbnailUrl\":\"https:\\\/\\\/redenoticiaz.com.br\\\/ribeiraopreto-regiao\\\/wp-content\\\/uploads\\\/sites\\\/4\\\/2022\\\/08\\\/IMG-SITE-4.png?v=1660086379\",\"keywords\":[\"dados viol\u00eancia mulher\",\"Viol\u00eancia dom\u00e9stica\",\"violencia famailiar\"],\"articleSection\":[\"Direitos Humanos\"],\"inLanguage\":\"pt-BR\",\"potentialAction\":[{\"@type\":\"CommentAction\",\"name\":\"Comment\",\"target\":[\"https:\\\/\\\/redenoticiaz.com.br\\\/ribeiraopreto-regiao\\\/sp\\\/2022\\\/08\\\/13\\\/brasil-tem-mais-de-31-mil-denuncias-de-violencia-domestica-ou-familiar-contra-as-mulheres-ate-julho-de-2022#respond\"]}]},{\"@type\":\"WebPage\",\"@id\":\"https:\\\/\\\/redenoticiaz.com.br\\\/ribeiraopreto-regiao\\\/sp\\\/2022\\\/08\\\/13\\\/brasil-tem-mais-de-31-mil-denuncias-de-violencia-domestica-ou-familiar-contra-as-mulheres-ate-julho-de-2022\",\"url\":\"https:\\\/\\\/redenoticiaz.com.br\\\/ribeiraopreto-regiao\\\/sp\\\/2022\\\/08\\\/13\\\/brasil-tem-mais-de-31-mil-denuncias-de-violencia-domestica-ou-familiar-contra-as-mulheres-ate-julho-de-2022\",\"name\":\"Brasil tem mais de 31 mil den\u00fancias de viol\u00eancia dom\u00e9stica ou familiar contra as mulheres at\u00e9 julho de 2022 - Ribeir\u00e3o Preto e Regi\u00e3o\",\"isPartOf\":{\"@id\":\"https:\\\/\\\/redenoticiaz.com.br\\\/ribeiraopreto-regiao\\\/#website\"},\"primaryImageOfPage\":{\"@id\":\"https:\\\/\\\/redenoticiaz.com.br\\\/ribeiraopreto-regiao\\\/sp\\\/2022\\\/08\\\/13\\\/brasil-tem-mais-de-31-mil-denuncias-de-violencia-domestica-ou-familiar-contra-as-mulheres-ate-julho-de-2022#primaryimage\"},\"image\":{\"@id\":\"https:\\\/\\\/redenoticiaz.com.br\\\/ribeiraopreto-regiao\\\/sp\\\/2022\\\/08\\\/13\\\/brasil-tem-mais-de-31-mil-denuncias-de-violencia-domestica-ou-familiar-contra-as-mulheres-ate-julho-de-2022#primaryimage\"},\"thumbnailUrl\":\"https:\\\/\\\/redenoticiaz.com.br\\\/ribeiraopreto-regiao\\\/wp-content\\\/uploads\\\/sites\\\/4\\\/2022\\\/08\\\/IMG-SITE-4.png?v=1660086379\",\"datePublished\":\"2022-08-13T13:00:28+00:00\",\"inLanguage\":\"pt-BR\",\"potentialAction\":[{\"@type\":\"ReadAction\",\"target\":[\"https:\\\/\\\/redenoticiaz.com.br\\\/ribeiraopreto-regiao\\\/sp\\\/2022\\\/08\\\/13\\\/brasil-tem-mais-de-31-mil-denuncias-de-violencia-domestica-ou-familiar-contra-as-mulheres-ate-julho-de-2022\"]}]},{\"@type\":\"ImageObject\",\"inLanguage\":\"pt-BR\",\"@id\":\"https:\\\/\\\/redenoticiaz.com.br\\\/ribeiraopreto-regiao\\\/sp\\\/2022\\\/08\\\/13\\\/brasil-tem-mais-de-31-mil-denuncias-de-violencia-domestica-ou-familiar-contra-as-mulheres-ate-julho-de-2022#primaryimage\",\"url\":\"https:\\\/\\\/redenoticiaz.com.br\\\/ribeiraopreto-regiao\\\/wp-content\\\/uploads\\\/sites\\\/4\\\/2022\\\/08\\\/IMG-SITE-4.png?v=1660086379\",\"contentUrl\":\"https:\\\/\\\/redenoticiaz.com.br\\\/ribeiraopreto-regiao\\\/wp-content\\\/uploads\\\/sites\\\/4\\\/2022\\\/08\\\/IMG-SITE-4.png?v=1660086379\",\"width\":1920,\"height\":1080,\"caption\":\"Brasil tem mais de 31 mil den\u00fancias de viol\u00eancia dom\u00e9stica ou familiar contra as mulheres at\u00e9 julho de 2022\"},{\"@type\":\"WebSite\",\"@id\":\"https:\\\/\\\/redenoticiaz.com.br\\\/ribeiraopreto-regiao\\\/#website\",\"url\":\"https:\\\/\\\/redenoticiaz.com.br\\\/ribeiraopreto-regiao\\\/\",\"name\":\"Ribeir\u00e3o Preto e Regi\u00e3o\",\"description\":\"Rede NoticiaZ - Ribeir\u00e3o Preto e regi\u00e3o\",\"publisher\":{\"@id\":\"https:\\\/\\\/redenoticiaz.com.br\\\/ribeiraopreto-regiao\\\/#organization\"},\"potentialAction\":[{\"@type\":\"SearchAction\",\"target\":{\"@type\":\"EntryPoint\",\"urlTemplate\":\"https:\\\/\\\/redenoticiaz.com.br\\\/ribeiraopreto-regiao\\\/?s={search_term_string}\"},\"query-input\":{\"@type\":\"PropertyValueSpecification\",\"valueRequired\":true,\"valueName\":\"search_term_string\"}}],\"inLanguage\":\"pt-BR\"},{\"@type\":\"Organization\",\"@id\":\"https:\\\/\\\/redenoticiaz.com.br\\\/ribeiraopreto-regiao\\\/#organization\",\"name\":\"Ribeir\u00e3o Preto e Regi\u00e3o\",\"url\":\"https:\\\/\\\/redenoticiaz.com.br\\\/ribeiraopreto-regiao\\\/\",\"logo\":{\"@type\":\"ImageObject\",\"inLanguage\":\"pt-BR\",\"@id\":\"https:\\\/\\\/redenoticiaz.com.br\\\/ribeiraopreto-regiao\\\/#\\\/schema\\\/logo\\\/image\\\/\",\"url\":\"https:\\\/\\\/redenoticiaz.com.br\\\/barretos-regiao\\\/wp-content\\\/uploads\\\/sites\\\/4\\\/2022\\\/02\\\/logo.jpg\",\"contentUrl\":\"https:\\\/\\\/redenoticiaz.com.br\\\/barretos-regiao\\\/wp-content\\\/uploads\\\/sites\\\/4\\\/2022\\\/02\\\/logo.jpg\",\"width\":400,\"height\":250,\"caption\":\"Ribeir\u00e3o Preto e Regi\u00e3o\"},\"image\":{\"@id\":\"https:\\\/\\\/redenoticiaz.com.br\\\/ribeiraopreto-regiao\\\/#\\\/schema\\\/logo\\\/image\\\/\"},\"sameAs\":[\"https:\\\/\\\/m.facebook.com\\\/redenoticiaz.barretos\",\"https:\\\/\\\/x.com\\\/RN_barretos\",\"https:\\\/\\\/www.instagram.com\\\/redenoticiaz.barretos\\\/?igshid=YmMyMTA2M2Y\",\"https:\\\/\\\/www.linkedin.com\\\/company\\\/rede-noticiaz-barretos-e-regio\\\/\"]},{\"@type\":\"Person\",\"@id\":\"https:\\\/\\\/redenoticiaz.com.br\\\/ribeiraopreto-regiao\\\/#\\\/schema\\\/person\\\/16057b37a3c0ee6b096d7f887c566e2e\",\"name\":\"Gustavo Silva\",\"image\":{\"@type\":\"ImageObject\",\"inLanguage\":\"pt-BR\",\"@id\":\"https:\\\/\\\/secure.gravatar.com\\\/avatar\\\/3ee4e82f93b26de0a7cf4ea5eb7893da637ed6bb0c9170c58065944c56e28a33?s=96&d=mm&r=g\",\"url\":\"https:\\\/\\\/secure.gravatar.com\\\/avatar\\\/3ee4e82f93b26de0a7cf4ea5eb7893da637ed6bb0c9170c58065944c56e28a33?s=96&d=mm&r=g\",\"contentUrl\":\"https:\\\/\\\/secure.gravatar.com\\\/avatar\\\/3ee4e82f93b26de0a7cf4ea5eb7893da637ed6bb0c9170c58065944c56e28a33?s=96&d=mm&r=g\",\"caption\":\"Gustavo Silva\"},\"url\":\"https:\\\/\\\/redenoticiaz.com.br\\\/ribeiraopreto-regiao\\\/sp\\\/author\\\/gustavosilva\"}]}<\/script>\n<!-- \/ Yoast SEO plugin. -->","yoast_head_json":{"title":"Brasil tem mais de 31 mil den\u00fancias de viol\u00eancia dom\u00e9stica ou familiar contra as mulheres at\u00e9 julho de 2022 - Ribeir\u00e3o Preto e Regi\u00e3o","robots":{"index":"index","follow":"follow","max-snippet":"max-snippet:-1","max-image-preview":"max-image-preview:large","max-video-preview":"max-video-preview:-1"},"canonical":"https:\/\/redenoticiaz.com.br\/ribeiraopreto-regiao\/sp\/2022\/08\/13\/brasil-tem-mais-de-31-mil-denuncias-de-violencia-domestica-ou-familiar-contra-as-mulheres-ate-julho-de-2022","og_locale":"pt_BR","og_type":"article","og_title":"Brasil tem mais de 31 mil den\u00fancias de viol\u00eancia dom\u00e9stica ou familiar contra as mulheres at\u00e9 julho de 2022 - Ribeir\u00e3o Preto e Regi\u00e3o","og_description":"Neste\u00a0Agosto Lil\u00e1s, m\u00eas de conscientiza\u00e7\u00e3o contra todos os tipos de viol\u00eancia dom\u00e9stica sofridas por mulheres, o Minist\u00e9rio da Mulher, da Fam\u00edlia e dos Direitos Humanos (MMFDH)\u00a0disponibiliza informa\u00e7\u00f5es sobre as cinco formas em que essas viola\u00e7\u00f5es podem acontecer &#8211; seja a viol\u00eancia f\u00edsica, sexual, psicol\u00f3gica, moral ou patrimonial &#8211; e como os cidad\u00e3os podem denunciar junto &hellip;","og_url":"https:\/\/redenoticiaz.com.br\/ribeiraopreto-regiao\/sp\/2022\/08\/13\/brasil-tem-mais-de-31-mil-denuncias-de-violencia-domestica-ou-familiar-contra-as-mulheres-ate-julho-de-2022","og_site_name":"Ribeir\u00e3o Preto e Regi\u00e3o","article_publisher":"https:\/\/m.facebook.com\/redenoticiaz.barretos","article_published_time":"2022-08-13T13:00:28+00:00","og_image":[{"width":1920,"height":1080,"url":"https:\/\/redenoticiaz.com.br\/ribeiraopreto-regiao\/wp-content\/uploads\/sites\/4\/2022\/08\/IMG-SITE-4.png?v=1660086379","type":"image\/png"}],"author":"Gustavo Silva","twitter_card":"summary_large_image","twitter_creator":"@RN_barretos","twitter_site":"@RN_barretos","twitter_misc":{"Escrito por":"Gustavo Silva","Est. tempo de leitura":"5 minutos"},"schema":{"@context":"https:\/\/schema.org","@graph":[{"@type":"Article","@id":"https:\/\/redenoticiaz.com.br\/ribeiraopreto-regiao\/sp\/2022\/08\/13\/brasil-tem-mais-de-31-mil-denuncias-de-violencia-domestica-ou-familiar-contra-as-mulheres-ate-julho-de-2022#article","isPartOf":{"@id":"https:\/\/redenoticiaz.com.br\/ribeiraopreto-regiao\/sp\/2022\/08\/13\/brasil-tem-mais-de-31-mil-denuncias-de-violencia-domestica-ou-familiar-contra-as-mulheres-ate-julho-de-2022"},"author":{"name":"Gustavo Silva","@id":"https:\/\/redenoticiaz.com.br\/ribeiraopreto-regiao\/#\/schema\/person\/16057b37a3c0ee6b096d7f887c566e2e"},"headline":"Brasil tem mais de 31 mil den\u00fancias de viol\u00eancia dom\u00e9stica ou familiar contra as mulheres at\u00e9 julho de 2022","datePublished":"2022-08-13T13:00:28+00:00","mainEntityOfPage":{"@id":"https:\/\/redenoticiaz.com.br\/ribeiraopreto-regiao\/sp\/2022\/08\/13\/brasil-tem-mais-de-31-mil-denuncias-de-violencia-domestica-ou-familiar-contra-as-mulheres-ate-julho-de-2022"},"wordCount":862,"commentCount":0,"publisher":{"@id":"https:\/\/redenoticiaz.com.br\/ribeiraopreto-regiao\/#organization"},"image":{"@id":"https:\/\/redenoticiaz.com.br\/ribeiraopreto-regiao\/sp\/2022\/08\/13\/brasil-tem-mais-de-31-mil-denuncias-de-violencia-domestica-ou-familiar-contra-as-mulheres-ate-julho-de-2022#primaryimage"},"thumbnailUrl":"https:\/\/redenoticiaz.com.br\/ribeiraopreto-regiao\/wp-content\/uploads\/sites\/4\/2022\/08\/IMG-SITE-4.png?v=1660086379","keywords":["dados viol\u00eancia mulher","Viol\u00eancia dom\u00e9stica","violencia famailiar"],"articleSection":["Direitos Humanos"],"inLanguage":"pt-BR","potentialAction":[{"@type":"CommentAction","name":"Comment","target":["https:\/\/redenoticiaz.com.br\/ribeiraopreto-regiao\/sp\/2022\/08\/13\/brasil-tem-mais-de-31-mil-denuncias-de-violencia-domestica-ou-familiar-contra-as-mulheres-ate-julho-de-2022#respond"]}]},{"@type":"WebPage","@id":"https:\/\/redenoticiaz.com.br\/ribeiraopreto-regiao\/sp\/2022\/08\/13\/brasil-tem-mais-de-31-mil-denuncias-de-violencia-domestica-ou-familiar-contra-as-mulheres-ate-julho-de-2022","url":"https:\/\/redenoticiaz.com.br\/ribeiraopreto-regiao\/sp\/2022\/08\/13\/brasil-tem-mais-de-31-mil-denuncias-de-violencia-domestica-ou-familiar-contra-as-mulheres-ate-julho-de-2022","name":"Brasil tem mais de 31 mil den\u00fancias de viol\u00eancia dom\u00e9stica ou familiar contra as mulheres at\u00e9 julho de 2022 - Ribeir\u00e3o Preto e Regi\u00e3o","isPartOf":{"@id":"https:\/\/redenoticiaz.com.br\/ribeiraopreto-regiao\/#website"},"primaryImageOfPage":{"@id":"https:\/\/redenoticiaz.com.br\/ribeiraopreto-regiao\/sp\/2022\/08\/13\/brasil-tem-mais-de-31-mil-denuncias-de-violencia-domestica-ou-familiar-contra-as-mulheres-ate-julho-de-2022#primaryimage"},"image":{"@id":"https:\/\/redenoticiaz.com.br\/ribeiraopreto-regiao\/sp\/2022\/08\/13\/brasil-tem-mais-de-31-mil-denuncias-de-violencia-domestica-ou-familiar-contra-as-mulheres-ate-julho-de-2022#primaryimage"},"thumbnailUrl":"https:\/\/redenoticiaz.com.br\/ribeiraopreto-regiao\/wp-content\/uploads\/sites\/4\/2022\/08\/IMG-SITE-4.png?v=1660086379","datePublished":"2022-08-13T13:00:28+00:00","inLanguage":"pt-BR","potentialAction":[{"@type":"ReadAction","target":["https:\/\/redenoticiaz.com.br\/ribeiraopreto-regiao\/sp\/2022\/08\/13\/brasil-tem-mais-de-31-mil-denuncias-de-violencia-domestica-ou-familiar-contra-as-mulheres-ate-julho-de-2022"]}]},{"@type":"ImageObject","inLanguage":"pt-BR","@id":"https:\/\/redenoticiaz.com.br\/ribeiraopreto-regiao\/sp\/2022\/08\/13\/brasil-tem-mais-de-31-mil-denuncias-de-violencia-domestica-ou-familiar-contra-as-mulheres-ate-julho-de-2022#primaryimage","url":"https:\/\/redenoticiaz.com.br\/ribeiraopreto-regiao\/wp-content\/uploads\/sites\/4\/2022\/08\/IMG-SITE-4.png?v=1660086379","contentUrl":"https:\/\/redenoticiaz.com.br\/ribeiraopreto-regiao\/wp-content\/uploads\/sites\/4\/2022\/08\/IMG-SITE-4.png?v=1660086379","width":1920,"height":1080,"caption":"Brasil tem mais de 31 mil den\u00fancias de viol\u00eancia dom\u00e9stica ou familiar contra as mulheres at\u00e9 julho de 2022"},{"@type":"WebSite","@id":"https:\/\/redenoticiaz.com.br\/ribeiraopreto-regiao\/#website","url":"https:\/\/redenoticiaz.com.br\/ribeiraopreto-regiao\/","name":"Ribeir\u00e3o Preto e Regi\u00e3o","description":"Rede NoticiaZ - Ribeir\u00e3o Preto e regi\u00e3o","publisher":{"@id":"https:\/\/redenoticiaz.com.br\/ribeiraopreto-regiao\/#organization"},"potentialAction":[{"@type":"SearchAction","target":{"@type":"EntryPoint","urlTemplate":"https:\/\/redenoticiaz.com.br\/ribeiraopreto-regiao\/?s={search_term_string}"},"query-input":{"@type":"PropertyValueSpecification","valueRequired":true,"valueName":"search_term_string"}}],"inLanguage":"pt-BR"},{"@type":"Organization","@id":"https:\/\/redenoticiaz.com.br\/ribeiraopreto-regiao\/#organization","name":"Ribeir\u00e3o Preto e Regi\u00e3o","url":"https:\/\/redenoticiaz.com.br\/ribeiraopreto-regiao\/","logo":{"@type":"ImageObject","inLanguage":"pt-BR","@id":"https:\/\/redenoticiaz.com.br\/ribeiraopreto-regiao\/#\/schema\/logo\/image\/","url":"https:\/\/redenoticiaz.com.br\/barretos-regiao\/wp-content\/uploads\/sites\/4\/2022\/02\/logo.jpg","contentUrl":"https:\/\/redenoticiaz.com.br\/barretos-regiao\/wp-content\/uploads\/sites\/4\/2022\/02\/logo.jpg","width":400,"height":250,"caption":"Ribeir\u00e3o Preto e Regi\u00e3o"},"image":{"@id":"https:\/\/redenoticiaz.com.br\/ribeiraopreto-regiao\/#\/schema\/logo\/image\/"},"sameAs":["https:\/\/m.facebook.com\/redenoticiaz.barretos","https:\/\/x.com\/RN_barretos","https:\/\/www.instagram.com\/redenoticiaz.barretos\/?igshid=YmMyMTA2M2Y","https:\/\/www.linkedin.com\/company\/rede-noticiaz-barretos-e-regio\/"]},{"@type":"Person","@id":"https:\/\/redenoticiaz.com.br\/ribeiraopreto-regiao\/#\/schema\/person\/16057b37a3c0ee6b096d7f887c566e2e","name":"Gustavo Silva","image":{"@type":"ImageObject","inLanguage":"pt-BR","@id":"https:\/\/secure.gravatar.com\/avatar\/3ee4e82f93b26de0a7cf4ea5eb7893da637ed6bb0c9170c58065944c56e28a33?s=96&d=mm&r=g","url":"https:\/\/secure.gravatar.com\/avatar\/3ee4e82f93b26de0a7cf4ea5eb7893da637ed6bb0c9170c58065944c56e28a33?s=96&d=mm&r=g","contentUrl":"https:\/\/secure.gravatar.com\/avatar\/3ee4e82f93b26de0a7cf4ea5eb7893da637ed6bb0c9170c58065944c56e28a33?s=96&d=mm&r=g","caption":"Gustavo Silva"},"url":"https:\/\/redenoticiaz.com.br\/ribeiraopreto-regiao\/sp\/author\/gustavosilva"}]}},"_links":{"self":[{"href":"https:\/\/redenoticiaz.com.br\/ribeiraopreto-regiao\/wp-json\/wp\/v2\/posts\/89783","targetHints":{"allow":["GET"]}}],"collection":[{"href":"https:\/\/redenoticiaz.com.br\/ribeiraopreto-regiao\/wp-json\/wp\/v2\/posts"}],"about":[{"href":"https:\/\/redenoticiaz.com.br\/ribeiraopreto-regiao\/wp-json\/wp\/v2\/types\/post"}],"author":[{"embeddable":true,"href":"https:\/\/redenoticiaz.com.br\/ribeiraopreto-regiao\/wp-json\/wp\/v2\/users\/12"}],"replies":[{"embeddable":true,"href":"https:\/\/redenoticiaz.com.br\/ribeiraopreto-regiao\/wp-json\/wp\/v2\/comments?post=89783"}],"version-history":[{"count":1,"href":"https:\/\/redenoticiaz.com.br\/ribeiraopreto-regiao\/wp-json\/wp\/v2\/posts\/89783\/revisions"}],"predecessor-version":[{"id":89785,"href":"https:\/\/redenoticiaz.com.br\/ribeiraopreto-regiao\/wp-json\/wp\/v2\/posts\/89783\/revisions\/89785"}],"wp:featuredmedia":[{"embeddable":true,"href":"https:\/\/redenoticiaz.com.br\/ribeiraopreto-regiao\/wp-json\/wp\/v2\/media\/89784"}],"wp:attachment":[{"href":"https:\/\/redenoticiaz.com.br\/ribeiraopreto-regiao\/wp-json\/wp\/v2\/media?parent=89783"}],"wp:term":[{"taxonomy":"category","embeddable":true,"href":"https:\/\/redenoticiaz.com.br\/ribeiraopreto-regiao\/wp-json\/wp\/v2\/categories?post=89783"},{"taxonomy":"post_tag","embeddable":true,"href":"https:\/\/redenoticiaz.com.br\/ribeiraopreto-regiao\/wp-json\/wp\/v2\/tags?post=89783"}],"curies":[{"name":"wp","href":"https:\/\/api.w.org\/{rel}","templated":true}]}}