{"id":89910,"date":"2022-08-11T15:27:04","date_gmt":"2022-08-11T18:27:04","guid":{"rendered":"https:\/\/redenoticiaz.com.br\/barretos-regiao\/sp\/2022\/08\/11\/agosto-branco-alerta-para-o-cancer-de-pulmao"},"modified":"2022-08-11T15:27:14","modified_gmt":"2022-08-11T18:27:14","slug":"agosto-branco-alerta-para-o-cancer-de-pulmao","status":"publish","type":"post","link":"https:\/\/redenoticiaz.com.br\/ribeiraopreto-regiao\/sp\/2022\/08\/11\/agosto-branco-alerta-para-o-cancer-de-pulmao","title":{"rendered":"Agosto Branco alerta para o c\u00e2ncer de pulm\u00e3o"},"content":{"rendered":"<p>O Agosto Branco chama a aten\u00e7\u00e3o para a import\u00e2ncia da preven\u00e7\u00e3o do c\u00e2ncer de pulm\u00e3o. A data foi institu\u00edda h\u00e1 cinco anos.<\/p>\n<p>O c\u00e2ncer de pulm\u00e3o fez 1,7 milh\u00e3o de v\u00edtimas no mundo em 2020, mais de 30 mil mortes apenas no Brasil, segundo a Sociedade Brasileira de Oncologia Cl\u00ednica (SBOC).<img decoding=\"async\" class=\" lazyloaded\" src=\"https:\/\/agenciabrasil.ebc.com.br\/ebc.png?id=1475617&amp;o=node\" data-src=\"https:\/\/agenciabrasil.ebc.com.br\/ebc.png?id=1475617&amp;o=node\" \/><img decoding=\"async\" class=\" lazyloaded\" src=\"https:\/\/agenciabrasil.ebc.com.br\/ebc.gif?id=1475617&amp;o=node\" data-src=\"https:\/\/agenciabrasil.ebc.com.br\/ebc.gif?id=1475617&amp;o=node\" \/><\/p>\n<p><strong>Entre os sintomas principais do c\u00e2ncer de pulm\u00e3o est\u00e3o:<\/strong><\/p>\n<ul>\n<li>Tosse por mais de um m\u00eas, com presen\u00e7a de sangue ou com piora progressiva;<\/li>\n<li>Dor tor\u00e1cica persistente n\u00e3o associada a traumas;<\/li>\n<li>Falta de ar e dificuldade para respirar;<\/li>\n<li>Perda de peso inexplicada e n\u00e3o intencional.<\/li>\n<\/ul>\n<p>Os sintomas iniciais da doen\u00e7a n\u00e3o s\u00e3o muito claros e aparecem tardiamente.<\/p>\n<p>A orienta\u00e7\u00e3o para quem \u00e9 fumante ou fumou no passado \u00e9 de manter consultas regulares com m\u00e9dico pneumologista.<\/p>\n<p>Pedro Nabuco, cirurgi\u00e3o tor\u00e1cico do Instituto do C\u00e2ncer do Estado de S\u00e3o Paulo (Icesp) do Hospital das Cl\u00ednicas da Faculdade de Medicina da Universidade de S\u00e3o Paulo (USP), alerta que n\u00e3o \u00e9 correto pensar que quem nunca fumou n\u00e3o precisa se preocupar com o c\u00e2ncer de pulm\u00e3o.<\/p>\n<p>\u201c&#8230;\u00c9 importante registrar que o c\u00e2ncer de pulm\u00e3o pode ocorrer em pessoas que n\u00e3o t\u00eam qualquer rela\u00e7\u00e3o com o cigarro, existindo, inclusive, muta\u00e7\u00f5es gen\u00e9ticas que podem acontecer de forma independente aos h\u00e1bitos tabagistas\u201d, destaca Nabuco.<\/p>\n<p><strong>Leia mais<\/strong><\/p>\n<p><a href=\"https:\/\/redenoticiaz.com.br\/blog\/2022\/08\/10\/se-liga-no-prazo-inscricao-para-medicos-especialistas-termina-na-sexta-12\">Se liga no prazo! Inscri\u00e7\u00e3o para m\u00e9dicos especialistas termina na sexta (12)<\/a><\/p>\n","protected":false},"excerpt":{"rendered":"<p>O Agosto Branco chama a aten\u00e7\u00e3o para a import\u00e2ncia da preven\u00e7\u00e3o do c\u00e2ncer de pulm\u00e3o. A data foi institu\u00edda h\u00e1 cinco anos. O c\u00e2ncer de pulm\u00e3o fez 1,7 milh\u00e3o de v\u00edtimas no mundo em 2020, mais de 30 mil mortes apenas no Brasil, segundo a Sociedade Brasileira de Oncologia Cl\u00ednica (SBOC). Entre os sintomas principais &hellip;<\/p>\n","protected":false},"author":12,"featured_media":89911,"comment_status":"open","ping_status":"closed","sticky":false,"template":"","format":"standard","meta":{"footnotes":""},"categories":[129],"tags":[19672,17881,16908],"class_list":["post-89910","post","type-post","status-publish","format-standard","has-post-thumbnail","hentry","category-saude","tag-agosto-branco","tag-cancer-de-pulmao","tag-cigarros"],"yoast_head":"<!-- This site is optimized with the Yoast SEO plugin v27.5 - https:\/\/yoast.com\/product\/yoast-seo-wordpress\/ -->\n<title>Agosto Branco alerta para o c\u00e2ncer de pulm\u00e3o - Ribeir\u00e3o Preto e Regi\u00e3o<\/title>\n<meta name=\"description\" content=\"O Agosto Branco chama a aten\u00e7\u00e3o para a import\u00e2ncia da preven\u00e7\u00e3o do c\u00e2ncer de pulm\u00e3o. A data foi institu\u00edda h\u00e1 cinco anos.\" \/>\n<meta name=\"robots\" content=\"index, follow, max-snippet:-1, max-image-preview:large, max-video-preview:-1\" \/>\n<link rel=\"canonical\" href=\"https:\/\/redenoticiaz.com.br\/ribeiraopreto-regiao\/sp\/2022\/08\/11\/agosto-branco-alerta-para-o-cancer-de-pulmao\" \/>\n<meta property=\"og:locale\" content=\"pt_BR\" \/>\n<meta property=\"og:type\" content=\"article\" \/>\n<meta property=\"og:title\" content=\"Agosto Branco alerta para o c\u00e2ncer de pulm\u00e3o - Ribeir\u00e3o Preto e Regi\u00e3o\" \/>\n<meta property=\"og:description\" content=\"O Agosto Branco chama a aten\u00e7\u00e3o para a import\u00e2ncia da preven\u00e7\u00e3o do c\u00e2ncer de pulm\u00e3o. A data foi institu\u00edda h\u00e1 cinco anos.\" \/>\n<meta property=\"og:url\" content=\"https:\/\/redenoticiaz.com.br\/ribeiraopreto-regiao\/sp\/2022\/08\/11\/agosto-branco-alerta-para-o-cancer-de-pulmao\" \/>\n<meta property=\"og:site_name\" content=\"Ribeir\u00e3o Preto e Regi\u00e3o\" \/>\n<meta property=\"article:publisher\" content=\"https:\/\/m.facebook.com\/redenoticiaz.barretos\" \/>\n<meta property=\"article:published_time\" content=\"2022-08-11T18:27:04+00:00\" \/>\n<meta property=\"article:modified_time\" content=\"2022-08-11T18:27:14+00:00\" \/>\n<meta property=\"og:image\" content=\"https:\/\/redenoticiaz.com.br\/ribeiraopreto-regiao\/wp-content\/uploads\/sites\/4\/2022\/08\/img_54579_foto_1_f.jpg?v=1660242388\" \/>\n\t<meta property=\"og:image:width\" content=\"850\" \/>\n\t<meta property=\"og:image:height\" content=\"478\" \/>\n\t<meta property=\"og:image:type\" content=\"image\/jpeg\" \/>\n<meta name=\"author\" content=\"Gustavo Silva\" \/>\n<meta name=\"twitter:card\" content=\"summary_large_image\" \/>\n<meta name=\"twitter:creator\" content=\"@RN_barretos\" \/>\n<meta name=\"twitter:site\" content=\"@RN_barretos\" \/>\n<meta name=\"twitter:label1\" content=\"Escrito por\" \/>\n\t<meta name=\"twitter:data1\" content=\"Gustavo Silva\" \/>\n\t<meta name=\"twitter:label2\" content=\"Est. tempo de leitura\" \/>\n\t<meta name=\"twitter:data2\" content=\"2 minutos\" \/>\n<script type=\"application\/ld+json\" class=\"yoast-schema-graph\">{\"@context\":\"https:\\\/\\\/schema.org\",\"@graph\":[{\"@type\":\"Article\",\"@id\":\"https:\\\/\\\/redenoticiaz.com.br\\\/ribeiraopreto-regiao\\\/sp\\\/2022\\\/08\\\/11\\\/agosto-branco-alerta-para-o-cancer-de-pulmao#article\",\"isPartOf\":{\"@id\":\"https:\\\/\\\/redenoticiaz.com.br\\\/ribeiraopreto-regiao\\\/sp\\\/2022\\\/08\\\/11\\\/agosto-branco-alerta-para-o-cancer-de-pulmao\"},\"author\":{\"name\":\"Gustavo Silva\",\"@id\":\"https:\\\/\\\/redenoticiaz.com.br\\\/ribeiraopreto-regiao\\\/#\\\/schema\\\/person\\\/16057b37a3c0ee6b096d7f887c566e2e\"},\"headline\":\"Agosto Branco alerta para o c\u00e2ncer de pulm\u00e3o\",\"datePublished\":\"2022-08-11T18:27:04+00:00\",\"dateModified\":\"2022-08-11T18:27:14+00:00\",\"mainEntityOfPage\":{\"@id\":\"https:\\\/\\\/redenoticiaz.com.br\\\/ribeiraopreto-regiao\\\/sp\\\/2022\\\/08\\\/11\\\/agosto-branco-alerta-para-o-cancer-de-pulmao\"},\"wordCount\":267,\"commentCount\":0,\"publisher\":{\"@id\":\"https:\\\/\\\/redenoticiaz.com.br\\\/ribeiraopreto-regiao\\\/#organization\"},\"image\":{\"@id\":\"https:\\\/\\\/redenoticiaz.com.br\\\/ribeiraopreto-regiao\\\/sp\\\/2022\\\/08\\\/11\\\/agosto-branco-alerta-para-o-cancer-de-pulmao#primaryimage\"},\"thumbnailUrl\":\"https:\\\/\\\/redenoticiaz.com.br\\\/ribeiraopreto-regiao\\\/wp-content\\\/uploads\\\/sites\\\/4\\\/2022\\\/08\\\/img_54579_foto_1_f.jpg?v=1660242388\",\"keywords\":[\"Agosto Branco\",\"C\u00c2NCER DE PULM\u00c3O\",\"CIGARROS\"],\"articleSection\":[\"Sa\u00fade\"],\"inLanguage\":\"pt-BR\",\"potentialAction\":[{\"@type\":\"CommentAction\",\"name\":\"Comment\",\"target\":[\"https:\\\/\\\/redenoticiaz.com.br\\\/ribeiraopreto-regiao\\\/sp\\\/2022\\\/08\\\/11\\\/agosto-branco-alerta-para-o-cancer-de-pulmao#respond\"]}]},{\"@type\":\"WebPage\",\"@id\":\"https:\\\/\\\/redenoticiaz.com.br\\\/ribeiraopreto-regiao\\\/sp\\\/2022\\\/08\\\/11\\\/agosto-branco-alerta-para-o-cancer-de-pulmao\",\"url\":\"https:\\\/\\\/redenoticiaz.com.br\\\/ribeiraopreto-regiao\\\/sp\\\/2022\\\/08\\\/11\\\/agosto-branco-alerta-para-o-cancer-de-pulmao\",\"name\":\"Agosto Branco alerta para o c\u00e2ncer de pulm\u00e3o - Ribeir\u00e3o Preto e Regi\u00e3o\",\"isPartOf\":{\"@id\":\"https:\\\/\\\/redenoticiaz.com.br\\\/ribeiraopreto-regiao\\\/#website\"},\"primaryImageOfPage\":{\"@id\":\"https:\\\/\\\/redenoticiaz.com.br\\\/ribeiraopreto-regiao\\\/sp\\\/2022\\\/08\\\/11\\\/agosto-branco-alerta-para-o-cancer-de-pulmao#primaryimage\"},\"image\":{\"@id\":\"https:\\\/\\\/redenoticiaz.com.br\\\/ribeiraopreto-regiao\\\/sp\\\/2022\\\/08\\\/11\\\/agosto-branco-alerta-para-o-cancer-de-pulmao#primaryimage\"},\"thumbnailUrl\":\"https:\\\/\\\/redenoticiaz.com.br\\\/ribeiraopreto-regiao\\\/wp-content\\\/uploads\\\/sites\\\/4\\\/2022\\\/08\\\/img_54579_foto_1_f.jpg?v=1660242388\",\"datePublished\":\"2022-08-11T18:27:04+00:00\",\"dateModified\":\"2022-08-11T18:27:14+00:00\",\"description\":\"O Agosto Branco chama a aten\u00e7\u00e3o para a import\u00e2ncia da preven\u00e7\u00e3o do c\u00e2ncer de pulm\u00e3o. A data foi institu\u00edda h\u00e1 cinco anos.\",\"inLanguage\":\"pt-BR\",\"potentialAction\":[{\"@type\":\"ReadAction\",\"target\":[\"https:\\\/\\\/redenoticiaz.com.br\\\/ribeiraopreto-regiao\\\/sp\\\/2022\\\/08\\\/11\\\/agosto-branco-alerta-para-o-cancer-de-pulmao\"]}]},{\"@type\":\"ImageObject\",\"inLanguage\":\"pt-BR\",\"@id\":\"https:\\\/\\\/redenoticiaz.com.br\\\/ribeiraopreto-regiao\\\/sp\\\/2022\\\/08\\\/11\\\/agosto-branco-alerta-para-o-cancer-de-pulmao#primaryimage\",\"url\":\"https:\\\/\\\/redenoticiaz.com.br\\\/ribeiraopreto-regiao\\\/wp-content\\\/uploads\\\/sites\\\/4\\\/2022\\\/08\\\/img_54579_foto_1_f.jpg?v=1660242388\",\"contentUrl\":\"https:\\\/\\\/redenoticiaz.com.br\\\/ribeiraopreto-regiao\\\/wp-content\\\/uploads\\\/sites\\\/4\\\/2022\\\/08\\\/img_54579_foto_1_f.jpg?v=1660242388\",\"width\":850,\"height\":478,\"caption\":\"Agosto Branco\"},{\"@type\":\"WebSite\",\"@id\":\"https:\\\/\\\/redenoticiaz.com.br\\\/ribeiraopreto-regiao\\\/#website\",\"url\":\"https:\\\/\\\/redenoticiaz.com.br\\\/ribeiraopreto-regiao\\\/\",\"name\":\"Ribeir\u00e3o Preto e Regi\u00e3o\",\"description\":\"Rede NoticiaZ - Ribeir\u00e3o Preto e regi\u00e3o\",\"publisher\":{\"@id\":\"https:\\\/\\\/redenoticiaz.com.br\\\/ribeiraopreto-regiao\\\/#organization\"},\"potentialAction\":[{\"@type\":\"SearchAction\",\"target\":{\"@type\":\"EntryPoint\",\"urlTemplate\":\"https:\\\/\\\/redenoticiaz.com.br\\\/ribeiraopreto-regiao\\\/?s={search_term_string}\"},\"query-input\":{\"@type\":\"PropertyValueSpecification\",\"valueRequired\":true,\"valueName\":\"search_term_string\"}}],\"inLanguage\":\"pt-BR\"},{\"@type\":\"Organization\",\"@id\":\"https:\\\/\\\/redenoticiaz.com.br\\\/ribeiraopreto-regiao\\\/#organization\",\"name\":\"Ribeir\u00e3o Preto e Regi\u00e3o\",\"url\":\"https:\\\/\\\/redenoticiaz.com.br\\\/ribeiraopreto-regiao\\\/\",\"logo\":{\"@type\":\"ImageObject\",\"inLanguage\":\"pt-BR\",\"@id\":\"https:\\\/\\\/redenoticiaz.com.br\\\/ribeiraopreto-regiao\\\/#\\\/schema\\\/logo\\\/image\\\/\",\"url\":\"https:\\\/\\\/redenoticiaz.com.br\\\/barretos-regiao\\\/wp-content\\\/uploads\\\/sites\\\/4\\\/2022\\\/02\\\/logo.jpg\",\"contentUrl\":\"https:\\\/\\\/redenoticiaz.com.br\\\/barretos-regiao\\\/wp-content\\\/uploads\\\/sites\\\/4\\\/2022\\\/02\\\/logo.jpg\",\"width\":400,\"height\":250,\"caption\":\"Ribeir\u00e3o Preto e Regi\u00e3o\"},\"image\":{\"@id\":\"https:\\\/\\\/redenoticiaz.com.br\\\/ribeiraopreto-regiao\\\/#\\\/schema\\\/logo\\\/image\\\/\"},\"sameAs\":[\"https:\\\/\\\/m.facebook.com\\\/redenoticiaz.barretos\",\"https:\\\/\\\/x.com\\\/RN_barretos\",\"https:\\\/\\\/www.instagram.com\\\/redenoticiaz.barretos\\\/?igshid=YmMyMTA2M2Y\",\"https:\\\/\\\/www.linkedin.com\\\/company\\\/rede-noticiaz-barretos-e-regio\\\/\"]},{\"@type\":\"Person\",\"@id\":\"https:\\\/\\\/redenoticiaz.com.br\\\/ribeiraopreto-regiao\\\/#\\\/schema\\\/person\\\/16057b37a3c0ee6b096d7f887c566e2e\",\"name\":\"Gustavo Silva\",\"image\":{\"@type\":\"ImageObject\",\"inLanguage\":\"pt-BR\",\"@id\":\"https:\\\/\\\/secure.gravatar.com\\\/avatar\\\/3ee4e82f93b26de0a7cf4ea5eb7893da637ed6bb0c9170c58065944c56e28a33?s=96&d=mm&r=g\",\"url\":\"https:\\\/\\\/secure.gravatar.com\\\/avatar\\\/3ee4e82f93b26de0a7cf4ea5eb7893da637ed6bb0c9170c58065944c56e28a33?s=96&d=mm&r=g\",\"contentUrl\":\"https:\\\/\\\/secure.gravatar.com\\\/avatar\\\/3ee4e82f93b26de0a7cf4ea5eb7893da637ed6bb0c9170c58065944c56e28a33?s=96&d=mm&r=g\",\"caption\":\"Gustavo Silva\"},\"url\":\"https:\\\/\\\/redenoticiaz.com.br\\\/ribeiraopreto-regiao\\\/sp\\\/author\\\/gustavosilva\"}]}<\/script>\n<!-- \/ Yoast SEO plugin. -->","yoast_head_json":{"title":"Agosto Branco alerta para o c\u00e2ncer de pulm\u00e3o - Ribeir\u00e3o Preto e Regi\u00e3o","description":"O Agosto Branco chama a aten\u00e7\u00e3o para a import\u00e2ncia da preven\u00e7\u00e3o do c\u00e2ncer de pulm\u00e3o. A data foi institu\u00edda h\u00e1 cinco anos.","robots":{"index":"index","follow":"follow","max-snippet":"max-snippet:-1","max-image-preview":"max-image-preview:large","max-video-preview":"max-video-preview:-1"},"canonical":"https:\/\/redenoticiaz.com.br\/ribeiraopreto-regiao\/sp\/2022\/08\/11\/agosto-branco-alerta-para-o-cancer-de-pulmao","og_locale":"pt_BR","og_type":"article","og_title":"Agosto Branco alerta para o c\u00e2ncer de pulm\u00e3o - Ribeir\u00e3o Preto e Regi\u00e3o","og_description":"O Agosto Branco chama a aten\u00e7\u00e3o para a import\u00e2ncia da preven\u00e7\u00e3o do c\u00e2ncer de pulm\u00e3o. A data foi institu\u00edda h\u00e1 cinco anos.","og_url":"https:\/\/redenoticiaz.com.br\/ribeiraopreto-regiao\/sp\/2022\/08\/11\/agosto-branco-alerta-para-o-cancer-de-pulmao","og_site_name":"Ribeir\u00e3o Preto e Regi\u00e3o","article_publisher":"https:\/\/m.facebook.com\/redenoticiaz.barretos","article_published_time":"2022-08-11T18:27:04+00:00","article_modified_time":"2022-08-11T18:27:14+00:00","og_image":[{"width":850,"height":478,"url":"https:\/\/redenoticiaz.com.br\/ribeiraopreto-regiao\/wp-content\/uploads\/sites\/4\/2022\/08\/img_54579_foto_1_f.jpg?v=1660242388","type":"image\/jpeg"}],"author":"Gustavo Silva","twitter_card":"summary_large_image","twitter_creator":"@RN_barretos","twitter_site":"@RN_barretos","twitter_misc":{"Escrito por":"Gustavo Silva","Est. tempo de leitura":"2 minutos"},"schema":{"@context":"https:\/\/schema.org","@graph":[{"@type":"Article","@id":"https:\/\/redenoticiaz.com.br\/ribeiraopreto-regiao\/sp\/2022\/08\/11\/agosto-branco-alerta-para-o-cancer-de-pulmao#article","isPartOf":{"@id":"https:\/\/redenoticiaz.com.br\/ribeiraopreto-regiao\/sp\/2022\/08\/11\/agosto-branco-alerta-para-o-cancer-de-pulmao"},"author":{"name":"Gustavo Silva","@id":"https:\/\/redenoticiaz.com.br\/ribeiraopreto-regiao\/#\/schema\/person\/16057b37a3c0ee6b096d7f887c566e2e"},"headline":"Agosto Branco alerta para o c\u00e2ncer de pulm\u00e3o","datePublished":"2022-08-11T18:27:04+00:00","dateModified":"2022-08-11T18:27:14+00:00","mainEntityOfPage":{"@id":"https:\/\/redenoticiaz.com.br\/ribeiraopreto-regiao\/sp\/2022\/08\/11\/agosto-branco-alerta-para-o-cancer-de-pulmao"},"wordCount":267,"commentCount":0,"publisher":{"@id":"https:\/\/redenoticiaz.com.br\/ribeiraopreto-regiao\/#organization"},"image":{"@id":"https:\/\/redenoticiaz.com.br\/ribeiraopreto-regiao\/sp\/2022\/08\/11\/agosto-branco-alerta-para-o-cancer-de-pulmao#primaryimage"},"thumbnailUrl":"https:\/\/redenoticiaz.com.br\/ribeiraopreto-regiao\/wp-content\/uploads\/sites\/4\/2022\/08\/img_54579_foto_1_f.jpg?v=1660242388","keywords":["Agosto Branco","C\u00c2NCER DE PULM\u00c3O","CIGARROS"],"articleSection":["Sa\u00fade"],"inLanguage":"pt-BR","potentialAction":[{"@type":"CommentAction","name":"Comment","target":["https:\/\/redenoticiaz.com.br\/ribeiraopreto-regiao\/sp\/2022\/08\/11\/agosto-branco-alerta-para-o-cancer-de-pulmao#respond"]}]},{"@type":"WebPage","@id":"https:\/\/redenoticiaz.com.br\/ribeiraopreto-regiao\/sp\/2022\/08\/11\/agosto-branco-alerta-para-o-cancer-de-pulmao","url":"https:\/\/redenoticiaz.com.br\/ribeiraopreto-regiao\/sp\/2022\/08\/11\/agosto-branco-alerta-para-o-cancer-de-pulmao","name":"Agosto Branco alerta para o c\u00e2ncer de pulm\u00e3o - Ribeir\u00e3o Preto e Regi\u00e3o","isPartOf":{"@id":"https:\/\/redenoticiaz.com.br\/ribeiraopreto-regiao\/#website"},"primaryImageOfPage":{"@id":"https:\/\/redenoticiaz.com.br\/ribeiraopreto-regiao\/sp\/2022\/08\/11\/agosto-branco-alerta-para-o-cancer-de-pulmao#primaryimage"},"image":{"@id":"https:\/\/redenoticiaz.com.br\/ribeiraopreto-regiao\/sp\/2022\/08\/11\/agosto-branco-alerta-para-o-cancer-de-pulmao#primaryimage"},"thumbnailUrl":"https:\/\/redenoticiaz.com.br\/ribeiraopreto-regiao\/wp-content\/uploads\/sites\/4\/2022\/08\/img_54579_foto_1_f.jpg?v=1660242388","datePublished":"2022-08-11T18:27:04+00:00","dateModified":"2022-08-11T18:27:14+00:00","description":"O Agosto Branco chama a aten\u00e7\u00e3o para a import\u00e2ncia da preven\u00e7\u00e3o do c\u00e2ncer de pulm\u00e3o. A data foi institu\u00edda h\u00e1 cinco anos.","inLanguage":"pt-BR","potentialAction":[{"@type":"ReadAction","target":["https:\/\/redenoticiaz.com.br\/ribeiraopreto-regiao\/sp\/2022\/08\/11\/agosto-branco-alerta-para-o-cancer-de-pulmao"]}]},{"@type":"ImageObject","inLanguage":"pt-BR","@id":"https:\/\/redenoticiaz.com.br\/ribeiraopreto-regiao\/sp\/2022\/08\/11\/agosto-branco-alerta-para-o-cancer-de-pulmao#primaryimage","url":"https:\/\/redenoticiaz.com.br\/ribeiraopreto-regiao\/wp-content\/uploads\/sites\/4\/2022\/08\/img_54579_foto_1_f.jpg?v=1660242388","contentUrl":"https:\/\/redenoticiaz.com.br\/ribeiraopreto-regiao\/wp-content\/uploads\/sites\/4\/2022\/08\/img_54579_foto_1_f.jpg?v=1660242388","width":850,"height":478,"caption":"Agosto Branco"},{"@type":"WebSite","@id":"https:\/\/redenoticiaz.com.br\/ribeiraopreto-regiao\/#website","url":"https:\/\/redenoticiaz.com.br\/ribeiraopreto-regiao\/","name":"Ribeir\u00e3o Preto e Regi\u00e3o","description":"Rede NoticiaZ - Ribeir\u00e3o Preto e regi\u00e3o","publisher":{"@id":"https:\/\/redenoticiaz.com.br\/ribeiraopreto-regiao\/#organization"},"potentialAction":[{"@type":"SearchAction","target":{"@type":"EntryPoint","urlTemplate":"https:\/\/redenoticiaz.com.br\/ribeiraopreto-regiao\/?s={search_term_string}"},"query-input":{"@type":"PropertyValueSpecification","valueRequired":true,"valueName":"search_term_string"}}],"inLanguage":"pt-BR"},{"@type":"Organization","@id":"https:\/\/redenoticiaz.com.br\/ribeiraopreto-regiao\/#organization","name":"Ribeir\u00e3o Preto e Regi\u00e3o","url":"https:\/\/redenoticiaz.com.br\/ribeiraopreto-regiao\/","logo":{"@type":"ImageObject","inLanguage":"pt-BR","@id":"https:\/\/redenoticiaz.com.br\/ribeiraopreto-regiao\/#\/schema\/logo\/image\/","url":"https:\/\/redenoticiaz.com.br\/barretos-regiao\/wp-content\/uploads\/sites\/4\/2022\/02\/logo.jpg","contentUrl":"https:\/\/redenoticiaz.com.br\/barretos-regiao\/wp-content\/uploads\/sites\/4\/2022\/02\/logo.jpg","width":400,"height":250,"caption":"Ribeir\u00e3o Preto e Regi\u00e3o"},"image":{"@id":"https:\/\/redenoticiaz.com.br\/ribeiraopreto-regiao\/#\/schema\/logo\/image\/"},"sameAs":["https:\/\/m.facebook.com\/redenoticiaz.barretos","https:\/\/x.com\/RN_barretos","https:\/\/www.instagram.com\/redenoticiaz.barretos\/?igshid=YmMyMTA2M2Y","https:\/\/www.linkedin.com\/company\/rede-noticiaz-barretos-e-regio\/"]},{"@type":"Person","@id":"https:\/\/redenoticiaz.com.br\/ribeiraopreto-regiao\/#\/schema\/person\/16057b37a3c0ee6b096d7f887c566e2e","name":"Gustavo Silva","image":{"@type":"ImageObject","inLanguage":"pt-BR","@id":"https:\/\/secure.gravatar.com\/avatar\/3ee4e82f93b26de0a7cf4ea5eb7893da637ed6bb0c9170c58065944c56e28a33?s=96&d=mm&r=g","url":"https:\/\/secure.gravatar.com\/avatar\/3ee4e82f93b26de0a7cf4ea5eb7893da637ed6bb0c9170c58065944c56e28a33?s=96&d=mm&r=g","contentUrl":"https:\/\/secure.gravatar.com\/avatar\/3ee4e82f93b26de0a7cf4ea5eb7893da637ed6bb0c9170c58065944c56e28a33?s=96&d=mm&r=g","caption":"Gustavo Silva"},"url":"https:\/\/redenoticiaz.com.br\/ribeiraopreto-regiao\/sp\/author\/gustavosilva"}]}},"_links":{"self":[{"href":"https:\/\/redenoticiaz.com.br\/ribeiraopreto-regiao\/wp-json\/wp\/v2\/posts\/89910","targetHints":{"allow":["GET"]}}],"collection":[{"href":"https:\/\/redenoticiaz.com.br\/ribeiraopreto-regiao\/wp-json\/wp\/v2\/posts"}],"about":[{"href":"https:\/\/redenoticiaz.com.br\/ribeiraopreto-regiao\/wp-json\/wp\/v2\/types\/post"}],"author":[{"embeddable":true,"href":"https:\/\/redenoticiaz.com.br\/ribeiraopreto-regiao\/wp-json\/wp\/v2\/users\/12"}],"replies":[{"embeddable":true,"href":"https:\/\/redenoticiaz.com.br\/ribeiraopreto-regiao\/wp-json\/wp\/v2\/comments?post=89910"}],"version-history":[{"count":0,"href":"https:\/\/redenoticiaz.com.br\/ribeiraopreto-regiao\/wp-json\/wp\/v2\/posts\/89910\/revisions"}],"wp:featuredmedia":[{"embeddable":true,"href":"https:\/\/redenoticiaz.com.br\/ribeiraopreto-regiao\/wp-json\/wp\/v2\/media\/89911"}],"wp:attachment":[{"href":"https:\/\/redenoticiaz.com.br\/ribeiraopreto-regiao\/wp-json\/wp\/v2\/media?parent=89910"}],"wp:term":[{"taxonomy":"category","embeddable":true,"href":"https:\/\/redenoticiaz.com.br\/ribeiraopreto-regiao\/wp-json\/wp\/v2\/categories?post=89910"},{"taxonomy":"post_tag","embeddable":true,"href":"https:\/\/redenoticiaz.com.br\/ribeiraopreto-regiao\/wp-json\/wp\/v2\/tags?post=89910"}],"curies":[{"name":"wp","href":"https:\/\/api.w.org\/{rel}","templated":true}]}}