{"id":90226,"date":"2022-08-17T10:17:33","date_gmt":"2022-08-17T13:17:33","guid":{"rendered":"https:\/\/redenoticiaz.com.br\/barretos-regiao\/?p=90226"},"modified":"2022-08-19T06:00:47","modified_gmt":"2022-08-19T09:00:47","slug":"video-policia-federal-deflagra-operacao-efeito-cascata","status":"publish","type":"post","link":"https:\/\/redenoticiaz.com.br\/ribeiraopreto-regiao\/sp\/2022\/08\/17\/video-policia-federal-deflagra-operacao-efeito-cascata","title":{"rendered":"V\u00cdDEO: Pol\u00edcia Federal deflagra opera\u00e7\u00e3o Efeito Cascata"},"content":{"rendered":"<p>Na manh\u00e3 desta quarta-feira (17), a Pol\u00edcia Federal deflagrou a Opera\u00e7\u00e3o Efeito Cascata, voltada \u00e0 repress\u00e3o do crime organizado, tr\u00e1fico transnacional de drogas e lavagem de dinheiro.<\/p>\n<p>Na opera\u00e7\u00e3o policiais cumprem 29 mandados de pris\u00e3o preventiva, 34 mandados de busca e apreens\u00e3o, ordens de bloqueio de ativos financeiros de R$500 milh\u00f5es, bloqueio de ve\u00edculos e sequestro de, pelo menos, 18 im\u00f3veis com valor estimado superior a R$25 milh\u00f5es.<\/p>\n<p>Tamb\u00e9m foi determinada a suspens\u00e3o da atividade econ\u00f4mica de um contador e 19 empresas, com ordem de lacra\u00e7\u00e3o dos estabelecimentos. As dilig\u00eancias ocorrem em S\u00e3o Paulo\/SP, Baixada Santista, Rio de Janeiro\/RJ, Maring\u00e1\/PR e V\u00e1rzea Grande\/MT.<\/p>\n\n<p>A investiga\u00e7\u00e3o foi iniciada em julho de 2020 e deu ensejo \u00e0 apreens\u00e3o de 7.736 Kg de coca\u00edna em dez eventos, nos estados de Sergipe, S\u00e3o Paulo, Mato Grosso e Rio de Janeiro, al\u00e9m de 28 ve\u00edculos (caminh\u00f5es, semirreboques e autom\u00f3veis). Ao todo, 21 pessoas foram presas em flagrante por crime de tr\u00e1fico de drogas no per\u00edodo da investiga\u00e7\u00e3o.<\/p>\n<p>No curso dos trabalhos investigativos tamb\u00e9m foi poss\u00edvel identificar movimenta\u00e7\u00f5es banc\u00e1rias milion\u00e1rias.<\/p>\n<p>A organiza\u00e7\u00e3o criminosa atuava no transporte rodovi\u00e1rio de cargas de droga em meio a mercadorias l\u00edcitas. Da fronteira boliviana, as drogas seguiam em compartimentos ocultos de caminh\u00f5es at\u00e9 S\u00e3o Paulo e Rio de Janeiro, de onde eram transportadas em ve\u00edculos utilit\u00e1rios para regi\u00f5es portu\u00e1rias, notadamente Santos\/SP e Itagua\u00ed\/RJ, visando posterior embarque em navios para a Europa.<\/p>\n<p>Uma carga de 1.200 Kg de coca\u00edna apreendida na B\u00e9lgica em dezembro de 2020, oculta em bags de cimento, tamb\u00e9m est\u00e1 sendo investigada.<\/p>\n<p>Dentre as apreens\u00f5es, destacam-se 652 Kg de coca\u00edna localizados em Comodoro\/MT, pr\u00f3ximo \u00e0 fronteira boliviana, em setembro de 2020; 2.466 Kg de coca\u00edna em Duque de Caxias\/RJ, em dezembro de 2020; e 641 Kg de coca\u00edna em Itagua\u00ed\/RJ, em setembro de 2021, em meio a uma carga de mangas.<\/p>\n<p>A Receita Federal, com autoriza\u00e7\u00e3o da Justi\u00e7a, contribuiu para a investiga\u00e7\u00e3o, compartilhando informa\u00e7\u00f5es em tempo real sobre empresas, cargas, itiner\u00e1rios, cont\u00eaineres e movimenta\u00e7\u00e3o portu\u00e1ria. Tamb\u00e9m foi solicitada coopera\u00e7\u00e3o jur\u00eddica internacional.<\/p>\n<p>Os presos ficar\u00e3o \u00e0 disposi\u00e7\u00e3o da Justi\u00e7a Federal de S\u00e3o Paulo. Eles ser\u00e3o indiciados pelos crimes de organiza\u00e7\u00e3o criminosa, tr\u00e1fico transnacional de drogas, associa\u00e7\u00e3o para o tr\u00e1fico e lavagem de dinheiro. As penas cominadas podem ultrapassar 59 anos de reclus\u00e3o.<\/p>\n<p><strong>VEJA TAMB\u00c9M:\u00a0<a href=\"https:\/\/redenoticiaz.com.br\/litoralsp\/2022\/08\/02\/policia-federal-realiza-acao-contra-o-trafico-internacional-em-santos\">Pol\u00edcia Federal realiza a\u00e7\u00e3o contra o tr\u00e1fico internacional em Santos<\/a><\/strong><\/p>\n","protected":false},"excerpt":{"rendered":"<p>Na manh\u00e3 desta quarta-feira (17), a Pol\u00edcia Federal deflagrou a Opera\u00e7\u00e3o Efeito Cascata, voltada \u00e0 repress\u00e3o do crime organizado, tr\u00e1fico transnacional de drogas e lavagem de dinheiro. Na opera\u00e7\u00e3o policiais cumprem 29 mandados de pris\u00e3o preventiva, 34 mandados de busca e apreens\u00e3o, ordens de bloqueio de ativos financeiros de R$500 milh\u00f5es, bloqueio de ve\u00edculos e &hellip;<\/p>\n","protected":false},"author":30,"featured_media":90227,"comment_status":"open","ping_status":"closed","sticky":false,"template":"","format":"standard","meta":{"footnotes":""},"categories":[88],"tags":[2258,792,3681,2281],"class_list":["post-90226","post","type-post","status-publish","format-standard","has-post-thumbnail","hentry","category-policia","tag-dinheiro","tag-drogas","tag-policia-federal","tag-receita-federal"],"yoast_head":"<!-- This site is optimized with the Yoast SEO plugin v27.4 - https:\/\/yoast.com\/product\/yoast-seo-wordpress\/ -->\n<title>V\u00cdDEO: Pol\u00edcia Federal deflagra opera\u00e7\u00e3o Efeito Cascata - Ribeir\u00e3o Preto e Regi\u00e3o<\/title>\n<meta name=\"description\" content=\"Pol\u00edcia Federal deflagrou a Opera\u00e7\u00e3o Efeito Cascata, voltada ao crime organizado, tr\u00e1fico transnacional de drogas e lavagem de dinheiro\" \/>\n<meta name=\"robots\" content=\"index, follow, max-snippet:-1, max-image-preview:large, max-video-preview:-1\" \/>\n<link rel=\"canonical\" href=\"https:\/\/redenoticiaz.com.br\/ribeiraopreto-regiao\/sp\/2022\/08\/17\/video-policia-federal-deflagra-operacao-efeito-cascata\" \/>\n<meta property=\"og:locale\" content=\"pt_BR\" \/>\n<meta property=\"og:type\" content=\"article\" \/>\n<meta property=\"og:title\" content=\"V\u00cdDEO: Pol\u00edcia Federal deflagra opera\u00e7\u00e3o Efeito Cascata - Ribeir\u00e3o Preto e Regi\u00e3o\" \/>\n<meta property=\"og:description\" content=\"Pol\u00edcia Federal deflagrou a Opera\u00e7\u00e3o Efeito Cascata, voltada ao crime organizado, tr\u00e1fico transnacional de drogas e lavagem de dinheiro\" \/>\n<meta property=\"og:url\" content=\"https:\/\/redenoticiaz.com.br\/ribeiraopreto-regiao\/sp\/2022\/08\/17\/video-policia-federal-deflagra-operacao-efeito-cascata\" \/>\n<meta property=\"og:site_name\" content=\"Ribeir\u00e3o Preto e Regi\u00e3o\" \/>\n<meta property=\"article:publisher\" content=\"https:\/\/m.facebook.com\/redenoticiaz.barretos\" \/>\n<meta property=\"article:published_time\" content=\"2022-08-17T13:17:33+00:00\" \/>\n<meta property=\"article:modified_time\" content=\"2022-08-19T09:00:47+00:00\" \/>\n<meta property=\"og:image\" content=\"https:\/\/redenoticiaz.com.br\/ribeiraopreto-regiao\/wp-content\/uploads\/sites\/4\/2022\/08\/Design-sem-nome-5-1.jpg\" \/>\n\t<meta property=\"og:image:width\" content=\"940\" \/>\n\t<meta property=\"og:image:height\" content=\"788\" \/>\n\t<meta property=\"og:image:type\" content=\"image\/jpeg\" \/>\n<meta name=\"author\" content=\"Carina Reifonas\" \/>\n<meta name=\"twitter:card\" content=\"summary_large_image\" \/>\n<meta name=\"twitter:creator\" content=\"@RN_barretos\" \/>\n<meta name=\"twitter:site\" content=\"@RN_barretos\" \/>\n<meta name=\"twitter:label1\" content=\"Escrito por\" \/>\n\t<meta name=\"twitter:data1\" content=\"Carina Reifonas\" \/>\n\t<meta name=\"twitter:label2\" content=\"Est. tempo de leitura\" \/>\n\t<meta name=\"twitter:data2\" content=\"3 minutos\" \/>\n<script type=\"application\/ld+json\" class=\"yoast-schema-graph\">{\"@context\":\"https:\\\/\\\/schema.org\",\"@graph\":[{\"@type\":\"Article\",\"@id\":\"https:\\\/\\\/redenoticiaz.com.br\\\/ribeiraopreto-regiao\\\/sp\\\/2022\\\/08\\\/17\\\/video-policia-federal-deflagra-operacao-efeito-cascata#article\",\"isPartOf\":{\"@id\":\"https:\\\/\\\/redenoticiaz.com.br\\\/ribeiraopreto-regiao\\\/sp\\\/2022\\\/08\\\/17\\\/video-policia-federal-deflagra-operacao-efeito-cascata\"},\"author\":{\"name\":\"Carina Reifonas\",\"@id\":\"https:\\\/\\\/redenoticiaz.com.br\\\/ribeiraopreto-regiao\\\/#\\\/schema\\\/person\\\/1f84d6e94e6a62d2d81199d7503e9e90\"},\"headline\":\"V\u00cdDEO: Pol\u00edcia Federal deflagra opera\u00e7\u00e3o Efeito Cascata\",\"datePublished\":\"2022-08-17T13:17:33+00:00\",\"dateModified\":\"2022-08-19T09:00:47+00:00\",\"mainEntityOfPage\":{\"@id\":\"https:\\\/\\\/redenoticiaz.com.br\\\/ribeiraopreto-regiao\\\/sp\\\/2022\\\/08\\\/17\\\/video-policia-federal-deflagra-operacao-efeito-cascata\"},\"wordCount\":461,\"commentCount\":0,\"publisher\":{\"@id\":\"https:\\\/\\\/redenoticiaz.com.br\\\/ribeiraopreto-regiao\\\/#organization\"},\"image\":{\"@id\":\"https:\\\/\\\/redenoticiaz.com.br\\\/ribeiraopreto-regiao\\\/sp\\\/2022\\\/08\\\/17\\\/video-policia-federal-deflagra-operacao-efeito-cascata#primaryimage\"},\"thumbnailUrl\":\"https:\\\/\\\/redenoticiaz.com.br\\\/ribeiraopreto-regiao\\\/wp-content\\\/uploads\\\/sites\\\/4\\\/2022\\\/08\\\/Design-sem-nome-5-1.jpg\",\"keywords\":[\"dinheiro\",\"drogas\",\"policia federal\",\"Receita Federal\"],\"articleSection\":[\"Pol\u00edcia\"],\"inLanguage\":\"pt-BR\",\"potentialAction\":[{\"@type\":\"CommentAction\",\"name\":\"Comment\",\"target\":[\"https:\\\/\\\/redenoticiaz.com.br\\\/ribeiraopreto-regiao\\\/sp\\\/2022\\\/08\\\/17\\\/video-policia-federal-deflagra-operacao-efeito-cascata#respond\"]}]},{\"@type\":\"WebPage\",\"@id\":\"https:\\\/\\\/redenoticiaz.com.br\\\/ribeiraopreto-regiao\\\/sp\\\/2022\\\/08\\\/17\\\/video-policia-federal-deflagra-operacao-efeito-cascata\",\"url\":\"https:\\\/\\\/redenoticiaz.com.br\\\/ribeiraopreto-regiao\\\/sp\\\/2022\\\/08\\\/17\\\/video-policia-federal-deflagra-operacao-efeito-cascata\",\"name\":\"V\u00cdDEO: Pol\u00edcia Federal deflagra opera\u00e7\u00e3o Efeito Cascata - Ribeir\u00e3o Preto e Regi\u00e3o\",\"isPartOf\":{\"@id\":\"https:\\\/\\\/redenoticiaz.com.br\\\/ribeiraopreto-regiao\\\/#website\"},\"primaryImageOfPage\":{\"@id\":\"https:\\\/\\\/redenoticiaz.com.br\\\/ribeiraopreto-regiao\\\/sp\\\/2022\\\/08\\\/17\\\/video-policia-federal-deflagra-operacao-efeito-cascata#primaryimage\"},\"image\":{\"@id\":\"https:\\\/\\\/redenoticiaz.com.br\\\/ribeiraopreto-regiao\\\/sp\\\/2022\\\/08\\\/17\\\/video-policia-federal-deflagra-operacao-efeito-cascata#primaryimage\"},\"thumbnailUrl\":\"https:\\\/\\\/redenoticiaz.com.br\\\/ribeiraopreto-regiao\\\/wp-content\\\/uploads\\\/sites\\\/4\\\/2022\\\/08\\\/Design-sem-nome-5-1.jpg\",\"datePublished\":\"2022-08-17T13:17:33+00:00\",\"dateModified\":\"2022-08-19T09:00:47+00:00\",\"description\":\"Pol\u00edcia Federal deflagrou a Opera\u00e7\u00e3o Efeito Cascata, voltada ao crime organizado, tr\u00e1fico transnacional de drogas e lavagem de dinheiro\",\"inLanguage\":\"pt-BR\",\"potentialAction\":[{\"@type\":\"ReadAction\",\"target\":[\"https:\\\/\\\/redenoticiaz.com.br\\\/ribeiraopreto-regiao\\\/sp\\\/2022\\\/08\\\/17\\\/video-policia-federal-deflagra-operacao-efeito-cascata\"]}]},{\"@type\":\"ImageObject\",\"inLanguage\":\"pt-BR\",\"@id\":\"https:\\\/\\\/redenoticiaz.com.br\\\/ribeiraopreto-regiao\\\/sp\\\/2022\\\/08\\\/17\\\/video-policia-federal-deflagra-operacao-efeito-cascata#primaryimage\",\"url\":\"https:\\\/\\\/redenoticiaz.com.br\\\/ribeiraopreto-regiao\\\/wp-content\\\/uploads\\\/sites\\\/4\\\/2022\\\/08\\\/Design-sem-nome-5-1.jpg\",\"contentUrl\":\"https:\\\/\\\/redenoticiaz.com.br\\\/ribeiraopreto-regiao\\\/wp-content\\\/uploads\\\/sites\\\/4\\\/2022\\\/08\\\/Design-sem-nome-5-1.jpg\",\"width\":940,\"height\":788,\"caption\":\"Cr\u00e9dito: Divulga\u00e7\u00e3o\"},{\"@type\":\"WebSite\",\"@id\":\"https:\\\/\\\/redenoticiaz.com.br\\\/ribeiraopreto-regiao\\\/#website\",\"url\":\"https:\\\/\\\/redenoticiaz.com.br\\\/ribeiraopreto-regiao\\\/\",\"name\":\"Ribeir\u00e3o Preto e Regi\u00e3o\",\"description\":\"Rede NoticiaZ - Ribeir\u00e3o Preto e regi\u00e3o\",\"publisher\":{\"@id\":\"https:\\\/\\\/redenoticiaz.com.br\\\/ribeiraopreto-regiao\\\/#organization\"},\"potentialAction\":[{\"@type\":\"SearchAction\",\"target\":{\"@type\":\"EntryPoint\",\"urlTemplate\":\"https:\\\/\\\/redenoticiaz.com.br\\\/ribeiraopreto-regiao\\\/?s={search_term_string}\"},\"query-input\":{\"@type\":\"PropertyValueSpecification\",\"valueRequired\":true,\"valueName\":\"search_term_string\"}}],\"inLanguage\":\"pt-BR\"},{\"@type\":\"Organization\",\"@id\":\"https:\\\/\\\/redenoticiaz.com.br\\\/ribeiraopreto-regiao\\\/#organization\",\"name\":\"Ribeir\u00e3o Preto e Regi\u00e3o\",\"url\":\"https:\\\/\\\/redenoticiaz.com.br\\\/ribeiraopreto-regiao\\\/\",\"logo\":{\"@type\":\"ImageObject\",\"inLanguage\":\"pt-BR\",\"@id\":\"https:\\\/\\\/redenoticiaz.com.br\\\/ribeiraopreto-regiao\\\/#\\\/schema\\\/logo\\\/image\\\/\",\"url\":\"https:\\\/\\\/redenoticiaz.com.br\\\/barretos-regiao\\\/wp-content\\\/uploads\\\/sites\\\/4\\\/2022\\\/02\\\/logo.jpg\",\"contentUrl\":\"https:\\\/\\\/redenoticiaz.com.br\\\/barretos-regiao\\\/wp-content\\\/uploads\\\/sites\\\/4\\\/2022\\\/02\\\/logo.jpg\",\"width\":400,\"height\":250,\"caption\":\"Ribeir\u00e3o Preto e Regi\u00e3o\"},\"image\":{\"@id\":\"https:\\\/\\\/redenoticiaz.com.br\\\/ribeiraopreto-regiao\\\/#\\\/schema\\\/logo\\\/image\\\/\"},\"sameAs\":[\"https:\\\/\\\/m.facebook.com\\\/redenoticiaz.barretos\",\"https:\\\/\\\/x.com\\\/RN_barretos\",\"https:\\\/\\\/www.instagram.com\\\/redenoticiaz.barretos\\\/?igshid=YmMyMTA2M2Y\",\"https:\\\/\\\/www.linkedin.com\\\/company\\\/rede-noticiaz-barretos-e-regio\\\/\"]},{\"@type\":\"Person\",\"@id\":\"https:\\\/\\\/redenoticiaz.com.br\\\/ribeiraopreto-regiao\\\/#\\\/schema\\\/person\\\/1f84d6e94e6a62d2d81199d7503e9e90\",\"name\":\"Carina Reifonas\",\"image\":{\"@type\":\"ImageObject\",\"inLanguage\":\"pt-BR\",\"@id\":\"https:\\\/\\\/secure.gravatar.com\\\/avatar\\\/04c59859b23696cf867715880f81d5c037e60109730bdb4e6670ec2a2245bc97?s=96&d=mm&r=g\",\"url\":\"https:\\\/\\\/secure.gravatar.com\\\/avatar\\\/04c59859b23696cf867715880f81d5c037e60109730bdb4e6670ec2a2245bc97?s=96&d=mm&r=g\",\"contentUrl\":\"https:\\\/\\\/secure.gravatar.com\\\/avatar\\\/04c59859b23696cf867715880f81d5c037e60109730bdb4e6670ec2a2245bc97?s=96&d=mm&r=g\",\"caption\":\"Carina Reifonas\"},\"url\":\"https:\\\/\\\/redenoticiaz.com.br\\\/ribeiraopreto-regiao\\\/sp\\\/author\\\/carinareifonas\"}]}<\/script>\n<!-- \/ Yoast SEO plugin. -->","yoast_head_json":{"title":"V\u00cdDEO: Pol\u00edcia Federal deflagra opera\u00e7\u00e3o Efeito Cascata - Ribeir\u00e3o Preto e Regi\u00e3o","description":"Pol\u00edcia Federal deflagrou a Opera\u00e7\u00e3o Efeito Cascata, voltada ao crime organizado, tr\u00e1fico transnacional de drogas e lavagem de dinheiro","robots":{"index":"index","follow":"follow","max-snippet":"max-snippet:-1","max-image-preview":"max-image-preview:large","max-video-preview":"max-video-preview:-1"},"canonical":"https:\/\/redenoticiaz.com.br\/ribeiraopreto-regiao\/sp\/2022\/08\/17\/video-policia-federal-deflagra-operacao-efeito-cascata","og_locale":"pt_BR","og_type":"article","og_title":"V\u00cdDEO: Pol\u00edcia Federal deflagra opera\u00e7\u00e3o Efeito Cascata - Ribeir\u00e3o Preto e Regi\u00e3o","og_description":"Pol\u00edcia Federal deflagrou a Opera\u00e7\u00e3o Efeito Cascata, voltada ao crime organizado, tr\u00e1fico transnacional de drogas e lavagem de dinheiro","og_url":"https:\/\/redenoticiaz.com.br\/ribeiraopreto-regiao\/sp\/2022\/08\/17\/video-policia-federal-deflagra-operacao-efeito-cascata","og_site_name":"Ribeir\u00e3o Preto e Regi\u00e3o","article_publisher":"https:\/\/m.facebook.com\/redenoticiaz.barretos","article_published_time":"2022-08-17T13:17:33+00:00","article_modified_time":"2022-08-19T09:00:47+00:00","og_image":[{"width":940,"height":788,"url":"https:\/\/redenoticiaz.com.br\/ribeiraopreto-regiao\/wp-content\/uploads\/sites\/4\/2022\/08\/Design-sem-nome-5-1.jpg","type":"image\/jpeg"}],"author":"Carina Reifonas","twitter_card":"summary_large_image","twitter_creator":"@RN_barretos","twitter_site":"@RN_barretos","twitter_misc":{"Escrito por":"Carina Reifonas","Est. tempo de leitura":"3 minutos"},"schema":{"@context":"https:\/\/schema.org","@graph":[{"@type":"Article","@id":"https:\/\/redenoticiaz.com.br\/ribeiraopreto-regiao\/sp\/2022\/08\/17\/video-policia-federal-deflagra-operacao-efeito-cascata#article","isPartOf":{"@id":"https:\/\/redenoticiaz.com.br\/ribeiraopreto-regiao\/sp\/2022\/08\/17\/video-policia-federal-deflagra-operacao-efeito-cascata"},"author":{"name":"Carina Reifonas","@id":"https:\/\/redenoticiaz.com.br\/ribeiraopreto-regiao\/#\/schema\/person\/1f84d6e94e6a62d2d81199d7503e9e90"},"headline":"V\u00cdDEO: Pol\u00edcia Federal deflagra opera\u00e7\u00e3o Efeito Cascata","datePublished":"2022-08-17T13:17:33+00:00","dateModified":"2022-08-19T09:00:47+00:00","mainEntityOfPage":{"@id":"https:\/\/redenoticiaz.com.br\/ribeiraopreto-regiao\/sp\/2022\/08\/17\/video-policia-federal-deflagra-operacao-efeito-cascata"},"wordCount":461,"commentCount":0,"publisher":{"@id":"https:\/\/redenoticiaz.com.br\/ribeiraopreto-regiao\/#organization"},"image":{"@id":"https:\/\/redenoticiaz.com.br\/ribeiraopreto-regiao\/sp\/2022\/08\/17\/video-policia-federal-deflagra-operacao-efeito-cascata#primaryimage"},"thumbnailUrl":"https:\/\/redenoticiaz.com.br\/ribeiraopreto-regiao\/wp-content\/uploads\/sites\/4\/2022\/08\/Design-sem-nome-5-1.jpg","keywords":["dinheiro","drogas","policia federal","Receita Federal"],"articleSection":["Pol\u00edcia"],"inLanguage":"pt-BR","potentialAction":[{"@type":"CommentAction","name":"Comment","target":["https:\/\/redenoticiaz.com.br\/ribeiraopreto-regiao\/sp\/2022\/08\/17\/video-policia-federal-deflagra-operacao-efeito-cascata#respond"]}]},{"@type":"WebPage","@id":"https:\/\/redenoticiaz.com.br\/ribeiraopreto-regiao\/sp\/2022\/08\/17\/video-policia-federal-deflagra-operacao-efeito-cascata","url":"https:\/\/redenoticiaz.com.br\/ribeiraopreto-regiao\/sp\/2022\/08\/17\/video-policia-federal-deflagra-operacao-efeito-cascata","name":"V\u00cdDEO: Pol\u00edcia Federal deflagra opera\u00e7\u00e3o Efeito Cascata - Ribeir\u00e3o Preto e Regi\u00e3o","isPartOf":{"@id":"https:\/\/redenoticiaz.com.br\/ribeiraopreto-regiao\/#website"},"primaryImageOfPage":{"@id":"https:\/\/redenoticiaz.com.br\/ribeiraopreto-regiao\/sp\/2022\/08\/17\/video-policia-federal-deflagra-operacao-efeito-cascata#primaryimage"},"image":{"@id":"https:\/\/redenoticiaz.com.br\/ribeiraopreto-regiao\/sp\/2022\/08\/17\/video-policia-federal-deflagra-operacao-efeito-cascata#primaryimage"},"thumbnailUrl":"https:\/\/redenoticiaz.com.br\/ribeiraopreto-regiao\/wp-content\/uploads\/sites\/4\/2022\/08\/Design-sem-nome-5-1.jpg","datePublished":"2022-08-17T13:17:33+00:00","dateModified":"2022-08-19T09:00:47+00:00","description":"Pol\u00edcia Federal deflagrou a Opera\u00e7\u00e3o Efeito Cascata, voltada ao crime organizado, tr\u00e1fico transnacional de drogas e lavagem de dinheiro","inLanguage":"pt-BR","potentialAction":[{"@type":"ReadAction","target":["https:\/\/redenoticiaz.com.br\/ribeiraopreto-regiao\/sp\/2022\/08\/17\/video-policia-federal-deflagra-operacao-efeito-cascata"]}]},{"@type":"ImageObject","inLanguage":"pt-BR","@id":"https:\/\/redenoticiaz.com.br\/ribeiraopreto-regiao\/sp\/2022\/08\/17\/video-policia-federal-deflagra-operacao-efeito-cascata#primaryimage","url":"https:\/\/redenoticiaz.com.br\/ribeiraopreto-regiao\/wp-content\/uploads\/sites\/4\/2022\/08\/Design-sem-nome-5-1.jpg","contentUrl":"https:\/\/redenoticiaz.com.br\/ribeiraopreto-regiao\/wp-content\/uploads\/sites\/4\/2022\/08\/Design-sem-nome-5-1.jpg","width":940,"height":788,"caption":"Cr\u00e9dito: Divulga\u00e7\u00e3o"},{"@type":"WebSite","@id":"https:\/\/redenoticiaz.com.br\/ribeiraopreto-regiao\/#website","url":"https:\/\/redenoticiaz.com.br\/ribeiraopreto-regiao\/","name":"Ribeir\u00e3o Preto e Regi\u00e3o","description":"Rede NoticiaZ - Ribeir\u00e3o Preto e regi\u00e3o","publisher":{"@id":"https:\/\/redenoticiaz.com.br\/ribeiraopreto-regiao\/#organization"},"potentialAction":[{"@type":"SearchAction","target":{"@type":"EntryPoint","urlTemplate":"https:\/\/redenoticiaz.com.br\/ribeiraopreto-regiao\/?s={search_term_string}"},"query-input":{"@type":"PropertyValueSpecification","valueRequired":true,"valueName":"search_term_string"}}],"inLanguage":"pt-BR"},{"@type":"Organization","@id":"https:\/\/redenoticiaz.com.br\/ribeiraopreto-regiao\/#organization","name":"Ribeir\u00e3o Preto e Regi\u00e3o","url":"https:\/\/redenoticiaz.com.br\/ribeiraopreto-regiao\/","logo":{"@type":"ImageObject","inLanguage":"pt-BR","@id":"https:\/\/redenoticiaz.com.br\/ribeiraopreto-regiao\/#\/schema\/logo\/image\/","url":"https:\/\/redenoticiaz.com.br\/barretos-regiao\/wp-content\/uploads\/sites\/4\/2022\/02\/logo.jpg","contentUrl":"https:\/\/redenoticiaz.com.br\/barretos-regiao\/wp-content\/uploads\/sites\/4\/2022\/02\/logo.jpg","width":400,"height":250,"caption":"Ribeir\u00e3o Preto e Regi\u00e3o"},"image":{"@id":"https:\/\/redenoticiaz.com.br\/ribeiraopreto-regiao\/#\/schema\/logo\/image\/"},"sameAs":["https:\/\/m.facebook.com\/redenoticiaz.barretos","https:\/\/x.com\/RN_barretos","https:\/\/www.instagram.com\/redenoticiaz.barretos\/?igshid=YmMyMTA2M2Y","https:\/\/www.linkedin.com\/company\/rede-noticiaz-barretos-e-regio\/"]},{"@type":"Person","@id":"https:\/\/redenoticiaz.com.br\/ribeiraopreto-regiao\/#\/schema\/person\/1f84d6e94e6a62d2d81199d7503e9e90","name":"Carina Reifonas","image":{"@type":"ImageObject","inLanguage":"pt-BR","@id":"https:\/\/secure.gravatar.com\/avatar\/04c59859b23696cf867715880f81d5c037e60109730bdb4e6670ec2a2245bc97?s=96&d=mm&r=g","url":"https:\/\/secure.gravatar.com\/avatar\/04c59859b23696cf867715880f81d5c037e60109730bdb4e6670ec2a2245bc97?s=96&d=mm&r=g","contentUrl":"https:\/\/secure.gravatar.com\/avatar\/04c59859b23696cf867715880f81d5c037e60109730bdb4e6670ec2a2245bc97?s=96&d=mm&r=g","caption":"Carina Reifonas"},"url":"https:\/\/redenoticiaz.com.br\/ribeiraopreto-regiao\/sp\/author\/carinareifonas"}]}},"_links":{"self":[{"href":"https:\/\/redenoticiaz.com.br\/ribeiraopreto-regiao\/wp-json\/wp\/v2\/posts\/90226","targetHints":{"allow":["GET"]}}],"collection":[{"href":"https:\/\/redenoticiaz.com.br\/ribeiraopreto-regiao\/wp-json\/wp\/v2\/posts"}],"about":[{"href":"https:\/\/redenoticiaz.com.br\/ribeiraopreto-regiao\/wp-json\/wp\/v2\/types\/post"}],"author":[{"embeddable":true,"href":"https:\/\/redenoticiaz.com.br\/ribeiraopreto-regiao\/wp-json\/wp\/v2\/users\/30"}],"replies":[{"embeddable":true,"href":"https:\/\/redenoticiaz.com.br\/ribeiraopreto-regiao\/wp-json\/wp\/v2\/comments?post=90226"}],"version-history":[{"count":1,"href":"https:\/\/redenoticiaz.com.br\/ribeiraopreto-regiao\/wp-json\/wp\/v2\/posts\/90226\/revisions"}],"predecessor-version":[{"id":90232,"href":"https:\/\/redenoticiaz.com.br\/ribeiraopreto-regiao\/wp-json\/wp\/v2\/posts\/90226\/revisions\/90232"}],"wp:featuredmedia":[{"embeddable":true,"href":"https:\/\/redenoticiaz.com.br\/ribeiraopreto-regiao\/wp-json\/wp\/v2\/media\/90227"}],"wp:attachment":[{"href":"https:\/\/redenoticiaz.com.br\/ribeiraopreto-regiao\/wp-json\/wp\/v2\/media?parent=90226"}],"wp:term":[{"taxonomy":"category","embeddable":true,"href":"https:\/\/redenoticiaz.com.br\/ribeiraopreto-regiao\/wp-json\/wp\/v2\/categories?post=90226"},{"taxonomy":"post_tag","embeddable":true,"href":"https:\/\/redenoticiaz.com.br\/ribeiraopreto-regiao\/wp-json\/wp\/v2\/tags?post=90226"}],"curies":[{"name":"wp","href":"https:\/\/api.w.org\/{rel}","templated":true}]}}