{"id":90323,"date":"2022-08-20T14:30:05","date_gmt":"2022-08-20T17:30:05","guid":{"rendered":"https:\/\/redenoticiaz.com.br\/barretos-regiao\/?p=90323"},"modified":"2022-08-18T15:08:40","modified_gmt":"2022-08-18T18:08:40","slug":"dia-da-juventude-reune-mais-de-1200-estudantes-olimpienses","status":"publish","type":"post","link":"https:\/\/redenoticiaz.com.br\/ribeiraopreto-regiao\/sp\/2022\/08\/20\/dia-da-juventude-reune-mais-de-1200-estudantes-olimpienses","title":{"rendered":"Dia da Juventude re\u00fane mais de 1200 estudantes olimpienses"},"content":{"rendered":"<p class=\"v1gmail-MsoBodyText\"><span style=\"font-family: arial, sans-serif\">A Prefeitura da Est\u00e2ncia Tur\u00edstica de Ol\u00edmpia realizou o 1\u00ba Dia da Juventude, no sal\u00e3o social do clube Thermas dos Laranjais. Mais de 1200 jovens e estudantes do 9\u00ba ano do fundamental II ao 3\u00ba ano do ensino m\u00e9dio de escolas estaduais e particulares de Ol\u00edmpia participaram do evento.<\/span><\/p>\n<p class=\"v1gmail-MsoBodyText\"><span style=\"font-family: arial, sans-serif\">A grande atra\u00e7\u00e3o ficou por conta do Professor Noslen Borges, considerado o maior fen\u00f4meno da L\u00edngua Portuguesa do Brasil, que ministrou a palestra &#8220;Aul\u00e3o Show&#8221;. A a\u00e7\u00e3o, realizada pela secretaria de Esporte, Lazer e Juventude para comemorar o Dia da Juventude celebrado no \u00faltimo dia 12, serviu tamb\u00e9m como interc\u00e2mbio educacional e cultural para adolescentes e jovens que, por meio da educa\u00e7\u00e3o e da tecnologia dos sites, aplicativos e redes sociais, vislumbram um futuro empreendedor.<\/span><\/p>\n<p class=\"v1gmail-MsoBodyText\"><span style=\"font-family: arial, sans-serif\">O professor Noslen, uns dos maiores influenciadores digitais do Youtube Brasil com um canal de L\u00edngua Portuguesa com 4 milh\u00f5es de inscritos, abordou tem\u00e1ticas importantes da gram\u00e1tica, t\u00edpica da prepara\u00e7\u00e3o para os vestibulares, de forma divertida e interativa. Tudo para ajudar os alunos a entender melhor esse processo estudantil do ensino m\u00e9dio a caminho da universidade.<\/span><\/p>\n<p class=\"v1gmail-MsoBodyText\"><span style=\"font-family: arial, sans-serif\">No evento, participaram alunos e professores das escolas estaduais Prof\u00aa Alzira Tonelli Zaccareli, Dona Anita Costa, Dr. Ant\u00f4nio Augusto Reis Neves, Prof\u00aa Maria Ubaldina de Barros Furquim, Capit\u00e3o Narciso Bertolino, Prof\u00aa Dalva Vieira Itavo, Eloi Lopes Ferraz (Bagua\u00e7u), Comendador Francisco Bernardes Ferreira (Ribeiro dos Santos), ETEC Ol\u00edmpia, Centro Educacional Elza Zanin e Col\u00e9gio Objetivo. Todos os alunos receberam cachorro quente e refrigerante ao t\u00e9rmino da palestra.<\/span><\/p>\n<p class=\"v1gmail-MsoBodyText\"><span style=\"font-family: arial, sans-serif\">Os estudantes tamb\u00e9m participaram de sorteios de v\u00e1rios brindes, como uma bicicleta, ingressos para os parques aqu\u00e1ticos Thermas e Hot Beach, al\u00e9m de livros, pr\u00eamios e entradas para o Museu de Cera e para o Vale dos Dinossauros. Secret\u00e1rios municipais, entre eles o respons\u00e1vel da pasta, Fernandinho Silva, e vereadores marcaram presen\u00e7a no evento.<\/span><\/p>\n<p class=\"v1gmail-MsoBodyText\"><span style=\"font-family: arial, sans-serif\">Al\u00e9m do &#8220;Aul\u00e3o Show&#8221; do professor Noslen que encantou o p\u00fablico, animaram os estudantes o mascote oficial da Prefeitura &#8220;Summer&#8221; e o recreador do Hot Beach, Leandro Mantega. O Dia da Juventude foi o primeiro evento realizado pela Prefeitura para a data, que promete surpreender ainda mais no pr\u00f3ximo ano.<\/span><\/p>\n","protected":false},"excerpt":{"rendered":"<p>A Prefeitura da Est\u00e2ncia Tur\u00edstica de Ol\u00edmpia realizou o 1\u00ba Dia da Juventude, no sal\u00e3o social do clube Thermas dos Laranjais. Mais de 1200 jovens e estudantes do 9\u00ba ano do fundamental II ao 3\u00ba ano do ensino m\u00e9dio de escolas estaduais e particulares de Ol\u00edmpia participaram do evento. A grande atra\u00e7\u00e3o ficou por conta &hellip;<\/p>\n","protected":false},"author":15,"featured_media":90324,"comment_status":"open","ping_status":"closed","sticky":false,"template":"","format":"standard","meta":{"footnotes":""},"categories":[820],"tags":[19743,943,6207,19813],"class_list":["post-90323","post","type-post","status-publish","format-standard","has-post-thumbnail","hentry","category-educacao","tag-dia-da-juventude","tag-educacao","tag-sorteio","tag-thermad"],"yoast_head":"<!-- This site is optimized with the Yoast SEO plugin v28.4 - https:\/\/yoast.com\/product\/yoast-seo-wordpress\/ -->\n<title>Dia da Juventude re\u00fane mais de 1200 estudantes olimpienses - Ribeir\u00e3o Preto e Regi\u00e3o<\/title>\n<meta name=\"description\" content=\"A Prefeitura da Est\u00e2ncia Tur\u00edstica de Ol\u00edmpia realizou o 1\u00ba Dia da Juventude, no sal\u00e3o social do clube Thermas dos Laranjais\" \/>\n<meta name=\"robots\" content=\"index, follow, max-snippet:-1, max-image-preview:large, max-video-preview:-1\" \/>\n<link rel=\"canonical\" href=\"https:\/\/redenoticiaz.com.br\/ribeiraopreto-regiao\/sp\/2022\/08\/20\/dia-da-juventude-reune-mais-de-1200-estudantes-olimpienses\" \/>\n<meta property=\"og:locale\" content=\"pt_BR\" \/>\n<meta property=\"og:type\" content=\"article\" \/>\n<meta property=\"og:title\" content=\"Dia da Juventude re\u00fane mais de 1200 estudantes olimpienses - Ribeir\u00e3o Preto e Regi\u00e3o\" \/>\n<meta property=\"og:description\" content=\"A Prefeitura da Est\u00e2ncia Tur\u00edstica de Ol\u00edmpia realizou o 1\u00ba Dia da Juventude, no sal\u00e3o social do clube Thermas dos Laranjais\" \/>\n<meta property=\"og:url\" content=\"https:\/\/redenoticiaz.com.br\/ribeiraopreto-regiao\/sp\/2022\/08\/20\/dia-da-juventude-reune-mais-de-1200-estudantes-olimpienses\" \/>\n<meta property=\"og:site_name\" content=\"Ribeir\u00e3o Preto e Regi\u00e3o\" \/>\n<meta property=\"article:publisher\" content=\"https:\/\/m.facebook.com\/redenoticiaz.barretos\" \/>\n<meta property=\"article:published_time\" content=\"2022-08-20T17:30:05+00:00\" \/>\n<meta property=\"og:image\" content=\"https:\/\/redenoticiaz.com.br\/ribeiraopreto-regiao\/wp-content\/uploads\/sites\/4\/2022\/08\/Dia-da-Juventude-Palestra-2-scaled.jpeg\" \/>\n\t<meta property=\"og:image:width\" content=\"1920\" \/>\n\t<meta property=\"og:image:height\" content=\"1079\" \/>\n\t<meta property=\"og:image:type\" content=\"image\/jpeg\" \/>\n<meta name=\"twitter:card\" content=\"summary_large_image\" \/>\n<meta name=\"twitter:creator\" content=\"@RN_barretos\" \/>\n<meta name=\"twitter:site\" content=\"@RN_barretos\" \/>\n<meta name=\"twitter:label1\" content=\"Escrito por\" \/>\n\t<meta name=\"twitter:data1\" content=\"\" \/>\n\t<meta name=\"twitter:label2\" content=\"Est. tempo de leitura\" \/>\n\t<meta name=\"twitter:data2\" content=\"2 minutos\" \/>\n<script type=\"application\/ld+json\" class=\"yoast-schema-graph\">{\"@context\":\"https:\\\/\\\/schema.org\",\"@graph\":[{\"@type\":\"Article\",\"@id\":\"https:\\\/\\\/redenoticiaz.com.br\\\/ribeiraopreto-regiao\\\/sp\\\/2022\\\/08\\\/20\\\/dia-da-juventude-reune-mais-de-1200-estudantes-olimpienses#article\",\"isPartOf\":{\"@id\":\"https:\\\/\\\/redenoticiaz.com.br\\\/ribeiraopreto-regiao\\\/sp\\\/2022\\\/08\\\/20\\\/dia-da-juventude-reune-mais-de-1200-estudantes-olimpienses\"},\"author\":{\"name\":\"\",\"@id\":\"\"},\"headline\":\"Dia da Juventude re\u00fane mais de 1200 estudantes olimpienses\",\"datePublished\":\"2022-08-20T17:30:05+00:00\",\"mainEntityOfPage\":{\"@id\":\"https:\\\/\\\/redenoticiaz.com.br\\\/ribeiraopreto-regiao\\\/sp\\\/2022\\\/08\\\/20\\\/dia-da-juventude-reune-mais-de-1200-estudantes-olimpienses\"},\"wordCount\":392,\"commentCount\":0,\"publisher\":{\"@id\":\"https:\\\/\\\/redenoticiaz.com.br\\\/ribeiraopreto-regiao\\\/#organization\"},\"image\":{\"@id\":\"https:\\\/\\\/redenoticiaz.com.br\\\/ribeiraopreto-regiao\\\/sp\\\/2022\\\/08\\\/20\\\/dia-da-juventude-reune-mais-de-1200-estudantes-olimpienses#primaryimage\"},\"thumbnailUrl\":\"https:\\\/\\\/redenoticiaz.com.br\\\/ribeiraopreto-regiao\\\/wp-content\\\/uploads\\\/sites\\\/4\\\/2022\\\/08\\\/Dia-da-Juventude-Palestra-2-scaled.jpeg\",\"keywords\":[\"DIA DA JUVENTUDE\",\"educa\u00e7\u00e3o\",\"sorteio\",\"THERMAD\"],\"articleSection\":[\"Educa\u00e7\u00e3o\"],\"inLanguage\":\"pt-BR\",\"potentialAction\":[{\"@type\":\"CommentAction\",\"name\":\"Comment\",\"target\":[\"https:\\\/\\\/redenoticiaz.com.br\\\/ribeiraopreto-regiao\\\/sp\\\/2022\\\/08\\\/20\\\/dia-da-juventude-reune-mais-de-1200-estudantes-olimpienses#respond\"]}]},{\"@type\":\"WebPage\",\"@id\":\"https:\\\/\\\/redenoticiaz.com.br\\\/ribeiraopreto-regiao\\\/sp\\\/2022\\\/08\\\/20\\\/dia-da-juventude-reune-mais-de-1200-estudantes-olimpienses\",\"url\":\"https:\\\/\\\/redenoticiaz.com.br\\\/ribeiraopreto-regiao\\\/sp\\\/2022\\\/08\\\/20\\\/dia-da-juventude-reune-mais-de-1200-estudantes-olimpienses\",\"name\":\"Dia da Juventude re\u00fane mais de 1200 estudantes olimpienses - Ribeir\u00e3o Preto e Regi\u00e3o\",\"isPartOf\":{\"@id\":\"https:\\\/\\\/redenoticiaz.com.br\\\/ribeiraopreto-regiao\\\/#website\"},\"primaryImageOfPage\":{\"@id\":\"https:\\\/\\\/redenoticiaz.com.br\\\/ribeiraopreto-regiao\\\/sp\\\/2022\\\/08\\\/20\\\/dia-da-juventude-reune-mais-de-1200-estudantes-olimpienses#primaryimage\"},\"image\":{\"@id\":\"https:\\\/\\\/redenoticiaz.com.br\\\/ribeiraopreto-regiao\\\/sp\\\/2022\\\/08\\\/20\\\/dia-da-juventude-reune-mais-de-1200-estudantes-olimpienses#primaryimage\"},\"thumbnailUrl\":\"https:\\\/\\\/redenoticiaz.com.br\\\/ribeiraopreto-regiao\\\/wp-content\\\/uploads\\\/sites\\\/4\\\/2022\\\/08\\\/Dia-da-Juventude-Palestra-2-scaled.jpeg\",\"datePublished\":\"2022-08-20T17:30:05+00:00\",\"description\":\"A Prefeitura da Est\u00e2ncia Tur\u00edstica de Ol\u00edmpia realizou o 1\u00ba Dia da Juventude, no sal\u00e3o social do clube Thermas dos Laranjais\",\"inLanguage\":\"pt-BR\",\"potentialAction\":[{\"@type\":\"ReadAction\",\"target\":[\"https:\\\/\\\/redenoticiaz.com.br\\\/ribeiraopreto-regiao\\\/sp\\\/2022\\\/08\\\/20\\\/dia-da-juventude-reune-mais-de-1200-estudantes-olimpienses\"]}]},{\"@type\":\"ImageObject\",\"inLanguage\":\"pt-BR\",\"@id\":\"https:\\\/\\\/redenoticiaz.com.br\\\/ribeiraopreto-regiao\\\/sp\\\/2022\\\/08\\\/20\\\/dia-da-juventude-reune-mais-de-1200-estudantes-olimpienses#primaryimage\",\"url\":\"https:\\\/\\\/redenoticiaz.com.br\\\/ribeiraopreto-regiao\\\/wp-content\\\/uploads\\\/sites\\\/4\\\/2022\\\/08\\\/Dia-da-Juventude-Palestra-2-scaled.jpeg\",\"contentUrl\":\"https:\\\/\\\/redenoticiaz.com.br\\\/ribeiraopreto-regiao\\\/wp-content\\\/uploads\\\/sites\\\/4\\\/2022\\\/08\\\/Dia-da-Juventude-Palestra-2-scaled.jpeg\",\"width\":1920,\"height\":1079,\"caption\":\"Dia da Juventude. Cr\u00e9dito: Divulga\u00e7\u00e3o\"},{\"@type\":\"WebSite\",\"@id\":\"https:\\\/\\\/redenoticiaz.com.br\\\/ribeiraopreto-regiao\\\/#website\",\"url\":\"https:\\\/\\\/redenoticiaz.com.br\\\/ribeiraopreto-regiao\\\/\",\"name\":\"Ribeir\u00e3o Preto e Regi\u00e3o\",\"description\":\"Rede NoticiaZ - Ribeir\u00e3o Preto e regi\u00e3o\",\"publisher\":{\"@id\":\"https:\\\/\\\/redenoticiaz.com.br\\\/ribeiraopreto-regiao\\\/#organization\"},\"potentialAction\":[{\"@type\":\"SearchAction\",\"target\":{\"@type\":\"EntryPoint\",\"urlTemplate\":\"https:\\\/\\\/redenoticiaz.com.br\\\/ribeiraopreto-regiao\\\/?s={search_term_string}\"},\"query-input\":{\"@type\":\"PropertyValueSpecification\",\"valueRequired\":true,\"valueName\":\"search_term_string\"}}],\"inLanguage\":\"pt-BR\"},{\"@type\":\"Organization\",\"@id\":\"https:\\\/\\\/redenoticiaz.com.br\\\/ribeiraopreto-regiao\\\/#organization\",\"name\":\"Ribeir\u00e3o Preto e Regi\u00e3o\",\"url\":\"https:\\\/\\\/redenoticiaz.com.br\\\/ribeiraopreto-regiao\\\/\",\"logo\":{\"@type\":\"ImageObject\",\"inLanguage\":\"pt-BR\",\"@id\":\"https:\\\/\\\/redenoticiaz.com.br\\\/ribeiraopreto-regiao\\\/#\\\/schema\\\/logo\\\/image\\\/\",\"url\":\"https:\\\/\\\/redenoticiaz.com.br\\\/barretos-regiao\\\/wp-content\\\/uploads\\\/sites\\\/4\\\/2022\\\/02\\\/logo.jpg\",\"contentUrl\":\"https:\\\/\\\/redenoticiaz.com.br\\\/barretos-regiao\\\/wp-content\\\/uploads\\\/sites\\\/4\\\/2022\\\/02\\\/logo.jpg\",\"width\":400,\"height\":250,\"caption\":\"Ribeir\u00e3o Preto e Regi\u00e3o\"},\"image\":{\"@id\":\"https:\\\/\\\/redenoticiaz.com.br\\\/ribeiraopreto-regiao\\\/#\\\/schema\\\/logo\\\/image\\\/\"},\"sameAs\":[\"https:\\\/\\\/m.facebook.com\\\/redenoticiaz.barretos\",\"https:\\\/\\\/x.com\\\/RN_barretos\",\"https:\\\/\\\/www.instagram.com\\\/redenoticiaz.barretos\\\/?igshid=YmMyMTA2M2Y\",\"https:\\\/\\\/www.linkedin.com\\\/company\\\/rede-noticiaz-barretos-e-regio\\\/\"]},{\"@type\":\"Person\",\"@id\":\"\",\"url\":\"https:\\\/\\\/redenoticiaz.com.br\\\/ribeiraopreto-regiao\\\/sp\\\/author\"}]}<\/script>\n<!-- \/ Yoast SEO plugin. -->","yoast_head_json":{"title":"Dia da Juventude re\u00fane mais de 1200 estudantes olimpienses - Ribeir\u00e3o Preto e Regi\u00e3o","description":"A Prefeitura da Est\u00e2ncia Tur\u00edstica de Ol\u00edmpia realizou o 1\u00ba Dia da Juventude, no sal\u00e3o social do clube Thermas dos Laranjais","robots":{"index":"index","follow":"follow","max-snippet":"max-snippet:-1","max-image-preview":"max-image-preview:large","max-video-preview":"max-video-preview:-1"},"canonical":"https:\/\/redenoticiaz.com.br\/ribeiraopreto-regiao\/sp\/2022\/08\/20\/dia-da-juventude-reune-mais-de-1200-estudantes-olimpienses","og_locale":"pt_BR","og_type":"article","og_title":"Dia da Juventude re\u00fane mais de 1200 estudantes olimpienses - Ribeir\u00e3o Preto e Regi\u00e3o","og_description":"A Prefeitura da Est\u00e2ncia Tur\u00edstica de Ol\u00edmpia realizou o 1\u00ba Dia da Juventude, no sal\u00e3o social do clube Thermas dos Laranjais","og_url":"https:\/\/redenoticiaz.com.br\/ribeiraopreto-regiao\/sp\/2022\/08\/20\/dia-da-juventude-reune-mais-de-1200-estudantes-olimpienses","og_site_name":"Ribeir\u00e3o Preto e Regi\u00e3o","article_publisher":"https:\/\/m.facebook.com\/redenoticiaz.barretos","article_published_time":"2022-08-20T17:30:05+00:00","og_image":[{"width":1920,"height":1079,"url":"https:\/\/redenoticiaz.com.br\/ribeiraopreto-regiao\/wp-content\/uploads\/sites\/4\/2022\/08\/Dia-da-Juventude-Palestra-2-scaled.jpeg","type":"image\/jpeg"}],"twitter_card":"summary_large_image","twitter_creator":"@RN_barretos","twitter_site":"@RN_barretos","twitter_misc":{"Escrito por":"","Est. tempo de leitura":"2 minutos"},"schema":{"@context":"https:\/\/schema.org","@graph":[{"@type":"Article","@id":"https:\/\/redenoticiaz.com.br\/ribeiraopreto-regiao\/sp\/2022\/08\/20\/dia-da-juventude-reune-mais-de-1200-estudantes-olimpienses#article","isPartOf":{"@id":"https:\/\/redenoticiaz.com.br\/ribeiraopreto-regiao\/sp\/2022\/08\/20\/dia-da-juventude-reune-mais-de-1200-estudantes-olimpienses"},"author":{"name":"","@id":""},"headline":"Dia da Juventude re\u00fane mais de 1200 estudantes olimpienses","datePublished":"2022-08-20T17:30:05+00:00","mainEntityOfPage":{"@id":"https:\/\/redenoticiaz.com.br\/ribeiraopreto-regiao\/sp\/2022\/08\/20\/dia-da-juventude-reune-mais-de-1200-estudantes-olimpienses"},"wordCount":392,"commentCount":0,"publisher":{"@id":"https:\/\/redenoticiaz.com.br\/ribeiraopreto-regiao\/#organization"},"image":{"@id":"https:\/\/redenoticiaz.com.br\/ribeiraopreto-regiao\/sp\/2022\/08\/20\/dia-da-juventude-reune-mais-de-1200-estudantes-olimpienses#primaryimage"},"thumbnailUrl":"https:\/\/redenoticiaz.com.br\/ribeiraopreto-regiao\/wp-content\/uploads\/sites\/4\/2022\/08\/Dia-da-Juventude-Palestra-2-scaled.jpeg","keywords":["DIA DA JUVENTUDE","educa\u00e7\u00e3o","sorteio","THERMAD"],"articleSection":["Educa\u00e7\u00e3o"],"inLanguage":"pt-BR","potentialAction":[{"@type":"CommentAction","name":"Comment","target":["https:\/\/redenoticiaz.com.br\/ribeiraopreto-regiao\/sp\/2022\/08\/20\/dia-da-juventude-reune-mais-de-1200-estudantes-olimpienses#respond"]}]},{"@type":"WebPage","@id":"https:\/\/redenoticiaz.com.br\/ribeiraopreto-regiao\/sp\/2022\/08\/20\/dia-da-juventude-reune-mais-de-1200-estudantes-olimpienses","url":"https:\/\/redenoticiaz.com.br\/ribeiraopreto-regiao\/sp\/2022\/08\/20\/dia-da-juventude-reune-mais-de-1200-estudantes-olimpienses","name":"Dia da Juventude re\u00fane mais de 1200 estudantes olimpienses - Ribeir\u00e3o Preto e Regi\u00e3o","isPartOf":{"@id":"https:\/\/redenoticiaz.com.br\/ribeiraopreto-regiao\/#website"},"primaryImageOfPage":{"@id":"https:\/\/redenoticiaz.com.br\/ribeiraopreto-regiao\/sp\/2022\/08\/20\/dia-da-juventude-reune-mais-de-1200-estudantes-olimpienses#primaryimage"},"image":{"@id":"https:\/\/redenoticiaz.com.br\/ribeiraopreto-regiao\/sp\/2022\/08\/20\/dia-da-juventude-reune-mais-de-1200-estudantes-olimpienses#primaryimage"},"thumbnailUrl":"https:\/\/redenoticiaz.com.br\/ribeiraopreto-regiao\/wp-content\/uploads\/sites\/4\/2022\/08\/Dia-da-Juventude-Palestra-2-scaled.jpeg","datePublished":"2022-08-20T17:30:05+00:00","description":"A Prefeitura da Est\u00e2ncia Tur\u00edstica de Ol\u00edmpia realizou o 1\u00ba Dia da Juventude, no sal\u00e3o social do clube Thermas dos Laranjais","inLanguage":"pt-BR","potentialAction":[{"@type":"ReadAction","target":["https:\/\/redenoticiaz.com.br\/ribeiraopreto-regiao\/sp\/2022\/08\/20\/dia-da-juventude-reune-mais-de-1200-estudantes-olimpienses"]}]},{"@type":"ImageObject","inLanguage":"pt-BR","@id":"https:\/\/redenoticiaz.com.br\/ribeiraopreto-regiao\/sp\/2022\/08\/20\/dia-da-juventude-reune-mais-de-1200-estudantes-olimpienses#primaryimage","url":"https:\/\/redenoticiaz.com.br\/ribeiraopreto-regiao\/wp-content\/uploads\/sites\/4\/2022\/08\/Dia-da-Juventude-Palestra-2-scaled.jpeg","contentUrl":"https:\/\/redenoticiaz.com.br\/ribeiraopreto-regiao\/wp-content\/uploads\/sites\/4\/2022\/08\/Dia-da-Juventude-Palestra-2-scaled.jpeg","width":1920,"height":1079,"caption":"Dia da Juventude. Cr\u00e9dito: Divulga\u00e7\u00e3o"},{"@type":"WebSite","@id":"https:\/\/redenoticiaz.com.br\/ribeiraopreto-regiao\/#website","url":"https:\/\/redenoticiaz.com.br\/ribeiraopreto-regiao\/","name":"Ribeir\u00e3o Preto e Regi\u00e3o","description":"Rede NoticiaZ - Ribeir\u00e3o Preto e regi\u00e3o","publisher":{"@id":"https:\/\/redenoticiaz.com.br\/ribeiraopreto-regiao\/#organization"},"potentialAction":[{"@type":"SearchAction","target":{"@type":"EntryPoint","urlTemplate":"https:\/\/redenoticiaz.com.br\/ribeiraopreto-regiao\/?s={search_term_string}"},"query-input":{"@type":"PropertyValueSpecification","valueRequired":true,"valueName":"search_term_string"}}],"inLanguage":"pt-BR"},{"@type":"Organization","@id":"https:\/\/redenoticiaz.com.br\/ribeiraopreto-regiao\/#organization","name":"Ribeir\u00e3o Preto e Regi\u00e3o","url":"https:\/\/redenoticiaz.com.br\/ribeiraopreto-regiao\/","logo":{"@type":"ImageObject","inLanguage":"pt-BR","@id":"https:\/\/redenoticiaz.com.br\/ribeiraopreto-regiao\/#\/schema\/logo\/image\/","url":"https:\/\/redenoticiaz.com.br\/barretos-regiao\/wp-content\/uploads\/sites\/4\/2022\/02\/logo.jpg","contentUrl":"https:\/\/redenoticiaz.com.br\/barretos-regiao\/wp-content\/uploads\/sites\/4\/2022\/02\/logo.jpg","width":400,"height":250,"caption":"Ribeir\u00e3o Preto e Regi\u00e3o"},"image":{"@id":"https:\/\/redenoticiaz.com.br\/ribeiraopreto-regiao\/#\/schema\/logo\/image\/"},"sameAs":["https:\/\/m.facebook.com\/redenoticiaz.barretos","https:\/\/x.com\/RN_barretos","https:\/\/www.instagram.com\/redenoticiaz.barretos\/?igshid=YmMyMTA2M2Y","https:\/\/www.linkedin.com\/company\/rede-noticiaz-barretos-e-regio\/"]},{"@type":"Person","@id":"","url":"https:\/\/redenoticiaz.com.br\/ribeiraopreto-regiao\/sp\/author"}]}},"_links":{"self":[{"href":"https:\/\/redenoticiaz.com.br\/ribeiraopreto-regiao\/wp-json\/wp\/v2\/posts\/90323","targetHints":{"allow":["GET"]}}],"collection":[{"href":"https:\/\/redenoticiaz.com.br\/ribeiraopreto-regiao\/wp-json\/wp\/v2\/posts"}],"about":[{"href":"https:\/\/redenoticiaz.com.br\/ribeiraopreto-regiao\/wp-json\/wp\/v2\/types\/post"}],"author":[{"embeddable":true,"href":"https:\/\/redenoticiaz.com.br\/ribeiraopreto-regiao\/wp-json\/wp\/v2\/users\/15"}],"replies":[{"embeddable":true,"href":"https:\/\/redenoticiaz.com.br\/ribeiraopreto-regiao\/wp-json\/wp\/v2\/comments?post=90323"}],"version-history":[{"count":2,"href":"https:\/\/redenoticiaz.com.br\/ribeiraopreto-regiao\/wp-json\/wp\/v2\/posts\/90323\/revisions"}],"predecessor-version":[{"id":90326,"href":"https:\/\/redenoticiaz.com.br\/ribeiraopreto-regiao\/wp-json\/wp\/v2\/posts\/90323\/revisions\/90326"}],"wp:featuredmedia":[{"embeddable":true,"href":"https:\/\/redenoticiaz.com.br\/ribeiraopreto-regiao\/wp-json\/wp\/v2\/media\/90324"}],"wp:attachment":[{"href":"https:\/\/redenoticiaz.com.br\/ribeiraopreto-regiao\/wp-json\/wp\/v2\/media?parent=90323"}],"wp:term":[{"taxonomy":"category","embeddable":true,"href":"https:\/\/redenoticiaz.com.br\/ribeiraopreto-regiao\/wp-json\/wp\/v2\/categories?post=90323"},{"taxonomy":"post_tag","embeddable":true,"href":"https:\/\/redenoticiaz.com.br\/ribeiraopreto-regiao\/wp-json\/wp\/v2\/tags?post=90323"}],"curies":[{"name":"wp","href":"https:\/\/api.w.org\/{rel}","templated":true}]}}