{"id":90362,"date":"2022-08-21T12:00:58","date_gmt":"2022-08-21T15:00:58","guid":{"rendered":"https:\/\/redenoticiaz.com.br\/barretos-regiao\/?p=90362"},"modified":"2022-08-18T18:50:44","modified_gmt":"2022-08-18T21:50:44","slug":"conheca-mais-da-historia-do-pao-de-queijo-na-semana-que-e-celebrado-nacionalmente-sua-existencia","status":"publish","type":"post","link":"https:\/\/redenoticiaz.com.br\/ribeiraopreto-regiao\/sp\/2022\/08\/21\/conheca-mais-da-historia-do-pao-de-queijo-na-semana-que-e-celebrado-nacionalmente-sua-existencia","title":{"rendered":"Conhe\u00e7a mais da hist\u00f3ria do p\u00e3o de queijo, na semana que \u00e9 celebrado nacionalmente sua exist\u00eancia"},"content":{"rendered":"<p>Na \u00faltima quarta-feira (17), foi celebrado o <strong>dia nacional do p\u00e3o de queijo<\/strong>, um dos quitutes mais queridos do <strong>Brasil<\/strong>. Conhecido por ser um dos pratos mais queridos da culin\u00e1ria mineira e que se tornou s\u00edmbolo da cidade.<\/p>\n<p>Al\u00e9m de fazer parte da hist\u00f3ria de Minas Gerais e das fam\u00edlias do estado, esse produto traz tra\u00e7os da coloniza\u00e7\u00e3o do pa\u00eds e a perman\u00eancia da cultura original ind\u00edgena.<\/p>\n<p>A princ\u00edpio a origem do p\u00e3o de queijo ainda \u00e9 incerta, algumas hist\u00f3rias relatam que a receita foi criada no estado de Minas Gerais no s\u00e9culo XVIII, onde as cozinheiras das fazendas utilizavam em suas receitas de p\u00e3es a farinha de mandioca, e adicionavam os queijos que sobravam e endureciam. Essa iguaria s\u00f3 se popularizou no ano de 1950, com o desenvolvimento de quitandas como broas, bolos e biscoitos.<\/p>\n<p>Logo ap\u00f3s essa d\u00e9cada, o produto passou a ser consumida no pa\u00eds inteiro. Ao todo s\u00e3o mais de setenta anos na mesa das fam\u00edlias.<\/p>\n<div class=\"content__signa-share\">\n<div class=\"content__signature\">\n<div class=\"content-publication-data__text\">\n<p class=\"v1v1MsoNormal\">Embora seja um produto t\u00edpico mineiro, uma pesquisa realizada pela <strong>EDC de S\u00e3o Paulo<\/strong> apontou que os maiores consumidores de p\u00e3o de queijo s\u00e3o do estado de S\u00e3o Paulo, seguido pelo Rio de Janeiro.<\/p>\n<p class=\"v1v1MsoNormal\">Portanto, o sucesso do p\u00e3o de queijo \u00e9 entendido pelas mudan\u00e7as nas receitas ao longo dos anos. Por\u00e9m, mesmo com as altera\u00e7\u00f5es nos padr\u00f5es alimentares, a receita n\u00e3o perdeu a for\u00e7a.<\/p>\n<p>Por fim, veja abaixo a receita feita pelos<a href=\"https:\/\/www.senac.br\/\"> <strong>alunos do superior de tecnologia em gastronomia no senac<\/strong><\/a>, que produziram mais de 2 mil p\u00e3es de queijos e distribu\u00edram na quarta-feira (17), no Mercado Central de Minas Gerais.<\/p>\n<div class=\"mc-column content-text active-extra-styles \" data-block-type=\"unstyled\" data-block-weight=\"1\" data-block-id=\"18\">\n<h5 class=\"content-text__container \" data-track-category=\"Link no Texto\"><strong>Ingredientes<\/strong><\/h5>\n<ul>\n<li class=\"content-text__container \" data-track-category=\"Link no Texto\">250 gramas de polvilho doce<\/li>\n<li class=\"content-text__container \" data-track-category=\"Link no Texto\">250 gramas de polvilho azedo<\/li>\n<li class=\"content-text__container \" data-track-category=\"Link no Texto\">150 ml de \u00e1gua<\/li>\n<li class=\"content-text__container \" data-track-category=\"Link no Texto\">150 ml de leite<\/li>\n<li class=\"content-text__container \" data-track-category=\"Link no Texto\">150 ml de \u00f3leo<\/li>\n<li class=\"content-text__container \" data-track-category=\"Link no Texto\">12 gramas de manteiga<\/li>\n<li class=\"content-text__container \" data-track-category=\"Link no Texto\">5 gramas de sal<\/li>\n<li class=\"content-text__container \" data-track-category=\"Link no Texto\">250 gramas de queijo canastra curado, ralado ou triturado<\/li>\n<li class=\"content-text__container \" data-track-category=\"Link no Texto\">4 a 5 ovos<\/li>\n<\/ul>\n<h5><strong>Modo de preparo<\/strong><\/h5>\n<\/div>\n<div class=\"mc-column content-text active-extra-styles\" data-block-type=\"raw\" data-block-weight=\"60\" data-block-id=\"21\">\n<ul>\n<li>Em uma panela, coloque a \u00e1gua, o \u00f3leo, o leite, o sal e a manteiga e deixe ferver. Misture os polvilhos e escalde. Deixe esfriar ligeiramente e coloque o queijo e os ovos aos poucos. Misture bem at\u00e9 a massa ficar lisa. Enrole no tamanho desejado<\/li>\n<li>Observa\u00e7\u00e3o: d\u00ea ponto na massa com os ovos. Se necess\u00e1rio, coloque um pouco mais<\/li>\n<\/ul>\n<h5><strong>Rendimento<\/strong><\/h5>\n<ul>\n<li>Em m\u00e9dia 30 p\u00e3es de queijo<\/li>\n<\/ul>\n<\/div>\n<div class=\"mc-column content-text active-extra-styles\" data-block-type=\"raw\" data-block-weight=\"6\" data-block-id=\"23\">\n<h5><strong>Tempo de preparo<\/strong><\/h5>\n<\/div>\n<div class=\"mc-column content-text active-extra-styles\" data-block-type=\"raw\" data-block-weight=\"2\" data-block-id=\"25\">\n<ul>\n<li>30 minutos<\/li>\n<\/ul>\n<\/div>\n<h6>VEJA TAMB\u00c9M:<\/h6>\n<p><a href=\"https:\/\/redenoticiaz.com.br\/blog\/2022\/08\/03\/itupeva-tera-1o-festival-gastronomico-com-comidas-tipicas-nordestinas\">Itupeva ter\u00e1 1\u00ba Festival Gastron\u00f4mico com comidas t\u00edpicas nordestinas<\/a><\/p>\n<\/div>\n<\/div>\n<\/div>\n","protected":false},"excerpt":{"rendered":"<p>Na \u00faltima quarta-feira (17), foi celebrado o dia nacional do p\u00e3o de queijo, um dos quitutes mais queridos do Brasil. Conhecido por ser um dos pratos mais queridos da culin\u00e1ria mineira e que se tornou s\u00edmbolo da cidade. Al\u00e9m de fazer parte da hist\u00f3ria de Minas Gerais e das fam\u00edlias do estado, esse produto traz &hellip;<\/p>\n","protected":false},"author":26,"featured_media":90363,"comment_status":"open","ping_status":"closed","sticky":false,"template":"","format":"standard","meta":{"footnotes":""},"categories":[469,175],"tags":[19835,18349,19836],"class_list":["post-90362","post","type-post","status-publish","format-standard","has-post-thumbnail","hentry","category-cultura","category-gastronomia","tag-comida-tipica","tag-minas-gerais","tag-pao-de-queijo"],"yoast_head":"<!-- This site is optimized with the Yoast SEO plugin v27.4 - https:\/\/yoast.com\/product\/yoast-seo-wordpress\/ -->\n<title>Conhe\u00e7a mais da hist\u00f3ria do p\u00e3o de queijo, na semana que \u00e9 celebrado nacionalmente sua exist\u00eancia - Ribeir\u00e3o Preto e Regi\u00e3o<\/title>\n<meta name=\"description\" content=\"Na \u00faltima quarta - feira (17), foi celebrado o dia nacional do p\u00e3o de queijo, um dos quitutes mais queridos do Brasil.\" \/>\n<meta name=\"robots\" content=\"index, follow, max-snippet:-1, max-image-preview:large, max-video-preview:-1\" \/>\n<link rel=\"canonical\" href=\"https:\/\/redenoticiaz.com.br\/ribeiraopreto-regiao\/sp\/2022\/08\/21\/conheca-mais-da-historia-do-pao-de-queijo-na-semana-que-e-celebrado-nacionalmente-sua-existencia\" \/>\n<meta property=\"og:locale\" content=\"pt_BR\" \/>\n<meta property=\"og:type\" content=\"article\" \/>\n<meta property=\"og:title\" content=\"Conhe\u00e7a mais da hist\u00f3ria do p\u00e3o de queijo, na semana que \u00e9 celebrado nacionalmente sua exist\u00eancia - Ribeir\u00e3o Preto e Regi\u00e3o\" \/>\n<meta property=\"og:description\" content=\"Na \u00faltima quarta - feira (17), foi celebrado o dia nacional do p\u00e3o de queijo, um dos quitutes mais queridos do Brasil.\" \/>\n<meta property=\"og:url\" content=\"https:\/\/redenoticiaz.com.br\/ribeiraopreto-regiao\/sp\/2022\/08\/21\/conheca-mais-da-historia-do-pao-de-queijo-na-semana-que-e-celebrado-nacionalmente-sua-existencia\" \/>\n<meta property=\"og:site_name\" content=\"Ribeir\u00e3o Preto e Regi\u00e3o\" \/>\n<meta property=\"article:publisher\" content=\"https:\/\/m.facebook.com\/redenoticiaz.barretos\" \/>\n<meta property=\"article:published_time\" content=\"2022-08-21T15:00:58+00:00\" \/>\n<meta property=\"og:image\" content=\"https:\/\/redenoticiaz.com.br\/ribeiraopreto-regiao\/wp-content\/uploads\/sites\/4\/2022\/08\/pao-de-queijo.jpg?v=1660856927\" \/>\n\t<meta property=\"og:image:width\" content=\"1000\" \/>\n\t<meta property=\"og:image:height\" content=\"668\" \/>\n\t<meta property=\"og:image:type\" content=\"image\/jpeg\" \/>\n<meta name=\"twitter:card\" content=\"summary_large_image\" \/>\n<meta name=\"twitter:creator\" content=\"@RN_barretos\" \/>\n<meta name=\"twitter:site\" content=\"@RN_barretos\" \/>\n<meta name=\"twitter:label1\" content=\"Escrito por\" \/>\n\t<meta name=\"twitter:data1\" content=\"\" \/>\n\t<meta name=\"twitter:label2\" content=\"Est. tempo de leitura\" \/>\n\t<meta name=\"twitter:data2\" content=\"3 minutos\" \/>\n<script type=\"application\/ld+json\" class=\"yoast-schema-graph\">{\"@context\":\"https:\\\/\\\/schema.org\",\"@graph\":[{\"@type\":\"Article\",\"@id\":\"https:\\\/\\\/redenoticiaz.com.br\\\/ribeiraopreto-regiao\\\/sp\\\/2022\\\/08\\\/21\\\/conheca-mais-da-historia-do-pao-de-queijo-na-semana-que-e-celebrado-nacionalmente-sua-existencia#article\",\"isPartOf\":{\"@id\":\"https:\\\/\\\/redenoticiaz.com.br\\\/ribeiraopreto-regiao\\\/sp\\\/2022\\\/08\\\/21\\\/conheca-mais-da-historia-do-pao-de-queijo-na-semana-que-e-celebrado-nacionalmente-sua-existencia\"},\"author\":{\"name\":\"\",\"@id\":\"\"},\"headline\":\"Conhe\u00e7a mais da hist\u00f3ria do p\u00e3o de queijo, na semana que \u00e9 celebrado nacionalmente sua exist\u00eancia\",\"datePublished\":\"2022-08-21T15:00:58+00:00\",\"mainEntityOfPage\":{\"@id\":\"https:\\\/\\\/redenoticiaz.com.br\\\/ribeiraopreto-regiao\\\/sp\\\/2022\\\/08\\\/21\\\/conheca-mais-da-historia-do-pao-de-queijo-na-semana-que-e-celebrado-nacionalmente-sua-existencia\"},\"wordCount\":434,\"commentCount\":0,\"publisher\":{\"@id\":\"https:\\\/\\\/redenoticiaz.com.br\\\/ribeiraopreto-regiao\\\/#organization\"},\"image\":{\"@id\":\"https:\\\/\\\/redenoticiaz.com.br\\\/ribeiraopreto-regiao\\\/sp\\\/2022\\\/08\\\/21\\\/conheca-mais-da-historia-do-pao-de-queijo-na-semana-que-e-celebrado-nacionalmente-sua-existencia#primaryimage\"},\"thumbnailUrl\":\"https:\\\/\\\/redenoticiaz.com.br\\\/ribeiraopreto-regiao\\\/wp-content\\\/uploads\\\/sites\\\/4\\\/2022\\\/08\\\/pao-de-queijo.jpg?v=1660856927\",\"keywords\":[\"COMIDA TIP\u00cdCA\",\"MINAS GERAIS\",\"P\u00c3O DE QUEIJO\"],\"articleSection\":[\"Cultura\",\"Gastronomia\"],\"inLanguage\":\"pt-BR\",\"potentialAction\":[{\"@type\":\"CommentAction\",\"name\":\"Comment\",\"target\":[\"https:\\\/\\\/redenoticiaz.com.br\\\/ribeiraopreto-regiao\\\/sp\\\/2022\\\/08\\\/21\\\/conheca-mais-da-historia-do-pao-de-queijo-na-semana-que-e-celebrado-nacionalmente-sua-existencia#respond\"]}]},{\"@type\":\"WebPage\",\"@id\":\"https:\\\/\\\/redenoticiaz.com.br\\\/ribeiraopreto-regiao\\\/sp\\\/2022\\\/08\\\/21\\\/conheca-mais-da-historia-do-pao-de-queijo-na-semana-que-e-celebrado-nacionalmente-sua-existencia\",\"url\":\"https:\\\/\\\/redenoticiaz.com.br\\\/ribeiraopreto-regiao\\\/sp\\\/2022\\\/08\\\/21\\\/conheca-mais-da-historia-do-pao-de-queijo-na-semana-que-e-celebrado-nacionalmente-sua-existencia\",\"name\":\"Conhe\u00e7a mais da hist\u00f3ria do p\u00e3o de queijo, na semana que \u00e9 celebrado nacionalmente sua exist\u00eancia - Ribeir\u00e3o Preto e Regi\u00e3o\",\"isPartOf\":{\"@id\":\"https:\\\/\\\/redenoticiaz.com.br\\\/ribeiraopreto-regiao\\\/#website\"},\"primaryImageOfPage\":{\"@id\":\"https:\\\/\\\/redenoticiaz.com.br\\\/ribeiraopreto-regiao\\\/sp\\\/2022\\\/08\\\/21\\\/conheca-mais-da-historia-do-pao-de-queijo-na-semana-que-e-celebrado-nacionalmente-sua-existencia#primaryimage\"},\"image\":{\"@id\":\"https:\\\/\\\/redenoticiaz.com.br\\\/ribeiraopreto-regiao\\\/sp\\\/2022\\\/08\\\/21\\\/conheca-mais-da-historia-do-pao-de-queijo-na-semana-que-e-celebrado-nacionalmente-sua-existencia#primaryimage\"},\"thumbnailUrl\":\"https:\\\/\\\/redenoticiaz.com.br\\\/ribeiraopreto-regiao\\\/wp-content\\\/uploads\\\/sites\\\/4\\\/2022\\\/08\\\/pao-de-queijo.jpg?v=1660856927\",\"datePublished\":\"2022-08-21T15:00:58+00:00\",\"description\":\"Na \u00faltima quarta - feira (17), foi celebrado o dia nacional do p\u00e3o de queijo, um dos quitutes mais queridos do Brasil.\",\"inLanguage\":\"pt-BR\",\"potentialAction\":[{\"@type\":\"ReadAction\",\"target\":[\"https:\\\/\\\/redenoticiaz.com.br\\\/ribeiraopreto-regiao\\\/sp\\\/2022\\\/08\\\/21\\\/conheca-mais-da-historia-do-pao-de-queijo-na-semana-que-e-celebrado-nacionalmente-sua-existencia\"]}]},{\"@type\":\"ImageObject\",\"inLanguage\":\"pt-BR\",\"@id\":\"https:\\\/\\\/redenoticiaz.com.br\\\/ribeiraopreto-regiao\\\/sp\\\/2022\\\/08\\\/21\\\/conheca-mais-da-historia-do-pao-de-queijo-na-semana-que-e-celebrado-nacionalmente-sua-existencia#primaryimage\",\"url\":\"https:\\\/\\\/redenoticiaz.com.br\\\/ribeiraopreto-regiao\\\/wp-content\\\/uploads\\\/sites\\\/4\\\/2022\\\/08\\\/pao-de-queijo.jpg?v=1660856927\",\"contentUrl\":\"https:\\\/\\\/redenoticiaz.com.br\\\/ribeiraopreto-regiao\\\/wp-content\\\/uploads\\\/sites\\\/4\\\/2022\\\/08\\\/pao-de-queijo.jpg?v=1660856927\",\"width\":1000,\"height\":668,\"caption\":\"P\u00e3o de queijo. Cr\u00e9ditos: Reprodu\u00e7\u00e3o\"},{\"@type\":\"WebSite\",\"@id\":\"https:\\\/\\\/redenoticiaz.com.br\\\/ribeiraopreto-regiao\\\/#website\",\"url\":\"https:\\\/\\\/redenoticiaz.com.br\\\/ribeiraopreto-regiao\\\/\",\"name\":\"Ribeir\u00e3o Preto e Regi\u00e3o\",\"description\":\"Rede NoticiaZ - Ribeir\u00e3o Preto e regi\u00e3o\",\"publisher\":{\"@id\":\"https:\\\/\\\/redenoticiaz.com.br\\\/ribeiraopreto-regiao\\\/#organization\"},\"potentialAction\":[{\"@type\":\"SearchAction\",\"target\":{\"@type\":\"EntryPoint\",\"urlTemplate\":\"https:\\\/\\\/redenoticiaz.com.br\\\/ribeiraopreto-regiao\\\/?s={search_term_string}\"},\"query-input\":{\"@type\":\"PropertyValueSpecification\",\"valueRequired\":true,\"valueName\":\"search_term_string\"}}],\"inLanguage\":\"pt-BR\"},{\"@type\":\"Organization\",\"@id\":\"https:\\\/\\\/redenoticiaz.com.br\\\/ribeiraopreto-regiao\\\/#organization\",\"name\":\"Ribeir\u00e3o Preto e Regi\u00e3o\",\"url\":\"https:\\\/\\\/redenoticiaz.com.br\\\/ribeiraopreto-regiao\\\/\",\"logo\":{\"@type\":\"ImageObject\",\"inLanguage\":\"pt-BR\",\"@id\":\"https:\\\/\\\/redenoticiaz.com.br\\\/ribeiraopreto-regiao\\\/#\\\/schema\\\/logo\\\/image\\\/\",\"url\":\"https:\\\/\\\/redenoticiaz.com.br\\\/barretos-regiao\\\/wp-content\\\/uploads\\\/sites\\\/4\\\/2022\\\/02\\\/logo.jpg\",\"contentUrl\":\"https:\\\/\\\/redenoticiaz.com.br\\\/barretos-regiao\\\/wp-content\\\/uploads\\\/sites\\\/4\\\/2022\\\/02\\\/logo.jpg\",\"width\":400,\"height\":250,\"caption\":\"Ribeir\u00e3o Preto e Regi\u00e3o\"},\"image\":{\"@id\":\"https:\\\/\\\/redenoticiaz.com.br\\\/ribeiraopreto-regiao\\\/#\\\/schema\\\/logo\\\/image\\\/\"},\"sameAs\":[\"https:\\\/\\\/m.facebook.com\\\/redenoticiaz.barretos\",\"https:\\\/\\\/x.com\\\/RN_barretos\",\"https:\\\/\\\/www.instagram.com\\\/redenoticiaz.barretos\\\/?igshid=YmMyMTA2M2Y\",\"https:\\\/\\\/www.linkedin.com\\\/company\\\/rede-noticiaz-barretos-e-regio\\\/\"]},{\"@type\":\"Person\",\"@id\":\"\",\"url\":\"https:\\\/\\\/redenoticiaz.com.br\\\/ribeiraopreto-regiao\\\/sp\\\/author\"}]}<\/script>\n<!-- \/ Yoast SEO plugin. -->","yoast_head_json":{"title":"Conhe\u00e7a mais da hist\u00f3ria do p\u00e3o de queijo, na semana que \u00e9 celebrado nacionalmente sua exist\u00eancia - Ribeir\u00e3o Preto e Regi\u00e3o","description":"Na \u00faltima quarta - feira (17), foi celebrado o dia nacional do p\u00e3o de queijo, um dos quitutes mais queridos do Brasil.","robots":{"index":"index","follow":"follow","max-snippet":"max-snippet:-1","max-image-preview":"max-image-preview:large","max-video-preview":"max-video-preview:-1"},"canonical":"https:\/\/redenoticiaz.com.br\/ribeiraopreto-regiao\/sp\/2022\/08\/21\/conheca-mais-da-historia-do-pao-de-queijo-na-semana-que-e-celebrado-nacionalmente-sua-existencia","og_locale":"pt_BR","og_type":"article","og_title":"Conhe\u00e7a mais da hist\u00f3ria do p\u00e3o de queijo, na semana que \u00e9 celebrado nacionalmente sua exist\u00eancia - Ribeir\u00e3o Preto e Regi\u00e3o","og_description":"Na \u00faltima quarta - feira (17), foi celebrado o dia nacional do p\u00e3o de queijo, um dos quitutes mais queridos do Brasil.","og_url":"https:\/\/redenoticiaz.com.br\/ribeiraopreto-regiao\/sp\/2022\/08\/21\/conheca-mais-da-historia-do-pao-de-queijo-na-semana-que-e-celebrado-nacionalmente-sua-existencia","og_site_name":"Ribeir\u00e3o Preto e Regi\u00e3o","article_publisher":"https:\/\/m.facebook.com\/redenoticiaz.barretos","article_published_time":"2022-08-21T15:00:58+00:00","og_image":[{"width":1000,"height":668,"url":"https:\/\/redenoticiaz.com.br\/ribeiraopreto-regiao\/wp-content\/uploads\/sites\/4\/2022\/08\/pao-de-queijo.jpg?v=1660856927","type":"image\/jpeg"}],"twitter_card":"summary_large_image","twitter_creator":"@RN_barretos","twitter_site":"@RN_barretos","twitter_misc":{"Escrito por":"","Est. tempo de leitura":"3 minutos"},"schema":{"@context":"https:\/\/schema.org","@graph":[{"@type":"Article","@id":"https:\/\/redenoticiaz.com.br\/ribeiraopreto-regiao\/sp\/2022\/08\/21\/conheca-mais-da-historia-do-pao-de-queijo-na-semana-que-e-celebrado-nacionalmente-sua-existencia#article","isPartOf":{"@id":"https:\/\/redenoticiaz.com.br\/ribeiraopreto-regiao\/sp\/2022\/08\/21\/conheca-mais-da-historia-do-pao-de-queijo-na-semana-que-e-celebrado-nacionalmente-sua-existencia"},"author":{"name":"","@id":""},"headline":"Conhe\u00e7a mais da hist\u00f3ria do p\u00e3o de queijo, na semana que \u00e9 celebrado nacionalmente sua exist\u00eancia","datePublished":"2022-08-21T15:00:58+00:00","mainEntityOfPage":{"@id":"https:\/\/redenoticiaz.com.br\/ribeiraopreto-regiao\/sp\/2022\/08\/21\/conheca-mais-da-historia-do-pao-de-queijo-na-semana-que-e-celebrado-nacionalmente-sua-existencia"},"wordCount":434,"commentCount":0,"publisher":{"@id":"https:\/\/redenoticiaz.com.br\/ribeiraopreto-regiao\/#organization"},"image":{"@id":"https:\/\/redenoticiaz.com.br\/ribeiraopreto-regiao\/sp\/2022\/08\/21\/conheca-mais-da-historia-do-pao-de-queijo-na-semana-que-e-celebrado-nacionalmente-sua-existencia#primaryimage"},"thumbnailUrl":"https:\/\/redenoticiaz.com.br\/ribeiraopreto-regiao\/wp-content\/uploads\/sites\/4\/2022\/08\/pao-de-queijo.jpg?v=1660856927","keywords":["COMIDA TIP\u00cdCA","MINAS GERAIS","P\u00c3O DE QUEIJO"],"articleSection":["Cultura","Gastronomia"],"inLanguage":"pt-BR","potentialAction":[{"@type":"CommentAction","name":"Comment","target":["https:\/\/redenoticiaz.com.br\/ribeiraopreto-regiao\/sp\/2022\/08\/21\/conheca-mais-da-historia-do-pao-de-queijo-na-semana-que-e-celebrado-nacionalmente-sua-existencia#respond"]}]},{"@type":"WebPage","@id":"https:\/\/redenoticiaz.com.br\/ribeiraopreto-regiao\/sp\/2022\/08\/21\/conheca-mais-da-historia-do-pao-de-queijo-na-semana-que-e-celebrado-nacionalmente-sua-existencia","url":"https:\/\/redenoticiaz.com.br\/ribeiraopreto-regiao\/sp\/2022\/08\/21\/conheca-mais-da-historia-do-pao-de-queijo-na-semana-que-e-celebrado-nacionalmente-sua-existencia","name":"Conhe\u00e7a mais da hist\u00f3ria do p\u00e3o de queijo, na semana que \u00e9 celebrado nacionalmente sua exist\u00eancia - Ribeir\u00e3o Preto e Regi\u00e3o","isPartOf":{"@id":"https:\/\/redenoticiaz.com.br\/ribeiraopreto-regiao\/#website"},"primaryImageOfPage":{"@id":"https:\/\/redenoticiaz.com.br\/ribeiraopreto-regiao\/sp\/2022\/08\/21\/conheca-mais-da-historia-do-pao-de-queijo-na-semana-que-e-celebrado-nacionalmente-sua-existencia#primaryimage"},"image":{"@id":"https:\/\/redenoticiaz.com.br\/ribeiraopreto-regiao\/sp\/2022\/08\/21\/conheca-mais-da-historia-do-pao-de-queijo-na-semana-que-e-celebrado-nacionalmente-sua-existencia#primaryimage"},"thumbnailUrl":"https:\/\/redenoticiaz.com.br\/ribeiraopreto-regiao\/wp-content\/uploads\/sites\/4\/2022\/08\/pao-de-queijo.jpg?v=1660856927","datePublished":"2022-08-21T15:00:58+00:00","description":"Na \u00faltima quarta - feira (17), foi celebrado o dia nacional do p\u00e3o de queijo, um dos quitutes mais queridos do Brasil.","inLanguage":"pt-BR","potentialAction":[{"@type":"ReadAction","target":["https:\/\/redenoticiaz.com.br\/ribeiraopreto-regiao\/sp\/2022\/08\/21\/conheca-mais-da-historia-do-pao-de-queijo-na-semana-que-e-celebrado-nacionalmente-sua-existencia"]}]},{"@type":"ImageObject","inLanguage":"pt-BR","@id":"https:\/\/redenoticiaz.com.br\/ribeiraopreto-regiao\/sp\/2022\/08\/21\/conheca-mais-da-historia-do-pao-de-queijo-na-semana-que-e-celebrado-nacionalmente-sua-existencia#primaryimage","url":"https:\/\/redenoticiaz.com.br\/ribeiraopreto-regiao\/wp-content\/uploads\/sites\/4\/2022\/08\/pao-de-queijo.jpg?v=1660856927","contentUrl":"https:\/\/redenoticiaz.com.br\/ribeiraopreto-regiao\/wp-content\/uploads\/sites\/4\/2022\/08\/pao-de-queijo.jpg?v=1660856927","width":1000,"height":668,"caption":"P\u00e3o de queijo. Cr\u00e9ditos: Reprodu\u00e7\u00e3o"},{"@type":"WebSite","@id":"https:\/\/redenoticiaz.com.br\/ribeiraopreto-regiao\/#website","url":"https:\/\/redenoticiaz.com.br\/ribeiraopreto-regiao\/","name":"Ribeir\u00e3o Preto e Regi\u00e3o","description":"Rede NoticiaZ - Ribeir\u00e3o Preto e regi\u00e3o","publisher":{"@id":"https:\/\/redenoticiaz.com.br\/ribeiraopreto-regiao\/#organization"},"potentialAction":[{"@type":"SearchAction","target":{"@type":"EntryPoint","urlTemplate":"https:\/\/redenoticiaz.com.br\/ribeiraopreto-regiao\/?s={search_term_string}"},"query-input":{"@type":"PropertyValueSpecification","valueRequired":true,"valueName":"search_term_string"}}],"inLanguage":"pt-BR"},{"@type":"Organization","@id":"https:\/\/redenoticiaz.com.br\/ribeiraopreto-regiao\/#organization","name":"Ribeir\u00e3o Preto e Regi\u00e3o","url":"https:\/\/redenoticiaz.com.br\/ribeiraopreto-regiao\/","logo":{"@type":"ImageObject","inLanguage":"pt-BR","@id":"https:\/\/redenoticiaz.com.br\/ribeiraopreto-regiao\/#\/schema\/logo\/image\/","url":"https:\/\/redenoticiaz.com.br\/barretos-regiao\/wp-content\/uploads\/sites\/4\/2022\/02\/logo.jpg","contentUrl":"https:\/\/redenoticiaz.com.br\/barretos-regiao\/wp-content\/uploads\/sites\/4\/2022\/02\/logo.jpg","width":400,"height":250,"caption":"Ribeir\u00e3o Preto e Regi\u00e3o"},"image":{"@id":"https:\/\/redenoticiaz.com.br\/ribeiraopreto-regiao\/#\/schema\/logo\/image\/"},"sameAs":["https:\/\/m.facebook.com\/redenoticiaz.barretos","https:\/\/x.com\/RN_barretos","https:\/\/www.instagram.com\/redenoticiaz.barretos\/?igshid=YmMyMTA2M2Y","https:\/\/www.linkedin.com\/company\/rede-noticiaz-barretos-e-regio\/"]},{"@type":"Person","@id":"","url":"https:\/\/redenoticiaz.com.br\/ribeiraopreto-regiao\/sp\/author"}]}},"_links":{"self":[{"href":"https:\/\/redenoticiaz.com.br\/ribeiraopreto-regiao\/wp-json\/wp\/v2\/posts\/90362","targetHints":{"allow":["GET"]}}],"collection":[{"href":"https:\/\/redenoticiaz.com.br\/ribeiraopreto-regiao\/wp-json\/wp\/v2\/posts"}],"about":[{"href":"https:\/\/redenoticiaz.com.br\/ribeiraopreto-regiao\/wp-json\/wp\/v2\/types\/post"}],"author":[{"embeddable":true,"href":"https:\/\/redenoticiaz.com.br\/ribeiraopreto-regiao\/wp-json\/wp\/v2\/users\/26"}],"replies":[{"embeddable":true,"href":"https:\/\/redenoticiaz.com.br\/ribeiraopreto-regiao\/wp-json\/wp\/v2\/comments?post=90362"}],"version-history":[{"count":2,"href":"https:\/\/redenoticiaz.com.br\/ribeiraopreto-regiao\/wp-json\/wp\/v2\/posts\/90362\/revisions"}],"predecessor-version":[{"id":90367,"href":"https:\/\/redenoticiaz.com.br\/ribeiraopreto-regiao\/wp-json\/wp\/v2\/posts\/90362\/revisions\/90367"}],"wp:featuredmedia":[{"embeddable":true,"href":"https:\/\/redenoticiaz.com.br\/ribeiraopreto-regiao\/wp-json\/wp\/v2\/media\/90363"}],"wp:attachment":[{"href":"https:\/\/redenoticiaz.com.br\/ribeiraopreto-regiao\/wp-json\/wp\/v2\/media?parent=90362"}],"wp:term":[{"taxonomy":"category","embeddable":true,"href":"https:\/\/redenoticiaz.com.br\/ribeiraopreto-regiao\/wp-json\/wp\/v2\/categories?post=90362"},{"taxonomy":"post_tag","embeddable":true,"href":"https:\/\/redenoticiaz.com.br\/ribeiraopreto-regiao\/wp-json\/wp\/v2\/tags?post=90362"}],"curies":[{"name":"wp","href":"https:\/\/api.w.org\/{rel}","templated":true}]}}