{"id":90373,"date":"2022-08-21T14:00:10","date_gmt":"2022-08-21T17:00:10","guid":{"rendered":"https:\/\/redenoticiaz.com.br\/barretos-regiao\/?p=90373"},"modified":"2022-08-18T23:25:16","modified_gmt":"2022-08-19T02:25:16","slug":"alinca-entre-universidades-paulistas-ampliam-chances-de-estudos-em-caribe-e-america-latina","status":"publish","type":"post","link":"https:\/\/redenoticiaz.com.br\/ribeiraopreto-regiao\/sp\/2022\/08\/21\/alinca-entre-universidades-paulistas-ampliam-chances-de-estudos-em-caribe-e-america-latina","title":{"rendered":"Alin\u00e7a entre universidades paulistas ampliam chances de estudos em Caribe e na Am\u00e9rica Latina"},"content":{"rendered":"<div class=\"mb-5 mb-lg-6\">\n<header class=\"toolkit-heading\">\n<div class=\"heading-title\">\n<p>Na \u00faltima quarta-feira (17), os diretores das universidades estaduais,<a href=\"https:\/\/www.unicamp.br\/unicamp\/\"><strong> Unicamp<\/strong><\/a> (Universidade Estadual de Campinas), <a href=\"https:\/\/www5.usp.br\/\"><strong>USP <\/strong><\/a>(Universidade de S\u00e3o Paulo) e <a href=\"https:\/\/www2.unesp.br\/\"><strong>Unesp<\/strong><\/a> (Universidade Estadual de S\u00e3o Paulo) se encontraram na <a href=\"https:\/\/www.al.sp.gov.br\/\"><strong>Alesp<\/strong><\/a> (Assembleia Legislativa de S\u00e3o Paulo), para ampliar o acesso de estudantes brasileiros em institui\u00e7\u00f5es acad\u00eamicas da <strong>Am\u00e9rica Latina e do Caribe.<\/strong><\/p>\n<p>A princ\u00edpio o acordo foi feito entre os reitores, <strong><em>Antonio Jos\u00e9 de Almeida Meirelles<\/em> (Unicamp)<\/strong>, <strong><em>Carlos Carlotti<\/em> (USP), <em>Pasqual Barreti<\/em> (Unesp)<\/strong> e por representantes do <strong><em>Grulac<\/em> (Grupo de Pa\u00edses da Am\u00e9rica Latina e do Caribe).<\/strong><\/p>\n<div class=\"toolkit-ad-shell\">\n<p>O contrato prev\u00ea o in\u00edcio de um desenvolvimento de expans\u00e3o da atua\u00e7\u00e3o da empresa para o mercado internacional, dos cursos de gradua\u00e7\u00e3o, p\u00f3s-gradua\u00e7\u00e3o, doutorado e p\u00f3s-doutorado entre as universidades brasileiras e estrangeiras.<\/p>\n<p>O primeiro dos acordos firmado foi entre a <strong>USP<\/strong> (Universidade de S\u00e3o Paulo), e a <strong>UNA<\/strong> (Universidade Nacional de Assun\u00e7\u00e3o), do <strong>Paraguai.\u00a0<\/strong><\/p>\n<p>Desse modo a alian\u00e7a entre as universidades e o grulac, tem o objetivo de elaborar projetos de pesquisa, a organiza\u00e7\u00e3o de eventos cient\u00edficos e culturais, realizando interc\u00e2mbios de professores, pesquisadores, estudantes, equipe t\u00e9cnicas e administrativas, al\u00e9m da disponibiliza\u00e7\u00e3o de disciplinas compartilhadas.<\/p>\n<\/div>\n<h6 class=\"toolkit-title\">VEJA TAMB\u00c9M:<\/h6>\n<p><a href=\"https:\/\/redenoticiaz.com.br\/blog\/2022\/08\/07\/prefeitura-de-itatiba-assina-contrato-com-a-universidade-puc-campinas\">Prefeitura de Itatiba assina contrato com a Universidade PUC-Campinas<\/a><\/p>\n<\/div>\n<\/header>\n<\/div>\n","protected":false},"excerpt":{"rendered":"<p>Na \u00faltima quarta-feira (17), os diretores das universidades estaduais, Unicamp (Universidade Estadual de Campinas), USP (Universidade de S\u00e3o Paulo) e Unesp (Universidade Estadual de S\u00e3o Paulo) se encontraram na Alesp (Assembleia Legislativa de S\u00e3o Paulo), para ampliar o acesso de estudantes brasileiros em institui\u00e7\u00f5es acad\u00eamicas da Am\u00e9rica Latina e do Caribe. A princ\u00edpio o acordo &hellip;<\/p>\n","protected":false},"author":26,"featured_media":90374,"comment_status":"open","ping_status":"closed","sticky":false,"template":"","format":"standard","meta":{"footnotes":""},"categories":[820],"tags":[11772,2176,19744,19840],"class_list":["post-90373","post","type-post","status-publish","format-standard","has-post-thumbnail","hentry","category-educacao","tag-alesp","tag-cursos","tag-intercambio","tag-universidades"],"yoast_head":"<!-- This site is optimized with the Yoast SEO plugin v27.5 - https:\/\/yoast.com\/product\/yoast-seo-wordpress\/ -->\n<title>Alin\u00e7a entre universidades paulistas ampliam chances de estudos em Caribe e na Am\u00e9rica Latina - Ribeir\u00e3o Preto e Regi\u00e3o<\/title>\n<meta name=\"description\" content=\"Na \u00faltima quarta-feira (17), os diretores das universidades estaduais, Unicamp (Universidade Estadual de Campinas), USP.\" \/>\n<meta name=\"robots\" content=\"index, follow, max-snippet:-1, max-image-preview:large, max-video-preview:-1\" \/>\n<link rel=\"canonical\" href=\"https:\/\/redenoticiaz.com.br\/ribeiraopreto-regiao\/sp\/2022\/08\/21\/alinca-entre-universidades-paulistas-ampliam-chances-de-estudos-em-caribe-e-america-latina\" \/>\n<meta property=\"og:locale\" content=\"pt_BR\" \/>\n<meta property=\"og:type\" content=\"article\" \/>\n<meta property=\"og:title\" content=\"Alin\u00e7a entre universidades paulistas ampliam chances de estudos em Caribe e na Am\u00e9rica Latina - Ribeir\u00e3o Preto e Regi\u00e3o\" \/>\n<meta property=\"og:description\" content=\"Na \u00faltima quarta-feira (17), os diretores das universidades estaduais, Unicamp (Universidade Estadual de Campinas), USP.\" \/>\n<meta property=\"og:url\" content=\"https:\/\/redenoticiaz.com.br\/ribeiraopreto-regiao\/sp\/2022\/08\/21\/alinca-entre-universidades-paulistas-ampliam-chances-de-estudos-em-caribe-e-america-latina\" \/>\n<meta property=\"og:site_name\" content=\"Ribeir\u00e3o Preto e Regi\u00e3o\" \/>\n<meta property=\"article:publisher\" content=\"https:\/\/m.facebook.com\/redenoticiaz.barretos\" \/>\n<meta property=\"article:published_time\" content=\"2022-08-21T17:00:10+00:00\" \/>\n<meta property=\"og:image\" content=\"https:\/\/redenoticiaz.com.br\/ribeiraopreto-regiao\/wp-content\/uploads\/sites\/4\/2022\/08\/man_alesp_20220817_capa.jpg?v=1660874664\" \/>\n\t<meta property=\"og:image:width\" content=\"1920\" \/>\n\t<meta property=\"og:image:height\" content=\"659\" \/>\n\t<meta property=\"og:image:type\" content=\"image\/jpeg\" \/>\n<meta name=\"twitter:card\" content=\"summary_large_image\" \/>\n<meta name=\"twitter:creator\" content=\"@RN_barretos\" \/>\n<meta name=\"twitter:site\" content=\"@RN_barretos\" \/>\n<meta name=\"twitter:label1\" content=\"Escrito por\" \/>\n\t<meta name=\"twitter:data1\" content=\"\" \/>\n\t<meta name=\"twitter:label2\" content=\"Est. tempo de leitura\" \/>\n\t<meta name=\"twitter:data2\" content=\"2 minutos\" \/>\n<script type=\"application\/ld+json\" class=\"yoast-schema-graph\">{\"@context\":\"https:\\\/\\\/schema.org\",\"@graph\":[{\"@type\":\"Article\",\"@id\":\"https:\\\/\\\/redenoticiaz.com.br\\\/ribeiraopreto-regiao\\\/sp\\\/2022\\\/08\\\/21\\\/alinca-entre-universidades-paulistas-ampliam-chances-de-estudos-em-caribe-e-america-latina#article\",\"isPartOf\":{\"@id\":\"https:\\\/\\\/redenoticiaz.com.br\\\/ribeiraopreto-regiao\\\/sp\\\/2022\\\/08\\\/21\\\/alinca-entre-universidades-paulistas-ampliam-chances-de-estudos-em-caribe-e-america-latina\"},\"author\":{\"name\":\"\",\"@id\":\"\"},\"headline\":\"Alin\u00e7a entre universidades paulistas ampliam chances de estudos em Caribe e na Am\u00e9rica Latina\",\"datePublished\":\"2022-08-21T17:00:10+00:00\",\"mainEntityOfPage\":{\"@id\":\"https:\\\/\\\/redenoticiaz.com.br\\\/ribeiraopreto-regiao\\\/sp\\\/2022\\\/08\\\/21\\\/alinca-entre-universidades-paulistas-ampliam-chances-de-estudos-em-caribe-e-america-latina\"},\"wordCount\":233,\"commentCount\":0,\"publisher\":{\"@id\":\"https:\\\/\\\/redenoticiaz.com.br\\\/ribeiraopreto-regiao\\\/#organization\"},\"image\":{\"@id\":\"https:\\\/\\\/redenoticiaz.com.br\\\/ribeiraopreto-regiao\\\/sp\\\/2022\\\/08\\\/21\\\/alinca-entre-universidades-paulistas-ampliam-chances-de-estudos-em-caribe-e-america-latina#primaryimage\"},\"thumbnailUrl\":\"https:\\\/\\\/redenoticiaz.com.br\\\/ribeiraopreto-regiao\\\/wp-content\\\/uploads\\\/sites\\\/4\\\/2022\\\/08\\\/man_alesp_20220817_capa.jpg?v=1660874664\",\"keywords\":[\"ALESP\",\"Cursos\",\"INTERC\u00c2MBIO\",\"UNIVERSIDADES\"],\"articleSection\":[\"Educa\u00e7\u00e3o\"],\"inLanguage\":\"pt-BR\",\"potentialAction\":[{\"@type\":\"CommentAction\",\"name\":\"Comment\",\"target\":[\"https:\\\/\\\/redenoticiaz.com.br\\\/ribeiraopreto-regiao\\\/sp\\\/2022\\\/08\\\/21\\\/alinca-entre-universidades-paulistas-ampliam-chances-de-estudos-em-caribe-e-america-latina#respond\"]}]},{\"@type\":\"WebPage\",\"@id\":\"https:\\\/\\\/redenoticiaz.com.br\\\/ribeiraopreto-regiao\\\/sp\\\/2022\\\/08\\\/21\\\/alinca-entre-universidades-paulistas-ampliam-chances-de-estudos-em-caribe-e-america-latina\",\"url\":\"https:\\\/\\\/redenoticiaz.com.br\\\/ribeiraopreto-regiao\\\/sp\\\/2022\\\/08\\\/21\\\/alinca-entre-universidades-paulistas-ampliam-chances-de-estudos-em-caribe-e-america-latina\",\"name\":\"Alin\u00e7a entre universidades paulistas ampliam chances de estudos em Caribe e na Am\u00e9rica Latina - Ribeir\u00e3o Preto e Regi\u00e3o\",\"isPartOf\":{\"@id\":\"https:\\\/\\\/redenoticiaz.com.br\\\/ribeiraopreto-regiao\\\/#website\"},\"primaryImageOfPage\":{\"@id\":\"https:\\\/\\\/redenoticiaz.com.br\\\/ribeiraopreto-regiao\\\/sp\\\/2022\\\/08\\\/21\\\/alinca-entre-universidades-paulistas-ampliam-chances-de-estudos-em-caribe-e-america-latina#primaryimage\"},\"image\":{\"@id\":\"https:\\\/\\\/redenoticiaz.com.br\\\/ribeiraopreto-regiao\\\/sp\\\/2022\\\/08\\\/21\\\/alinca-entre-universidades-paulistas-ampliam-chances-de-estudos-em-caribe-e-america-latina#primaryimage\"},\"thumbnailUrl\":\"https:\\\/\\\/redenoticiaz.com.br\\\/ribeiraopreto-regiao\\\/wp-content\\\/uploads\\\/sites\\\/4\\\/2022\\\/08\\\/man_alesp_20220817_capa.jpg?v=1660874664\",\"datePublished\":\"2022-08-21T17:00:10+00:00\",\"description\":\"Na \u00faltima quarta-feira (17), os diretores das universidades estaduais, Unicamp (Universidade Estadual de Campinas), USP.\",\"inLanguage\":\"pt-BR\",\"potentialAction\":[{\"@type\":\"ReadAction\",\"target\":[\"https:\\\/\\\/redenoticiaz.com.br\\\/ribeiraopreto-regiao\\\/sp\\\/2022\\\/08\\\/21\\\/alinca-entre-universidades-paulistas-ampliam-chances-de-estudos-em-caribe-e-america-latina\"]}]},{\"@type\":\"ImageObject\",\"inLanguage\":\"pt-BR\",\"@id\":\"https:\\\/\\\/redenoticiaz.com.br\\\/ribeiraopreto-regiao\\\/sp\\\/2022\\\/08\\\/21\\\/alinca-entre-universidades-paulistas-ampliam-chances-de-estudos-em-caribe-e-america-latina#primaryimage\",\"url\":\"https:\\\/\\\/redenoticiaz.com.br\\\/ribeiraopreto-regiao\\\/wp-content\\\/uploads\\\/sites\\\/4\\\/2022\\\/08\\\/man_alesp_20220817_capa.jpg?v=1660874664\",\"contentUrl\":\"https:\\\/\\\/redenoticiaz.com.br\\\/ribeiraopreto-regiao\\\/wp-content\\\/uploads\\\/sites\\\/4\\\/2022\\\/08\\\/man_alesp_20220817_capa.jpg?v=1660874664\",\"width\":1920,\"height\":659,\"caption\":\"Encontro entre universidades na Alesp. Cr\u00e9ditos: Reprodu\u00e7\u00e3o.\"},{\"@type\":\"WebSite\",\"@id\":\"https:\\\/\\\/redenoticiaz.com.br\\\/ribeiraopreto-regiao\\\/#website\",\"url\":\"https:\\\/\\\/redenoticiaz.com.br\\\/ribeiraopreto-regiao\\\/\",\"name\":\"Ribeir\u00e3o Preto e Regi\u00e3o\",\"description\":\"Rede NoticiaZ - Ribeir\u00e3o Preto e regi\u00e3o\",\"publisher\":{\"@id\":\"https:\\\/\\\/redenoticiaz.com.br\\\/ribeiraopreto-regiao\\\/#organization\"},\"potentialAction\":[{\"@type\":\"SearchAction\",\"target\":{\"@type\":\"EntryPoint\",\"urlTemplate\":\"https:\\\/\\\/redenoticiaz.com.br\\\/ribeiraopreto-regiao\\\/?s={search_term_string}\"},\"query-input\":{\"@type\":\"PropertyValueSpecification\",\"valueRequired\":true,\"valueName\":\"search_term_string\"}}],\"inLanguage\":\"pt-BR\"},{\"@type\":\"Organization\",\"@id\":\"https:\\\/\\\/redenoticiaz.com.br\\\/ribeiraopreto-regiao\\\/#organization\",\"name\":\"Ribeir\u00e3o Preto e Regi\u00e3o\",\"url\":\"https:\\\/\\\/redenoticiaz.com.br\\\/ribeiraopreto-regiao\\\/\",\"logo\":{\"@type\":\"ImageObject\",\"inLanguage\":\"pt-BR\",\"@id\":\"https:\\\/\\\/redenoticiaz.com.br\\\/ribeiraopreto-regiao\\\/#\\\/schema\\\/logo\\\/image\\\/\",\"url\":\"https:\\\/\\\/redenoticiaz.com.br\\\/barretos-regiao\\\/wp-content\\\/uploads\\\/sites\\\/4\\\/2022\\\/02\\\/logo.jpg\",\"contentUrl\":\"https:\\\/\\\/redenoticiaz.com.br\\\/barretos-regiao\\\/wp-content\\\/uploads\\\/sites\\\/4\\\/2022\\\/02\\\/logo.jpg\",\"width\":400,\"height\":250,\"caption\":\"Ribeir\u00e3o Preto e Regi\u00e3o\"},\"image\":{\"@id\":\"https:\\\/\\\/redenoticiaz.com.br\\\/ribeiraopreto-regiao\\\/#\\\/schema\\\/logo\\\/image\\\/\"},\"sameAs\":[\"https:\\\/\\\/m.facebook.com\\\/redenoticiaz.barretos\",\"https:\\\/\\\/x.com\\\/RN_barretos\",\"https:\\\/\\\/www.instagram.com\\\/redenoticiaz.barretos\\\/?igshid=YmMyMTA2M2Y\",\"https:\\\/\\\/www.linkedin.com\\\/company\\\/rede-noticiaz-barretos-e-regio\\\/\"]},{\"@type\":\"Person\",\"@id\":\"\",\"url\":\"https:\\\/\\\/redenoticiaz.com.br\\\/ribeiraopreto-regiao\\\/sp\\\/author\"}]}<\/script>\n<!-- \/ Yoast SEO plugin. -->","yoast_head_json":{"title":"Alin\u00e7a entre universidades paulistas ampliam chances de estudos em Caribe e na Am\u00e9rica Latina - Ribeir\u00e3o Preto e Regi\u00e3o","description":"Na \u00faltima quarta-feira (17), os diretores das universidades estaduais, Unicamp (Universidade Estadual de Campinas), USP.","robots":{"index":"index","follow":"follow","max-snippet":"max-snippet:-1","max-image-preview":"max-image-preview:large","max-video-preview":"max-video-preview:-1"},"canonical":"https:\/\/redenoticiaz.com.br\/ribeiraopreto-regiao\/sp\/2022\/08\/21\/alinca-entre-universidades-paulistas-ampliam-chances-de-estudos-em-caribe-e-america-latina","og_locale":"pt_BR","og_type":"article","og_title":"Alin\u00e7a entre universidades paulistas ampliam chances de estudos em Caribe e na Am\u00e9rica Latina - Ribeir\u00e3o Preto e Regi\u00e3o","og_description":"Na \u00faltima quarta-feira (17), os diretores das universidades estaduais, Unicamp (Universidade Estadual de Campinas), USP.","og_url":"https:\/\/redenoticiaz.com.br\/ribeiraopreto-regiao\/sp\/2022\/08\/21\/alinca-entre-universidades-paulistas-ampliam-chances-de-estudos-em-caribe-e-america-latina","og_site_name":"Ribeir\u00e3o Preto e Regi\u00e3o","article_publisher":"https:\/\/m.facebook.com\/redenoticiaz.barretos","article_published_time":"2022-08-21T17:00:10+00:00","og_image":[{"width":1920,"height":659,"url":"https:\/\/redenoticiaz.com.br\/ribeiraopreto-regiao\/wp-content\/uploads\/sites\/4\/2022\/08\/man_alesp_20220817_capa.jpg?v=1660874664","type":"image\/jpeg"}],"twitter_card":"summary_large_image","twitter_creator":"@RN_barretos","twitter_site":"@RN_barretos","twitter_misc":{"Escrito por":"","Est. tempo de leitura":"2 minutos"},"schema":{"@context":"https:\/\/schema.org","@graph":[{"@type":"Article","@id":"https:\/\/redenoticiaz.com.br\/ribeiraopreto-regiao\/sp\/2022\/08\/21\/alinca-entre-universidades-paulistas-ampliam-chances-de-estudos-em-caribe-e-america-latina#article","isPartOf":{"@id":"https:\/\/redenoticiaz.com.br\/ribeiraopreto-regiao\/sp\/2022\/08\/21\/alinca-entre-universidades-paulistas-ampliam-chances-de-estudos-em-caribe-e-america-latina"},"author":{"name":"","@id":""},"headline":"Alin\u00e7a entre universidades paulistas ampliam chances de estudos em Caribe e na Am\u00e9rica Latina","datePublished":"2022-08-21T17:00:10+00:00","mainEntityOfPage":{"@id":"https:\/\/redenoticiaz.com.br\/ribeiraopreto-regiao\/sp\/2022\/08\/21\/alinca-entre-universidades-paulistas-ampliam-chances-de-estudos-em-caribe-e-america-latina"},"wordCount":233,"commentCount":0,"publisher":{"@id":"https:\/\/redenoticiaz.com.br\/ribeiraopreto-regiao\/#organization"},"image":{"@id":"https:\/\/redenoticiaz.com.br\/ribeiraopreto-regiao\/sp\/2022\/08\/21\/alinca-entre-universidades-paulistas-ampliam-chances-de-estudos-em-caribe-e-america-latina#primaryimage"},"thumbnailUrl":"https:\/\/redenoticiaz.com.br\/ribeiraopreto-regiao\/wp-content\/uploads\/sites\/4\/2022\/08\/man_alesp_20220817_capa.jpg?v=1660874664","keywords":["ALESP","Cursos","INTERC\u00c2MBIO","UNIVERSIDADES"],"articleSection":["Educa\u00e7\u00e3o"],"inLanguage":"pt-BR","potentialAction":[{"@type":"CommentAction","name":"Comment","target":["https:\/\/redenoticiaz.com.br\/ribeiraopreto-regiao\/sp\/2022\/08\/21\/alinca-entre-universidades-paulistas-ampliam-chances-de-estudos-em-caribe-e-america-latina#respond"]}]},{"@type":"WebPage","@id":"https:\/\/redenoticiaz.com.br\/ribeiraopreto-regiao\/sp\/2022\/08\/21\/alinca-entre-universidades-paulistas-ampliam-chances-de-estudos-em-caribe-e-america-latina","url":"https:\/\/redenoticiaz.com.br\/ribeiraopreto-regiao\/sp\/2022\/08\/21\/alinca-entre-universidades-paulistas-ampliam-chances-de-estudos-em-caribe-e-america-latina","name":"Alin\u00e7a entre universidades paulistas ampliam chances de estudos em Caribe e na Am\u00e9rica Latina - Ribeir\u00e3o Preto e Regi\u00e3o","isPartOf":{"@id":"https:\/\/redenoticiaz.com.br\/ribeiraopreto-regiao\/#website"},"primaryImageOfPage":{"@id":"https:\/\/redenoticiaz.com.br\/ribeiraopreto-regiao\/sp\/2022\/08\/21\/alinca-entre-universidades-paulistas-ampliam-chances-de-estudos-em-caribe-e-america-latina#primaryimage"},"image":{"@id":"https:\/\/redenoticiaz.com.br\/ribeiraopreto-regiao\/sp\/2022\/08\/21\/alinca-entre-universidades-paulistas-ampliam-chances-de-estudos-em-caribe-e-america-latina#primaryimage"},"thumbnailUrl":"https:\/\/redenoticiaz.com.br\/ribeiraopreto-regiao\/wp-content\/uploads\/sites\/4\/2022\/08\/man_alesp_20220817_capa.jpg?v=1660874664","datePublished":"2022-08-21T17:00:10+00:00","description":"Na \u00faltima quarta-feira (17), os diretores das universidades estaduais, Unicamp (Universidade Estadual de Campinas), USP.","inLanguage":"pt-BR","potentialAction":[{"@type":"ReadAction","target":["https:\/\/redenoticiaz.com.br\/ribeiraopreto-regiao\/sp\/2022\/08\/21\/alinca-entre-universidades-paulistas-ampliam-chances-de-estudos-em-caribe-e-america-latina"]}]},{"@type":"ImageObject","inLanguage":"pt-BR","@id":"https:\/\/redenoticiaz.com.br\/ribeiraopreto-regiao\/sp\/2022\/08\/21\/alinca-entre-universidades-paulistas-ampliam-chances-de-estudos-em-caribe-e-america-latina#primaryimage","url":"https:\/\/redenoticiaz.com.br\/ribeiraopreto-regiao\/wp-content\/uploads\/sites\/4\/2022\/08\/man_alesp_20220817_capa.jpg?v=1660874664","contentUrl":"https:\/\/redenoticiaz.com.br\/ribeiraopreto-regiao\/wp-content\/uploads\/sites\/4\/2022\/08\/man_alesp_20220817_capa.jpg?v=1660874664","width":1920,"height":659,"caption":"Encontro entre universidades na Alesp. Cr\u00e9ditos: Reprodu\u00e7\u00e3o."},{"@type":"WebSite","@id":"https:\/\/redenoticiaz.com.br\/ribeiraopreto-regiao\/#website","url":"https:\/\/redenoticiaz.com.br\/ribeiraopreto-regiao\/","name":"Ribeir\u00e3o Preto e Regi\u00e3o","description":"Rede NoticiaZ - Ribeir\u00e3o Preto e regi\u00e3o","publisher":{"@id":"https:\/\/redenoticiaz.com.br\/ribeiraopreto-regiao\/#organization"},"potentialAction":[{"@type":"SearchAction","target":{"@type":"EntryPoint","urlTemplate":"https:\/\/redenoticiaz.com.br\/ribeiraopreto-regiao\/?s={search_term_string}"},"query-input":{"@type":"PropertyValueSpecification","valueRequired":true,"valueName":"search_term_string"}}],"inLanguage":"pt-BR"},{"@type":"Organization","@id":"https:\/\/redenoticiaz.com.br\/ribeiraopreto-regiao\/#organization","name":"Ribeir\u00e3o Preto e Regi\u00e3o","url":"https:\/\/redenoticiaz.com.br\/ribeiraopreto-regiao\/","logo":{"@type":"ImageObject","inLanguage":"pt-BR","@id":"https:\/\/redenoticiaz.com.br\/ribeiraopreto-regiao\/#\/schema\/logo\/image\/","url":"https:\/\/redenoticiaz.com.br\/barretos-regiao\/wp-content\/uploads\/sites\/4\/2022\/02\/logo.jpg","contentUrl":"https:\/\/redenoticiaz.com.br\/barretos-regiao\/wp-content\/uploads\/sites\/4\/2022\/02\/logo.jpg","width":400,"height":250,"caption":"Ribeir\u00e3o Preto e Regi\u00e3o"},"image":{"@id":"https:\/\/redenoticiaz.com.br\/ribeiraopreto-regiao\/#\/schema\/logo\/image\/"},"sameAs":["https:\/\/m.facebook.com\/redenoticiaz.barretos","https:\/\/x.com\/RN_barretos","https:\/\/www.instagram.com\/redenoticiaz.barretos\/?igshid=YmMyMTA2M2Y","https:\/\/www.linkedin.com\/company\/rede-noticiaz-barretos-e-regio\/"]},{"@type":"Person","@id":"","url":"https:\/\/redenoticiaz.com.br\/ribeiraopreto-regiao\/sp\/author"}]}},"_links":{"self":[{"href":"https:\/\/redenoticiaz.com.br\/ribeiraopreto-regiao\/wp-json\/wp\/v2\/posts\/90373","targetHints":{"allow":["GET"]}}],"collection":[{"href":"https:\/\/redenoticiaz.com.br\/ribeiraopreto-regiao\/wp-json\/wp\/v2\/posts"}],"about":[{"href":"https:\/\/redenoticiaz.com.br\/ribeiraopreto-regiao\/wp-json\/wp\/v2\/types\/post"}],"author":[{"embeddable":true,"href":"https:\/\/redenoticiaz.com.br\/ribeiraopreto-regiao\/wp-json\/wp\/v2\/users\/26"}],"replies":[{"embeddable":true,"href":"https:\/\/redenoticiaz.com.br\/ribeiraopreto-regiao\/wp-json\/wp\/v2\/comments?post=90373"}],"version-history":[{"count":2,"href":"https:\/\/redenoticiaz.com.br\/ribeiraopreto-regiao\/wp-json\/wp\/v2\/posts\/90373\/revisions"}],"predecessor-version":[{"id":90376,"href":"https:\/\/redenoticiaz.com.br\/ribeiraopreto-regiao\/wp-json\/wp\/v2\/posts\/90373\/revisions\/90376"}],"wp:featuredmedia":[{"embeddable":true,"href":"https:\/\/redenoticiaz.com.br\/ribeiraopreto-regiao\/wp-json\/wp\/v2\/media\/90374"}],"wp:attachment":[{"href":"https:\/\/redenoticiaz.com.br\/ribeiraopreto-regiao\/wp-json\/wp\/v2\/media?parent=90373"}],"wp:term":[{"taxonomy":"category","embeddable":true,"href":"https:\/\/redenoticiaz.com.br\/ribeiraopreto-regiao\/wp-json\/wp\/v2\/categories?post=90373"},{"taxonomy":"post_tag","embeddable":true,"href":"https:\/\/redenoticiaz.com.br\/ribeiraopreto-regiao\/wp-json\/wp\/v2\/tags?post=90373"}],"curies":[{"name":"wp","href":"https:\/\/api.w.org\/{rel}","templated":true}]}}