{"id":90419,"date":"2022-08-19T15:45:18","date_gmt":"2022-08-19T18:45:18","guid":{"rendered":"https:\/\/redenoticiaz.com.br\/barretos-regiao\/?p=90419"},"modified":"2022-08-19T15:45:18","modified_gmt":"2022-08-19T18:45:18","slug":"prefeitura-e-sebrae-oferecem-cursos-gratuitos","status":"publish","type":"post","link":"https:\/\/redenoticiaz.com.br\/ribeiraopreto-regiao\/sp\/2022\/08\/19\/prefeitura-e-sebrae-oferecem-cursos-gratuitos","title":{"rendered":"Prefeitura e Sebrae oferecem cursos gratuitos"},"content":{"rendered":"<p>A prefeitura da Est\u00e2ncia Tur\u00edstica de Barretos, em parceria com o Servi\u00e7o Brasileiro de Apoio as, Micro e Pequenas Empresas (Sebrae), est\u00e1 com inscri\u00e7\u00f5es abertas para os cursos gratuitos de Reiki e Hamb\u00farguer Artesanal. As vagas s\u00e3o limitadas e as aulas est\u00e3o previstas para acontecer em setembro.<\/p>\n<p>De acordo com a secret\u00e1ria municipal de Desenvolvimento Econ\u00f4mico, Ad\u00e9lia Bueno, esta \u00e9 mais uma oportunidade de capacita\u00e7\u00e3o para a popula\u00e7\u00e3o barretense. <em>&#8220;Essa gest\u00e3o preocupa-se com a forma\u00e7\u00e3o do cidad\u00e3o, contribuindo para a gera\u00e7\u00e3o de emprego e renda e, sobretudo, o desenvolvimento da economia da nossa cidade&#8221;<\/em>, disse.<\/p>\n<p><b>Especialista em Reiki<\/b><br \/>\nDurante o curso ser\u00e3o apresentados conceitos sobre centros de energia (aura e chacras), sons (mantras) e s\u00edmbolos (yantras), dom\u00ednio das primeiras manobras para a aplica\u00e7\u00e3o do Reiki e identifica\u00e7\u00e3o de pontos receptores e emanadores de energia, por meio da imposi\u00e7\u00e3o de m\u00e3os, para preven\u00e7\u00e3o de enfermidades e restabelecimento do equil\u00edbrio bioenerg\u00e9tico. O curso \u00e9 composto por 10 aulas que ser\u00e3o ministradas no Sebrae, na Rua 14, 735, nos dias 1\u00ba, 5, 6, 8, 13, 15, 20, 22, 27 e 29 de setembro, das 18h \u00e0s 22h. O participante concluinte ter\u00e1 direito a um certificado.<br \/>\n<a href=\"https:\/\/forms.office.com\/r\/Y1rw4pabcc\"><i>Link para inscri\u00e7\u00e3o<\/i><\/a><\/p>\n<p><b>Especialista em Hamburguer Artesanal<\/b><br \/>\nO curso ser\u00e1 realizado de 30 de agosto a 29 de setembro, das 18h30 \u00e0s 22h30, no Sindicato dos Trabalhadores nas Ind\u00fastrias de Alimenta\u00e7\u00e3o de Barretos, na Rua 16, 937. O participante concluinte tamb\u00e9m ter\u00e1 direito a um certificado.<\/p>\n<p><a href=\"https:\/\/forms.office.com\/r\/U9zhKcwinN\"><i>Link para inscri\u00e7\u00e3o<\/i><\/a><\/p>\n<p><strong>VEJA TAMB\u00c9M:\u00a0<a href=\"https:\/\/redenoticiaz.com.br\/barretos-regiao\/sp\/2022\/08\/08\/cursos-sao-oferecidos-na-estancia-turistica-de-barretos\">Cursos s\u00e3o oferecidos na Est\u00e2ncia Tur\u00edstica de Barretos<\/a><\/strong><\/p>\n","protected":false},"excerpt":{"rendered":"<p>A prefeitura da Est\u00e2ncia Tur\u00edstica de Barretos, em parceria com o Servi\u00e7o Brasileiro de Apoio as, Micro e Pequenas Empresas (Sebrae), est\u00e1 com inscri\u00e7\u00f5es abertas para os cursos gratuitos de Reiki e Hamb\u00farguer Artesanal. As vagas s\u00e3o limitadas e as aulas est\u00e3o previstas para acontecer em setembro. De acordo com a secret\u00e1ria municipal de Desenvolvimento &hellip;<\/p>\n","protected":false},"author":15,"featured_media":90421,"comment_status":"open","ping_status":"closed","sticky":false,"template":"","format":"standard","meta":{"footnotes":""},"categories":[820],"tags":[19170,2176,17687,19852,2842],"class_list":["post-90419","post","type-post","status-publish","format-standard","has-post-thumbnail","hentry","category-educacao","tag-aulas","tag-cursos","tag-gratuitos","tag-hamburguer-artesanal","tag-sebrae"],"yoast_head":"<!-- This site is optimized with the Yoast SEO plugin v28.3 - https:\/\/yoast.com\/product\/yoast-seo-wordpress\/ -->\n<title>Prefeitura e Sebrae oferecem cursos gratuitos - Ribeir\u00e3o Preto e Regi\u00e3o<\/title>\n<meta name=\"description\" content=\"Barretos, em parceria com o Servi\u00e7o Brasileiro de Apoio as, Micro e Pequenas Empresas (Sebrae), est\u00e1 com inscri\u00e7\u00f5es abertas para os cursos gratuitos\" \/>\n<meta name=\"robots\" content=\"index, follow, max-snippet:-1, max-image-preview:large, max-video-preview:-1\" \/>\n<link rel=\"canonical\" href=\"https:\/\/redenoticiaz.com.br\/ribeiraopreto-regiao\/sp\/2022\/08\/19\/prefeitura-e-sebrae-oferecem-cursos-gratuitos\" \/>\n<meta property=\"og:locale\" content=\"pt_BR\" \/>\n<meta property=\"og:type\" content=\"article\" \/>\n<meta property=\"og:title\" content=\"Prefeitura e Sebrae oferecem cursos gratuitos - Ribeir\u00e3o Preto e Regi\u00e3o\" \/>\n<meta property=\"og:description\" content=\"Barretos, em parceria com o Servi\u00e7o Brasileiro de Apoio as, Micro e Pequenas Empresas (Sebrae), est\u00e1 com inscri\u00e7\u00f5es abertas para os cursos gratuitos\" \/>\n<meta property=\"og:url\" content=\"https:\/\/redenoticiaz.com.br\/ribeiraopreto-regiao\/sp\/2022\/08\/19\/prefeitura-e-sebrae-oferecem-cursos-gratuitos\" \/>\n<meta property=\"og:site_name\" content=\"Ribeir\u00e3o Preto e Regi\u00e3o\" \/>\n<meta property=\"article:publisher\" content=\"https:\/\/m.facebook.com\/redenoticiaz.barretos\" \/>\n<meta property=\"article:published_time\" content=\"2022-08-19T18:45:18+00:00\" \/>\n<meta property=\"og:image\" content=\"https:\/\/redenoticiaz.com.br\/ribeiraopreto-regiao\/wp-content\/uploads\/sites\/4\/2022\/08\/we.png\" \/>\n\t<meta property=\"og:image:width\" content=\"940\" \/>\n\t<meta property=\"og:image:height\" content=\"788\" \/>\n\t<meta property=\"og:image:type\" content=\"image\/png\" \/>\n<meta name=\"twitter:card\" content=\"summary_large_image\" \/>\n<meta name=\"twitter:creator\" content=\"@RN_barretos\" \/>\n<meta name=\"twitter:site\" content=\"@RN_barretos\" \/>\n<meta name=\"twitter:label1\" content=\"Escrito por\" \/>\n\t<meta name=\"twitter:data1\" content=\"\" \/>\n\t<meta name=\"twitter:label2\" content=\"Est. tempo de leitura\" \/>\n\t<meta name=\"twitter:data2\" content=\"2 minutos\" \/>\n<script type=\"application\/ld+json\" class=\"yoast-schema-graph\">{\"@context\":\"https:\\\/\\\/schema.org\",\"@graph\":[{\"@type\":\"Article\",\"@id\":\"https:\\\/\\\/redenoticiaz.com.br\\\/ribeiraopreto-regiao\\\/sp\\\/2022\\\/08\\\/19\\\/prefeitura-e-sebrae-oferecem-cursos-gratuitos#article\",\"isPartOf\":{\"@id\":\"https:\\\/\\\/redenoticiaz.com.br\\\/ribeiraopreto-regiao\\\/sp\\\/2022\\\/08\\\/19\\\/prefeitura-e-sebrae-oferecem-cursos-gratuitos\"},\"author\":{\"name\":\"\",\"@id\":\"\"},\"headline\":\"Prefeitura e Sebrae oferecem cursos gratuitos\",\"datePublished\":\"2022-08-19T18:45:18+00:00\",\"mainEntityOfPage\":{\"@id\":\"https:\\\/\\\/redenoticiaz.com.br\\\/ribeiraopreto-regiao\\\/sp\\\/2022\\\/08\\\/19\\\/prefeitura-e-sebrae-oferecem-cursos-gratuitos\"},\"wordCount\":274,\"commentCount\":0,\"publisher\":{\"@id\":\"https:\\\/\\\/redenoticiaz.com.br\\\/ribeiraopreto-regiao\\\/#organization\"},\"image\":{\"@id\":\"https:\\\/\\\/redenoticiaz.com.br\\\/ribeiraopreto-regiao\\\/sp\\\/2022\\\/08\\\/19\\\/prefeitura-e-sebrae-oferecem-cursos-gratuitos#primaryimage\"},\"thumbnailUrl\":\"https:\\\/\\\/redenoticiaz.com.br\\\/ribeiraopreto-regiao\\\/wp-content\\\/uploads\\\/sites\\\/4\\\/2022\\\/08\\\/we.png\",\"keywords\":[\"AULAS\",\"Cursos\",\"GRATUITOS\",\"HAMBURGUER ARTESANAL\",\"SEBRAE\"],\"articleSection\":[\"Educa\u00e7\u00e3o\"],\"inLanguage\":\"pt-BR\",\"potentialAction\":[{\"@type\":\"CommentAction\",\"name\":\"Comment\",\"target\":[\"https:\\\/\\\/redenoticiaz.com.br\\\/ribeiraopreto-regiao\\\/sp\\\/2022\\\/08\\\/19\\\/prefeitura-e-sebrae-oferecem-cursos-gratuitos#respond\"]}]},{\"@type\":\"WebPage\",\"@id\":\"https:\\\/\\\/redenoticiaz.com.br\\\/ribeiraopreto-regiao\\\/sp\\\/2022\\\/08\\\/19\\\/prefeitura-e-sebrae-oferecem-cursos-gratuitos\",\"url\":\"https:\\\/\\\/redenoticiaz.com.br\\\/ribeiraopreto-regiao\\\/sp\\\/2022\\\/08\\\/19\\\/prefeitura-e-sebrae-oferecem-cursos-gratuitos\",\"name\":\"Prefeitura e Sebrae oferecem cursos gratuitos - Ribeir\u00e3o Preto e Regi\u00e3o\",\"isPartOf\":{\"@id\":\"https:\\\/\\\/redenoticiaz.com.br\\\/ribeiraopreto-regiao\\\/#website\"},\"primaryImageOfPage\":{\"@id\":\"https:\\\/\\\/redenoticiaz.com.br\\\/ribeiraopreto-regiao\\\/sp\\\/2022\\\/08\\\/19\\\/prefeitura-e-sebrae-oferecem-cursos-gratuitos#primaryimage\"},\"image\":{\"@id\":\"https:\\\/\\\/redenoticiaz.com.br\\\/ribeiraopreto-regiao\\\/sp\\\/2022\\\/08\\\/19\\\/prefeitura-e-sebrae-oferecem-cursos-gratuitos#primaryimage\"},\"thumbnailUrl\":\"https:\\\/\\\/redenoticiaz.com.br\\\/ribeiraopreto-regiao\\\/wp-content\\\/uploads\\\/sites\\\/4\\\/2022\\\/08\\\/we.png\",\"datePublished\":\"2022-08-19T18:45:18+00:00\",\"description\":\"Barretos, em parceria com o Servi\u00e7o Brasileiro de Apoio as, Micro e Pequenas Empresas (Sebrae), est\u00e1 com inscri\u00e7\u00f5es abertas para os cursos gratuitos\",\"inLanguage\":\"pt-BR\",\"potentialAction\":[{\"@type\":\"ReadAction\",\"target\":[\"https:\\\/\\\/redenoticiaz.com.br\\\/ribeiraopreto-regiao\\\/sp\\\/2022\\\/08\\\/19\\\/prefeitura-e-sebrae-oferecem-cursos-gratuitos\"]}]},{\"@type\":\"ImageObject\",\"inLanguage\":\"pt-BR\",\"@id\":\"https:\\\/\\\/redenoticiaz.com.br\\\/ribeiraopreto-regiao\\\/sp\\\/2022\\\/08\\\/19\\\/prefeitura-e-sebrae-oferecem-cursos-gratuitos#primaryimage\",\"url\":\"https:\\\/\\\/redenoticiaz.com.br\\\/ribeiraopreto-regiao\\\/wp-content\\\/uploads\\\/sites\\\/4\\\/2022\\\/08\\\/we.png\",\"contentUrl\":\"https:\\\/\\\/redenoticiaz.com.br\\\/ribeiraopreto-regiao\\\/wp-content\\\/uploads\\\/sites\\\/4\\\/2022\\\/08\\\/we.png\",\"width\":940,\"height\":788,\"caption\":\"Curso gratuito Sebrae. Cr\u00e9dito: Reprodu\u00e7\u00e3o\"},{\"@type\":\"WebSite\",\"@id\":\"https:\\\/\\\/redenoticiaz.com.br\\\/ribeiraopreto-regiao\\\/#website\",\"url\":\"https:\\\/\\\/redenoticiaz.com.br\\\/ribeiraopreto-regiao\\\/\",\"name\":\"Ribeir\u00e3o Preto e Regi\u00e3o\",\"description\":\"Rede NoticiaZ - Ribeir\u00e3o Preto e regi\u00e3o\",\"publisher\":{\"@id\":\"https:\\\/\\\/redenoticiaz.com.br\\\/ribeiraopreto-regiao\\\/#organization\"},\"potentialAction\":[{\"@type\":\"SearchAction\",\"target\":{\"@type\":\"EntryPoint\",\"urlTemplate\":\"https:\\\/\\\/redenoticiaz.com.br\\\/ribeiraopreto-regiao\\\/?s={search_term_string}\"},\"query-input\":{\"@type\":\"PropertyValueSpecification\",\"valueRequired\":true,\"valueName\":\"search_term_string\"}}],\"inLanguage\":\"pt-BR\"},{\"@type\":\"Organization\",\"@id\":\"https:\\\/\\\/redenoticiaz.com.br\\\/ribeiraopreto-regiao\\\/#organization\",\"name\":\"Ribeir\u00e3o Preto e Regi\u00e3o\",\"url\":\"https:\\\/\\\/redenoticiaz.com.br\\\/ribeiraopreto-regiao\\\/\",\"logo\":{\"@type\":\"ImageObject\",\"inLanguage\":\"pt-BR\",\"@id\":\"https:\\\/\\\/redenoticiaz.com.br\\\/ribeiraopreto-regiao\\\/#\\\/schema\\\/logo\\\/image\\\/\",\"url\":\"https:\\\/\\\/redenoticiaz.com.br\\\/barretos-regiao\\\/wp-content\\\/uploads\\\/sites\\\/4\\\/2022\\\/02\\\/logo.jpg\",\"contentUrl\":\"https:\\\/\\\/redenoticiaz.com.br\\\/barretos-regiao\\\/wp-content\\\/uploads\\\/sites\\\/4\\\/2022\\\/02\\\/logo.jpg\",\"width\":400,\"height\":250,\"caption\":\"Ribeir\u00e3o Preto e Regi\u00e3o\"},\"image\":{\"@id\":\"https:\\\/\\\/redenoticiaz.com.br\\\/ribeiraopreto-regiao\\\/#\\\/schema\\\/logo\\\/image\\\/\"},\"sameAs\":[\"https:\\\/\\\/m.facebook.com\\\/redenoticiaz.barretos\",\"https:\\\/\\\/x.com\\\/RN_barretos\",\"https:\\\/\\\/www.instagram.com\\\/redenoticiaz.barretos\\\/?igshid=YmMyMTA2M2Y\",\"https:\\\/\\\/www.linkedin.com\\\/company\\\/rede-noticiaz-barretos-e-regio\\\/\"]},{\"@type\":\"Person\",\"@id\":\"\",\"url\":\"https:\\\/\\\/redenoticiaz.com.br\\\/ribeiraopreto-regiao\\\/sp\\\/author\"}]}<\/script>\n<!-- \/ Yoast SEO plugin. -->","yoast_head_json":{"title":"Prefeitura e Sebrae oferecem cursos gratuitos - Ribeir\u00e3o Preto e Regi\u00e3o","description":"Barretos, em parceria com o Servi\u00e7o Brasileiro de Apoio as, Micro e Pequenas Empresas (Sebrae), est\u00e1 com inscri\u00e7\u00f5es abertas para os cursos gratuitos","robots":{"index":"index","follow":"follow","max-snippet":"max-snippet:-1","max-image-preview":"max-image-preview:large","max-video-preview":"max-video-preview:-1"},"canonical":"https:\/\/redenoticiaz.com.br\/ribeiraopreto-regiao\/sp\/2022\/08\/19\/prefeitura-e-sebrae-oferecem-cursos-gratuitos","og_locale":"pt_BR","og_type":"article","og_title":"Prefeitura e Sebrae oferecem cursos gratuitos - Ribeir\u00e3o Preto e Regi\u00e3o","og_description":"Barretos, em parceria com o Servi\u00e7o Brasileiro de Apoio as, Micro e Pequenas Empresas (Sebrae), est\u00e1 com inscri\u00e7\u00f5es abertas para os cursos gratuitos","og_url":"https:\/\/redenoticiaz.com.br\/ribeiraopreto-regiao\/sp\/2022\/08\/19\/prefeitura-e-sebrae-oferecem-cursos-gratuitos","og_site_name":"Ribeir\u00e3o Preto e Regi\u00e3o","article_publisher":"https:\/\/m.facebook.com\/redenoticiaz.barretos","article_published_time":"2022-08-19T18:45:18+00:00","og_image":[{"width":940,"height":788,"url":"https:\/\/redenoticiaz.com.br\/ribeiraopreto-regiao\/wp-content\/uploads\/sites\/4\/2022\/08\/we.png","type":"image\/png"}],"twitter_card":"summary_large_image","twitter_creator":"@RN_barretos","twitter_site":"@RN_barretos","twitter_misc":{"Escrito por":"","Est. tempo de leitura":"2 minutos"},"schema":{"@context":"https:\/\/schema.org","@graph":[{"@type":"Article","@id":"https:\/\/redenoticiaz.com.br\/ribeiraopreto-regiao\/sp\/2022\/08\/19\/prefeitura-e-sebrae-oferecem-cursos-gratuitos#article","isPartOf":{"@id":"https:\/\/redenoticiaz.com.br\/ribeiraopreto-regiao\/sp\/2022\/08\/19\/prefeitura-e-sebrae-oferecem-cursos-gratuitos"},"author":{"name":"","@id":""},"headline":"Prefeitura e Sebrae oferecem cursos gratuitos","datePublished":"2022-08-19T18:45:18+00:00","mainEntityOfPage":{"@id":"https:\/\/redenoticiaz.com.br\/ribeiraopreto-regiao\/sp\/2022\/08\/19\/prefeitura-e-sebrae-oferecem-cursos-gratuitos"},"wordCount":274,"commentCount":0,"publisher":{"@id":"https:\/\/redenoticiaz.com.br\/ribeiraopreto-regiao\/#organization"},"image":{"@id":"https:\/\/redenoticiaz.com.br\/ribeiraopreto-regiao\/sp\/2022\/08\/19\/prefeitura-e-sebrae-oferecem-cursos-gratuitos#primaryimage"},"thumbnailUrl":"https:\/\/redenoticiaz.com.br\/ribeiraopreto-regiao\/wp-content\/uploads\/sites\/4\/2022\/08\/we.png","keywords":["AULAS","Cursos","GRATUITOS","HAMBURGUER ARTESANAL","SEBRAE"],"articleSection":["Educa\u00e7\u00e3o"],"inLanguage":"pt-BR","potentialAction":[{"@type":"CommentAction","name":"Comment","target":["https:\/\/redenoticiaz.com.br\/ribeiraopreto-regiao\/sp\/2022\/08\/19\/prefeitura-e-sebrae-oferecem-cursos-gratuitos#respond"]}]},{"@type":"WebPage","@id":"https:\/\/redenoticiaz.com.br\/ribeiraopreto-regiao\/sp\/2022\/08\/19\/prefeitura-e-sebrae-oferecem-cursos-gratuitos","url":"https:\/\/redenoticiaz.com.br\/ribeiraopreto-regiao\/sp\/2022\/08\/19\/prefeitura-e-sebrae-oferecem-cursos-gratuitos","name":"Prefeitura e Sebrae oferecem cursos gratuitos - Ribeir\u00e3o Preto e Regi\u00e3o","isPartOf":{"@id":"https:\/\/redenoticiaz.com.br\/ribeiraopreto-regiao\/#website"},"primaryImageOfPage":{"@id":"https:\/\/redenoticiaz.com.br\/ribeiraopreto-regiao\/sp\/2022\/08\/19\/prefeitura-e-sebrae-oferecem-cursos-gratuitos#primaryimage"},"image":{"@id":"https:\/\/redenoticiaz.com.br\/ribeiraopreto-regiao\/sp\/2022\/08\/19\/prefeitura-e-sebrae-oferecem-cursos-gratuitos#primaryimage"},"thumbnailUrl":"https:\/\/redenoticiaz.com.br\/ribeiraopreto-regiao\/wp-content\/uploads\/sites\/4\/2022\/08\/we.png","datePublished":"2022-08-19T18:45:18+00:00","description":"Barretos, em parceria com o Servi\u00e7o Brasileiro de Apoio as, Micro e Pequenas Empresas (Sebrae), est\u00e1 com inscri\u00e7\u00f5es abertas para os cursos gratuitos","inLanguage":"pt-BR","potentialAction":[{"@type":"ReadAction","target":["https:\/\/redenoticiaz.com.br\/ribeiraopreto-regiao\/sp\/2022\/08\/19\/prefeitura-e-sebrae-oferecem-cursos-gratuitos"]}]},{"@type":"ImageObject","inLanguage":"pt-BR","@id":"https:\/\/redenoticiaz.com.br\/ribeiraopreto-regiao\/sp\/2022\/08\/19\/prefeitura-e-sebrae-oferecem-cursos-gratuitos#primaryimage","url":"https:\/\/redenoticiaz.com.br\/ribeiraopreto-regiao\/wp-content\/uploads\/sites\/4\/2022\/08\/we.png","contentUrl":"https:\/\/redenoticiaz.com.br\/ribeiraopreto-regiao\/wp-content\/uploads\/sites\/4\/2022\/08\/we.png","width":940,"height":788,"caption":"Curso gratuito Sebrae. Cr\u00e9dito: Reprodu\u00e7\u00e3o"},{"@type":"WebSite","@id":"https:\/\/redenoticiaz.com.br\/ribeiraopreto-regiao\/#website","url":"https:\/\/redenoticiaz.com.br\/ribeiraopreto-regiao\/","name":"Ribeir\u00e3o Preto e Regi\u00e3o","description":"Rede NoticiaZ - Ribeir\u00e3o Preto e regi\u00e3o","publisher":{"@id":"https:\/\/redenoticiaz.com.br\/ribeiraopreto-regiao\/#organization"},"potentialAction":[{"@type":"SearchAction","target":{"@type":"EntryPoint","urlTemplate":"https:\/\/redenoticiaz.com.br\/ribeiraopreto-regiao\/?s={search_term_string}"},"query-input":{"@type":"PropertyValueSpecification","valueRequired":true,"valueName":"search_term_string"}}],"inLanguage":"pt-BR"},{"@type":"Organization","@id":"https:\/\/redenoticiaz.com.br\/ribeiraopreto-regiao\/#organization","name":"Ribeir\u00e3o Preto e Regi\u00e3o","url":"https:\/\/redenoticiaz.com.br\/ribeiraopreto-regiao\/","logo":{"@type":"ImageObject","inLanguage":"pt-BR","@id":"https:\/\/redenoticiaz.com.br\/ribeiraopreto-regiao\/#\/schema\/logo\/image\/","url":"https:\/\/redenoticiaz.com.br\/barretos-regiao\/wp-content\/uploads\/sites\/4\/2022\/02\/logo.jpg","contentUrl":"https:\/\/redenoticiaz.com.br\/barretos-regiao\/wp-content\/uploads\/sites\/4\/2022\/02\/logo.jpg","width":400,"height":250,"caption":"Ribeir\u00e3o Preto e Regi\u00e3o"},"image":{"@id":"https:\/\/redenoticiaz.com.br\/ribeiraopreto-regiao\/#\/schema\/logo\/image\/"},"sameAs":["https:\/\/m.facebook.com\/redenoticiaz.barretos","https:\/\/x.com\/RN_barretos","https:\/\/www.instagram.com\/redenoticiaz.barretos\/?igshid=YmMyMTA2M2Y","https:\/\/www.linkedin.com\/company\/rede-noticiaz-barretos-e-regio\/"]},{"@type":"Person","@id":"","url":"https:\/\/redenoticiaz.com.br\/ribeiraopreto-regiao\/sp\/author"}]}},"_links":{"self":[{"href":"https:\/\/redenoticiaz.com.br\/ribeiraopreto-regiao\/wp-json\/wp\/v2\/posts\/90419","targetHints":{"allow":["GET"]}}],"collection":[{"href":"https:\/\/redenoticiaz.com.br\/ribeiraopreto-regiao\/wp-json\/wp\/v2\/posts"}],"about":[{"href":"https:\/\/redenoticiaz.com.br\/ribeiraopreto-regiao\/wp-json\/wp\/v2\/types\/post"}],"author":[{"embeddable":true,"href":"https:\/\/redenoticiaz.com.br\/ribeiraopreto-regiao\/wp-json\/wp\/v2\/users\/15"}],"replies":[{"embeddable":true,"href":"https:\/\/redenoticiaz.com.br\/ribeiraopreto-regiao\/wp-json\/wp\/v2\/comments?post=90419"}],"version-history":[{"count":1,"href":"https:\/\/redenoticiaz.com.br\/ribeiraopreto-regiao\/wp-json\/wp\/v2\/posts\/90419\/revisions"}],"predecessor-version":[{"id":90422,"href":"https:\/\/redenoticiaz.com.br\/ribeiraopreto-regiao\/wp-json\/wp\/v2\/posts\/90419\/revisions\/90422"}],"wp:featuredmedia":[{"embeddable":true,"href":"https:\/\/redenoticiaz.com.br\/ribeiraopreto-regiao\/wp-json\/wp\/v2\/media\/90421"}],"wp:attachment":[{"href":"https:\/\/redenoticiaz.com.br\/ribeiraopreto-regiao\/wp-json\/wp\/v2\/media?parent=90419"}],"wp:term":[{"taxonomy":"category","embeddable":true,"href":"https:\/\/redenoticiaz.com.br\/ribeiraopreto-regiao\/wp-json\/wp\/v2\/categories?post=90419"},{"taxonomy":"post_tag","embeddable":true,"href":"https:\/\/redenoticiaz.com.br\/ribeiraopreto-regiao\/wp-json\/wp\/v2\/tags?post=90419"}],"curies":[{"name":"wp","href":"https:\/\/api.w.org\/{rel}","templated":true}]}}