{"id":90499,"date":"2022-08-27T07:00:52","date_gmt":"2022-08-27T10:00:52","guid":{"rendered":"https:\/\/redenoticiaz.com.br\/barretos-regiao\/?p=90499"},"modified":"2022-08-22T17:51:46","modified_gmt":"2022-08-22T20:51:46","slug":"veja-as-estreias-empolgantes-da-disney-em-setembro","status":"publish","type":"post","link":"https:\/\/redenoticiaz.com.br\/ribeiraopreto-regiao\/sp\/2022\/08\/27\/veja-as-estreias-empolgantes-da-disney-em-setembro","title":{"rendered":"Veja as estreias empolgantes da Disney em setembro"},"content":{"rendered":"<p class=\"v1MsoNormal\">O Disney+ Day proporcionar\u00e1 ainda mais entretenimento para os assinantes, trazendo mais conte\u00fados com estreia mundial no dia 8 de setembro, al\u00e9m das comemora\u00e7\u00f5es nas \u00e1reas de Parques, Experi\u00eancias e Produtos. Os novos t\u00edtulos incluem &#8220;<b>Thor: Amor e Trov\u00e3o&#8221;<\/b>, &#8220;<b>Marvel Studios Avante: Os Bastidores de Thor: Amor e Trov\u00e3o&#8221;<\/b>, &#8220;<b>Obi-Wan Kenobi: O Retorno do Jedi&#8221;<\/b>, a nova s\u00e9rie original latino-americana<i>\u00a0&#8220;<\/i><b>Terra Inc\u00f3gnita&#8221;<\/b>, as vers\u00f5es sing-along de &#8220;<b>Frozen \u2013 Uma Aventura Congelante&#8221;<\/b><i>\u00a0<\/i>e &#8220;<b>Frozen 2&#8243;<\/b>, e<b>\u00a0&#8220;Bem-Vindos ao Clube&#8221;<\/b>, um novo curta de\u00a0<i>Os Simpsons<\/i>.<\/p>\n<h4 class=\"v1MsoNormal\">\u00a0\u00a0<b>Estreias de conte\u00fado do Disney+ Day:<\/b><\/h4>\n<p class=\"v1MsoNormal\">A programa\u00e7\u00e3o do\u00a0<b>Disney+ Day<\/b>\u00a0contar\u00e1 com aguardadas estreias mundiais da Disney, Pixar, Marvel, Star Wars, National Geographic, Os Simpsons e muito mais:<\/p>\n<p><iframe loading=\"lazy\" title=\"Disney+ Day | Teaser Oficial\" width=\"500\" height=\"281\" src=\"https:\/\/www.youtube.com\/embed\/LijXkzFK2gE?feature=oembed\" frameborder=\"0\" allow=\"accelerometer; autoplay; clipboard-write; encrypted-media; gyroscope; picture-in-picture; web-share\" referrerpolicy=\"strict-origin-when-cross-origin\" allowfullscreen><\/iframe><\/p>\n<p class=\"v1MsoNormal\"><b><i>Thor: Amor e Trov\u00e3o \u00a0<\/i><\/b><i><\/i><\/p>\n<p class=\"v1MsoNormal\"><b><i>Thor: Amor e Trov\u00e3o<\/i><\/b><b>\u00a0<\/b>da Marvel Studios traz o Deus do Trov\u00e3o (Chris Hemsworth) em uma jornada de autodescoberta, diferente de tudo que ele j\u00e1 enfrentou. Mas seus esfor\u00e7os s\u00e3o interrompidos por um assassino gal\u00e1ctico conhecido como Gorr, o Carniceiro dos Deuses (Christian Bale), que busca a extin\u00e7\u00e3o dos deuses. Para combater esta amea\u00e7a, Thor pede a ajuda da Rei Valqu\u00edria (Tessa Thompson), Korg (Taika Waititi) e da ex-namorada Jane Foster (Natalie Portman), que, para a surpresa de Thor, inexplicavelmente empunha seu m\u00e1gico martelo, Mjolnir, como a Poderosa Thor. Juntos, eles embarcam em uma angustiante aventura c\u00f3smica para descobrir o mist\u00e9rio da vingan\u00e7a do Carniceiro dos Deuses e det\u00ea-lo antes que seja tarde demais.<\/p>\n<p class=\"v1MsoNormal\"><b><i>Thor: Amor e Trov\u00e3o<\/i><\/b>\u00a0se junta a outros 15 filmes do Universo Cinematogr\u00e1fico Marvel j\u00e1 dispon\u00edveis no Disney+ em IMAX Enhanced*. Com o IMAX Enhanced, os assinantes podem desfrutar, do conforto de sua casa, at\u00e9 26% a mais da imagem original para uma experi\u00eancia de visualiza\u00e7\u00e3o imersiva<\/p>\n<p class=\"v1MsoNormal\">Mais informa\u00e7\u00f5es a respeito do IMAX Enhanced no Disney+ est\u00e3o dispon\u00edveis\u00a0<a href=\"https:\/\/help.disneyplus.com\/csp?id=csp_article_content&amp;article=imax-enhanced\" target=\"_blank\" rel=\"noopener noreferrer\">aqui<\/a>.<\/p>\n<p class=\"v1MsoNormal\"><b><i>Marvel Studios Avante: Nos Bastidores de Thor: Amor e Trov\u00e3o<\/i><\/b><b><\/b><b><\/b><\/p>\n<p class=\"v1MsoNormal\">Junte-se a Taika Waititi, Chris Hemsworth, Natalie Portman, Christian Bale e Tessa Thompson, que compartilham os segredos por tr\u00e1s da cria\u00e7\u00e3o de\u00a0<b><i>Thor: Amor e Trov\u00e3o<\/i>.<\/b>\u00a0Por meio de entrevistas detalhadas com o elenco e a equipe, al\u00e9m de imagens e filmagens in\u00e9ditas do set e muito mais,\u00a0<i>Avante<\/i>\u00a0revela os bastidores do quarto filme do Deus do Trov\u00e3o.<\/p>\n<p class=\"v1MsoNormal\"><b><i>Obi-Wan Kenobi: O Retorno do Jedi<\/i><\/b><b><i><\/i><\/b><\/p>\n<p class=\"v1MsoNormal\">Com cenas de bastidores nunca vistas, hist\u00f3rias pessoais e momentos significativos,\u00a0<b><i>Obi-Wan Kenobi: O Retorno de Jedi<\/i><\/b>\u00a0mostra a produ\u00e7\u00e3o da s\u00e9rie original da Lucasfilm para o Disney+, Obi-Wan Kenobi, uma hist\u00f3ria \u00e9pica que come\u00e7a 10 anos ap\u00f3s os dram\u00e1ticos eventos de Star Wars: A Vingan\u00e7a dos Sith. Este document\u00e1rio perspicaz da Lucasfilm e Supper Club explora o retorno de Obi-Wan Kenobi e Anakin Skywalker \u00e0 tela \u2013 e Ewan McGregor e Hayden Christensen aos seus respectivos pap\u00e9is cl\u00e1ssicos. A diretora Deborah Chow, elenco e equipe refletem sobre sua jornada para contar uma nova hist\u00f3ria com os personagens ic\u00f4nicos de Star Wars, enquanto introduzem novos her\u00f3is e vil\u00f5es na saga ao longo do caminho. Completo com visitas \u00e0 \u00e1rea de criaturas, departamento de adere\u00e7os e muito mais,\u00a0<b><i>Obi-Wan Kenobi: O Retorno de Jedi<\/i><\/b>\u00a0apresenta o lado do cinema que torna Star Wars t\u00e3o \u00fanico \u2013 o respeito e a paix\u00e3o pelo legado de gera\u00e7\u00e3o e pelos amados personagens.<\/p>\n<p><span lang=\"EN-US\">\u00a0<\/span><\/p>\n<p class=\"v1MsoNormal\"><b><i>Terra Inc\u00f3gnita\u00a0<\/i><\/b><b>(S\u00e9rie Original latino-americana)<\/b><\/p>\n<p class=\"v1MsoNormal\"><b><i>Terra Inc\u00f3gnita<\/i><\/b><b>\u00a0<\/b>acompanha Eric Dalaras (Pedro Maurizi), um adolescente que descobre um mundo assustador ao procurar a verdade por tr\u00e1s do misterioso desaparecimento de seus pais, h\u00e1 oito anos. Criado por seus av\u00f3s maternos ao lado de sua irm\u00e3 Uma (Mora Fisz), Eric decide fugir de casa e voltar para sua cidade de inf\u00e2ncia, Cabo Qwert, para buscar por respostas onde seus pais foram vistos pela \u00faltima vez: o parque tem\u00e1tico de terror Terra Inc\u00f3gnita. Ao lado de seus amigos, sua irm\u00e3 e sua tia, Eric deve superar seus medos para encontrar respostas e resolver o mist\u00e9rio em um mundo sombrio e desconhecido.<\/p>\n<p class=\"v1MsoNormal\"><b>Sing-Along de\u00a0<i>Frozen \u2013 Uma Aventura Congelante\u00a0<\/i>e\u00a0<i>Frozen 2<\/i><\/b><\/p>\n<p class=\"v1MsoNormal\">O Disney+ lan\u00e7ar\u00e1 novas vers\u00f5es sing-along de\u00a0<b><i>Frozen \u2013 Uma Aventura Congelante<\/i><\/b>\u00a0e\u00a0<b><i>Frozen<\/i>\u00a0<i>2<\/i><\/b>\u00a0do Walt Disney Animation Studios. Ao assistirem \u00e0 vers\u00e3o sing-along, os assinantes poder\u00e3o mergulhar a fundo nas m\u00fasicas com as letras exibidas na tela.<\/p>\n<p class=\"v1MsoNormal\"><b><i>Bem-Vindos ao Clube<\/i><\/b><i><\/i><\/p>\n<p class=\"v1MsoNormal\">Al\u00e9m disso, os assinantes do Combo+, oferta comercial que d\u00e1 acesso ao Disney+ e Star+ por um pre\u00e7o \u00fanico na Am\u00e9rica Latina, poder\u00e3o desfrutar\u00a0<b>de Bem-Vindos ao Clube<\/b>, novo curta de Os Simpsons que estreia no Disney+ e Star+ na Am\u00e9rica Latina.<\/p>\n<p class=\"v1MsoNormal\">Em<b>\u00a0Bem-Vindos ao Clube<\/b>, Lisa Simpson, determinada a se tornar uma princesa, fica chocada ao perceber que ser m\u00e1 poderia ser mais divertido.<\/p>\n<p class=\"v1MsoNormal\"><b><u>Os t\u00edtulos anunciados anteriormente que estrear\u00e3o no Disney+ Day incluem:<\/u><\/b><\/p>\n<p class=\"v1MsoNormal\"><b><u>\u00a0<\/u><\/b><\/p>\n<p class=\"v1MsoNormal\"><b><i>Pin\u00f3quio<\/i><\/b><\/p>\n<p class=\"v1MsoNormal\">O vencedor do Oscar<sup>\u00ae<\/sup>\u00a0Robert Zemeckis dirige esta releitura em live-action da amada hist\u00f3ria do boneco de madeira que embarca em uma emocionante aventura para se tornar um menino de verdade. Tom Hanks estrela como Gepeto, o entalhador que constr\u00f3i e cuida de Pin\u00f3quio (Benjamin Evan Ainsworth) como se ele fosse seu pr\u00f3prio filho. Joseph Gordon-Levitt \u00e9 o Grilo Falante, que serve como guia de Pin\u00f3quio, bem como sua &#8220;consci\u00eancia&#8221;; a indicada ao Oscar<sup>\u00ae<\/sup>\u00a0Cynthia Erivo \u00e9 a Fada Azul; Keegan-Michael Key \u00e9 Jo\u00e3o Honesto; a indicada ao Oscar<sup>\u00ae<\/sup>\u00a0Lorraine Bracco \u00e9 Sofia, a Gaivota, uma nova personagem, e Luke Evans \u00e9 o Cocheiro.<\/p>\n<p class=\"v1MsoNormal\"><b><i>Mulher-Hulk: Defensora de Her\u00f3is<\/i><\/b><b>\u00a0(Novos epis\u00f3dios)<\/b><\/p>\n<p class=\"v1MsoNormal\">Em\u00a0<b><i>Mulher-Hulk: Defensora de Her\u00f3is<\/i>\u00a0<\/b>da Marvel Studios, Jennifer Walters (Tatiana Maslany), uma advogada especializada em casos envolvendo super-humanos, deve lidar com a complicada vida de uma mulher solteira de trinta e poucos anos que por acaso \u00e9 uma hulk superpoderosa de dois metros. A s\u00e9rie de com\u00e9dia de nove epis\u00f3dios recebe diversos veteranos no Universo Cinematogr\u00e1fico Marvel, incluindo Mark Ruffalo como Bruce Banner, Tim Roth como Emil Blonsky\/Abomin\u00e1vel e Benedict Wong como Wong, assim como Ginger Gonzaga, Josh Segarra, Jameela Jamil, Jon Bass e Ren\u00e9e Elise Goldsberry. A s\u00e9rie tem dire\u00e7\u00e3o de Kat Coiro (Epis\u00f3dios 1, 2, 3, 4, 8, 9) e Anu Valia (Epis\u00f3dios 5, 6, 7) com Jessica Gao como a roteirista principal. Os produtores executivos s\u00e3o Kevin Feige, Louis D&#8217;Esposito, Victoria Alonso, Brad Winderbaum, Kar Coiro e Jessica Gao.<\/p>\n<p class=\"v1MsoNormal\"><b><i>Carros na Estrada<\/i><\/b><\/p>\n<p class=\"v1MsoNormal\">A s\u00e9rie acompanha Rel\u00e2mpago McQueen (voz original em ingl\u00eas de Owen Wilson) e seu melhor amigo Mate (voz original em ingl\u00eas de Larry the Cable Guy) em uma viagem partindo de Radiator Springs em dire\u00e7\u00e3o ao leste para encontrar a irm\u00e3 de Mate. Ao longo do caminho, cada parada \u00e9 uma grande aventura, com incr\u00edveis atra\u00e7\u00f5es \u00e0 beira da estrada e novos e divertidos personagens.\u00a0<b><i>Carros na Estrada<\/i>\u00a0<\/b>\u00e9 produzida por Marc Sondheimer. A s\u00e9rie tem como diretores Steve Purcell (Epis\u00f3dios 1, 2, 8), Bobby Podesta (Epis\u00f3dios 5, 6, 9) e Brian Fee (Epis\u00f3dios 3, 4, 7). O compositor Jake Monaco criou a trilha sonora para todos os nove epis\u00f3dios.<\/p>\n<p><b><i><span lang=\"EN-US\">Crescendo<\/span><\/i><\/b><\/p>\n<p class=\"v1MsoNormal\">Criado por Brie Larson e Culture.House,\u00a0<b><i>Crescendo<\/i><\/b>\u00a0\u00e9 uma s\u00e9rie documental h\u00edbrida e inovadora que explora os desafios, triunfos e complexidades da adolesc\u00eancia por meio de dez hist\u00f3rias de amadurecimento. Da Disney Branded Television, a s\u00e9rie usa cinema narrativo, experimental e documental para seguir um indiv\u00edduo escalado, com idades entre 18 e 22 anos, enquanto eles contam sua hist\u00f3ria. Eles representam uma ampla gama de experi\u00eancias vividas, dando ao p\u00fablico narrativas emocionalmente poderosas que oferecem um olhar envolvente sobre a adolesc\u00eancia e os diversos obst\u00e1culos sociais, familiares e internos que os jovens enfrentam em seu caminho para a autodescoberta e a aceita\u00e7\u00e3o. Cada epis\u00f3dio de 30 minutos apresenta um jovem, ou &#8220;her\u00f3i&#8221;, e sua experi\u00eancia de crescimento. Cada epis\u00f3dio \u00e9 ancorado por uma entrevista profundamente pessoal que permite que nossos her\u00f3is nos acompanhem por sua inf\u00e2ncia e adolesc\u00eancia. Juntamente com essas entrevistas e reconstitui\u00e7\u00f5es cinematogr\u00e1ficas criativas que ajudam a dar vida aos principais pontos de inflex\u00e3o.<\/p>\n<p class=\"v1MsoNormal\"><b><i>As Aventuras de Bertie Gregory<\/i><\/b><\/p>\n<p class=\"v1MsoNormal\">O rosto de uma nova gera\u00e7\u00e3o de aspirantes a aventureiros e cineastas de hist\u00f3ria natural, Bertie Gregory, um explorador de 29 anos do National Geographic, leva os espectadores em jornadas \u00e9picas, emocionantes e angustiantes que chegam nos cantos mais espetaculares e secretos do nosso mundo selvagem. Equipada com uma tecnologia cinematogr\u00e1fica de ponta, a s\u00e9rie original Disney+\u00a0<b><i>Epic Adventures with Bertie Gregory<\/i><\/b>, do National Geographic, quebra o molde do tradicional programa de hist\u00f3ria natural ao contar hist\u00f3rias extraordin\u00e1rias e reais de animais, levando os espectadores consigo durante toda a a\u00e7\u00e3o.<\/p>\n<h4 class=\"v1MsoNormal\"><b><u>Parque Tem\u00e1ticos, Experi\u00eancias e Produtos Disney celebram o Disney+ Day:<\/u><\/b><\/h4>\n<p class=\"v1paragraph\"><span class=\"v1normaltextrun\">\u00a0<\/span>A divis\u00e3o de Parque Tem\u00e1ticos, Experi\u00eancias e Produtos Disney se juntar\u00e1 a celebra\u00e7\u00e3o do\u00a0<b>Disney+<\/b>\u00a0com benef\u00edcios para os assinantes, entre eles, acesso antecipado a Walt Disney World e o Disneyland Resort, entretenimento, del\u00edcias culin\u00e1rias e muito mais.<\/p>\n<p class=\"v1MsoNormal\">No dia 8 de setembro, quem visitar os parques tem\u00e1ticos da Disney, descobrir\u00e1 novas formas de enriquecer sua experi\u00eancia com ofertas especiais e experi\u00eancias divertidas. O Walt Disney World Resort na Fl\u00f3rida e o Disneyland Resort na Calif\u00f3rnia iniciar\u00e3o as festividades com encontros com personagens inspirados no Disney+ e oportunidades para fotos. Os assinantes do Disney+ e seus acompanhantes com ingressos e reservas para parques tem\u00e1ticos, ser\u00e3o convidados a entrar na Disneyland Resort e no Walt Disney World Resort 30 minutos antes do hor\u00e1rio normal de funcionamento. Os titulares de assinaturas podem baixar fotos gratuitas do Disney PhotoPass tiradas em locais selecionados no Disney Hollywood Studios e nos parques tem\u00e1ticos da Disneyland no mesmo dia<\/p>\n<p><strong>VEJA TAMB\u00c9M:\u00a0<a href=\"https:\/\/redenoticiaz.com.br\/barretos-regiao\/sp\/2022\/08\/20\/crescendo-assista-ao-trailer-do-novo-documentario-da-disney\">Crescendo: assista ao trailer do novo document\u00e1rio da Disney<\/a><\/strong><\/p>\n","protected":false},"excerpt":{"rendered":"<p>O Disney+ Day proporcionar\u00e1 ainda mais entretenimento para os assinantes, trazendo mais conte\u00fados com estreia mundial no dia 8 de setembro, al\u00e9m das comemora\u00e7\u00f5es nas \u00e1reas de Parques, Experi\u00eancias e Produtos. Os novos t\u00edtulos incluem &#8220;Thor: Amor e Trov\u00e3o&#8221;, &#8220;Marvel Studios Avante: Os Bastidores de Thor: Amor e Trov\u00e3o&#8221;, &#8220;Obi-Wan Kenobi: O Retorno do Jedi&#8221;, &hellip;<\/p>\n","protected":false},"author":15,"featured_media":90500,"comment_status":"open","ping_status":"closed","sticky":false,"template":"","format":"standard","meta":{"footnotes":""},"categories":[134],"tags":[14970,818,19874,19875],"class_list":["post-90499","post","type-post","status-publish","format-standard","has-post-thumbnail","hentry","category-entretenimento","tag-disney","tag-estreia","tag-ofertas","tag-parques"],"yoast_head":"<!-- This site is optimized with the Yoast SEO plugin v27.4 - https:\/\/yoast.com\/product\/yoast-seo-wordpress\/ -->\n<title>Veja as estreias empolgantes da Disney em setembro - Ribeir\u00e3o Preto e Regi\u00e3o<\/title>\n<meta name=\"description\" content=\"O Disney+ Day proporcionar\u00e1 ainda mais entretenimento para os assinantes, trazendo mais conte\u00fados com estreia mundial no dia 8 de setembro\" \/>\n<meta name=\"robots\" content=\"index, follow, max-snippet:-1, max-image-preview:large, max-video-preview:-1\" \/>\n<link rel=\"canonical\" href=\"https:\/\/redenoticiaz.com.br\/ribeiraopreto-regiao\/sp\/2022\/08\/27\/veja-as-estreias-empolgantes-da-disney-em-setembro\" \/>\n<meta property=\"og:locale\" content=\"pt_BR\" \/>\n<meta property=\"og:type\" content=\"article\" \/>\n<meta property=\"og:title\" content=\"Veja as estreias empolgantes da Disney em setembro - Ribeir\u00e3o Preto e Regi\u00e3o\" \/>\n<meta property=\"og:description\" content=\"O Disney+ Day proporcionar\u00e1 ainda mais entretenimento para os assinantes, trazendo mais conte\u00fados com estreia mundial no dia 8 de setembro\" \/>\n<meta property=\"og:url\" content=\"https:\/\/redenoticiaz.com.br\/ribeiraopreto-regiao\/sp\/2022\/08\/27\/veja-as-estreias-empolgantes-da-disney-em-setembro\" \/>\n<meta property=\"og:site_name\" content=\"Ribeir\u00e3o Preto e Regi\u00e3o\" \/>\n<meta property=\"article:publisher\" content=\"https:\/\/m.facebook.com\/redenoticiaz.barretos\" \/>\n<meta property=\"article:published_time\" content=\"2022-08-27T10:00:52+00:00\" \/>\n<meta property=\"og:image\" content=\"https:\/\/redenoticiaz.com.br\/ribeiraopreto-regiao\/wp-content\/uploads\/sites\/4\/2022\/08\/SILAS_TEASER_POSTER_BRAZIL.jpg\" \/>\n\t<meta property=\"og:image:width\" content=\"770\" \/>\n\t<meta property=\"og:image:height\" content=\"713\" \/>\n\t<meta property=\"og:image:type\" content=\"image\/jpeg\" \/>\n<meta name=\"twitter:card\" content=\"summary_large_image\" \/>\n<meta name=\"twitter:creator\" content=\"@RN_barretos\" \/>\n<meta name=\"twitter:site\" content=\"@RN_barretos\" \/>\n<meta name=\"twitter:label1\" content=\"Escrito por\" \/>\n\t<meta name=\"twitter:data1\" content=\"\" \/>\n\t<meta name=\"twitter:label2\" content=\"Est. tempo de leitura\" \/>\n\t<meta name=\"twitter:data2\" content=\"9 minutos\" \/>\n<script type=\"application\/ld+json\" class=\"yoast-schema-graph\">{\"@context\":\"https:\\\/\\\/schema.org\",\"@graph\":[{\"@type\":\"Article\",\"@id\":\"https:\\\/\\\/redenoticiaz.com.br\\\/ribeiraopreto-regiao\\\/sp\\\/2022\\\/08\\\/27\\\/veja-as-estreias-empolgantes-da-disney-em-setembro#article\",\"isPartOf\":{\"@id\":\"https:\\\/\\\/redenoticiaz.com.br\\\/ribeiraopreto-regiao\\\/sp\\\/2022\\\/08\\\/27\\\/veja-as-estreias-empolgantes-da-disney-em-setembro\"},\"author\":{\"name\":\"\",\"@id\":\"\"},\"headline\":\"Veja as estreias empolgantes da Disney em setembro\",\"datePublished\":\"2022-08-27T10:00:52+00:00\",\"mainEntityOfPage\":{\"@id\":\"https:\\\/\\\/redenoticiaz.com.br\\\/ribeiraopreto-regiao\\\/sp\\\/2022\\\/08\\\/27\\\/veja-as-estreias-empolgantes-da-disney-em-setembro\"},\"wordCount\":1678,\"commentCount\":0,\"publisher\":{\"@id\":\"https:\\\/\\\/redenoticiaz.com.br\\\/ribeiraopreto-regiao\\\/#organization\"},\"image\":{\"@id\":\"https:\\\/\\\/redenoticiaz.com.br\\\/ribeiraopreto-regiao\\\/sp\\\/2022\\\/08\\\/27\\\/veja-as-estreias-empolgantes-da-disney-em-setembro#primaryimage\"},\"thumbnailUrl\":\"https:\\\/\\\/redenoticiaz.com.br\\\/ribeiraopreto-regiao\\\/wp-content\\\/uploads\\\/sites\\\/4\\\/2022\\\/08\\\/SILAS_TEASER_POSTER_BRAZIL.jpg\",\"keywords\":[\"DISNEY\",\"estr\u00e9ia\",\"OFERTAS\",\"PARQUES\"],\"articleSection\":[\"Entretenimento\"],\"inLanguage\":\"pt-BR\",\"potentialAction\":[{\"@type\":\"CommentAction\",\"name\":\"Comment\",\"target\":[\"https:\\\/\\\/redenoticiaz.com.br\\\/ribeiraopreto-regiao\\\/sp\\\/2022\\\/08\\\/27\\\/veja-as-estreias-empolgantes-da-disney-em-setembro#respond\"]}]},{\"@type\":\"WebPage\",\"@id\":\"https:\\\/\\\/redenoticiaz.com.br\\\/ribeiraopreto-regiao\\\/sp\\\/2022\\\/08\\\/27\\\/veja-as-estreias-empolgantes-da-disney-em-setembro\",\"url\":\"https:\\\/\\\/redenoticiaz.com.br\\\/ribeiraopreto-regiao\\\/sp\\\/2022\\\/08\\\/27\\\/veja-as-estreias-empolgantes-da-disney-em-setembro\",\"name\":\"Veja as estreias empolgantes da Disney em setembro - Ribeir\u00e3o Preto e Regi\u00e3o\",\"isPartOf\":{\"@id\":\"https:\\\/\\\/redenoticiaz.com.br\\\/ribeiraopreto-regiao\\\/#website\"},\"primaryImageOfPage\":{\"@id\":\"https:\\\/\\\/redenoticiaz.com.br\\\/ribeiraopreto-regiao\\\/sp\\\/2022\\\/08\\\/27\\\/veja-as-estreias-empolgantes-da-disney-em-setembro#primaryimage\"},\"image\":{\"@id\":\"https:\\\/\\\/redenoticiaz.com.br\\\/ribeiraopreto-regiao\\\/sp\\\/2022\\\/08\\\/27\\\/veja-as-estreias-empolgantes-da-disney-em-setembro#primaryimage\"},\"thumbnailUrl\":\"https:\\\/\\\/redenoticiaz.com.br\\\/ribeiraopreto-regiao\\\/wp-content\\\/uploads\\\/sites\\\/4\\\/2022\\\/08\\\/SILAS_TEASER_POSTER_BRAZIL.jpg\",\"datePublished\":\"2022-08-27T10:00:52+00:00\",\"description\":\"O Disney+ Day proporcionar\u00e1 ainda mais entretenimento para os assinantes, trazendo mais conte\u00fados com estreia mundial no dia 8 de setembro\",\"inLanguage\":\"pt-BR\",\"potentialAction\":[{\"@type\":\"ReadAction\",\"target\":[\"https:\\\/\\\/redenoticiaz.com.br\\\/ribeiraopreto-regiao\\\/sp\\\/2022\\\/08\\\/27\\\/veja-as-estreias-empolgantes-da-disney-em-setembro\"]}]},{\"@type\":\"ImageObject\",\"inLanguage\":\"pt-BR\",\"@id\":\"https:\\\/\\\/redenoticiaz.com.br\\\/ribeiraopreto-regiao\\\/sp\\\/2022\\\/08\\\/27\\\/veja-as-estreias-empolgantes-da-disney-em-setembro#primaryimage\",\"url\":\"https:\\\/\\\/redenoticiaz.com.br\\\/ribeiraopreto-regiao\\\/wp-content\\\/uploads\\\/sites\\\/4\\\/2022\\\/08\\\/SILAS_TEASER_POSTER_BRAZIL.jpg\",\"contentUrl\":\"https:\\\/\\\/redenoticiaz.com.br\\\/ribeiraopreto-regiao\\\/wp-content\\\/uploads\\\/sites\\\/4\\\/2022\\\/08\\\/SILAS_TEASER_POSTER_BRAZIL.jpg\",\"width\":770,\"height\":713,\"caption\":\"Cr\u00e9dito: Divulga\u00e7\u00e3o\"},{\"@type\":\"WebSite\",\"@id\":\"https:\\\/\\\/redenoticiaz.com.br\\\/ribeiraopreto-regiao\\\/#website\",\"url\":\"https:\\\/\\\/redenoticiaz.com.br\\\/ribeiraopreto-regiao\\\/\",\"name\":\"Ribeir\u00e3o Preto e Regi\u00e3o\",\"description\":\"Rede NoticiaZ - Ribeir\u00e3o Preto e regi\u00e3o\",\"publisher\":{\"@id\":\"https:\\\/\\\/redenoticiaz.com.br\\\/ribeiraopreto-regiao\\\/#organization\"},\"potentialAction\":[{\"@type\":\"SearchAction\",\"target\":{\"@type\":\"EntryPoint\",\"urlTemplate\":\"https:\\\/\\\/redenoticiaz.com.br\\\/ribeiraopreto-regiao\\\/?s={search_term_string}\"},\"query-input\":{\"@type\":\"PropertyValueSpecification\",\"valueRequired\":true,\"valueName\":\"search_term_string\"}}],\"inLanguage\":\"pt-BR\"},{\"@type\":\"Organization\",\"@id\":\"https:\\\/\\\/redenoticiaz.com.br\\\/ribeiraopreto-regiao\\\/#organization\",\"name\":\"Ribeir\u00e3o Preto e Regi\u00e3o\",\"url\":\"https:\\\/\\\/redenoticiaz.com.br\\\/ribeiraopreto-regiao\\\/\",\"logo\":{\"@type\":\"ImageObject\",\"inLanguage\":\"pt-BR\",\"@id\":\"https:\\\/\\\/redenoticiaz.com.br\\\/ribeiraopreto-regiao\\\/#\\\/schema\\\/logo\\\/image\\\/\",\"url\":\"https:\\\/\\\/redenoticiaz.com.br\\\/barretos-regiao\\\/wp-content\\\/uploads\\\/sites\\\/4\\\/2022\\\/02\\\/logo.jpg\",\"contentUrl\":\"https:\\\/\\\/redenoticiaz.com.br\\\/barretos-regiao\\\/wp-content\\\/uploads\\\/sites\\\/4\\\/2022\\\/02\\\/logo.jpg\",\"width\":400,\"height\":250,\"caption\":\"Ribeir\u00e3o Preto e Regi\u00e3o\"},\"image\":{\"@id\":\"https:\\\/\\\/redenoticiaz.com.br\\\/ribeiraopreto-regiao\\\/#\\\/schema\\\/logo\\\/image\\\/\"},\"sameAs\":[\"https:\\\/\\\/m.facebook.com\\\/redenoticiaz.barretos\",\"https:\\\/\\\/x.com\\\/RN_barretos\",\"https:\\\/\\\/www.instagram.com\\\/redenoticiaz.barretos\\\/?igshid=YmMyMTA2M2Y\",\"https:\\\/\\\/www.linkedin.com\\\/company\\\/rede-noticiaz-barretos-e-regio\\\/\"]},{\"@type\":\"Person\",\"@id\":\"\",\"url\":\"https:\\\/\\\/redenoticiaz.com.br\\\/ribeiraopreto-regiao\\\/sp\\\/author\"}]}<\/script>\n<!-- \/ Yoast SEO plugin. -->","yoast_head_json":{"title":"Veja as estreias empolgantes da Disney em setembro - Ribeir\u00e3o Preto e Regi\u00e3o","description":"O Disney+ Day proporcionar\u00e1 ainda mais entretenimento para os assinantes, trazendo mais conte\u00fados com estreia mundial no dia 8 de setembro","robots":{"index":"index","follow":"follow","max-snippet":"max-snippet:-1","max-image-preview":"max-image-preview:large","max-video-preview":"max-video-preview:-1"},"canonical":"https:\/\/redenoticiaz.com.br\/ribeiraopreto-regiao\/sp\/2022\/08\/27\/veja-as-estreias-empolgantes-da-disney-em-setembro","og_locale":"pt_BR","og_type":"article","og_title":"Veja as estreias empolgantes da Disney em setembro - Ribeir\u00e3o Preto e Regi\u00e3o","og_description":"O Disney+ Day proporcionar\u00e1 ainda mais entretenimento para os assinantes, trazendo mais conte\u00fados com estreia mundial no dia 8 de setembro","og_url":"https:\/\/redenoticiaz.com.br\/ribeiraopreto-regiao\/sp\/2022\/08\/27\/veja-as-estreias-empolgantes-da-disney-em-setembro","og_site_name":"Ribeir\u00e3o Preto e Regi\u00e3o","article_publisher":"https:\/\/m.facebook.com\/redenoticiaz.barretos","article_published_time":"2022-08-27T10:00:52+00:00","og_image":[{"width":770,"height":713,"url":"https:\/\/redenoticiaz.com.br\/ribeiraopreto-regiao\/wp-content\/uploads\/sites\/4\/2022\/08\/SILAS_TEASER_POSTER_BRAZIL.jpg","type":"image\/jpeg"}],"twitter_card":"summary_large_image","twitter_creator":"@RN_barretos","twitter_site":"@RN_barretos","twitter_misc":{"Escrito por":"","Est. tempo de leitura":"9 minutos"},"schema":{"@context":"https:\/\/schema.org","@graph":[{"@type":"Article","@id":"https:\/\/redenoticiaz.com.br\/ribeiraopreto-regiao\/sp\/2022\/08\/27\/veja-as-estreias-empolgantes-da-disney-em-setembro#article","isPartOf":{"@id":"https:\/\/redenoticiaz.com.br\/ribeiraopreto-regiao\/sp\/2022\/08\/27\/veja-as-estreias-empolgantes-da-disney-em-setembro"},"author":{"name":"","@id":""},"headline":"Veja as estreias empolgantes da Disney em setembro","datePublished":"2022-08-27T10:00:52+00:00","mainEntityOfPage":{"@id":"https:\/\/redenoticiaz.com.br\/ribeiraopreto-regiao\/sp\/2022\/08\/27\/veja-as-estreias-empolgantes-da-disney-em-setembro"},"wordCount":1678,"commentCount":0,"publisher":{"@id":"https:\/\/redenoticiaz.com.br\/ribeiraopreto-regiao\/#organization"},"image":{"@id":"https:\/\/redenoticiaz.com.br\/ribeiraopreto-regiao\/sp\/2022\/08\/27\/veja-as-estreias-empolgantes-da-disney-em-setembro#primaryimage"},"thumbnailUrl":"https:\/\/redenoticiaz.com.br\/ribeiraopreto-regiao\/wp-content\/uploads\/sites\/4\/2022\/08\/SILAS_TEASER_POSTER_BRAZIL.jpg","keywords":["DISNEY","estr\u00e9ia","OFERTAS","PARQUES"],"articleSection":["Entretenimento"],"inLanguage":"pt-BR","potentialAction":[{"@type":"CommentAction","name":"Comment","target":["https:\/\/redenoticiaz.com.br\/ribeiraopreto-regiao\/sp\/2022\/08\/27\/veja-as-estreias-empolgantes-da-disney-em-setembro#respond"]}]},{"@type":"WebPage","@id":"https:\/\/redenoticiaz.com.br\/ribeiraopreto-regiao\/sp\/2022\/08\/27\/veja-as-estreias-empolgantes-da-disney-em-setembro","url":"https:\/\/redenoticiaz.com.br\/ribeiraopreto-regiao\/sp\/2022\/08\/27\/veja-as-estreias-empolgantes-da-disney-em-setembro","name":"Veja as estreias empolgantes da Disney em setembro - Ribeir\u00e3o Preto e Regi\u00e3o","isPartOf":{"@id":"https:\/\/redenoticiaz.com.br\/ribeiraopreto-regiao\/#website"},"primaryImageOfPage":{"@id":"https:\/\/redenoticiaz.com.br\/ribeiraopreto-regiao\/sp\/2022\/08\/27\/veja-as-estreias-empolgantes-da-disney-em-setembro#primaryimage"},"image":{"@id":"https:\/\/redenoticiaz.com.br\/ribeiraopreto-regiao\/sp\/2022\/08\/27\/veja-as-estreias-empolgantes-da-disney-em-setembro#primaryimage"},"thumbnailUrl":"https:\/\/redenoticiaz.com.br\/ribeiraopreto-regiao\/wp-content\/uploads\/sites\/4\/2022\/08\/SILAS_TEASER_POSTER_BRAZIL.jpg","datePublished":"2022-08-27T10:00:52+00:00","description":"O Disney+ Day proporcionar\u00e1 ainda mais entretenimento para os assinantes, trazendo mais conte\u00fados com estreia mundial no dia 8 de setembro","inLanguage":"pt-BR","potentialAction":[{"@type":"ReadAction","target":["https:\/\/redenoticiaz.com.br\/ribeiraopreto-regiao\/sp\/2022\/08\/27\/veja-as-estreias-empolgantes-da-disney-em-setembro"]}]},{"@type":"ImageObject","inLanguage":"pt-BR","@id":"https:\/\/redenoticiaz.com.br\/ribeiraopreto-regiao\/sp\/2022\/08\/27\/veja-as-estreias-empolgantes-da-disney-em-setembro#primaryimage","url":"https:\/\/redenoticiaz.com.br\/ribeiraopreto-regiao\/wp-content\/uploads\/sites\/4\/2022\/08\/SILAS_TEASER_POSTER_BRAZIL.jpg","contentUrl":"https:\/\/redenoticiaz.com.br\/ribeiraopreto-regiao\/wp-content\/uploads\/sites\/4\/2022\/08\/SILAS_TEASER_POSTER_BRAZIL.jpg","width":770,"height":713,"caption":"Cr\u00e9dito: Divulga\u00e7\u00e3o"},{"@type":"WebSite","@id":"https:\/\/redenoticiaz.com.br\/ribeiraopreto-regiao\/#website","url":"https:\/\/redenoticiaz.com.br\/ribeiraopreto-regiao\/","name":"Ribeir\u00e3o Preto e Regi\u00e3o","description":"Rede NoticiaZ - Ribeir\u00e3o Preto e regi\u00e3o","publisher":{"@id":"https:\/\/redenoticiaz.com.br\/ribeiraopreto-regiao\/#organization"},"potentialAction":[{"@type":"SearchAction","target":{"@type":"EntryPoint","urlTemplate":"https:\/\/redenoticiaz.com.br\/ribeiraopreto-regiao\/?s={search_term_string}"},"query-input":{"@type":"PropertyValueSpecification","valueRequired":true,"valueName":"search_term_string"}}],"inLanguage":"pt-BR"},{"@type":"Organization","@id":"https:\/\/redenoticiaz.com.br\/ribeiraopreto-regiao\/#organization","name":"Ribeir\u00e3o Preto e Regi\u00e3o","url":"https:\/\/redenoticiaz.com.br\/ribeiraopreto-regiao\/","logo":{"@type":"ImageObject","inLanguage":"pt-BR","@id":"https:\/\/redenoticiaz.com.br\/ribeiraopreto-regiao\/#\/schema\/logo\/image\/","url":"https:\/\/redenoticiaz.com.br\/barretos-regiao\/wp-content\/uploads\/sites\/4\/2022\/02\/logo.jpg","contentUrl":"https:\/\/redenoticiaz.com.br\/barretos-regiao\/wp-content\/uploads\/sites\/4\/2022\/02\/logo.jpg","width":400,"height":250,"caption":"Ribeir\u00e3o Preto e Regi\u00e3o"},"image":{"@id":"https:\/\/redenoticiaz.com.br\/ribeiraopreto-regiao\/#\/schema\/logo\/image\/"},"sameAs":["https:\/\/m.facebook.com\/redenoticiaz.barretos","https:\/\/x.com\/RN_barretos","https:\/\/www.instagram.com\/redenoticiaz.barretos\/?igshid=YmMyMTA2M2Y","https:\/\/www.linkedin.com\/company\/rede-noticiaz-barretos-e-regio\/"]},{"@type":"Person","@id":"","url":"https:\/\/redenoticiaz.com.br\/ribeiraopreto-regiao\/sp\/author"}]}},"_links":{"self":[{"href":"https:\/\/redenoticiaz.com.br\/ribeiraopreto-regiao\/wp-json\/wp\/v2\/posts\/90499","targetHints":{"allow":["GET"]}}],"collection":[{"href":"https:\/\/redenoticiaz.com.br\/ribeiraopreto-regiao\/wp-json\/wp\/v2\/posts"}],"about":[{"href":"https:\/\/redenoticiaz.com.br\/ribeiraopreto-regiao\/wp-json\/wp\/v2\/types\/post"}],"author":[{"embeddable":true,"href":"https:\/\/redenoticiaz.com.br\/ribeiraopreto-regiao\/wp-json\/wp\/v2\/users\/15"}],"replies":[{"embeddable":true,"href":"https:\/\/redenoticiaz.com.br\/ribeiraopreto-regiao\/wp-json\/wp\/v2\/comments?post=90499"}],"version-history":[{"count":2,"href":"https:\/\/redenoticiaz.com.br\/ribeiraopreto-regiao\/wp-json\/wp\/v2\/posts\/90499\/revisions"}],"predecessor-version":[{"id":90504,"href":"https:\/\/redenoticiaz.com.br\/ribeiraopreto-regiao\/wp-json\/wp\/v2\/posts\/90499\/revisions\/90504"}],"wp:featuredmedia":[{"embeddable":true,"href":"https:\/\/redenoticiaz.com.br\/ribeiraopreto-regiao\/wp-json\/wp\/v2\/media\/90500"}],"wp:attachment":[{"href":"https:\/\/redenoticiaz.com.br\/ribeiraopreto-regiao\/wp-json\/wp\/v2\/media?parent=90499"}],"wp:term":[{"taxonomy":"category","embeddable":true,"href":"https:\/\/redenoticiaz.com.br\/ribeiraopreto-regiao\/wp-json\/wp\/v2\/categories?post=90499"},{"taxonomy":"post_tag","embeddable":true,"href":"https:\/\/redenoticiaz.com.br\/ribeiraopreto-regiao\/wp-json\/wp\/v2\/tags?post=90499"}],"curies":[{"name":"wp","href":"https:\/\/api.w.org\/{rel}","templated":true}]}}