{"id":90520,"date":"2022-08-23T15:28:11","date_gmt":"2022-08-23T18:28:11","guid":{"rendered":"https:\/\/redenoticiaz.com.br\/barretos-regiao\/?p=90520"},"modified":"2022-08-23T15:28:11","modified_gmt":"2022-08-23T18:28:11","slug":"prefeitura-apoia-projetos-de-empreendedorismo-local-durante-a-festa-do-peao","status":"publish","type":"post","link":"https:\/\/redenoticiaz.com.br\/ribeiraopreto-regiao\/sp\/2022\/08\/23\/prefeitura-apoia-projetos-de-empreendedorismo-local-durante-a-festa-do-peao","title":{"rendered":"Prefeitura apoia projetos de empreendedorismo local durante a Festa do Pe\u00e3o"},"content":{"rendered":"<p>A prefeitura da Est\u00e2ncia Tur\u00edstica de Barretos, por meio da secretaria municipal de Desenvolvimento Econ\u00f4mico, est\u00e1 apoiando projetos de empreendedorismo local dentro do estande do Sebrae, na 65\u00aa edi\u00e7\u00e3o da Festa do Pe\u00e3o de Boiadeiro.<\/p>\n<p>De acordo com a secret\u00e1ria de Desenvolvimento Econ\u00f4mico, Adelia Bueno, o espa\u00e7o est\u00e1 promovendo o projeto &#8220;Consuma Barretos&#8221; e o coletivo &#8220;Mulheres quando se juntam&#8221;, voltados \u00e0 valoriza\u00e7\u00e3o da produ\u00e7\u00e3o local e empoderamento feminino nos neg\u00f3cios.<em> &#8220;O Sebrae \u00e9 um grande parceiro da nossa cidade na promo\u00e7\u00e3o e capacita\u00e7\u00e3o dos empreendedores, independente de seu porte. No estande, os visitantes ter\u00e3o acesso a diversos produtos e servi\u00e7os oferecidos por gente da nossa cidade, tendo em vista a divulga\u00e7\u00e3o das v\u00e1rias marcas locais para todo o Brasil e quem sabe o mundo&#8221;,<\/em> afirmou.<\/p>\n<p><strong>VEJA TAMB\u00c9M:\u00a0<a href=\"https:\/\/redenoticiaz.com.br\/blog\/2022\/08\/18\/festa-do-peao-de-barretos-volta-na-forma-presencial-apos-dois-anos\">Festa do Pe\u00e3o de Barretos volta na forma presencial ap\u00f3s dois anos<\/a><\/strong><\/p>\n","protected":false},"excerpt":{"rendered":"<p>A prefeitura da Est\u00e2ncia Tur\u00edstica de Barretos, por meio da secretaria municipal de Desenvolvimento Econ\u00f4mico, est\u00e1 apoiando projetos de empreendedorismo local dentro do estande do Sebrae, na 65\u00aa edi\u00e7\u00e3o da Festa do Pe\u00e3o de Boiadeiro. De acordo com a secret\u00e1ria de Desenvolvimento Econ\u00f4mico, Adelia Bueno, o espa\u00e7o est\u00e1 promovendo o projeto &#8220;Consuma Barretos&#8221; e o &hellip;<\/p>\n","protected":false},"author":15,"featured_media":90521,"comment_status":"open","ping_status":"closed","sticky":false,"template":"","format":"standard","meta":{"footnotes":""},"categories":[2075],"tags":[19882,3912,2842],"class_list":["post-90520","post","type-post","status-publish","format-standard","has-post-thumbnail","hentry","category-trabalho","tag-economico","tag-festa-do-peao","tag-sebrae"],"yoast_head":"<!-- This site is optimized with the Yoast SEO plugin v27.4 - https:\/\/yoast.com\/product\/yoast-seo-wordpress\/ -->\n<title>Prefeitura apoia projetos de empreendedorismo local durante a Festa do Pe\u00e3o - Ribeir\u00e3o Preto e Regi\u00e3o<\/title>\n<meta name=\"description\" content=\"Barretos, por meio da secretaria municipal de Desenvolvimento Econ\u00f4mico, est\u00e1 apoiando projetos de empreendedorismo\" \/>\n<meta name=\"robots\" content=\"index, follow, max-snippet:-1, max-image-preview:large, max-video-preview:-1\" \/>\n<link rel=\"canonical\" href=\"https:\/\/redenoticiaz.com.br\/ribeiraopreto-regiao\/sp\/2022\/08\/23\/prefeitura-apoia-projetos-de-empreendedorismo-local-durante-a-festa-do-peao\" \/>\n<meta property=\"og:locale\" content=\"pt_BR\" \/>\n<meta property=\"og:type\" content=\"article\" \/>\n<meta property=\"og:title\" content=\"Prefeitura apoia projetos de empreendedorismo local durante a Festa do Pe\u00e3o - Ribeir\u00e3o Preto e Regi\u00e3o\" \/>\n<meta property=\"og:description\" content=\"Barretos, por meio da secretaria municipal de Desenvolvimento Econ\u00f4mico, est\u00e1 apoiando projetos de empreendedorismo\" \/>\n<meta property=\"og:url\" content=\"https:\/\/redenoticiaz.com.br\/ribeiraopreto-regiao\/sp\/2022\/08\/23\/prefeitura-apoia-projetos-de-empreendedorismo-local-durante-a-festa-do-peao\" \/>\n<meta property=\"og:site_name\" content=\"Ribeir\u00e3o Preto e Regi\u00e3o\" \/>\n<meta property=\"article:publisher\" content=\"https:\/\/m.facebook.com\/redenoticiaz.barretos\" \/>\n<meta property=\"article:published_time\" content=\"2022-08-23T18:28:11+00:00\" \/>\n<meta property=\"og:image\" content=\"https:\/\/redenoticiaz.com.br\/ribeiraopreto-regiao\/wp-content\/uploads\/sites\/4\/2022\/08\/sebrae.png\" \/>\n\t<meta property=\"og:image:width\" content=\"940\" \/>\n\t<meta property=\"og:image:height\" content=\"788\" \/>\n\t<meta property=\"og:image:type\" content=\"image\/png\" \/>\n<meta name=\"twitter:card\" content=\"summary_large_image\" \/>\n<meta name=\"twitter:creator\" content=\"@RN_barretos\" \/>\n<meta name=\"twitter:site\" content=\"@RN_barretos\" \/>\n<meta name=\"twitter:label1\" content=\"Escrito por\" \/>\n\t<meta name=\"twitter:data1\" content=\"\" \/>\n\t<meta name=\"twitter:label2\" content=\"Est. tempo de leitura\" \/>\n\t<meta name=\"twitter:data2\" content=\"1 minuto\" \/>\n<script type=\"application\/ld+json\" class=\"yoast-schema-graph\">{\"@context\":\"https:\\\/\\\/schema.org\",\"@graph\":[{\"@type\":\"Article\",\"@id\":\"https:\\\/\\\/redenoticiaz.com.br\\\/ribeiraopreto-regiao\\\/sp\\\/2022\\\/08\\\/23\\\/prefeitura-apoia-projetos-de-empreendedorismo-local-durante-a-festa-do-peao#article\",\"isPartOf\":{\"@id\":\"https:\\\/\\\/redenoticiaz.com.br\\\/ribeiraopreto-regiao\\\/sp\\\/2022\\\/08\\\/23\\\/prefeitura-apoia-projetos-de-empreendedorismo-local-durante-a-festa-do-peao\"},\"author\":{\"name\":\"\",\"@id\":\"\"},\"headline\":\"Prefeitura apoia projetos de empreendedorismo local durante a Festa do Pe\u00e3o\",\"datePublished\":\"2022-08-23T18:28:11+00:00\",\"mainEntityOfPage\":{\"@id\":\"https:\\\/\\\/redenoticiaz.com.br\\\/ribeiraopreto-regiao\\\/sp\\\/2022\\\/08\\\/23\\\/prefeitura-apoia-projetos-de-empreendedorismo-local-durante-a-festa-do-peao\"},\"wordCount\":169,\"commentCount\":0,\"publisher\":{\"@id\":\"https:\\\/\\\/redenoticiaz.com.br\\\/ribeiraopreto-regiao\\\/#organization\"},\"image\":{\"@id\":\"https:\\\/\\\/redenoticiaz.com.br\\\/ribeiraopreto-regiao\\\/sp\\\/2022\\\/08\\\/23\\\/prefeitura-apoia-projetos-de-empreendedorismo-local-durante-a-festa-do-peao#primaryimage\"},\"thumbnailUrl\":\"https:\\\/\\\/redenoticiaz.com.br\\\/ribeiraopreto-regiao\\\/wp-content\\\/uploads\\\/sites\\\/4\\\/2022\\\/08\\\/sebrae.png\",\"keywords\":[\"ECON\u00d4MICO\",\"FESTA DO PE\u00c3O\",\"SEBRAE\"],\"articleSection\":[\"Trabalho\"],\"inLanguage\":\"pt-BR\",\"potentialAction\":[{\"@type\":\"CommentAction\",\"name\":\"Comment\",\"target\":[\"https:\\\/\\\/redenoticiaz.com.br\\\/ribeiraopreto-regiao\\\/sp\\\/2022\\\/08\\\/23\\\/prefeitura-apoia-projetos-de-empreendedorismo-local-durante-a-festa-do-peao#respond\"]}]},{\"@type\":\"WebPage\",\"@id\":\"https:\\\/\\\/redenoticiaz.com.br\\\/ribeiraopreto-regiao\\\/sp\\\/2022\\\/08\\\/23\\\/prefeitura-apoia-projetos-de-empreendedorismo-local-durante-a-festa-do-peao\",\"url\":\"https:\\\/\\\/redenoticiaz.com.br\\\/ribeiraopreto-regiao\\\/sp\\\/2022\\\/08\\\/23\\\/prefeitura-apoia-projetos-de-empreendedorismo-local-durante-a-festa-do-peao\",\"name\":\"Prefeitura apoia projetos de empreendedorismo local durante a Festa do Pe\u00e3o - Ribeir\u00e3o Preto e Regi\u00e3o\",\"isPartOf\":{\"@id\":\"https:\\\/\\\/redenoticiaz.com.br\\\/ribeiraopreto-regiao\\\/#website\"},\"primaryImageOfPage\":{\"@id\":\"https:\\\/\\\/redenoticiaz.com.br\\\/ribeiraopreto-regiao\\\/sp\\\/2022\\\/08\\\/23\\\/prefeitura-apoia-projetos-de-empreendedorismo-local-durante-a-festa-do-peao#primaryimage\"},\"image\":{\"@id\":\"https:\\\/\\\/redenoticiaz.com.br\\\/ribeiraopreto-regiao\\\/sp\\\/2022\\\/08\\\/23\\\/prefeitura-apoia-projetos-de-empreendedorismo-local-durante-a-festa-do-peao#primaryimage\"},\"thumbnailUrl\":\"https:\\\/\\\/redenoticiaz.com.br\\\/ribeiraopreto-regiao\\\/wp-content\\\/uploads\\\/sites\\\/4\\\/2022\\\/08\\\/sebrae.png\",\"datePublished\":\"2022-08-23T18:28:11+00:00\",\"description\":\"Barretos, por meio da secretaria municipal de Desenvolvimento Econ\u00f4mico, est\u00e1 apoiando projetos de empreendedorismo\",\"inLanguage\":\"pt-BR\",\"potentialAction\":[{\"@type\":\"ReadAction\",\"target\":[\"https:\\\/\\\/redenoticiaz.com.br\\\/ribeiraopreto-regiao\\\/sp\\\/2022\\\/08\\\/23\\\/prefeitura-apoia-projetos-de-empreendedorismo-local-durante-a-festa-do-peao\"]}]},{\"@type\":\"ImageObject\",\"inLanguage\":\"pt-BR\",\"@id\":\"https:\\\/\\\/redenoticiaz.com.br\\\/ribeiraopreto-regiao\\\/sp\\\/2022\\\/08\\\/23\\\/prefeitura-apoia-projetos-de-empreendedorismo-local-durante-a-festa-do-peao#primaryimage\",\"url\":\"https:\\\/\\\/redenoticiaz.com.br\\\/ribeiraopreto-regiao\\\/wp-content\\\/uploads\\\/sites\\\/4\\\/2022\\\/08\\\/sebrae.png\",\"contentUrl\":\"https:\\\/\\\/redenoticiaz.com.br\\\/ribeiraopreto-regiao\\\/wp-content\\\/uploads\\\/sites\\\/4\\\/2022\\\/08\\\/sebrae.png\",\"width\":940,\"height\":788,\"caption\":\"Projeto Sebrae. Cr\u00e9dito: Reprodu\u00e7\u00e3o\"},{\"@type\":\"WebSite\",\"@id\":\"https:\\\/\\\/redenoticiaz.com.br\\\/ribeiraopreto-regiao\\\/#website\",\"url\":\"https:\\\/\\\/redenoticiaz.com.br\\\/ribeiraopreto-regiao\\\/\",\"name\":\"Ribeir\u00e3o Preto e Regi\u00e3o\",\"description\":\"Rede NoticiaZ - Ribeir\u00e3o Preto e regi\u00e3o\",\"publisher\":{\"@id\":\"https:\\\/\\\/redenoticiaz.com.br\\\/ribeiraopreto-regiao\\\/#organization\"},\"potentialAction\":[{\"@type\":\"SearchAction\",\"target\":{\"@type\":\"EntryPoint\",\"urlTemplate\":\"https:\\\/\\\/redenoticiaz.com.br\\\/ribeiraopreto-regiao\\\/?s={search_term_string}\"},\"query-input\":{\"@type\":\"PropertyValueSpecification\",\"valueRequired\":true,\"valueName\":\"search_term_string\"}}],\"inLanguage\":\"pt-BR\"},{\"@type\":\"Organization\",\"@id\":\"https:\\\/\\\/redenoticiaz.com.br\\\/ribeiraopreto-regiao\\\/#organization\",\"name\":\"Ribeir\u00e3o Preto e Regi\u00e3o\",\"url\":\"https:\\\/\\\/redenoticiaz.com.br\\\/ribeiraopreto-regiao\\\/\",\"logo\":{\"@type\":\"ImageObject\",\"inLanguage\":\"pt-BR\",\"@id\":\"https:\\\/\\\/redenoticiaz.com.br\\\/ribeiraopreto-regiao\\\/#\\\/schema\\\/logo\\\/image\\\/\",\"url\":\"https:\\\/\\\/redenoticiaz.com.br\\\/barretos-regiao\\\/wp-content\\\/uploads\\\/sites\\\/4\\\/2022\\\/02\\\/logo.jpg\",\"contentUrl\":\"https:\\\/\\\/redenoticiaz.com.br\\\/barretos-regiao\\\/wp-content\\\/uploads\\\/sites\\\/4\\\/2022\\\/02\\\/logo.jpg\",\"width\":400,\"height\":250,\"caption\":\"Ribeir\u00e3o Preto e Regi\u00e3o\"},\"image\":{\"@id\":\"https:\\\/\\\/redenoticiaz.com.br\\\/ribeiraopreto-regiao\\\/#\\\/schema\\\/logo\\\/image\\\/\"},\"sameAs\":[\"https:\\\/\\\/m.facebook.com\\\/redenoticiaz.barretos\",\"https:\\\/\\\/x.com\\\/RN_barretos\",\"https:\\\/\\\/www.instagram.com\\\/redenoticiaz.barretos\\\/?igshid=YmMyMTA2M2Y\",\"https:\\\/\\\/www.linkedin.com\\\/company\\\/rede-noticiaz-barretos-e-regio\\\/\"]},{\"@type\":\"Person\",\"@id\":\"\",\"url\":\"https:\\\/\\\/redenoticiaz.com.br\\\/ribeiraopreto-regiao\\\/sp\\\/author\"}]}<\/script>\n<!-- \/ Yoast SEO plugin. -->","yoast_head_json":{"title":"Prefeitura apoia projetos de empreendedorismo local durante a Festa do Pe\u00e3o - Ribeir\u00e3o Preto e Regi\u00e3o","description":"Barretos, por meio da secretaria municipal de Desenvolvimento Econ\u00f4mico, est\u00e1 apoiando projetos de empreendedorismo","robots":{"index":"index","follow":"follow","max-snippet":"max-snippet:-1","max-image-preview":"max-image-preview:large","max-video-preview":"max-video-preview:-1"},"canonical":"https:\/\/redenoticiaz.com.br\/ribeiraopreto-regiao\/sp\/2022\/08\/23\/prefeitura-apoia-projetos-de-empreendedorismo-local-durante-a-festa-do-peao","og_locale":"pt_BR","og_type":"article","og_title":"Prefeitura apoia projetos de empreendedorismo local durante a Festa do Pe\u00e3o - Ribeir\u00e3o Preto e Regi\u00e3o","og_description":"Barretos, por meio da secretaria municipal de Desenvolvimento Econ\u00f4mico, est\u00e1 apoiando projetos de empreendedorismo","og_url":"https:\/\/redenoticiaz.com.br\/ribeiraopreto-regiao\/sp\/2022\/08\/23\/prefeitura-apoia-projetos-de-empreendedorismo-local-durante-a-festa-do-peao","og_site_name":"Ribeir\u00e3o Preto e Regi\u00e3o","article_publisher":"https:\/\/m.facebook.com\/redenoticiaz.barretos","article_published_time":"2022-08-23T18:28:11+00:00","og_image":[{"width":940,"height":788,"url":"https:\/\/redenoticiaz.com.br\/ribeiraopreto-regiao\/wp-content\/uploads\/sites\/4\/2022\/08\/sebrae.png","type":"image\/png"}],"twitter_card":"summary_large_image","twitter_creator":"@RN_barretos","twitter_site":"@RN_barretos","twitter_misc":{"Escrito por":"","Est. tempo de leitura":"1 minuto"},"schema":{"@context":"https:\/\/schema.org","@graph":[{"@type":"Article","@id":"https:\/\/redenoticiaz.com.br\/ribeiraopreto-regiao\/sp\/2022\/08\/23\/prefeitura-apoia-projetos-de-empreendedorismo-local-durante-a-festa-do-peao#article","isPartOf":{"@id":"https:\/\/redenoticiaz.com.br\/ribeiraopreto-regiao\/sp\/2022\/08\/23\/prefeitura-apoia-projetos-de-empreendedorismo-local-durante-a-festa-do-peao"},"author":{"name":"","@id":""},"headline":"Prefeitura apoia projetos de empreendedorismo local durante a Festa do Pe\u00e3o","datePublished":"2022-08-23T18:28:11+00:00","mainEntityOfPage":{"@id":"https:\/\/redenoticiaz.com.br\/ribeiraopreto-regiao\/sp\/2022\/08\/23\/prefeitura-apoia-projetos-de-empreendedorismo-local-durante-a-festa-do-peao"},"wordCount":169,"commentCount":0,"publisher":{"@id":"https:\/\/redenoticiaz.com.br\/ribeiraopreto-regiao\/#organization"},"image":{"@id":"https:\/\/redenoticiaz.com.br\/ribeiraopreto-regiao\/sp\/2022\/08\/23\/prefeitura-apoia-projetos-de-empreendedorismo-local-durante-a-festa-do-peao#primaryimage"},"thumbnailUrl":"https:\/\/redenoticiaz.com.br\/ribeiraopreto-regiao\/wp-content\/uploads\/sites\/4\/2022\/08\/sebrae.png","keywords":["ECON\u00d4MICO","FESTA DO PE\u00c3O","SEBRAE"],"articleSection":["Trabalho"],"inLanguage":"pt-BR","potentialAction":[{"@type":"CommentAction","name":"Comment","target":["https:\/\/redenoticiaz.com.br\/ribeiraopreto-regiao\/sp\/2022\/08\/23\/prefeitura-apoia-projetos-de-empreendedorismo-local-durante-a-festa-do-peao#respond"]}]},{"@type":"WebPage","@id":"https:\/\/redenoticiaz.com.br\/ribeiraopreto-regiao\/sp\/2022\/08\/23\/prefeitura-apoia-projetos-de-empreendedorismo-local-durante-a-festa-do-peao","url":"https:\/\/redenoticiaz.com.br\/ribeiraopreto-regiao\/sp\/2022\/08\/23\/prefeitura-apoia-projetos-de-empreendedorismo-local-durante-a-festa-do-peao","name":"Prefeitura apoia projetos de empreendedorismo local durante a Festa do Pe\u00e3o - Ribeir\u00e3o Preto e Regi\u00e3o","isPartOf":{"@id":"https:\/\/redenoticiaz.com.br\/ribeiraopreto-regiao\/#website"},"primaryImageOfPage":{"@id":"https:\/\/redenoticiaz.com.br\/ribeiraopreto-regiao\/sp\/2022\/08\/23\/prefeitura-apoia-projetos-de-empreendedorismo-local-durante-a-festa-do-peao#primaryimage"},"image":{"@id":"https:\/\/redenoticiaz.com.br\/ribeiraopreto-regiao\/sp\/2022\/08\/23\/prefeitura-apoia-projetos-de-empreendedorismo-local-durante-a-festa-do-peao#primaryimage"},"thumbnailUrl":"https:\/\/redenoticiaz.com.br\/ribeiraopreto-regiao\/wp-content\/uploads\/sites\/4\/2022\/08\/sebrae.png","datePublished":"2022-08-23T18:28:11+00:00","description":"Barretos, por meio da secretaria municipal de Desenvolvimento Econ\u00f4mico, est\u00e1 apoiando projetos de empreendedorismo","inLanguage":"pt-BR","potentialAction":[{"@type":"ReadAction","target":["https:\/\/redenoticiaz.com.br\/ribeiraopreto-regiao\/sp\/2022\/08\/23\/prefeitura-apoia-projetos-de-empreendedorismo-local-durante-a-festa-do-peao"]}]},{"@type":"ImageObject","inLanguage":"pt-BR","@id":"https:\/\/redenoticiaz.com.br\/ribeiraopreto-regiao\/sp\/2022\/08\/23\/prefeitura-apoia-projetos-de-empreendedorismo-local-durante-a-festa-do-peao#primaryimage","url":"https:\/\/redenoticiaz.com.br\/ribeiraopreto-regiao\/wp-content\/uploads\/sites\/4\/2022\/08\/sebrae.png","contentUrl":"https:\/\/redenoticiaz.com.br\/ribeiraopreto-regiao\/wp-content\/uploads\/sites\/4\/2022\/08\/sebrae.png","width":940,"height":788,"caption":"Projeto Sebrae. Cr\u00e9dito: Reprodu\u00e7\u00e3o"},{"@type":"WebSite","@id":"https:\/\/redenoticiaz.com.br\/ribeiraopreto-regiao\/#website","url":"https:\/\/redenoticiaz.com.br\/ribeiraopreto-regiao\/","name":"Ribeir\u00e3o Preto e Regi\u00e3o","description":"Rede NoticiaZ - Ribeir\u00e3o Preto e regi\u00e3o","publisher":{"@id":"https:\/\/redenoticiaz.com.br\/ribeiraopreto-regiao\/#organization"},"potentialAction":[{"@type":"SearchAction","target":{"@type":"EntryPoint","urlTemplate":"https:\/\/redenoticiaz.com.br\/ribeiraopreto-regiao\/?s={search_term_string}"},"query-input":{"@type":"PropertyValueSpecification","valueRequired":true,"valueName":"search_term_string"}}],"inLanguage":"pt-BR"},{"@type":"Organization","@id":"https:\/\/redenoticiaz.com.br\/ribeiraopreto-regiao\/#organization","name":"Ribeir\u00e3o Preto e Regi\u00e3o","url":"https:\/\/redenoticiaz.com.br\/ribeiraopreto-regiao\/","logo":{"@type":"ImageObject","inLanguage":"pt-BR","@id":"https:\/\/redenoticiaz.com.br\/ribeiraopreto-regiao\/#\/schema\/logo\/image\/","url":"https:\/\/redenoticiaz.com.br\/barretos-regiao\/wp-content\/uploads\/sites\/4\/2022\/02\/logo.jpg","contentUrl":"https:\/\/redenoticiaz.com.br\/barretos-regiao\/wp-content\/uploads\/sites\/4\/2022\/02\/logo.jpg","width":400,"height":250,"caption":"Ribeir\u00e3o Preto e Regi\u00e3o"},"image":{"@id":"https:\/\/redenoticiaz.com.br\/ribeiraopreto-regiao\/#\/schema\/logo\/image\/"},"sameAs":["https:\/\/m.facebook.com\/redenoticiaz.barretos","https:\/\/x.com\/RN_barretos","https:\/\/www.instagram.com\/redenoticiaz.barretos\/?igshid=YmMyMTA2M2Y","https:\/\/www.linkedin.com\/company\/rede-noticiaz-barretos-e-regio\/"]},{"@type":"Person","@id":"","url":"https:\/\/redenoticiaz.com.br\/ribeiraopreto-regiao\/sp\/author"}]}},"_links":{"self":[{"href":"https:\/\/redenoticiaz.com.br\/ribeiraopreto-regiao\/wp-json\/wp\/v2\/posts\/90520","targetHints":{"allow":["GET"]}}],"collection":[{"href":"https:\/\/redenoticiaz.com.br\/ribeiraopreto-regiao\/wp-json\/wp\/v2\/posts"}],"about":[{"href":"https:\/\/redenoticiaz.com.br\/ribeiraopreto-regiao\/wp-json\/wp\/v2\/types\/post"}],"author":[{"embeddable":true,"href":"https:\/\/redenoticiaz.com.br\/ribeiraopreto-regiao\/wp-json\/wp\/v2\/users\/15"}],"replies":[{"embeddable":true,"href":"https:\/\/redenoticiaz.com.br\/ribeiraopreto-regiao\/wp-json\/wp\/v2\/comments?post=90520"}],"version-history":[{"count":1,"href":"https:\/\/redenoticiaz.com.br\/ribeiraopreto-regiao\/wp-json\/wp\/v2\/posts\/90520\/revisions"}],"predecessor-version":[{"id":90522,"href":"https:\/\/redenoticiaz.com.br\/ribeiraopreto-regiao\/wp-json\/wp\/v2\/posts\/90520\/revisions\/90522"}],"wp:featuredmedia":[{"embeddable":true,"href":"https:\/\/redenoticiaz.com.br\/ribeiraopreto-regiao\/wp-json\/wp\/v2\/media\/90521"}],"wp:attachment":[{"href":"https:\/\/redenoticiaz.com.br\/ribeiraopreto-regiao\/wp-json\/wp\/v2\/media?parent=90520"}],"wp:term":[{"taxonomy":"category","embeddable":true,"href":"https:\/\/redenoticiaz.com.br\/ribeiraopreto-regiao\/wp-json\/wp\/v2\/categories?post=90520"},{"taxonomy":"post_tag","embeddable":true,"href":"https:\/\/redenoticiaz.com.br\/ribeiraopreto-regiao\/wp-json\/wp\/v2\/tags?post=90520"}],"curies":[{"name":"wp","href":"https:\/\/api.w.org\/{rel}","templated":true}]}}