{"id":90529,"date":"2022-08-23T16:32:34","date_gmt":"2022-08-23T19:32:34","guid":{"rendered":"https:\/\/redenoticiaz.com.br\/barretos-regiao\/?p=90529"},"modified":"2022-08-23T16:32:34","modified_gmt":"2022-08-23T19:32:34","slug":"operacao-inocencia-prende-mais-cinco-homens-suspeitos-em-rede-de-prostituicao","status":"publish","type":"post","link":"https:\/\/redenoticiaz.com.br\/ribeiraopreto-regiao\/sp\/2022\/08\/23\/operacao-inocencia-prende-mais-cinco-homens-suspeitos-em-rede-de-prostituicao","title":{"rendered":"Opera\u00e7\u00e3o inoc\u00eancia prende mais cinco homens suspeitos em rede de prostitui\u00e7\u00e3o"},"content":{"rendered":"<p>A Pol\u00edcia Civil em Barretos, por interm\u00e9dio da Delegacia de Defesa da Mulher (DDM) com apoio de agentes da Central de Pol\u00edcia Judici\u00e1ria, GOE, DIG e DISE, prendeu cinco homens acusados de terem participado em rede de prostitui\u00e7\u00e3o contra meninas com idades de 11 a 13 anos.<\/p>\n<p>Os suspeitos foram identificados a partir de informa\u00e7\u00f5es obtidas nos celulares dos investigados (j\u00e1 presos) anteriormente, pela delegada, Dra. Denise Vichiato Polizelli Paro. As investiga\u00e7\u00f5es apontaram para duas mulheres, com idades de 45 e 20 anos, (m\u00e3e e filha), que agenciavam as crian\u00e7as atrav\u00e9s das redes sociais.<\/p>\n<p>Dessa forma foi informado pela pol\u00edcia que aos finais de semana as crian\u00e7as e adolescentes eram levadas para uma ch\u00e1cara, no bairro Monte Alegre, e l\u00e1 eram oferecidas a eles bebidas, drogas e medicamentos, sendo elas submetidas aos programas sexuais, e para isso cada menor levada na ch\u00e1cara rendia as aliciadoras o valor de R$100,00, e elas repassavam o valor de R$20,00 a cada uma das v\u00edtimas.<\/p>\n<p>Na primeira fase da opera\u00e7\u00e3o, al\u00e9m das duas mulheres, tr\u00eas homens (idades de 52 e 54 anos) tamb\u00e9m foram presos, junto com o dono da ch\u00e1cara (61 anos), e destes seis, quatro ainda continuam presos.<\/p>\n<p>Na segunda fase da opera\u00e7\u00e3o, foi preso um suspeito e outro se encontra foragido, enquanto que nesta terceira fase foram presos os cinco homens com idades de 37, 42, 44, 48 e 53 anos.<\/p>\n<p>Todos os investigados responder\u00e3o pelos crimes de associa\u00e7\u00e3o criminosa, estupro de vulner\u00e1vel e favorecimento da prostitui\u00e7\u00e3o, tendo a Pol\u00edcia Civil informado ainda que as investiga\u00e7\u00f5es prosseguem para identificar outros envolvidos e outras v\u00edtimas.<\/p>\n<p><strong>VEJA TAMB\u00c9M:\u00a0<a href=\"https:\/\/redenoticiaz.com.br\/barretos-regiao\/sp\/2022\/06\/26\/policia-prende-suspeitos-em-rede-de-prostituicao\">Pol\u00edcia prende suspeitos em rede de prostitui\u00e7\u00e3o<\/a><\/strong><\/p>\n","protected":false},"excerpt":{"rendered":"<p>A Pol\u00edcia Civil em Barretos, por interm\u00e9dio da Delegacia de Defesa da Mulher (DDM) com apoio de agentes da Central de Pol\u00edcia Judici\u00e1ria, GOE, DIG e DISE, prendeu cinco homens acusados de terem participado em rede de prostitui\u00e7\u00e3o contra meninas com idades de 11 a 13 anos. Os suspeitos foram identificados a partir de informa\u00e7\u00f5es &hellip;<\/p>\n","protected":false},"author":15,"featured_media":90530,"comment_status":"open","ping_status":"closed","sticky":false,"template":"","format":"standard","meta":{"footnotes":""},"categories":[88],"tags":[19886,8448,18116,17016,18115,19887],"class_list":["post-90529","post","type-post","status-publish","format-standard","has-post-thumbnail","hentry","category-policia","tag-crimes","tag-homem","tag-meninas","tag-preso","tag-prostituicao","tag-sexuais"],"yoast_head":"<!-- This site is optimized with the Yoast SEO plugin v27.4 - https:\/\/yoast.com\/product\/yoast-seo-wordpress\/ -->\n<title>Opera\u00e7\u00e3o inoc\u00eancia prende mais cinco homens suspeitos em rede de prostitui\u00e7\u00e3o - Ribeir\u00e3o Preto e Regi\u00e3o<\/title>\n<meta name=\"description\" content=\"GOE, DIG e DISE, prendeu cinco homens acusados de participar em rede de prostitui\u00e7\u00e3o contra meninas com idades de 11 a 13 anos.\" \/>\n<meta name=\"robots\" content=\"index, follow, max-snippet:-1, max-image-preview:large, max-video-preview:-1\" \/>\n<link rel=\"canonical\" href=\"https:\/\/redenoticiaz.com.br\/ribeiraopreto-regiao\/sp\/2022\/08\/23\/operacao-inocencia-prende-mais-cinco-homens-suspeitos-em-rede-de-prostituicao\" \/>\n<meta property=\"og:locale\" content=\"pt_BR\" \/>\n<meta property=\"og:type\" content=\"article\" \/>\n<meta property=\"og:title\" content=\"Opera\u00e7\u00e3o inoc\u00eancia prende mais cinco homens suspeitos em rede de prostitui\u00e7\u00e3o - Ribeir\u00e3o Preto e Regi\u00e3o\" \/>\n<meta property=\"og:description\" content=\"GOE, DIG e DISE, prendeu cinco homens acusados de participar em rede de prostitui\u00e7\u00e3o contra meninas com idades de 11 a 13 anos.\" \/>\n<meta property=\"og:url\" content=\"https:\/\/redenoticiaz.com.br\/ribeiraopreto-regiao\/sp\/2022\/08\/23\/operacao-inocencia-prende-mais-cinco-homens-suspeitos-em-rede-de-prostituicao\" \/>\n<meta property=\"og:site_name\" content=\"Ribeir\u00e3o Preto e Regi\u00e3o\" \/>\n<meta property=\"article:publisher\" content=\"https:\/\/m.facebook.com\/redenoticiaz.barretos\" \/>\n<meta property=\"article:published_time\" content=\"2022-08-23T19:32:34+00:00\" \/>\n<meta property=\"og:image\" content=\"https:\/\/redenoticiaz.com.br\/ribeiraopreto-regiao\/wp-content\/uploads\/sites\/4\/2022\/08\/Captura-de-Tela-179.png\" \/>\n\t<meta property=\"og:image:width\" content=\"630\" \/>\n\t<meta property=\"og:image:height\" content=\"402\" \/>\n\t<meta property=\"og:image:type\" content=\"image\/png\" \/>\n<meta name=\"twitter:card\" content=\"summary_large_image\" \/>\n<meta name=\"twitter:creator\" content=\"@RN_barretos\" \/>\n<meta name=\"twitter:site\" content=\"@RN_barretos\" \/>\n<meta name=\"twitter:label1\" content=\"Escrito por\" \/>\n\t<meta name=\"twitter:data1\" content=\"\" \/>\n\t<meta name=\"twitter:label2\" content=\"Est. tempo de leitura\" \/>\n\t<meta name=\"twitter:data2\" content=\"2 minutos\" \/>\n<script type=\"application\/ld+json\" class=\"yoast-schema-graph\">{\"@context\":\"https:\\\/\\\/schema.org\",\"@graph\":[{\"@type\":\"Article\",\"@id\":\"https:\\\/\\\/redenoticiaz.com.br\\\/ribeiraopreto-regiao\\\/sp\\\/2022\\\/08\\\/23\\\/operacao-inocencia-prende-mais-cinco-homens-suspeitos-em-rede-de-prostituicao#article\",\"isPartOf\":{\"@id\":\"https:\\\/\\\/redenoticiaz.com.br\\\/ribeiraopreto-regiao\\\/sp\\\/2022\\\/08\\\/23\\\/operacao-inocencia-prende-mais-cinco-homens-suspeitos-em-rede-de-prostituicao\"},\"author\":{\"name\":\"\",\"@id\":\"\"},\"headline\":\"Opera\u00e7\u00e3o inoc\u00eancia prende mais cinco homens suspeitos em rede de prostitui\u00e7\u00e3o\",\"datePublished\":\"2022-08-23T19:32:34+00:00\",\"mainEntityOfPage\":{\"@id\":\"https:\\\/\\\/redenoticiaz.com.br\\\/ribeiraopreto-regiao\\\/sp\\\/2022\\\/08\\\/23\\\/operacao-inocencia-prende-mais-cinco-homens-suspeitos-em-rede-de-prostituicao\"},\"wordCount\":305,\"commentCount\":0,\"publisher\":{\"@id\":\"https:\\\/\\\/redenoticiaz.com.br\\\/ribeiraopreto-regiao\\\/#organization\"},\"image\":{\"@id\":\"https:\\\/\\\/redenoticiaz.com.br\\\/ribeiraopreto-regiao\\\/sp\\\/2022\\\/08\\\/23\\\/operacao-inocencia-prende-mais-cinco-homens-suspeitos-em-rede-de-prostituicao#primaryimage\"},\"thumbnailUrl\":\"https:\\\/\\\/redenoticiaz.com.br\\\/ribeiraopreto-regiao\\\/wp-content\\\/uploads\\\/sites\\\/4\\\/2022\\\/08\\\/Captura-de-Tela-179.png\",\"keywords\":[\"CRIMES\",\"HOMEM\",\"MENINAS\",\"PRESO\",\"PROSTITUI\u00c7\u00c3O\",\"SEXUAIS\"],\"articleSection\":[\"Pol\u00edcia\"],\"inLanguage\":\"pt-BR\",\"potentialAction\":[{\"@type\":\"CommentAction\",\"name\":\"Comment\",\"target\":[\"https:\\\/\\\/redenoticiaz.com.br\\\/ribeiraopreto-regiao\\\/sp\\\/2022\\\/08\\\/23\\\/operacao-inocencia-prende-mais-cinco-homens-suspeitos-em-rede-de-prostituicao#respond\"]}]},{\"@type\":\"WebPage\",\"@id\":\"https:\\\/\\\/redenoticiaz.com.br\\\/ribeiraopreto-regiao\\\/sp\\\/2022\\\/08\\\/23\\\/operacao-inocencia-prende-mais-cinco-homens-suspeitos-em-rede-de-prostituicao\",\"url\":\"https:\\\/\\\/redenoticiaz.com.br\\\/ribeiraopreto-regiao\\\/sp\\\/2022\\\/08\\\/23\\\/operacao-inocencia-prende-mais-cinco-homens-suspeitos-em-rede-de-prostituicao\",\"name\":\"Opera\u00e7\u00e3o inoc\u00eancia prende mais cinco homens suspeitos em rede de prostitui\u00e7\u00e3o - Ribeir\u00e3o Preto e Regi\u00e3o\",\"isPartOf\":{\"@id\":\"https:\\\/\\\/redenoticiaz.com.br\\\/ribeiraopreto-regiao\\\/#website\"},\"primaryImageOfPage\":{\"@id\":\"https:\\\/\\\/redenoticiaz.com.br\\\/ribeiraopreto-regiao\\\/sp\\\/2022\\\/08\\\/23\\\/operacao-inocencia-prende-mais-cinco-homens-suspeitos-em-rede-de-prostituicao#primaryimage\"},\"image\":{\"@id\":\"https:\\\/\\\/redenoticiaz.com.br\\\/ribeiraopreto-regiao\\\/sp\\\/2022\\\/08\\\/23\\\/operacao-inocencia-prende-mais-cinco-homens-suspeitos-em-rede-de-prostituicao#primaryimage\"},\"thumbnailUrl\":\"https:\\\/\\\/redenoticiaz.com.br\\\/ribeiraopreto-regiao\\\/wp-content\\\/uploads\\\/sites\\\/4\\\/2022\\\/08\\\/Captura-de-Tela-179.png\",\"datePublished\":\"2022-08-23T19:32:34+00:00\",\"description\":\"GOE, DIG e DISE, prendeu cinco homens acusados de participar em rede de prostitui\u00e7\u00e3o contra meninas com idades de 11 a 13 anos.\",\"inLanguage\":\"pt-BR\",\"potentialAction\":[{\"@type\":\"ReadAction\",\"target\":[\"https:\\\/\\\/redenoticiaz.com.br\\\/ribeiraopreto-regiao\\\/sp\\\/2022\\\/08\\\/23\\\/operacao-inocencia-prende-mais-cinco-homens-suspeitos-em-rede-de-prostituicao\"]}]},{\"@type\":\"ImageObject\",\"inLanguage\":\"pt-BR\",\"@id\":\"https:\\\/\\\/redenoticiaz.com.br\\\/ribeiraopreto-regiao\\\/sp\\\/2022\\\/08\\\/23\\\/operacao-inocencia-prende-mais-cinco-homens-suspeitos-em-rede-de-prostituicao#primaryimage\",\"url\":\"https:\\\/\\\/redenoticiaz.com.br\\\/ribeiraopreto-regiao\\\/wp-content\\\/uploads\\\/sites\\\/4\\\/2022\\\/08\\\/Captura-de-Tela-179.png\",\"contentUrl\":\"https:\\\/\\\/redenoticiaz.com.br\\\/ribeiraopreto-regiao\\\/wp-content\\\/uploads\\\/sites\\\/4\\\/2022\\\/08\\\/Captura-de-Tela-179.png\",\"width\":630,\"height\":402,\"caption\":\"Cr\u00e9dito: Reprodu\u00e7\u00e3o\"},{\"@type\":\"WebSite\",\"@id\":\"https:\\\/\\\/redenoticiaz.com.br\\\/ribeiraopreto-regiao\\\/#website\",\"url\":\"https:\\\/\\\/redenoticiaz.com.br\\\/ribeiraopreto-regiao\\\/\",\"name\":\"Ribeir\u00e3o Preto e Regi\u00e3o\",\"description\":\"Rede NoticiaZ - Ribeir\u00e3o Preto e regi\u00e3o\",\"publisher\":{\"@id\":\"https:\\\/\\\/redenoticiaz.com.br\\\/ribeiraopreto-regiao\\\/#organization\"},\"potentialAction\":[{\"@type\":\"SearchAction\",\"target\":{\"@type\":\"EntryPoint\",\"urlTemplate\":\"https:\\\/\\\/redenoticiaz.com.br\\\/ribeiraopreto-regiao\\\/?s={search_term_string}\"},\"query-input\":{\"@type\":\"PropertyValueSpecification\",\"valueRequired\":true,\"valueName\":\"search_term_string\"}}],\"inLanguage\":\"pt-BR\"},{\"@type\":\"Organization\",\"@id\":\"https:\\\/\\\/redenoticiaz.com.br\\\/ribeiraopreto-regiao\\\/#organization\",\"name\":\"Ribeir\u00e3o Preto e Regi\u00e3o\",\"url\":\"https:\\\/\\\/redenoticiaz.com.br\\\/ribeiraopreto-regiao\\\/\",\"logo\":{\"@type\":\"ImageObject\",\"inLanguage\":\"pt-BR\",\"@id\":\"https:\\\/\\\/redenoticiaz.com.br\\\/ribeiraopreto-regiao\\\/#\\\/schema\\\/logo\\\/image\\\/\",\"url\":\"https:\\\/\\\/redenoticiaz.com.br\\\/barretos-regiao\\\/wp-content\\\/uploads\\\/sites\\\/4\\\/2022\\\/02\\\/logo.jpg\",\"contentUrl\":\"https:\\\/\\\/redenoticiaz.com.br\\\/barretos-regiao\\\/wp-content\\\/uploads\\\/sites\\\/4\\\/2022\\\/02\\\/logo.jpg\",\"width\":400,\"height\":250,\"caption\":\"Ribeir\u00e3o Preto e Regi\u00e3o\"},\"image\":{\"@id\":\"https:\\\/\\\/redenoticiaz.com.br\\\/ribeiraopreto-regiao\\\/#\\\/schema\\\/logo\\\/image\\\/\"},\"sameAs\":[\"https:\\\/\\\/m.facebook.com\\\/redenoticiaz.barretos\",\"https:\\\/\\\/x.com\\\/RN_barretos\",\"https:\\\/\\\/www.instagram.com\\\/redenoticiaz.barretos\\\/?igshid=YmMyMTA2M2Y\",\"https:\\\/\\\/www.linkedin.com\\\/company\\\/rede-noticiaz-barretos-e-regio\\\/\"]},{\"@type\":\"Person\",\"@id\":\"\",\"url\":\"https:\\\/\\\/redenoticiaz.com.br\\\/ribeiraopreto-regiao\\\/sp\\\/author\"}]}<\/script>\n<!-- \/ Yoast SEO plugin. -->","yoast_head_json":{"title":"Opera\u00e7\u00e3o inoc\u00eancia prende mais cinco homens suspeitos em rede de prostitui\u00e7\u00e3o - Ribeir\u00e3o Preto e Regi\u00e3o","description":"GOE, DIG e DISE, prendeu cinco homens acusados de participar em rede de prostitui\u00e7\u00e3o contra meninas com idades de 11 a 13 anos.","robots":{"index":"index","follow":"follow","max-snippet":"max-snippet:-1","max-image-preview":"max-image-preview:large","max-video-preview":"max-video-preview:-1"},"canonical":"https:\/\/redenoticiaz.com.br\/ribeiraopreto-regiao\/sp\/2022\/08\/23\/operacao-inocencia-prende-mais-cinco-homens-suspeitos-em-rede-de-prostituicao","og_locale":"pt_BR","og_type":"article","og_title":"Opera\u00e7\u00e3o inoc\u00eancia prende mais cinco homens suspeitos em rede de prostitui\u00e7\u00e3o - Ribeir\u00e3o Preto e Regi\u00e3o","og_description":"GOE, DIG e DISE, prendeu cinco homens acusados de participar em rede de prostitui\u00e7\u00e3o contra meninas com idades de 11 a 13 anos.","og_url":"https:\/\/redenoticiaz.com.br\/ribeiraopreto-regiao\/sp\/2022\/08\/23\/operacao-inocencia-prende-mais-cinco-homens-suspeitos-em-rede-de-prostituicao","og_site_name":"Ribeir\u00e3o Preto e Regi\u00e3o","article_publisher":"https:\/\/m.facebook.com\/redenoticiaz.barretos","article_published_time":"2022-08-23T19:32:34+00:00","og_image":[{"width":630,"height":402,"url":"https:\/\/redenoticiaz.com.br\/ribeiraopreto-regiao\/wp-content\/uploads\/sites\/4\/2022\/08\/Captura-de-Tela-179.png","type":"image\/png"}],"twitter_card":"summary_large_image","twitter_creator":"@RN_barretos","twitter_site":"@RN_barretos","twitter_misc":{"Escrito por":"","Est. tempo de leitura":"2 minutos"},"schema":{"@context":"https:\/\/schema.org","@graph":[{"@type":"Article","@id":"https:\/\/redenoticiaz.com.br\/ribeiraopreto-regiao\/sp\/2022\/08\/23\/operacao-inocencia-prende-mais-cinco-homens-suspeitos-em-rede-de-prostituicao#article","isPartOf":{"@id":"https:\/\/redenoticiaz.com.br\/ribeiraopreto-regiao\/sp\/2022\/08\/23\/operacao-inocencia-prende-mais-cinco-homens-suspeitos-em-rede-de-prostituicao"},"author":{"name":"","@id":""},"headline":"Opera\u00e7\u00e3o inoc\u00eancia prende mais cinco homens suspeitos em rede de prostitui\u00e7\u00e3o","datePublished":"2022-08-23T19:32:34+00:00","mainEntityOfPage":{"@id":"https:\/\/redenoticiaz.com.br\/ribeiraopreto-regiao\/sp\/2022\/08\/23\/operacao-inocencia-prende-mais-cinco-homens-suspeitos-em-rede-de-prostituicao"},"wordCount":305,"commentCount":0,"publisher":{"@id":"https:\/\/redenoticiaz.com.br\/ribeiraopreto-regiao\/#organization"},"image":{"@id":"https:\/\/redenoticiaz.com.br\/ribeiraopreto-regiao\/sp\/2022\/08\/23\/operacao-inocencia-prende-mais-cinco-homens-suspeitos-em-rede-de-prostituicao#primaryimage"},"thumbnailUrl":"https:\/\/redenoticiaz.com.br\/ribeiraopreto-regiao\/wp-content\/uploads\/sites\/4\/2022\/08\/Captura-de-Tela-179.png","keywords":["CRIMES","HOMEM","MENINAS","PRESO","PROSTITUI\u00c7\u00c3O","SEXUAIS"],"articleSection":["Pol\u00edcia"],"inLanguage":"pt-BR","potentialAction":[{"@type":"CommentAction","name":"Comment","target":["https:\/\/redenoticiaz.com.br\/ribeiraopreto-regiao\/sp\/2022\/08\/23\/operacao-inocencia-prende-mais-cinco-homens-suspeitos-em-rede-de-prostituicao#respond"]}]},{"@type":"WebPage","@id":"https:\/\/redenoticiaz.com.br\/ribeiraopreto-regiao\/sp\/2022\/08\/23\/operacao-inocencia-prende-mais-cinco-homens-suspeitos-em-rede-de-prostituicao","url":"https:\/\/redenoticiaz.com.br\/ribeiraopreto-regiao\/sp\/2022\/08\/23\/operacao-inocencia-prende-mais-cinco-homens-suspeitos-em-rede-de-prostituicao","name":"Opera\u00e7\u00e3o inoc\u00eancia prende mais cinco homens suspeitos em rede de prostitui\u00e7\u00e3o - Ribeir\u00e3o Preto e Regi\u00e3o","isPartOf":{"@id":"https:\/\/redenoticiaz.com.br\/ribeiraopreto-regiao\/#website"},"primaryImageOfPage":{"@id":"https:\/\/redenoticiaz.com.br\/ribeiraopreto-regiao\/sp\/2022\/08\/23\/operacao-inocencia-prende-mais-cinco-homens-suspeitos-em-rede-de-prostituicao#primaryimage"},"image":{"@id":"https:\/\/redenoticiaz.com.br\/ribeiraopreto-regiao\/sp\/2022\/08\/23\/operacao-inocencia-prende-mais-cinco-homens-suspeitos-em-rede-de-prostituicao#primaryimage"},"thumbnailUrl":"https:\/\/redenoticiaz.com.br\/ribeiraopreto-regiao\/wp-content\/uploads\/sites\/4\/2022\/08\/Captura-de-Tela-179.png","datePublished":"2022-08-23T19:32:34+00:00","description":"GOE, DIG e DISE, prendeu cinco homens acusados de participar em rede de prostitui\u00e7\u00e3o contra meninas com idades de 11 a 13 anos.","inLanguage":"pt-BR","potentialAction":[{"@type":"ReadAction","target":["https:\/\/redenoticiaz.com.br\/ribeiraopreto-regiao\/sp\/2022\/08\/23\/operacao-inocencia-prende-mais-cinco-homens-suspeitos-em-rede-de-prostituicao"]}]},{"@type":"ImageObject","inLanguage":"pt-BR","@id":"https:\/\/redenoticiaz.com.br\/ribeiraopreto-regiao\/sp\/2022\/08\/23\/operacao-inocencia-prende-mais-cinco-homens-suspeitos-em-rede-de-prostituicao#primaryimage","url":"https:\/\/redenoticiaz.com.br\/ribeiraopreto-regiao\/wp-content\/uploads\/sites\/4\/2022\/08\/Captura-de-Tela-179.png","contentUrl":"https:\/\/redenoticiaz.com.br\/ribeiraopreto-regiao\/wp-content\/uploads\/sites\/4\/2022\/08\/Captura-de-Tela-179.png","width":630,"height":402,"caption":"Cr\u00e9dito: Reprodu\u00e7\u00e3o"},{"@type":"WebSite","@id":"https:\/\/redenoticiaz.com.br\/ribeiraopreto-regiao\/#website","url":"https:\/\/redenoticiaz.com.br\/ribeiraopreto-regiao\/","name":"Ribeir\u00e3o Preto e Regi\u00e3o","description":"Rede NoticiaZ - Ribeir\u00e3o Preto e regi\u00e3o","publisher":{"@id":"https:\/\/redenoticiaz.com.br\/ribeiraopreto-regiao\/#organization"},"potentialAction":[{"@type":"SearchAction","target":{"@type":"EntryPoint","urlTemplate":"https:\/\/redenoticiaz.com.br\/ribeiraopreto-regiao\/?s={search_term_string}"},"query-input":{"@type":"PropertyValueSpecification","valueRequired":true,"valueName":"search_term_string"}}],"inLanguage":"pt-BR"},{"@type":"Organization","@id":"https:\/\/redenoticiaz.com.br\/ribeiraopreto-regiao\/#organization","name":"Ribeir\u00e3o Preto e Regi\u00e3o","url":"https:\/\/redenoticiaz.com.br\/ribeiraopreto-regiao\/","logo":{"@type":"ImageObject","inLanguage":"pt-BR","@id":"https:\/\/redenoticiaz.com.br\/ribeiraopreto-regiao\/#\/schema\/logo\/image\/","url":"https:\/\/redenoticiaz.com.br\/barretos-regiao\/wp-content\/uploads\/sites\/4\/2022\/02\/logo.jpg","contentUrl":"https:\/\/redenoticiaz.com.br\/barretos-regiao\/wp-content\/uploads\/sites\/4\/2022\/02\/logo.jpg","width":400,"height":250,"caption":"Ribeir\u00e3o Preto e Regi\u00e3o"},"image":{"@id":"https:\/\/redenoticiaz.com.br\/ribeiraopreto-regiao\/#\/schema\/logo\/image\/"},"sameAs":["https:\/\/m.facebook.com\/redenoticiaz.barretos","https:\/\/x.com\/RN_barretos","https:\/\/www.instagram.com\/redenoticiaz.barretos\/?igshid=YmMyMTA2M2Y","https:\/\/www.linkedin.com\/company\/rede-noticiaz-barretos-e-regio\/"]},{"@type":"Person","@id":"","url":"https:\/\/redenoticiaz.com.br\/ribeiraopreto-regiao\/sp\/author"}]}},"_links":{"self":[{"href":"https:\/\/redenoticiaz.com.br\/ribeiraopreto-regiao\/wp-json\/wp\/v2\/posts\/90529","targetHints":{"allow":["GET"]}}],"collection":[{"href":"https:\/\/redenoticiaz.com.br\/ribeiraopreto-regiao\/wp-json\/wp\/v2\/posts"}],"about":[{"href":"https:\/\/redenoticiaz.com.br\/ribeiraopreto-regiao\/wp-json\/wp\/v2\/types\/post"}],"author":[{"embeddable":true,"href":"https:\/\/redenoticiaz.com.br\/ribeiraopreto-regiao\/wp-json\/wp\/v2\/users\/15"}],"replies":[{"embeddable":true,"href":"https:\/\/redenoticiaz.com.br\/ribeiraopreto-regiao\/wp-json\/wp\/v2\/comments?post=90529"}],"version-history":[{"count":1,"href":"https:\/\/redenoticiaz.com.br\/ribeiraopreto-regiao\/wp-json\/wp\/v2\/posts\/90529\/revisions"}],"predecessor-version":[{"id":90531,"href":"https:\/\/redenoticiaz.com.br\/ribeiraopreto-regiao\/wp-json\/wp\/v2\/posts\/90529\/revisions\/90531"}],"wp:featuredmedia":[{"embeddable":true,"href":"https:\/\/redenoticiaz.com.br\/ribeiraopreto-regiao\/wp-json\/wp\/v2\/media\/90530"}],"wp:attachment":[{"href":"https:\/\/redenoticiaz.com.br\/ribeiraopreto-regiao\/wp-json\/wp\/v2\/media?parent=90529"}],"wp:term":[{"taxonomy":"category","embeddable":true,"href":"https:\/\/redenoticiaz.com.br\/ribeiraopreto-regiao\/wp-json\/wp\/v2\/categories?post=90529"},{"taxonomy":"post_tag","embeddable":true,"href":"https:\/\/redenoticiaz.com.br\/ribeiraopreto-regiao\/wp-json\/wp\/v2\/tags?post=90529"}],"curies":[{"name":"wp","href":"https:\/\/api.w.org\/{rel}","templated":true}]}}