{"id":90567,"date":"2022-08-24T15:42:53","date_gmt":"2022-08-24T18:42:53","guid":{"rendered":"https:\/\/redenoticiaz.com.br\/barretos-regiao\/?p=90567"},"modified":"2022-08-24T15:42:53","modified_gmt":"2022-08-24T18:42:53","slug":"obra-de-revitalizacao-e-ampliacao-do-1-pelotao-de-cavalaria-e-finalizada","status":"publish","type":"post","link":"https:\/\/redenoticiaz.com.br\/ribeiraopreto-regiao\/sp\/2022\/08\/24\/obra-de-revitalizacao-e-ampliacao-do-1-pelotao-de-cavalaria-e-finalizada","title":{"rendered":"Obra de revitaliza\u00e7\u00e3o e amplia\u00e7\u00e3o do 1\u00b0 Pelot\u00e3o de Cavalaria \u00e9 finalizada"},"content":{"rendered":"<p>A prefeitura da Est\u00e2ncia Tur\u00edstica de Barretos entrega obra de reforma, amplia\u00e7\u00e3o e melhorias do 1\u00b0 Pelot\u00e3o de Cavalaria que integra o 11\u00b0 Batalh\u00e3o de Opera\u00e7\u00f5es Especiais \u2013 BAEP. A revitaliza\u00e7\u00e3o do espa\u00e7o, localizado nas depend\u00eancias do Recinto Paulo de Lima Correa, \u00e9 resultado de uma parceria entre o Executivo e a C\u00e2mara dos Vereadores com o objetivo de garantir a perman\u00eancia do efetivo no munic\u00edpio.<\/p>\n<p>A prefeita Paula relembrou que ao tomar conhecimento da possiblidade de o Pelot\u00e3o de Cavalaria deixar Barretos por falta de estrutura em sua instala\u00e7\u00e3o, iniciou, com apoio do Legislativo, uma negocia\u00e7\u00e3o pela continuidade. <em>&#8220;O Pelot\u00e3o de Cavalaria \u00e9 de extrema import\u00e2ncia para Barretos. Uma for\u00e7a de seguran\u00e7a que n\u00e3o poderia deixar o mun\u00edcipio. Buscamos entender as necessidades e com o apoio total da C\u00e2mara dos Vereadores vamos entregar essa obra, que garantiu a perman\u00eancia da pol\u00edcia montada em Barretos&#8221;<\/em>, salientou.<br \/>\n<b><\/b><\/p>\n<p><b>Revitaliza\u00e7\u00e3o e amplia\u00e7\u00e3o<\/b><br \/>\nA obra, no valor de R$ 559.003,19, contemplou a amplia\u00e7\u00e3o do espa\u00e7o em 80 m\u00b2 e refor\u00e7o e melhorias na pista coberta, dormit\u00f3rio, vesti\u00e1rios, banheiros, copa e cozinha, dep\u00f3sitos, nas 20 baias e na \u00e1rea para banho dos cavalos. Foram feitas substitui\u00e7\u00f5es da rede el\u00e9trica e vidra\u00e7as, pintura e coloca\u00e7\u00e3o de novos pisos.<\/p>\n<p><strong>VEJA TAMB\u00c9M:\u00a0<a href=\"https:\/\/redenoticiaz.com.br\/barretos-regiao\/sp\/2022\/08\/23\/denuncia-leva-policia-a-encontrar-arma-em-residencia\">Den\u00fancia leva Pol\u00edcia a encontrar arma em resid\u00eancia<\/a><\/strong><\/p>\n","protected":false},"excerpt":{"rendered":"<p>A prefeitura da Est\u00e2ncia Tur\u00edstica de Barretos entrega obra de reforma, amplia\u00e7\u00e3o e melhorias do 1\u00b0 Pelot\u00e3o de Cavalaria que integra o 11\u00b0 Batalh\u00e3o de Opera\u00e7\u00f5es Especiais \u2013 BAEP. A revitaliza\u00e7\u00e3o do espa\u00e7o, localizado nas depend\u00eancias do Recinto Paulo de Lima Correa, \u00e9 resultado de uma parceria entre o Executivo e a C\u00e2mara dos Vereadores &hellip;<\/p>\n","protected":false},"author":15,"featured_media":90568,"comment_status":"open","ping_status":"closed","sticky":false,"template":"","format":"standard","meta":{"footnotes":""},"categories":[2920,186],"tags":[17821,64,17066,19896,9610],"class_list":["post-90567","post","type-post","status-publish","format-standard","has-post-thumbnail","hentry","category-obras","category-politica","tag-aniversario","tag-barretos","tag-obra","tag-pelotao-cavalaria","tag-policia"],"yoast_head":"<!-- This site is optimized with the Yoast SEO plugin v27.4 - https:\/\/yoast.com\/product\/yoast-seo-wordpress\/ -->\n<title>Obra de revitaliza\u00e7\u00e3o e amplia\u00e7\u00e3o do 1\u00b0 Pelot\u00e3o de Cavalaria \u00e9 finalizada - Ribeir\u00e3o Preto e Regi\u00e3o<\/title>\n<meta name=\"description\" content=\"Barretos entrega obra de reforma, amplia\u00e7\u00e3o e melhorias do 1\u00b0 Pelot\u00e3o de Cavalaria que integra o 11\u00b0 Batalh\u00e3o de Opera\u00e7\u00f5es Especiais \u2013 BAEP.\" \/>\n<meta name=\"robots\" content=\"index, follow, max-snippet:-1, max-image-preview:large, max-video-preview:-1\" \/>\n<link rel=\"canonical\" href=\"https:\/\/redenoticiaz.com.br\/ribeiraopreto-regiao\/sp\/2022\/08\/24\/obra-de-revitalizacao-e-ampliacao-do-1-pelotao-de-cavalaria-e-finalizada\" \/>\n<meta property=\"og:locale\" content=\"pt_BR\" \/>\n<meta property=\"og:type\" content=\"article\" \/>\n<meta property=\"og:title\" content=\"Obra de revitaliza\u00e7\u00e3o e amplia\u00e7\u00e3o do 1\u00b0 Pelot\u00e3o de Cavalaria \u00e9 finalizada - Ribeir\u00e3o Preto e Regi\u00e3o\" \/>\n<meta property=\"og:description\" content=\"Barretos entrega obra de reforma, amplia\u00e7\u00e3o e melhorias do 1\u00b0 Pelot\u00e3o de Cavalaria que integra o 11\u00b0 Batalh\u00e3o de Opera\u00e7\u00f5es Especiais \u2013 BAEP.\" \/>\n<meta property=\"og:url\" content=\"https:\/\/redenoticiaz.com.br\/ribeiraopreto-regiao\/sp\/2022\/08\/24\/obra-de-revitalizacao-e-ampliacao-do-1-pelotao-de-cavalaria-e-finalizada\" \/>\n<meta property=\"og:site_name\" content=\"Ribeir\u00e3o Preto e Regi\u00e3o\" \/>\n<meta property=\"article:publisher\" content=\"https:\/\/m.facebook.com\/redenoticiaz.barretos\" \/>\n<meta property=\"article:published_time\" content=\"2022-08-24T18:42:53+00:00\" \/>\n<meta property=\"og:image\" content=\"https:\/\/redenoticiaz.com.br\/ribeiraopreto-regiao\/wp-content\/uploads\/sites\/4\/2022\/08\/cavalaria.jpeg\" \/>\n\t<meta property=\"og:image:width\" content=\"822\" \/>\n\t<meta property=\"og:image:height\" content=\"636\" \/>\n\t<meta property=\"og:image:type\" content=\"image\/jpeg\" \/>\n<meta name=\"twitter:card\" content=\"summary_large_image\" \/>\n<meta name=\"twitter:creator\" content=\"@RN_barretos\" \/>\n<meta name=\"twitter:site\" content=\"@RN_barretos\" \/>\n<meta name=\"twitter:label1\" content=\"Escrito por\" \/>\n\t<meta name=\"twitter:data1\" content=\"\" \/>\n\t<meta name=\"twitter:label2\" content=\"Est. tempo de leitura\" \/>\n\t<meta name=\"twitter:data2\" content=\"2 minutos\" \/>\n<script type=\"application\/ld+json\" class=\"yoast-schema-graph\">{\"@context\":\"https:\\\/\\\/schema.org\",\"@graph\":[{\"@type\":\"Article\",\"@id\":\"https:\\\/\\\/redenoticiaz.com.br\\\/ribeiraopreto-regiao\\\/sp\\\/2022\\\/08\\\/24\\\/obra-de-revitalizacao-e-ampliacao-do-1-pelotao-de-cavalaria-e-finalizada#article\",\"isPartOf\":{\"@id\":\"https:\\\/\\\/redenoticiaz.com.br\\\/ribeiraopreto-regiao\\\/sp\\\/2022\\\/08\\\/24\\\/obra-de-revitalizacao-e-ampliacao-do-1-pelotao-de-cavalaria-e-finalizada\"},\"author\":{\"name\":\"\",\"@id\":\"\"},\"headline\":\"Obra de revitaliza\u00e7\u00e3o e amplia\u00e7\u00e3o do 1\u00b0 Pelot\u00e3o de Cavalaria \u00e9 finalizada\",\"datePublished\":\"2022-08-24T18:42:53+00:00\",\"mainEntityOfPage\":{\"@id\":\"https:\\\/\\\/redenoticiaz.com.br\\\/ribeiraopreto-regiao\\\/sp\\\/2022\\\/08\\\/24\\\/obra-de-revitalizacao-e-ampliacao-do-1-pelotao-de-cavalaria-e-finalizada\"},\"wordCount\":257,\"commentCount\":0,\"publisher\":{\"@id\":\"https:\\\/\\\/redenoticiaz.com.br\\\/ribeiraopreto-regiao\\\/#organization\"},\"image\":{\"@id\":\"https:\\\/\\\/redenoticiaz.com.br\\\/ribeiraopreto-regiao\\\/sp\\\/2022\\\/08\\\/24\\\/obra-de-revitalizacao-e-ampliacao-do-1-pelotao-de-cavalaria-e-finalizada#primaryimage\"},\"thumbnailUrl\":\"https:\\\/\\\/redenoticiaz.com.br\\\/ribeiraopreto-regiao\\\/wp-content\\\/uploads\\\/sites\\\/4\\\/2022\\\/08\\\/cavalaria.jpeg\",\"keywords\":[\"ANIVERS\u00c1RIO\",\"BARRETOS\",\"OBRA\",\"PELOT\u00c3O CAVALARIA\",\"Pol\u00edcia\"],\"articleSection\":[\"Obras\",\"Pol\u00edtica\"],\"inLanguage\":\"pt-BR\",\"potentialAction\":[{\"@type\":\"CommentAction\",\"name\":\"Comment\",\"target\":[\"https:\\\/\\\/redenoticiaz.com.br\\\/ribeiraopreto-regiao\\\/sp\\\/2022\\\/08\\\/24\\\/obra-de-revitalizacao-e-ampliacao-do-1-pelotao-de-cavalaria-e-finalizada#respond\"]}]},{\"@type\":\"WebPage\",\"@id\":\"https:\\\/\\\/redenoticiaz.com.br\\\/ribeiraopreto-regiao\\\/sp\\\/2022\\\/08\\\/24\\\/obra-de-revitalizacao-e-ampliacao-do-1-pelotao-de-cavalaria-e-finalizada\",\"url\":\"https:\\\/\\\/redenoticiaz.com.br\\\/ribeiraopreto-regiao\\\/sp\\\/2022\\\/08\\\/24\\\/obra-de-revitalizacao-e-ampliacao-do-1-pelotao-de-cavalaria-e-finalizada\",\"name\":\"Obra de revitaliza\u00e7\u00e3o e amplia\u00e7\u00e3o do 1\u00b0 Pelot\u00e3o de Cavalaria \u00e9 finalizada - Ribeir\u00e3o Preto e Regi\u00e3o\",\"isPartOf\":{\"@id\":\"https:\\\/\\\/redenoticiaz.com.br\\\/ribeiraopreto-regiao\\\/#website\"},\"primaryImageOfPage\":{\"@id\":\"https:\\\/\\\/redenoticiaz.com.br\\\/ribeiraopreto-regiao\\\/sp\\\/2022\\\/08\\\/24\\\/obra-de-revitalizacao-e-ampliacao-do-1-pelotao-de-cavalaria-e-finalizada#primaryimage\"},\"image\":{\"@id\":\"https:\\\/\\\/redenoticiaz.com.br\\\/ribeiraopreto-regiao\\\/sp\\\/2022\\\/08\\\/24\\\/obra-de-revitalizacao-e-ampliacao-do-1-pelotao-de-cavalaria-e-finalizada#primaryimage\"},\"thumbnailUrl\":\"https:\\\/\\\/redenoticiaz.com.br\\\/ribeiraopreto-regiao\\\/wp-content\\\/uploads\\\/sites\\\/4\\\/2022\\\/08\\\/cavalaria.jpeg\",\"datePublished\":\"2022-08-24T18:42:53+00:00\",\"description\":\"Barretos entrega obra de reforma, amplia\u00e7\u00e3o e melhorias do 1\u00b0 Pelot\u00e3o de Cavalaria que integra o 11\u00b0 Batalh\u00e3o de Opera\u00e7\u00f5es Especiais \u2013 BAEP.\",\"inLanguage\":\"pt-BR\",\"potentialAction\":[{\"@type\":\"ReadAction\",\"target\":[\"https:\\\/\\\/redenoticiaz.com.br\\\/ribeiraopreto-regiao\\\/sp\\\/2022\\\/08\\\/24\\\/obra-de-revitalizacao-e-ampliacao-do-1-pelotao-de-cavalaria-e-finalizada\"]}]},{\"@type\":\"ImageObject\",\"inLanguage\":\"pt-BR\",\"@id\":\"https:\\\/\\\/redenoticiaz.com.br\\\/ribeiraopreto-regiao\\\/sp\\\/2022\\\/08\\\/24\\\/obra-de-revitalizacao-e-ampliacao-do-1-pelotao-de-cavalaria-e-finalizada#primaryimage\",\"url\":\"https:\\\/\\\/redenoticiaz.com.br\\\/ribeiraopreto-regiao\\\/wp-content\\\/uploads\\\/sites\\\/4\\\/2022\\\/08\\\/cavalaria.jpeg\",\"contentUrl\":\"https:\\\/\\\/redenoticiaz.com.br\\\/ribeiraopreto-regiao\\\/wp-content\\\/uploads\\\/sites\\\/4\\\/2022\\\/08\\\/cavalaria.jpeg\",\"width\":822,\"height\":636,\"caption\":\"Cr\u00e9dito: Divulga\u00e7\u00e3o\"},{\"@type\":\"WebSite\",\"@id\":\"https:\\\/\\\/redenoticiaz.com.br\\\/ribeiraopreto-regiao\\\/#website\",\"url\":\"https:\\\/\\\/redenoticiaz.com.br\\\/ribeiraopreto-regiao\\\/\",\"name\":\"Ribeir\u00e3o Preto e Regi\u00e3o\",\"description\":\"Rede NoticiaZ - Ribeir\u00e3o Preto e regi\u00e3o\",\"publisher\":{\"@id\":\"https:\\\/\\\/redenoticiaz.com.br\\\/ribeiraopreto-regiao\\\/#organization\"},\"potentialAction\":[{\"@type\":\"SearchAction\",\"target\":{\"@type\":\"EntryPoint\",\"urlTemplate\":\"https:\\\/\\\/redenoticiaz.com.br\\\/ribeiraopreto-regiao\\\/?s={search_term_string}\"},\"query-input\":{\"@type\":\"PropertyValueSpecification\",\"valueRequired\":true,\"valueName\":\"search_term_string\"}}],\"inLanguage\":\"pt-BR\"},{\"@type\":\"Organization\",\"@id\":\"https:\\\/\\\/redenoticiaz.com.br\\\/ribeiraopreto-regiao\\\/#organization\",\"name\":\"Ribeir\u00e3o Preto e Regi\u00e3o\",\"url\":\"https:\\\/\\\/redenoticiaz.com.br\\\/ribeiraopreto-regiao\\\/\",\"logo\":{\"@type\":\"ImageObject\",\"inLanguage\":\"pt-BR\",\"@id\":\"https:\\\/\\\/redenoticiaz.com.br\\\/ribeiraopreto-regiao\\\/#\\\/schema\\\/logo\\\/image\\\/\",\"url\":\"https:\\\/\\\/redenoticiaz.com.br\\\/barretos-regiao\\\/wp-content\\\/uploads\\\/sites\\\/4\\\/2022\\\/02\\\/logo.jpg\",\"contentUrl\":\"https:\\\/\\\/redenoticiaz.com.br\\\/barretos-regiao\\\/wp-content\\\/uploads\\\/sites\\\/4\\\/2022\\\/02\\\/logo.jpg\",\"width\":400,\"height\":250,\"caption\":\"Ribeir\u00e3o Preto e Regi\u00e3o\"},\"image\":{\"@id\":\"https:\\\/\\\/redenoticiaz.com.br\\\/ribeiraopreto-regiao\\\/#\\\/schema\\\/logo\\\/image\\\/\"},\"sameAs\":[\"https:\\\/\\\/m.facebook.com\\\/redenoticiaz.barretos\",\"https:\\\/\\\/x.com\\\/RN_barretos\",\"https:\\\/\\\/www.instagram.com\\\/redenoticiaz.barretos\\\/?igshid=YmMyMTA2M2Y\",\"https:\\\/\\\/www.linkedin.com\\\/company\\\/rede-noticiaz-barretos-e-regio\\\/\"]},{\"@type\":\"Person\",\"@id\":\"\",\"url\":\"https:\\\/\\\/redenoticiaz.com.br\\\/ribeiraopreto-regiao\\\/sp\\\/author\"}]}<\/script>\n<!-- \/ Yoast SEO plugin. -->","yoast_head_json":{"title":"Obra de revitaliza\u00e7\u00e3o e amplia\u00e7\u00e3o do 1\u00b0 Pelot\u00e3o de Cavalaria \u00e9 finalizada - Ribeir\u00e3o Preto e Regi\u00e3o","description":"Barretos entrega obra de reforma, amplia\u00e7\u00e3o e melhorias do 1\u00b0 Pelot\u00e3o de Cavalaria que integra o 11\u00b0 Batalh\u00e3o de Opera\u00e7\u00f5es Especiais \u2013 BAEP.","robots":{"index":"index","follow":"follow","max-snippet":"max-snippet:-1","max-image-preview":"max-image-preview:large","max-video-preview":"max-video-preview:-1"},"canonical":"https:\/\/redenoticiaz.com.br\/ribeiraopreto-regiao\/sp\/2022\/08\/24\/obra-de-revitalizacao-e-ampliacao-do-1-pelotao-de-cavalaria-e-finalizada","og_locale":"pt_BR","og_type":"article","og_title":"Obra de revitaliza\u00e7\u00e3o e amplia\u00e7\u00e3o do 1\u00b0 Pelot\u00e3o de Cavalaria \u00e9 finalizada - Ribeir\u00e3o Preto e Regi\u00e3o","og_description":"Barretos entrega obra de reforma, amplia\u00e7\u00e3o e melhorias do 1\u00b0 Pelot\u00e3o de Cavalaria que integra o 11\u00b0 Batalh\u00e3o de Opera\u00e7\u00f5es Especiais \u2013 BAEP.","og_url":"https:\/\/redenoticiaz.com.br\/ribeiraopreto-regiao\/sp\/2022\/08\/24\/obra-de-revitalizacao-e-ampliacao-do-1-pelotao-de-cavalaria-e-finalizada","og_site_name":"Ribeir\u00e3o Preto e Regi\u00e3o","article_publisher":"https:\/\/m.facebook.com\/redenoticiaz.barretos","article_published_time":"2022-08-24T18:42:53+00:00","og_image":[{"width":822,"height":636,"url":"https:\/\/redenoticiaz.com.br\/ribeiraopreto-regiao\/wp-content\/uploads\/sites\/4\/2022\/08\/cavalaria.jpeg","type":"image\/jpeg"}],"twitter_card":"summary_large_image","twitter_creator":"@RN_barretos","twitter_site":"@RN_barretos","twitter_misc":{"Escrito por":"","Est. tempo de leitura":"2 minutos"},"schema":{"@context":"https:\/\/schema.org","@graph":[{"@type":"Article","@id":"https:\/\/redenoticiaz.com.br\/ribeiraopreto-regiao\/sp\/2022\/08\/24\/obra-de-revitalizacao-e-ampliacao-do-1-pelotao-de-cavalaria-e-finalizada#article","isPartOf":{"@id":"https:\/\/redenoticiaz.com.br\/ribeiraopreto-regiao\/sp\/2022\/08\/24\/obra-de-revitalizacao-e-ampliacao-do-1-pelotao-de-cavalaria-e-finalizada"},"author":{"name":"","@id":""},"headline":"Obra de revitaliza\u00e7\u00e3o e amplia\u00e7\u00e3o do 1\u00b0 Pelot\u00e3o de Cavalaria \u00e9 finalizada","datePublished":"2022-08-24T18:42:53+00:00","mainEntityOfPage":{"@id":"https:\/\/redenoticiaz.com.br\/ribeiraopreto-regiao\/sp\/2022\/08\/24\/obra-de-revitalizacao-e-ampliacao-do-1-pelotao-de-cavalaria-e-finalizada"},"wordCount":257,"commentCount":0,"publisher":{"@id":"https:\/\/redenoticiaz.com.br\/ribeiraopreto-regiao\/#organization"},"image":{"@id":"https:\/\/redenoticiaz.com.br\/ribeiraopreto-regiao\/sp\/2022\/08\/24\/obra-de-revitalizacao-e-ampliacao-do-1-pelotao-de-cavalaria-e-finalizada#primaryimage"},"thumbnailUrl":"https:\/\/redenoticiaz.com.br\/ribeiraopreto-regiao\/wp-content\/uploads\/sites\/4\/2022\/08\/cavalaria.jpeg","keywords":["ANIVERS\u00c1RIO","BARRETOS","OBRA","PELOT\u00c3O CAVALARIA","Pol\u00edcia"],"articleSection":["Obras","Pol\u00edtica"],"inLanguage":"pt-BR","potentialAction":[{"@type":"CommentAction","name":"Comment","target":["https:\/\/redenoticiaz.com.br\/ribeiraopreto-regiao\/sp\/2022\/08\/24\/obra-de-revitalizacao-e-ampliacao-do-1-pelotao-de-cavalaria-e-finalizada#respond"]}]},{"@type":"WebPage","@id":"https:\/\/redenoticiaz.com.br\/ribeiraopreto-regiao\/sp\/2022\/08\/24\/obra-de-revitalizacao-e-ampliacao-do-1-pelotao-de-cavalaria-e-finalizada","url":"https:\/\/redenoticiaz.com.br\/ribeiraopreto-regiao\/sp\/2022\/08\/24\/obra-de-revitalizacao-e-ampliacao-do-1-pelotao-de-cavalaria-e-finalizada","name":"Obra de revitaliza\u00e7\u00e3o e amplia\u00e7\u00e3o do 1\u00b0 Pelot\u00e3o de Cavalaria \u00e9 finalizada - Ribeir\u00e3o Preto e Regi\u00e3o","isPartOf":{"@id":"https:\/\/redenoticiaz.com.br\/ribeiraopreto-regiao\/#website"},"primaryImageOfPage":{"@id":"https:\/\/redenoticiaz.com.br\/ribeiraopreto-regiao\/sp\/2022\/08\/24\/obra-de-revitalizacao-e-ampliacao-do-1-pelotao-de-cavalaria-e-finalizada#primaryimage"},"image":{"@id":"https:\/\/redenoticiaz.com.br\/ribeiraopreto-regiao\/sp\/2022\/08\/24\/obra-de-revitalizacao-e-ampliacao-do-1-pelotao-de-cavalaria-e-finalizada#primaryimage"},"thumbnailUrl":"https:\/\/redenoticiaz.com.br\/ribeiraopreto-regiao\/wp-content\/uploads\/sites\/4\/2022\/08\/cavalaria.jpeg","datePublished":"2022-08-24T18:42:53+00:00","description":"Barretos entrega obra de reforma, amplia\u00e7\u00e3o e melhorias do 1\u00b0 Pelot\u00e3o de Cavalaria que integra o 11\u00b0 Batalh\u00e3o de Opera\u00e7\u00f5es Especiais \u2013 BAEP.","inLanguage":"pt-BR","potentialAction":[{"@type":"ReadAction","target":["https:\/\/redenoticiaz.com.br\/ribeiraopreto-regiao\/sp\/2022\/08\/24\/obra-de-revitalizacao-e-ampliacao-do-1-pelotao-de-cavalaria-e-finalizada"]}]},{"@type":"ImageObject","inLanguage":"pt-BR","@id":"https:\/\/redenoticiaz.com.br\/ribeiraopreto-regiao\/sp\/2022\/08\/24\/obra-de-revitalizacao-e-ampliacao-do-1-pelotao-de-cavalaria-e-finalizada#primaryimage","url":"https:\/\/redenoticiaz.com.br\/ribeiraopreto-regiao\/wp-content\/uploads\/sites\/4\/2022\/08\/cavalaria.jpeg","contentUrl":"https:\/\/redenoticiaz.com.br\/ribeiraopreto-regiao\/wp-content\/uploads\/sites\/4\/2022\/08\/cavalaria.jpeg","width":822,"height":636,"caption":"Cr\u00e9dito: Divulga\u00e7\u00e3o"},{"@type":"WebSite","@id":"https:\/\/redenoticiaz.com.br\/ribeiraopreto-regiao\/#website","url":"https:\/\/redenoticiaz.com.br\/ribeiraopreto-regiao\/","name":"Ribeir\u00e3o Preto e Regi\u00e3o","description":"Rede NoticiaZ - Ribeir\u00e3o Preto e regi\u00e3o","publisher":{"@id":"https:\/\/redenoticiaz.com.br\/ribeiraopreto-regiao\/#organization"},"potentialAction":[{"@type":"SearchAction","target":{"@type":"EntryPoint","urlTemplate":"https:\/\/redenoticiaz.com.br\/ribeiraopreto-regiao\/?s={search_term_string}"},"query-input":{"@type":"PropertyValueSpecification","valueRequired":true,"valueName":"search_term_string"}}],"inLanguage":"pt-BR"},{"@type":"Organization","@id":"https:\/\/redenoticiaz.com.br\/ribeiraopreto-regiao\/#organization","name":"Ribeir\u00e3o Preto e Regi\u00e3o","url":"https:\/\/redenoticiaz.com.br\/ribeiraopreto-regiao\/","logo":{"@type":"ImageObject","inLanguage":"pt-BR","@id":"https:\/\/redenoticiaz.com.br\/ribeiraopreto-regiao\/#\/schema\/logo\/image\/","url":"https:\/\/redenoticiaz.com.br\/barretos-regiao\/wp-content\/uploads\/sites\/4\/2022\/02\/logo.jpg","contentUrl":"https:\/\/redenoticiaz.com.br\/barretos-regiao\/wp-content\/uploads\/sites\/4\/2022\/02\/logo.jpg","width":400,"height":250,"caption":"Ribeir\u00e3o Preto e Regi\u00e3o"},"image":{"@id":"https:\/\/redenoticiaz.com.br\/ribeiraopreto-regiao\/#\/schema\/logo\/image\/"},"sameAs":["https:\/\/m.facebook.com\/redenoticiaz.barretos","https:\/\/x.com\/RN_barretos","https:\/\/www.instagram.com\/redenoticiaz.barretos\/?igshid=YmMyMTA2M2Y","https:\/\/www.linkedin.com\/company\/rede-noticiaz-barretos-e-regio\/"]},{"@type":"Person","@id":"","url":"https:\/\/redenoticiaz.com.br\/ribeiraopreto-regiao\/sp\/author"}]}},"_links":{"self":[{"href":"https:\/\/redenoticiaz.com.br\/ribeiraopreto-regiao\/wp-json\/wp\/v2\/posts\/90567","targetHints":{"allow":["GET"]}}],"collection":[{"href":"https:\/\/redenoticiaz.com.br\/ribeiraopreto-regiao\/wp-json\/wp\/v2\/posts"}],"about":[{"href":"https:\/\/redenoticiaz.com.br\/ribeiraopreto-regiao\/wp-json\/wp\/v2\/types\/post"}],"author":[{"embeddable":true,"href":"https:\/\/redenoticiaz.com.br\/ribeiraopreto-regiao\/wp-json\/wp\/v2\/users\/15"}],"replies":[{"embeddable":true,"href":"https:\/\/redenoticiaz.com.br\/ribeiraopreto-regiao\/wp-json\/wp\/v2\/comments?post=90567"}],"version-history":[{"count":1,"href":"https:\/\/redenoticiaz.com.br\/ribeiraopreto-regiao\/wp-json\/wp\/v2\/posts\/90567\/revisions"}],"predecessor-version":[{"id":90569,"href":"https:\/\/redenoticiaz.com.br\/ribeiraopreto-regiao\/wp-json\/wp\/v2\/posts\/90567\/revisions\/90569"}],"wp:featuredmedia":[{"embeddable":true,"href":"https:\/\/redenoticiaz.com.br\/ribeiraopreto-regiao\/wp-json\/wp\/v2\/media\/90568"}],"wp:attachment":[{"href":"https:\/\/redenoticiaz.com.br\/ribeiraopreto-regiao\/wp-json\/wp\/v2\/media?parent=90567"}],"wp:term":[{"taxonomy":"category","embeddable":true,"href":"https:\/\/redenoticiaz.com.br\/ribeiraopreto-regiao\/wp-json\/wp\/v2\/categories?post=90567"},{"taxonomy":"post_tag","embeddable":true,"href":"https:\/\/redenoticiaz.com.br\/ribeiraopreto-regiao\/wp-json\/wp\/v2\/tags?post=90567"}],"curies":[{"name":"wp","href":"https:\/\/api.w.org\/{rel}","templated":true}]}}