{"id":90618,"date":"2022-08-27T18:00:14","date_gmt":"2022-08-27T21:00:14","guid":{"rendered":"https:\/\/redenoticiaz.com.br\/barretos-regiao\/?p=90618"},"modified":"2022-08-25T00:56:40","modified_gmt":"2022-08-25T03:56:40","slug":"figurinhas-do-album-da-copa-descubra-os-valores-e-as-curiosidades-desta-edicao","status":"publish","type":"post","link":"https:\/\/redenoticiaz.com.br\/ribeiraopreto-regiao\/sp\/2022\/08\/27\/figurinhas-do-album-da-copa-descubra-os-valores-e-as-curiosidades-desta-edicao","title":{"rendered":"Figurinhas do \u00e1lbum da Copa; descubra os valores e as curiosidades desta edi\u00e7\u00e3o"},"content":{"rendered":"<p>Para a alegria dos brasileiros, o <strong>\u00e1lbum da Copa 2022<\/strong> j\u00e1 est\u00e1 dispon\u00edvel nas bancas de jornais brasileiras. Nesta edi\u00e7\u00e3o, a febre de colecionar figurinhas ir\u00e1 trazer aos colecionadores vers\u00f5es raras.<\/p>\n<p>A princ\u00edpio <strong>\u00e1lbum da Copa<\/strong> do Mundo\u00a0\u00e9 comercializado em mais de <strong>150 pa\u00edses<\/strong>. Lan\u00e7ado pela primeira vez em <strong>1970<\/strong>, a cole\u00e7\u00e3o \u00e9 febre entre os torcedores.<\/p>\n<p>A fabricante <a href=\"https:\/\/panini.com.br\/\"><strong>Panini<\/strong><\/a>,respons\u00e1vel pela elabora\u00e7\u00e3o, que produziu a edi\u00e7\u00e3o de <strong>2022<\/strong> juntamente com \u00e0 <a href=\"https:\/\/www.fifa.com\/\"><strong>Fifa<\/strong> <\/a>e definiu a identidade visual das p\u00e1ginas e das figurinhas.<\/p>\n<p>Segundo a empresa, o \u00e1lbum tem <strong>670<\/strong> figurinhas, sendo <strong>50<\/strong> especiais e <strong>80 raras<\/strong>.<\/p>\n<h5><strong>Veja abaixo os valores;<\/strong><\/h5>\n<ul>\n<li><strong>\u00c1lbum normal:<\/strong>\u00a0R$ 12,00<\/li>\n<li><strong>\u00c1lbum de capa dura:<\/strong>\u00a0R$ 44,90<\/li>\n<li><strong>Pacote com 5 figurinhas:<\/strong> R$ 4,00<\/li>\n<\/ul>\n<p>Portanto, para\u00a0 que o \u00e1lbum seja completado, o colecionar ir\u00e1 ter que desembol\u00e7ar\u00a0R$ <strong>536<\/strong>. Entretanto, para o torcedor gaste todo esse valor \u00e9 preciso que ele n\u00e3o receba nenhuma figurinha repetida, totalizando 670 em 134 pacotes.<\/p>\n<h5>Confira em seguida, os pre\u00e7os dos pacotes de figurinhas das copas anteriores.<\/h5>\n<ul>\n<li><strong>Copa de 2006:<\/strong>\u00a0R$ 0,50<\/li>\n<li><strong>Copa de 2010:<\/strong>\u00a0R$ 0,75<\/li>\n<li><strong>Copa de 2014:<\/strong>\u00a0R$ 1<\/li>\n<li><strong>Copa de 2018:<\/strong>\u00a0R$ 2<\/li>\n<li><strong>Copa de 2022:<\/strong>\u00a0R$ 4<\/li>\n<\/ul>\n<p>O pre\u00e7o atual foi um choque entre os torcedores, que pagaram\u00a0<strong>R$ 2,00<\/strong>\u00a0no Mundial de 2018.<\/p>\n<p>Algumas pessoas acreditam na f\u00e1bula de que \u00e9 poss\u00edvel ganhar algum brinde depois de colar todas as figurinhas. Por\u00e9m infelizmente ao completar o \u00e1lbum n\u00e3o se ganha nada. Mas algumas <strong>&#8220;Bancas locais&#8221;<\/strong> podem oferecer algum tipo de brinde para os clientes, mas a Panini n\u00e3o confirma nada sobre isso.<\/p>\n<p>Tamb\u00e9m neste ano, o Nubank anunciou uma parceria com a marca para oferecer <strong>18<\/strong> <strong>conte\u00fados<\/strong> e <strong>algumas<\/strong> <strong>experi\u00eancias<\/strong> <strong>especiais<\/strong>, aos clientes do banco que est\u00e3o colecionando o \u00e1lbum.<\/p>\n<p>Atrav\u00e9s de um comunicado a empresa informou que, quem adquirir o \u00e1lbum ter\u00e1 acesso a uma <strong>p\u00e1gina especial do Nubank<\/strong> com um QR Code. Que te levar\u00e1 a conte\u00fados e experi\u00eancias que mudaram toda semana.<\/p>\n<p>Por fim, para fecharmos com chave de ouro, iremos falar um pouco sobre o <strong>\u00e1lbum da copa do mundo 2022 vers\u00e3o virtual. <\/strong>Dispon\u00edvel para <strong>navegadores<\/strong> e <strong>celulares<\/strong> <strong>android<\/strong>, o livro digital permite adquirir um pacote de figurinhas por dia, de forma gratuita.<\/p>\n<p>Al\u00e9m disso, \u00e9 poss\u00edvel escane\u00e1-las de pacotes f\u00edsicos ou troc\u00e1-las virtualmente com amigos, que podem se organizar em grupos de at\u00e9 10 colecionadores. O livro conta com cromos de todas as sele\u00e7\u00f5es e jogadores que participar\u00e3o da <strong>Copa do Mundo 2022 no Catar<\/strong>.<\/p>\n<p>VEJA TAMB\u00c9M:<\/p>\n<p><a href=\"https:\/\/redenoticiaz.com.br\/blog\/2022\/08\/18\/fifa-ja-vendeu-245-milhoes-de-ingressos-para-a-copa-do-mundo\">Fifa j\u00e1 vendeu 2,45 milh\u00f5es de ingressos para a Copa do Mundo<\/a><\/p>\n","protected":false},"excerpt":{"rendered":"<p>Para a alegria dos brasileiros, o \u00e1lbum da Copa 2022 j\u00e1 est\u00e1 dispon\u00edvel nas bancas de jornais brasileiras. Nesta edi\u00e7\u00e3o, a febre de colecionar figurinhas ir\u00e1 trazer aos colecionadores vers\u00f5es raras. A princ\u00edpio \u00e1lbum da Copa do Mundo\u00a0\u00e9 comercializado em mais de 150 pa\u00edses. Lan\u00e7ado pela primeira vez em 1970, a cole\u00e7\u00e3o \u00e9 febre entre &hellip;<\/p>\n","protected":false},"author":26,"featured_media":90619,"comment_status":"open","ping_status":"closed","sticky":false,"template":"","format":"standard","meta":{"footnotes":""},"categories":[469,134,87,68],"tags":[19909,7572,19689,574,387],"class_list":["post-90618","post","type-post","status-publish","format-standard","has-post-thumbnail","hentry","category-cultura","category-entretenimento","category-esporte","category-mundo","tag-album","tag-catar","tag-copa","tag-fifa","tag-futebol"],"yoast_head":"<!-- This site is optimized with the Yoast SEO plugin v27.4 - https:\/\/yoast.com\/product\/yoast-seo-wordpress\/ -->\n<title>Figurinhas do \u00e1lbum da Copa; descubra os valores e as curiosidades desta edi\u00e7\u00e3o - Ribeir\u00e3o Preto e Regi\u00e3o<\/title>\n<meta name=\"description\" content=\"Para a alegria dos brasileiros, o \u00e1lbum da Copa 2022 j\u00e1 est\u00e1 dispon\u00edvel nas bancas de jornais brasileiras.\" \/>\n<meta name=\"robots\" content=\"index, follow, max-snippet:-1, max-image-preview:large, max-video-preview:-1\" \/>\n<link rel=\"canonical\" href=\"https:\/\/redenoticiaz.com.br\/ribeiraopreto-regiao\/sp\/2022\/08\/27\/figurinhas-do-album-da-copa-descubra-os-valores-e-as-curiosidades-desta-edicao\" \/>\n<meta property=\"og:locale\" content=\"pt_BR\" \/>\n<meta property=\"og:type\" content=\"article\" \/>\n<meta property=\"og:title\" content=\"Figurinhas do \u00e1lbum da Copa; descubra os valores e as curiosidades desta edi\u00e7\u00e3o - Ribeir\u00e3o Preto e Regi\u00e3o\" \/>\n<meta property=\"og:description\" content=\"Para a alegria dos brasileiros, o \u00e1lbum da Copa 2022 j\u00e1 est\u00e1 dispon\u00edvel nas bancas de jornais brasileiras.\" \/>\n<meta property=\"og:url\" content=\"https:\/\/redenoticiaz.com.br\/ribeiraopreto-regiao\/sp\/2022\/08\/27\/figurinhas-do-album-da-copa-descubra-os-valores-e-as-curiosidades-desta-edicao\" \/>\n<meta property=\"og:site_name\" content=\"Ribeir\u00e3o Preto e Regi\u00e3o\" \/>\n<meta property=\"article:publisher\" content=\"https:\/\/m.facebook.com\/redenoticiaz.barretos\" \/>\n<meta property=\"article:published_time\" content=\"2022-08-27T21:00:14+00:00\" \/>\n<meta property=\"og:image\" content=\"https:\/\/redenoticiaz.com.br\/ribeiraopreto-regiao\/wp-content\/uploads\/sites\/4\/2022\/08\/Design-sem-nome-7.jpg?v=1661399550\" \/>\n\t<meta property=\"og:image:width\" content=\"540\" \/>\n\t<meta property=\"og:image:height\" content=\"540\" \/>\n\t<meta property=\"og:image:type\" content=\"image\/jpeg\" \/>\n<meta name=\"twitter:card\" content=\"summary_large_image\" \/>\n<meta name=\"twitter:creator\" content=\"@RN_barretos\" \/>\n<meta name=\"twitter:site\" content=\"@RN_barretos\" \/>\n<meta name=\"twitter:label1\" content=\"Escrito por\" \/>\n\t<meta name=\"twitter:data1\" content=\"\" \/>\n\t<meta name=\"twitter:label2\" content=\"Est. tempo de leitura\" \/>\n\t<meta name=\"twitter:data2\" content=\"3 minutos\" \/>\n<script type=\"application\/ld+json\" class=\"yoast-schema-graph\">{\"@context\":\"https:\\\/\\\/schema.org\",\"@graph\":[{\"@type\":\"Article\",\"@id\":\"https:\\\/\\\/redenoticiaz.com.br\\\/ribeiraopreto-regiao\\\/sp\\\/2022\\\/08\\\/27\\\/figurinhas-do-album-da-copa-descubra-os-valores-e-as-curiosidades-desta-edicao#article\",\"isPartOf\":{\"@id\":\"https:\\\/\\\/redenoticiaz.com.br\\\/ribeiraopreto-regiao\\\/sp\\\/2022\\\/08\\\/27\\\/figurinhas-do-album-da-copa-descubra-os-valores-e-as-curiosidades-desta-edicao\"},\"author\":{\"name\":\"\",\"@id\":\"\"},\"headline\":\"Figurinhas do \u00e1lbum da Copa; descubra os valores e as curiosidades desta edi\u00e7\u00e3o\",\"datePublished\":\"2022-08-27T21:00:14+00:00\",\"mainEntityOfPage\":{\"@id\":\"https:\\\/\\\/redenoticiaz.com.br\\\/ribeiraopreto-regiao\\\/sp\\\/2022\\\/08\\\/27\\\/figurinhas-do-album-da-copa-descubra-os-valores-e-as-curiosidades-desta-edicao\"},\"wordCount\":436,\"commentCount\":0,\"publisher\":{\"@id\":\"https:\\\/\\\/redenoticiaz.com.br\\\/ribeiraopreto-regiao\\\/#organization\"},\"image\":{\"@id\":\"https:\\\/\\\/redenoticiaz.com.br\\\/ribeiraopreto-regiao\\\/sp\\\/2022\\\/08\\\/27\\\/figurinhas-do-album-da-copa-descubra-os-valores-e-as-curiosidades-desta-edicao#primaryimage\"},\"thumbnailUrl\":\"https:\\\/\\\/redenoticiaz.com.br\\\/ribeiraopreto-regiao\\\/wp-content\\\/uploads\\\/sites\\\/4\\\/2022\\\/08\\\/Design-sem-nome-7.jpg?v=1661399550\",\"keywords\":[\"\u00c1LBUM\",\"CATAR\",\"Copa\",\"FIFA\",\"FUTEBOL\"],\"articleSection\":[\"Cultura\",\"Entretenimento\",\"Esporte\",\"Mundo\"],\"inLanguage\":\"pt-BR\",\"potentialAction\":[{\"@type\":\"CommentAction\",\"name\":\"Comment\",\"target\":[\"https:\\\/\\\/redenoticiaz.com.br\\\/ribeiraopreto-regiao\\\/sp\\\/2022\\\/08\\\/27\\\/figurinhas-do-album-da-copa-descubra-os-valores-e-as-curiosidades-desta-edicao#respond\"]}]},{\"@type\":\"WebPage\",\"@id\":\"https:\\\/\\\/redenoticiaz.com.br\\\/ribeiraopreto-regiao\\\/sp\\\/2022\\\/08\\\/27\\\/figurinhas-do-album-da-copa-descubra-os-valores-e-as-curiosidades-desta-edicao\",\"url\":\"https:\\\/\\\/redenoticiaz.com.br\\\/ribeiraopreto-regiao\\\/sp\\\/2022\\\/08\\\/27\\\/figurinhas-do-album-da-copa-descubra-os-valores-e-as-curiosidades-desta-edicao\",\"name\":\"Figurinhas do \u00e1lbum da Copa; descubra os valores e as curiosidades desta edi\u00e7\u00e3o - Ribeir\u00e3o Preto e Regi\u00e3o\",\"isPartOf\":{\"@id\":\"https:\\\/\\\/redenoticiaz.com.br\\\/ribeiraopreto-regiao\\\/#website\"},\"primaryImageOfPage\":{\"@id\":\"https:\\\/\\\/redenoticiaz.com.br\\\/ribeiraopreto-regiao\\\/sp\\\/2022\\\/08\\\/27\\\/figurinhas-do-album-da-copa-descubra-os-valores-e-as-curiosidades-desta-edicao#primaryimage\"},\"image\":{\"@id\":\"https:\\\/\\\/redenoticiaz.com.br\\\/ribeiraopreto-regiao\\\/sp\\\/2022\\\/08\\\/27\\\/figurinhas-do-album-da-copa-descubra-os-valores-e-as-curiosidades-desta-edicao#primaryimage\"},\"thumbnailUrl\":\"https:\\\/\\\/redenoticiaz.com.br\\\/ribeiraopreto-regiao\\\/wp-content\\\/uploads\\\/sites\\\/4\\\/2022\\\/08\\\/Design-sem-nome-7.jpg?v=1661399550\",\"datePublished\":\"2022-08-27T21:00:14+00:00\",\"description\":\"Para a alegria dos brasileiros, o \u00e1lbum da Copa 2022 j\u00e1 est\u00e1 dispon\u00edvel nas bancas de jornais brasileiras.\",\"inLanguage\":\"pt-BR\",\"potentialAction\":[{\"@type\":\"ReadAction\",\"target\":[\"https:\\\/\\\/redenoticiaz.com.br\\\/ribeiraopreto-regiao\\\/sp\\\/2022\\\/08\\\/27\\\/figurinhas-do-album-da-copa-descubra-os-valores-e-as-curiosidades-desta-edicao\"]}]},{\"@type\":\"ImageObject\",\"inLanguage\":\"pt-BR\",\"@id\":\"https:\\\/\\\/redenoticiaz.com.br\\\/ribeiraopreto-regiao\\\/sp\\\/2022\\\/08\\\/27\\\/figurinhas-do-album-da-copa-descubra-os-valores-e-as-curiosidades-desta-edicao#primaryimage\",\"url\":\"https:\\\/\\\/redenoticiaz.com.br\\\/ribeiraopreto-regiao\\\/wp-content\\\/uploads\\\/sites\\\/4\\\/2022\\\/08\\\/Design-sem-nome-7.jpg?v=1661399550\",\"contentUrl\":\"https:\\\/\\\/redenoticiaz.com.br\\\/ribeiraopreto-regiao\\\/wp-content\\\/uploads\\\/sites\\\/4\\\/2022\\\/08\\\/Design-sem-nome-7.jpg?v=1661399550\",\"width\":540,\"height\":540,\"caption\":\"\u00c1lbum e figurinhas da copa 2022. Cr\u00e9ditos: Reprodu\u00e7\u00e3o\"},{\"@type\":\"WebSite\",\"@id\":\"https:\\\/\\\/redenoticiaz.com.br\\\/ribeiraopreto-regiao\\\/#website\",\"url\":\"https:\\\/\\\/redenoticiaz.com.br\\\/ribeiraopreto-regiao\\\/\",\"name\":\"Ribeir\u00e3o Preto e Regi\u00e3o\",\"description\":\"Rede NoticiaZ - Ribeir\u00e3o Preto e regi\u00e3o\",\"publisher\":{\"@id\":\"https:\\\/\\\/redenoticiaz.com.br\\\/ribeiraopreto-regiao\\\/#organization\"},\"potentialAction\":[{\"@type\":\"SearchAction\",\"target\":{\"@type\":\"EntryPoint\",\"urlTemplate\":\"https:\\\/\\\/redenoticiaz.com.br\\\/ribeiraopreto-regiao\\\/?s={search_term_string}\"},\"query-input\":{\"@type\":\"PropertyValueSpecification\",\"valueRequired\":true,\"valueName\":\"search_term_string\"}}],\"inLanguage\":\"pt-BR\"},{\"@type\":\"Organization\",\"@id\":\"https:\\\/\\\/redenoticiaz.com.br\\\/ribeiraopreto-regiao\\\/#organization\",\"name\":\"Ribeir\u00e3o Preto e Regi\u00e3o\",\"url\":\"https:\\\/\\\/redenoticiaz.com.br\\\/ribeiraopreto-regiao\\\/\",\"logo\":{\"@type\":\"ImageObject\",\"inLanguage\":\"pt-BR\",\"@id\":\"https:\\\/\\\/redenoticiaz.com.br\\\/ribeiraopreto-regiao\\\/#\\\/schema\\\/logo\\\/image\\\/\",\"url\":\"https:\\\/\\\/redenoticiaz.com.br\\\/barretos-regiao\\\/wp-content\\\/uploads\\\/sites\\\/4\\\/2022\\\/02\\\/logo.jpg\",\"contentUrl\":\"https:\\\/\\\/redenoticiaz.com.br\\\/barretos-regiao\\\/wp-content\\\/uploads\\\/sites\\\/4\\\/2022\\\/02\\\/logo.jpg\",\"width\":400,\"height\":250,\"caption\":\"Ribeir\u00e3o Preto e Regi\u00e3o\"},\"image\":{\"@id\":\"https:\\\/\\\/redenoticiaz.com.br\\\/ribeiraopreto-regiao\\\/#\\\/schema\\\/logo\\\/image\\\/\"},\"sameAs\":[\"https:\\\/\\\/m.facebook.com\\\/redenoticiaz.barretos\",\"https:\\\/\\\/x.com\\\/RN_barretos\",\"https:\\\/\\\/www.instagram.com\\\/redenoticiaz.barretos\\\/?igshid=YmMyMTA2M2Y\",\"https:\\\/\\\/www.linkedin.com\\\/company\\\/rede-noticiaz-barretos-e-regio\\\/\"]},{\"@type\":\"Person\",\"@id\":\"\",\"url\":\"https:\\\/\\\/redenoticiaz.com.br\\\/ribeiraopreto-regiao\\\/sp\\\/author\"}]}<\/script>\n<!-- \/ Yoast SEO plugin. -->","yoast_head_json":{"title":"Figurinhas do \u00e1lbum da Copa; descubra os valores e as curiosidades desta edi\u00e7\u00e3o - Ribeir\u00e3o Preto e Regi\u00e3o","description":"Para a alegria dos brasileiros, o \u00e1lbum da Copa 2022 j\u00e1 est\u00e1 dispon\u00edvel nas bancas de jornais brasileiras.","robots":{"index":"index","follow":"follow","max-snippet":"max-snippet:-1","max-image-preview":"max-image-preview:large","max-video-preview":"max-video-preview:-1"},"canonical":"https:\/\/redenoticiaz.com.br\/ribeiraopreto-regiao\/sp\/2022\/08\/27\/figurinhas-do-album-da-copa-descubra-os-valores-e-as-curiosidades-desta-edicao","og_locale":"pt_BR","og_type":"article","og_title":"Figurinhas do \u00e1lbum da Copa; descubra os valores e as curiosidades desta edi\u00e7\u00e3o - Ribeir\u00e3o Preto e Regi\u00e3o","og_description":"Para a alegria dos brasileiros, o \u00e1lbum da Copa 2022 j\u00e1 est\u00e1 dispon\u00edvel nas bancas de jornais brasileiras.","og_url":"https:\/\/redenoticiaz.com.br\/ribeiraopreto-regiao\/sp\/2022\/08\/27\/figurinhas-do-album-da-copa-descubra-os-valores-e-as-curiosidades-desta-edicao","og_site_name":"Ribeir\u00e3o Preto e Regi\u00e3o","article_publisher":"https:\/\/m.facebook.com\/redenoticiaz.barretos","article_published_time":"2022-08-27T21:00:14+00:00","og_image":[{"width":540,"height":540,"url":"https:\/\/redenoticiaz.com.br\/ribeiraopreto-regiao\/wp-content\/uploads\/sites\/4\/2022\/08\/Design-sem-nome-7.jpg?v=1661399550","type":"image\/jpeg"}],"twitter_card":"summary_large_image","twitter_creator":"@RN_barretos","twitter_site":"@RN_barretos","twitter_misc":{"Escrito por":"","Est. tempo de leitura":"3 minutos"},"schema":{"@context":"https:\/\/schema.org","@graph":[{"@type":"Article","@id":"https:\/\/redenoticiaz.com.br\/ribeiraopreto-regiao\/sp\/2022\/08\/27\/figurinhas-do-album-da-copa-descubra-os-valores-e-as-curiosidades-desta-edicao#article","isPartOf":{"@id":"https:\/\/redenoticiaz.com.br\/ribeiraopreto-regiao\/sp\/2022\/08\/27\/figurinhas-do-album-da-copa-descubra-os-valores-e-as-curiosidades-desta-edicao"},"author":{"name":"","@id":""},"headline":"Figurinhas do \u00e1lbum da Copa; descubra os valores e as curiosidades desta edi\u00e7\u00e3o","datePublished":"2022-08-27T21:00:14+00:00","mainEntityOfPage":{"@id":"https:\/\/redenoticiaz.com.br\/ribeiraopreto-regiao\/sp\/2022\/08\/27\/figurinhas-do-album-da-copa-descubra-os-valores-e-as-curiosidades-desta-edicao"},"wordCount":436,"commentCount":0,"publisher":{"@id":"https:\/\/redenoticiaz.com.br\/ribeiraopreto-regiao\/#organization"},"image":{"@id":"https:\/\/redenoticiaz.com.br\/ribeiraopreto-regiao\/sp\/2022\/08\/27\/figurinhas-do-album-da-copa-descubra-os-valores-e-as-curiosidades-desta-edicao#primaryimage"},"thumbnailUrl":"https:\/\/redenoticiaz.com.br\/ribeiraopreto-regiao\/wp-content\/uploads\/sites\/4\/2022\/08\/Design-sem-nome-7.jpg?v=1661399550","keywords":["\u00c1LBUM","CATAR","Copa","FIFA","FUTEBOL"],"articleSection":["Cultura","Entretenimento","Esporte","Mundo"],"inLanguage":"pt-BR","potentialAction":[{"@type":"CommentAction","name":"Comment","target":["https:\/\/redenoticiaz.com.br\/ribeiraopreto-regiao\/sp\/2022\/08\/27\/figurinhas-do-album-da-copa-descubra-os-valores-e-as-curiosidades-desta-edicao#respond"]}]},{"@type":"WebPage","@id":"https:\/\/redenoticiaz.com.br\/ribeiraopreto-regiao\/sp\/2022\/08\/27\/figurinhas-do-album-da-copa-descubra-os-valores-e-as-curiosidades-desta-edicao","url":"https:\/\/redenoticiaz.com.br\/ribeiraopreto-regiao\/sp\/2022\/08\/27\/figurinhas-do-album-da-copa-descubra-os-valores-e-as-curiosidades-desta-edicao","name":"Figurinhas do \u00e1lbum da Copa; descubra os valores e as curiosidades desta edi\u00e7\u00e3o - Ribeir\u00e3o Preto e Regi\u00e3o","isPartOf":{"@id":"https:\/\/redenoticiaz.com.br\/ribeiraopreto-regiao\/#website"},"primaryImageOfPage":{"@id":"https:\/\/redenoticiaz.com.br\/ribeiraopreto-regiao\/sp\/2022\/08\/27\/figurinhas-do-album-da-copa-descubra-os-valores-e-as-curiosidades-desta-edicao#primaryimage"},"image":{"@id":"https:\/\/redenoticiaz.com.br\/ribeiraopreto-regiao\/sp\/2022\/08\/27\/figurinhas-do-album-da-copa-descubra-os-valores-e-as-curiosidades-desta-edicao#primaryimage"},"thumbnailUrl":"https:\/\/redenoticiaz.com.br\/ribeiraopreto-regiao\/wp-content\/uploads\/sites\/4\/2022\/08\/Design-sem-nome-7.jpg?v=1661399550","datePublished":"2022-08-27T21:00:14+00:00","description":"Para a alegria dos brasileiros, o \u00e1lbum da Copa 2022 j\u00e1 est\u00e1 dispon\u00edvel nas bancas de jornais brasileiras.","inLanguage":"pt-BR","potentialAction":[{"@type":"ReadAction","target":["https:\/\/redenoticiaz.com.br\/ribeiraopreto-regiao\/sp\/2022\/08\/27\/figurinhas-do-album-da-copa-descubra-os-valores-e-as-curiosidades-desta-edicao"]}]},{"@type":"ImageObject","inLanguage":"pt-BR","@id":"https:\/\/redenoticiaz.com.br\/ribeiraopreto-regiao\/sp\/2022\/08\/27\/figurinhas-do-album-da-copa-descubra-os-valores-e-as-curiosidades-desta-edicao#primaryimage","url":"https:\/\/redenoticiaz.com.br\/ribeiraopreto-regiao\/wp-content\/uploads\/sites\/4\/2022\/08\/Design-sem-nome-7.jpg?v=1661399550","contentUrl":"https:\/\/redenoticiaz.com.br\/ribeiraopreto-regiao\/wp-content\/uploads\/sites\/4\/2022\/08\/Design-sem-nome-7.jpg?v=1661399550","width":540,"height":540,"caption":"\u00c1lbum e figurinhas da copa 2022. Cr\u00e9ditos: Reprodu\u00e7\u00e3o"},{"@type":"WebSite","@id":"https:\/\/redenoticiaz.com.br\/ribeiraopreto-regiao\/#website","url":"https:\/\/redenoticiaz.com.br\/ribeiraopreto-regiao\/","name":"Ribeir\u00e3o Preto e Regi\u00e3o","description":"Rede NoticiaZ - Ribeir\u00e3o Preto e regi\u00e3o","publisher":{"@id":"https:\/\/redenoticiaz.com.br\/ribeiraopreto-regiao\/#organization"},"potentialAction":[{"@type":"SearchAction","target":{"@type":"EntryPoint","urlTemplate":"https:\/\/redenoticiaz.com.br\/ribeiraopreto-regiao\/?s={search_term_string}"},"query-input":{"@type":"PropertyValueSpecification","valueRequired":true,"valueName":"search_term_string"}}],"inLanguage":"pt-BR"},{"@type":"Organization","@id":"https:\/\/redenoticiaz.com.br\/ribeiraopreto-regiao\/#organization","name":"Ribeir\u00e3o Preto e Regi\u00e3o","url":"https:\/\/redenoticiaz.com.br\/ribeiraopreto-regiao\/","logo":{"@type":"ImageObject","inLanguage":"pt-BR","@id":"https:\/\/redenoticiaz.com.br\/ribeiraopreto-regiao\/#\/schema\/logo\/image\/","url":"https:\/\/redenoticiaz.com.br\/barretos-regiao\/wp-content\/uploads\/sites\/4\/2022\/02\/logo.jpg","contentUrl":"https:\/\/redenoticiaz.com.br\/barretos-regiao\/wp-content\/uploads\/sites\/4\/2022\/02\/logo.jpg","width":400,"height":250,"caption":"Ribeir\u00e3o Preto e Regi\u00e3o"},"image":{"@id":"https:\/\/redenoticiaz.com.br\/ribeiraopreto-regiao\/#\/schema\/logo\/image\/"},"sameAs":["https:\/\/m.facebook.com\/redenoticiaz.barretos","https:\/\/x.com\/RN_barretos","https:\/\/www.instagram.com\/redenoticiaz.barretos\/?igshid=YmMyMTA2M2Y","https:\/\/www.linkedin.com\/company\/rede-noticiaz-barretos-e-regio\/"]},{"@type":"Person","@id":"","url":"https:\/\/redenoticiaz.com.br\/ribeiraopreto-regiao\/sp\/author"}]}},"_links":{"self":[{"href":"https:\/\/redenoticiaz.com.br\/ribeiraopreto-regiao\/wp-json\/wp\/v2\/posts\/90618","targetHints":{"allow":["GET"]}}],"collection":[{"href":"https:\/\/redenoticiaz.com.br\/ribeiraopreto-regiao\/wp-json\/wp\/v2\/posts"}],"about":[{"href":"https:\/\/redenoticiaz.com.br\/ribeiraopreto-regiao\/wp-json\/wp\/v2\/types\/post"}],"author":[{"embeddable":true,"href":"https:\/\/redenoticiaz.com.br\/ribeiraopreto-regiao\/wp-json\/wp\/v2\/users\/26"}],"replies":[{"embeddable":true,"href":"https:\/\/redenoticiaz.com.br\/ribeiraopreto-regiao\/wp-json\/wp\/v2\/comments?post=90618"}],"version-history":[{"count":0,"href":"https:\/\/redenoticiaz.com.br\/ribeiraopreto-regiao\/wp-json\/wp\/v2\/posts\/90618\/revisions"}],"wp:featuredmedia":[{"embeddable":true,"href":"https:\/\/redenoticiaz.com.br\/ribeiraopreto-regiao\/wp-json\/wp\/v2\/media\/90619"}],"wp:attachment":[{"href":"https:\/\/redenoticiaz.com.br\/ribeiraopreto-regiao\/wp-json\/wp\/v2\/media?parent=90618"}],"wp:term":[{"taxonomy":"category","embeddable":true,"href":"https:\/\/redenoticiaz.com.br\/ribeiraopreto-regiao\/wp-json\/wp\/v2\/categories?post=90618"},{"taxonomy":"post_tag","embeddable":true,"href":"https:\/\/redenoticiaz.com.br\/ribeiraopreto-regiao\/wp-json\/wp\/v2\/tags?post=90618"}],"curies":[{"name":"wp","href":"https:\/\/api.w.org\/{rel}","templated":true}]}}