{"id":90811,"date":"2022-09-03T11:00:57","date_gmt":"2022-09-03T14:00:57","guid":{"rendered":"https:\/\/redenoticiaz.com.br\/barretos-regiao\/?p=90811"},"modified":"2022-08-29T21:08:57","modified_gmt":"2022-08-30T00:08:57","slug":"quem-vai-para-a-fazenda-da-record-este-ano","status":"publish","type":"post","link":"https:\/\/redenoticiaz.com.br\/ribeiraopreto-regiao\/sp\/2022\/09\/03\/quem-vai-para-a-fazenda-da-record-este-ano","title":{"rendered":"Quem vai para \u201cA Fazenda\u201d da Record este ano?"},"content":{"rendered":"<p>O segundo semestre do ano teve inicio e com ele chega tamb\u00e9m as especula\u00e7\u00f5es de quem ir\u00e1 integrar o elenco do segundo reality mais assistido do pa\u00eds, &#8220;A Fazenda&#8221; da Rede Record.<\/p>\n<p>De acordo com listas que foram vazadas na internet, Deolane Bezerra j\u00e1 assinou contrato com a emissora paulista e est\u00e1 com os dois p\u00e9s na sede.<\/p>\n<p>Ainda de acordo com fontes pr\u00f3ximas a produ\u00e7\u00e3o, a ex-bbb Kerline Cardoso, primeira eliminada do BBB 21 \u00e9 uma das principais cotadas para A Fazenda deste ano.<\/p>\n<p>Sendo assim, o elenco masculino tamb\u00e9m j\u00e1 tem seus contratados. O cantor Latino parece ter aceitado o convite da emissora ap\u00f3s anos negando sua participa\u00e7\u00e3o.<\/p>\n<p>O influenciador digital Victor Igoh, ex-noivo de Sthe Matos que participou da edi\u00e7\u00e3o de 2022 e causou pol\u00eamica com seus amassos em outra homem casado, \u00e9 certeza no elenco.<\/p>\n<h2><strong>Apresenta\u00e7\u00e3o<\/strong><\/h2>\n<p>Adriano Galisteu segue no comando do reality, j\u00e1 que foi bem avaliada pelos telespectadores e pela audi\u00eancia e o vencedor da edi\u00e7\u00e3o 2021 Rico Melquiades ir\u00e1 participar atrav\u00e9s de Flashs na programa\u00e7\u00e3o.<\/p>\n<p>A pr\u00e9-estreia vai ao ar em 12 de setembro.<\/p>\n<p><strong>Leia mais<\/strong><\/p>\n<p><a href=\"https:\/\/redenoticiaz.com.br\/blog\/2022\/04\/27\/arthur-aguiar-leva-a-22a-edicao-do-bbb-e-fatura-premio-de-r-15-milhao\">Ex-BBB La\u00eds Caldas volta a se dedicar na carreira m\u00e9dica<\/a><\/p>\n<p><a href=\"https:\/\/redenoticiaz.com.br\/blog\/2022\/04\/07\/arthur-aguiar-volta-para-o-bbb-22\">Arthur Aguiar volta para o BBB 22<\/a><\/p>\n","protected":false},"excerpt":{"rendered":"<p>O segundo semestre do ano teve inicio e com ele chega tamb\u00e9m as especula\u00e7\u00f5es de quem ir\u00e1 integrar o elenco do segundo reality mais assistido do pa\u00eds, &#8220;A Fazenda&#8221; da Rede Record. De acordo com listas que foram vazadas na internet, Deolane Bezerra j\u00e1 assinou contrato com a emissora paulista e est\u00e1 com os dois &hellip;<\/p>\n","protected":false},"author":12,"featured_media":90812,"comment_status":"open","ping_status":"closed","sticky":false,"template":"","format":"standard","meta":{"footnotes":""},"categories":[1],"tags":[19970,448,18857,19971],"class_list":["post-90811","post","type-post","status-publish","format-standard","has-post-thumbnail","hentry","category-cidades","tag-a-fazenda","tag-bbb","tag-deolane","tag-kerline-cardoso"],"yoast_head":"<!-- This site is optimized with the Yoast SEO plugin v27.4 - https:\/\/yoast.com\/product\/yoast-seo-wordpress\/ -->\n<title>Quem vai para \u201cA Fazenda\u201d da Record este ano? - Ribeir\u00e3o Preto e Regi\u00e3o<\/title>\n<meta name=\"description\" content=\"O segundo semestre do ano teve inicio e com ele chega tamb\u00e9m as especula\u00e7\u00f5es de quem ir\u00e1 integrar o elenco do segundo reality mais assistido do pa\u00eds, &quot;A Fazenda&quot; da Rede Record.\" \/>\n<meta name=\"robots\" content=\"index, follow, max-snippet:-1, max-image-preview:large, max-video-preview:-1\" \/>\n<link rel=\"canonical\" href=\"https:\/\/redenoticiaz.com.br\/ribeiraopreto-regiao\/sp\/2022\/09\/03\/quem-vai-para-a-fazenda-da-record-este-ano\" \/>\n<meta property=\"og:locale\" content=\"pt_BR\" \/>\n<meta property=\"og:type\" content=\"article\" \/>\n<meta property=\"og:title\" content=\"Quem vai para \u201cA Fazenda\u201d da Record este ano? - Ribeir\u00e3o Preto e Regi\u00e3o\" \/>\n<meta property=\"og:description\" content=\"O segundo semestre do ano teve inicio e com ele chega tamb\u00e9m as especula\u00e7\u00f5es de quem ir\u00e1 integrar o elenco do segundo reality mais assistido do pa\u00eds, &quot;A Fazenda&quot; da Rede Record.\" \/>\n<meta property=\"og:url\" content=\"https:\/\/redenoticiaz.com.br\/ribeiraopreto-regiao\/sp\/2022\/09\/03\/quem-vai-para-a-fazenda-da-record-este-ano\" \/>\n<meta property=\"og:site_name\" content=\"Ribeir\u00e3o Preto e Regi\u00e3o\" \/>\n<meta property=\"article:publisher\" content=\"https:\/\/m.facebook.com\/redenoticiaz.barretos\" \/>\n<meta property=\"article:published_time\" content=\"2022-09-03T14:00:57+00:00\" \/>\n<meta property=\"og:image\" content=\"https:\/\/redenoticiaz.com.br\/ribeiraopreto-regiao\/wp-content\/uploads\/sites\/4\/2022\/08\/deolane-bezerra-kerline-cardoso-instagram_fixed_large.jpg?v=1661818078\" \/>\n\t<meta property=\"og:image:width\" content=\"990\" \/>\n\t<meta property=\"og:image:height\" content=\"619\" \/>\n\t<meta property=\"og:image:type\" content=\"image\/jpeg\" \/>\n<meta name=\"author\" content=\"Gustavo Silva\" \/>\n<meta name=\"twitter:card\" content=\"summary_large_image\" \/>\n<meta name=\"twitter:creator\" content=\"@RN_barretos\" \/>\n<meta name=\"twitter:site\" content=\"@RN_barretos\" \/>\n<meta name=\"twitter:label1\" content=\"Escrito por\" \/>\n\t<meta name=\"twitter:data1\" content=\"Gustavo Silva\" \/>\n\t<meta name=\"twitter:label2\" content=\"Est. tempo de leitura\" \/>\n\t<meta name=\"twitter:data2\" content=\"2 minutos\" \/>\n<script type=\"application\/ld+json\" class=\"yoast-schema-graph\">{\"@context\":\"https:\\\/\\\/schema.org\",\"@graph\":[{\"@type\":\"Article\",\"@id\":\"https:\\\/\\\/redenoticiaz.com.br\\\/ribeiraopreto-regiao\\\/sp\\\/2022\\\/09\\\/03\\\/quem-vai-para-a-fazenda-da-record-este-ano#article\",\"isPartOf\":{\"@id\":\"https:\\\/\\\/redenoticiaz.com.br\\\/ribeiraopreto-regiao\\\/sp\\\/2022\\\/09\\\/03\\\/quem-vai-para-a-fazenda-da-record-este-ano\"},\"author\":{\"name\":\"Gustavo Silva\",\"@id\":\"https:\\\/\\\/redenoticiaz.com.br\\\/ribeiraopreto-regiao\\\/#\\\/schema\\\/person\\\/16057b37a3c0ee6b096d7f887c566e2e\"},\"headline\":\"Quem vai para \u201cA Fazenda\u201d da Record este ano?\",\"datePublished\":\"2022-09-03T14:00:57+00:00\",\"mainEntityOfPage\":{\"@id\":\"https:\\\/\\\/redenoticiaz.com.br\\\/ribeiraopreto-regiao\\\/sp\\\/2022\\\/09\\\/03\\\/quem-vai-para-a-fazenda-da-record-este-ano\"},\"wordCount\":221,\"commentCount\":0,\"publisher\":{\"@id\":\"https:\\\/\\\/redenoticiaz.com.br\\\/ribeiraopreto-regiao\\\/#organization\"},\"image\":{\"@id\":\"https:\\\/\\\/redenoticiaz.com.br\\\/ribeiraopreto-regiao\\\/sp\\\/2022\\\/09\\\/03\\\/quem-vai-para-a-fazenda-da-record-este-ano#primaryimage\"},\"thumbnailUrl\":\"https:\\\/\\\/redenoticiaz.com.br\\\/ribeiraopreto-regiao\\\/wp-content\\\/uploads\\\/sites\\\/4\\\/2022\\\/08\\\/deolane-bezerra-kerline-cardoso-instagram_fixed_large.jpg?v=1661818078\",\"keywords\":[\"A FAZENDA\",\"BBB\",\"deolane\",\"Kerline Cardoso\"],\"articleSection\":[\"Cidades\"],\"inLanguage\":\"pt-BR\",\"potentialAction\":[{\"@type\":\"CommentAction\",\"name\":\"Comment\",\"target\":[\"https:\\\/\\\/redenoticiaz.com.br\\\/ribeiraopreto-regiao\\\/sp\\\/2022\\\/09\\\/03\\\/quem-vai-para-a-fazenda-da-record-este-ano#respond\"]}]},{\"@type\":\"WebPage\",\"@id\":\"https:\\\/\\\/redenoticiaz.com.br\\\/ribeiraopreto-regiao\\\/sp\\\/2022\\\/09\\\/03\\\/quem-vai-para-a-fazenda-da-record-este-ano\",\"url\":\"https:\\\/\\\/redenoticiaz.com.br\\\/ribeiraopreto-regiao\\\/sp\\\/2022\\\/09\\\/03\\\/quem-vai-para-a-fazenda-da-record-este-ano\",\"name\":\"Quem vai para \u201cA Fazenda\u201d da Record este ano? - Ribeir\u00e3o Preto e Regi\u00e3o\",\"isPartOf\":{\"@id\":\"https:\\\/\\\/redenoticiaz.com.br\\\/ribeiraopreto-regiao\\\/#website\"},\"primaryImageOfPage\":{\"@id\":\"https:\\\/\\\/redenoticiaz.com.br\\\/ribeiraopreto-regiao\\\/sp\\\/2022\\\/09\\\/03\\\/quem-vai-para-a-fazenda-da-record-este-ano#primaryimage\"},\"image\":{\"@id\":\"https:\\\/\\\/redenoticiaz.com.br\\\/ribeiraopreto-regiao\\\/sp\\\/2022\\\/09\\\/03\\\/quem-vai-para-a-fazenda-da-record-este-ano#primaryimage\"},\"thumbnailUrl\":\"https:\\\/\\\/redenoticiaz.com.br\\\/ribeiraopreto-regiao\\\/wp-content\\\/uploads\\\/sites\\\/4\\\/2022\\\/08\\\/deolane-bezerra-kerline-cardoso-instagram_fixed_large.jpg?v=1661818078\",\"datePublished\":\"2022-09-03T14:00:57+00:00\",\"description\":\"O segundo semestre do ano teve inicio e com ele chega tamb\u00e9m as especula\u00e7\u00f5es de quem ir\u00e1 integrar o elenco do segundo reality mais assistido do pa\u00eds, \\\"A Fazenda\\\" da Rede Record.\",\"inLanguage\":\"pt-BR\",\"potentialAction\":[{\"@type\":\"ReadAction\",\"target\":[\"https:\\\/\\\/redenoticiaz.com.br\\\/ribeiraopreto-regiao\\\/sp\\\/2022\\\/09\\\/03\\\/quem-vai-para-a-fazenda-da-record-este-ano\"]}]},{\"@type\":\"ImageObject\",\"inLanguage\":\"pt-BR\",\"@id\":\"https:\\\/\\\/redenoticiaz.com.br\\\/ribeiraopreto-regiao\\\/sp\\\/2022\\\/09\\\/03\\\/quem-vai-para-a-fazenda-da-record-este-ano#primaryimage\",\"url\":\"https:\\\/\\\/redenoticiaz.com.br\\\/ribeiraopreto-regiao\\\/wp-content\\\/uploads\\\/sites\\\/4\\\/2022\\\/08\\\/deolane-bezerra-kerline-cardoso-instagram_fixed_large.jpg?v=1661818078\",\"contentUrl\":\"https:\\\/\\\/redenoticiaz.com.br\\\/ribeiraopreto-regiao\\\/wp-content\\\/uploads\\\/sites\\\/4\\\/2022\\\/08\\\/deolane-bezerra-kerline-cardoso-instagram_fixed_large.jpg?v=1661818078\",\"width\":990,\"height\":619,\"caption\":\"Quem vai para \\\"A Fazenda\\\" da Record este ano?\"},{\"@type\":\"WebSite\",\"@id\":\"https:\\\/\\\/redenoticiaz.com.br\\\/ribeiraopreto-regiao\\\/#website\",\"url\":\"https:\\\/\\\/redenoticiaz.com.br\\\/ribeiraopreto-regiao\\\/\",\"name\":\"Ribeir\u00e3o Preto e Regi\u00e3o\",\"description\":\"Rede NoticiaZ - Ribeir\u00e3o Preto e regi\u00e3o\",\"publisher\":{\"@id\":\"https:\\\/\\\/redenoticiaz.com.br\\\/ribeiraopreto-regiao\\\/#organization\"},\"potentialAction\":[{\"@type\":\"SearchAction\",\"target\":{\"@type\":\"EntryPoint\",\"urlTemplate\":\"https:\\\/\\\/redenoticiaz.com.br\\\/ribeiraopreto-regiao\\\/?s={search_term_string}\"},\"query-input\":{\"@type\":\"PropertyValueSpecification\",\"valueRequired\":true,\"valueName\":\"search_term_string\"}}],\"inLanguage\":\"pt-BR\"},{\"@type\":\"Organization\",\"@id\":\"https:\\\/\\\/redenoticiaz.com.br\\\/ribeiraopreto-regiao\\\/#organization\",\"name\":\"Ribeir\u00e3o Preto e Regi\u00e3o\",\"url\":\"https:\\\/\\\/redenoticiaz.com.br\\\/ribeiraopreto-regiao\\\/\",\"logo\":{\"@type\":\"ImageObject\",\"inLanguage\":\"pt-BR\",\"@id\":\"https:\\\/\\\/redenoticiaz.com.br\\\/ribeiraopreto-regiao\\\/#\\\/schema\\\/logo\\\/image\\\/\",\"url\":\"https:\\\/\\\/redenoticiaz.com.br\\\/barretos-regiao\\\/wp-content\\\/uploads\\\/sites\\\/4\\\/2022\\\/02\\\/logo.jpg\",\"contentUrl\":\"https:\\\/\\\/redenoticiaz.com.br\\\/barretos-regiao\\\/wp-content\\\/uploads\\\/sites\\\/4\\\/2022\\\/02\\\/logo.jpg\",\"width\":400,\"height\":250,\"caption\":\"Ribeir\u00e3o Preto e Regi\u00e3o\"},\"image\":{\"@id\":\"https:\\\/\\\/redenoticiaz.com.br\\\/ribeiraopreto-regiao\\\/#\\\/schema\\\/logo\\\/image\\\/\"},\"sameAs\":[\"https:\\\/\\\/m.facebook.com\\\/redenoticiaz.barretos\",\"https:\\\/\\\/x.com\\\/RN_barretos\",\"https:\\\/\\\/www.instagram.com\\\/redenoticiaz.barretos\\\/?igshid=YmMyMTA2M2Y\",\"https:\\\/\\\/www.linkedin.com\\\/company\\\/rede-noticiaz-barretos-e-regio\\\/\"]},{\"@type\":\"Person\",\"@id\":\"https:\\\/\\\/redenoticiaz.com.br\\\/ribeiraopreto-regiao\\\/#\\\/schema\\\/person\\\/16057b37a3c0ee6b096d7f887c566e2e\",\"name\":\"Gustavo Silva\",\"image\":{\"@type\":\"ImageObject\",\"inLanguage\":\"pt-BR\",\"@id\":\"https:\\\/\\\/secure.gravatar.com\\\/avatar\\\/3ee4e82f93b26de0a7cf4ea5eb7893da637ed6bb0c9170c58065944c56e28a33?s=96&d=mm&r=g\",\"url\":\"https:\\\/\\\/secure.gravatar.com\\\/avatar\\\/3ee4e82f93b26de0a7cf4ea5eb7893da637ed6bb0c9170c58065944c56e28a33?s=96&d=mm&r=g\",\"contentUrl\":\"https:\\\/\\\/secure.gravatar.com\\\/avatar\\\/3ee4e82f93b26de0a7cf4ea5eb7893da637ed6bb0c9170c58065944c56e28a33?s=96&d=mm&r=g\",\"caption\":\"Gustavo Silva\"},\"url\":\"https:\\\/\\\/redenoticiaz.com.br\\\/ribeiraopreto-regiao\\\/sp\\\/author\\\/gustavosilva\"}]}<\/script>\n<!-- \/ Yoast SEO plugin. -->","yoast_head_json":{"title":"Quem vai para \u201cA Fazenda\u201d da Record este ano? - Ribeir\u00e3o Preto e Regi\u00e3o","description":"O segundo semestre do ano teve inicio e com ele chega tamb\u00e9m as especula\u00e7\u00f5es de quem ir\u00e1 integrar o elenco do segundo reality mais assistido do pa\u00eds, \"A Fazenda\" da Rede Record.","robots":{"index":"index","follow":"follow","max-snippet":"max-snippet:-1","max-image-preview":"max-image-preview:large","max-video-preview":"max-video-preview:-1"},"canonical":"https:\/\/redenoticiaz.com.br\/ribeiraopreto-regiao\/sp\/2022\/09\/03\/quem-vai-para-a-fazenda-da-record-este-ano","og_locale":"pt_BR","og_type":"article","og_title":"Quem vai para \u201cA Fazenda\u201d da Record este ano? - Ribeir\u00e3o Preto e Regi\u00e3o","og_description":"O segundo semestre do ano teve inicio e com ele chega tamb\u00e9m as especula\u00e7\u00f5es de quem ir\u00e1 integrar o elenco do segundo reality mais assistido do pa\u00eds, \"A Fazenda\" da Rede Record.","og_url":"https:\/\/redenoticiaz.com.br\/ribeiraopreto-regiao\/sp\/2022\/09\/03\/quem-vai-para-a-fazenda-da-record-este-ano","og_site_name":"Ribeir\u00e3o Preto e Regi\u00e3o","article_publisher":"https:\/\/m.facebook.com\/redenoticiaz.barretos","article_published_time":"2022-09-03T14:00:57+00:00","og_image":[{"width":990,"height":619,"url":"https:\/\/redenoticiaz.com.br\/ribeiraopreto-regiao\/wp-content\/uploads\/sites\/4\/2022\/08\/deolane-bezerra-kerline-cardoso-instagram_fixed_large.jpg?v=1661818078","type":"image\/jpeg"}],"author":"Gustavo Silva","twitter_card":"summary_large_image","twitter_creator":"@RN_barretos","twitter_site":"@RN_barretos","twitter_misc":{"Escrito por":"Gustavo Silva","Est. tempo de leitura":"2 minutos"},"schema":{"@context":"https:\/\/schema.org","@graph":[{"@type":"Article","@id":"https:\/\/redenoticiaz.com.br\/ribeiraopreto-regiao\/sp\/2022\/09\/03\/quem-vai-para-a-fazenda-da-record-este-ano#article","isPartOf":{"@id":"https:\/\/redenoticiaz.com.br\/ribeiraopreto-regiao\/sp\/2022\/09\/03\/quem-vai-para-a-fazenda-da-record-este-ano"},"author":{"name":"Gustavo Silva","@id":"https:\/\/redenoticiaz.com.br\/ribeiraopreto-regiao\/#\/schema\/person\/16057b37a3c0ee6b096d7f887c566e2e"},"headline":"Quem vai para \u201cA Fazenda\u201d da Record este ano?","datePublished":"2022-09-03T14:00:57+00:00","mainEntityOfPage":{"@id":"https:\/\/redenoticiaz.com.br\/ribeiraopreto-regiao\/sp\/2022\/09\/03\/quem-vai-para-a-fazenda-da-record-este-ano"},"wordCount":221,"commentCount":0,"publisher":{"@id":"https:\/\/redenoticiaz.com.br\/ribeiraopreto-regiao\/#organization"},"image":{"@id":"https:\/\/redenoticiaz.com.br\/ribeiraopreto-regiao\/sp\/2022\/09\/03\/quem-vai-para-a-fazenda-da-record-este-ano#primaryimage"},"thumbnailUrl":"https:\/\/redenoticiaz.com.br\/ribeiraopreto-regiao\/wp-content\/uploads\/sites\/4\/2022\/08\/deolane-bezerra-kerline-cardoso-instagram_fixed_large.jpg?v=1661818078","keywords":["A FAZENDA","BBB","deolane","Kerline Cardoso"],"articleSection":["Cidades"],"inLanguage":"pt-BR","potentialAction":[{"@type":"CommentAction","name":"Comment","target":["https:\/\/redenoticiaz.com.br\/ribeiraopreto-regiao\/sp\/2022\/09\/03\/quem-vai-para-a-fazenda-da-record-este-ano#respond"]}]},{"@type":"WebPage","@id":"https:\/\/redenoticiaz.com.br\/ribeiraopreto-regiao\/sp\/2022\/09\/03\/quem-vai-para-a-fazenda-da-record-este-ano","url":"https:\/\/redenoticiaz.com.br\/ribeiraopreto-regiao\/sp\/2022\/09\/03\/quem-vai-para-a-fazenda-da-record-este-ano","name":"Quem vai para \u201cA Fazenda\u201d da Record este ano? - Ribeir\u00e3o Preto e Regi\u00e3o","isPartOf":{"@id":"https:\/\/redenoticiaz.com.br\/ribeiraopreto-regiao\/#website"},"primaryImageOfPage":{"@id":"https:\/\/redenoticiaz.com.br\/ribeiraopreto-regiao\/sp\/2022\/09\/03\/quem-vai-para-a-fazenda-da-record-este-ano#primaryimage"},"image":{"@id":"https:\/\/redenoticiaz.com.br\/ribeiraopreto-regiao\/sp\/2022\/09\/03\/quem-vai-para-a-fazenda-da-record-este-ano#primaryimage"},"thumbnailUrl":"https:\/\/redenoticiaz.com.br\/ribeiraopreto-regiao\/wp-content\/uploads\/sites\/4\/2022\/08\/deolane-bezerra-kerline-cardoso-instagram_fixed_large.jpg?v=1661818078","datePublished":"2022-09-03T14:00:57+00:00","description":"O segundo semestre do ano teve inicio e com ele chega tamb\u00e9m as especula\u00e7\u00f5es de quem ir\u00e1 integrar o elenco do segundo reality mais assistido do pa\u00eds, \"A Fazenda\" da Rede Record.","inLanguage":"pt-BR","potentialAction":[{"@type":"ReadAction","target":["https:\/\/redenoticiaz.com.br\/ribeiraopreto-regiao\/sp\/2022\/09\/03\/quem-vai-para-a-fazenda-da-record-este-ano"]}]},{"@type":"ImageObject","inLanguage":"pt-BR","@id":"https:\/\/redenoticiaz.com.br\/ribeiraopreto-regiao\/sp\/2022\/09\/03\/quem-vai-para-a-fazenda-da-record-este-ano#primaryimage","url":"https:\/\/redenoticiaz.com.br\/ribeiraopreto-regiao\/wp-content\/uploads\/sites\/4\/2022\/08\/deolane-bezerra-kerline-cardoso-instagram_fixed_large.jpg?v=1661818078","contentUrl":"https:\/\/redenoticiaz.com.br\/ribeiraopreto-regiao\/wp-content\/uploads\/sites\/4\/2022\/08\/deolane-bezerra-kerline-cardoso-instagram_fixed_large.jpg?v=1661818078","width":990,"height":619,"caption":"Quem vai para \"A Fazenda\" da Record este ano?"},{"@type":"WebSite","@id":"https:\/\/redenoticiaz.com.br\/ribeiraopreto-regiao\/#website","url":"https:\/\/redenoticiaz.com.br\/ribeiraopreto-regiao\/","name":"Ribeir\u00e3o Preto e Regi\u00e3o","description":"Rede NoticiaZ - Ribeir\u00e3o Preto e regi\u00e3o","publisher":{"@id":"https:\/\/redenoticiaz.com.br\/ribeiraopreto-regiao\/#organization"},"potentialAction":[{"@type":"SearchAction","target":{"@type":"EntryPoint","urlTemplate":"https:\/\/redenoticiaz.com.br\/ribeiraopreto-regiao\/?s={search_term_string}"},"query-input":{"@type":"PropertyValueSpecification","valueRequired":true,"valueName":"search_term_string"}}],"inLanguage":"pt-BR"},{"@type":"Organization","@id":"https:\/\/redenoticiaz.com.br\/ribeiraopreto-regiao\/#organization","name":"Ribeir\u00e3o Preto e Regi\u00e3o","url":"https:\/\/redenoticiaz.com.br\/ribeiraopreto-regiao\/","logo":{"@type":"ImageObject","inLanguage":"pt-BR","@id":"https:\/\/redenoticiaz.com.br\/ribeiraopreto-regiao\/#\/schema\/logo\/image\/","url":"https:\/\/redenoticiaz.com.br\/barretos-regiao\/wp-content\/uploads\/sites\/4\/2022\/02\/logo.jpg","contentUrl":"https:\/\/redenoticiaz.com.br\/barretos-regiao\/wp-content\/uploads\/sites\/4\/2022\/02\/logo.jpg","width":400,"height":250,"caption":"Ribeir\u00e3o Preto e Regi\u00e3o"},"image":{"@id":"https:\/\/redenoticiaz.com.br\/ribeiraopreto-regiao\/#\/schema\/logo\/image\/"},"sameAs":["https:\/\/m.facebook.com\/redenoticiaz.barretos","https:\/\/x.com\/RN_barretos","https:\/\/www.instagram.com\/redenoticiaz.barretos\/?igshid=YmMyMTA2M2Y","https:\/\/www.linkedin.com\/company\/rede-noticiaz-barretos-e-regio\/"]},{"@type":"Person","@id":"https:\/\/redenoticiaz.com.br\/ribeiraopreto-regiao\/#\/schema\/person\/16057b37a3c0ee6b096d7f887c566e2e","name":"Gustavo Silva","image":{"@type":"ImageObject","inLanguage":"pt-BR","@id":"https:\/\/secure.gravatar.com\/avatar\/3ee4e82f93b26de0a7cf4ea5eb7893da637ed6bb0c9170c58065944c56e28a33?s=96&d=mm&r=g","url":"https:\/\/secure.gravatar.com\/avatar\/3ee4e82f93b26de0a7cf4ea5eb7893da637ed6bb0c9170c58065944c56e28a33?s=96&d=mm&r=g","contentUrl":"https:\/\/secure.gravatar.com\/avatar\/3ee4e82f93b26de0a7cf4ea5eb7893da637ed6bb0c9170c58065944c56e28a33?s=96&d=mm&r=g","caption":"Gustavo Silva"},"url":"https:\/\/redenoticiaz.com.br\/ribeiraopreto-regiao\/sp\/author\/gustavosilva"}]}},"_links":{"self":[{"href":"https:\/\/redenoticiaz.com.br\/ribeiraopreto-regiao\/wp-json\/wp\/v2\/posts\/90811","targetHints":{"allow":["GET"]}}],"collection":[{"href":"https:\/\/redenoticiaz.com.br\/ribeiraopreto-regiao\/wp-json\/wp\/v2\/posts"}],"about":[{"href":"https:\/\/redenoticiaz.com.br\/ribeiraopreto-regiao\/wp-json\/wp\/v2\/types\/post"}],"author":[{"embeddable":true,"href":"https:\/\/redenoticiaz.com.br\/ribeiraopreto-regiao\/wp-json\/wp\/v2\/users\/12"}],"replies":[{"embeddable":true,"href":"https:\/\/redenoticiaz.com.br\/ribeiraopreto-regiao\/wp-json\/wp\/v2\/comments?post=90811"}],"version-history":[{"count":0,"href":"https:\/\/redenoticiaz.com.br\/ribeiraopreto-regiao\/wp-json\/wp\/v2\/posts\/90811\/revisions"}],"wp:featuredmedia":[{"embeddable":true,"href":"https:\/\/redenoticiaz.com.br\/ribeiraopreto-regiao\/wp-json\/wp\/v2\/media\/90812"}],"wp:attachment":[{"href":"https:\/\/redenoticiaz.com.br\/ribeiraopreto-regiao\/wp-json\/wp\/v2\/media?parent=90811"}],"wp:term":[{"taxonomy":"category","embeddable":true,"href":"https:\/\/redenoticiaz.com.br\/ribeiraopreto-regiao\/wp-json\/wp\/v2\/categories?post=90811"},{"taxonomy":"post_tag","embeddable":true,"href":"https:\/\/redenoticiaz.com.br\/ribeiraopreto-regiao\/wp-json\/wp\/v2\/tags?post=90811"}],"curies":[{"name":"wp","href":"https:\/\/api.w.org\/{rel}","templated":true}]}}