{"id":90838,"date":"2022-08-30T16:17:44","date_gmt":"2022-08-30T19:17:44","guid":{"rendered":"https:\/\/redenoticiaz.com.br\/barretos-regiao\/?p=90838"},"modified":"2022-08-30T16:17:44","modified_gmt":"2022-08-30T19:17:44","slug":"segundo-mutirao-do-cadunico-realiza-mais-de-1-400-atendimentos","status":"publish","type":"post","link":"https:\/\/redenoticiaz.com.br\/ribeiraopreto-regiao\/sp\/2022\/08\/30\/segundo-mutirao-do-cadunico-realiza-mais-de-1-400-atendimentos","title":{"rendered":"Segundo Mutir\u00e3o do Cad\u00danico realiza mais de 1.400 atendimentos"},"content":{"rendered":"<p>O Segundo Mutir\u00e3o do Cad\u00danico, promovido pela Prefeitura da Est\u00e2ncia Tur\u00edstica de Barretos, por meio da Secretaria de Assist\u00eancia Social e Desenvolvimento Humano, realizou mais de 1.400 atendimentos, entre os dias 08 e 19 de agosto. Foram 739 novas inscri\u00e7\u00f5es e 675 atualiza\u00e7\u00f5es.<\/p>\n<p>As fam\u00edlias que n\u00e3o puderam comparecer ao mutir\u00e3o devem ir ao CRAS mais pr\u00f3ximo de sua resid\u00eancia ou \u00e0 Gest\u00e3o Municipal do Cadastro \u00danico, localizada na Rua 30, n\u00ba 564, para providenciar o cadastramento ou a atualiza\u00e7\u00e3o do Cad\u00danico, caso j\u00e1 estejam h\u00e1 2 anos sem atualizar. Quem estiver sem fazer o recadastramento desde 2016 ou 2017 e n\u00e3o procurar uma unidade para fazer a atualiza\u00e7\u00e3o at\u00e9 14 de outubro pode ter o Aux\u00edlio Brasil bloqueado.<\/p>\n<p>O gestor municipal do Cadastro \u00danico e Aux\u00edlio Brasil, Elton Marques, observa que somente podem ser inscritas no Cadastro \u00danico fam\u00edlias com renda de at\u00e9 meio sal\u00e1rio m\u00ednimo por integrante. &#8220;Estar inscrito no Cad\u00danico n\u00e3o significa que a fam\u00edlia ser\u00e1 inclu\u00edda em programas sociais. Cada programa tem sua legisla\u00e7\u00e3o pr\u00f3pria com os crit\u00e9rios para sele\u00e7\u00e3o&#8221;, observa.<\/p>\n<p>Elton destaca que as fam\u00edlias que s\u00e3o benefici\u00e1rias do Programa Aux\u00edlio Brasil devem se atentar \u00e0s mensagens enviadas por meio do extrato banc\u00e1rio e pelo aplicativo do Programa. &#8220;Caso haja mensagem solicitando a atualiza\u00e7\u00e3o dos dados de seu Cadastro, deve se dirigir o mais r\u00e1pido poss\u00edvel a uma de nossas unidades para providenciar seu recadastramento&#8221;, afirma.<\/p>\n<p><strong>VEJA TAMB\u00c9M:\u00a0<a href=\"https:\/\/redenoticiaz.com.br\/barretos-regiao\/sp\/2022\/08\/30\/fabricio-gomes-vence-rodeio-internacional-de-barretos\">Fabr\u00edcio Gomes vence Rodeio Internacional de Barretos<\/a><\/strong><\/p>\n","protected":false},"excerpt":{"rendered":"<p>O Segundo Mutir\u00e3o do Cad\u00danico, promovido pela Prefeitura da Est\u00e2ncia Tur\u00edstica de Barretos, por meio da Secretaria de Assist\u00eancia Social e Desenvolvimento Humano, realizou mais de 1.400 atendimentos, entre os dias 08 e 19 de agosto. Foram 739 novas inscri\u00e7\u00f5es e 675 atualiza\u00e7\u00f5es. As fam\u00edlias que n\u00e3o puderam comparecer ao mutir\u00e3o devem ir ao CRAS &hellip;<\/p>\n","protected":false},"author":15,"featured_media":90839,"comment_status":"open","ping_status":"closed","sticky":false,"template":"","format":"standard","meta":{"footnotes":""},"categories":[252],"tags":[2641,1795,6159,3223],"class_list":["post-90838","post","type-post","status-publish","format-standard","has-post-thumbnail","hentry","category-acao-social","tag-assistencia-social","tag-atendimentos","tag-cadastro-unico","tag-mutirao"],"yoast_head":"<!-- This site is optimized with the Yoast SEO plugin v27.4 - https:\/\/yoast.com\/product\/yoast-seo-wordpress\/ -->\n<title>Segundo Mutir\u00e3o do Cad\u00danico realiza mais de 1.400 atendimentos - Ribeir\u00e3o Preto e Regi\u00e3o<\/title>\n<meta name=\"description\" content=\"Secretaria de Assist\u00eancia Social e Desenvolvimento Humano, realizou mais de 1.400 atendimentos, atualmente.\" \/>\n<meta name=\"robots\" content=\"index, follow, max-snippet:-1, max-image-preview:large, max-video-preview:-1\" \/>\n<link rel=\"canonical\" href=\"https:\/\/redenoticiaz.com.br\/ribeiraopreto-regiao\/sp\/2022\/08\/30\/segundo-mutirao-do-cadunico-realiza-mais-de-1-400-atendimentos\" \/>\n<meta property=\"og:locale\" content=\"pt_BR\" \/>\n<meta property=\"og:type\" content=\"article\" \/>\n<meta property=\"og:title\" content=\"Segundo Mutir\u00e3o do Cad\u00danico realiza mais de 1.400 atendimentos - Ribeir\u00e3o Preto e Regi\u00e3o\" \/>\n<meta property=\"og:description\" content=\"Secretaria de Assist\u00eancia Social e Desenvolvimento Humano, realizou mais de 1.400 atendimentos, atualmente.\" \/>\n<meta property=\"og:url\" content=\"https:\/\/redenoticiaz.com.br\/ribeiraopreto-regiao\/sp\/2022\/08\/30\/segundo-mutirao-do-cadunico-realiza-mais-de-1-400-atendimentos\" \/>\n<meta property=\"og:site_name\" content=\"Ribeir\u00e3o Preto e Regi\u00e3o\" \/>\n<meta property=\"article:publisher\" content=\"https:\/\/m.facebook.com\/redenoticiaz.barretos\" \/>\n<meta property=\"article:published_time\" content=\"2022-08-30T19:17:44+00:00\" \/>\n<meta property=\"og:image\" content=\"https:\/\/redenoticiaz.com.br\/ribeiraopreto-regiao\/wp-content\/uploads\/sites\/4\/2022\/08\/WhatsApp-Image-2022-08-10-at-14.27.36-1.jpeg\" \/>\n\t<meta property=\"og:image:width\" content=\"1274\" \/>\n\t<meta property=\"og:image:height\" content=\"848\" \/>\n\t<meta property=\"og:image:type\" content=\"image\/jpeg\" \/>\n<meta name=\"twitter:card\" content=\"summary_large_image\" \/>\n<meta name=\"twitter:creator\" content=\"@RN_barretos\" \/>\n<meta name=\"twitter:site\" content=\"@RN_barretos\" \/>\n<meta name=\"twitter:label1\" content=\"Escrito por\" \/>\n\t<meta name=\"twitter:data1\" content=\"\" \/>\n\t<meta name=\"twitter:label2\" content=\"Est. tempo de leitura\" \/>\n\t<meta name=\"twitter:data2\" content=\"2 minutos\" \/>\n<script type=\"application\/ld+json\" class=\"yoast-schema-graph\">{\"@context\":\"https:\\\/\\\/schema.org\",\"@graph\":[{\"@type\":\"Article\",\"@id\":\"https:\\\/\\\/redenoticiaz.com.br\\\/ribeiraopreto-regiao\\\/sp\\\/2022\\\/08\\\/30\\\/segundo-mutirao-do-cadunico-realiza-mais-de-1-400-atendimentos#article\",\"isPartOf\":{\"@id\":\"https:\\\/\\\/redenoticiaz.com.br\\\/ribeiraopreto-regiao\\\/sp\\\/2022\\\/08\\\/30\\\/segundo-mutirao-do-cadunico-realiza-mais-de-1-400-atendimentos\"},\"author\":{\"name\":\"\",\"@id\":\"\"},\"headline\":\"Segundo Mutir\u00e3o do Cad\u00danico realiza mais de 1.400 atendimentos\",\"datePublished\":\"2022-08-30T19:17:44+00:00\",\"mainEntityOfPage\":{\"@id\":\"https:\\\/\\\/redenoticiaz.com.br\\\/ribeiraopreto-regiao\\\/sp\\\/2022\\\/08\\\/30\\\/segundo-mutirao-do-cadunico-realiza-mais-de-1-400-atendimentos\"},\"wordCount\":278,\"commentCount\":0,\"publisher\":{\"@id\":\"https:\\\/\\\/redenoticiaz.com.br\\\/ribeiraopreto-regiao\\\/#organization\"},\"image\":{\"@id\":\"https:\\\/\\\/redenoticiaz.com.br\\\/ribeiraopreto-regiao\\\/sp\\\/2022\\\/08\\\/30\\\/segundo-mutirao-do-cadunico-realiza-mais-de-1-400-atendimentos#primaryimage\"},\"thumbnailUrl\":\"https:\\\/\\\/redenoticiaz.com.br\\\/ribeiraopreto-regiao\\\/wp-content\\\/uploads\\\/sites\\\/4\\\/2022\\\/08\\\/WhatsApp-Image-2022-08-10-at-14.27.36-1.jpeg\",\"keywords\":[\"ASSIST\u00caNCIA SOCIAL\",\"ATENDIMENTOS\",\"CADASTRO \u00daNICO\",\"MUTIR\u00c3O\"],\"articleSection\":[\"A\u00e7\u00e3o Social\"],\"inLanguage\":\"pt-BR\",\"potentialAction\":[{\"@type\":\"CommentAction\",\"name\":\"Comment\",\"target\":[\"https:\\\/\\\/redenoticiaz.com.br\\\/ribeiraopreto-regiao\\\/sp\\\/2022\\\/08\\\/30\\\/segundo-mutirao-do-cadunico-realiza-mais-de-1-400-atendimentos#respond\"]}]},{\"@type\":\"WebPage\",\"@id\":\"https:\\\/\\\/redenoticiaz.com.br\\\/ribeiraopreto-regiao\\\/sp\\\/2022\\\/08\\\/30\\\/segundo-mutirao-do-cadunico-realiza-mais-de-1-400-atendimentos\",\"url\":\"https:\\\/\\\/redenoticiaz.com.br\\\/ribeiraopreto-regiao\\\/sp\\\/2022\\\/08\\\/30\\\/segundo-mutirao-do-cadunico-realiza-mais-de-1-400-atendimentos\",\"name\":\"Segundo Mutir\u00e3o do Cad\u00danico realiza mais de 1.400 atendimentos - Ribeir\u00e3o Preto e Regi\u00e3o\",\"isPartOf\":{\"@id\":\"https:\\\/\\\/redenoticiaz.com.br\\\/ribeiraopreto-regiao\\\/#website\"},\"primaryImageOfPage\":{\"@id\":\"https:\\\/\\\/redenoticiaz.com.br\\\/ribeiraopreto-regiao\\\/sp\\\/2022\\\/08\\\/30\\\/segundo-mutirao-do-cadunico-realiza-mais-de-1-400-atendimentos#primaryimage\"},\"image\":{\"@id\":\"https:\\\/\\\/redenoticiaz.com.br\\\/ribeiraopreto-regiao\\\/sp\\\/2022\\\/08\\\/30\\\/segundo-mutirao-do-cadunico-realiza-mais-de-1-400-atendimentos#primaryimage\"},\"thumbnailUrl\":\"https:\\\/\\\/redenoticiaz.com.br\\\/ribeiraopreto-regiao\\\/wp-content\\\/uploads\\\/sites\\\/4\\\/2022\\\/08\\\/WhatsApp-Image-2022-08-10-at-14.27.36-1.jpeg\",\"datePublished\":\"2022-08-30T19:17:44+00:00\",\"description\":\"Secretaria de Assist\u00eancia Social e Desenvolvimento Humano, realizou mais de 1.400 atendimentos, atualmente.\",\"inLanguage\":\"pt-BR\",\"potentialAction\":[{\"@type\":\"ReadAction\",\"target\":[\"https:\\\/\\\/redenoticiaz.com.br\\\/ribeiraopreto-regiao\\\/sp\\\/2022\\\/08\\\/30\\\/segundo-mutirao-do-cadunico-realiza-mais-de-1-400-atendimentos\"]}]},{\"@type\":\"ImageObject\",\"inLanguage\":\"pt-BR\",\"@id\":\"https:\\\/\\\/redenoticiaz.com.br\\\/ribeiraopreto-regiao\\\/sp\\\/2022\\\/08\\\/30\\\/segundo-mutirao-do-cadunico-realiza-mais-de-1-400-atendimentos#primaryimage\",\"url\":\"https:\\\/\\\/redenoticiaz.com.br\\\/ribeiraopreto-regiao\\\/wp-content\\\/uploads\\\/sites\\\/4\\\/2022\\\/08\\\/WhatsApp-Image-2022-08-10-at-14.27.36-1.jpeg\",\"contentUrl\":\"https:\\\/\\\/redenoticiaz.com.br\\\/ribeiraopreto-regiao\\\/wp-content\\\/uploads\\\/sites\\\/4\\\/2022\\\/08\\\/WhatsApp-Image-2022-08-10-at-14.27.36-1.jpeg\",\"width\":1274,\"height\":848,\"caption\":\"Cr\u00e9dito: Reprodu\u00e7\u00e3o\"},{\"@type\":\"WebSite\",\"@id\":\"https:\\\/\\\/redenoticiaz.com.br\\\/ribeiraopreto-regiao\\\/#website\",\"url\":\"https:\\\/\\\/redenoticiaz.com.br\\\/ribeiraopreto-regiao\\\/\",\"name\":\"Ribeir\u00e3o Preto e Regi\u00e3o\",\"description\":\"Rede NoticiaZ - Ribeir\u00e3o Preto e regi\u00e3o\",\"publisher\":{\"@id\":\"https:\\\/\\\/redenoticiaz.com.br\\\/ribeiraopreto-regiao\\\/#organization\"},\"potentialAction\":[{\"@type\":\"SearchAction\",\"target\":{\"@type\":\"EntryPoint\",\"urlTemplate\":\"https:\\\/\\\/redenoticiaz.com.br\\\/ribeiraopreto-regiao\\\/?s={search_term_string}\"},\"query-input\":{\"@type\":\"PropertyValueSpecification\",\"valueRequired\":true,\"valueName\":\"search_term_string\"}}],\"inLanguage\":\"pt-BR\"},{\"@type\":\"Organization\",\"@id\":\"https:\\\/\\\/redenoticiaz.com.br\\\/ribeiraopreto-regiao\\\/#organization\",\"name\":\"Ribeir\u00e3o Preto e Regi\u00e3o\",\"url\":\"https:\\\/\\\/redenoticiaz.com.br\\\/ribeiraopreto-regiao\\\/\",\"logo\":{\"@type\":\"ImageObject\",\"inLanguage\":\"pt-BR\",\"@id\":\"https:\\\/\\\/redenoticiaz.com.br\\\/ribeiraopreto-regiao\\\/#\\\/schema\\\/logo\\\/image\\\/\",\"url\":\"https:\\\/\\\/redenoticiaz.com.br\\\/barretos-regiao\\\/wp-content\\\/uploads\\\/sites\\\/4\\\/2022\\\/02\\\/logo.jpg\",\"contentUrl\":\"https:\\\/\\\/redenoticiaz.com.br\\\/barretos-regiao\\\/wp-content\\\/uploads\\\/sites\\\/4\\\/2022\\\/02\\\/logo.jpg\",\"width\":400,\"height\":250,\"caption\":\"Ribeir\u00e3o Preto e Regi\u00e3o\"},\"image\":{\"@id\":\"https:\\\/\\\/redenoticiaz.com.br\\\/ribeiraopreto-regiao\\\/#\\\/schema\\\/logo\\\/image\\\/\"},\"sameAs\":[\"https:\\\/\\\/m.facebook.com\\\/redenoticiaz.barretos\",\"https:\\\/\\\/x.com\\\/RN_barretos\",\"https:\\\/\\\/www.instagram.com\\\/redenoticiaz.barretos\\\/?igshid=YmMyMTA2M2Y\",\"https:\\\/\\\/www.linkedin.com\\\/company\\\/rede-noticiaz-barretos-e-regio\\\/\"]},{\"@type\":\"Person\",\"@id\":\"\",\"url\":\"https:\\\/\\\/redenoticiaz.com.br\\\/ribeiraopreto-regiao\\\/sp\\\/author\"}]}<\/script>\n<!-- \/ Yoast SEO plugin. -->","yoast_head_json":{"title":"Segundo Mutir\u00e3o do Cad\u00danico realiza mais de 1.400 atendimentos - Ribeir\u00e3o Preto e Regi\u00e3o","description":"Secretaria de Assist\u00eancia Social e Desenvolvimento Humano, realizou mais de 1.400 atendimentos, atualmente.","robots":{"index":"index","follow":"follow","max-snippet":"max-snippet:-1","max-image-preview":"max-image-preview:large","max-video-preview":"max-video-preview:-1"},"canonical":"https:\/\/redenoticiaz.com.br\/ribeiraopreto-regiao\/sp\/2022\/08\/30\/segundo-mutirao-do-cadunico-realiza-mais-de-1-400-atendimentos","og_locale":"pt_BR","og_type":"article","og_title":"Segundo Mutir\u00e3o do Cad\u00danico realiza mais de 1.400 atendimentos - Ribeir\u00e3o Preto e Regi\u00e3o","og_description":"Secretaria de Assist\u00eancia Social e Desenvolvimento Humano, realizou mais de 1.400 atendimentos, atualmente.","og_url":"https:\/\/redenoticiaz.com.br\/ribeiraopreto-regiao\/sp\/2022\/08\/30\/segundo-mutirao-do-cadunico-realiza-mais-de-1-400-atendimentos","og_site_name":"Ribeir\u00e3o Preto e Regi\u00e3o","article_publisher":"https:\/\/m.facebook.com\/redenoticiaz.barretos","article_published_time":"2022-08-30T19:17:44+00:00","og_image":[{"width":1274,"height":848,"url":"https:\/\/redenoticiaz.com.br\/ribeiraopreto-regiao\/wp-content\/uploads\/sites\/4\/2022\/08\/WhatsApp-Image-2022-08-10-at-14.27.36-1.jpeg","type":"image\/jpeg"}],"twitter_card":"summary_large_image","twitter_creator":"@RN_barretos","twitter_site":"@RN_barretos","twitter_misc":{"Escrito por":"","Est. tempo de leitura":"2 minutos"},"schema":{"@context":"https:\/\/schema.org","@graph":[{"@type":"Article","@id":"https:\/\/redenoticiaz.com.br\/ribeiraopreto-regiao\/sp\/2022\/08\/30\/segundo-mutirao-do-cadunico-realiza-mais-de-1-400-atendimentos#article","isPartOf":{"@id":"https:\/\/redenoticiaz.com.br\/ribeiraopreto-regiao\/sp\/2022\/08\/30\/segundo-mutirao-do-cadunico-realiza-mais-de-1-400-atendimentos"},"author":{"name":"","@id":""},"headline":"Segundo Mutir\u00e3o do Cad\u00danico realiza mais de 1.400 atendimentos","datePublished":"2022-08-30T19:17:44+00:00","mainEntityOfPage":{"@id":"https:\/\/redenoticiaz.com.br\/ribeiraopreto-regiao\/sp\/2022\/08\/30\/segundo-mutirao-do-cadunico-realiza-mais-de-1-400-atendimentos"},"wordCount":278,"commentCount":0,"publisher":{"@id":"https:\/\/redenoticiaz.com.br\/ribeiraopreto-regiao\/#organization"},"image":{"@id":"https:\/\/redenoticiaz.com.br\/ribeiraopreto-regiao\/sp\/2022\/08\/30\/segundo-mutirao-do-cadunico-realiza-mais-de-1-400-atendimentos#primaryimage"},"thumbnailUrl":"https:\/\/redenoticiaz.com.br\/ribeiraopreto-regiao\/wp-content\/uploads\/sites\/4\/2022\/08\/WhatsApp-Image-2022-08-10-at-14.27.36-1.jpeg","keywords":["ASSIST\u00caNCIA SOCIAL","ATENDIMENTOS","CADASTRO \u00daNICO","MUTIR\u00c3O"],"articleSection":["A\u00e7\u00e3o Social"],"inLanguage":"pt-BR","potentialAction":[{"@type":"CommentAction","name":"Comment","target":["https:\/\/redenoticiaz.com.br\/ribeiraopreto-regiao\/sp\/2022\/08\/30\/segundo-mutirao-do-cadunico-realiza-mais-de-1-400-atendimentos#respond"]}]},{"@type":"WebPage","@id":"https:\/\/redenoticiaz.com.br\/ribeiraopreto-regiao\/sp\/2022\/08\/30\/segundo-mutirao-do-cadunico-realiza-mais-de-1-400-atendimentos","url":"https:\/\/redenoticiaz.com.br\/ribeiraopreto-regiao\/sp\/2022\/08\/30\/segundo-mutirao-do-cadunico-realiza-mais-de-1-400-atendimentos","name":"Segundo Mutir\u00e3o do Cad\u00danico realiza mais de 1.400 atendimentos - Ribeir\u00e3o Preto e Regi\u00e3o","isPartOf":{"@id":"https:\/\/redenoticiaz.com.br\/ribeiraopreto-regiao\/#website"},"primaryImageOfPage":{"@id":"https:\/\/redenoticiaz.com.br\/ribeiraopreto-regiao\/sp\/2022\/08\/30\/segundo-mutirao-do-cadunico-realiza-mais-de-1-400-atendimentos#primaryimage"},"image":{"@id":"https:\/\/redenoticiaz.com.br\/ribeiraopreto-regiao\/sp\/2022\/08\/30\/segundo-mutirao-do-cadunico-realiza-mais-de-1-400-atendimentos#primaryimage"},"thumbnailUrl":"https:\/\/redenoticiaz.com.br\/ribeiraopreto-regiao\/wp-content\/uploads\/sites\/4\/2022\/08\/WhatsApp-Image-2022-08-10-at-14.27.36-1.jpeg","datePublished":"2022-08-30T19:17:44+00:00","description":"Secretaria de Assist\u00eancia Social e Desenvolvimento Humano, realizou mais de 1.400 atendimentos, atualmente.","inLanguage":"pt-BR","potentialAction":[{"@type":"ReadAction","target":["https:\/\/redenoticiaz.com.br\/ribeiraopreto-regiao\/sp\/2022\/08\/30\/segundo-mutirao-do-cadunico-realiza-mais-de-1-400-atendimentos"]}]},{"@type":"ImageObject","inLanguage":"pt-BR","@id":"https:\/\/redenoticiaz.com.br\/ribeiraopreto-regiao\/sp\/2022\/08\/30\/segundo-mutirao-do-cadunico-realiza-mais-de-1-400-atendimentos#primaryimage","url":"https:\/\/redenoticiaz.com.br\/ribeiraopreto-regiao\/wp-content\/uploads\/sites\/4\/2022\/08\/WhatsApp-Image-2022-08-10-at-14.27.36-1.jpeg","contentUrl":"https:\/\/redenoticiaz.com.br\/ribeiraopreto-regiao\/wp-content\/uploads\/sites\/4\/2022\/08\/WhatsApp-Image-2022-08-10-at-14.27.36-1.jpeg","width":1274,"height":848,"caption":"Cr\u00e9dito: Reprodu\u00e7\u00e3o"},{"@type":"WebSite","@id":"https:\/\/redenoticiaz.com.br\/ribeiraopreto-regiao\/#website","url":"https:\/\/redenoticiaz.com.br\/ribeiraopreto-regiao\/","name":"Ribeir\u00e3o Preto e Regi\u00e3o","description":"Rede NoticiaZ - Ribeir\u00e3o Preto e regi\u00e3o","publisher":{"@id":"https:\/\/redenoticiaz.com.br\/ribeiraopreto-regiao\/#organization"},"potentialAction":[{"@type":"SearchAction","target":{"@type":"EntryPoint","urlTemplate":"https:\/\/redenoticiaz.com.br\/ribeiraopreto-regiao\/?s={search_term_string}"},"query-input":{"@type":"PropertyValueSpecification","valueRequired":true,"valueName":"search_term_string"}}],"inLanguage":"pt-BR"},{"@type":"Organization","@id":"https:\/\/redenoticiaz.com.br\/ribeiraopreto-regiao\/#organization","name":"Ribeir\u00e3o Preto e Regi\u00e3o","url":"https:\/\/redenoticiaz.com.br\/ribeiraopreto-regiao\/","logo":{"@type":"ImageObject","inLanguage":"pt-BR","@id":"https:\/\/redenoticiaz.com.br\/ribeiraopreto-regiao\/#\/schema\/logo\/image\/","url":"https:\/\/redenoticiaz.com.br\/barretos-regiao\/wp-content\/uploads\/sites\/4\/2022\/02\/logo.jpg","contentUrl":"https:\/\/redenoticiaz.com.br\/barretos-regiao\/wp-content\/uploads\/sites\/4\/2022\/02\/logo.jpg","width":400,"height":250,"caption":"Ribeir\u00e3o Preto e Regi\u00e3o"},"image":{"@id":"https:\/\/redenoticiaz.com.br\/ribeiraopreto-regiao\/#\/schema\/logo\/image\/"},"sameAs":["https:\/\/m.facebook.com\/redenoticiaz.barretos","https:\/\/x.com\/RN_barretos","https:\/\/www.instagram.com\/redenoticiaz.barretos\/?igshid=YmMyMTA2M2Y","https:\/\/www.linkedin.com\/company\/rede-noticiaz-barretos-e-regio\/"]},{"@type":"Person","@id":"","url":"https:\/\/redenoticiaz.com.br\/ribeiraopreto-regiao\/sp\/author"}]}},"_links":{"self":[{"href":"https:\/\/redenoticiaz.com.br\/ribeiraopreto-regiao\/wp-json\/wp\/v2\/posts\/90838","targetHints":{"allow":["GET"]}}],"collection":[{"href":"https:\/\/redenoticiaz.com.br\/ribeiraopreto-regiao\/wp-json\/wp\/v2\/posts"}],"about":[{"href":"https:\/\/redenoticiaz.com.br\/ribeiraopreto-regiao\/wp-json\/wp\/v2\/types\/post"}],"author":[{"embeddable":true,"href":"https:\/\/redenoticiaz.com.br\/ribeiraopreto-regiao\/wp-json\/wp\/v2\/users\/15"}],"replies":[{"embeddable":true,"href":"https:\/\/redenoticiaz.com.br\/ribeiraopreto-regiao\/wp-json\/wp\/v2\/comments?post=90838"}],"version-history":[{"count":1,"href":"https:\/\/redenoticiaz.com.br\/ribeiraopreto-regiao\/wp-json\/wp\/v2\/posts\/90838\/revisions"}],"predecessor-version":[{"id":90840,"href":"https:\/\/redenoticiaz.com.br\/ribeiraopreto-regiao\/wp-json\/wp\/v2\/posts\/90838\/revisions\/90840"}],"wp:featuredmedia":[{"embeddable":true,"href":"https:\/\/redenoticiaz.com.br\/ribeiraopreto-regiao\/wp-json\/wp\/v2\/media\/90839"}],"wp:attachment":[{"href":"https:\/\/redenoticiaz.com.br\/ribeiraopreto-regiao\/wp-json\/wp\/v2\/media?parent=90838"}],"wp:term":[{"taxonomy":"category","embeddable":true,"href":"https:\/\/redenoticiaz.com.br\/ribeiraopreto-regiao\/wp-json\/wp\/v2\/categories?post=90838"},{"taxonomy":"post_tag","embeddable":true,"href":"https:\/\/redenoticiaz.com.br\/ribeiraopreto-regiao\/wp-json\/wp\/v2\/tags?post=90838"}],"curies":[{"name":"wp","href":"https:\/\/api.w.org\/{rel}","templated":true}]}}