{"id":91287,"date":"2022-09-11T14:00:26","date_gmt":"2022-09-11T17:00:26","guid":{"rendered":"https:\/\/redenoticiaz.com.br\/barretos-regiao\/?p=91287"},"modified":"2022-09-09T18:03:00","modified_gmt":"2022-09-09T21:03:00","slug":"o-rei-da-tv-a-nova-serie-conta-a-historia-de-silvio-santos-assita-ao-trailer","status":"publish","type":"post","link":"https:\/\/redenoticiaz.com.br\/ribeiraopreto-regiao\/sp\/2022\/09\/11\/o-rei-da-tv-a-nova-serie-conta-a-historia-de-silvio-santos-assita-ao-trailer","title":{"rendered":"O Rei da TV: A nova s\u00e9rie conta a hist\u00f3ria de Silvio Santos; assista ao trailer"},"content":{"rendered":"<p class=\"v1MsoNoSpacing\">O\u00a0<b>Star+<\/b>\u00a0anunciou a data de estreia de\u00a0<b>\u201cO Rei da TV\u201d<\/b>, nova s\u00e9rie original do selo\u00a0<b>Star Original Productions<\/b>, que chegar\u00e1 com exclusividade ao servi\u00e7o de\u00a0<i>streaming<\/i>\u00a0em 19 de outubro.<\/p>\n<p class=\"v1MsoNoSpacing\">Protagonizada por\u00a0<b>Jos\u00e9 Rubens Chach\u00e1<\/b>,<b>\u00a0Mariano Mattos Martins\u00a0<\/b>e<b>\u00a0Leona Cavalli<\/b>,\u00a0<b>\u201cO Rei da TV\u201d<\/b>\u00a0conta a incr\u00edvel hist\u00f3ria de Silvio Santos, o jovem de origem humilde, genial e ambicioso que foi atr\u00e1s de seu sonho e se tornou o empres\u00e1rio e comunicador mais bem sucedido da TV brasileira, al\u00e9m de um dos empres\u00e1rios mais reconhecidos do pa\u00eds. A s\u00e9rie apresenta um olhar in\u00e9dito sobre sua intimidade, mostrar\u00e1 as v\u00e1rias fases de sua carreira, erros e acertos, recordes de audi\u00eancia e insucessos, todos os grandes desafios enfrentados para construir o SBT e seu imp\u00e9rio. Assertivo e pol\u00eamico em suas decis\u00f5es, uma figura ic\u00f4nica que faz parte da rotina de milh\u00f5es de brasileiros.<\/p>\n<h4>Assista ao trailer<\/h4>\n<p><iframe loading=\"lazy\" title=\"O Rei da TV | Trailer Oficial | Star+\" width=\"500\" height=\"281\" src=\"https:\/\/www.youtube.com\/embed\/zfEpdLzeIJU?feature=oembed\" frameborder=\"0\" allow=\"accelerometer; autoplay; clipboard-write; encrypted-media; gyroscope; picture-in-picture; web-share\" referrerpolicy=\"strict-origin-when-cross-origin\" allowfullscreen><\/iframe><\/p>\n<p class=\"v1xxxxxmsonospacing\">Os atores Guilherme Reis, Em\u00edlio de Mello, Leandro Ramos, Paulo Nigro, Larissa Nunes, C\u00e1ssia Damasceno, B\u00e1rbara Maia, Elisa Romero, Jo\u00e3o Campos, Celso Frateschi,\u00a0Roberta Gualda, Claudio Marcio, Gui Santana, Cac\u00e1 Carvalho, Jo\u00e3o Campos, Pascoal da Concei\u00e7\u00e3o, Andr\u00e9 Abujamra, Ary Fran\u00e7a e entre outros nomes completam o elenco.<\/p>\n<p class=\"v1MsoNoSpacing\">Realizada pela Gullane,\u00a0<b>\u201cO Rei da TV\u201d<\/b>\u00a0conta com oito epis\u00f3dios e tem dire\u00e7\u00e3o geral de Marcus Baldini.<\/p>\n<p><strong>VEJA TAMB\u00c9M:\u00a0<a href=\"https:\/\/redenoticiaz.com.br\/litoralsp\/2022\/09\/04\/rachel-sheherazade-vence-acao-trabalhista-contra-sbt-e-silvio-santos\">Rachel Sheherazade vence a\u00e7\u00e3o trabalhista contra SBT e Silvio Santos<\/a><\/strong><\/p>\n<p class=\"v1MsoNoSpacing\">\n","protected":false},"excerpt":{"rendered":"<p>O\u00a0Star+\u00a0anunciou a data de estreia de\u00a0\u201cO Rei da TV\u201d, nova s\u00e9rie original do selo\u00a0Star Original Productions, que chegar\u00e1 com exclusividade ao servi\u00e7o de\u00a0streaming\u00a0em 19 de outubro. Protagonizada por\u00a0Jos\u00e9 Rubens Chach\u00e1,\u00a0Mariano Mattos Martins\u00a0e\u00a0Leona Cavalli,\u00a0\u201cO Rei da TV\u201d\u00a0conta a incr\u00edvel hist\u00f3ria de Silvio Santos, o jovem de origem humilde, genial e ambicioso que foi atr\u00e1s de seu &hellip;<\/p>\n","protected":false},"author":15,"featured_media":91288,"comment_status":"open","ping_status":"closed","sticky":false,"template":"","format":"standard","meta":{"footnotes":""},"categories":[134],"tags":[18805,12580,18806,17247],"class_list":["post-91287","post","type-post","status-publish","format-standard","has-post-thumbnail","hentry","category-entretenimento","tag-o-rei-da-tv","tag-serie","tag-silvio-santos","tag-star"],"yoast_head":"<!-- This site is optimized with the Yoast SEO plugin v27.4 - https:\/\/yoast.com\/product\/yoast-seo-wordpress\/ -->\n<title>O Rei da TV: A nova s\u00e9rie conta a hist\u00f3ria de Silvio Santos; assista ao trailer - Ribeir\u00e3o Preto e Regi\u00e3o<\/title>\n<meta name=\"description\" content=\"\u00a0\u201cO Rei da TV\u201d, nova s\u00e9rie original do selo\u00a0Star Original Productions, que chegar\u00e1 com exclusividade ao servi\u00e7o de\u00a0streaming.\" \/>\n<meta name=\"robots\" content=\"index, follow, max-snippet:-1, max-image-preview:large, max-video-preview:-1\" \/>\n<link rel=\"canonical\" href=\"https:\/\/redenoticiaz.com.br\/ribeiraopreto-regiao\/sp\/2022\/09\/11\/o-rei-da-tv-a-nova-serie-conta-a-historia-de-silvio-santos-assita-ao-trailer\" \/>\n<meta property=\"og:locale\" content=\"pt_BR\" \/>\n<meta property=\"og:type\" content=\"article\" \/>\n<meta property=\"og:title\" content=\"O Rei da TV: A nova s\u00e9rie conta a hist\u00f3ria de Silvio Santos; assista ao trailer - Ribeir\u00e3o Preto e Regi\u00e3o\" \/>\n<meta property=\"og:description\" content=\"\u00a0\u201cO Rei da TV\u201d, nova s\u00e9rie original do selo\u00a0Star Original Productions, que chegar\u00e1 com exclusividade ao servi\u00e7o de\u00a0streaming.\" \/>\n<meta property=\"og:url\" content=\"https:\/\/redenoticiaz.com.br\/ribeiraopreto-regiao\/sp\/2022\/09\/11\/o-rei-da-tv-a-nova-serie-conta-a-historia-de-silvio-santos-assita-ao-trailer\" \/>\n<meta property=\"og:site_name\" content=\"Ribeir\u00e3o Preto e Regi\u00e3o\" \/>\n<meta property=\"article:publisher\" content=\"https:\/\/m.facebook.com\/redenoticiaz.barretos\" \/>\n<meta property=\"article:published_time\" content=\"2022-09-11T17:00:26+00:00\" \/>\n<meta property=\"og:image\" content=\"https:\/\/redenoticiaz.com.br\/ribeiraopreto-regiao\/wp-content\/uploads\/sites\/4\/2022\/09\/O-Rei-da-TV-Star-2-scaled.jpg\" \/>\n\t<meta property=\"og:image:width\" content=\"1620\" \/>\n\t<meta property=\"og:image:height\" content=\"1080\" \/>\n\t<meta property=\"og:image:type\" content=\"image\/jpeg\" \/>\n<meta name=\"twitter:card\" content=\"summary_large_image\" \/>\n<meta name=\"twitter:creator\" content=\"@RN_barretos\" \/>\n<meta name=\"twitter:site\" content=\"@RN_barretos\" \/>\n<meta name=\"twitter:label1\" content=\"Escrito por\" \/>\n\t<meta name=\"twitter:data1\" content=\"\" \/>\n\t<meta name=\"twitter:label2\" content=\"Est. tempo de leitura\" \/>\n\t<meta name=\"twitter:data2\" content=\"2 minutos\" \/>\n<script type=\"application\/ld+json\" class=\"yoast-schema-graph\">{\"@context\":\"https:\\\/\\\/schema.org\",\"@graph\":[{\"@type\":\"Article\",\"@id\":\"https:\\\/\\\/redenoticiaz.com.br\\\/ribeiraopreto-regiao\\\/sp\\\/2022\\\/09\\\/11\\\/o-rei-da-tv-a-nova-serie-conta-a-historia-de-silvio-santos-assita-ao-trailer#article\",\"isPartOf\":{\"@id\":\"https:\\\/\\\/redenoticiaz.com.br\\\/ribeiraopreto-regiao\\\/sp\\\/2022\\\/09\\\/11\\\/o-rei-da-tv-a-nova-serie-conta-a-historia-de-silvio-santos-assita-ao-trailer\"},\"author\":{\"name\":\"\",\"@id\":\"\"},\"headline\":\"O Rei da TV: A nova s\u00e9rie conta a hist\u00f3ria de Silvio Santos; assista ao trailer\",\"datePublished\":\"2022-09-11T17:00:26+00:00\",\"mainEntityOfPage\":{\"@id\":\"https:\\\/\\\/redenoticiaz.com.br\\\/ribeiraopreto-regiao\\\/sp\\\/2022\\\/09\\\/11\\\/o-rei-da-tv-a-nova-serie-conta-a-historia-de-silvio-santos-assita-ao-trailer\"},\"wordCount\":279,\"commentCount\":0,\"publisher\":{\"@id\":\"https:\\\/\\\/redenoticiaz.com.br\\\/ribeiraopreto-regiao\\\/#organization\"},\"image\":{\"@id\":\"https:\\\/\\\/redenoticiaz.com.br\\\/ribeiraopreto-regiao\\\/sp\\\/2022\\\/09\\\/11\\\/o-rei-da-tv-a-nova-serie-conta-a-historia-de-silvio-santos-assita-ao-trailer#primaryimage\"},\"thumbnailUrl\":\"https:\\\/\\\/redenoticiaz.com.br\\\/ribeiraopreto-regiao\\\/wp-content\\\/uploads\\\/sites\\\/4\\\/2022\\\/09\\\/O-Rei-da-TV-Star-2-scaled.jpg\",\"keywords\":[\"O REI DA TV\",\"S\u00c9RIE\",\"S\u00cdLVIO SANTOS\",\"STAR+\"],\"articleSection\":[\"Entretenimento\"],\"inLanguage\":\"pt-BR\",\"potentialAction\":[{\"@type\":\"CommentAction\",\"name\":\"Comment\",\"target\":[\"https:\\\/\\\/redenoticiaz.com.br\\\/ribeiraopreto-regiao\\\/sp\\\/2022\\\/09\\\/11\\\/o-rei-da-tv-a-nova-serie-conta-a-historia-de-silvio-santos-assita-ao-trailer#respond\"]}]},{\"@type\":\"WebPage\",\"@id\":\"https:\\\/\\\/redenoticiaz.com.br\\\/ribeiraopreto-regiao\\\/sp\\\/2022\\\/09\\\/11\\\/o-rei-da-tv-a-nova-serie-conta-a-historia-de-silvio-santos-assita-ao-trailer\",\"url\":\"https:\\\/\\\/redenoticiaz.com.br\\\/ribeiraopreto-regiao\\\/sp\\\/2022\\\/09\\\/11\\\/o-rei-da-tv-a-nova-serie-conta-a-historia-de-silvio-santos-assita-ao-trailer\",\"name\":\"O Rei da TV: A nova s\u00e9rie conta a hist\u00f3ria de Silvio Santos; assista ao trailer - Ribeir\u00e3o Preto e Regi\u00e3o\",\"isPartOf\":{\"@id\":\"https:\\\/\\\/redenoticiaz.com.br\\\/ribeiraopreto-regiao\\\/#website\"},\"primaryImageOfPage\":{\"@id\":\"https:\\\/\\\/redenoticiaz.com.br\\\/ribeiraopreto-regiao\\\/sp\\\/2022\\\/09\\\/11\\\/o-rei-da-tv-a-nova-serie-conta-a-historia-de-silvio-santos-assita-ao-trailer#primaryimage\"},\"image\":{\"@id\":\"https:\\\/\\\/redenoticiaz.com.br\\\/ribeiraopreto-regiao\\\/sp\\\/2022\\\/09\\\/11\\\/o-rei-da-tv-a-nova-serie-conta-a-historia-de-silvio-santos-assita-ao-trailer#primaryimage\"},\"thumbnailUrl\":\"https:\\\/\\\/redenoticiaz.com.br\\\/ribeiraopreto-regiao\\\/wp-content\\\/uploads\\\/sites\\\/4\\\/2022\\\/09\\\/O-Rei-da-TV-Star-2-scaled.jpg\",\"datePublished\":\"2022-09-11T17:00:26+00:00\",\"description\":\"\u00a0\u201cO Rei da TV\u201d, nova s\u00e9rie original do selo\u00a0Star Original Productions, que chegar\u00e1 com exclusividade ao servi\u00e7o de\u00a0streaming.\",\"inLanguage\":\"pt-BR\",\"potentialAction\":[{\"@type\":\"ReadAction\",\"target\":[\"https:\\\/\\\/redenoticiaz.com.br\\\/ribeiraopreto-regiao\\\/sp\\\/2022\\\/09\\\/11\\\/o-rei-da-tv-a-nova-serie-conta-a-historia-de-silvio-santos-assita-ao-trailer\"]}]},{\"@type\":\"ImageObject\",\"inLanguage\":\"pt-BR\",\"@id\":\"https:\\\/\\\/redenoticiaz.com.br\\\/ribeiraopreto-regiao\\\/sp\\\/2022\\\/09\\\/11\\\/o-rei-da-tv-a-nova-serie-conta-a-historia-de-silvio-santos-assita-ao-trailer#primaryimage\",\"url\":\"https:\\\/\\\/redenoticiaz.com.br\\\/ribeiraopreto-regiao\\\/wp-content\\\/uploads\\\/sites\\\/4\\\/2022\\\/09\\\/O-Rei-da-TV-Star-2-scaled.jpg\",\"contentUrl\":\"https:\\\/\\\/redenoticiaz.com.br\\\/ribeiraopreto-regiao\\\/wp-content\\\/uploads\\\/sites\\\/4\\\/2022\\\/09\\\/O-Rei-da-TV-Star-2-scaled.jpg\",\"width\":1620,\"height\":1080,\"caption\":\"O Rei da TV. Cr\u00e9dito: Divulga\u00e7\u00e3o\"},{\"@type\":\"WebSite\",\"@id\":\"https:\\\/\\\/redenoticiaz.com.br\\\/ribeiraopreto-regiao\\\/#website\",\"url\":\"https:\\\/\\\/redenoticiaz.com.br\\\/ribeiraopreto-regiao\\\/\",\"name\":\"Ribeir\u00e3o Preto e Regi\u00e3o\",\"description\":\"Rede NoticiaZ - Ribeir\u00e3o Preto e regi\u00e3o\",\"publisher\":{\"@id\":\"https:\\\/\\\/redenoticiaz.com.br\\\/ribeiraopreto-regiao\\\/#organization\"},\"potentialAction\":[{\"@type\":\"SearchAction\",\"target\":{\"@type\":\"EntryPoint\",\"urlTemplate\":\"https:\\\/\\\/redenoticiaz.com.br\\\/ribeiraopreto-regiao\\\/?s={search_term_string}\"},\"query-input\":{\"@type\":\"PropertyValueSpecification\",\"valueRequired\":true,\"valueName\":\"search_term_string\"}}],\"inLanguage\":\"pt-BR\"},{\"@type\":\"Organization\",\"@id\":\"https:\\\/\\\/redenoticiaz.com.br\\\/ribeiraopreto-regiao\\\/#organization\",\"name\":\"Ribeir\u00e3o Preto e Regi\u00e3o\",\"url\":\"https:\\\/\\\/redenoticiaz.com.br\\\/ribeiraopreto-regiao\\\/\",\"logo\":{\"@type\":\"ImageObject\",\"inLanguage\":\"pt-BR\",\"@id\":\"https:\\\/\\\/redenoticiaz.com.br\\\/ribeiraopreto-regiao\\\/#\\\/schema\\\/logo\\\/image\\\/\",\"url\":\"https:\\\/\\\/redenoticiaz.com.br\\\/barretos-regiao\\\/wp-content\\\/uploads\\\/sites\\\/4\\\/2022\\\/02\\\/logo.jpg\",\"contentUrl\":\"https:\\\/\\\/redenoticiaz.com.br\\\/barretos-regiao\\\/wp-content\\\/uploads\\\/sites\\\/4\\\/2022\\\/02\\\/logo.jpg\",\"width\":400,\"height\":250,\"caption\":\"Ribeir\u00e3o Preto e Regi\u00e3o\"},\"image\":{\"@id\":\"https:\\\/\\\/redenoticiaz.com.br\\\/ribeiraopreto-regiao\\\/#\\\/schema\\\/logo\\\/image\\\/\"},\"sameAs\":[\"https:\\\/\\\/m.facebook.com\\\/redenoticiaz.barretos\",\"https:\\\/\\\/x.com\\\/RN_barretos\",\"https:\\\/\\\/www.instagram.com\\\/redenoticiaz.barretos\\\/?igshid=YmMyMTA2M2Y\",\"https:\\\/\\\/www.linkedin.com\\\/company\\\/rede-noticiaz-barretos-e-regio\\\/\"]},{\"@type\":\"Person\",\"@id\":\"\",\"url\":\"https:\\\/\\\/redenoticiaz.com.br\\\/ribeiraopreto-regiao\\\/sp\\\/author\"}]}<\/script>\n<!-- \/ Yoast SEO plugin. -->","yoast_head_json":{"title":"O Rei da TV: A nova s\u00e9rie conta a hist\u00f3ria de Silvio Santos; assista ao trailer - Ribeir\u00e3o Preto e Regi\u00e3o","description":"\u00a0\u201cO Rei da TV\u201d, nova s\u00e9rie original do selo\u00a0Star Original Productions, que chegar\u00e1 com exclusividade ao servi\u00e7o de\u00a0streaming.","robots":{"index":"index","follow":"follow","max-snippet":"max-snippet:-1","max-image-preview":"max-image-preview:large","max-video-preview":"max-video-preview:-1"},"canonical":"https:\/\/redenoticiaz.com.br\/ribeiraopreto-regiao\/sp\/2022\/09\/11\/o-rei-da-tv-a-nova-serie-conta-a-historia-de-silvio-santos-assita-ao-trailer","og_locale":"pt_BR","og_type":"article","og_title":"O Rei da TV: A nova s\u00e9rie conta a hist\u00f3ria de Silvio Santos; assista ao trailer - Ribeir\u00e3o Preto e Regi\u00e3o","og_description":"\u00a0\u201cO Rei da TV\u201d, nova s\u00e9rie original do selo\u00a0Star Original Productions, que chegar\u00e1 com exclusividade ao servi\u00e7o de\u00a0streaming.","og_url":"https:\/\/redenoticiaz.com.br\/ribeiraopreto-regiao\/sp\/2022\/09\/11\/o-rei-da-tv-a-nova-serie-conta-a-historia-de-silvio-santos-assita-ao-trailer","og_site_name":"Ribeir\u00e3o Preto e Regi\u00e3o","article_publisher":"https:\/\/m.facebook.com\/redenoticiaz.barretos","article_published_time":"2022-09-11T17:00:26+00:00","og_image":[{"width":1620,"height":1080,"url":"https:\/\/redenoticiaz.com.br\/ribeiraopreto-regiao\/wp-content\/uploads\/sites\/4\/2022\/09\/O-Rei-da-TV-Star-2-scaled.jpg","type":"image\/jpeg"}],"twitter_card":"summary_large_image","twitter_creator":"@RN_barretos","twitter_site":"@RN_barretos","twitter_misc":{"Escrito por":"","Est. tempo de leitura":"2 minutos"},"schema":{"@context":"https:\/\/schema.org","@graph":[{"@type":"Article","@id":"https:\/\/redenoticiaz.com.br\/ribeiraopreto-regiao\/sp\/2022\/09\/11\/o-rei-da-tv-a-nova-serie-conta-a-historia-de-silvio-santos-assita-ao-trailer#article","isPartOf":{"@id":"https:\/\/redenoticiaz.com.br\/ribeiraopreto-regiao\/sp\/2022\/09\/11\/o-rei-da-tv-a-nova-serie-conta-a-historia-de-silvio-santos-assita-ao-trailer"},"author":{"name":"","@id":""},"headline":"O Rei da TV: A nova s\u00e9rie conta a hist\u00f3ria de Silvio Santos; assista ao trailer","datePublished":"2022-09-11T17:00:26+00:00","mainEntityOfPage":{"@id":"https:\/\/redenoticiaz.com.br\/ribeiraopreto-regiao\/sp\/2022\/09\/11\/o-rei-da-tv-a-nova-serie-conta-a-historia-de-silvio-santos-assita-ao-trailer"},"wordCount":279,"commentCount":0,"publisher":{"@id":"https:\/\/redenoticiaz.com.br\/ribeiraopreto-regiao\/#organization"},"image":{"@id":"https:\/\/redenoticiaz.com.br\/ribeiraopreto-regiao\/sp\/2022\/09\/11\/o-rei-da-tv-a-nova-serie-conta-a-historia-de-silvio-santos-assita-ao-trailer#primaryimage"},"thumbnailUrl":"https:\/\/redenoticiaz.com.br\/ribeiraopreto-regiao\/wp-content\/uploads\/sites\/4\/2022\/09\/O-Rei-da-TV-Star-2-scaled.jpg","keywords":["O REI DA TV","S\u00c9RIE","S\u00cdLVIO SANTOS","STAR+"],"articleSection":["Entretenimento"],"inLanguage":"pt-BR","potentialAction":[{"@type":"CommentAction","name":"Comment","target":["https:\/\/redenoticiaz.com.br\/ribeiraopreto-regiao\/sp\/2022\/09\/11\/o-rei-da-tv-a-nova-serie-conta-a-historia-de-silvio-santos-assita-ao-trailer#respond"]}]},{"@type":"WebPage","@id":"https:\/\/redenoticiaz.com.br\/ribeiraopreto-regiao\/sp\/2022\/09\/11\/o-rei-da-tv-a-nova-serie-conta-a-historia-de-silvio-santos-assita-ao-trailer","url":"https:\/\/redenoticiaz.com.br\/ribeiraopreto-regiao\/sp\/2022\/09\/11\/o-rei-da-tv-a-nova-serie-conta-a-historia-de-silvio-santos-assita-ao-trailer","name":"O Rei da TV: A nova s\u00e9rie conta a hist\u00f3ria de Silvio Santos; assista ao trailer - Ribeir\u00e3o Preto e Regi\u00e3o","isPartOf":{"@id":"https:\/\/redenoticiaz.com.br\/ribeiraopreto-regiao\/#website"},"primaryImageOfPage":{"@id":"https:\/\/redenoticiaz.com.br\/ribeiraopreto-regiao\/sp\/2022\/09\/11\/o-rei-da-tv-a-nova-serie-conta-a-historia-de-silvio-santos-assita-ao-trailer#primaryimage"},"image":{"@id":"https:\/\/redenoticiaz.com.br\/ribeiraopreto-regiao\/sp\/2022\/09\/11\/o-rei-da-tv-a-nova-serie-conta-a-historia-de-silvio-santos-assita-ao-trailer#primaryimage"},"thumbnailUrl":"https:\/\/redenoticiaz.com.br\/ribeiraopreto-regiao\/wp-content\/uploads\/sites\/4\/2022\/09\/O-Rei-da-TV-Star-2-scaled.jpg","datePublished":"2022-09-11T17:00:26+00:00","description":"\u00a0\u201cO Rei da TV\u201d, nova s\u00e9rie original do selo\u00a0Star Original Productions, que chegar\u00e1 com exclusividade ao servi\u00e7o de\u00a0streaming.","inLanguage":"pt-BR","potentialAction":[{"@type":"ReadAction","target":["https:\/\/redenoticiaz.com.br\/ribeiraopreto-regiao\/sp\/2022\/09\/11\/o-rei-da-tv-a-nova-serie-conta-a-historia-de-silvio-santos-assita-ao-trailer"]}]},{"@type":"ImageObject","inLanguage":"pt-BR","@id":"https:\/\/redenoticiaz.com.br\/ribeiraopreto-regiao\/sp\/2022\/09\/11\/o-rei-da-tv-a-nova-serie-conta-a-historia-de-silvio-santos-assita-ao-trailer#primaryimage","url":"https:\/\/redenoticiaz.com.br\/ribeiraopreto-regiao\/wp-content\/uploads\/sites\/4\/2022\/09\/O-Rei-da-TV-Star-2-scaled.jpg","contentUrl":"https:\/\/redenoticiaz.com.br\/ribeiraopreto-regiao\/wp-content\/uploads\/sites\/4\/2022\/09\/O-Rei-da-TV-Star-2-scaled.jpg","width":1620,"height":1080,"caption":"O Rei da TV. Cr\u00e9dito: Divulga\u00e7\u00e3o"},{"@type":"WebSite","@id":"https:\/\/redenoticiaz.com.br\/ribeiraopreto-regiao\/#website","url":"https:\/\/redenoticiaz.com.br\/ribeiraopreto-regiao\/","name":"Ribeir\u00e3o Preto e Regi\u00e3o","description":"Rede NoticiaZ - Ribeir\u00e3o Preto e regi\u00e3o","publisher":{"@id":"https:\/\/redenoticiaz.com.br\/ribeiraopreto-regiao\/#organization"},"potentialAction":[{"@type":"SearchAction","target":{"@type":"EntryPoint","urlTemplate":"https:\/\/redenoticiaz.com.br\/ribeiraopreto-regiao\/?s={search_term_string}"},"query-input":{"@type":"PropertyValueSpecification","valueRequired":true,"valueName":"search_term_string"}}],"inLanguage":"pt-BR"},{"@type":"Organization","@id":"https:\/\/redenoticiaz.com.br\/ribeiraopreto-regiao\/#organization","name":"Ribeir\u00e3o Preto e Regi\u00e3o","url":"https:\/\/redenoticiaz.com.br\/ribeiraopreto-regiao\/","logo":{"@type":"ImageObject","inLanguage":"pt-BR","@id":"https:\/\/redenoticiaz.com.br\/ribeiraopreto-regiao\/#\/schema\/logo\/image\/","url":"https:\/\/redenoticiaz.com.br\/barretos-regiao\/wp-content\/uploads\/sites\/4\/2022\/02\/logo.jpg","contentUrl":"https:\/\/redenoticiaz.com.br\/barretos-regiao\/wp-content\/uploads\/sites\/4\/2022\/02\/logo.jpg","width":400,"height":250,"caption":"Ribeir\u00e3o Preto e Regi\u00e3o"},"image":{"@id":"https:\/\/redenoticiaz.com.br\/ribeiraopreto-regiao\/#\/schema\/logo\/image\/"},"sameAs":["https:\/\/m.facebook.com\/redenoticiaz.barretos","https:\/\/x.com\/RN_barretos","https:\/\/www.instagram.com\/redenoticiaz.barretos\/?igshid=YmMyMTA2M2Y","https:\/\/www.linkedin.com\/company\/rede-noticiaz-barretos-e-regio\/"]},{"@type":"Person","@id":"","url":"https:\/\/redenoticiaz.com.br\/ribeiraopreto-regiao\/sp\/author"}]}},"_links":{"self":[{"href":"https:\/\/redenoticiaz.com.br\/ribeiraopreto-regiao\/wp-json\/wp\/v2\/posts\/91287","targetHints":{"allow":["GET"]}}],"collection":[{"href":"https:\/\/redenoticiaz.com.br\/ribeiraopreto-regiao\/wp-json\/wp\/v2\/posts"}],"about":[{"href":"https:\/\/redenoticiaz.com.br\/ribeiraopreto-regiao\/wp-json\/wp\/v2\/types\/post"}],"author":[{"embeddable":true,"href":"https:\/\/redenoticiaz.com.br\/ribeiraopreto-regiao\/wp-json\/wp\/v2\/users\/15"}],"replies":[{"embeddable":true,"href":"https:\/\/redenoticiaz.com.br\/ribeiraopreto-regiao\/wp-json\/wp\/v2\/comments?post=91287"}],"version-history":[{"count":2,"href":"https:\/\/redenoticiaz.com.br\/ribeiraopreto-regiao\/wp-json\/wp\/v2\/posts\/91287\/revisions"}],"predecessor-version":[{"id":91290,"href":"https:\/\/redenoticiaz.com.br\/ribeiraopreto-regiao\/wp-json\/wp\/v2\/posts\/91287\/revisions\/91290"}],"wp:featuredmedia":[{"embeddable":true,"href":"https:\/\/redenoticiaz.com.br\/ribeiraopreto-regiao\/wp-json\/wp\/v2\/media\/91288"}],"wp:attachment":[{"href":"https:\/\/redenoticiaz.com.br\/ribeiraopreto-regiao\/wp-json\/wp\/v2\/media?parent=91287"}],"wp:term":[{"taxonomy":"category","embeddable":true,"href":"https:\/\/redenoticiaz.com.br\/ribeiraopreto-regiao\/wp-json\/wp\/v2\/categories?post=91287"},{"taxonomy":"post_tag","embeddable":true,"href":"https:\/\/redenoticiaz.com.br\/ribeiraopreto-regiao\/wp-json\/wp\/v2\/tags?post=91287"}],"curies":[{"name":"wp","href":"https:\/\/api.w.org\/{rel}","templated":true}]}}