{"id":91295,"date":"2022-09-11T16:00:11","date_gmt":"2022-09-11T19:00:11","guid":{"rendered":"https:\/\/redenoticiaz.com.br\/barretos-regiao\/?p=91295"},"modified":"2022-09-09T19:27:19","modified_gmt":"2022-09-09T22:27:19","slug":"netflix-lanca-trailer-de-documentario-sobre-vitoria-do-brasil-na-copa-de-2002","status":"publish","type":"post","link":"https:\/\/redenoticiaz.com.br\/ribeiraopreto-regiao\/sp\/2022\/09\/11\/netflix-lanca-trailer-de-documentario-sobre-vitoria-do-brasil-na-copa-de-2002","title":{"rendered":"Netflix lan\u00e7a trailer de document\u00e1rio sobre vit\u00f3ria do Brasil na Copa de 2002"},"content":{"rendered":"<p>A Netflix lan\u00e7ou o primeiro trailer de um document\u00e1rio sobre vit\u00f3ria do Brasil na Copa de 2002 e a estreia est\u00e1 marcada para Outubro.<\/p>\n<p>De acordo com o servi\u00e7o de streaming o document\u00e1rio &#8220;Brasil 2002: Os Bastidores do Penta&#8221;, mostra os bastidores da \u00faltima vit\u00f3ria da sele\u00e7\u00e3o brasileira na Copa do Mundo.<\/p>\n<p><iframe loading=\"lazy\" title=\"Brasil 2002 - Os Bastidores do Penta | Trailer oficial | Netflix Brasil\" width=\"500\" height=\"281\" src=\"https:\/\/www.youtube.com\/embed\/RcUxoM8tgfs?feature=oembed\" frameborder=\"0\" allow=\"accelerometer; autoplay; clipboard-write; encrypted-media; gyroscope; picture-in-picture; web-share\" referrerpolicy=\"strict-origin-when-cross-origin\" allowfullscreen><\/iframe><\/p>\n<p>Ainda de acordo com as informa\u00e7\u00f5es, os f\u00e3s v\u00e3o poder se divertir com diversas revela\u00e7\u00f5es de jogadores que marcaram hist\u00f3ria.<\/p>\n<p>Sendo assim, participaram das grava\u00e7\u00f5es jogadores, como Ronaldo \u201cFen\u00f4meno\u201d, Roberto Carlos, Cafu, L\u00facio, entre outros, que fizeram parte da uma sele\u00e7\u00e3o brasileira.<\/p>\n<p><strong>Leia mais<\/strong><\/p>\n<p><a href=\"https:\/\/redenoticiaz.com.br\/blog\/2022\/08\/21\/trailer-o-poder-da-transformacao-em-queer-eye-brasil-chega-ao-netflix\">Trailer: O poder da transforma\u00e7\u00e3o em Queer Eye Brasil chega a Netflix<\/a><\/p>\n","protected":false},"excerpt":{"rendered":"<p>A Netflix lan\u00e7ou o primeiro trailer de um document\u00e1rio sobre vit\u00f3ria do Brasil na Copa de 2002 e a estreia est\u00e1 marcada para Outubro. De acordo com o servi\u00e7o de streaming o document\u00e1rio &#8220;Brasil 2002: Os Bastidores do Penta&#8221;, mostra os bastidores da \u00faltima vit\u00f3ria da sele\u00e7\u00e3o brasileira na Copa do Mundo. Ainda de acordo &hellip;<\/p>\n","protected":false},"author":12,"featured_media":91296,"comment_status":"open","ping_status":"closed","sticky":false,"template":"","format":"standard","meta":{"footnotes":""},"categories":[134],"tags":[5886,387,5887,199],"class_list":["post-91295","post","type-post","status-publish","format-standard","has-post-thumbnail","hentry","category-entretenimento","tag-documentario","tag-futebol","tag-netflix","tag-selecao-brasileira"],"yoast_head":"<!-- This site is optimized with the Yoast SEO plugin v27.4 - https:\/\/yoast.com\/product\/yoast-seo-wordpress\/ -->\n<title>Netflix lan\u00e7a trailer de document\u00e1rio sobre vit\u00f3ria do Brasil na Copa de 2002 - Ribeir\u00e3o Preto e Regi\u00e3o<\/title>\n<meta name=\"description\" content=\"A Netflix lan\u00e7ou o primeiro trailer de um document\u00e1rio sobre vit\u00f3ria do Brasil na Copa de 2002 e a estreia est\u00e1 marcada para Outubro.\" \/>\n<meta name=\"robots\" content=\"index, follow, max-snippet:-1, max-image-preview:large, max-video-preview:-1\" \/>\n<link rel=\"canonical\" href=\"https:\/\/redenoticiaz.com.br\/ribeiraopreto-regiao\/sp\/2022\/09\/11\/netflix-lanca-trailer-de-documentario-sobre-vitoria-do-brasil-na-copa-de-2002\" \/>\n<meta property=\"og:locale\" content=\"pt_BR\" \/>\n<meta property=\"og:type\" content=\"article\" \/>\n<meta property=\"og:title\" content=\"Netflix lan\u00e7a trailer de document\u00e1rio sobre vit\u00f3ria do Brasil na Copa de 2002 - Ribeir\u00e3o Preto e Regi\u00e3o\" \/>\n<meta property=\"og:description\" content=\"A Netflix lan\u00e7ou o primeiro trailer de um document\u00e1rio sobre vit\u00f3ria do Brasil na Copa de 2002 e a estreia est\u00e1 marcada para Outubro.\" \/>\n<meta property=\"og:url\" content=\"https:\/\/redenoticiaz.com.br\/ribeiraopreto-regiao\/sp\/2022\/09\/11\/netflix-lanca-trailer-de-documentario-sobre-vitoria-do-brasil-na-copa-de-2002\" \/>\n<meta property=\"og:site_name\" content=\"Ribeir\u00e3o Preto e Regi\u00e3o\" \/>\n<meta property=\"article:publisher\" content=\"https:\/\/m.facebook.com\/redenoticiaz.barretos\" \/>\n<meta property=\"article:published_time\" content=\"2022-09-11T19:00:11+00:00\" \/>\n<meta property=\"og:image\" content=\"https:\/\/redenoticiaz.com.br\/ribeiraopreto-regiao\/wp-content\/uploads\/sites\/4\/2022\/09\/Selec-o-Brasileira.jpg?v=1662762276\" \/>\n\t<meta property=\"og:image:width\" content=\"1100\" \/>\n\t<meta property=\"og:image:height\" content=\"785\" \/>\n\t<meta property=\"og:image:type\" content=\"image\/jpeg\" \/>\n<meta name=\"author\" content=\"Gustavo Silva\" \/>\n<meta name=\"twitter:card\" content=\"summary_large_image\" \/>\n<meta name=\"twitter:creator\" content=\"@RN_barretos\" \/>\n<meta name=\"twitter:site\" content=\"@RN_barretos\" \/>\n<meta name=\"twitter:label1\" content=\"Escrito por\" \/>\n\t<meta name=\"twitter:data1\" content=\"Gustavo Silva\" \/>\n\t<meta name=\"twitter:label2\" content=\"Est. tempo de leitura\" \/>\n\t<meta name=\"twitter:data2\" content=\"1 minuto\" \/>\n<script type=\"application\/ld+json\" class=\"yoast-schema-graph\">{\"@context\":\"https:\\\/\\\/schema.org\",\"@graph\":[{\"@type\":\"Article\",\"@id\":\"https:\\\/\\\/redenoticiaz.com.br\\\/ribeiraopreto-regiao\\\/sp\\\/2022\\\/09\\\/11\\\/netflix-lanca-trailer-de-documentario-sobre-vitoria-do-brasil-na-copa-de-2002#article\",\"isPartOf\":{\"@id\":\"https:\\\/\\\/redenoticiaz.com.br\\\/ribeiraopreto-regiao\\\/sp\\\/2022\\\/09\\\/11\\\/netflix-lanca-trailer-de-documentario-sobre-vitoria-do-brasil-na-copa-de-2002\"},\"author\":{\"name\":\"Gustavo Silva\",\"@id\":\"https:\\\/\\\/redenoticiaz.com.br\\\/ribeiraopreto-regiao\\\/#\\\/schema\\\/person\\\/16057b37a3c0ee6b096d7f887c566e2e\"},\"headline\":\"Netflix lan\u00e7a trailer de document\u00e1rio sobre vit\u00f3ria do Brasil na Copa de 2002\",\"datePublished\":\"2022-09-11T19:00:11+00:00\",\"mainEntityOfPage\":{\"@id\":\"https:\\\/\\\/redenoticiaz.com.br\\\/ribeiraopreto-regiao\\\/sp\\\/2022\\\/09\\\/11\\\/netflix-lanca-trailer-de-documentario-sobre-vitoria-do-brasil-na-copa-de-2002\"},\"wordCount\":143,\"commentCount\":0,\"publisher\":{\"@id\":\"https:\\\/\\\/redenoticiaz.com.br\\\/ribeiraopreto-regiao\\\/#organization\"},\"image\":{\"@id\":\"https:\\\/\\\/redenoticiaz.com.br\\\/ribeiraopreto-regiao\\\/sp\\\/2022\\\/09\\\/11\\\/netflix-lanca-trailer-de-documentario-sobre-vitoria-do-brasil-na-copa-de-2002#primaryimage\"},\"thumbnailUrl\":\"https:\\\/\\\/redenoticiaz.com.br\\\/ribeiraopreto-regiao\\\/wp-content\\\/uploads\\\/sites\\\/4\\\/2022\\\/09\\\/Selec-o-Brasileira.jpg?v=1662762276\",\"keywords\":[\"DOCUMENT\u00c1RIO\",\"FUTEBOL\",\"NETFLIX\",\"Sele\u00e7\u00e3o Brasileira\"],\"articleSection\":[\"Entretenimento\"],\"inLanguage\":\"pt-BR\",\"potentialAction\":[{\"@type\":\"CommentAction\",\"name\":\"Comment\",\"target\":[\"https:\\\/\\\/redenoticiaz.com.br\\\/ribeiraopreto-regiao\\\/sp\\\/2022\\\/09\\\/11\\\/netflix-lanca-trailer-de-documentario-sobre-vitoria-do-brasil-na-copa-de-2002#respond\"]}]},{\"@type\":\"WebPage\",\"@id\":\"https:\\\/\\\/redenoticiaz.com.br\\\/ribeiraopreto-regiao\\\/sp\\\/2022\\\/09\\\/11\\\/netflix-lanca-trailer-de-documentario-sobre-vitoria-do-brasil-na-copa-de-2002\",\"url\":\"https:\\\/\\\/redenoticiaz.com.br\\\/ribeiraopreto-regiao\\\/sp\\\/2022\\\/09\\\/11\\\/netflix-lanca-trailer-de-documentario-sobre-vitoria-do-brasil-na-copa-de-2002\",\"name\":\"Netflix lan\u00e7a trailer de document\u00e1rio sobre vit\u00f3ria do Brasil na Copa de 2002 - Ribeir\u00e3o Preto e Regi\u00e3o\",\"isPartOf\":{\"@id\":\"https:\\\/\\\/redenoticiaz.com.br\\\/ribeiraopreto-regiao\\\/#website\"},\"primaryImageOfPage\":{\"@id\":\"https:\\\/\\\/redenoticiaz.com.br\\\/ribeiraopreto-regiao\\\/sp\\\/2022\\\/09\\\/11\\\/netflix-lanca-trailer-de-documentario-sobre-vitoria-do-brasil-na-copa-de-2002#primaryimage\"},\"image\":{\"@id\":\"https:\\\/\\\/redenoticiaz.com.br\\\/ribeiraopreto-regiao\\\/sp\\\/2022\\\/09\\\/11\\\/netflix-lanca-trailer-de-documentario-sobre-vitoria-do-brasil-na-copa-de-2002#primaryimage\"},\"thumbnailUrl\":\"https:\\\/\\\/redenoticiaz.com.br\\\/ribeiraopreto-regiao\\\/wp-content\\\/uploads\\\/sites\\\/4\\\/2022\\\/09\\\/Selec-o-Brasileira.jpg?v=1662762276\",\"datePublished\":\"2022-09-11T19:00:11+00:00\",\"description\":\"A Netflix lan\u00e7ou o primeiro trailer de um document\u00e1rio sobre vit\u00f3ria do Brasil na Copa de 2002 e a estreia est\u00e1 marcada para Outubro.\",\"inLanguage\":\"pt-BR\",\"potentialAction\":[{\"@type\":\"ReadAction\",\"target\":[\"https:\\\/\\\/redenoticiaz.com.br\\\/ribeiraopreto-regiao\\\/sp\\\/2022\\\/09\\\/11\\\/netflix-lanca-trailer-de-documentario-sobre-vitoria-do-brasil-na-copa-de-2002\"]}]},{\"@type\":\"ImageObject\",\"inLanguage\":\"pt-BR\",\"@id\":\"https:\\\/\\\/redenoticiaz.com.br\\\/ribeiraopreto-regiao\\\/sp\\\/2022\\\/09\\\/11\\\/netflix-lanca-trailer-de-documentario-sobre-vitoria-do-brasil-na-copa-de-2002#primaryimage\",\"url\":\"https:\\\/\\\/redenoticiaz.com.br\\\/ribeiraopreto-regiao\\\/wp-content\\\/uploads\\\/sites\\\/4\\\/2022\\\/09\\\/Selec-o-Brasileira.jpg?v=1662762276\",\"contentUrl\":\"https:\\\/\\\/redenoticiaz.com.br\\\/ribeiraopreto-regiao\\\/wp-content\\\/uploads\\\/sites\\\/4\\\/2022\\\/09\\\/Selec-o-Brasileira.jpg?v=1662762276\",\"width\":1100,\"height\":785,\"caption\":\"Netflix lan\u00e7a trailer de document\u00e1rio sobre vit\u00f3ria do Brasil na Copa de 2002\"},{\"@type\":\"WebSite\",\"@id\":\"https:\\\/\\\/redenoticiaz.com.br\\\/ribeiraopreto-regiao\\\/#website\",\"url\":\"https:\\\/\\\/redenoticiaz.com.br\\\/ribeiraopreto-regiao\\\/\",\"name\":\"Ribeir\u00e3o Preto e Regi\u00e3o\",\"description\":\"Rede NoticiaZ - Ribeir\u00e3o Preto e regi\u00e3o\",\"publisher\":{\"@id\":\"https:\\\/\\\/redenoticiaz.com.br\\\/ribeiraopreto-regiao\\\/#organization\"},\"potentialAction\":[{\"@type\":\"SearchAction\",\"target\":{\"@type\":\"EntryPoint\",\"urlTemplate\":\"https:\\\/\\\/redenoticiaz.com.br\\\/ribeiraopreto-regiao\\\/?s={search_term_string}\"},\"query-input\":{\"@type\":\"PropertyValueSpecification\",\"valueRequired\":true,\"valueName\":\"search_term_string\"}}],\"inLanguage\":\"pt-BR\"},{\"@type\":\"Organization\",\"@id\":\"https:\\\/\\\/redenoticiaz.com.br\\\/ribeiraopreto-regiao\\\/#organization\",\"name\":\"Ribeir\u00e3o Preto e Regi\u00e3o\",\"url\":\"https:\\\/\\\/redenoticiaz.com.br\\\/ribeiraopreto-regiao\\\/\",\"logo\":{\"@type\":\"ImageObject\",\"inLanguage\":\"pt-BR\",\"@id\":\"https:\\\/\\\/redenoticiaz.com.br\\\/ribeiraopreto-regiao\\\/#\\\/schema\\\/logo\\\/image\\\/\",\"url\":\"https:\\\/\\\/redenoticiaz.com.br\\\/barretos-regiao\\\/wp-content\\\/uploads\\\/sites\\\/4\\\/2022\\\/02\\\/logo.jpg\",\"contentUrl\":\"https:\\\/\\\/redenoticiaz.com.br\\\/barretos-regiao\\\/wp-content\\\/uploads\\\/sites\\\/4\\\/2022\\\/02\\\/logo.jpg\",\"width\":400,\"height\":250,\"caption\":\"Ribeir\u00e3o Preto e Regi\u00e3o\"},\"image\":{\"@id\":\"https:\\\/\\\/redenoticiaz.com.br\\\/ribeiraopreto-regiao\\\/#\\\/schema\\\/logo\\\/image\\\/\"},\"sameAs\":[\"https:\\\/\\\/m.facebook.com\\\/redenoticiaz.barretos\",\"https:\\\/\\\/x.com\\\/RN_barretos\",\"https:\\\/\\\/www.instagram.com\\\/redenoticiaz.barretos\\\/?igshid=YmMyMTA2M2Y\",\"https:\\\/\\\/www.linkedin.com\\\/company\\\/rede-noticiaz-barretos-e-regio\\\/\"]},{\"@type\":\"Person\",\"@id\":\"https:\\\/\\\/redenoticiaz.com.br\\\/ribeiraopreto-regiao\\\/#\\\/schema\\\/person\\\/16057b37a3c0ee6b096d7f887c566e2e\",\"name\":\"Gustavo Silva\",\"image\":{\"@type\":\"ImageObject\",\"inLanguage\":\"pt-BR\",\"@id\":\"https:\\\/\\\/secure.gravatar.com\\\/avatar\\\/3ee4e82f93b26de0a7cf4ea5eb7893da637ed6bb0c9170c58065944c56e28a33?s=96&d=mm&r=g\",\"url\":\"https:\\\/\\\/secure.gravatar.com\\\/avatar\\\/3ee4e82f93b26de0a7cf4ea5eb7893da637ed6bb0c9170c58065944c56e28a33?s=96&d=mm&r=g\",\"contentUrl\":\"https:\\\/\\\/secure.gravatar.com\\\/avatar\\\/3ee4e82f93b26de0a7cf4ea5eb7893da637ed6bb0c9170c58065944c56e28a33?s=96&d=mm&r=g\",\"caption\":\"Gustavo Silva\"},\"url\":\"https:\\\/\\\/redenoticiaz.com.br\\\/ribeiraopreto-regiao\\\/sp\\\/author\\\/gustavosilva\"}]}<\/script>\n<!-- \/ Yoast SEO plugin. -->","yoast_head_json":{"title":"Netflix lan\u00e7a trailer de document\u00e1rio sobre vit\u00f3ria do Brasil na Copa de 2002 - Ribeir\u00e3o Preto e Regi\u00e3o","description":"A Netflix lan\u00e7ou o primeiro trailer de um document\u00e1rio sobre vit\u00f3ria do Brasil na Copa de 2002 e a estreia est\u00e1 marcada para Outubro.","robots":{"index":"index","follow":"follow","max-snippet":"max-snippet:-1","max-image-preview":"max-image-preview:large","max-video-preview":"max-video-preview:-1"},"canonical":"https:\/\/redenoticiaz.com.br\/ribeiraopreto-regiao\/sp\/2022\/09\/11\/netflix-lanca-trailer-de-documentario-sobre-vitoria-do-brasil-na-copa-de-2002","og_locale":"pt_BR","og_type":"article","og_title":"Netflix lan\u00e7a trailer de document\u00e1rio sobre vit\u00f3ria do Brasil na Copa de 2002 - Ribeir\u00e3o Preto e Regi\u00e3o","og_description":"A Netflix lan\u00e7ou o primeiro trailer de um document\u00e1rio sobre vit\u00f3ria do Brasil na Copa de 2002 e a estreia est\u00e1 marcada para Outubro.","og_url":"https:\/\/redenoticiaz.com.br\/ribeiraopreto-regiao\/sp\/2022\/09\/11\/netflix-lanca-trailer-de-documentario-sobre-vitoria-do-brasil-na-copa-de-2002","og_site_name":"Ribeir\u00e3o Preto e Regi\u00e3o","article_publisher":"https:\/\/m.facebook.com\/redenoticiaz.barretos","article_published_time":"2022-09-11T19:00:11+00:00","og_image":[{"width":1100,"height":785,"url":"https:\/\/redenoticiaz.com.br\/ribeiraopreto-regiao\/wp-content\/uploads\/sites\/4\/2022\/09\/Selec-o-Brasileira.jpg?v=1662762276","type":"image\/jpeg"}],"author":"Gustavo Silva","twitter_card":"summary_large_image","twitter_creator":"@RN_barretos","twitter_site":"@RN_barretos","twitter_misc":{"Escrito por":"Gustavo Silva","Est. tempo de leitura":"1 minuto"},"schema":{"@context":"https:\/\/schema.org","@graph":[{"@type":"Article","@id":"https:\/\/redenoticiaz.com.br\/ribeiraopreto-regiao\/sp\/2022\/09\/11\/netflix-lanca-trailer-de-documentario-sobre-vitoria-do-brasil-na-copa-de-2002#article","isPartOf":{"@id":"https:\/\/redenoticiaz.com.br\/ribeiraopreto-regiao\/sp\/2022\/09\/11\/netflix-lanca-trailer-de-documentario-sobre-vitoria-do-brasil-na-copa-de-2002"},"author":{"name":"Gustavo Silva","@id":"https:\/\/redenoticiaz.com.br\/ribeiraopreto-regiao\/#\/schema\/person\/16057b37a3c0ee6b096d7f887c566e2e"},"headline":"Netflix lan\u00e7a trailer de document\u00e1rio sobre vit\u00f3ria do Brasil na Copa de 2002","datePublished":"2022-09-11T19:00:11+00:00","mainEntityOfPage":{"@id":"https:\/\/redenoticiaz.com.br\/ribeiraopreto-regiao\/sp\/2022\/09\/11\/netflix-lanca-trailer-de-documentario-sobre-vitoria-do-brasil-na-copa-de-2002"},"wordCount":143,"commentCount":0,"publisher":{"@id":"https:\/\/redenoticiaz.com.br\/ribeiraopreto-regiao\/#organization"},"image":{"@id":"https:\/\/redenoticiaz.com.br\/ribeiraopreto-regiao\/sp\/2022\/09\/11\/netflix-lanca-trailer-de-documentario-sobre-vitoria-do-brasil-na-copa-de-2002#primaryimage"},"thumbnailUrl":"https:\/\/redenoticiaz.com.br\/ribeiraopreto-regiao\/wp-content\/uploads\/sites\/4\/2022\/09\/Selec-o-Brasileira.jpg?v=1662762276","keywords":["DOCUMENT\u00c1RIO","FUTEBOL","NETFLIX","Sele\u00e7\u00e3o Brasileira"],"articleSection":["Entretenimento"],"inLanguage":"pt-BR","potentialAction":[{"@type":"CommentAction","name":"Comment","target":["https:\/\/redenoticiaz.com.br\/ribeiraopreto-regiao\/sp\/2022\/09\/11\/netflix-lanca-trailer-de-documentario-sobre-vitoria-do-brasil-na-copa-de-2002#respond"]}]},{"@type":"WebPage","@id":"https:\/\/redenoticiaz.com.br\/ribeiraopreto-regiao\/sp\/2022\/09\/11\/netflix-lanca-trailer-de-documentario-sobre-vitoria-do-brasil-na-copa-de-2002","url":"https:\/\/redenoticiaz.com.br\/ribeiraopreto-regiao\/sp\/2022\/09\/11\/netflix-lanca-trailer-de-documentario-sobre-vitoria-do-brasil-na-copa-de-2002","name":"Netflix lan\u00e7a trailer de document\u00e1rio sobre vit\u00f3ria do Brasil na Copa de 2002 - Ribeir\u00e3o Preto e Regi\u00e3o","isPartOf":{"@id":"https:\/\/redenoticiaz.com.br\/ribeiraopreto-regiao\/#website"},"primaryImageOfPage":{"@id":"https:\/\/redenoticiaz.com.br\/ribeiraopreto-regiao\/sp\/2022\/09\/11\/netflix-lanca-trailer-de-documentario-sobre-vitoria-do-brasil-na-copa-de-2002#primaryimage"},"image":{"@id":"https:\/\/redenoticiaz.com.br\/ribeiraopreto-regiao\/sp\/2022\/09\/11\/netflix-lanca-trailer-de-documentario-sobre-vitoria-do-brasil-na-copa-de-2002#primaryimage"},"thumbnailUrl":"https:\/\/redenoticiaz.com.br\/ribeiraopreto-regiao\/wp-content\/uploads\/sites\/4\/2022\/09\/Selec-o-Brasileira.jpg?v=1662762276","datePublished":"2022-09-11T19:00:11+00:00","description":"A Netflix lan\u00e7ou o primeiro trailer de um document\u00e1rio sobre vit\u00f3ria do Brasil na Copa de 2002 e a estreia est\u00e1 marcada para Outubro.","inLanguage":"pt-BR","potentialAction":[{"@type":"ReadAction","target":["https:\/\/redenoticiaz.com.br\/ribeiraopreto-regiao\/sp\/2022\/09\/11\/netflix-lanca-trailer-de-documentario-sobre-vitoria-do-brasil-na-copa-de-2002"]}]},{"@type":"ImageObject","inLanguage":"pt-BR","@id":"https:\/\/redenoticiaz.com.br\/ribeiraopreto-regiao\/sp\/2022\/09\/11\/netflix-lanca-trailer-de-documentario-sobre-vitoria-do-brasil-na-copa-de-2002#primaryimage","url":"https:\/\/redenoticiaz.com.br\/ribeiraopreto-regiao\/wp-content\/uploads\/sites\/4\/2022\/09\/Selec-o-Brasileira.jpg?v=1662762276","contentUrl":"https:\/\/redenoticiaz.com.br\/ribeiraopreto-regiao\/wp-content\/uploads\/sites\/4\/2022\/09\/Selec-o-Brasileira.jpg?v=1662762276","width":1100,"height":785,"caption":"Netflix lan\u00e7a trailer de document\u00e1rio sobre vit\u00f3ria do Brasil na Copa de 2002"},{"@type":"WebSite","@id":"https:\/\/redenoticiaz.com.br\/ribeiraopreto-regiao\/#website","url":"https:\/\/redenoticiaz.com.br\/ribeiraopreto-regiao\/","name":"Ribeir\u00e3o Preto e Regi\u00e3o","description":"Rede NoticiaZ - Ribeir\u00e3o Preto e regi\u00e3o","publisher":{"@id":"https:\/\/redenoticiaz.com.br\/ribeiraopreto-regiao\/#organization"},"potentialAction":[{"@type":"SearchAction","target":{"@type":"EntryPoint","urlTemplate":"https:\/\/redenoticiaz.com.br\/ribeiraopreto-regiao\/?s={search_term_string}"},"query-input":{"@type":"PropertyValueSpecification","valueRequired":true,"valueName":"search_term_string"}}],"inLanguage":"pt-BR"},{"@type":"Organization","@id":"https:\/\/redenoticiaz.com.br\/ribeiraopreto-regiao\/#organization","name":"Ribeir\u00e3o Preto e Regi\u00e3o","url":"https:\/\/redenoticiaz.com.br\/ribeiraopreto-regiao\/","logo":{"@type":"ImageObject","inLanguage":"pt-BR","@id":"https:\/\/redenoticiaz.com.br\/ribeiraopreto-regiao\/#\/schema\/logo\/image\/","url":"https:\/\/redenoticiaz.com.br\/barretos-regiao\/wp-content\/uploads\/sites\/4\/2022\/02\/logo.jpg","contentUrl":"https:\/\/redenoticiaz.com.br\/barretos-regiao\/wp-content\/uploads\/sites\/4\/2022\/02\/logo.jpg","width":400,"height":250,"caption":"Ribeir\u00e3o Preto e Regi\u00e3o"},"image":{"@id":"https:\/\/redenoticiaz.com.br\/ribeiraopreto-regiao\/#\/schema\/logo\/image\/"},"sameAs":["https:\/\/m.facebook.com\/redenoticiaz.barretos","https:\/\/x.com\/RN_barretos","https:\/\/www.instagram.com\/redenoticiaz.barretos\/?igshid=YmMyMTA2M2Y","https:\/\/www.linkedin.com\/company\/rede-noticiaz-barretos-e-regio\/"]},{"@type":"Person","@id":"https:\/\/redenoticiaz.com.br\/ribeiraopreto-regiao\/#\/schema\/person\/16057b37a3c0ee6b096d7f887c566e2e","name":"Gustavo Silva","image":{"@type":"ImageObject","inLanguage":"pt-BR","@id":"https:\/\/secure.gravatar.com\/avatar\/3ee4e82f93b26de0a7cf4ea5eb7893da637ed6bb0c9170c58065944c56e28a33?s=96&d=mm&r=g","url":"https:\/\/secure.gravatar.com\/avatar\/3ee4e82f93b26de0a7cf4ea5eb7893da637ed6bb0c9170c58065944c56e28a33?s=96&d=mm&r=g","contentUrl":"https:\/\/secure.gravatar.com\/avatar\/3ee4e82f93b26de0a7cf4ea5eb7893da637ed6bb0c9170c58065944c56e28a33?s=96&d=mm&r=g","caption":"Gustavo Silva"},"url":"https:\/\/redenoticiaz.com.br\/ribeiraopreto-regiao\/sp\/author\/gustavosilva"}]}},"_links":{"self":[{"href":"https:\/\/redenoticiaz.com.br\/ribeiraopreto-regiao\/wp-json\/wp\/v2\/posts\/91295","targetHints":{"allow":["GET"]}}],"collection":[{"href":"https:\/\/redenoticiaz.com.br\/ribeiraopreto-regiao\/wp-json\/wp\/v2\/posts"}],"about":[{"href":"https:\/\/redenoticiaz.com.br\/ribeiraopreto-regiao\/wp-json\/wp\/v2\/types\/post"}],"author":[{"embeddable":true,"href":"https:\/\/redenoticiaz.com.br\/ribeiraopreto-regiao\/wp-json\/wp\/v2\/users\/12"}],"replies":[{"embeddable":true,"href":"https:\/\/redenoticiaz.com.br\/ribeiraopreto-regiao\/wp-json\/wp\/v2\/comments?post=91295"}],"version-history":[{"count":0,"href":"https:\/\/redenoticiaz.com.br\/ribeiraopreto-regiao\/wp-json\/wp\/v2\/posts\/91295\/revisions"}],"wp:featuredmedia":[{"embeddable":true,"href":"https:\/\/redenoticiaz.com.br\/ribeiraopreto-regiao\/wp-json\/wp\/v2\/media\/91296"}],"wp:attachment":[{"href":"https:\/\/redenoticiaz.com.br\/ribeiraopreto-regiao\/wp-json\/wp\/v2\/media?parent=91295"}],"wp:term":[{"taxonomy":"category","embeddable":true,"href":"https:\/\/redenoticiaz.com.br\/ribeiraopreto-regiao\/wp-json\/wp\/v2\/categories?post=91295"},{"taxonomy":"post_tag","embeddable":true,"href":"https:\/\/redenoticiaz.com.br\/ribeiraopreto-regiao\/wp-json\/wp\/v2\/tags?post=91295"}],"curies":[{"name":"wp","href":"https:\/\/api.w.org\/{rel}","templated":true}]}}