{"id":91411,"date":"2022-09-13T13:22:49","date_gmt":"2022-09-13T16:22:49","guid":{"rendered":"https:\/\/redenoticiaz.com.br\/barretos-regiao\/sp\/2022\/09\/13\/confira-os-principais-vencedores-do-emmy-2022"},"modified":"2022-09-13T13:25:50","modified_gmt":"2022-09-13T16:25:50","slug":"confira-os-principais-vencedores-do-emmy-2022","status":"publish","type":"post","link":"https:\/\/redenoticiaz.com.br\/ribeiraopreto-regiao\/sp\/2022\/09\/13\/confira-os-principais-vencedores-do-emmy-2022","title":{"rendered":"Confira os principais vencedores do Emmy 2022"},"content":{"rendered":"<p>O Emmy 2022 aconteceu ontem, dia 12, em Los Angeles, com apresenta\u00e7\u00e3o do comediante e ator Kenan Thompson. The White Lotus, Ted Lasso e Succession foram as grandes ganhadoras da noite.<\/p>\n<div class=\"article-paragraph\">\n<p>A cerim\u00f4nia consagrou os vencedores das 25 categorias principais. Categorias que envolvem pr\u00eamios t\u00e9cnicos\u00a0tiveram seus ganhadores revelados entre os dias 3 e 4 de setembro.<\/p>\n<\/div>\n<h3><strong>Confira abaixo a lista completa de vencedores do Emmy:<\/strong><\/h3>\n<div id=\"categoria\" class=\"category\">\n<div class=\"article-paragraph\">\n<h3><\/h3>\n<p><strong>Melhor Ator em S\u00e9rie Limitada ou Filme para TV<\/strong><\/p>\n<\/div>\n<div class=\"article-paragraph\">\n<ul>\n<li class=\"unordered-list-item\">Colin Firth \u2014\u00a0<em>A Escada<\/em><\/li>\n<li class=\"unordered-list-item\">Andrew Garfield \u2014\u00a0<em>Under The Banner of Heaven<\/em><\/li>\n<li class=\"unordered-list-item\">Oscar Isaac \u2014\u00a0<em>Moon Knight<\/em><\/li>\n<li class=\"unordered-list-item\"><strong>Michael Keaton \u2014\u00a0<\/strong><em><strong>Dopesick<\/strong><\/em><\/li>\n<li class=\"unordered-list-item\">Himesh Patel \u2014\u00a0<em>Station Eleven<\/em><\/li>\n<li class=\"unordered-list-item\">Sebastian Stan \u2014\u00a0<em>Pam &amp; Tommy<\/em><\/li>\n<\/ul>\n<div class=\"article-paragraph\">\n<p><strong>Melhor Ator Coadjuvante em S\u00e9rie Limitada ou Filme para TV<\/strong><\/p>\n<\/div>\n<div class=\"article-paragraph\">\n<ul>\n<li class=\"unordered-list-item\"><strong>Murray Bartlett \u2014\u00a0<\/strong><em><strong>The White Lotus<\/strong><\/em><\/li>\n<li class=\"unordered-list-item\">Jake Lacy \u2014\u00a0<em>The White Lotus<\/em><\/li>\n<li class=\"unordered-list-item\">Will Poulter \u2014\u00a0<em>Dopesick<\/em><\/li>\n<li class=\"unordered-list-item\">Seth Rogen \u2014\u00a0<em>Pam &amp; Tommy<\/em><\/li>\n<li class=\"unordered-list-item\">Peter Sarsgaard \u2014\u00a0<em>Dopesick<\/em><\/li>\n<li class=\"unordered-list-item\">Michael Stuhlbarg \u2014\u00a0<em>Dopesick<\/em><\/li>\n<li class=\"unordered-list-item\">Steve Zahn \u2014\u00a0<em>The White Lotus<\/em><\/li>\n<\/ul>\n<div class=\"article-paragraph\">\n<p><strong>Melhor Ator Coadjuvante em S\u00e9rie de Drama<\/strong><\/p>\n<\/div>\n<div class=\"article-paragraph\">\n<ul>\n<li class=\"unordered-list-item\">Nicholas Braun \u2014\u00a0<em>Succession<\/em><\/li>\n<li class=\"unordered-list-item\">Billy Crudup \u2014\u00a0<em>The Morning Show<\/em><\/li>\n<li class=\"unordered-list-item\">Kieran Culkin \u2014\u00a0<em>Succession<\/em><\/li>\n<li class=\"unordered-list-item\">Park Hae-soo \u2014\u00a0<em>Round 6<\/em><\/li>\n<li class=\"unordered-list-item\"><strong>Matthew Macfadyen \u2014\u00a0<\/strong><em><strong>Succession<\/strong><\/em><\/li>\n<li class=\"unordered-list-item\">John Turturro \u2014\u00a0<em>Ruptura<\/em><\/li>\n<li class=\"unordered-list-item\">Christopher Walken \u2014\u00a0<em>Ruptura<\/em><\/li>\n<li class=\"unordered-list-item\">Oh Yeong-su \u2014\u00a0<em>Round 6<\/em><\/li>\n<\/ul>\n<\/div>\n<div class=\"article-paragraph\">\n<p><strong>Melhor Atriz Coadjuvante em S\u00e9rie de Drama<\/strong><\/p>\n<\/div>\n<div class=\"article-paragraph\">\n<ul>\n<li class=\"unordered-list-item\">Patricia Arquette \u2014\u00a0<em>Ruptura<\/em><\/li>\n<li class=\"unordered-list-item\"><strong>Julia Garner \u2014\u00a0<\/strong><em><strong>Ozark<\/strong><\/em><\/li>\n<li class=\"unordered-list-item\">Jung Ho-yeon \u2014\u00a0<em>Round 6<\/em><\/li>\n<li class=\"unordered-list-item\">Christina Ricci \u2014\u00a0<em>Yellowjackets<\/em><\/li>\n<li class=\"unordered-list-item\">Rhea Seehorn \u2014\u00a0<em>Better Call Saul<\/em><\/li>\n<li class=\"unordered-list-item\">J. Smith-Cameron \u2014\u00a0<em>Succession<\/em><\/li>\n<li class=\"unordered-list-item\">Sarah Snook \u2014\u00a0<em>Succession<\/em><\/li>\n<li class=\"unordered-list-item\">Sydney Sweeney \u2014\u00a0<em>Euphoria<\/em><\/li>\n<\/ul>\n<\/div>\n<div class=\"article-paragraph\">\n<p><strong>Melhor Atriz Coadjuvante em S\u00e9rie de Com\u00e9dia<\/strong><\/p>\n<\/div>\n<div class=\"article-paragraph\">\n<ul>\n<li class=\"unordered-list-item\">Alex Borstein \u2014\u00a0<em>The Marvelous Mrs. Maisel<\/em><\/li>\n<li class=\"unordered-list-item\">Hannah Einbinder \u2014\u00a0<em>Hacks<\/em><\/li>\n<li class=\"unordered-list-item\">Janelle James \u2014\u00a0<em>Abbott Elementary<\/em><\/li>\n<li class=\"unordered-list-item\">Kate McKinnon \u2014\u00a0<em>Saturday Night Live<\/em><\/li>\n<li class=\"unordered-list-item\">Sarah Niles \u2014\u00a0<em>Ted Lasso<\/em><\/li>\n<li class=\"unordered-list-item\"><strong>Sheryl Lee Ralph\u00a0\u2014\u00a0<\/strong><em><strong>Abbott Elementary<\/strong><\/em><\/li>\n<li class=\"unordered-list-item\">Juno Temple \u2014\u00a0<em>Ted Lasso<\/em><\/li>\n<li class=\"unordered-list-item\">Hannah Waddingham \u2014\u00a0<em>Ted Lasso<\/em><\/li>\n<\/ul>\n<\/div>\n<div class=\"article-paragraph\">\n<p><strong>Melhor Ator Coadjuvante em S\u00e9rie de Com\u00e9dia<\/strong><\/p>\n<\/div>\n<div class=\"article-paragraph\">\n<ul>\n<li class=\"unordered-list-item\">Anthony Carrigan \u2014\u00a0<em>Barry\u00a0<\/em><\/li>\n<li class=\"unordered-list-item\"><strong>Brett Goldstein \u2014\u00a0<\/strong><em><strong>Ted Lasso<\/strong><\/em><\/li>\n<li class=\"unordered-list-item\">Toheeb Jimoh \u2014\u00a0<em>Ted Lasso<\/em><\/li>\n<li class=\"unordered-list-item\">Nick Mohammed \u2014\u00a0<em>Ted Lasso<\/em><\/li>\n<li class=\"unordered-list-item\">Tony Shalhoub \u2014\u00a0<em>The Marvelous Mrs. Maisel<\/em><\/li>\n<li class=\"unordered-list-item\">Tyler James Williams \u2014\u00a0<em>Abbott Elementary<\/em><\/li>\n<li class=\"unordered-list-item\">Henry Winkler \u2014\u00a0<em>Barry<\/em><\/li>\n<li class=\"unordered-list-item\">Bowen Yang \u2014\u00a0<em>Saturday Night Live<\/em><\/li>\n<\/ul>\n<\/div>\n<div class=\"article-paragraph\">\n<p><strong>Melhor Programa de Variedade de S\u00e9rie de Esquetes<\/strong><\/p>\n<\/div>\n<div class=\"article-paragraph\">\n<ul>\n<li class=\"unordered-list-item\"><em>A Black Lady Sketch Show<\/em><\/li>\n<li class=\"unordered-list-item\"><em><strong>Saturday Night Live<\/strong><\/em><\/li>\n<\/ul>\n<\/div>\n<div class=\"article-paragraph\">\n<p><strong>Melhor Programa de Variedade de Talk Show<\/strong><\/p>\n<\/div>\n<div class=\"article-paragraph\">\n<ul>\n<li class=\"unordered-list-item\"><em>The Daily Show with Trevor Noah<\/em><\/li>\n<li class=\"unordered-list-item\"><em>Jimmy Kimmel Live!<\/em><\/li>\n<li class=\"unordered-list-item\"><em><strong>Last Week Tonight with John Oliver<\/strong><\/em><\/li>\n<li class=\"unordered-list-item\"><em>Late Night with Seth Meyers<\/em><\/li>\n<li class=\"unordered-list-item\"><em>The Late Show with Stephen Colbert<\/em><\/li>\n<\/ul>\n<\/div>\n<div class=\"article-paragraph\">\n<p><strong>Melhor Atriz Coadjuvante em S\u00e9rie Limitada ou Filme para TV<\/strong><\/p>\n<\/div>\n<div class=\"article-paragraph\">\n<ul>\n<li class=\"unordered-list-item\">Connie Britton \u2014\u00a0<em>The White Lotus<\/em><\/li>\n<li class=\"unordered-list-item\"><strong>Jennifer Coolidge \u2014\u00a0<\/strong><em><strong>The White Lotus<\/strong><\/em><\/li>\n<li class=\"unordered-list-item\">Alexandra Daddario \u2014\u00a0<em>The White Lotus<\/em><\/li>\n<li class=\"unordered-list-item\">Kaitlyn Dever \u2014\u00a0<em>Dopesick<\/em><\/li>\n<li class=\"unordered-list-item\">Natasha Rothwell \u2014\u00a0<em>The White Lotus<\/em><\/li>\n<li class=\"unordered-list-item\">Sydney Sweeney \u2014\u00a0<em>The White Lotus<\/em><\/li>\n<li class=\"unordered-list-item\">Mare Winningham \u2014\u00a0<em>Dopesick<\/em><\/li>\n<\/ul>\n<\/div>\n<div class=\"article-paragraph\">\n<p><strong>Melhor Atriz em S\u00e9rie Limitada ou Filme para TV<\/strong><\/p>\n<\/div>\n<div class=\"article-paragraph\">\n<ul>\n<li class=\"unordered-list-item\">Toni Collette \u2014\u00a0<em>A Escada<\/em><\/li>\n<li class=\"unordered-list-item\">Julia Garner \u2014\u00a0<em>Inventando Anna<\/em><\/li>\n<li class=\"unordered-list-item\">Lily James \u2014\u00a0<em>Pam &amp; Tommy<\/em><\/li>\n<li class=\"unordered-list-item\">Sarah Paulson \u2014\u00a0<em>Impeachment: American Crime Story<\/em><\/li>\n<li class=\"unordered-list-item\">Margaret Qualley \u2014\u00a0<em>Maid<\/em><\/li>\n<li class=\"unordered-list-item\"><strong>Amanda Seyfried \u2014\u00a0<\/strong><em><strong>The Dropout<\/strong><\/em><\/li>\n<\/ul>\n<div class=\"article-paragraph\">\n<p><strong>Melhor Reality Show de Competi\u00e7\u00e3o<\/strong><\/p>\n<\/div>\n<div class=\"article-paragraph\">\n<ul>\n<li class=\"unordered-list-item\"><em>The Amazing Race<\/em><\/li>\n<li class=\"unordered-list-item\"><em><strong>Lizzo\u2019s Watch Out for the Big Grrrls<\/strong><\/em><\/li>\n<li class=\"unordered-list-item\"><em>Nailed It!<\/em><\/li>\n<li class=\"unordered-list-item\"><em>RuPaul\u2019s Drag Race<\/em><\/li>\n<li class=\"unordered-list-item\"><em>Top Chef<\/em><\/li>\n<li class=\"unordered-list-item\"><em>The Voice<\/em><\/li>\n<\/ul>\n<\/div>\n<div class=\"article-paragraph\">\n<p><strong>Dire\u00e7\u00e3o em S\u00e9rie Limitada, Antologia ou Filme para TV<\/strong><\/p>\n<\/div>\n<div class=\"article-paragraph\">\n<ul>\n<li class=\"unordered-list-item\">Danny Strong \u2014\u00a0<em>Dopesick<\/em><\/li>\n<li class=\"unordered-list-item\">John Wells \u2014\u00a0<em>Maid<\/em><\/li>\n<li class=\"unordered-list-item\">Hiro Murai \u2014\u00a0<em>Station Eleven<\/em><\/li>\n<li class=\"unordered-list-item\">Michael Showalter \u2014\u00a0<em>The Dropout<\/em><\/li>\n<li class=\"unordered-list-item\">Francesca Gregorini \u2014\u00a0<em>The Dropout<\/em><\/li>\n<li class=\"unordered-list-item\"><strong>Mike White \u2014\u00a0<\/strong><em><strong>The White Lotus<\/strong><\/em><\/li>\n<\/ul>\n<\/div>\n<div class=\"article-paragraph\">\n<p><strong>Roteiro em S\u00e9rie Limitada, Antologia ou Filme para TV<\/strong><\/p>\n<\/div>\n<div class=\"article-paragraph\">\n<ul>\n<li class=\"unordered-list-item\">Danny Strong \u2014\u00a0<em>Dopesick<\/em><\/li>\n<li class=\"unordered-list-item\">Sarah Burgess \u2014\u00a0<em>Impeachment: American Crime Story<\/em><\/li>\n<li class=\"unordered-list-item\">Molly Smith Metzler \u2014\u00a0<em>Maid<\/em><\/li>\n<li class=\"unordered-list-item\">Patrick Somerville \u2014\u00a0<em>Station Eleven<\/em><\/li>\n<li class=\"unordered-list-item\"><strong>Mike White \u2014\u00a0<\/strong><em><strong>The White Lotus<\/strong><\/em><\/li>\n<li class=\"unordered-list-item\">Elizabeth Meriwether \u2014\u00a0<em>The Dropout<\/em><\/li>\n<\/ul>\n<\/div>\n<div class=\"article-paragraph\">\n<p><strong>Roteiro de Especial de Variedades<\/strong><\/p>\n<\/div>\n<div class=\"article-paragraph\">\n<ul>\n<li class=\"unordered-list-item\"><em>Ali Wong: Don Wong<\/em><\/li>\n<li class=\"unordered-list-item\"><em><strong>Jerrod Carmichael: Rothaniel<\/strong><\/em><\/li>\n<li class=\"unordered-list-item\"><em>Nicole Byer: BBW (Big Beautiful Weirdo)<\/em><\/li>\n<li class=\"unordered-list-item\"><em>Norm Macdonald: Nothing Special<\/em><\/li>\n<li class=\"unordered-list-item\"><em>The Daily Show With Trevor Noah Presents: Jordan Klepper Fingers the Globe: Hungary for Democracy<\/em><\/li>\n<\/ul>\n<\/div>\n<div class=\"article-paragraph\">\n<p><strong>Melhor Ator em S\u00e9rie de Com\u00e9dia<\/strong><\/p>\n<\/div>\n<div class=\"article-paragraph\">\n<ul>\n<li class=\"unordered-list-item\">Donald Glover \u2014\u00a0<em>Atlanta<\/em><\/li>\n<li class=\"unordered-list-item\">Bill Hader \u2014\u00a0<em>Barry<\/em><\/li>\n<li class=\"unordered-list-item\">Nicholas Hoult \u2014\u00a0<em>The Great<\/em><\/li>\n<li class=\"unordered-list-item\">Steve Martin \u2014\u00a0<em>Only Murders in the Building<\/em><\/li>\n<li class=\"unordered-list-item\">Martin Short \u2014\u00a0<em>Only Murders in the Building<\/em><\/li>\n<li class=\"unordered-list-item\"><strong>Jason Sudeikis \u2014\u00a0<\/strong><em><strong>Ted Lasso<\/strong><\/em><\/li>\n<\/ul>\n<\/div>\n<div class=\"article-paragraph\">\n<p><strong>Roteiro em S\u00e9rie de Com\u00e9dia<\/strong><\/p>\n<\/div>\n<div class=\"article-paragraph\">\n<ul>\n<li class=\"unordered-list-item\"><strong>Quinta Brunson \u2014\u00a0<\/strong><em><strong>Abbott Elementary<\/strong><\/em><\/li>\n<li class=\"unordered-list-item\">Duffy Boudreau \u2014\u00a0<em>Barry<\/em><\/li>\n<li class=\"unordered-list-item\">Alec Berg e Bill Hader \u2014\u00a0<em>Barry<\/em><\/li>\n<li class=\"unordered-list-item\">Paul W. Downs, Jen Statsky, e Lucia Aniello \u2014\u00a0<em>Hacks<\/em><\/li>\n<li class=\"unordered-list-item\">Steve Martin and John Hoffman \u2014\u00a0<em>Only Murders in the Building<\/em><\/li>\n<li class=\"unordered-list-item\">Jane Becker \u2014\u00a0<em>Ted Lasso<\/em><\/li>\n<li class=\"unordered-list-item\">Sarah Naftalis \u2014\u00a0<em>What We Do in the Shadows<\/em><\/li>\n<li class=\"unordered-list-item\">Stefani Robinson \u2014\u00a0<em>What We Do in the Shadows<\/em><\/li>\n<\/ul>\n<\/div>\n<div class=\"article-paragraph\">\n<p><strong>Dire\u00e7\u00e3o em S\u00e9rie de Drama<\/strong><\/p>\n<\/div>\n<div class=\"article-paragraph\">\n<ul>\n<li class=\"unordered-list-item\">Jason Bateman \u2014\u00a0<em>Ozark<\/em><\/li>\n<li class=\"unordered-list-item\">Ben Stiller \u2014\u00a0<em>Ruptura<\/em><\/li>\n<li class=\"unordered-list-item\"><strong>Hwang Dong-hyuk \u2014\u00a0<\/strong><em><strong>Round 6<\/strong><\/em><\/li>\n<li class=\"unordered-list-item\">Mark Mylod \u2014\u00a0<em>Succession<\/em><\/li>\n<li class=\"unordered-list-item\">Cathy Yan \u2014\u00a0<em>Succession<\/em><\/li>\n<li class=\"unordered-list-item\">Lorene Scafaria \u2014\u00a0<em>Succession<\/em><\/li>\n<li class=\"unordered-list-item\">Karyn Kusama \u2014\u00a0<em>Yellowjackets<\/em><\/li>\n<\/ul>\n<\/div>\n<div class=\"article-paragraph\">\n<p><strong>Melhor Atriz em S\u00e9rie de Drama<\/strong><\/p>\n<\/div>\n<div class=\"article-paragraph\">\n<ul>\n<li class=\"unordered-list-item\">Jodie Comer \u2014\u00a0<em>Killing Eve<\/em><\/li>\n<li class=\"unordered-list-item\">Laura Linney \u2014\u00a0<em>Ozark<\/em><\/li>\n<li class=\"unordered-list-item\">Melanie Lynskey \u2014\u00a0<em>Yellowjackets<\/em><\/li>\n<li class=\"unordered-list-item\">Sandra Oh \u2014\u00a0<em>Killing Eve<\/em><\/li>\n<li class=\"unordered-list-item\">Reese Whiterspoon \u2014\u00a0<em>The Morning Show<\/em><\/li>\n<li class=\"unordered-list-item\"><strong>Zendaya \u2014\u00a0<\/strong><em><strong>Euphoria<\/strong><\/em><\/li>\n<\/ul>\n<\/div>\n<div class=\"article-paragraph\">\n<p><strong>Melhor Atriz em S\u00e9rie de Com\u00e9dia<\/strong><\/p>\n<\/div>\n<div class=\"article-paragraph\">\n<ul>\n<li class=\"unordered-list-item\">Rachel Brosnahan \u2014\u00a0<em>The Marvelous Mrs. Maisel<\/em><\/li>\n<li class=\"unordered-list-item\">Quinta Brunson \u2014\u00a0<em>Abbott Elementary<\/em><\/li>\n<li class=\"unordered-list-item\">Kaley Cuoco \u2014\u00a0<em>The Flight Attendant<\/em><\/li>\n<li class=\"unordered-list-item\">Elle Fanning \u2014\u00a0<em>The Great<\/em><\/li>\n<li class=\"unordered-list-item\">Issa Rae \u2014\u00a0<em>Insecure<\/em><\/li>\n<li class=\"unordered-list-item\"><strong>Jean Smart \u2014\u00a0<\/strong><em><strong>Hacks<\/strong><\/em><\/li>\n<\/ul>\n<\/div>\n<div class=\"article-paragraph\">\n<p><strong>Dire\u00e7\u00e3o em S\u00e9rie de Com\u00e9dia<\/strong><\/p>\n<\/div>\n<div class=\"article-paragraph\">\n<ul>\n<li class=\"unordered-list-item\">Hiro Murai \u2014\u00a0<em>Atlanta<\/em><\/li>\n<li class=\"unordered-list-item\">Bill Hader \u2014\u00a0<em>Barry<\/em><\/li>\n<li class=\"unordered-list-item\">Lucia Aniello \u2014\u00a0<em>Hacks<\/em><\/li>\n<li class=\"unordered-list-item\">Cherien Dabis \u2014\u00a0<em>Only Murders in the Building<\/em><\/li>\n<li class=\"unordered-list-item\">Jamie Babbit \u2014\u00a0<em>Only Murders in the Building<\/em><\/li>\n<li class=\"unordered-list-item\"><strong>MJ Delaney \u2014\u00a0<\/strong><em><strong>Ted Lasso<\/strong><\/em><\/li>\n<li class=\"unordered-list-item\">Mary Lou Belli \u2014\u00a0<em>The Ms. Pat Show<\/em><\/li>\n<\/ul>\n<\/div>\n<div class=\"article-paragraph\">\n<p><strong>Roteiro em S\u00e9rie de Drama<\/strong><\/p>\n<\/div>\n<div class=\"article-paragraph\">\n<ul>\n<li class=\"unordered-list-item\">Thomas Schnauz \u2014\u00a0<em>Beter Call Saul<\/em><\/li>\n<li class=\"unordered-list-item\">Chris Mundy \u2014\u00a0<em>Ozark<\/em><\/li>\n<li class=\"unordered-list-item\">Dan Erickson \u2014\u00a0<em>Ruptura<\/em><\/li>\n<li class=\"unordered-list-item\">Hwang Dong-hyuk \u2014\u00a0<em>Round 6<\/em><\/li>\n<li class=\"unordered-list-item\"><strong>Jesse Armstrong \u2014\u00a0<\/strong><em><strong>Succession<\/strong><\/em><\/li>\n<li class=\"unordered-list-item\">Jonathan Lisco, Ashley Lyle e Bart Nickerson \u2014\u00a0<em>Yellowjackets<\/em><\/li>\n<li class=\"unordered-list-item\">Ashley Lyle e Bart Nickerson \u2014\u00a0<em>Yellowjackets<\/em><\/li>\n<\/ul>\n<\/div>\n<div class=\"article-paragraph\">\n<p><strong>Melhor Ator em S\u00e9rie de Drama<\/strong><\/p>\n<\/div>\n<div class=\"article-paragraph\">\n<ul>\n<li class=\"unordered-list-item\">Jason Bateman \u2014\u00a0<em>Ozark<\/em><\/li>\n<li class=\"unordered-list-item\">Brian Cox \u2014\u00a0<em>Succession<\/em><\/li>\n<li class=\"unordered-list-item\"><strong>Lee Jung-jae \u2014\u00a0<\/strong><em><strong>Round 6<\/strong><\/em><\/li>\n<li class=\"unordered-list-item\">Bob Odenkirk \u2014\u00a0<em>Better Call Saul<\/em><\/li>\n<li class=\"unordered-list-item\">Adam Scott \u2014\u00a0<em>Ruptura<\/em><\/li>\n<li class=\"unordered-list-item\">Jemery Strong \u2014\u00a0<em>Succession<\/em><\/li>\n<\/ul>\n<\/div>\n<div class=\"article-paragraph\">\n<p><strong>S\u00e9rie Limitada, Antologia ou Filme para TV<\/strong><\/p>\n<\/div>\n<div class=\"article-paragraph\">\n<ul>\n<li class=\"unordered-list-item\"><em>Dopesick<\/em><\/li>\n<li class=\"unordered-list-item\"><em>The Dropout<\/em><\/li>\n<li class=\"unordered-list-item\"><em>Inventando Anna<\/em><\/li>\n<li class=\"unordered-list-item\"><em>Pam &amp; Tommy<\/em><\/li>\n<li class=\"unordered-list-item\"><em><strong>The White Lotus<\/strong><\/em><\/li>\n<\/ul>\n<\/div>\n<div class=\"article-paragraph\">\n<p><strong>Melhor S\u00e9rie de Com\u00e9dia<\/strong><\/p>\n<\/div>\n<div class=\"article-paragraph\">\n<ul>\n<li class=\"unordered-list-item\"><em>Abbott Elementary<\/em><\/li>\n<li class=\"unordered-list-item\"><em>Barry<\/em><\/li>\n<li class=\"unordered-list-item\"><em>Curb Your Enthusiasm<\/em><\/li>\n<li class=\"unordered-list-item\"><em>Hacks<\/em><\/li>\n<li class=\"unordered-list-item\"><em>The Marvelous Mrs. Maisel<\/em><\/li>\n<li class=\"unordered-list-item\"><em>Only Murders in the Building<\/em><\/li>\n<li class=\"unordered-list-item\"><em><strong>Ted Lasso<\/strong><\/em><\/li>\n<li class=\"unordered-list-item\"><em>What We Do in the Shadows<\/em><\/li>\n<\/ul>\n<\/div>\n<div class=\"article-paragraph\">\n<p><strong>Melhor S\u00e9rie de Drama<\/strong><\/p>\n<\/div>\n<div class=\"article-paragraph\">\n<ul>\n<li class=\"unordered-list-item\"><em>Better Call Saul<\/em><\/li>\n<li class=\"unordered-list-item\"><em>Euphoria<\/em><\/li>\n<li class=\"unordered-list-item\"><em>Ozark<\/em><\/li>\n<li class=\"unordered-list-item\"><em>Ruptura<\/em><\/li>\n<li class=\"unordered-list-item\"><em>Round 6<\/em><\/li>\n<li class=\"unordered-list-item\"><em>Stranger Things<\/em><\/li>\n<li class=\"unordered-list-item\"><em><strong>Succession<\/strong><\/em><\/li>\n<li class=\"unordered-list-item\"><em>Yellowjackets<\/em><\/li>\n<\/ul>\n<p><strong>Leia mais<\/strong><\/p>\n<p><a href=\"https:\/\/redenoticiaz.com.br\/blog\/2022\/09\/11\/deolane-bezerra-sera-o-grande-nome-de-a-fazenda-2022\">Deolane Bezerra ser\u00e1 o grande nome de A Fazenda 2022<\/a><\/p>\n<\/div>\n<\/div>\n<\/div>\n<\/div>\n<\/div>\n","protected":false},"excerpt":{"rendered":"<p>O Emmy 2022 aconteceu ontem, dia 12, em Los Angeles, com apresenta\u00e7\u00e3o do comediante e ator Kenan Thompson. The White Lotus, Ted Lasso e Succession foram as grandes ganhadoras da noite. A cerim\u00f4nia consagrou os vencedores das 25 categorias principais. Categorias que envolvem pr\u00eamios t\u00e9cnicos\u00a0tiveram seus ganhadores revelados entre os dias 3 e 4 de &hellip;<\/p>\n","protected":false},"author":12,"featured_media":91412,"comment_status":"open","ping_status":"closed","sticky":false,"template":"","format":"standard","meta":{"footnotes":""},"categories":[134,68],"tags":[20211,20212,8512,20213,20214],"class_list":["post-91411","post","type-post","status-publish","format-standard","has-post-thumbnail","hentry","category-entretenimento","category-mundo","tag-emmy-2022","tag-kenan-thompson","tag-premiacao","tag-succession","tag-ted-lasso"],"yoast_head":"<!-- This site is optimized with the Yoast SEO plugin v27.4 - https:\/\/yoast.com\/product\/yoast-seo-wordpress\/ -->\n<title>Confira os principais vencedores do Emmy 2022 - Ribeir\u00e3o Preto e Regi\u00e3o<\/title>\n<meta name=\"description\" content=\"O Emmy 2022 aconteceu ontem, dia 12, em Los Angeles, com apresenta\u00e7\u00e3o do comediante e ator Kenan Thompson.\" \/>\n<meta name=\"robots\" content=\"index, follow, max-snippet:-1, max-image-preview:large, max-video-preview:-1\" \/>\n<link rel=\"canonical\" href=\"https:\/\/redenoticiaz.com.br\/ribeiraopreto-regiao\/sp\/2022\/09\/13\/confira-os-principais-vencedores-do-emmy-2022\" \/>\n<meta property=\"og:locale\" content=\"pt_BR\" \/>\n<meta property=\"og:type\" content=\"article\" \/>\n<meta property=\"og:title\" content=\"Confira os principais vencedores do Emmy 2022 - Ribeir\u00e3o Preto e Regi\u00e3o\" \/>\n<meta property=\"og:description\" content=\"O Emmy 2022 aconteceu ontem, dia 12, em Los Angeles, com apresenta\u00e7\u00e3o do comediante e ator Kenan Thompson.\" \/>\n<meta property=\"og:url\" content=\"https:\/\/redenoticiaz.com.br\/ribeiraopreto-regiao\/sp\/2022\/09\/13\/confira-os-principais-vencedores-do-emmy-2022\" \/>\n<meta property=\"og:site_name\" content=\"Ribeir\u00e3o Preto e Regi\u00e3o\" \/>\n<meta property=\"article:publisher\" content=\"https:\/\/m.facebook.com\/redenoticiaz.barretos\" \/>\n<meta property=\"article:published_time\" content=\"2022-09-13T16:22:49+00:00\" \/>\n<meta property=\"article:modified_time\" content=\"2022-09-13T16:25:50+00:00\" \/>\n<meta property=\"og:image\" content=\"https:\/\/redenoticiaz.com.br\/ribeiraopreto-regiao\/wp-content\/uploads\/sites\/4\/2022\/09\/emmy-2022.jpg?v=1663085979\" \/>\n\t<meta property=\"og:image:width\" content=\"1200\" \/>\n\t<meta property=\"og:image:height\" content=\"675\" \/>\n\t<meta property=\"og:image:type\" content=\"image\/jpeg\" \/>\n<meta name=\"author\" content=\"Gustavo Silva\" \/>\n<meta name=\"twitter:card\" content=\"summary_large_image\" \/>\n<meta name=\"twitter:creator\" content=\"@RN_barretos\" \/>\n<meta name=\"twitter:site\" content=\"@RN_barretos\" \/>\n<meta name=\"twitter:label1\" content=\"Escrito por\" \/>\n\t<meta name=\"twitter:data1\" content=\"Gustavo Silva\" \/>\n\t<meta name=\"twitter:label2\" content=\"Est. tempo de leitura\" \/>\n\t<meta name=\"twitter:data2\" content=\"5 minutos\" \/>\n<script type=\"application\/ld+json\" class=\"yoast-schema-graph\">{\"@context\":\"https:\\\/\\\/schema.org\",\"@graph\":[{\"@type\":\"Article\",\"@id\":\"https:\\\/\\\/redenoticiaz.com.br\\\/ribeiraopreto-regiao\\\/sp\\\/2022\\\/09\\\/13\\\/confira-os-principais-vencedores-do-emmy-2022#article\",\"isPartOf\":{\"@id\":\"https:\\\/\\\/redenoticiaz.com.br\\\/ribeiraopreto-regiao\\\/sp\\\/2022\\\/09\\\/13\\\/confira-os-principais-vencedores-do-emmy-2022\"},\"author\":{\"name\":\"Gustavo Silva\",\"@id\":\"https:\\\/\\\/redenoticiaz.com.br\\\/ribeiraopreto-regiao\\\/#\\\/schema\\\/person\\\/16057b37a3c0ee6b096d7f887c566e2e\"},\"headline\":\"Confira os principais vencedores do Emmy 2022\",\"datePublished\":\"2022-09-13T16:22:49+00:00\",\"dateModified\":\"2022-09-13T16:25:50+00:00\",\"mainEntityOfPage\":{\"@id\":\"https:\\\/\\\/redenoticiaz.com.br\\\/ribeiraopreto-regiao\\\/sp\\\/2022\\\/09\\\/13\\\/confira-os-principais-vencedores-do-emmy-2022\"},\"wordCount\":931,\"commentCount\":0,\"publisher\":{\"@id\":\"https:\\\/\\\/redenoticiaz.com.br\\\/ribeiraopreto-regiao\\\/#organization\"},\"image\":{\"@id\":\"https:\\\/\\\/redenoticiaz.com.br\\\/ribeiraopreto-regiao\\\/sp\\\/2022\\\/09\\\/13\\\/confira-os-principais-vencedores-do-emmy-2022#primaryimage\"},\"thumbnailUrl\":\"https:\\\/\\\/redenoticiaz.com.br\\\/ribeiraopreto-regiao\\\/wp-content\\\/uploads\\\/sites\\\/4\\\/2022\\\/09\\\/emmy-2022.jpg?v=1663085979\",\"keywords\":[\"EMMY 2022\",\"Kenan Thompson\",\"PREMIA\u00c7\u00c3O\",\"Succession\",\"Ted Lasso\"],\"articleSection\":[\"Entretenimento\",\"Mundo\"],\"inLanguage\":\"pt-BR\",\"potentialAction\":[{\"@type\":\"CommentAction\",\"name\":\"Comment\",\"target\":[\"https:\\\/\\\/redenoticiaz.com.br\\\/ribeiraopreto-regiao\\\/sp\\\/2022\\\/09\\\/13\\\/confira-os-principais-vencedores-do-emmy-2022#respond\"]}]},{\"@type\":\"WebPage\",\"@id\":\"https:\\\/\\\/redenoticiaz.com.br\\\/ribeiraopreto-regiao\\\/sp\\\/2022\\\/09\\\/13\\\/confira-os-principais-vencedores-do-emmy-2022\",\"url\":\"https:\\\/\\\/redenoticiaz.com.br\\\/ribeiraopreto-regiao\\\/sp\\\/2022\\\/09\\\/13\\\/confira-os-principais-vencedores-do-emmy-2022\",\"name\":\"Confira os principais vencedores do Emmy 2022 - Ribeir\u00e3o Preto e Regi\u00e3o\",\"isPartOf\":{\"@id\":\"https:\\\/\\\/redenoticiaz.com.br\\\/ribeiraopreto-regiao\\\/#website\"},\"primaryImageOfPage\":{\"@id\":\"https:\\\/\\\/redenoticiaz.com.br\\\/ribeiraopreto-regiao\\\/sp\\\/2022\\\/09\\\/13\\\/confira-os-principais-vencedores-do-emmy-2022#primaryimage\"},\"image\":{\"@id\":\"https:\\\/\\\/redenoticiaz.com.br\\\/ribeiraopreto-regiao\\\/sp\\\/2022\\\/09\\\/13\\\/confira-os-principais-vencedores-do-emmy-2022#primaryimage\"},\"thumbnailUrl\":\"https:\\\/\\\/redenoticiaz.com.br\\\/ribeiraopreto-regiao\\\/wp-content\\\/uploads\\\/sites\\\/4\\\/2022\\\/09\\\/emmy-2022.jpg?v=1663085979\",\"datePublished\":\"2022-09-13T16:22:49+00:00\",\"dateModified\":\"2022-09-13T16:25:50+00:00\",\"description\":\"O Emmy 2022 aconteceu ontem, dia 12, em Los Angeles, com apresenta\u00e7\u00e3o do comediante e ator Kenan Thompson.\",\"inLanguage\":\"pt-BR\",\"potentialAction\":[{\"@type\":\"ReadAction\",\"target\":[\"https:\\\/\\\/redenoticiaz.com.br\\\/ribeiraopreto-regiao\\\/sp\\\/2022\\\/09\\\/13\\\/confira-os-principais-vencedores-do-emmy-2022\"]}]},{\"@type\":\"ImageObject\",\"inLanguage\":\"pt-BR\",\"@id\":\"https:\\\/\\\/redenoticiaz.com.br\\\/ribeiraopreto-regiao\\\/sp\\\/2022\\\/09\\\/13\\\/confira-os-principais-vencedores-do-emmy-2022#primaryimage\",\"url\":\"https:\\\/\\\/redenoticiaz.com.br\\\/ribeiraopreto-regiao\\\/wp-content\\\/uploads\\\/sites\\\/4\\\/2022\\\/09\\\/emmy-2022.jpg?v=1663085979\",\"contentUrl\":\"https:\\\/\\\/redenoticiaz.com.br\\\/ribeiraopreto-regiao\\\/wp-content\\\/uploads\\\/sites\\\/4\\\/2022\\\/09\\\/emmy-2022.jpg?v=1663085979\",\"width\":1200,\"height\":675,\"caption\":\"Confira os principais vencedores do Emmy 2022\"},{\"@type\":\"WebSite\",\"@id\":\"https:\\\/\\\/redenoticiaz.com.br\\\/ribeiraopreto-regiao\\\/#website\",\"url\":\"https:\\\/\\\/redenoticiaz.com.br\\\/ribeiraopreto-regiao\\\/\",\"name\":\"Ribeir\u00e3o Preto e Regi\u00e3o\",\"description\":\"Rede NoticiaZ - Ribeir\u00e3o Preto e regi\u00e3o\",\"publisher\":{\"@id\":\"https:\\\/\\\/redenoticiaz.com.br\\\/ribeiraopreto-regiao\\\/#organization\"},\"potentialAction\":[{\"@type\":\"SearchAction\",\"target\":{\"@type\":\"EntryPoint\",\"urlTemplate\":\"https:\\\/\\\/redenoticiaz.com.br\\\/ribeiraopreto-regiao\\\/?s={search_term_string}\"},\"query-input\":{\"@type\":\"PropertyValueSpecification\",\"valueRequired\":true,\"valueName\":\"search_term_string\"}}],\"inLanguage\":\"pt-BR\"},{\"@type\":\"Organization\",\"@id\":\"https:\\\/\\\/redenoticiaz.com.br\\\/ribeiraopreto-regiao\\\/#organization\",\"name\":\"Ribeir\u00e3o Preto e Regi\u00e3o\",\"url\":\"https:\\\/\\\/redenoticiaz.com.br\\\/ribeiraopreto-regiao\\\/\",\"logo\":{\"@type\":\"ImageObject\",\"inLanguage\":\"pt-BR\",\"@id\":\"https:\\\/\\\/redenoticiaz.com.br\\\/ribeiraopreto-regiao\\\/#\\\/schema\\\/logo\\\/image\\\/\",\"url\":\"https:\\\/\\\/redenoticiaz.com.br\\\/barretos-regiao\\\/wp-content\\\/uploads\\\/sites\\\/4\\\/2022\\\/02\\\/logo.jpg\",\"contentUrl\":\"https:\\\/\\\/redenoticiaz.com.br\\\/barretos-regiao\\\/wp-content\\\/uploads\\\/sites\\\/4\\\/2022\\\/02\\\/logo.jpg\",\"width\":400,\"height\":250,\"caption\":\"Ribeir\u00e3o Preto e Regi\u00e3o\"},\"image\":{\"@id\":\"https:\\\/\\\/redenoticiaz.com.br\\\/ribeiraopreto-regiao\\\/#\\\/schema\\\/logo\\\/image\\\/\"},\"sameAs\":[\"https:\\\/\\\/m.facebook.com\\\/redenoticiaz.barretos\",\"https:\\\/\\\/x.com\\\/RN_barretos\",\"https:\\\/\\\/www.instagram.com\\\/redenoticiaz.barretos\\\/?igshid=YmMyMTA2M2Y\",\"https:\\\/\\\/www.linkedin.com\\\/company\\\/rede-noticiaz-barretos-e-regio\\\/\"]},{\"@type\":\"Person\",\"@id\":\"https:\\\/\\\/redenoticiaz.com.br\\\/ribeiraopreto-regiao\\\/#\\\/schema\\\/person\\\/16057b37a3c0ee6b096d7f887c566e2e\",\"name\":\"Gustavo Silva\",\"image\":{\"@type\":\"ImageObject\",\"inLanguage\":\"pt-BR\",\"@id\":\"https:\\\/\\\/secure.gravatar.com\\\/avatar\\\/3ee4e82f93b26de0a7cf4ea5eb7893da637ed6bb0c9170c58065944c56e28a33?s=96&d=mm&r=g\",\"url\":\"https:\\\/\\\/secure.gravatar.com\\\/avatar\\\/3ee4e82f93b26de0a7cf4ea5eb7893da637ed6bb0c9170c58065944c56e28a33?s=96&d=mm&r=g\",\"contentUrl\":\"https:\\\/\\\/secure.gravatar.com\\\/avatar\\\/3ee4e82f93b26de0a7cf4ea5eb7893da637ed6bb0c9170c58065944c56e28a33?s=96&d=mm&r=g\",\"caption\":\"Gustavo Silva\"},\"url\":\"https:\\\/\\\/redenoticiaz.com.br\\\/ribeiraopreto-regiao\\\/sp\\\/author\\\/gustavosilva\"}]}<\/script>\n<!-- \/ Yoast SEO plugin. -->","yoast_head_json":{"title":"Confira os principais vencedores do Emmy 2022 - Ribeir\u00e3o Preto e Regi\u00e3o","description":"O Emmy 2022 aconteceu ontem, dia 12, em Los Angeles, com apresenta\u00e7\u00e3o do comediante e ator Kenan Thompson.","robots":{"index":"index","follow":"follow","max-snippet":"max-snippet:-1","max-image-preview":"max-image-preview:large","max-video-preview":"max-video-preview:-1"},"canonical":"https:\/\/redenoticiaz.com.br\/ribeiraopreto-regiao\/sp\/2022\/09\/13\/confira-os-principais-vencedores-do-emmy-2022","og_locale":"pt_BR","og_type":"article","og_title":"Confira os principais vencedores do Emmy 2022 - Ribeir\u00e3o Preto e Regi\u00e3o","og_description":"O Emmy 2022 aconteceu ontem, dia 12, em Los Angeles, com apresenta\u00e7\u00e3o do comediante e ator Kenan Thompson.","og_url":"https:\/\/redenoticiaz.com.br\/ribeiraopreto-regiao\/sp\/2022\/09\/13\/confira-os-principais-vencedores-do-emmy-2022","og_site_name":"Ribeir\u00e3o Preto e Regi\u00e3o","article_publisher":"https:\/\/m.facebook.com\/redenoticiaz.barretos","article_published_time":"2022-09-13T16:22:49+00:00","article_modified_time":"2022-09-13T16:25:50+00:00","og_image":[{"width":1200,"height":675,"url":"https:\/\/redenoticiaz.com.br\/ribeiraopreto-regiao\/wp-content\/uploads\/sites\/4\/2022\/09\/emmy-2022.jpg?v=1663085979","type":"image\/jpeg"}],"author":"Gustavo Silva","twitter_card":"summary_large_image","twitter_creator":"@RN_barretos","twitter_site":"@RN_barretos","twitter_misc":{"Escrito por":"Gustavo Silva","Est. tempo de leitura":"5 minutos"},"schema":{"@context":"https:\/\/schema.org","@graph":[{"@type":"Article","@id":"https:\/\/redenoticiaz.com.br\/ribeiraopreto-regiao\/sp\/2022\/09\/13\/confira-os-principais-vencedores-do-emmy-2022#article","isPartOf":{"@id":"https:\/\/redenoticiaz.com.br\/ribeiraopreto-regiao\/sp\/2022\/09\/13\/confira-os-principais-vencedores-do-emmy-2022"},"author":{"name":"Gustavo Silva","@id":"https:\/\/redenoticiaz.com.br\/ribeiraopreto-regiao\/#\/schema\/person\/16057b37a3c0ee6b096d7f887c566e2e"},"headline":"Confira os principais vencedores do Emmy 2022","datePublished":"2022-09-13T16:22:49+00:00","dateModified":"2022-09-13T16:25:50+00:00","mainEntityOfPage":{"@id":"https:\/\/redenoticiaz.com.br\/ribeiraopreto-regiao\/sp\/2022\/09\/13\/confira-os-principais-vencedores-do-emmy-2022"},"wordCount":931,"commentCount":0,"publisher":{"@id":"https:\/\/redenoticiaz.com.br\/ribeiraopreto-regiao\/#organization"},"image":{"@id":"https:\/\/redenoticiaz.com.br\/ribeiraopreto-regiao\/sp\/2022\/09\/13\/confira-os-principais-vencedores-do-emmy-2022#primaryimage"},"thumbnailUrl":"https:\/\/redenoticiaz.com.br\/ribeiraopreto-regiao\/wp-content\/uploads\/sites\/4\/2022\/09\/emmy-2022.jpg?v=1663085979","keywords":["EMMY 2022","Kenan Thompson","PREMIA\u00c7\u00c3O","Succession","Ted Lasso"],"articleSection":["Entretenimento","Mundo"],"inLanguage":"pt-BR","potentialAction":[{"@type":"CommentAction","name":"Comment","target":["https:\/\/redenoticiaz.com.br\/ribeiraopreto-regiao\/sp\/2022\/09\/13\/confira-os-principais-vencedores-do-emmy-2022#respond"]}]},{"@type":"WebPage","@id":"https:\/\/redenoticiaz.com.br\/ribeiraopreto-regiao\/sp\/2022\/09\/13\/confira-os-principais-vencedores-do-emmy-2022","url":"https:\/\/redenoticiaz.com.br\/ribeiraopreto-regiao\/sp\/2022\/09\/13\/confira-os-principais-vencedores-do-emmy-2022","name":"Confira os principais vencedores do Emmy 2022 - Ribeir\u00e3o Preto e Regi\u00e3o","isPartOf":{"@id":"https:\/\/redenoticiaz.com.br\/ribeiraopreto-regiao\/#website"},"primaryImageOfPage":{"@id":"https:\/\/redenoticiaz.com.br\/ribeiraopreto-regiao\/sp\/2022\/09\/13\/confira-os-principais-vencedores-do-emmy-2022#primaryimage"},"image":{"@id":"https:\/\/redenoticiaz.com.br\/ribeiraopreto-regiao\/sp\/2022\/09\/13\/confira-os-principais-vencedores-do-emmy-2022#primaryimage"},"thumbnailUrl":"https:\/\/redenoticiaz.com.br\/ribeiraopreto-regiao\/wp-content\/uploads\/sites\/4\/2022\/09\/emmy-2022.jpg?v=1663085979","datePublished":"2022-09-13T16:22:49+00:00","dateModified":"2022-09-13T16:25:50+00:00","description":"O Emmy 2022 aconteceu ontem, dia 12, em Los Angeles, com apresenta\u00e7\u00e3o do comediante e ator Kenan Thompson.","inLanguage":"pt-BR","potentialAction":[{"@type":"ReadAction","target":["https:\/\/redenoticiaz.com.br\/ribeiraopreto-regiao\/sp\/2022\/09\/13\/confira-os-principais-vencedores-do-emmy-2022"]}]},{"@type":"ImageObject","inLanguage":"pt-BR","@id":"https:\/\/redenoticiaz.com.br\/ribeiraopreto-regiao\/sp\/2022\/09\/13\/confira-os-principais-vencedores-do-emmy-2022#primaryimage","url":"https:\/\/redenoticiaz.com.br\/ribeiraopreto-regiao\/wp-content\/uploads\/sites\/4\/2022\/09\/emmy-2022.jpg?v=1663085979","contentUrl":"https:\/\/redenoticiaz.com.br\/ribeiraopreto-regiao\/wp-content\/uploads\/sites\/4\/2022\/09\/emmy-2022.jpg?v=1663085979","width":1200,"height":675,"caption":"Confira os principais vencedores do Emmy 2022"},{"@type":"WebSite","@id":"https:\/\/redenoticiaz.com.br\/ribeiraopreto-regiao\/#website","url":"https:\/\/redenoticiaz.com.br\/ribeiraopreto-regiao\/","name":"Ribeir\u00e3o Preto e Regi\u00e3o","description":"Rede NoticiaZ - Ribeir\u00e3o Preto e regi\u00e3o","publisher":{"@id":"https:\/\/redenoticiaz.com.br\/ribeiraopreto-regiao\/#organization"},"potentialAction":[{"@type":"SearchAction","target":{"@type":"EntryPoint","urlTemplate":"https:\/\/redenoticiaz.com.br\/ribeiraopreto-regiao\/?s={search_term_string}"},"query-input":{"@type":"PropertyValueSpecification","valueRequired":true,"valueName":"search_term_string"}}],"inLanguage":"pt-BR"},{"@type":"Organization","@id":"https:\/\/redenoticiaz.com.br\/ribeiraopreto-regiao\/#organization","name":"Ribeir\u00e3o Preto e Regi\u00e3o","url":"https:\/\/redenoticiaz.com.br\/ribeiraopreto-regiao\/","logo":{"@type":"ImageObject","inLanguage":"pt-BR","@id":"https:\/\/redenoticiaz.com.br\/ribeiraopreto-regiao\/#\/schema\/logo\/image\/","url":"https:\/\/redenoticiaz.com.br\/barretos-regiao\/wp-content\/uploads\/sites\/4\/2022\/02\/logo.jpg","contentUrl":"https:\/\/redenoticiaz.com.br\/barretos-regiao\/wp-content\/uploads\/sites\/4\/2022\/02\/logo.jpg","width":400,"height":250,"caption":"Ribeir\u00e3o Preto e Regi\u00e3o"},"image":{"@id":"https:\/\/redenoticiaz.com.br\/ribeiraopreto-regiao\/#\/schema\/logo\/image\/"},"sameAs":["https:\/\/m.facebook.com\/redenoticiaz.barretos","https:\/\/x.com\/RN_barretos","https:\/\/www.instagram.com\/redenoticiaz.barretos\/?igshid=YmMyMTA2M2Y","https:\/\/www.linkedin.com\/company\/rede-noticiaz-barretos-e-regio\/"]},{"@type":"Person","@id":"https:\/\/redenoticiaz.com.br\/ribeiraopreto-regiao\/#\/schema\/person\/16057b37a3c0ee6b096d7f887c566e2e","name":"Gustavo Silva","image":{"@type":"ImageObject","inLanguage":"pt-BR","@id":"https:\/\/secure.gravatar.com\/avatar\/3ee4e82f93b26de0a7cf4ea5eb7893da637ed6bb0c9170c58065944c56e28a33?s=96&d=mm&r=g","url":"https:\/\/secure.gravatar.com\/avatar\/3ee4e82f93b26de0a7cf4ea5eb7893da637ed6bb0c9170c58065944c56e28a33?s=96&d=mm&r=g","contentUrl":"https:\/\/secure.gravatar.com\/avatar\/3ee4e82f93b26de0a7cf4ea5eb7893da637ed6bb0c9170c58065944c56e28a33?s=96&d=mm&r=g","caption":"Gustavo Silva"},"url":"https:\/\/redenoticiaz.com.br\/ribeiraopreto-regiao\/sp\/author\/gustavosilva"}]}},"_links":{"self":[{"href":"https:\/\/redenoticiaz.com.br\/ribeiraopreto-regiao\/wp-json\/wp\/v2\/posts\/91411","targetHints":{"allow":["GET"]}}],"collection":[{"href":"https:\/\/redenoticiaz.com.br\/ribeiraopreto-regiao\/wp-json\/wp\/v2\/posts"}],"about":[{"href":"https:\/\/redenoticiaz.com.br\/ribeiraopreto-regiao\/wp-json\/wp\/v2\/types\/post"}],"author":[{"embeddable":true,"href":"https:\/\/redenoticiaz.com.br\/ribeiraopreto-regiao\/wp-json\/wp\/v2\/users\/12"}],"replies":[{"embeddable":true,"href":"https:\/\/redenoticiaz.com.br\/ribeiraopreto-regiao\/wp-json\/wp\/v2\/comments?post=91411"}],"version-history":[{"count":0,"href":"https:\/\/redenoticiaz.com.br\/ribeiraopreto-regiao\/wp-json\/wp\/v2\/posts\/91411\/revisions"}],"wp:featuredmedia":[{"embeddable":true,"href":"https:\/\/redenoticiaz.com.br\/ribeiraopreto-regiao\/wp-json\/wp\/v2\/media\/91412"}],"wp:attachment":[{"href":"https:\/\/redenoticiaz.com.br\/ribeiraopreto-regiao\/wp-json\/wp\/v2\/media?parent=91411"}],"wp:term":[{"taxonomy":"category","embeddable":true,"href":"https:\/\/redenoticiaz.com.br\/ribeiraopreto-regiao\/wp-json\/wp\/v2\/categories?post=91411"},{"taxonomy":"post_tag","embeddable":true,"href":"https:\/\/redenoticiaz.com.br\/ribeiraopreto-regiao\/wp-json\/wp\/v2\/tags?post=91411"}],"curies":[{"name":"wp","href":"https:\/\/api.w.org\/{rel}","templated":true}]}}