{"id":91417,"date":"2022-09-13T13:40:30","date_gmt":"2022-09-13T16:40:30","guid":{"rendered":"https:\/\/redenoticiaz.com.br\/barretos-regiao\/?p=91417"},"modified":"2022-09-13T13:40:30","modified_gmt":"2022-09-13T16:40:30","slug":"conselho-municipal-de-educacao-de-barretos-realiza-mesa-redonda-para-discutir-politica-educacional-da-cidade","status":"publish","type":"post","link":"https:\/\/redenoticiaz.com.br\/ribeiraopreto-regiao\/sp\/2022\/09\/13\/conselho-municipal-de-educacao-de-barretos-realiza-mesa-redonda-para-discutir-politica-educacional-da-cidade","title":{"rendered":"Conselho Municipal de Educa\u00e7\u00e3o de Barretos realiza mesa redonda para discutir pol\u00edtica educacional da cidade"},"content":{"rendered":"<div>A Est\u00e2ncia Tur\u00edstica de Barretos sedia na pr\u00f3xima quarta-feira, dia 14, uma mesa redonda promovida pelo Conselho Municipal de Educa\u00e7\u00e3o, com o tema: &#8220;Um panorama da pol\u00edtica educacional da Est\u00e2ncia Tur\u00edstica de Barretos&#8221;.<\/div>\n<div><\/div>\n<div>Sobre o encontro, que contar\u00e1 com a presen\u00e7a da gestora p\u00fablica de educa\u00e7\u00e3o do munic\u00edpio, J\u00e9ssica Maria dos Santos e da Dirigente Regional de Ensino, Solange de Oliveira Bellini, a presidente do Conselho Municipal de Educa\u00e7\u00e3o, L\u00facia Aparecida Parreira, afirmou:<em> &#8220;Esse evento tem como objetivo possibilitar um espa\u00e7o de reflex\u00e3o sobre a pol\u00edtica educacional do nosso munic\u00edpio, al\u00e9m de ser a primeira de muitas a\u00e7\u00f5es que o CME ir\u00e1 realizar visando estar mais pr\u00f3ximo da comunidade&#8221;<\/em>.<\/div>\n<div><\/div>\n<div>A mesa redonda acontece \u00e0s 18h45, na Igreja Batista Nova Dimens\u00e3o, localizada na Av. 3, 324, esquina com a Rua 12. Os participantes ter\u00e3o direito a um certificado de presen\u00e7a.<\/div>\n<div><\/div>\n<div>As pessoas interessadas em participar do evento devem se inscrever pelo <a href=\"https:\/\/forms.gle\/froG6V8NBzoS4Hjy7\">link.<\/a><\/div>\n<div><\/div>\n<div><strong>VEJA TAMB\u00c9M:\u00a0<a href=\"https:\/\/redenoticiaz.com.br\/barretos-regiao\/sp\/2022\/09\/12\/olimpia-realiza-xii-seminario-de-educacao-fisica-escolar-com-palestras-e-atividades-para-professores\">Ol\u00edmpia realiza XII Semin\u00e1rio de Educa\u00e7\u00e3o F\u00edsica Escolar com palestras e atividades para professores<\/a><\/strong><\/div>\n","protected":false},"excerpt":{"rendered":"<p>A Est\u00e2ncia Tur\u00edstica de Barretos sedia na pr\u00f3xima quarta-feira, dia 14, uma mesa redonda promovida pelo Conselho Municipal de Educa\u00e7\u00e3o, com o tema: &#8220;Um panorama da pol\u00edtica educacional da Est\u00e2ncia Tur\u00edstica de Barretos&#8221;. Sobre o encontro, que contar\u00e1 com a presen\u00e7a da gestora p\u00fablica de educa\u00e7\u00e3o do munic\u00edpio, J\u00e9ssica Maria dos Santos e da Dirigente &hellip;<\/p>\n","protected":false},"author":15,"featured_media":91418,"comment_status":"open","ping_status":"closed","sticky":false,"template":"","format":"standard","meta":{"footnotes":""},"categories":[820],"tags":[18167,943,613],"class_list":["post-91417","post","type-post","status-publish","format-standard","has-post-thumbnail","hentry","category-educacao","tag-conselho-municipal","tag-educacao","tag-evento"],"yoast_head":"<!-- This site is optimized with the Yoast SEO plugin v27.4 - https:\/\/yoast.com\/product\/yoast-seo-wordpress\/ -->\n<title>Conselho Municipal de Educa\u00e7\u00e3o de Barretos realiza mesa redonda para discutir pol\u00edtica educacional da cidade - Ribeir\u00e3o Preto e Regi\u00e3o<\/title>\n<meta name=\"description\" content=\"A Est\u00e2ncia Tur\u00edstica de Barretos sedia na pr\u00f3xima quarta-feira, dia 14, uma mesa redonda promovida pelo Conselho Municipal de Educa\u00e7\u00e3o.\" \/>\n<meta name=\"robots\" content=\"index, follow, max-snippet:-1, max-image-preview:large, max-video-preview:-1\" \/>\n<link rel=\"canonical\" href=\"https:\/\/redenoticiaz.com.br\/ribeiraopreto-regiao\/sp\/2022\/09\/13\/conselho-municipal-de-educacao-de-barretos-realiza-mesa-redonda-para-discutir-politica-educacional-da-cidade\" \/>\n<meta property=\"og:locale\" content=\"pt_BR\" \/>\n<meta property=\"og:type\" content=\"article\" \/>\n<meta property=\"og:title\" content=\"Conselho Municipal de Educa\u00e7\u00e3o de Barretos realiza mesa redonda para discutir pol\u00edtica educacional da cidade - Ribeir\u00e3o Preto e Regi\u00e3o\" \/>\n<meta property=\"og:description\" content=\"A Est\u00e2ncia Tur\u00edstica de Barretos sedia na pr\u00f3xima quarta-feira, dia 14, uma mesa redonda promovida pelo Conselho Municipal de Educa\u00e7\u00e3o.\" \/>\n<meta property=\"og:url\" content=\"https:\/\/redenoticiaz.com.br\/ribeiraopreto-regiao\/sp\/2022\/09\/13\/conselho-municipal-de-educacao-de-barretos-realiza-mesa-redonda-para-discutir-politica-educacional-da-cidade\" \/>\n<meta property=\"og:site_name\" content=\"Ribeir\u00e3o Preto e Regi\u00e3o\" \/>\n<meta property=\"article:publisher\" content=\"https:\/\/m.facebook.com\/redenoticiaz.barretos\" \/>\n<meta property=\"article:published_time\" content=\"2022-09-13T16:40:30+00:00\" \/>\n<meta property=\"og:image\" content=\"https:\/\/redenoticiaz.com.br\/ribeiraopreto-regiao\/wp-content\/uploads\/sites\/4\/2022\/09\/b73ce398c39f506af761d2277d853a92.jpg\" \/>\n\t<meta property=\"og:image:width\" content=\"904\" \/>\n\t<meta property=\"og:image:height\" content=\"520\" \/>\n\t<meta property=\"og:image:type\" content=\"image\/jpeg\" \/>\n<meta name=\"twitter:card\" content=\"summary_large_image\" \/>\n<meta name=\"twitter:creator\" content=\"@RN_barretos\" \/>\n<meta name=\"twitter:site\" content=\"@RN_barretos\" \/>\n<meta name=\"twitter:label1\" content=\"Escrito por\" \/>\n\t<meta name=\"twitter:data1\" content=\"\" \/>\n\t<meta name=\"twitter:label2\" content=\"Est. tempo de leitura\" \/>\n\t<meta name=\"twitter:data2\" content=\"1 minuto\" \/>\n<script type=\"application\/ld+json\" class=\"yoast-schema-graph\">{\"@context\":\"https:\\\/\\\/schema.org\",\"@graph\":[{\"@type\":\"Article\",\"@id\":\"https:\\\/\\\/redenoticiaz.com.br\\\/ribeiraopreto-regiao\\\/sp\\\/2022\\\/09\\\/13\\\/conselho-municipal-de-educacao-de-barretos-realiza-mesa-redonda-para-discutir-politica-educacional-da-cidade#article\",\"isPartOf\":{\"@id\":\"https:\\\/\\\/redenoticiaz.com.br\\\/ribeiraopreto-regiao\\\/sp\\\/2022\\\/09\\\/13\\\/conselho-municipal-de-educacao-de-barretos-realiza-mesa-redonda-para-discutir-politica-educacional-da-cidade\"},\"author\":{\"name\":\"\",\"@id\":\"\"},\"headline\":\"Conselho Municipal de Educa\u00e7\u00e3o de Barretos realiza mesa redonda para discutir pol\u00edtica educacional da cidade\",\"datePublished\":\"2022-09-13T16:40:30+00:00\",\"mainEntityOfPage\":{\"@id\":\"https:\\\/\\\/redenoticiaz.com.br\\\/ribeiraopreto-regiao\\\/sp\\\/2022\\\/09\\\/13\\\/conselho-municipal-de-educacao-de-barretos-realiza-mesa-redonda-para-discutir-politica-educacional-da-cidade\"},\"wordCount\":209,\"commentCount\":0,\"publisher\":{\"@id\":\"https:\\\/\\\/redenoticiaz.com.br\\\/ribeiraopreto-regiao\\\/#organization\"},\"image\":{\"@id\":\"https:\\\/\\\/redenoticiaz.com.br\\\/ribeiraopreto-regiao\\\/sp\\\/2022\\\/09\\\/13\\\/conselho-municipal-de-educacao-de-barretos-realiza-mesa-redonda-para-discutir-politica-educacional-da-cidade#primaryimage\"},\"thumbnailUrl\":\"https:\\\/\\\/redenoticiaz.com.br\\\/ribeiraopreto-regiao\\\/wp-content\\\/uploads\\\/sites\\\/4\\\/2022\\\/09\\\/b73ce398c39f506af761d2277d853a92.jpg\",\"keywords\":[\"CONSELHO MUNICIPAL\",\"educa\u00e7\u00e3o\",\"EVENTO\"],\"articleSection\":[\"Educa\u00e7\u00e3o\"],\"inLanguage\":\"pt-BR\",\"potentialAction\":[{\"@type\":\"CommentAction\",\"name\":\"Comment\",\"target\":[\"https:\\\/\\\/redenoticiaz.com.br\\\/ribeiraopreto-regiao\\\/sp\\\/2022\\\/09\\\/13\\\/conselho-municipal-de-educacao-de-barretos-realiza-mesa-redonda-para-discutir-politica-educacional-da-cidade#respond\"]}]},{\"@type\":\"WebPage\",\"@id\":\"https:\\\/\\\/redenoticiaz.com.br\\\/ribeiraopreto-regiao\\\/sp\\\/2022\\\/09\\\/13\\\/conselho-municipal-de-educacao-de-barretos-realiza-mesa-redonda-para-discutir-politica-educacional-da-cidade\",\"url\":\"https:\\\/\\\/redenoticiaz.com.br\\\/ribeiraopreto-regiao\\\/sp\\\/2022\\\/09\\\/13\\\/conselho-municipal-de-educacao-de-barretos-realiza-mesa-redonda-para-discutir-politica-educacional-da-cidade\",\"name\":\"Conselho Municipal de Educa\u00e7\u00e3o de Barretos realiza mesa redonda para discutir pol\u00edtica educacional da cidade - Ribeir\u00e3o Preto e Regi\u00e3o\",\"isPartOf\":{\"@id\":\"https:\\\/\\\/redenoticiaz.com.br\\\/ribeiraopreto-regiao\\\/#website\"},\"primaryImageOfPage\":{\"@id\":\"https:\\\/\\\/redenoticiaz.com.br\\\/ribeiraopreto-regiao\\\/sp\\\/2022\\\/09\\\/13\\\/conselho-municipal-de-educacao-de-barretos-realiza-mesa-redonda-para-discutir-politica-educacional-da-cidade#primaryimage\"},\"image\":{\"@id\":\"https:\\\/\\\/redenoticiaz.com.br\\\/ribeiraopreto-regiao\\\/sp\\\/2022\\\/09\\\/13\\\/conselho-municipal-de-educacao-de-barretos-realiza-mesa-redonda-para-discutir-politica-educacional-da-cidade#primaryimage\"},\"thumbnailUrl\":\"https:\\\/\\\/redenoticiaz.com.br\\\/ribeiraopreto-regiao\\\/wp-content\\\/uploads\\\/sites\\\/4\\\/2022\\\/09\\\/b73ce398c39f506af761d2277d853a92.jpg\",\"datePublished\":\"2022-09-13T16:40:30+00:00\",\"description\":\"A Est\u00e2ncia Tur\u00edstica de Barretos sedia na pr\u00f3xima quarta-feira, dia 14, uma mesa redonda promovida pelo Conselho Municipal de Educa\u00e7\u00e3o.\",\"inLanguage\":\"pt-BR\",\"potentialAction\":[{\"@type\":\"ReadAction\",\"target\":[\"https:\\\/\\\/redenoticiaz.com.br\\\/ribeiraopreto-regiao\\\/sp\\\/2022\\\/09\\\/13\\\/conselho-municipal-de-educacao-de-barretos-realiza-mesa-redonda-para-discutir-politica-educacional-da-cidade\"]}]},{\"@type\":\"ImageObject\",\"inLanguage\":\"pt-BR\",\"@id\":\"https:\\\/\\\/redenoticiaz.com.br\\\/ribeiraopreto-regiao\\\/sp\\\/2022\\\/09\\\/13\\\/conselho-municipal-de-educacao-de-barretos-realiza-mesa-redonda-para-discutir-politica-educacional-da-cidade#primaryimage\",\"url\":\"https:\\\/\\\/redenoticiaz.com.br\\\/ribeiraopreto-regiao\\\/wp-content\\\/uploads\\\/sites\\\/4\\\/2022\\\/09\\\/b73ce398c39f506af761d2277d853a92.jpg\",\"contentUrl\":\"https:\\\/\\\/redenoticiaz.com.br\\\/ribeiraopreto-regiao\\\/wp-content\\\/uploads\\\/sites\\\/4\\\/2022\\\/09\\\/b73ce398c39f506af761d2277d853a92.jpg\",\"width\":904,\"height\":520,\"caption\":\"Cr\u00e9dito: Reprodu\u00e7\u00e3o\"},{\"@type\":\"WebSite\",\"@id\":\"https:\\\/\\\/redenoticiaz.com.br\\\/ribeiraopreto-regiao\\\/#website\",\"url\":\"https:\\\/\\\/redenoticiaz.com.br\\\/ribeiraopreto-regiao\\\/\",\"name\":\"Ribeir\u00e3o Preto e Regi\u00e3o\",\"description\":\"Rede NoticiaZ - Ribeir\u00e3o Preto e regi\u00e3o\",\"publisher\":{\"@id\":\"https:\\\/\\\/redenoticiaz.com.br\\\/ribeiraopreto-regiao\\\/#organization\"},\"potentialAction\":[{\"@type\":\"SearchAction\",\"target\":{\"@type\":\"EntryPoint\",\"urlTemplate\":\"https:\\\/\\\/redenoticiaz.com.br\\\/ribeiraopreto-regiao\\\/?s={search_term_string}\"},\"query-input\":{\"@type\":\"PropertyValueSpecification\",\"valueRequired\":true,\"valueName\":\"search_term_string\"}}],\"inLanguage\":\"pt-BR\"},{\"@type\":\"Organization\",\"@id\":\"https:\\\/\\\/redenoticiaz.com.br\\\/ribeiraopreto-regiao\\\/#organization\",\"name\":\"Ribeir\u00e3o Preto e Regi\u00e3o\",\"url\":\"https:\\\/\\\/redenoticiaz.com.br\\\/ribeiraopreto-regiao\\\/\",\"logo\":{\"@type\":\"ImageObject\",\"inLanguage\":\"pt-BR\",\"@id\":\"https:\\\/\\\/redenoticiaz.com.br\\\/ribeiraopreto-regiao\\\/#\\\/schema\\\/logo\\\/image\\\/\",\"url\":\"https:\\\/\\\/redenoticiaz.com.br\\\/barretos-regiao\\\/wp-content\\\/uploads\\\/sites\\\/4\\\/2022\\\/02\\\/logo.jpg\",\"contentUrl\":\"https:\\\/\\\/redenoticiaz.com.br\\\/barretos-regiao\\\/wp-content\\\/uploads\\\/sites\\\/4\\\/2022\\\/02\\\/logo.jpg\",\"width\":400,\"height\":250,\"caption\":\"Ribeir\u00e3o Preto e Regi\u00e3o\"},\"image\":{\"@id\":\"https:\\\/\\\/redenoticiaz.com.br\\\/ribeiraopreto-regiao\\\/#\\\/schema\\\/logo\\\/image\\\/\"},\"sameAs\":[\"https:\\\/\\\/m.facebook.com\\\/redenoticiaz.barretos\",\"https:\\\/\\\/x.com\\\/RN_barretos\",\"https:\\\/\\\/www.instagram.com\\\/redenoticiaz.barretos\\\/?igshid=YmMyMTA2M2Y\",\"https:\\\/\\\/www.linkedin.com\\\/company\\\/rede-noticiaz-barretos-e-regio\\\/\"]},{\"@type\":\"Person\",\"@id\":\"\",\"url\":\"https:\\\/\\\/redenoticiaz.com.br\\\/ribeiraopreto-regiao\\\/sp\\\/author\"}]}<\/script>\n<!-- \/ Yoast SEO plugin. -->","yoast_head_json":{"title":"Conselho Municipal de Educa\u00e7\u00e3o de Barretos realiza mesa redonda para discutir pol\u00edtica educacional da cidade - Ribeir\u00e3o Preto e Regi\u00e3o","description":"A Est\u00e2ncia Tur\u00edstica de Barretos sedia na pr\u00f3xima quarta-feira, dia 14, uma mesa redonda promovida pelo Conselho Municipal de Educa\u00e7\u00e3o.","robots":{"index":"index","follow":"follow","max-snippet":"max-snippet:-1","max-image-preview":"max-image-preview:large","max-video-preview":"max-video-preview:-1"},"canonical":"https:\/\/redenoticiaz.com.br\/ribeiraopreto-regiao\/sp\/2022\/09\/13\/conselho-municipal-de-educacao-de-barretos-realiza-mesa-redonda-para-discutir-politica-educacional-da-cidade","og_locale":"pt_BR","og_type":"article","og_title":"Conselho Municipal de Educa\u00e7\u00e3o de Barretos realiza mesa redonda para discutir pol\u00edtica educacional da cidade - Ribeir\u00e3o Preto e Regi\u00e3o","og_description":"A Est\u00e2ncia Tur\u00edstica de Barretos sedia na pr\u00f3xima quarta-feira, dia 14, uma mesa redonda promovida pelo Conselho Municipal de Educa\u00e7\u00e3o.","og_url":"https:\/\/redenoticiaz.com.br\/ribeiraopreto-regiao\/sp\/2022\/09\/13\/conselho-municipal-de-educacao-de-barretos-realiza-mesa-redonda-para-discutir-politica-educacional-da-cidade","og_site_name":"Ribeir\u00e3o Preto e Regi\u00e3o","article_publisher":"https:\/\/m.facebook.com\/redenoticiaz.barretos","article_published_time":"2022-09-13T16:40:30+00:00","og_image":[{"width":904,"height":520,"url":"https:\/\/redenoticiaz.com.br\/ribeiraopreto-regiao\/wp-content\/uploads\/sites\/4\/2022\/09\/b73ce398c39f506af761d2277d853a92.jpg","type":"image\/jpeg"}],"twitter_card":"summary_large_image","twitter_creator":"@RN_barretos","twitter_site":"@RN_barretos","twitter_misc":{"Escrito por":"","Est. tempo de leitura":"1 minuto"},"schema":{"@context":"https:\/\/schema.org","@graph":[{"@type":"Article","@id":"https:\/\/redenoticiaz.com.br\/ribeiraopreto-regiao\/sp\/2022\/09\/13\/conselho-municipal-de-educacao-de-barretos-realiza-mesa-redonda-para-discutir-politica-educacional-da-cidade#article","isPartOf":{"@id":"https:\/\/redenoticiaz.com.br\/ribeiraopreto-regiao\/sp\/2022\/09\/13\/conselho-municipal-de-educacao-de-barretos-realiza-mesa-redonda-para-discutir-politica-educacional-da-cidade"},"author":{"name":"","@id":""},"headline":"Conselho Municipal de Educa\u00e7\u00e3o de Barretos realiza mesa redonda para discutir pol\u00edtica educacional da cidade","datePublished":"2022-09-13T16:40:30+00:00","mainEntityOfPage":{"@id":"https:\/\/redenoticiaz.com.br\/ribeiraopreto-regiao\/sp\/2022\/09\/13\/conselho-municipal-de-educacao-de-barretos-realiza-mesa-redonda-para-discutir-politica-educacional-da-cidade"},"wordCount":209,"commentCount":0,"publisher":{"@id":"https:\/\/redenoticiaz.com.br\/ribeiraopreto-regiao\/#organization"},"image":{"@id":"https:\/\/redenoticiaz.com.br\/ribeiraopreto-regiao\/sp\/2022\/09\/13\/conselho-municipal-de-educacao-de-barretos-realiza-mesa-redonda-para-discutir-politica-educacional-da-cidade#primaryimage"},"thumbnailUrl":"https:\/\/redenoticiaz.com.br\/ribeiraopreto-regiao\/wp-content\/uploads\/sites\/4\/2022\/09\/b73ce398c39f506af761d2277d853a92.jpg","keywords":["CONSELHO MUNICIPAL","educa\u00e7\u00e3o","EVENTO"],"articleSection":["Educa\u00e7\u00e3o"],"inLanguage":"pt-BR","potentialAction":[{"@type":"CommentAction","name":"Comment","target":["https:\/\/redenoticiaz.com.br\/ribeiraopreto-regiao\/sp\/2022\/09\/13\/conselho-municipal-de-educacao-de-barretos-realiza-mesa-redonda-para-discutir-politica-educacional-da-cidade#respond"]}]},{"@type":"WebPage","@id":"https:\/\/redenoticiaz.com.br\/ribeiraopreto-regiao\/sp\/2022\/09\/13\/conselho-municipal-de-educacao-de-barretos-realiza-mesa-redonda-para-discutir-politica-educacional-da-cidade","url":"https:\/\/redenoticiaz.com.br\/ribeiraopreto-regiao\/sp\/2022\/09\/13\/conselho-municipal-de-educacao-de-barretos-realiza-mesa-redonda-para-discutir-politica-educacional-da-cidade","name":"Conselho Municipal de Educa\u00e7\u00e3o de Barretos realiza mesa redonda para discutir pol\u00edtica educacional da cidade - Ribeir\u00e3o Preto e Regi\u00e3o","isPartOf":{"@id":"https:\/\/redenoticiaz.com.br\/ribeiraopreto-regiao\/#website"},"primaryImageOfPage":{"@id":"https:\/\/redenoticiaz.com.br\/ribeiraopreto-regiao\/sp\/2022\/09\/13\/conselho-municipal-de-educacao-de-barretos-realiza-mesa-redonda-para-discutir-politica-educacional-da-cidade#primaryimage"},"image":{"@id":"https:\/\/redenoticiaz.com.br\/ribeiraopreto-regiao\/sp\/2022\/09\/13\/conselho-municipal-de-educacao-de-barretos-realiza-mesa-redonda-para-discutir-politica-educacional-da-cidade#primaryimage"},"thumbnailUrl":"https:\/\/redenoticiaz.com.br\/ribeiraopreto-regiao\/wp-content\/uploads\/sites\/4\/2022\/09\/b73ce398c39f506af761d2277d853a92.jpg","datePublished":"2022-09-13T16:40:30+00:00","description":"A Est\u00e2ncia Tur\u00edstica de Barretos sedia na pr\u00f3xima quarta-feira, dia 14, uma mesa redonda promovida pelo Conselho Municipal de Educa\u00e7\u00e3o.","inLanguage":"pt-BR","potentialAction":[{"@type":"ReadAction","target":["https:\/\/redenoticiaz.com.br\/ribeiraopreto-regiao\/sp\/2022\/09\/13\/conselho-municipal-de-educacao-de-barretos-realiza-mesa-redonda-para-discutir-politica-educacional-da-cidade"]}]},{"@type":"ImageObject","inLanguage":"pt-BR","@id":"https:\/\/redenoticiaz.com.br\/ribeiraopreto-regiao\/sp\/2022\/09\/13\/conselho-municipal-de-educacao-de-barretos-realiza-mesa-redonda-para-discutir-politica-educacional-da-cidade#primaryimage","url":"https:\/\/redenoticiaz.com.br\/ribeiraopreto-regiao\/wp-content\/uploads\/sites\/4\/2022\/09\/b73ce398c39f506af761d2277d853a92.jpg","contentUrl":"https:\/\/redenoticiaz.com.br\/ribeiraopreto-regiao\/wp-content\/uploads\/sites\/4\/2022\/09\/b73ce398c39f506af761d2277d853a92.jpg","width":904,"height":520,"caption":"Cr\u00e9dito: Reprodu\u00e7\u00e3o"},{"@type":"WebSite","@id":"https:\/\/redenoticiaz.com.br\/ribeiraopreto-regiao\/#website","url":"https:\/\/redenoticiaz.com.br\/ribeiraopreto-regiao\/","name":"Ribeir\u00e3o Preto e Regi\u00e3o","description":"Rede NoticiaZ - Ribeir\u00e3o Preto e regi\u00e3o","publisher":{"@id":"https:\/\/redenoticiaz.com.br\/ribeiraopreto-regiao\/#organization"},"potentialAction":[{"@type":"SearchAction","target":{"@type":"EntryPoint","urlTemplate":"https:\/\/redenoticiaz.com.br\/ribeiraopreto-regiao\/?s={search_term_string}"},"query-input":{"@type":"PropertyValueSpecification","valueRequired":true,"valueName":"search_term_string"}}],"inLanguage":"pt-BR"},{"@type":"Organization","@id":"https:\/\/redenoticiaz.com.br\/ribeiraopreto-regiao\/#organization","name":"Ribeir\u00e3o Preto e Regi\u00e3o","url":"https:\/\/redenoticiaz.com.br\/ribeiraopreto-regiao\/","logo":{"@type":"ImageObject","inLanguage":"pt-BR","@id":"https:\/\/redenoticiaz.com.br\/ribeiraopreto-regiao\/#\/schema\/logo\/image\/","url":"https:\/\/redenoticiaz.com.br\/barretos-regiao\/wp-content\/uploads\/sites\/4\/2022\/02\/logo.jpg","contentUrl":"https:\/\/redenoticiaz.com.br\/barretos-regiao\/wp-content\/uploads\/sites\/4\/2022\/02\/logo.jpg","width":400,"height":250,"caption":"Ribeir\u00e3o Preto e Regi\u00e3o"},"image":{"@id":"https:\/\/redenoticiaz.com.br\/ribeiraopreto-regiao\/#\/schema\/logo\/image\/"},"sameAs":["https:\/\/m.facebook.com\/redenoticiaz.barretos","https:\/\/x.com\/RN_barretos","https:\/\/www.instagram.com\/redenoticiaz.barretos\/?igshid=YmMyMTA2M2Y","https:\/\/www.linkedin.com\/company\/rede-noticiaz-barretos-e-regio\/"]},{"@type":"Person","@id":"","url":"https:\/\/redenoticiaz.com.br\/ribeiraopreto-regiao\/sp\/author"}]}},"_links":{"self":[{"href":"https:\/\/redenoticiaz.com.br\/ribeiraopreto-regiao\/wp-json\/wp\/v2\/posts\/91417","targetHints":{"allow":["GET"]}}],"collection":[{"href":"https:\/\/redenoticiaz.com.br\/ribeiraopreto-regiao\/wp-json\/wp\/v2\/posts"}],"about":[{"href":"https:\/\/redenoticiaz.com.br\/ribeiraopreto-regiao\/wp-json\/wp\/v2\/types\/post"}],"author":[{"embeddable":true,"href":"https:\/\/redenoticiaz.com.br\/ribeiraopreto-regiao\/wp-json\/wp\/v2\/users\/15"}],"replies":[{"embeddable":true,"href":"https:\/\/redenoticiaz.com.br\/ribeiraopreto-regiao\/wp-json\/wp\/v2\/comments?post=91417"}],"version-history":[{"count":1,"href":"https:\/\/redenoticiaz.com.br\/ribeiraopreto-regiao\/wp-json\/wp\/v2\/posts\/91417\/revisions"}],"predecessor-version":[{"id":91419,"href":"https:\/\/redenoticiaz.com.br\/ribeiraopreto-regiao\/wp-json\/wp\/v2\/posts\/91417\/revisions\/91419"}],"wp:featuredmedia":[{"embeddable":true,"href":"https:\/\/redenoticiaz.com.br\/ribeiraopreto-regiao\/wp-json\/wp\/v2\/media\/91418"}],"wp:attachment":[{"href":"https:\/\/redenoticiaz.com.br\/ribeiraopreto-regiao\/wp-json\/wp\/v2\/media?parent=91417"}],"wp:term":[{"taxonomy":"category","embeddable":true,"href":"https:\/\/redenoticiaz.com.br\/ribeiraopreto-regiao\/wp-json\/wp\/v2\/categories?post=91417"},{"taxonomy":"post_tag","embeddable":true,"href":"https:\/\/redenoticiaz.com.br\/ribeiraopreto-regiao\/wp-json\/wp\/v2\/tags?post=91417"}],"curies":[{"name":"wp","href":"https:\/\/api.w.org\/{rel}","templated":true}]}}