{"id":91629,"date":"2022-09-16T14:03:04","date_gmt":"2022-09-16T17:03:04","guid":{"rendered":"https:\/\/redenoticiaz.com.br\/barretos-regiao\/?p=91629"},"modified":"2022-09-16T14:03:04","modified_gmt":"2022-09-16T17:03:04","slug":"olimpia-recebe-secretario-estadual-de-esportes-para-acompanhar-obra-das-areninhas","status":"publish","type":"post","link":"https:\/\/redenoticiaz.com.br\/ribeiraopreto-regiao\/sp\/2022\/09\/16\/olimpia-recebe-secretario-estadual-de-esportes-para-acompanhar-obra-das-areninhas","title":{"rendered":"Ol\u00edmpia recebe secret\u00e1rio estadual de Esportes para acompanhar obra das &#8216;Areninhas&#8217;"},"content":{"rendered":"<p class=\"v1MsoNormal\"><span style=\"font-family: arial, sans-serif\">Buscando ampliar as atividades de lazer nos bairros, a Est\u00e2ncia Tur\u00edstica de Ol\u00edmpia est\u00e1 com mais um projeto em andamento. Trata-se da constru\u00e7\u00e3o da &#8220;Areninha&#8221;, um equipamento implantado por meio de um conv\u00eanio com o Governo do Estado para fomentar o esporte e a qualidade de vida para milhares de jovens e fam\u00edlias olimpienses.<\/span><\/p>\n<p class=\"v1MsoNormal\"><span style=\"font-family: arial, sans-serif\">Para acompanhar o in\u00edcio da instala\u00e7\u00e3o, o prefeito Fernando Cunha recebeu, nesta ter\u00e7a-feira (13), a visita do secret\u00e1rio Estadual de Esportes, Thiago Milhim. O munic\u00edpio foi contemplado com tr\u00eas equipamentos de m\u00f3dulos esportivos, compostos por campo sint\u00e9tico para futebol society, quadra de basquete de rua 3&#215;3, ilumina\u00e7\u00e3o de LED e arquibancadas.<\/span><\/p>\n<figure id=\"attachment_91630\" aria-describedby=\"caption-attachment-91630\" style=\"width: 300px\" class=\"wp-caption alignleft\"><img loading=\"lazy\" decoding=\"async\" class=\"size-medium wp-image-91630\" src=\"https:\/\/redenoticiaz.com.br\/barretos-regiao\/wp-content\/uploads\/sites\/4\/2022\/09\/Visita-Secretario-de-Esportes-1-300x199.jpg\" alt=\"Ol\u00edmpia recebe secret\u00e1rio estadual de Esportes para acompanhar obra das 'Areninhas'\" width=\"300\" height=\"199\" srcset=\"https:\/\/redenoticiaz.com.br\/ribeiraopreto-regiao\/wp-content\/uploads\/sites\/4\/2022\/09\/Visita-Secretario-de-Esportes-1-300x199.jpg 300w, https:\/\/redenoticiaz.com.br\/ribeiraopreto-regiao\/wp-content\/uploads\/sites\/4\/2022\/09\/Visita-Secretario-de-Esportes-1-1024x678.jpg 1024w, https:\/\/redenoticiaz.com.br\/ribeiraopreto-regiao\/wp-content\/uploads\/sites\/4\/2022\/09\/Visita-Secretario-de-Esportes-1-768x509.jpg 768w, https:\/\/redenoticiaz.com.br\/ribeiraopreto-regiao\/wp-content\/uploads\/sites\/4\/2022\/09\/Visita-Secretario-de-Esportes-1-1536x1017.jpg 1536w, https:\/\/redenoticiaz.com.br\/ribeiraopreto-regiao\/wp-content\/uploads\/sites\/4\/2022\/09\/Visita-Secretario-de-Esportes-1-2048x1356.jpg 2048w, https:\/\/redenoticiaz.com.br\/ribeiraopreto-regiao\/wp-content\/uploads\/sites\/4\/2022\/09\/Visita-Secretario-de-Esportes-1-scaled.jpg 1630w\" sizes=\"auto, (max-width: 300px) 100vw, 300px\" \/><figcaption id=\"caption-attachment-91630\" class=\"wp-caption-text\">Visita Secretario de Esportes. Cr\u00e9dito: Divulga\u00e7\u00e3o<\/figcaption><\/figure>\n<p class=\"v1MsoNormal\"><span style=\"font-family: arial, sans-serif\">As Areninhas, com mais de mil metros quadrados de \u00e1rea, ser\u00e3o montadas nos bairros Viva Ol\u00edmpia\/Harmonia, na Cohab III e no Tropical II, beneficiando diferentes regi\u00f5es da cidade. As obras de terraplanagem j\u00e1 come\u00e7aram e ser\u00e3o finalizadas nos pr\u00f3ximos dias, para que os equipamentos sejam instalados pelo Estado.<\/span><\/p>\n<p class=\"v1MsoNormal\"><span style=\"font-family: arial, sans-serif\">Na passagem pela cidade, o secret\u00e1rio Thiago Milhim esteve na \u00e1rea de implanta\u00e7\u00e3o da Areninha do bairro Harmonia. &#8220;Alegria enorme de estar em Ol\u00edmpia, uma das cidades mais lindas do Estado com essa grande gest\u00e3o que o Prefeito tem feito, para trazer mais esporte e muitas conquistas positivas para a cidade&#8221;, disse o secret\u00e1rio. O secret\u00e1rio de Obras, Leandro Gallina tamb\u00e9m esteve presente.<\/span><\/p>\n<p class=\"v1MsoNormal\"><strong><span style=\"font-family: arial, sans-serif\">VEJA TAMB\u00c9M:\u00a0<a href=\"https:\/\/redenoticiaz.com.br\/barretos-regiao\/sp\/2022\/09\/14\/estacao-cultural-de-olimpia-ganhara-ala-gastronomica\">Esta\u00e7\u00e3o Cultural de Ol\u00edmpia ganhar\u00e1 ala gastron\u00f4mica<\/a><\/span><\/strong><\/p>\n<p class=\"v1MsoNormal\">\n<div><\/div>\n","protected":false},"excerpt":{"rendered":"<p>Buscando ampliar as atividades de lazer nos bairros, a Est\u00e2ncia Tur\u00edstica de Ol\u00edmpia est\u00e1 com mais um projeto em andamento. Trata-se da constru\u00e7\u00e3o da &#8220;Areninha&#8221;, um equipamento implantado por meio de um conv\u00eanio com o Governo do Estado para fomentar o esporte e a qualidade de vida para milhares de jovens e fam\u00edlias olimpienses. Para &hellip;<\/p>\n","protected":false},"author":15,"featured_media":91631,"comment_status":"open","ping_status":"closed","sticky":false,"template":"","format":"standard","meta":{"footnotes":""},"categories":[87],"tags":[20311,19854,150,3121],"class_list":["post-91629","post","type-post","status-publish","format-standard","has-post-thumbnail","hentry","category-esporte","tag-areninha","tag-campo","tag-esporte","tag-obras"],"yoast_head":"<!-- This site is optimized with the Yoast SEO plugin v27.4 - https:\/\/yoast.com\/product\/yoast-seo-wordpress\/ -->\n<title>Ol\u00edmpia recebe secret\u00e1rio estadual de Esportes para acompanhar obra das &#8216;Areninhas&#8217; - Ribeir\u00e3o Preto e Regi\u00e3o<\/title>\n<meta name=\"description\" content=\"Trata-se da constru\u00e7\u00e3o da &quot;Areninha&quot;, um equipamento implantado por meio de um conv\u00eanio com o Governo do Estado para fomentar esporte...\" \/>\n<meta name=\"robots\" content=\"index, follow, max-snippet:-1, max-image-preview:large, max-video-preview:-1\" \/>\n<link rel=\"canonical\" href=\"https:\/\/redenoticiaz.com.br\/ribeiraopreto-regiao\/sp\/2022\/09\/16\/olimpia-recebe-secretario-estadual-de-esportes-para-acompanhar-obra-das-areninhas\" \/>\n<meta property=\"og:locale\" content=\"pt_BR\" \/>\n<meta property=\"og:type\" content=\"article\" \/>\n<meta property=\"og:title\" content=\"Ol\u00edmpia recebe secret\u00e1rio estadual de Esportes para acompanhar obra das &#8216;Areninhas&#8217; - Ribeir\u00e3o Preto e Regi\u00e3o\" \/>\n<meta property=\"og:description\" content=\"Trata-se da constru\u00e7\u00e3o da &quot;Areninha&quot;, um equipamento implantado por meio de um conv\u00eanio com o Governo do Estado para fomentar esporte...\" \/>\n<meta property=\"og:url\" content=\"https:\/\/redenoticiaz.com.br\/ribeiraopreto-regiao\/sp\/2022\/09\/16\/olimpia-recebe-secretario-estadual-de-esportes-para-acompanhar-obra-das-areninhas\" \/>\n<meta property=\"og:site_name\" content=\"Ribeir\u00e3o Preto e Regi\u00e3o\" \/>\n<meta property=\"article:publisher\" content=\"https:\/\/m.facebook.com\/redenoticiaz.barretos\" \/>\n<meta property=\"article:published_time\" content=\"2022-09-16T17:03:04+00:00\" \/>\n<meta property=\"og:image\" content=\"https:\/\/redenoticiaz.com.br\/ribeiraopreto-regiao\/wp-content\/uploads\/sites\/4\/2022\/09\/Visita-Secretario-de-Esportes-2-scaled.jpg\" \/>\n\t<meta property=\"og:image:width\" content=\"1630\" \/>\n\t<meta property=\"og:image:height\" content=\"1080\" \/>\n\t<meta property=\"og:image:type\" content=\"image\/jpeg\" \/>\n<meta name=\"twitter:card\" content=\"summary_large_image\" \/>\n<meta name=\"twitter:creator\" content=\"@RN_barretos\" \/>\n<meta name=\"twitter:site\" content=\"@RN_barretos\" \/>\n<meta name=\"twitter:label1\" content=\"Escrito por\" \/>\n\t<meta name=\"twitter:data1\" content=\"\" \/>\n\t<meta name=\"twitter:label2\" content=\"Est. tempo de leitura\" \/>\n\t<meta name=\"twitter:data2\" content=\"2 minutos\" \/>\n<script type=\"application\/ld+json\" class=\"yoast-schema-graph\">{\"@context\":\"https:\\\/\\\/schema.org\",\"@graph\":[{\"@type\":\"Article\",\"@id\":\"https:\\\/\\\/redenoticiaz.com.br\\\/ribeiraopreto-regiao\\\/sp\\\/2022\\\/09\\\/16\\\/olimpia-recebe-secretario-estadual-de-esportes-para-acompanhar-obra-das-areninhas#article\",\"isPartOf\":{\"@id\":\"https:\\\/\\\/redenoticiaz.com.br\\\/ribeiraopreto-regiao\\\/sp\\\/2022\\\/09\\\/16\\\/olimpia-recebe-secretario-estadual-de-esportes-para-acompanhar-obra-das-areninhas\"},\"author\":{\"name\":\"\",\"@id\":\"\"},\"headline\":\"Ol\u00edmpia recebe secret\u00e1rio estadual de Esportes para acompanhar obra das &#8216;Areninhas&#8217;\",\"datePublished\":\"2022-09-16T17:03:04+00:00\",\"mainEntityOfPage\":{\"@id\":\"https:\\\/\\\/redenoticiaz.com.br\\\/ribeiraopreto-regiao\\\/sp\\\/2022\\\/09\\\/16\\\/olimpia-recebe-secretario-estadual-de-esportes-para-acompanhar-obra-das-areninhas\"},\"wordCount\":285,\"commentCount\":0,\"publisher\":{\"@id\":\"https:\\\/\\\/redenoticiaz.com.br\\\/ribeiraopreto-regiao\\\/#organization\"},\"image\":{\"@id\":\"https:\\\/\\\/redenoticiaz.com.br\\\/ribeiraopreto-regiao\\\/sp\\\/2022\\\/09\\\/16\\\/olimpia-recebe-secretario-estadual-de-esportes-para-acompanhar-obra-das-areninhas#primaryimage\"},\"thumbnailUrl\":\"https:\\\/\\\/redenoticiaz.com.br\\\/ribeiraopreto-regiao\\\/wp-content\\\/uploads\\\/sites\\\/4\\\/2022\\\/09\\\/Visita-Secretario-de-Esportes-2-scaled.jpg\",\"keywords\":[\"ARENINHA\",\"CAMPO\",\"ESPORTE\",\"obras\"],\"articleSection\":[\"Esporte\"],\"inLanguage\":\"pt-BR\",\"potentialAction\":[{\"@type\":\"CommentAction\",\"name\":\"Comment\",\"target\":[\"https:\\\/\\\/redenoticiaz.com.br\\\/ribeiraopreto-regiao\\\/sp\\\/2022\\\/09\\\/16\\\/olimpia-recebe-secretario-estadual-de-esportes-para-acompanhar-obra-das-areninhas#respond\"]}]},{\"@type\":\"WebPage\",\"@id\":\"https:\\\/\\\/redenoticiaz.com.br\\\/ribeiraopreto-regiao\\\/sp\\\/2022\\\/09\\\/16\\\/olimpia-recebe-secretario-estadual-de-esportes-para-acompanhar-obra-das-areninhas\",\"url\":\"https:\\\/\\\/redenoticiaz.com.br\\\/ribeiraopreto-regiao\\\/sp\\\/2022\\\/09\\\/16\\\/olimpia-recebe-secretario-estadual-de-esportes-para-acompanhar-obra-das-areninhas\",\"name\":\"Ol\u00edmpia recebe secret\u00e1rio estadual de Esportes para acompanhar obra das &#8216;Areninhas&#8217; - Ribeir\u00e3o Preto e Regi\u00e3o\",\"isPartOf\":{\"@id\":\"https:\\\/\\\/redenoticiaz.com.br\\\/ribeiraopreto-regiao\\\/#website\"},\"primaryImageOfPage\":{\"@id\":\"https:\\\/\\\/redenoticiaz.com.br\\\/ribeiraopreto-regiao\\\/sp\\\/2022\\\/09\\\/16\\\/olimpia-recebe-secretario-estadual-de-esportes-para-acompanhar-obra-das-areninhas#primaryimage\"},\"image\":{\"@id\":\"https:\\\/\\\/redenoticiaz.com.br\\\/ribeiraopreto-regiao\\\/sp\\\/2022\\\/09\\\/16\\\/olimpia-recebe-secretario-estadual-de-esportes-para-acompanhar-obra-das-areninhas#primaryimage\"},\"thumbnailUrl\":\"https:\\\/\\\/redenoticiaz.com.br\\\/ribeiraopreto-regiao\\\/wp-content\\\/uploads\\\/sites\\\/4\\\/2022\\\/09\\\/Visita-Secretario-de-Esportes-2-scaled.jpg\",\"datePublished\":\"2022-09-16T17:03:04+00:00\",\"description\":\"Trata-se da constru\u00e7\u00e3o da \\\"Areninha\\\", um equipamento implantado por meio de um conv\u00eanio com o Governo do Estado para fomentar esporte...\",\"inLanguage\":\"pt-BR\",\"potentialAction\":[{\"@type\":\"ReadAction\",\"target\":[\"https:\\\/\\\/redenoticiaz.com.br\\\/ribeiraopreto-regiao\\\/sp\\\/2022\\\/09\\\/16\\\/olimpia-recebe-secretario-estadual-de-esportes-para-acompanhar-obra-das-areninhas\"]}]},{\"@type\":\"ImageObject\",\"inLanguage\":\"pt-BR\",\"@id\":\"https:\\\/\\\/redenoticiaz.com.br\\\/ribeiraopreto-regiao\\\/sp\\\/2022\\\/09\\\/16\\\/olimpia-recebe-secretario-estadual-de-esportes-para-acompanhar-obra-das-areninhas#primaryimage\",\"url\":\"https:\\\/\\\/redenoticiaz.com.br\\\/ribeiraopreto-regiao\\\/wp-content\\\/uploads\\\/sites\\\/4\\\/2022\\\/09\\\/Visita-Secretario-de-Esportes-2-scaled.jpg\",\"contentUrl\":\"https:\\\/\\\/redenoticiaz.com.br\\\/ribeiraopreto-regiao\\\/wp-content\\\/uploads\\\/sites\\\/4\\\/2022\\\/09\\\/Visita-Secretario-de-Esportes-2-scaled.jpg\",\"width\":1630,\"height\":1080,\"caption\":\"Visita Secretario de Esportes. Cr\u00e9dito: Divulga\u00e7\u00e3o\"},{\"@type\":\"WebSite\",\"@id\":\"https:\\\/\\\/redenoticiaz.com.br\\\/ribeiraopreto-regiao\\\/#website\",\"url\":\"https:\\\/\\\/redenoticiaz.com.br\\\/ribeiraopreto-regiao\\\/\",\"name\":\"Ribeir\u00e3o Preto e Regi\u00e3o\",\"description\":\"Rede NoticiaZ - Ribeir\u00e3o Preto e regi\u00e3o\",\"publisher\":{\"@id\":\"https:\\\/\\\/redenoticiaz.com.br\\\/ribeiraopreto-regiao\\\/#organization\"},\"potentialAction\":[{\"@type\":\"SearchAction\",\"target\":{\"@type\":\"EntryPoint\",\"urlTemplate\":\"https:\\\/\\\/redenoticiaz.com.br\\\/ribeiraopreto-regiao\\\/?s={search_term_string}\"},\"query-input\":{\"@type\":\"PropertyValueSpecification\",\"valueRequired\":true,\"valueName\":\"search_term_string\"}}],\"inLanguage\":\"pt-BR\"},{\"@type\":\"Organization\",\"@id\":\"https:\\\/\\\/redenoticiaz.com.br\\\/ribeiraopreto-regiao\\\/#organization\",\"name\":\"Ribeir\u00e3o Preto e Regi\u00e3o\",\"url\":\"https:\\\/\\\/redenoticiaz.com.br\\\/ribeiraopreto-regiao\\\/\",\"logo\":{\"@type\":\"ImageObject\",\"inLanguage\":\"pt-BR\",\"@id\":\"https:\\\/\\\/redenoticiaz.com.br\\\/ribeiraopreto-regiao\\\/#\\\/schema\\\/logo\\\/image\\\/\",\"url\":\"https:\\\/\\\/redenoticiaz.com.br\\\/barretos-regiao\\\/wp-content\\\/uploads\\\/sites\\\/4\\\/2022\\\/02\\\/logo.jpg\",\"contentUrl\":\"https:\\\/\\\/redenoticiaz.com.br\\\/barretos-regiao\\\/wp-content\\\/uploads\\\/sites\\\/4\\\/2022\\\/02\\\/logo.jpg\",\"width\":400,\"height\":250,\"caption\":\"Ribeir\u00e3o Preto e Regi\u00e3o\"},\"image\":{\"@id\":\"https:\\\/\\\/redenoticiaz.com.br\\\/ribeiraopreto-regiao\\\/#\\\/schema\\\/logo\\\/image\\\/\"},\"sameAs\":[\"https:\\\/\\\/m.facebook.com\\\/redenoticiaz.barretos\",\"https:\\\/\\\/x.com\\\/RN_barretos\",\"https:\\\/\\\/www.instagram.com\\\/redenoticiaz.barretos\\\/?igshid=YmMyMTA2M2Y\",\"https:\\\/\\\/www.linkedin.com\\\/company\\\/rede-noticiaz-barretos-e-regio\\\/\"]},{\"@type\":\"Person\",\"@id\":\"\",\"url\":\"https:\\\/\\\/redenoticiaz.com.br\\\/ribeiraopreto-regiao\\\/sp\\\/author\"}]}<\/script>\n<!-- \/ Yoast SEO plugin. -->","yoast_head_json":{"title":"Ol\u00edmpia recebe secret\u00e1rio estadual de Esportes para acompanhar obra das &#8216;Areninhas&#8217; - Ribeir\u00e3o Preto e Regi\u00e3o","description":"Trata-se da constru\u00e7\u00e3o da \"Areninha\", um equipamento implantado por meio de um conv\u00eanio com o Governo do Estado para fomentar esporte...","robots":{"index":"index","follow":"follow","max-snippet":"max-snippet:-1","max-image-preview":"max-image-preview:large","max-video-preview":"max-video-preview:-1"},"canonical":"https:\/\/redenoticiaz.com.br\/ribeiraopreto-regiao\/sp\/2022\/09\/16\/olimpia-recebe-secretario-estadual-de-esportes-para-acompanhar-obra-das-areninhas","og_locale":"pt_BR","og_type":"article","og_title":"Ol\u00edmpia recebe secret\u00e1rio estadual de Esportes para acompanhar obra das &#8216;Areninhas&#8217; - Ribeir\u00e3o Preto e Regi\u00e3o","og_description":"Trata-se da constru\u00e7\u00e3o da \"Areninha\", um equipamento implantado por meio de um conv\u00eanio com o Governo do Estado para fomentar esporte...","og_url":"https:\/\/redenoticiaz.com.br\/ribeiraopreto-regiao\/sp\/2022\/09\/16\/olimpia-recebe-secretario-estadual-de-esportes-para-acompanhar-obra-das-areninhas","og_site_name":"Ribeir\u00e3o Preto e Regi\u00e3o","article_publisher":"https:\/\/m.facebook.com\/redenoticiaz.barretos","article_published_time":"2022-09-16T17:03:04+00:00","og_image":[{"width":1630,"height":1080,"url":"https:\/\/redenoticiaz.com.br\/ribeiraopreto-regiao\/wp-content\/uploads\/sites\/4\/2022\/09\/Visita-Secretario-de-Esportes-2-scaled.jpg","type":"image\/jpeg"}],"twitter_card":"summary_large_image","twitter_creator":"@RN_barretos","twitter_site":"@RN_barretos","twitter_misc":{"Escrito por":"","Est. tempo de leitura":"2 minutos"},"schema":{"@context":"https:\/\/schema.org","@graph":[{"@type":"Article","@id":"https:\/\/redenoticiaz.com.br\/ribeiraopreto-regiao\/sp\/2022\/09\/16\/olimpia-recebe-secretario-estadual-de-esportes-para-acompanhar-obra-das-areninhas#article","isPartOf":{"@id":"https:\/\/redenoticiaz.com.br\/ribeiraopreto-regiao\/sp\/2022\/09\/16\/olimpia-recebe-secretario-estadual-de-esportes-para-acompanhar-obra-das-areninhas"},"author":{"name":"","@id":""},"headline":"Ol\u00edmpia recebe secret\u00e1rio estadual de Esportes para acompanhar obra das &#8216;Areninhas&#8217;","datePublished":"2022-09-16T17:03:04+00:00","mainEntityOfPage":{"@id":"https:\/\/redenoticiaz.com.br\/ribeiraopreto-regiao\/sp\/2022\/09\/16\/olimpia-recebe-secretario-estadual-de-esportes-para-acompanhar-obra-das-areninhas"},"wordCount":285,"commentCount":0,"publisher":{"@id":"https:\/\/redenoticiaz.com.br\/ribeiraopreto-regiao\/#organization"},"image":{"@id":"https:\/\/redenoticiaz.com.br\/ribeiraopreto-regiao\/sp\/2022\/09\/16\/olimpia-recebe-secretario-estadual-de-esportes-para-acompanhar-obra-das-areninhas#primaryimage"},"thumbnailUrl":"https:\/\/redenoticiaz.com.br\/ribeiraopreto-regiao\/wp-content\/uploads\/sites\/4\/2022\/09\/Visita-Secretario-de-Esportes-2-scaled.jpg","keywords":["ARENINHA","CAMPO","ESPORTE","obras"],"articleSection":["Esporte"],"inLanguage":"pt-BR","potentialAction":[{"@type":"CommentAction","name":"Comment","target":["https:\/\/redenoticiaz.com.br\/ribeiraopreto-regiao\/sp\/2022\/09\/16\/olimpia-recebe-secretario-estadual-de-esportes-para-acompanhar-obra-das-areninhas#respond"]}]},{"@type":"WebPage","@id":"https:\/\/redenoticiaz.com.br\/ribeiraopreto-regiao\/sp\/2022\/09\/16\/olimpia-recebe-secretario-estadual-de-esportes-para-acompanhar-obra-das-areninhas","url":"https:\/\/redenoticiaz.com.br\/ribeiraopreto-regiao\/sp\/2022\/09\/16\/olimpia-recebe-secretario-estadual-de-esportes-para-acompanhar-obra-das-areninhas","name":"Ol\u00edmpia recebe secret\u00e1rio estadual de Esportes para acompanhar obra das &#8216;Areninhas&#8217; - Ribeir\u00e3o Preto e Regi\u00e3o","isPartOf":{"@id":"https:\/\/redenoticiaz.com.br\/ribeiraopreto-regiao\/#website"},"primaryImageOfPage":{"@id":"https:\/\/redenoticiaz.com.br\/ribeiraopreto-regiao\/sp\/2022\/09\/16\/olimpia-recebe-secretario-estadual-de-esportes-para-acompanhar-obra-das-areninhas#primaryimage"},"image":{"@id":"https:\/\/redenoticiaz.com.br\/ribeiraopreto-regiao\/sp\/2022\/09\/16\/olimpia-recebe-secretario-estadual-de-esportes-para-acompanhar-obra-das-areninhas#primaryimage"},"thumbnailUrl":"https:\/\/redenoticiaz.com.br\/ribeiraopreto-regiao\/wp-content\/uploads\/sites\/4\/2022\/09\/Visita-Secretario-de-Esportes-2-scaled.jpg","datePublished":"2022-09-16T17:03:04+00:00","description":"Trata-se da constru\u00e7\u00e3o da \"Areninha\", um equipamento implantado por meio de um conv\u00eanio com o Governo do Estado para fomentar esporte...","inLanguage":"pt-BR","potentialAction":[{"@type":"ReadAction","target":["https:\/\/redenoticiaz.com.br\/ribeiraopreto-regiao\/sp\/2022\/09\/16\/olimpia-recebe-secretario-estadual-de-esportes-para-acompanhar-obra-das-areninhas"]}]},{"@type":"ImageObject","inLanguage":"pt-BR","@id":"https:\/\/redenoticiaz.com.br\/ribeiraopreto-regiao\/sp\/2022\/09\/16\/olimpia-recebe-secretario-estadual-de-esportes-para-acompanhar-obra-das-areninhas#primaryimage","url":"https:\/\/redenoticiaz.com.br\/ribeiraopreto-regiao\/wp-content\/uploads\/sites\/4\/2022\/09\/Visita-Secretario-de-Esportes-2-scaled.jpg","contentUrl":"https:\/\/redenoticiaz.com.br\/ribeiraopreto-regiao\/wp-content\/uploads\/sites\/4\/2022\/09\/Visita-Secretario-de-Esportes-2-scaled.jpg","width":1630,"height":1080,"caption":"Visita Secretario de Esportes. Cr\u00e9dito: Divulga\u00e7\u00e3o"},{"@type":"WebSite","@id":"https:\/\/redenoticiaz.com.br\/ribeiraopreto-regiao\/#website","url":"https:\/\/redenoticiaz.com.br\/ribeiraopreto-regiao\/","name":"Ribeir\u00e3o Preto e Regi\u00e3o","description":"Rede NoticiaZ - Ribeir\u00e3o Preto e regi\u00e3o","publisher":{"@id":"https:\/\/redenoticiaz.com.br\/ribeiraopreto-regiao\/#organization"},"potentialAction":[{"@type":"SearchAction","target":{"@type":"EntryPoint","urlTemplate":"https:\/\/redenoticiaz.com.br\/ribeiraopreto-regiao\/?s={search_term_string}"},"query-input":{"@type":"PropertyValueSpecification","valueRequired":true,"valueName":"search_term_string"}}],"inLanguage":"pt-BR"},{"@type":"Organization","@id":"https:\/\/redenoticiaz.com.br\/ribeiraopreto-regiao\/#organization","name":"Ribeir\u00e3o Preto e Regi\u00e3o","url":"https:\/\/redenoticiaz.com.br\/ribeiraopreto-regiao\/","logo":{"@type":"ImageObject","inLanguage":"pt-BR","@id":"https:\/\/redenoticiaz.com.br\/ribeiraopreto-regiao\/#\/schema\/logo\/image\/","url":"https:\/\/redenoticiaz.com.br\/barretos-regiao\/wp-content\/uploads\/sites\/4\/2022\/02\/logo.jpg","contentUrl":"https:\/\/redenoticiaz.com.br\/barretos-regiao\/wp-content\/uploads\/sites\/4\/2022\/02\/logo.jpg","width":400,"height":250,"caption":"Ribeir\u00e3o Preto e Regi\u00e3o"},"image":{"@id":"https:\/\/redenoticiaz.com.br\/ribeiraopreto-regiao\/#\/schema\/logo\/image\/"},"sameAs":["https:\/\/m.facebook.com\/redenoticiaz.barretos","https:\/\/x.com\/RN_barretos","https:\/\/www.instagram.com\/redenoticiaz.barretos\/?igshid=YmMyMTA2M2Y","https:\/\/www.linkedin.com\/company\/rede-noticiaz-barretos-e-regio\/"]},{"@type":"Person","@id":"","url":"https:\/\/redenoticiaz.com.br\/ribeiraopreto-regiao\/sp\/author"}]}},"_links":{"self":[{"href":"https:\/\/redenoticiaz.com.br\/ribeiraopreto-regiao\/wp-json\/wp\/v2\/posts\/91629","targetHints":{"allow":["GET"]}}],"collection":[{"href":"https:\/\/redenoticiaz.com.br\/ribeiraopreto-regiao\/wp-json\/wp\/v2\/posts"}],"about":[{"href":"https:\/\/redenoticiaz.com.br\/ribeiraopreto-regiao\/wp-json\/wp\/v2\/types\/post"}],"author":[{"embeddable":true,"href":"https:\/\/redenoticiaz.com.br\/ribeiraopreto-regiao\/wp-json\/wp\/v2\/users\/15"}],"replies":[{"embeddable":true,"href":"https:\/\/redenoticiaz.com.br\/ribeiraopreto-regiao\/wp-json\/wp\/v2\/comments?post=91629"}],"version-history":[{"count":1,"href":"https:\/\/redenoticiaz.com.br\/ribeiraopreto-regiao\/wp-json\/wp\/v2\/posts\/91629\/revisions"}],"predecessor-version":[{"id":91632,"href":"https:\/\/redenoticiaz.com.br\/ribeiraopreto-regiao\/wp-json\/wp\/v2\/posts\/91629\/revisions\/91632"}],"wp:featuredmedia":[{"embeddable":true,"href":"https:\/\/redenoticiaz.com.br\/ribeiraopreto-regiao\/wp-json\/wp\/v2\/media\/91631"}],"wp:attachment":[{"href":"https:\/\/redenoticiaz.com.br\/ribeiraopreto-regiao\/wp-json\/wp\/v2\/media?parent=91629"}],"wp:term":[{"taxonomy":"category","embeddable":true,"href":"https:\/\/redenoticiaz.com.br\/ribeiraopreto-regiao\/wp-json\/wp\/v2\/categories?post=91629"},{"taxonomy":"post_tag","embeddable":true,"href":"https:\/\/redenoticiaz.com.br\/ribeiraopreto-regiao\/wp-json\/wp\/v2\/tags?post=91629"}],"curies":[{"name":"wp","href":"https:\/\/api.w.org\/{rel}","templated":true}]}}