{"id":91667,"date":"2022-09-16T16:20:09","date_gmt":"2022-09-16T19:20:09","guid":{"rendered":"https:\/\/redenoticiaz.com.br\/barretos-regiao\/?p=91667"},"modified":"2022-09-16T16:20:09","modified_gmt":"2022-09-16T19:20:09","slug":"projeto-fabrica-de-esporte-reune-profissionais-dos-quatro-nucleos-em-guaira","status":"publish","type":"post","link":"https:\/\/redenoticiaz.com.br\/ribeiraopreto-regiao\/sp\/2022\/09\/16\/projeto-fabrica-de-esporte-reune-profissionais-dos-quatro-nucleos-em-guaira","title":{"rendered":"Projeto F\u00e1brica de Esporte re\u00fane profissionais dos quatro n\u00facleos em Gua\u00edra"},"content":{"rendered":"<p>Professores e estagi\u00e1rios que atuam no Projeto F\u00e1brica de Esporte 01 ano 03 dos n\u00facleos do Instituto Oswaldo Ribeiro de Mendon\u00e7a \u2013 IORM, em quatro munic\u00edpios, participaram da reuni\u00e3o realizada pelo coordenador do Projeto, Alex Souza, na sede do Instituto em Gua\u00edra, o Centro Cultural Colorado<\/p>\n<p><em>\u201cAgradecemos a toda a equipe pela contribui\u00e7\u00e3o decisiva dos nossos profissionais para o\u00a0desenvolvimento do projeto\u00a0 nas esferas t\u00e9cnica, t\u00e1tica, social, atuando em favor da\u00a0 sa\u00fade e educa\u00e7\u00e3o de todas as crian\u00e7as e adolescentes envolvidos. E aproveitamos para refor\u00e7ar aos profissionais que, mais do que ser um professor de quadra, \u00e9 indispens\u00e1vel que cada um pense nos alunos em sua totalidade, com uma abordagem de integralidade. Afinal, esse \u00e9 o prop\u00f3sito de um projeto social\u201d<\/em>, destacou o coordenador.<\/p>\n<p>Durante o encontro, a coordena\u00e7\u00e3o alinhou informa\u00e7\u00f5es sobre o dia a dia do projeto, como a elabora\u00e7\u00e3o e corre\u00e7\u00e3o dos relat\u00f3rios mensais e apresentou\u00a0 o cronograma proposto para o m\u00eas de setembro, tamb\u00e9m abordou as reavalia\u00e7\u00f5es a serem realizadas. O projeto dever\u00e1 ser finalizado em outubro, m\u00eas das crian\u00e7as, quando s\u00e3o promovidos eventos e competi\u00e7\u00f5es internas.<\/p>\n<p><strong>VEJA TAMB\u00c9M:\u00a0<a href=\"https:\/\/redenoticiaz.com.br\/barretos-regiao\/sp\/2022\/09\/13\/transporte-coletivo-municipal-abre-cadastro-geral-para-bilhete-eletronico\">Transporte Coletivo Municipal abre cadastro geral para Bilhete Eletr\u00f4nico<\/a><\/strong><\/p>\n","protected":false},"excerpt":{"rendered":"<p>Professores e estagi\u00e1rios que atuam no Projeto F\u00e1brica de Esporte 01 ano 03 dos n\u00facleos do Instituto Oswaldo Ribeiro de Mendon\u00e7a \u2013 IORM, em quatro munic\u00edpios, participaram da reuni\u00e3o realizada pelo coordenador do Projeto, Alex Souza, na sede do Instituto em Gua\u00edra, o Centro Cultural Colorado \u201cAgradecemos a toda a equipe pela contribui\u00e7\u00e3o decisiva dos &hellip;<\/p>\n","protected":false},"author":15,"featured_media":91670,"comment_status":"open","ping_status":"closed","sticky":false,"template":"","format":"standard","meta":{"footnotes":""},"categories":[87],"tags":[20336,150,1057,19535],"class_list":["post-91667","post","type-post","status-publish","format-standard","has-post-thumbnail","hentry","category-esporte","tag-centro-cultural","tag-esporte","tag-professor","tag-reuniao"],"yoast_head":"<!-- This site is optimized with the Yoast SEO plugin v27.4 - https:\/\/yoast.com\/product\/yoast-seo-wordpress\/ -->\n<title>Projeto F\u00e1brica de Esporte re\u00fane profissionais dos quatro n\u00facleos em Gua\u00edra - Ribeir\u00e3o Preto e Regi\u00e3o<\/title>\n<meta name=\"description\" content=\"Quatro munic\u00edpios, participaram da reuni\u00e3o realizada pelo coordenador do Projeto, Alex Souza, na sede do Instituto em Gua\u00edra.\" \/>\n<meta name=\"robots\" content=\"index, follow, max-snippet:-1, max-image-preview:large, max-video-preview:-1\" \/>\n<link rel=\"canonical\" href=\"https:\/\/redenoticiaz.com.br\/ribeiraopreto-regiao\/sp\/2022\/09\/16\/projeto-fabrica-de-esporte-reune-profissionais-dos-quatro-nucleos-em-guaira\" \/>\n<meta property=\"og:locale\" content=\"pt_BR\" \/>\n<meta property=\"og:type\" content=\"article\" \/>\n<meta property=\"og:title\" content=\"Projeto F\u00e1brica de Esporte re\u00fane profissionais dos quatro n\u00facleos em Gua\u00edra - Ribeir\u00e3o Preto e Regi\u00e3o\" \/>\n<meta property=\"og:description\" content=\"Quatro munic\u00edpios, participaram da reuni\u00e3o realizada pelo coordenador do Projeto, Alex Souza, na sede do Instituto em Gua\u00edra.\" \/>\n<meta property=\"og:url\" content=\"https:\/\/redenoticiaz.com.br\/ribeiraopreto-regiao\/sp\/2022\/09\/16\/projeto-fabrica-de-esporte-reune-profissionais-dos-quatro-nucleos-em-guaira\" \/>\n<meta property=\"og:site_name\" content=\"Ribeir\u00e3o Preto e Regi\u00e3o\" \/>\n<meta property=\"article:publisher\" content=\"https:\/\/m.facebook.com\/redenoticiaz.barretos\" \/>\n<meta property=\"article:published_time\" content=\"2022-09-16T19:20:09+00:00\" \/>\n<meta property=\"og:image\" content=\"https:\/\/redenoticiaz.com.br\/ribeiraopreto-regiao\/wp-content\/uploads\/sites\/4\/2022\/09\/Parte-da-Esuipe-300x225-1.jpg\" \/>\n\t<meta property=\"og:image:width\" content=\"300\" \/>\n\t<meta property=\"og:image:height\" content=\"225\" \/>\n\t<meta property=\"og:image:type\" content=\"image\/jpeg\" \/>\n<meta name=\"twitter:card\" content=\"summary_large_image\" \/>\n<meta name=\"twitter:creator\" content=\"@RN_barretos\" \/>\n<meta name=\"twitter:site\" content=\"@RN_barretos\" \/>\n<meta name=\"twitter:label1\" content=\"Escrito por\" \/>\n\t<meta name=\"twitter:data1\" content=\"\" \/>\n\t<meta name=\"twitter:label2\" content=\"Est. tempo de leitura\" \/>\n\t<meta name=\"twitter:data2\" content=\"2 minutos\" \/>\n<script type=\"application\/ld+json\" class=\"yoast-schema-graph\">{\"@context\":\"https:\\\/\\\/schema.org\",\"@graph\":[{\"@type\":\"Article\",\"@id\":\"https:\\\/\\\/redenoticiaz.com.br\\\/ribeiraopreto-regiao\\\/sp\\\/2022\\\/09\\\/16\\\/projeto-fabrica-de-esporte-reune-profissionais-dos-quatro-nucleos-em-guaira#article\",\"isPartOf\":{\"@id\":\"https:\\\/\\\/redenoticiaz.com.br\\\/ribeiraopreto-regiao\\\/sp\\\/2022\\\/09\\\/16\\\/projeto-fabrica-de-esporte-reune-profissionais-dos-quatro-nucleos-em-guaira\"},\"author\":{\"name\":\"\",\"@id\":\"\"},\"headline\":\"Projeto F\u00e1brica de Esporte re\u00fane profissionais dos quatro n\u00facleos em Gua\u00edra\",\"datePublished\":\"2022-09-16T19:20:09+00:00\",\"mainEntityOfPage\":{\"@id\":\"https:\\\/\\\/redenoticiaz.com.br\\\/ribeiraopreto-regiao\\\/sp\\\/2022\\\/09\\\/16\\\/projeto-fabrica-de-esporte-reune-profissionais-dos-quatro-nucleos-em-guaira\"},\"wordCount\":231,\"commentCount\":0,\"publisher\":{\"@id\":\"https:\\\/\\\/redenoticiaz.com.br\\\/ribeiraopreto-regiao\\\/#organization\"},\"image\":{\"@id\":\"https:\\\/\\\/redenoticiaz.com.br\\\/ribeiraopreto-regiao\\\/sp\\\/2022\\\/09\\\/16\\\/projeto-fabrica-de-esporte-reune-profissionais-dos-quatro-nucleos-em-guaira#primaryimage\"},\"thumbnailUrl\":\"https:\\\/\\\/redenoticiaz.com.br\\\/ribeiraopreto-regiao\\\/wp-content\\\/uploads\\\/sites\\\/4\\\/2022\\\/09\\\/Parte-da-Esuipe-300x225-1.jpg\",\"keywords\":[\"CENTRO CULTURAL\",\"ESPORTE\",\"PROFESSOR\",\"REUNI\u00c3O\"],\"articleSection\":[\"Esporte\"],\"inLanguage\":\"pt-BR\",\"potentialAction\":[{\"@type\":\"CommentAction\",\"name\":\"Comment\",\"target\":[\"https:\\\/\\\/redenoticiaz.com.br\\\/ribeiraopreto-regiao\\\/sp\\\/2022\\\/09\\\/16\\\/projeto-fabrica-de-esporte-reune-profissionais-dos-quatro-nucleos-em-guaira#respond\"]}]},{\"@type\":\"WebPage\",\"@id\":\"https:\\\/\\\/redenoticiaz.com.br\\\/ribeiraopreto-regiao\\\/sp\\\/2022\\\/09\\\/16\\\/projeto-fabrica-de-esporte-reune-profissionais-dos-quatro-nucleos-em-guaira\",\"url\":\"https:\\\/\\\/redenoticiaz.com.br\\\/ribeiraopreto-regiao\\\/sp\\\/2022\\\/09\\\/16\\\/projeto-fabrica-de-esporte-reune-profissionais-dos-quatro-nucleos-em-guaira\",\"name\":\"Projeto F\u00e1brica de Esporte re\u00fane profissionais dos quatro n\u00facleos em Gua\u00edra - Ribeir\u00e3o Preto e Regi\u00e3o\",\"isPartOf\":{\"@id\":\"https:\\\/\\\/redenoticiaz.com.br\\\/ribeiraopreto-regiao\\\/#website\"},\"primaryImageOfPage\":{\"@id\":\"https:\\\/\\\/redenoticiaz.com.br\\\/ribeiraopreto-regiao\\\/sp\\\/2022\\\/09\\\/16\\\/projeto-fabrica-de-esporte-reune-profissionais-dos-quatro-nucleos-em-guaira#primaryimage\"},\"image\":{\"@id\":\"https:\\\/\\\/redenoticiaz.com.br\\\/ribeiraopreto-regiao\\\/sp\\\/2022\\\/09\\\/16\\\/projeto-fabrica-de-esporte-reune-profissionais-dos-quatro-nucleos-em-guaira#primaryimage\"},\"thumbnailUrl\":\"https:\\\/\\\/redenoticiaz.com.br\\\/ribeiraopreto-regiao\\\/wp-content\\\/uploads\\\/sites\\\/4\\\/2022\\\/09\\\/Parte-da-Esuipe-300x225-1.jpg\",\"datePublished\":\"2022-09-16T19:20:09+00:00\",\"description\":\"Quatro munic\u00edpios, participaram da reuni\u00e3o realizada pelo coordenador do Projeto, Alex Souza, na sede do Instituto em Gua\u00edra.\",\"inLanguage\":\"pt-BR\",\"potentialAction\":[{\"@type\":\"ReadAction\",\"target\":[\"https:\\\/\\\/redenoticiaz.com.br\\\/ribeiraopreto-regiao\\\/sp\\\/2022\\\/09\\\/16\\\/projeto-fabrica-de-esporte-reune-profissionais-dos-quatro-nucleos-em-guaira\"]}]},{\"@type\":\"ImageObject\",\"inLanguage\":\"pt-BR\",\"@id\":\"https:\\\/\\\/redenoticiaz.com.br\\\/ribeiraopreto-regiao\\\/sp\\\/2022\\\/09\\\/16\\\/projeto-fabrica-de-esporte-reune-profissionais-dos-quatro-nucleos-em-guaira#primaryimage\",\"url\":\"https:\\\/\\\/redenoticiaz.com.br\\\/ribeiraopreto-regiao\\\/wp-content\\\/uploads\\\/sites\\\/4\\\/2022\\\/09\\\/Parte-da-Esuipe-300x225-1.jpg\",\"contentUrl\":\"https:\\\/\\\/redenoticiaz.com.br\\\/ribeiraopreto-regiao\\\/wp-content\\\/uploads\\\/sites\\\/4\\\/2022\\\/09\\\/Parte-da-Esuipe-300x225-1.jpg\",\"width\":300,\"height\":225,\"caption\":\"Centro Cultural Colorado. Cr\u00e9dito: Reprodu\u00e7\u00e3o\"},{\"@type\":\"WebSite\",\"@id\":\"https:\\\/\\\/redenoticiaz.com.br\\\/ribeiraopreto-regiao\\\/#website\",\"url\":\"https:\\\/\\\/redenoticiaz.com.br\\\/ribeiraopreto-regiao\\\/\",\"name\":\"Ribeir\u00e3o Preto e Regi\u00e3o\",\"description\":\"Rede NoticiaZ - Ribeir\u00e3o Preto e regi\u00e3o\",\"publisher\":{\"@id\":\"https:\\\/\\\/redenoticiaz.com.br\\\/ribeiraopreto-regiao\\\/#organization\"},\"potentialAction\":[{\"@type\":\"SearchAction\",\"target\":{\"@type\":\"EntryPoint\",\"urlTemplate\":\"https:\\\/\\\/redenoticiaz.com.br\\\/ribeiraopreto-regiao\\\/?s={search_term_string}\"},\"query-input\":{\"@type\":\"PropertyValueSpecification\",\"valueRequired\":true,\"valueName\":\"search_term_string\"}}],\"inLanguage\":\"pt-BR\"},{\"@type\":\"Organization\",\"@id\":\"https:\\\/\\\/redenoticiaz.com.br\\\/ribeiraopreto-regiao\\\/#organization\",\"name\":\"Ribeir\u00e3o Preto e Regi\u00e3o\",\"url\":\"https:\\\/\\\/redenoticiaz.com.br\\\/ribeiraopreto-regiao\\\/\",\"logo\":{\"@type\":\"ImageObject\",\"inLanguage\":\"pt-BR\",\"@id\":\"https:\\\/\\\/redenoticiaz.com.br\\\/ribeiraopreto-regiao\\\/#\\\/schema\\\/logo\\\/image\\\/\",\"url\":\"https:\\\/\\\/redenoticiaz.com.br\\\/barretos-regiao\\\/wp-content\\\/uploads\\\/sites\\\/4\\\/2022\\\/02\\\/logo.jpg\",\"contentUrl\":\"https:\\\/\\\/redenoticiaz.com.br\\\/barretos-regiao\\\/wp-content\\\/uploads\\\/sites\\\/4\\\/2022\\\/02\\\/logo.jpg\",\"width\":400,\"height\":250,\"caption\":\"Ribeir\u00e3o Preto e Regi\u00e3o\"},\"image\":{\"@id\":\"https:\\\/\\\/redenoticiaz.com.br\\\/ribeiraopreto-regiao\\\/#\\\/schema\\\/logo\\\/image\\\/\"},\"sameAs\":[\"https:\\\/\\\/m.facebook.com\\\/redenoticiaz.barretos\",\"https:\\\/\\\/x.com\\\/RN_barretos\",\"https:\\\/\\\/www.instagram.com\\\/redenoticiaz.barretos\\\/?igshid=YmMyMTA2M2Y\",\"https:\\\/\\\/www.linkedin.com\\\/company\\\/rede-noticiaz-barretos-e-regio\\\/\"]},{\"@type\":\"Person\",\"@id\":\"\",\"url\":\"https:\\\/\\\/redenoticiaz.com.br\\\/ribeiraopreto-regiao\\\/sp\\\/author\"}]}<\/script>\n<!-- \/ Yoast SEO plugin. -->","yoast_head_json":{"title":"Projeto F\u00e1brica de Esporte re\u00fane profissionais dos quatro n\u00facleos em Gua\u00edra - Ribeir\u00e3o Preto e Regi\u00e3o","description":"Quatro munic\u00edpios, participaram da reuni\u00e3o realizada pelo coordenador do Projeto, Alex Souza, na sede do Instituto em Gua\u00edra.","robots":{"index":"index","follow":"follow","max-snippet":"max-snippet:-1","max-image-preview":"max-image-preview:large","max-video-preview":"max-video-preview:-1"},"canonical":"https:\/\/redenoticiaz.com.br\/ribeiraopreto-regiao\/sp\/2022\/09\/16\/projeto-fabrica-de-esporte-reune-profissionais-dos-quatro-nucleos-em-guaira","og_locale":"pt_BR","og_type":"article","og_title":"Projeto F\u00e1brica de Esporte re\u00fane profissionais dos quatro n\u00facleos em Gua\u00edra - Ribeir\u00e3o Preto e Regi\u00e3o","og_description":"Quatro munic\u00edpios, participaram da reuni\u00e3o realizada pelo coordenador do Projeto, Alex Souza, na sede do Instituto em Gua\u00edra.","og_url":"https:\/\/redenoticiaz.com.br\/ribeiraopreto-regiao\/sp\/2022\/09\/16\/projeto-fabrica-de-esporte-reune-profissionais-dos-quatro-nucleos-em-guaira","og_site_name":"Ribeir\u00e3o Preto e Regi\u00e3o","article_publisher":"https:\/\/m.facebook.com\/redenoticiaz.barretos","article_published_time":"2022-09-16T19:20:09+00:00","og_image":[{"width":300,"height":225,"url":"https:\/\/redenoticiaz.com.br\/ribeiraopreto-regiao\/wp-content\/uploads\/sites\/4\/2022\/09\/Parte-da-Esuipe-300x225-1.jpg","type":"image\/jpeg"}],"twitter_card":"summary_large_image","twitter_creator":"@RN_barretos","twitter_site":"@RN_barretos","twitter_misc":{"Escrito por":"","Est. tempo de leitura":"2 minutos"},"schema":{"@context":"https:\/\/schema.org","@graph":[{"@type":"Article","@id":"https:\/\/redenoticiaz.com.br\/ribeiraopreto-regiao\/sp\/2022\/09\/16\/projeto-fabrica-de-esporte-reune-profissionais-dos-quatro-nucleos-em-guaira#article","isPartOf":{"@id":"https:\/\/redenoticiaz.com.br\/ribeiraopreto-regiao\/sp\/2022\/09\/16\/projeto-fabrica-de-esporte-reune-profissionais-dos-quatro-nucleos-em-guaira"},"author":{"name":"","@id":""},"headline":"Projeto F\u00e1brica de Esporte re\u00fane profissionais dos quatro n\u00facleos em Gua\u00edra","datePublished":"2022-09-16T19:20:09+00:00","mainEntityOfPage":{"@id":"https:\/\/redenoticiaz.com.br\/ribeiraopreto-regiao\/sp\/2022\/09\/16\/projeto-fabrica-de-esporte-reune-profissionais-dos-quatro-nucleos-em-guaira"},"wordCount":231,"commentCount":0,"publisher":{"@id":"https:\/\/redenoticiaz.com.br\/ribeiraopreto-regiao\/#organization"},"image":{"@id":"https:\/\/redenoticiaz.com.br\/ribeiraopreto-regiao\/sp\/2022\/09\/16\/projeto-fabrica-de-esporte-reune-profissionais-dos-quatro-nucleos-em-guaira#primaryimage"},"thumbnailUrl":"https:\/\/redenoticiaz.com.br\/ribeiraopreto-regiao\/wp-content\/uploads\/sites\/4\/2022\/09\/Parte-da-Esuipe-300x225-1.jpg","keywords":["CENTRO CULTURAL","ESPORTE","PROFESSOR","REUNI\u00c3O"],"articleSection":["Esporte"],"inLanguage":"pt-BR","potentialAction":[{"@type":"CommentAction","name":"Comment","target":["https:\/\/redenoticiaz.com.br\/ribeiraopreto-regiao\/sp\/2022\/09\/16\/projeto-fabrica-de-esporte-reune-profissionais-dos-quatro-nucleos-em-guaira#respond"]}]},{"@type":"WebPage","@id":"https:\/\/redenoticiaz.com.br\/ribeiraopreto-regiao\/sp\/2022\/09\/16\/projeto-fabrica-de-esporte-reune-profissionais-dos-quatro-nucleos-em-guaira","url":"https:\/\/redenoticiaz.com.br\/ribeiraopreto-regiao\/sp\/2022\/09\/16\/projeto-fabrica-de-esporte-reune-profissionais-dos-quatro-nucleos-em-guaira","name":"Projeto F\u00e1brica de Esporte re\u00fane profissionais dos quatro n\u00facleos em Gua\u00edra - Ribeir\u00e3o Preto e Regi\u00e3o","isPartOf":{"@id":"https:\/\/redenoticiaz.com.br\/ribeiraopreto-regiao\/#website"},"primaryImageOfPage":{"@id":"https:\/\/redenoticiaz.com.br\/ribeiraopreto-regiao\/sp\/2022\/09\/16\/projeto-fabrica-de-esporte-reune-profissionais-dos-quatro-nucleos-em-guaira#primaryimage"},"image":{"@id":"https:\/\/redenoticiaz.com.br\/ribeiraopreto-regiao\/sp\/2022\/09\/16\/projeto-fabrica-de-esporte-reune-profissionais-dos-quatro-nucleos-em-guaira#primaryimage"},"thumbnailUrl":"https:\/\/redenoticiaz.com.br\/ribeiraopreto-regiao\/wp-content\/uploads\/sites\/4\/2022\/09\/Parte-da-Esuipe-300x225-1.jpg","datePublished":"2022-09-16T19:20:09+00:00","description":"Quatro munic\u00edpios, participaram da reuni\u00e3o realizada pelo coordenador do Projeto, Alex Souza, na sede do Instituto em Gua\u00edra.","inLanguage":"pt-BR","potentialAction":[{"@type":"ReadAction","target":["https:\/\/redenoticiaz.com.br\/ribeiraopreto-regiao\/sp\/2022\/09\/16\/projeto-fabrica-de-esporte-reune-profissionais-dos-quatro-nucleos-em-guaira"]}]},{"@type":"ImageObject","inLanguage":"pt-BR","@id":"https:\/\/redenoticiaz.com.br\/ribeiraopreto-regiao\/sp\/2022\/09\/16\/projeto-fabrica-de-esporte-reune-profissionais-dos-quatro-nucleos-em-guaira#primaryimage","url":"https:\/\/redenoticiaz.com.br\/ribeiraopreto-regiao\/wp-content\/uploads\/sites\/4\/2022\/09\/Parte-da-Esuipe-300x225-1.jpg","contentUrl":"https:\/\/redenoticiaz.com.br\/ribeiraopreto-regiao\/wp-content\/uploads\/sites\/4\/2022\/09\/Parte-da-Esuipe-300x225-1.jpg","width":300,"height":225,"caption":"Centro Cultural Colorado. Cr\u00e9dito: Reprodu\u00e7\u00e3o"},{"@type":"WebSite","@id":"https:\/\/redenoticiaz.com.br\/ribeiraopreto-regiao\/#website","url":"https:\/\/redenoticiaz.com.br\/ribeiraopreto-regiao\/","name":"Ribeir\u00e3o Preto e Regi\u00e3o","description":"Rede NoticiaZ - Ribeir\u00e3o Preto e regi\u00e3o","publisher":{"@id":"https:\/\/redenoticiaz.com.br\/ribeiraopreto-regiao\/#organization"},"potentialAction":[{"@type":"SearchAction","target":{"@type":"EntryPoint","urlTemplate":"https:\/\/redenoticiaz.com.br\/ribeiraopreto-regiao\/?s={search_term_string}"},"query-input":{"@type":"PropertyValueSpecification","valueRequired":true,"valueName":"search_term_string"}}],"inLanguage":"pt-BR"},{"@type":"Organization","@id":"https:\/\/redenoticiaz.com.br\/ribeiraopreto-regiao\/#organization","name":"Ribeir\u00e3o Preto e Regi\u00e3o","url":"https:\/\/redenoticiaz.com.br\/ribeiraopreto-regiao\/","logo":{"@type":"ImageObject","inLanguage":"pt-BR","@id":"https:\/\/redenoticiaz.com.br\/ribeiraopreto-regiao\/#\/schema\/logo\/image\/","url":"https:\/\/redenoticiaz.com.br\/barretos-regiao\/wp-content\/uploads\/sites\/4\/2022\/02\/logo.jpg","contentUrl":"https:\/\/redenoticiaz.com.br\/barretos-regiao\/wp-content\/uploads\/sites\/4\/2022\/02\/logo.jpg","width":400,"height":250,"caption":"Ribeir\u00e3o Preto e Regi\u00e3o"},"image":{"@id":"https:\/\/redenoticiaz.com.br\/ribeiraopreto-regiao\/#\/schema\/logo\/image\/"},"sameAs":["https:\/\/m.facebook.com\/redenoticiaz.barretos","https:\/\/x.com\/RN_barretos","https:\/\/www.instagram.com\/redenoticiaz.barretos\/?igshid=YmMyMTA2M2Y","https:\/\/www.linkedin.com\/company\/rede-noticiaz-barretos-e-regio\/"]},{"@type":"Person","@id":"","url":"https:\/\/redenoticiaz.com.br\/ribeiraopreto-regiao\/sp\/author"}]}},"_links":{"self":[{"href":"https:\/\/redenoticiaz.com.br\/ribeiraopreto-regiao\/wp-json\/wp\/v2\/posts\/91667","targetHints":{"allow":["GET"]}}],"collection":[{"href":"https:\/\/redenoticiaz.com.br\/ribeiraopreto-regiao\/wp-json\/wp\/v2\/posts"}],"about":[{"href":"https:\/\/redenoticiaz.com.br\/ribeiraopreto-regiao\/wp-json\/wp\/v2\/types\/post"}],"author":[{"embeddable":true,"href":"https:\/\/redenoticiaz.com.br\/ribeiraopreto-regiao\/wp-json\/wp\/v2\/users\/15"}],"replies":[{"embeddable":true,"href":"https:\/\/redenoticiaz.com.br\/ribeiraopreto-regiao\/wp-json\/wp\/v2\/comments?post=91667"}],"version-history":[{"count":1,"href":"https:\/\/redenoticiaz.com.br\/ribeiraopreto-regiao\/wp-json\/wp\/v2\/posts\/91667\/revisions"}],"predecessor-version":[{"id":91671,"href":"https:\/\/redenoticiaz.com.br\/ribeiraopreto-regiao\/wp-json\/wp\/v2\/posts\/91667\/revisions\/91671"}],"wp:featuredmedia":[{"embeddable":true,"href":"https:\/\/redenoticiaz.com.br\/ribeiraopreto-regiao\/wp-json\/wp\/v2\/media\/91670"}],"wp:attachment":[{"href":"https:\/\/redenoticiaz.com.br\/ribeiraopreto-regiao\/wp-json\/wp\/v2\/media?parent=91667"}],"wp:term":[{"taxonomy":"category","embeddable":true,"href":"https:\/\/redenoticiaz.com.br\/ribeiraopreto-regiao\/wp-json\/wp\/v2\/categories?post=91667"},{"taxonomy":"post_tag","embeddable":true,"href":"https:\/\/redenoticiaz.com.br\/ribeiraopreto-regiao\/wp-json\/wp\/v2\/tags?post=91667"}],"curies":[{"name":"wp","href":"https:\/\/api.w.org\/{rel}","templated":true}]}}