{"id":91668,"date":"2022-09-18T10:00:04","date_gmt":"2022-09-18T13:00:04","guid":{"rendered":"https:\/\/redenoticiaz.com.br\/barretos-regiao\/?p=91668"},"modified":"2022-09-16T16:15:44","modified_gmt":"2022-09-16T19:15:44","slug":"ram-classic-da-volkswagen-tem-quase-15-mil-unidades-vendidas-apos-lancamento","status":"publish","type":"post","link":"https:\/\/redenoticiaz.com.br\/ribeiraopreto-regiao\/sp\/2022\/09\/18\/ram-classic-da-volkswagen-tem-quase-15-mil-unidades-vendidas-apos-lancamento","title":{"rendered":"Ram Classic da Volkswagen tem quase 1,5 mil unidades vendidas ap\u00f3s lan\u00e7amento"},"content":{"rendered":"<p>Anunciada oficialmente em agosto, a <strong><u>Ram Classic<\/u> <\/strong>est\u00e1 seguindo os passos das outras picapes de poder inigual\u00e1vel da marca ao conquistar sucesso imediato no lan\u00e7amento. E em pouco tempo, 1.465 unidades foram comercializadas logo ap\u00f3s a <em>live<\/em> oficial, realizada \u00e0s 18h dessa quinta-feira (15)<strong>.<\/strong><\/p>\n<p>Tamanho \u00eaxito instant\u00e2neo n\u00e3o \u00e9 novidade para a marca, que vendeu 1.109 unidades da Ram 3500 em apenas 5 horas de lan\u00e7amento, em mar\u00e7o deste ano. Em maio do ano passado, a Ram 2500 Rodeo levou 10 horas para esgotar o lote \u00fanico de 100 unidades. E a Ram 1500 Rebel teve a mesma quantidade comercializada em 18 horas, em dezembro de 2020.<\/p>\n<p>\u201cComo vem se tornando comum, temos mais um lan\u00e7amento que supera as nossas expectativas\u201d, afirma Breno Kamei, vice-presidente da Ram para a Am\u00e9rica do Sul. \u201cA Ram Classic \u00e9 a nova porta de entrada da marca no Brasil e representa outro passo no nosso processo de expans\u00e3o no pa\u00eds.\u201d<\/p>\n<p>A vinda da nova picape confirma a previs\u00e3o de que 2022 seja o melhor ano da Ram no Brasil. \u201cA Ram Classic chegou com tudo para refor\u00e7ar nossas vendas, que continuam superaquecidas e v\u00e3o resultar em mais um ano recorde para a marca. Logo no primeiro dia consumimos todo o volume previsto para esse semestre, um sucesso fenomenal\u201d, diz Everton Kurdejak, vice-presidente de Opera\u00e7\u00f5es Comerciais da Ram para o Brasil.<\/p>\n<p>Impulsionada pelo ic\u00f4nico motor HEMI\u00ae de 400 cv, a Ram Classic \u00e9 a mais potente da categoria, ao lado da Ram 1500 Rebel. A picape traz uma longa lista de s\u00e9rie como ar-condicionado digital de duas zonas, bancos el\u00e9tricos com aquecimento e ventila\u00e7\u00e3o, central Uconnect de 8,4 polegadas com Apple CarPlay e Android Auto, rodas aro 20&#8243; e som premium Alpine.<\/p>\n<p>Para conhecer tudo sobre a Ram Classic em detalhes, <a href=\"https:\/\/www.media.stellantis.com\/br-pt\/ram\/press\/ram-classic-mais-uma-muscle-truck-de-respeito-da-marca-do-poder-inigualavel\" target=\"_blank\" rel=\"noopener noreferrer\"><u>clique aqui<\/u><\/a>.<\/p>\n<p><strong>LEIA TAMB\u00c9M<\/strong><\/p>\n<p><a href=\"https:\/\/redenoticiaz.com.br\/blog\/2022\/09\/16\/prefeitura-de-jundiai-discute-melhorias-na-mobilidade-com-a-ccr-autoban\">Prefeitura de Jundia\u00ed discute melhorias na mobilidade com a CCR AutoBAn<\/a><\/p>\n","protected":false},"excerpt":{"rendered":"<p>Anunciada oficialmente em agosto, a Ram Classic est\u00e1 seguindo os passos das outras picapes de poder inigual\u00e1vel da marca ao conquistar sucesso imediato no lan\u00e7amento. E em pouco tempo, 1.465 unidades foram comercializadas logo ap\u00f3s a live oficial, realizada \u00e0s 18h dessa quinta-feira (15). Tamanho \u00eaxito instant\u00e2neo n\u00e3o \u00e9 novidade para a marca, que vendeu &hellip;<\/p>\n","protected":false},"author":6,"featured_media":91669,"comment_status":"open","ping_status":"closed","sticky":false,"template":"","format":"standard","meta":{"footnotes":""},"categories":[185],"tags":[20333,14953,20334,472,20335],"class_list":["post-91668","post","type-post","status-publish","format-standard","has-post-thumbnail","hentry","category-garagem-az","tag-carro-picape","tag-lancamento","tag-ram-classic","tag-vendas","tag-volkswagen"],"yoast_head":"<!-- This site is optimized with the Yoast SEO plugin v27.4 - https:\/\/yoast.com\/product\/yoast-seo-wordpress\/ -->\n<title>Ram Classic da Volkswagen tem quase 1,5 mil unidades vendidas ap\u00f3s lan\u00e7amento - Ribeir\u00e3o Preto e Regi\u00e3o<\/title>\n<meta name=\"description\" content=\"Anunciada oficialmente em agosto, a Ram Classic est\u00e1 seguindo os passos das outras picapes de poder inigual\u00e1vel da marca\" \/>\n<meta name=\"robots\" content=\"index, follow, max-snippet:-1, max-image-preview:large, max-video-preview:-1\" \/>\n<link rel=\"canonical\" href=\"https:\/\/redenoticiaz.com.br\/ribeiraopreto-regiao\/sp\/2022\/09\/18\/ram-classic-da-volkswagen-tem-quase-15-mil-unidades-vendidas-apos-lancamento\" \/>\n<meta property=\"og:locale\" content=\"pt_BR\" \/>\n<meta property=\"og:type\" content=\"article\" \/>\n<meta property=\"og:title\" content=\"Ram Classic da Volkswagen tem quase 1,5 mil unidades vendidas ap\u00f3s lan\u00e7amento - Ribeir\u00e3o Preto e Regi\u00e3o\" \/>\n<meta property=\"og:description\" content=\"Anunciada oficialmente em agosto, a Ram Classic est\u00e1 seguindo os passos das outras picapes de poder inigual\u00e1vel da marca\" \/>\n<meta property=\"og:url\" content=\"https:\/\/redenoticiaz.com.br\/ribeiraopreto-regiao\/sp\/2022\/09\/18\/ram-classic-da-volkswagen-tem-quase-15-mil-unidades-vendidas-apos-lancamento\" \/>\n<meta property=\"og:site_name\" content=\"Ribeir\u00e3o Preto e Regi\u00e3o\" \/>\n<meta property=\"article:publisher\" content=\"https:\/\/m.facebook.com\/redenoticiaz.barretos\" \/>\n<meta property=\"article:published_time\" content=\"2022-09-18T13:00:04+00:00\" \/>\n<meta property=\"og:image\" content=\"https:\/\/redenoticiaz.com.br\/ribeiraopreto-regiao\/wp-content\/uploads\/sites\/4\/2022\/02\/logo.jpg\" \/>\n\t<meta property=\"og:image:width\" content=\"400\" \/>\n\t<meta property=\"og:image:height\" content=\"250\" \/>\n\t<meta property=\"og:image:type\" content=\"image\/jpeg\" \/>\n<meta name=\"author\" content=\"Leonardo Francisco\" \/>\n<meta name=\"twitter:card\" content=\"summary_large_image\" \/>\n<meta name=\"twitter:creator\" content=\"@RN_barretos\" \/>\n<meta name=\"twitter:site\" content=\"@RN_barretos\" \/>\n<meta name=\"twitter:label1\" content=\"Escrito por\" \/>\n\t<meta name=\"twitter:data1\" content=\"Leonardo Francisco\" \/>\n\t<meta name=\"twitter:label2\" content=\"Est. tempo de leitura\" \/>\n\t<meta name=\"twitter:data2\" content=\"2 minutos\" \/>\n<script type=\"application\/ld+json\" class=\"yoast-schema-graph\">{\"@context\":\"https:\\\/\\\/schema.org\",\"@graph\":[{\"@type\":\"Article\",\"@id\":\"https:\\\/\\\/redenoticiaz.com.br\\\/ribeiraopreto-regiao\\\/sp\\\/2022\\\/09\\\/18\\\/ram-classic-da-volkswagen-tem-quase-15-mil-unidades-vendidas-apos-lancamento#article\",\"isPartOf\":{\"@id\":\"https:\\\/\\\/redenoticiaz.com.br\\\/ribeiraopreto-regiao\\\/sp\\\/2022\\\/09\\\/18\\\/ram-classic-da-volkswagen-tem-quase-15-mil-unidades-vendidas-apos-lancamento\"},\"author\":{\"name\":\"Leonardo Francisco\",\"@id\":\"https:\\\/\\\/redenoticiaz.com.br\\\/ribeiraopreto-regiao\\\/#\\\/schema\\\/person\\\/0f0b8a5bdafefe82841e07ae8d81ecb3\"},\"headline\":\"Ram Classic da Volkswagen tem quase 1,5 mil unidades vendidas ap\u00f3s lan\u00e7amento\",\"datePublished\":\"2022-09-18T13:00:04+00:00\",\"mainEntityOfPage\":{\"@id\":\"https:\\\/\\\/redenoticiaz.com.br\\\/ribeiraopreto-regiao\\\/sp\\\/2022\\\/09\\\/18\\\/ram-classic-da-volkswagen-tem-quase-15-mil-unidades-vendidas-apos-lancamento\"},\"wordCount\":325,\"commentCount\":0,\"publisher\":{\"@id\":\"https:\\\/\\\/redenoticiaz.com.br\\\/ribeiraopreto-regiao\\\/#organization\"},\"image\":{\"@id\":\"https:\\\/\\\/redenoticiaz.com.br\\\/ribeiraopreto-regiao\\\/sp\\\/2022\\\/09\\\/18\\\/ram-classic-da-volkswagen-tem-quase-15-mil-unidades-vendidas-apos-lancamento#primaryimage\"},\"thumbnailUrl\":\"https:\\\/\\\/redenoticiaz.com.br\\\/ribeiraopreto-regiao\\\/wp-content\\\/uploads\\\/sites\\\/4\\\/2022\\\/09\\\/ram.jpeg?v=1663355695\",\"keywords\":[\"CARRO PICAPE\",\"LAN\u00c7AMENTO\",\"RAM CLASSIC\",\"VENDAS\",\"volkswagen\"],\"articleSection\":[\"Garagem AZ\"],\"inLanguage\":\"pt-BR\",\"potentialAction\":[{\"@type\":\"CommentAction\",\"name\":\"Comment\",\"target\":[\"https:\\\/\\\/redenoticiaz.com.br\\\/ribeiraopreto-regiao\\\/sp\\\/2022\\\/09\\\/18\\\/ram-classic-da-volkswagen-tem-quase-15-mil-unidades-vendidas-apos-lancamento#respond\"]}]},{\"@type\":\"WebPage\",\"@id\":\"https:\\\/\\\/redenoticiaz.com.br\\\/ribeiraopreto-regiao\\\/sp\\\/2022\\\/09\\\/18\\\/ram-classic-da-volkswagen-tem-quase-15-mil-unidades-vendidas-apos-lancamento\",\"url\":\"https:\\\/\\\/redenoticiaz.com.br\\\/ribeiraopreto-regiao\\\/sp\\\/2022\\\/09\\\/18\\\/ram-classic-da-volkswagen-tem-quase-15-mil-unidades-vendidas-apos-lancamento\",\"name\":\"Ram Classic da Volkswagen tem quase 1,5 mil unidades vendidas ap\u00f3s lan\u00e7amento - Ribeir\u00e3o Preto e Regi\u00e3o\",\"isPartOf\":{\"@id\":\"https:\\\/\\\/redenoticiaz.com.br\\\/ribeiraopreto-regiao\\\/#website\"},\"primaryImageOfPage\":{\"@id\":\"https:\\\/\\\/redenoticiaz.com.br\\\/ribeiraopreto-regiao\\\/sp\\\/2022\\\/09\\\/18\\\/ram-classic-da-volkswagen-tem-quase-15-mil-unidades-vendidas-apos-lancamento#primaryimage\"},\"image\":{\"@id\":\"https:\\\/\\\/redenoticiaz.com.br\\\/ribeiraopreto-regiao\\\/sp\\\/2022\\\/09\\\/18\\\/ram-classic-da-volkswagen-tem-quase-15-mil-unidades-vendidas-apos-lancamento#primaryimage\"},\"thumbnailUrl\":\"https:\\\/\\\/redenoticiaz.com.br\\\/ribeiraopreto-regiao\\\/wp-content\\\/uploads\\\/sites\\\/4\\\/2022\\\/09\\\/ram.jpeg?v=1663355695\",\"datePublished\":\"2022-09-18T13:00:04+00:00\",\"description\":\"Anunciada oficialmente em agosto, a Ram Classic est\u00e1 seguindo os passos das outras picapes de poder inigual\u00e1vel da marca\",\"inLanguage\":\"pt-BR\",\"potentialAction\":[{\"@type\":\"ReadAction\",\"target\":[\"https:\\\/\\\/redenoticiaz.com.br\\\/ribeiraopreto-regiao\\\/sp\\\/2022\\\/09\\\/18\\\/ram-classic-da-volkswagen-tem-quase-15-mil-unidades-vendidas-apos-lancamento\"]}]},{\"@type\":\"ImageObject\",\"inLanguage\":\"pt-BR\",\"@id\":\"https:\\\/\\\/redenoticiaz.com.br\\\/ribeiraopreto-regiao\\\/sp\\\/2022\\\/09\\\/18\\\/ram-classic-da-volkswagen-tem-quase-15-mil-unidades-vendidas-apos-lancamento#primaryimage\",\"url\":\"https:\\\/\\\/redenoticiaz.com.br\\\/ribeiraopreto-regiao\\\/wp-content\\\/uploads\\\/sites\\\/4\\\/2022\\\/09\\\/ram.jpeg?v=1663355695\",\"contentUrl\":\"https:\\\/\\\/redenoticiaz.com.br\\\/ribeiraopreto-regiao\\\/wp-content\\\/uploads\\\/sites\\\/4\\\/2022\\\/09\\\/ram.jpeg?v=1663355695\",\"width\":1170,\"height\":740,\"caption\":\"Cr\u00e9ditos: Divulga\u00e7\u00e3o\"},{\"@type\":\"WebSite\",\"@id\":\"https:\\\/\\\/redenoticiaz.com.br\\\/ribeiraopreto-regiao\\\/#website\",\"url\":\"https:\\\/\\\/redenoticiaz.com.br\\\/ribeiraopreto-regiao\\\/\",\"name\":\"Ribeir\u00e3o Preto e Regi\u00e3o\",\"description\":\"Rede NoticiaZ - Ribeir\u00e3o Preto e regi\u00e3o\",\"publisher\":{\"@id\":\"https:\\\/\\\/redenoticiaz.com.br\\\/ribeiraopreto-regiao\\\/#organization\"},\"potentialAction\":[{\"@type\":\"SearchAction\",\"target\":{\"@type\":\"EntryPoint\",\"urlTemplate\":\"https:\\\/\\\/redenoticiaz.com.br\\\/ribeiraopreto-regiao\\\/?s={search_term_string}\"},\"query-input\":{\"@type\":\"PropertyValueSpecification\",\"valueRequired\":true,\"valueName\":\"search_term_string\"}}],\"inLanguage\":\"pt-BR\"},{\"@type\":\"Organization\",\"@id\":\"https:\\\/\\\/redenoticiaz.com.br\\\/ribeiraopreto-regiao\\\/#organization\",\"name\":\"Ribeir\u00e3o Preto e Regi\u00e3o\",\"url\":\"https:\\\/\\\/redenoticiaz.com.br\\\/ribeiraopreto-regiao\\\/\",\"logo\":{\"@type\":\"ImageObject\",\"inLanguage\":\"pt-BR\",\"@id\":\"https:\\\/\\\/redenoticiaz.com.br\\\/ribeiraopreto-regiao\\\/#\\\/schema\\\/logo\\\/image\\\/\",\"url\":\"https:\\\/\\\/redenoticiaz.com.br\\\/barretos-regiao\\\/wp-content\\\/uploads\\\/sites\\\/4\\\/2022\\\/02\\\/logo.jpg\",\"contentUrl\":\"https:\\\/\\\/redenoticiaz.com.br\\\/barretos-regiao\\\/wp-content\\\/uploads\\\/sites\\\/4\\\/2022\\\/02\\\/logo.jpg\",\"width\":400,\"height\":250,\"caption\":\"Ribeir\u00e3o Preto e Regi\u00e3o\"},\"image\":{\"@id\":\"https:\\\/\\\/redenoticiaz.com.br\\\/ribeiraopreto-regiao\\\/#\\\/schema\\\/logo\\\/image\\\/\"},\"sameAs\":[\"https:\\\/\\\/m.facebook.com\\\/redenoticiaz.barretos\",\"https:\\\/\\\/x.com\\\/RN_barretos\",\"https:\\\/\\\/www.instagram.com\\\/redenoticiaz.barretos\\\/?igshid=YmMyMTA2M2Y\",\"https:\\\/\\\/www.linkedin.com\\\/company\\\/rede-noticiaz-barretos-e-regio\\\/\"]},{\"@type\":\"Person\",\"@id\":\"https:\\\/\\\/redenoticiaz.com.br\\\/ribeiraopreto-regiao\\\/#\\\/schema\\\/person\\\/0f0b8a5bdafefe82841e07ae8d81ecb3\",\"name\":\"Leonardo Francisco\",\"image\":{\"@type\":\"ImageObject\",\"inLanguage\":\"pt-BR\",\"@id\":\"https:\\\/\\\/secure.gravatar.com\\\/avatar\\\/a7358cb406a99b682ec6df1e77e31ae82e63601f6784e8a3df411d72b37864da?s=96&d=mm&r=g\",\"url\":\"https:\\\/\\\/secure.gravatar.com\\\/avatar\\\/a7358cb406a99b682ec6df1e77e31ae82e63601f6784e8a3df411d72b37864da?s=96&d=mm&r=g\",\"contentUrl\":\"https:\\\/\\\/secure.gravatar.com\\\/avatar\\\/a7358cb406a99b682ec6df1e77e31ae82e63601f6784e8a3df411d72b37864da?s=96&d=mm&r=g\",\"caption\":\"Leonardo Francisco\"},\"url\":\"https:\\\/\\\/redenoticiaz.com.br\\\/ribeiraopreto-regiao\\\/sp\\\/author\\\/leonardo-francisco\"}]}<\/script>\n<!-- \/ Yoast SEO plugin. -->","yoast_head_json":{"title":"Ram Classic da Volkswagen tem quase 1,5 mil unidades vendidas ap\u00f3s lan\u00e7amento - Ribeir\u00e3o Preto e Regi\u00e3o","description":"Anunciada oficialmente em agosto, a Ram Classic est\u00e1 seguindo os passos das outras picapes de poder inigual\u00e1vel da marca","robots":{"index":"index","follow":"follow","max-snippet":"max-snippet:-1","max-image-preview":"max-image-preview:large","max-video-preview":"max-video-preview:-1"},"canonical":"https:\/\/redenoticiaz.com.br\/ribeiraopreto-regiao\/sp\/2022\/09\/18\/ram-classic-da-volkswagen-tem-quase-15-mil-unidades-vendidas-apos-lancamento","og_locale":"pt_BR","og_type":"article","og_title":"Ram Classic da Volkswagen tem quase 1,5 mil unidades vendidas ap\u00f3s lan\u00e7amento - Ribeir\u00e3o Preto e Regi\u00e3o","og_description":"Anunciada oficialmente em agosto, a Ram Classic est\u00e1 seguindo os passos das outras picapes de poder inigual\u00e1vel da marca","og_url":"https:\/\/redenoticiaz.com.br\/ribeiraopreto-regiao\/sp\/2022\/09\/18\/ram-classic-da-volkswagen-tem-quase-15-mil-unidades-vendidas-apos-lancamento","og_site_name":"Ribeir\u00e3o Preto e Regi\u00e3o","article_publisher":"https:\/\/m.facebook.com\/redenoticiaz.barretos","article_published_time":"2022-09-18T13:00:04+00:00","og_image":[{"width":400,"height":250,"url":"https:\/\/redenoticiaz.com.br\/ribeiraopreto-regiao\/wp-content\/uploads\/sites\/4\/2022\/02\/logo.jpg","type":"image\/jpeg"}],"author":"Leonardo Francisco","twitter_card":"summary_large_image","twitter_creator":"@RN_barretos","twitter_site":"@RN_barretos","twitter_misc":{"Escrito por":"Leonardo Francisco","Est. tempo de leitura":"2 minutos"},"schema":{"@context":"https:\/\/schema.org","@graph":[{"@type":"Article","@id":"https:\/\/redenoticiaz.com.br\/ribeiraopreto-regiao\/sp\/2022\/09\/18\/ram-classic-da-volkswagen-tem-quase-15-mil-unidades-vendidas-apos-lancamento#article","isPartOf":{"@id":"https:\/\/redenoticiaz.com.br\/ribeiraopreto-regiao\/sp\/2022\/09\/18\/ram-classic-da-volkswagen-tem-quase-15-mil-unidades-vendidas-apos-lancamento"},"author":{"name":"Leonardo Francisco","@id":"https:\/\/redenoticiaz.com.br\/ribeiraopreto-regiao\/#\/schema\/person\/0f0b8a5bdafefe82841e07ae8d81ecb3"},"headline":"Ram Classic da Volkswagen tem quase 1,5 mil unidades vendidas ap\u00f3s lan\u00e7amento","datePublished":"2022-09-18T13:00:04+00:00","mainEntityOfPage":{"@id":"https:\/\/redenoticiaz.com.br\/ribeiraopreto-regiao\/sp\/2022\/09\/18\/ram-classic-da-volkswagen-tem-quase-15-mil-unidades-vendidas-apos-lancamento"},"wordCount":325,"commentCount":0,"publisher":{"@id":"https:\/\/redenoticiaz.com.br\/ribeiraopreto-regiao\/#organization"},"image":{"@id":"https:\/\/redenoticiaz.com.br\/ribeiraopreto-regiao\/sp\/2022\/09\/18\/ram-classic-da-volkswagen-tem-quase-15-mil-unidades-vendidas-apos-lancamento#primaryimage"},"thumbnailUrl":"https:\/\/redenoticiaz.com.br\/ribeiraopreto-regiao\/wp-content\/uploads\/sites\/4\/2022\/09\/ram.jpeg?v=1663355695","keywords":["CARRO PICAPE","LAN\u00c7AMENTO","RAM CLASSIC","VENDAS","volkswagen"],"articleSection":["Garagem AZ"],"inLanguage":"pt-BR","potentialAction":[{"@type":"CommentAction","name":"Comment","target":["https:\/\/redenoticiaz.com.br\/ribeiraopreto-regiao\/sp\/2022\/09\/18\/ram-classic-da-volkswagen-tem-quase-15-mil-unidades-vendidas-apos-lancamento#respond"]}]},{"@type":"WebPage","@id":"https:\/\/redenoticiaz.com.br\/ribeiraopreto-regiao\/sp\/2022\/09\/18\/ram-classic-da-volkswagen-tem-quase-15-mil-unidades-vendidas-apos-lancamento","url":"https:\/\/redenoticiaz.com.br\/ribeiraopreto-regiao\/sp\/2022\/09\/18\/ram-classic-da-volkswagen-tem-quase-15-mil-unidades-vendidas-apos-lancamento","name":"Ram Classic da Volkswagen tem quase 1,5 mil unidades vendidas ap\u00f3s lan\u00e7amento - Ribeir\u00e3o Preto e Regi\u00e3o","isPartOf":{"@id":"https:\/\/redenoticiaz.com.br\/ribeiraopreto-regiao\/#website"},"primaryImageOfPage":{"@id":"https:\/\/redenoticiaz.com.br\/ribeiraopreto-regiao\/sp\/2022\/09\/18\/ram-classic-da-volkswagen-tem-quase-15-mil-unidades-vendidas-apos-lancamento#primaryimage"},"image":{"@id":"https:\/\/redenoticiaz.com.br\/ribeiraopreto-regiao\/sp\/2022\/09\/18\/ram-classic-da-volkswagen-tem-quase-15-mil-unidades-vendidas-apos-lancamento#primaryimage"},"thumbnailUrl":"https:\/\/redenoticiaz.com.br\/ribeiraopreto-regiao\/wp-content\/uploads\/sites\/4\/2022\/09\/ram.jpeg?v=1663355695","datePublished":"2022-09-18T13:00:04+00:00","description":"Anunciada oficialmente em agosto, a Ram Classic est\u00e1 seguindo os passos das outras picapes de poder inigual\u00e1vel da marca","inLanguage":"pt-BR","potentialAction":[{"@type":"ReadAction","target":["https:\/\/redenoticiaz.com.br\/ribeiraopreto-regiao\/sp\/2022\/09\/18\/ram-classic-da-volkswagen-tem-quase-15-mil-unidades-vendidas-apos-lancamento"]}]},{"@type":"ImageObject","inLanguage":"pt-BR","@id":"https:\/\/redenoticiaz.com.br\/ribeiraopreto-regiao\/sp\/2022\/09\/18\/ram-classic-da-volkswagen-tem-quase-15-mil-unidades-vendidas-apos-lancamento#primaryimage","url":"https:\/\/redenoticiaz.com.br\/ribeiraopreto-regiao\/wp-content\/uploads\/sites\/4\/2022\/09\/ram.jpeg?v=1663355695","contentUrl":"https:\/\/redenoticiaz.com.br\/ribeiraopreto-regiao\/wp-content\/uploads\/sites\/4\/2022\/09\/ram.jpeg?v=1663355695","width":1170,"height":740,"caption":"Cr\u00e9ditos: Divulga\u00e7\u00e3o"},{"@type":"WebSite","@id":"https:\/\/redenoticiaz.com.br\/ribeiraopreto-regiao\/#website","url":"https:\/\/redenoticiaz.com.br\/ribeiraopreto-regiao\/","name":"Ribeir\u00e3o Preto e Regi\u00e3o","description":"Rede NoticiaZ - Ribeir\u00e3o Preto e regi\u00e3o","publisher":{"@id":"https:\/\/redenoticiaz.com.br\/ribeiraopreto-regiao\/#organization"},"potentialAction":[{"@type":"SearchAction","target":{"@type":"EntryPoint","urlTemplate":"https:\/\/redenoticiaz.com.br\/ribeiraopreto-regiao\/?s={search_term_string}"},"query-input":{"@type":"PropertyValueSpecification","valueRequired":true,"valueName":"search_term_string"}}],"inLanguage":"pt-BR"},{"@type":"Organization","@id":"https:\/\/redenoticiaz.com.br\/ribeiraopreto-regiao\/#organization","name":"Ribeir\u00e3o Preto e Regi\u00e3o","url":"https:\/\/redenoticiaz.com.br\/ribeiraopreto-regiao\/","logo":{"@type":"ImageObject","inLanguage":"pt-BR","@id":"https:\/\/redenoticiaz.com.br\/ribeiraopreto-regiao\/#\/schema\/logo\/image\/","url":"https:\/\/redenoticiaz.com.br\/barretos-regiao\/wp-content\/uploads\/sites\/4\/2022\/02\/logo.jpg","contentUrl":"https:\/\/redenoticiaz.com.br\/barretos-regiao\/wp-content\/uploads\/sites\/4\/2022\/02\/logo.jpg","width":400,"height":250,"caption":"Ribeir\u00e3o Preto e Regi\u00e3o"},"image":{"@id":"https:\/\/redenoticiaz.com.br\/ribeiraopreto-regiao\/#\/schema\/logo\/image\/"},"sameAs":["https:\/\/m.facebook.com\/redenoticiaz.barretos","https:\/\/x.com\/RN_barretos","https:\/\/www.instagram.com\/redenoticiaz.barretos\/?igshid=YmMyMTA2M2Y","https:\/\/www.linkedin.com\/company\/rede-noticiaz-barretos-e-regio\/"]},{"@type":"Person","@id":"https:\/\/redenoticiaz.com.br\/ribeiraopreto-regiao\/#\/schema\/person\/0f0b8a5bdafefe82841e07ae8d81ecb3","name":"Leonardo Francisco","image":{"@type":"ImageObject","inLanguage":"pt-BR","@id":"https:\/\/secure.gravatar.com\/avatar\/a7358cb406a99b682ec6df1e77e31ae82e63601f6784e8a3df411d72b37864da?s=96&d=mm&r=g","url":"https:\/\/secure.gravatar.com\/avatar\/a7358cb406a99b682ec6df1e77e31ae82e63601f6784e8a3df411d72b37864da?s=96&d=mm&r=g","contentUrl":"https:\/\/secure.gravatar.com\/avatar\/a7358cb406a99b682ec6df1e77e31ae82e63601f6784e8a3df411d72b37864da?s=96&d=mm&r=g","caption":"Leonardo Francisco"},"url":"https:\/\/redenoticiaz.com.br\/ribeiraopreto-regiao\/sp\/author\/leonardo-francisco"}]}},"_links":{"self":[{"href":"https:\/\/redenoticiaz.com.br\/ribeiraopreto-regiao\/wp-json\/wp\/v2\/posts\/91668","targetHints":{"allow":["GET"]}}],"collection":[{"href":"https:\/\/redenoticiaz.com.br\/ribeiraopreto-regiao\/wp-json\/wp\/v2\/posts"}],"about":[{"href":"https:\/\/redenoticiaz.com.br\/ribeiraopreto-regiao\/wp-json\/wp\/v2\/types\/post"}],"author":[{"embeddable":true,"href":"https:\/\/redenoticiaz.com.br\/ribeiraopreto-regiao\/wp-json\/wp\/v2\/users\/6"}],"replies":[{"embeddable":true,"href":"https:\/\/redenoticiaz.com.br\/ribeiraopreto-regiao\/wp-json\/wp\/v2\/comments?post=91668"}],"version-history":[{"count":0,"href":"https:\/\/redenoticiaz.com.br\/ribeiraopreto-regiao\/wp-json\/wp\/v2\/posts\/91668\/revisions"}],"wp:featuredmedia":[{"embeddable":true,"href":"https:\/\/redenoticiaz.com.br\/ribeiraopreto-regiao\/wp-json\/wp\/v2\/media\/91669"}],"wp:attachment":[{"href":"https:\/\/redenoticiaz.com.br\/ribeiraopreto-regiao\/wp-json\/wp\/v2\/media?parent=91668"}],"wp:term":[{"taxonomy":"category","embeddable":true,"href":"https:\/\/redenoticiaz.com.br\/ribeiraopreto-regiao\/wp-json\/wp\/v2\/categories?post=91668"},{"taxonomy":"post_tag","embeddable":true,"href":"https:\/\/redenoticiaz.com.br\/ribeiraopreto-regiao\/wp-json\/wp\/v2\/tags?post=91668"}],"curies":[{"name":"wp","href":"https:\/\/api.w.org\/{rel}","templated":true}]}}