{"id":91824,"date":"2022-09-19T14:59:09","date_gmt":"2022-09-19T17:59:09","guid":{"rendered":"https:\/\/redenoticiaz.com.br\/barretos-regiao\/?p=91824"},"modified":"2022-09-19T14:59:09","modified_gmt":"2022-09-19T17:59:09","slug":"secretario-de-esportes-do-estado-visita-barretos-e-compara-qualidade-do-gramado-sintetico-de-campo-barretense-a-do-allianz-parque","status":"publish","type":"post","link":"https:\/\/redenoticiaz.com.br\/ribeiraopreto-regiao\/sp\/2022\/09\/19\/secretario-de-esportes-do-estado-visita-barretos-e-compara-qualidade-do-gramado-sintetico-de-campo-barretense-a-do-allianz-parque","title":{"rendered":"Secret\u00e1rio de Esportes do Estado visita Barretos e compara qualidade do gramado sint\u00e9tico de campo barretense a do Allianz Parque"},"content":{"rendered":"<div>A prefeita da Est\u00e2ncia Tur\u00edstica de Barretos, Paula Lemos, recepcionou o Secret\u00e1rio de Esportes do Estado de S\u00e3o Paulo, Thiago Milhim, em visita ao Campo de Futebol &#8220;Milton Aparecido da Silva&#8221;, localizado na Regi\u00e3o dos Lagos.<\/div>\n<div><\/div>\n<div>Milhim salientou que esta \u00e9 uma importante conquista para Barretos e destacou a qualidade do campo sint\u00e9tico.<\/div>\n<div><\/div>\n<div><em>&#8220;O gramado sint\u00e9tico que temos aqui em Barretos tem o mesmo material e qualidade do Allianz Parque, que \u00e9 o Est\u00e1dio do Palmeiras, em S\u00e3o Paulo. \u00c9 qualidade para o mun\u00edcipe&#8221;, disse. &#8220;\u00c9 muito gratificante saber que este espa\u00e7o certamente render\u00e1 muito orgulho para a cidade, tirando as crian\u00e7as das ruas e trazendo aqui para o esporte, que \u00e9 vida, que \u00e9 qualidade, traz forma\u00e7\u00e3o, car\u00e1ter e disciplina<\/em>&#8220;, completou.<\/div>\n<div><\/div>\n<div>O secret\u00e1rio municipal de Esportes e Lazer, Tony Vieira Carvalho, falou da relev\u00e2ncia dos investimentos no esporte. <em>&#8220;Quero falar da import\u00e2ncia da sua visita, Tiago, \u00e0 nossa cidade para conhecer mais uma obra realizada atrav\u00e9s de voc\u00eas e agradecer \u00e0 Paula, nossa prefeita, que vem incentivando o esporte barretense&#8221;<\/em>, disse.<\/div>\n<div><\/div>\n<div>Com investimento de R$1.820.790,66, entre conv\u00eanios com o Estado e contrapartida do munic\u00edpio, o Campo de Futebol &#8220;Milton Aparecido da Silva&#8221; \u00e9 dotado de grama sint\u00e9tica, alambrado e pista de caminhada.<\/div>\n<div><\/div>\n<div><strong>VEJA TAMB\u00c9M:\u00a0\u00a0<a href=\"https:\/\/redenoticiaz.com.br\/barretos-regiao\/sp\/2022\/03\/29\/barretos-inaugura-pista-de-skate-no-bairro-san-diego\">Prefeitura de Barretos inaugura Pista de Skate no bairro San Diego\u00a0<\/a><\/strong><\/div>\n<div><\/div>\n<div><\/div>\n","protected":false},"excerpt":{"rendered":"<p>A prefeita da Est\u00e2ncia Tur\u00edstica de Barretos, Paula Lemos, recepcionou o Secret\u00e1rio de Esportes do Estado de S\u00e3o Paulo, Thiago Milhim, em visita ao Campo de Futebol &#8220;Milton Aparecido da Silva&#8221;, localizado na Regi\u00e3o dos Lagos. Milhim salientou que esta \u00e9 uma importante conquista para Barretos e destacou a qualidade do campo sint\u00e9tico. &#8220;O gramado &hellip;<\/p>\n","protected":false},"author":15,"featured_media":91825,"comment_status":"open","ping_status":"closed","sticky":false,"template":"","format":"standard","meta":{"footnotes":""},"categories":[87,2920],"tags":[20311,64,3974,20408,20407],"class_list":["post-91824","post","type-post","status-publish","format-standard","has-post-thumbnail","hentry","category-esporte","category-obras","tag-areninha","tag-barretos","tag-campo-de-futebol","tag-gramado","tag-secretario"],"yoast_head":"<!-- This site is optimized with the Yoast SEO plugin v27.4 - https:\/\/yoast.com\/product\/yoast-seo-wordpress\/ -->\n<title>Secret\u00e1rio de Esportes do Estado visita Barretos e compara qualidade do gramado sint\u00e9tico de campo barretense a do Allianz Parque - Ribeir\u00e3o Preto e Regi\u00e3o<\/title>\n<meta name=\"description\" content=\"Paula Lemos, recepcionou o Secret\u00e1rio de Esportes do Estado de S\u00e3o Paulo, Thiago Milhim, em visita ao Campo de Futebol.\" \/>\n<meta name=\"robots\" content=\"index, follow, max-snippet:-1, max-image-preview:large, max-video-preview:-1\" \/>\n<link rel=\"canonical\" href=\"https:\/\/redenoticiaz.com.br\/ribeiraopreto-regiao\/sp\/2022\/09\/19\/secretario-de-esportes-do-estado-visita-barretos-e-compara-qualidade-do-gramado-sintetico-de-campo-barretense-a-do-allianz-parque\" \/>\n<meta property=\"og:locale\" content=\"pt_BR\" \/>\n<meta property=\"og:type\" content=\"article\" \/>\n<meta property=\"og:title\" content=\"Secret\u00e1rio de Esportes do Estado visita Barretos e compara qualidade do gramado sint\u00e9tico de campo barretense a do Allianz Parque - Ribeir\u00e3o Preto e Regi\u00e3o\" \/>\n<meta property=\"og:description\" content=\"Paula Lemos, recepcionou o Secret\u00e1rio de Esportes do Estado de S\u00e3o Paulo, Thiago Milhim, em visita ao Campo de Futebol.\" \/>\n<meta property=\"og:url\" content=\"https:\/\/redenoticiaz.com.br\/ribeiraopreto-regiao\/sp\/2022\/09\/19\/secretario-de-esportes-do-estado-visita-barretos-e-compara-qualidade-do-gramado-sintetico-de-campo-barretense-a-do-allianz-parque\" \/>\n<meta property=\"og:site_name\" content=\"Ribeir\u00e3o Preto e Regi\u00e3o\" \/>\n<meta property=\"article:publisher\" content=\"https:\/\/m.facebook.com\/redenoticiaz.barretos\" \/>\n<meta property=\"article:published_time\" content=\"2022-09-19T17:59:09+00:00\" \/>\n<meta property=\"og:image\" content=\"https:\/\/redenoticiaz.com.br\/ribeiraopreto-regiao\/wp-content\/uploads\/sites\/4\/2022\/09\/fc221309746013ac554571fbd180e1c8-1-scaled.jpg\" \/>\n\t<meta property=\"og:image:width\" content=\"1617\" \/>\n\t<meta property=\"og:image:height\" content=\"1080\" \/>\n\t<meta property=\"og:image:type\" content=\"image\/jpeg\" \/>\n<meta name=\"twitter:card\" content=\"summary_large_image\" \/>\n<meta name=\"twitter:creator\" content=\"@RN_barretos\" \/>\n<meta name=\"twitter:site\" content=\"@RN_barretos\" \/>\n<meta name=\"twitter:label1\" content=\"Escrito por\" \/>\n\t<meta name=\"twitter:data1\" content=\"\" \/>\n\t<meta name=\"twitter:label2\" content=\"Est. tempo de leitura\" \/>\n\t<meta name=\"twitter:data2\" content=\"2 minutos\" \/>\n<script type=\"application\/ld+json\" class=\"yoast-schema-graph\">{\"@context\":\"https:\\\/\\\/schema.org\",\"@graph\":[{\"@type\":\"Article\",\"@id\":\"https:\\\/\\\/redenoticiaz.com.br\\\/ribeiraopreto-regiao\\\/sp\\\/2022\\\/09\\\/19\\\/secretario-de-esportes-do-estado-visita-barretos-e-compara-qualidade-do-gramado-sintetico-de-campo-barretense-a-do-allianz-parque#article\",\"isPartOf\":{\"@id\":\"https:\\\/\\\/redenoticiaz.com.br\\\/ribeiraopreto-regiao\\\/sp\\\/2022\\\/09\\\/19\\\/secretario-de-esportes-do-estado-visita-barretos-e-compara-qualidade-do-gramado-sintetico-de-campo-barretense-a-do-allianz-parque\"},\"author\":{\"name\":\"\",\"@id\":\"\"},\"headline\":\"Secret\u00e1rio de Esportes do Estado visita Barretos e compara qualidade do gramado sint\u00e9tico de campo barretense a do Allianz Parque\",\"datePublished\":\"2022-09-19T17:59:09+00:00\",\"mainEntityOfPage\":{\"@id\":\"https:\\\/\\\/redenoticiaz.com.br\\\/ribeiraopreto-regiao\\\/sp\\\/2022\\\/09\\\/19\\\/secretario-de-esportes-do-estado-visita-barretos-e-compara-qualidade-do-gramado-sintetico-de-campo-barretense-a-do-allianz-parque\"},\"wordCount\":252,\"commentCount\":0,\"publisher\":{\"@id\":\"https:\\\/\\\/redenoticiaz.com.br\\\/ribeiraopreto-regiao\\\/#organization\"},\"image\":{\"@id\":\"https:\\\/\\\/redenoticiaz.com.br\\\/ribeiraopreto-regiao\\\/sp\\\/2022\\\/09\\\/19\\\/secretario-de-esportes-do-estado-visita-barretos-e-compara-qualidade-do-gramado-sintetico-de-campo-barretense-a-do-allianz-parque#primaryimage\"},\"thumbnailUrl\":\"https:\\\/\\\/redenoticiaz.com.br\\\/ribeiraopreto-regiao\\\/wp-content\\\/uploads\\\/sites\\\/4\\\/2022\\\/09\\\/fc221309746013ac554571fbd180e1c8-1-scaled.jpg\",\"keywords\":[\"ARENINHA\",\"BARRETOS\",\"CAMPO DE FUTEBOL\",\"GRAMADO\",\"SECRET\u00c1RIO\"],\"articleSection\":[\"Esporte\",\"Obras\"],\"inLanguage\":\"pt-BR\",\"potentialAction\":[{\"@type\":\"CommentAction\",\"name\":\"Comment\",\"target\":[\"https:\\\/\\\/redenoticiaz.com.br\\\/ribeiraopreto-regiao\\\/sp\\\/2022\\\/09\\\/19\\\/secretario-de-esportes-do-estado-visita-barretos-e-compara-qualidade-do-gramado-sintetico-de-campo-barretense-a-do-allianz-parque#respond\"]}]},{\"@type\":\"WebPage\",\"@id\":\"https:\\\/\\\/redenoticiaz.com.br\\\/ribeiraopreto-regiao\\\/sp\\\/2022\\\/09\\\/19\\\/secretario-de-esportes-do-estado-visita-barretos-e-compara-qualidade-do-gramado-sintetico-de-campo-barretense-a-do-allianz-parque\",\"url\":\"https:\\\/\\\/redenoticiaz.com.br\\\/ribeiraopreto-regiao\\\/sp\\\/2022\\\/09\\\/19\\\/secretario-de-esportes-do-estado-visita-barretos-e-compara-qualidade-do-gramado-sintetico-de-campo-barretense-a-do-allianz-parque\",\"name\":\"Secret\u00e1rio de Esportes do Estado visita Barretos e compara qualidade do gramado sint\u00e9tico de campo barretense a do Allianz Parque - Ribeir\u00e3o Preto e Regi\u00e3o\",\"isPartOf\":{\"@id\":\"https:\\\/\\\/redenoticiaz.com.br\\\/ribeiraopreto-regiao\\\/#website\"},\"primaryImageOfPage\":{\"@id\":\"https:\\\/\\\/redenoticiaz.com.br\\\/ribeiraopreto-regiao\\\/sp\\\/2022\\\/09\\\/19\\\/secretario-de-esportes-do-estado-visita-barretos-e-compara-qualidade-do-gramado-sintetico-de-campo-barretense-a-do-allianz-parque#primaryimage\"},\"image\":{\"@id\":\"https:\\\/\\\/redenoticiaz.com.br\\\/ribeiraopreto-regiao\\\/sp\\\/2022\\\/09\\\/19\\\/secretario-de-esportes-do-estado-visita-barretos-e-compara-qualidade-do-gramado-sintetico-de-campo-barretense-a-do-allianz-parque#primaryimage\"},\"thumbnailUrl\":\"https:\\\/\\\/redenoticiaz.com.br\\\/ribeiraopreto-regiao\\\/wp-content\\\/uploads\\\/sites\\\/4\\\/2022\\\/09\\\/fc221309746013ac554571fbd180e1c8-1-scaled.jpg\",\"datePublished\":\"2022-09-19T17:59:09+00:00\",\"description\":\"Paula Lemos, recepcionou o Secret\u00e1rio de Esportes do Estado de S\u00e3o Paulo, Thiago Milhim, em visita ao Campo de Futebol.\",\"inLanguage\":\"pt-BR\",\"potentialAction\":[{\"@type\":\"ReadAction\",\"target\":[\"https:\\\/\\\/redenoticiaz.com.br\\\/ribeiraopreto-regiao\\\/sp\\\/2022\\\/09\\\/19\\\/secretario-de-esportes-do-estado-visita-barretos-e-compara-qualidade-do-gramado-sintetico-de-campo-barretense-a-do-allianz-parque\"]}]},{\"@type\":\"ImageObject\",\"inLanguage\":\"pt-BR\",\"@id\":\"https:\\\/\\\/redenoticiaz.com.br\\\/ribeiraopreto-regiao\\\/sp\\\/2022\\\/09\\\/19\\\/secretario-de-esportes-do-estado-visita-barretos-e-compara-qualidade-do-gramado-sintetico-de-campo-barretense-a-do-allianz-parque#primaryimage\",\"url\":\"https:\\\/\\\/redenoticiaz.com.br\\\/ribeiraopreto-regiao\\\/wp-content\\\/uploads\\\/sites\\\/4\\\/2022\\\/09\\\/fc221309746013ac554571fbd180e1c8-1-scaled.jpg\",\"contentUrl\":\"https:\\\/\\\/redenoticiaz.com.br\\\/ribeiraopreto-regiao\\\/wp-content\\\/uploads\\\/sites\\\/4\\\/2022\\\/09\\\/fc221309746013ac554571fbd180e1c8-1-scaled.jpg\",\"width\":1617,\"height\":1080,\"caption\":\"Visita do Secret\u00e1rio de esportes ao campo de Futebol em Barretos. Cr\u00e9dito: Reprodu\u00e7\u00e3o\"},{\"@type\":\"WebSite\",\"@id\":\"https:\\\/\\\/redenoticiaz.com.br\\\/ribeiraopreto-regiao\\\/#website\",\"url\":\"https:\\\/\\\/redenoticiaz.com.br\\\/ribeiraopreto-regiao\\\/\",\"name\":\"Ribeir\u00e3o Preto e Regi\u00e3o\",\"description\":\"Rede NoticiaZ - Ribeir\u00e3o Preto e regi\u00e3o\",\"publisher\":{\"@id\":\"https:\\\/\\\/redenoticiaz.com.br\\\/ribeiraopreto-regiao\\\/#organization\"},\"potentialAction\":[{\"@type\":\"SearchAction\",\"target\":{\"@type\":\"EntryPoint\",\"urlTemplate\":\"https:\\\/\\\/redenoticiaz.com.br\\\/ribeiraopreto-regiao\\\/?s={search_term_string}\"},\"query-input\":{\"@type\":\"PropertyValueSpecification\",\"valueRequired\":true,\"valueName\":\"search_term_string\"}}],\"inLanguage\":\"pt-BR\"},{\"@type\":\"Organization\",\"@id\":\"https:\\\/\\\/redenoticiaz.com.br\\\/ribeiraopreto-regiao\\\/#organization\",\"name\":\"Ribeir\u00e3o Preto e Regi\u00e3o\",\"url\":\"https:\\\/\\\/redenoticiaz.com.br\\\/ribeiraopreto-regiao\\\/\",\"logo\":{\"@type\":\"ImageObject\",\"inLanguage\":\"pt-BR\",\"@id\":\"https:\\\/\\\/redenoticiaz.com.br\\\/ribeiraopreto-regiao\\\/#\\\/schema\\\/logo\\\/image\\\/\",\"url\":\"https:\\\/\\\/redenoticiaz.com.br\\\/barretos-regiao\\\/wp-content\\\/uploads\\\/sites\\\/4\\\/2022\\\/02\\\/logo.jpg\",\"contentUrl\":\"https:\\\/\\\/redenoticiaz.com.br\\\/barretos-regiao\\\/wp-content\\\/uploads\\\/sites\\\/4\\\/2022\\\/02\\\/logo.jpg\",\"width\":400,\"height\":250,\"caption\":\"Ribeir\u00e3o Preto e Regi\u00e3o\"},\"image\":{\"@id\":\"https:\\\/\\\/redenoticiaz.com.br\\\/ribeiraopreto-regiao\\\/#\\\/schema\\\/logo\\\/image\\\/\"},\"sameAs\":[\"https:\\\/\\\/m.facebook.com\\\/redenoticiaz.barretos\",\"https:\\\/\\\/x.com\\\/RN_barretos\",\"https:\\\/\\\/www.instagram.com\\\/redenoticiaz.barretos\\\/?igshid=YmMyMTA2M2Y\",\"https:\\\/\\\/www.linkedin.com\\\/company\\\/rede-noticiaz-barretos-e-regio\\\/\"]},{\"@type\":\"Person\",\"@id\":\"\",\"url\":\"https:\\\/\\\/redenoticiaz.com.br\\\/ribeiraopreto-regiao\\\/sp\\\/author\"}]}<\/script>\n<!-- \/ Yoast SEO plugin. -->","yoast_head_json":{"title":"Secret\u00e1rio de Esportes do Estado visita Barretos e compara qualidade do gramado sint\u00e9tico de campo barretense a do Allianz Parque - Ribeir\u00e3o Preto e Regi\u00e3o","description":"Paula Lemos, recepcionou o Secret\u00e1rio de Esportes do Estado de S\u00e3o Paulo, Thiago Milhim, em visita ao Campo de Futebol.","robots":{"index":"index","follow":"follow","max-snippet":"max-snippet:-1","max-image-preview":"max-image-preview:large","max-video-preview":"max-video-preview:-1"},"canonical":"https:\/\/redenoticiaz.com.br\/ribeiraopreto-regiao\/sp\/2022\/09\/19\/secretario-de-esportes-do-estado-visita-barretos-e-compara-qualidade-do-gramado-sintetico-de-campo-barretense-a-do-allianz-parque","og_locale":"pt_BR","og_type":"article","og_title":"Secret\u00e1rio de Esportes do Estado visita Barretos e compara qualidade do gramado sint\u00e9tico de campo barretense a do Allianz Parque - Ribeir\u00e3o Preto e Regi\u00e3o","og_description":"Paula Lemos, recepcionou o Secret\u00e1rio de Esportes do Estado de S\u00e3o Paulo, Thiago Milhim, em visita ao Campo de Futebol.","og_url":"https:\/\/redenoticiaz.com.br\/ribeiraopreto-regiao\/sp\/2022\/09\/19\/secretario-de-esportes-do-estado-visita-barretos-e-compara-qualidade-do-gramado-sintetico-de-campo-barretense-a-do-allianz-parque","og_site_name":"Ribeir\u00e3o Preto e Regi\u00e3o","article_publisher":"https:\/\/m.facebook.com\/redenoticiaz.barretos","article_published_time":"2022-09-19T17:59:09+00:00","og_image":[{"width":1617,"height":1080,"url":"https:\/\/redenoticiaz.com.br\/ribeiraopreto-regiao\/wp-content\/uploads\/sites\/4\/2022\/09\/fc221309746013ac554571fbd180e1c8-1-scaled.jpg","type":"image\/jpeg"}],"twitter_card":"summary_large_image","twitter_creator":"@RN_barretos","twitter_site":"@RN_barretos","twitter_misc":{"Escrito por":"","Est. tempo de leitura":"2 minutos"},"schema":{"@context":"https:\/\/schema.org","@graph":[{"@type":"Article","@id":"https:\/\/redenoticiaz.com.br\/ribeiraopreto-regiao\/sp\/2022\/09\/19\/secretario-de-esportes-do-estado-visita-barretos-e-compara-qualidade-do-gramado-sintetico-de-campo-barretense-a-do-allianz-parque#article","isPartOf":{"@id":"https:\/\/redenoticiaz.com.br\/ribeiraopreto-regiao\/sp\/2022\/09\/19\/secretario-de-esportes-do-estado-visita-barretos-e-compara-qualidade-do-gramado-sintetico-de-campo-barretense-a-do-allianz-parque"},"author":{"name":"","@id":""},"headline":"Secret\u00e1rio de Esportes do Estado visita Barretos e compara qualidade do gramado sint\u00e9tico de campo barretense a do Allianz Parque","datePublished":"2022-09-19T17:59:09+00:00","mainEntityOfPage":{"@id":"https:\/\/redenoticiaz.com.br\/ribeiraopreto-regiao\/sp\/2022\/09\/19\/secretario-de-esportes-do-estado-visita-barretos-e-compara-qualidade-do-gramado-sintetico-de-campo-barretense-a-do-allianz-parque"},"wordCount":252,"commentCount":0,"publisher":{"@id":"https:\/\/redenoticiaz.com.br\/ribeiraopreto-regiao\/#organization"},"image":{"@id":"https:\/\/redenoticiaz.com.br\/ribeiraopreto-regiao\/sp\/2022\/09\/19\/secretario-de-esportes-do-estado-visita-barretos-e-compara-qualidade-do-gramado-sintetico-de-campo-barretense-a-do-allianz-parque#primaryimage"},"thumbnailUrl":"https:\/\/redenoticiaz.com.br\/ribeiraopreto-regiao\/wp-content\/uploads\/sites\/4\/2022\/09\/fc221309746013ac554571fbd180e1c8-1-scaled.jpg","keywords":["ARENINHA","BARRETOS","CAMPO DE FUTEBOL","GRAMADO","SECRET\u00c1RIO"],"articleSection":["Esporte","Obras"],"inLanguage":"pt-BR","potentialAction":[{"@type":"CommentAction","name":"Comment","target":["https:\/\/redenoticiaz.com.br\/ribeiraopreto-regiao\/sp\/2022\/09\/19\/secretario-de-esportes-do-estado-visita-barretos-e-compara-qualidade-do-gramado-sintetico-de-campo-barretense-a-do-allianz-parque#respond"]}]},{"@type":"WebPage","@id":"https:\/\/redenoticiaz.com.br\/ribeiraopreto-regiao\/sp\/2022\/09\/19\/secretario-de-esportes-do-estado-visita-barretos-e-compara-qualidade-do-gramado-sintetico-de-campo-barretense-a-do-allianz-parque","url":"https:\/\/redenoticiaz.com.br\/ribeiraopreto-regiao\/sp\/2022\/09\/19\/secretario-de-esportes-do-estado-visita-barretos-e-compara-qualidade-do-gramado-sintetico-de-campo-barretense-a-do-allianz-parque","name":"Secret\u00e1rio de Esportes do Estado visita Barretos e compara qualidade do gramado sint\u00e9tico de campo barretense a do Allianz Parque - Ribeir\u00e3o Preto e Regi\u00e3o","isPartOf":{"@id":"https:\/\/redenoticiaz.com.br\/ribeiraopreto-regiao\/#website"},"primaryImageOfPage":{"@id":"https:\/\/redenoticiaz.com.br\/ribeiraopreto-regiao\/sp\/2022\/09\/19\/secretario-de-esportes-do-estado-visita-barretos-e-compara-qualidade-do-gramado-sintetico-de-campo-barretense-a-do-allianz-parque#primaryimage"},"image":{"@id":"https:\/\/redenoticiaz.com.br\/ribeiraopreto-regiao\/sp\/2022\/09\/19\/secretario-de-esportes-do-estado-visita-barretos-e-compara-qualidade-do-gramado-sintetico-de-campo-barretense-a-do-allianz-parque#primaryimage"},"thumbnailUrl":"https:\/\/redenoticiaz.com.br\/ribeiraopreto-regiao\/wp-content\/uploads\/sites\/4\/2022\/09\/fc221309746013ac554571fbd180e1c8-1-scaled.jpg","datePublished":"2022-09-19T17:59:09+00:00","description":"Paula Lemos, recepcionou o Secret\u00e1rio de Esportes do Estado de S\u00e3o Paulo, Thiago Milhim, em visita ao Campo de Futebol.","inLanguage":"pt-BR","potentialAction":[{"@type":"ReadAction","target":["https:\/\/redenoticiaz.com.br\/ribeiraopreto-regiao\/sp\/2022\/09\/19\/secretario-de-esportes-do-estado-visita-barretos-e-compara-qualidade-do-gramado-sintetico-de-campo-barretense-a-do-allianz-parque"]}]},{"@type":"ImageObject","inLanguage":"pt-BR","@id":"https:\/\/redenoticiaz.com.br\/ribeiraopreto-regiao\/sp\/2022\/09\/19\/secretario-de-esportes-do-estado-visita-barretos-e-compara-qualidade-do-gramado-sintetico-de-campo-barretense-a-do-allianz-parque#primaryimage","url":"https:\/\/redenoticiaz.com.br\/ribeiraopreto-regiao\/wp-content\/uploads\/sites\/4\/2022\/09\/fc221309746013ac554571fbd180e1c8-1-scaled.jpg","contentUrl":"https:\/\/redenoticiaz.com.br\/ribeiraopreto-regiao\/wp-content\/uploads\/sites\/4\/2022\/09\/fc221309746013ac554571fbd180e1c8-1-scaled.jpg","width":1617,"height":1080,"caption":"Visita do Secret\u00e1rio de esportes ao campo de Futebol em Barretos. Cr\u00e9dito: Reprodu\u00e7\u00e3o"},{"@type":"WebSite","@id":"https:\/\/redenoticiaz.com.br\/ribeiraopreto-regiao\/#website","url":"https:\/\/redenoticiaz.com.br\/ribeiraopreto-regiao\/","name":"Ribeir\u00e3o Preto e Regi\u00e3o","description":"Rede NoticiaZ - Ribeir\u00e3o Preto e regi\u00e3o","publisher":{"@id":"https:\/\/redenoticiaz.com.br\/ribeiraopreto-regiao\/#organization"},"potentialAction":[{"@type":"SearchAction","target":{"@type":"EntryPoint","urlTemplate":"https:\/\/redenoticiaz.com.br\/ribeiraopreto-regiao\/?s={search_term_string}"},"query-input":{"@type":"PropertyValueSpecification","valueRequired":true,"valueName":"search_term_string"}}],"inLanguage":"pt-BR"},{"@type":"Organization","@id":"https:\/\/redenoticiaz.com.br\/ribeiraopreto-regiao\/#organization","name":"Ribeir\u00e3o Preto e Regi\u00e3o","url":"https:\/\/redenoticiaz.com.br\/ribeiraopreto-regiao\/","logo":{"@type":"ImageObject","inLanguage":"pt-BR","@id":"https:\/\/redenoticiaz.com.br\/ribeiraopreto-regiao\/#\/schema\/logo\/image\/","url":"https:\/\/redenoticiaz.com.br\/barretos-regiao\/wp-content\/uploads\/sites\/4\/2022\/02\/logo.jpg","contentUrl":"https:\/\/redenoticiaz.com.br\/barretos-regiao\/wp-content\/uploads\/sites\/4\/2022\/02\/logo.jpg","width":400,"height":250,"caption":"Ribeir\u00e3o Preto e Regi\u00e3o"},"image":{"@id":"https:\/\/redenoticiaz.com.br\/ribeiraopreto-regiao\/#\/schema\/logo\/image\/"},"sameAs":["https:\/\/m.facebook.com\/redenoticiaz.barretos","https:\/\/x.com\/RN_barretos","https:\/\/www.instagram.com\/redenoticiaz.barretos\/?igshid=YmMyMTA2M2Y","https:\/\/www.linkedin.com\/company\/rede-noticiaz-barretos-e-regio\/"]},{"@type":"Person","@id":"","url":"https:\/\/redenoticiaz.com.br\/ribeiraopreto-regiao\/sp\/author"}]}},"_links":{"self":[{"href":"https:\/\/redenoticiaz.com.br\/ribeiraopreto-regiao\/wp-json\/wp\/v2\/posts\/91824","targetHints":{"allow":["GET"]}}],"collection":[{"href":"https:\/\/redenoticiaz.com.br\/ribeiraopreto-regiao\/wp-json\/wp\/v2\/posts"}],"about":[{"href":"https:\/\/redenoticiaz.com.br\/ribeiraopreto-regiao\/wp-json\/wp\/v2\/types\/post"}],"author":[{"embeddable":true,"href":"https:\/\/redenoticiaz.com.br\/ribeiraopreto-regiao\/wp-json\/wp\/v2\/users\/15"}],"replies":[{"embeddable":true,"href":"https:\/\/redenoticiaz.com.br\/ribeiraopreto-regiao\/wp-json\/wp\/v2\/comments?post=91824"}],"version-history":[{"count":1,"href":"https:\/\/redenoticiaz.com.br\/ribeiraopreto-regiao\/wp-json\/wp\/v2\/posts\/91824\/revisions"}],"predecessor-version":[{"id":91826,"href":"https:\/\/redenoticiaz.com.br\/ribeiraopreto-regiao\/wp-json\/wp\/v2\/posts\/91824\/revisions\/91826"}],"wp:featuredmedia":[{"embeddable":true,"href":"https:\/\/redenoticiaz.com.br\/ribeiraopreto-regiao\/wp-json\/wp\/v2\/media\/91825"}],"wp:attachment":[{"href":"https:\/\/redenoticiaz.com.br\/ribeiraopreto-regiao\/wp-json\/wp\/v2\/media?parent=91824"}],"wp:term":[{"taxonomy":"category","embeddable":true,"href":"https:\/\/redenoticiaz.com.br\/ribeiraopreto-regiao\/wp-json\/wp\/v2\/categories?post=91824"},{"taxonomy":"post_tag","embeddable":true,"href":"https:\/\/redenoticiaz.com.br\/ribeiraopreto-regiao\/wp-json\/wp\/v2\/tags?post=91824"}],"curies":[{"name":"wp","href":"https:\/\/api.w.org\/{rel}","templated":true}]}}