{"id":91968,"date":"2022-09-21T14:15:44","date_gmt":"2022-09-21T17:15:44","guid":{"rendered":"https:\/\/redenoticiaz.com.br\/barretos-regiao\/?p=91968"},"modified":"2022-09-21T14:23:06","modified_gmt":"2022-09-21T17:23:06","slug":"unidades-de-saude-em-barretos-estao-aptas-a-receber-pessoas-com-pensamentos-suicidas","status":"publish","type":"post","link":"https:\/\/redenoticiaz.com.br\/ribeiraopreto-regiao\/sp\/2022\/09\/21\/unidades-de-saude-em-barretos-estao-aptas-a-receber-pessoas-com-pensamentos-suicidas","title":{"rendered":"Unidades de sa\u00fade em Barretos est\u00e3o aptas a receber pessoas com pensamentos suicidas"},"content":{"rendered":"<p>O secret\u00e1rio municipal de Sa\u00fade, Kleber Rosa, ressalta que pessoas que tenham pensamento suicida podem procurar qualquer unidade de sa\u00fade do munic\u00edpio e buscar ajuda com os profissionais.<\/p>\n<p><em>\u201cEm todas as unidades b\u00e1sicas, um profissional da sa\u00fade pode ser procurado. Converse com ele ou ela sobre o tema. Independentemente da especializa\u00e7\u00e3o do profissional, n\u00e3o deixe para depois, converse com o t\u00e9cnico de enfermagem, enfermeiro ou m\u00e9dico que te atender\u201d<\/em>, afirma.<\/p>\n<p>A Prefeitura de Barretos desenvolve a\u00e7\u00f5es de conscientiza\u00e7\u00e3o sobre preven\u00e7\u00e3o ao suic\u00eddio ao longo do m\u00eas de setembro, marcando o Setembro Amarelo e o Dia Mundial de Preven\u00e7\u00e3o ao Suic\u00eddio, celebrado no dia 10.<\/p>\n<p>At\u00e9 o pr\u00f3ximo dia 27 est\u00e3o acontecendo palestras com profissionais especializados nas Unidades B\u00e1sicas de Sa\u00fade. Nesta quarta-feira, \u00e0s 15h, na Unidade de Sa\u00fade da Fam\u00edlia do CSU. Na quinta-feira, \u00e0s 14h30, na USF do bairro Luiz Spina. Encerrando, na ter\u00e7a-feira (27), ser\u00e1 realizada na USF do bairro S\u00e3o Francisco, \u00e0s 14h30.<\/p>\n<p><strong>VEJA TAMB\u00c9M:\u00a0<a href=\"https:\/\/redenoticiaz.com.br\/barretos-regiao\/sp\/2022\/08\/03\/bebedouro-inaugura-centro-de-tratamento-a-saude-mental-das-criancas\">Bebedouro inaugura Centro de tratamento a sa\u00fade mental das crian\u00e7as<\/a><\/strong><\/p>\n<p>&nbsp;<\/p>\n","protected":false},"excerpt":{"rendered":"<p>O secret\u00e1rio municipal de Sa\u00fade, Kleber Rosa, ressalta que pessoas que tenham pensamento suicida podem procurar qualquer unidade de sa\u00fade do munic\u00edpio e buscar ajuda com os profissionais. \u201cEm todas as unidades b\u00e1sicas, um profissional da sa\u00fade pode ser procurado. Converse com ele ou ela sobre o tema. Independentemente da especializa\u00e7\u00e3o do profissional, n\u00e3o deixe &hellip;<\/p>\n","protected":false},"author":15,"featured_media":91969,"comment_status":"open","ping_status":"closed","sticky":false,"template":"","format":"standard","meta":{"footnotes":""},"categories":[129],"tags":[3693,20492,20491,9761,19580],"class_list":["post-91968","post","type-post","status-publish","format-standard","has-post-thumbnail","hentry","category-saude","tag-atendimento","tag-centro-de-valorizacao-a-vida","tag-pensamentos-suicidas","tag-saude-mental","tag-telefone"],"yoast_head":"<!-- This site is optimized with the Yoast SEO plugin v28.3 - https:\/\/yoast.com\/product\/yoast-seo-wordpress\/ -->\n<title>Unidades de sa\u00fade em Barretos est\u00e3o aptas a receber pessoas com pensamentos suicidas - Ribeir\u00e3o Preto e Regi\u00e3o<\/title>\n<meta name=\"description\" content=\"O secret\u00e1rio de Sa\u00fade, Kleber Rosa, ressalta que pessoas que tenham pensamento suicida podem procurar qualquer unidade de sa\u00fade do munic\u00edpio\" \/>\n<meta name=\"robots\" content=\"index, follow, max-snippet:-1, max-image-preview:large, max-video-preview:-1\" \/>\n<link rel=\"canonical\" href=\"https:\/\/redenoticiaz.com.br\/ribeiraopreto-regiao\/sp\/2022\/09\/21\/unidades-de-saude-em-barretos-estao-aptas-a-receber-pessoas-com-pensamentos-suicidas\" \/>\n<meta property=\"og:locale\" content=\"pt_BR\" \/>\n<meta property=\"og:type\" content=\"article\" \/>\n<meta property=\"og:title\" content=\"Unidades de sa\u00fade em Barretos est\u00e3o aptas a receber pessoas com pensamentos suicidas - Ribeir\u00e3o Preto e Regi\u00e3o\" \/>\n<meta property=\"og:description\" content=\"O secret\u00e1rio de Sa\u00fade, Kleber Rosa, ressalta que pessoas que tenham pensamento suicida podem procurar qualquer unidade de sa\u00fade do munic\u00edpio\" \/>\n<meta property=\"og:url\" content=\"https:\/\/redenoticiaz.com.br\/ribeiraopreto-regiao\/sp\/2022\/09\/21\/unidades-de-saude-em-barretos-estao-aptas-a-receber-pessoas-com-pensamentos-suicidas\" \/>\n<meta property=\"og:site_name\" content=\"Ribeir\u00e3o Preto e Regi\u00e3o\" \/>\n<meta property=\"article:publisher\" content=\"https:\/\/m.facebook.com\/redenoticiaz.barretos\" \/>\n<meta property=\"article:published_time\" content=\"2022-09-21T17:15:44+00:00\" \/>\n<meta property=\"article:modified_time\" content=\"2022-09-21T17:23:06+00:00\" \/>\n<meta property=\"og:image\" content=\"https:\/\/redenoticiaz.com.br\/ribeiraopreto-regiao\/wp-content\/uploads\/sites\/4\/2022\/09\/Secretario-ressalta.jpg\" \/>\n\t<meta property=\"og:image:width\" content=\"416\" \/>\n\t<meta property=\"og:image:height\" content=\"302\" \/>\n\t<meta property=\"og:image:type\" content=\"image\/jpeg\" \/>\n<meta name=\"twitter:card\" content=\"summary_large_image\" \/>\n<meta name=\"twitter:creator\" content=\"@RN_barretos\" \/>\n<meta name=\"twitter:site\" content=\"@RN_barretos\" \/>\n<meta name=\"twitter:label1\" content=\"Escrito por\" \/>\n\t<meta name=\"twitter:data1\" content=\"\" \/>\n\t<meta name=\"twitter:label2\" content=\"Est. tempo de leitura\" \/>\n\t<meta name=\"twitter:data2\" content=\"1 minuto\" \/>\n<script type=\"application\/ld+json\" class=\"yoast-schema-graph\">{\"@context\":\"https:\\\/\\\/schema.org\",\"@graph\":[{\"@type\":\"Article\",\"@id\":\"https:\\\/\\\/redenoticiaz.com.br\\\/ribeiraopreto-regiao\\\/sp\\\/2022\\\/09\\\/21\\\/unidades-de-saude-em-barretos-estao-aptas-a-receber-pessoas-com-pensamentos-suicidas#article\",\"isPartOf\":{\"@id\":\"https:\\\/\\\/redenoticiaz.com.br\\\/ribeiraopreto-regiao\\\/sp\\\/2022\\\/09\\\/21\\\/unidades-de-saude-em-barretos-estao-aptas-a-receber-pessoas-com-pensamentos-suicidas\"},\"author\":{\"name\":\"\",\"@id\":\"\"},\"headline\":\"Unidades de sa\u00fade em Barretos est\u00e3o aptas a receber pessoas com pensamentos suicidas\",\"datePublished\":\"2022-09-21T17:15:44+00:00\",\"dateModified\":\"2022-09-21T17:23:06+00:00\",\"mainEntityOfPage\":{\"@id\":\"https:\\\/\\\/redenoticiaz.com.br\\\/ribeiraopreto-regiao\\\/sp\\\/2022\\\/09\\\/21\\\/unidades-de-saude-em-barretos-estao-aptas-a-receber-pessoas-com-pensamentos-suicidas\"},\"wordCount\":209,\"commentCount\":0,\"publisher\":{\"@id\":\"https:\\\/\\\/redenoticiaz.com.br\\\/ribeiraopreto-regiao\\\/#organization\"},\"image\":{\"@id\":\"https:\\\/\\\/redenoticiaz.com.br\\\/ribeiraopreto-regiao\\\/sp\\\/2022\\\/09\\\/21\\\/unidades-de-saude-em-barretos-estao-aptas-a-receber-pessoas-com-pensamentos-suicidas#primaryimage\"},\"thumbnailUrl\":\"https:\\\/\\\/redenoticiaz.com.br\\\/ribeiraopreto-regiao\\\/wp-content\\\/uploads\\\/sites\\\/4\\\/2022\\\/09\\\/Secretario-ressalta.jpg\",\"keywords\":[\"ATENDIMENTO\",\"CENTRO DE VALORIZA\u00c7\u00c3O \u00c0 VIDA\",\"PENSAMENTOS SUICIDAS\",\"SA\u00daDE MENTAL\",\"TELEFONE\"],\"articleSection\":[\"Sa\u00fade\"],\"inLanguage\":\"pt-BR\",\"potentialAction\":[{\"@type\":\"CommentAction\",\"name\":\"Comment\",\"target\":[\"https:\\\/\\\/redenoticiaz.com.br\\\/ribeiraopreto-regiao\\\/sp\\\/2022\\\/09\\\/21\\\/unidades-de-saude-em-barretos-estao-aptas-a-receber-pessoas-com-pensamentos-suicidas#respond\"]}]},{\"@type\":\"WebPage\",\"@id\":\"https:\\\/\\\/redenoticiaz.com.br\\\/ribeiraopreto-regiao\\\/sp\\\/2022\\\/09\\\/21\\\/unidades-de-saude-em-barretos-estao-aptas-a-receber-pessoas-com-pensamentos-suicidas\",\"url\":\"https:\\\/\\\/redenoticiaz.com.br\\\/ribeiraopreto-regiao\\\/sp\\\/2022\\\/09\\\/21\\\/unidades-de-saude-em-barretos-estao-aptas-a-receber-pessoas-com-pensamentos-suicidas\",\"name\":\"Unidades de sa\u00fade em Barretos est\u00e3o aptas a receber pessoas com pensamentos suicidas - Ribeir\u00e3o Preto e Regi\u00e3o\",\"isPartOf\":{\"@id\":\"https:\\\/\\\/redenoticiaz.com.br\\\/ribeiraopreto-regiao\\\/#website\"},\"primaryImageOfPage\":{\"@id\":\"https:\\\/\\\/redenoticiaz.com.br\\\/ribeiraopreto-regiao\\\/sp\\\/2022\\\/09\\\/21\\\/unidades-de-saude-em-barretos-estao-aptas-a-receber-pessoas-com-pensamentos-suicidas#primaryimage\"},\"image\":{\"@id\":\"https:\\\/\\\/redenoticiaz.com.br\\\/ribeiraopreto-regiao\\\/sp\\\/2022\\\/09\\\/21\\\/unidades-de-saude-em-barretos-estao-aptas-a-receber-pessoas-com-pensamentos-suicidas#primaryimage\"},\"thumbnailUrl\":\"https:\\\/\\\/redenoticiaz.com.br\\\/ribeiraopreto-regiao\\\/wp-content\\\/uploads\\\/sites\\\/4\\\/2022\\\/09\\\/Secretario-ressalta.jpg\",\"datePublished\":\"2022-09-21T17:15:44+00:00\",\"dateModified\":\"2022-09-21T17:23:06+00:00\",\"description\":\"O secret\u00e1rio de Sa\u00fade, Kleber Rosa, ressalta que pessoas que tenham pensamento suicida podem procurar qualquer unidade de sa\u00fade do munic\u00edpio\",\"inLanguage\":\"pt-BR\",\"potentialAction\":[{\"@type\":\"ReadAction\",\"target\":[\"https:\\\/\\\/redenoticiaz.com.br\\\/ribeiraopreto-regiao\\\/sp\\\/2022\\\/09\\\/21\\\/unidades-de-saude-em-barretos-estao-aptas-a-receber-pessoas-com-pensamentos-suicidas\"]}]},{\"@type\":\"ImageObject\",\"inLanguage\":\"pt-BR\",\"@id\":\"https:\\\/\\\/redenoticiaz.com.br\\\/ribeiraopreto-regiao\\\/sp\\\/2022\\\/09\\\/21\\\/unidades-de-saude-em-barretos-estao-aptas-a-receber-pessoas-com-pensamentos-suicidas#primaryimage\",\"url\":\"https:\\\/\\\/redenoticiaz.com.br\\\/ribeiraopreto-regiao\\\/wp-content\\\/uploads\\\/sites\\\/4\\\/2022\\\/09\\\/Secretario-ressalta.jpg\",\"contentUrl\":\"https:\\\/\\\/redenoticiaz.com.br\\\/ribeiraopreto-regiao\\\/wp-content\\\/uploads\\\/sites\\\/4\\\/2022\\\/09\\\/Secretario-ressalta.jpg\",\"width\":416,\"height\":302,\"caption\":\"Secret\u00e1rio municipal de Sa\u00fade, Kleber Rosa. Cr\u00e9dito: Reprodu\u00e7\u00e3o\"},{\"@type\":\"WebSite\",\"@id\":\"https:\\\/\\\/redenoticiaz.com.br\\\/ribeiraopreto-regiao\\\/#website\",\"url\":\"https:\\\/\\\/redenoticiaz.com.br\\\/ribeiraopreto-regiao\\\/\",\"name\":\"Ribeir\u00e3o Preto e Regi\u00e3o\",\"description\":\"Rede NoticiaZ - Ribeir\u00e3o Preto e regi\u00e3o\",\"publisher\":{\"@id\":\"https:\\\/\\\/redenoticiaz.com.br\\\/ribeiraopreto-regiao\\\/#organization\"},\"potentialAction\":[{\"@type\":\"SearchAction\",\"target\":{\"@type\":\"EntryPoint\",\"urlTemplate\":\"https:\\\/\\\/redenoticiaz.com.br\\\/ribeiraopreto-regiao\\\/?s={search_term_string}\"},\"query-input\":{\"@type\":\"PropertyValueSpecification\",\"valueRequired\":true,\"valueName\":\"search_term_string\"}}],\"inLanguage\":\"pt-BR\"},{\"@type\":\"Organization\",\"@id\":\"https:\\\/\\\/redenoticiaz.com.br\\\/ribeiraopreto-regiao\\\/#organization\",\"name\":\"Ribeir\u00e3o Preto e Regi\u00e3o\",\"url\":\"https:\\\/\\\/redenoticiaz.com.br\\\/ribeiraopreto-regiao\\\/\",\"logo\":{\"@type\":\"ImageObject\",\"inLanguage\":\"pt-BR\",\"@id\":\"https:\\\/\\\/redenoticiaz.com.br\\\/ribeiraopreto-regiao\\\/#\\\/schema\\\/logo\\\/image\\\/\",\"url\":\"https:\\\/\\\/redenoticiaz.com.br\\\/barretos-regiao\\\/wp-content\\\/uploads\\\/sites\\\/4\\\/2022\\\/02\\\/logo.jpg\",\"contentUrl\":\"https:\\\/\\\/redenoticiaz.com.br\\\/barretos-regiao\\\/wp-content\\\/uploads\\\/sites\\\/4\\\/2022\\\/02\\\/logo.jpg\",\"width\":400,\"height\":250,\"caption\":\"Ribeir\u00e3o Preto e Regi\u00e3o\"},\"image\":{\"@id\":\"https:\\\/\\\/redenoticiaz.com.br\\\/ribeiraopreto-regiao\\\/#\\\/schema\\\/logo\\\/image\\\/\"},\"sameAs\":[\"https:\\\/\\\/m.facebook.com\\\/redenoticiaz.barretos\",\"https:\\\/\\\/x.com\\\/RN_barretos\",\"https:\\\/\\\/www.instagram.com\\\/redenoticiaz.barretos\\\/?igshid=YmMyMTA2M2Y\",\"https:\\\/\\\/www.linkedin.com\\\/company\\\/rede-noticiaz-barretos-e-regio\\\/\"]},{\"@type\":\"Person\",\"@id\":\"\",\"url\":\"https:\\\/\\\/redenoticiaz.com.br\\\/ribeiraopreto-regiao\\\/sp\\\/author\"}]}<\/script>\n<!-- \/ Yoast SEO plugin. -->","yoast_head_json":{"title":"Unidades de sa\u00fade em Barretos est\u00e3o aptas a receber pessoas com pensamentos suicidas - Ribeir\u00e3o Preto e Regi\u00e3o","description":"O secret\u00e1rio de Sa\u00fade, Kleber Rosa, ressalta que pessoas que tenham pensamento suicida podem procurar qualquer unidade de sa\u00fade do munic\u00edpio","robots":{"index":"index","follow":"follow","max-snippet":"max-snippet:-1","max-image-preview":"max-image-preview:large","max-video-preview":"max-video-preview:-1"},"canonical":"https:\/\/redenoticiaz.com.br\/ribeiraopreto-regiao\/sp\/2022\/09\/21\/unidades-de-saude-em-barretos-estao-aptas-a-receber-pessoas-com-pensamentos-suicidas","og_locale":"pt_BR","og_type":"article","og_title":"Unidades de sa\u00fade em Barretos est\u00e3o aptas a receber pessoas com pensamentos suicidas - Ribeir\u00e3o Preto e Regi\u00e3o","og_description":"O secret\u00e1rio de Sa\u00fade, Kleber Rosa, ressalta que pessoas que tenham pensamento suicida podem procurar qualquer unidade de sa\u00fade do munic\u00edpio","og_url":"https:\/\/redenoticiaz.com.br\/ribeiraopreto-regiao\/sp\/2022\/09\/21\/unidades-de-saude-em-barretos-estao-aptas-a-receber-pessoas-com-pensamentos-suicidas","og_site_name":"Ribeir\u00e3o Preto e Regi\u00e3o","article_publisher":"https:\/\/m.facebook.com\/redenoticiaz.barretos","article_published_time":"2022-09-21T17:15:44+00:00","article_modified_time":"2022-09-21T17:23:06+00:00","og_image":[{"width":416,"height":302,"url":"https:\/\/redenoticiaz.com.br\/ribeiraopreto-regiao\/wp-content\/uploads\/sites\/4\/2022\/09\/Secretario-ressalta.jpg","type":"image\/jpeg"}],"twitter_card":"summary_large_image","twitter_creator":"@RN_barretos","twitter_site":"@RN_barretos","twitter_misc":{"Escrito por":"","Est. tempo de leitura":"1 minuto"},"schema":{"@context":"https:\/\/schema.org","@graph":[{"@type":"Article","@id":"https:\/\/redenoticiaz.com.br\/ribeiraopreto-regiao\/sp\/2022\/09\/21\/unidades-de-saude-em-barretos-estao-aptas-a-receber-pessoas-com-pensamentos-suicidas#article","isPartOf":{"@id":"https:\/\/redenoticiaz.com.br\/ribeiraopreto-regiao\/sp\/2022\/09\/21\/unidades-de-saude-em-barretos-estao-aptas-a-receber-pessoas-com-pensamentos-suicidas"},"author":{"name":"","@id":""},"headline":"Unidades de sa\u00fade em Barretos est\u00e3o aptas a receber pessoas com pensamentos suicidas","datePublished":"2022-09-21T17:15:44+00:00","dateModified":"2022-09-21T17:23:06+00:00","mainEntityOfPage":{"@id":"https:\/\/redenoticiaz.com.br\/ribeiraopreto-regiao\/sp\/2022\/09\/21\/unidades-de-saude-em-barretos-estao-aptas-a-receber-pessoas-com-pensamentos-suicidas"},"wordCount":209,"commentCount":0,"publisher":{"@id":"https:\/\/redenoticiaz.com.br\/ribeiraopreto-regiao\/#organization"},"image":{"@id":"https:\/\/redenoticiaz.com.br\/ribeiraopreto-regiao\/sp\/2022\/09\/21\/unidades-de-saude-em-barretos-estao-aptas-a-receber-pessoas-com-pensamentos-suicidas#primaryimage"},"thumbnailUrl":"https:\/\/redenoticiaz.com.br\/ribeiraopreto-regiao\/wp-content\/uploads\/sites\/4\/2022\/09\/Secretario-ressalta.jpg","keywords":["ATENDIMENTO","CENTRO DE VALORIZA\u00c7\u00c3O \u00c0 VIDA","PENSAMENTOS SUICIDAS","SA\u00daDE MENTAL","TELEFONE"],"articleSection":["Sa\u00fade"],"inLanguage":"pt-BR","potentialAction":[{"@type":"CommentAction","name":"Comment","target":["https:\/\/redenoticiaz.com.br\/ribeiraopreto-regiao\/sp\/2022\/09\/21\/unidades-de-saude-em-barretos-estao-aptas-a-receber-pessoas-com-pensamentos-suicidas#respond"]}]},{"@type":"WebPage","@id":"https:\/\/redenoticiaz.com.br\/ribeiraopreto-regiao\/sp\/2022\/09\/21\/unidades-de-saude-em-barretos-estao-aptas-a-receber-pessoas-com-pensamentos-suicidas","url":"https:\/\/redenoticiaz.com.br\/ribeiraopreto-regiao\/sp\/2022\/09\/21\/unidades-de-saude-em-barretos-estao-aptas-a-receber-pessoas-com-pensamentos-suicidas","name":"Unidades de sa\u00fade em Barretos est\u00e3o aptas a receber pessoas com pensamentos suicidas - Ribeir\u00e3o Preto e Regi\u00e3o","isPartOf":{"@id":"https:\/\/redenoticiaz.com.br\/ribeiraopreto-regiao\/#website"},"primaryImageOfPage":{"@id":"https:\/\/redenoticiaz.com.br\/ribeiraopreto-regiao\/sp\/2022\/09\/21\/unidades-de-saude-em-barretos-estao-aptas-a-receber-pessoas-com-pensamentos-suicidas#primaryimage"},"image":{"@id":"https:\/\/redenoticiaz.com.br\/ribeiraopreto-regiao\/sp\/2022\/09\/21\/unidades-de-saude-em-barretos-estao-aptas-a-receber-pessoas-com-pensamentos-suicidas#primaryimage"},"thumbnailUrl":"https:\/\/redenoticiaz.com.br\/ribeiraopreto-regiao\/wp-content\/uploads\/sites\/4\/2022\/09\/Secretario-ressalta.jpg","datePublished":"2022-09-21T17:15:44+00:00","dateModified":"2022-09-21T17:23:06+00:00","description":"O secret\u00e1rio de Sa\u00fade, Kleber Rosa, ressalta que pessoas que tenham pensamento suicida podem procurar qualquer unidade de sa\u00fade do munic\u00edpio","inLanguage":"pt-BR","potentialAction":[{"@type":"ReadAction","target":["https:\/\/redenoticiaz.com.br\/ribeiraopreto-regiao\/sp\/2022\/09\/21\/unidades-de-saude-em-barretos-estao-aptas-a-receber-pessoas-com-pensamentos-suicidas"]}]},{"@type":"ImageObject","inLanguage":"pt-BR","@id":"https:\/\/redenoticiaz.com.br\/ribeiraopreto-regiao\/sp\/2022\/09\/21\/unidades-de-saude-em-barretos-estao-aptas-a-receber-pessoas-com-pensamentos-suicidas#primaryimage","url":"https:\/\/redenoticiaz.com.br\/ribeiraopreto-regiao\/wp-content\/uploads\/sites\/4\/2022\/09\/Secretario-ressalta.jpg","contentUrl":"https:\/\/redenoticiaz.com.br\/ribeiraopreto-regiao\/wp-content\/uploads\/sites\/4\/2022\/09\/Secretario-ressalta.jpg","width":416,"height":302,"caption":"Secret\u00e1rio municipal de Sa\u00fade, Kleber Rosa. Cr\u00e9dito: Reprodu\u00e7\u00e3o"},{"@type":"WebSite","@id":"https:\/\/redenoticiaz.com.br\/ribeiraopreto-regiao\/#website","url":"https:\/\/redenoticiaz.com.br\/ribeiraopreto-regiao\/","name":"Ribeir\u00e3o Preto e Regi\u00e3o","description":"Rede NoticiaZ - Ribeir\u00e3o Preto e regi\u00e3o","publisher":{"@id":"https:\/\/redenoticiaz.com.br\/ribeiraopreto-regiao\/#organization"},"potentialAction":[{"@type":"SearchAction","target":{"@type":"EntryPoint","urlTemplate":"https:\/\/redenoticiaz.com.br\/ribeiraopreto-regiao\/?s={search_term_string}"},"query-input":{"@type":"PropertyValueSpecification","valueRequired":true,"valueName":"search_term_string"}}],"inLanguage":"pt-BR"},{"@type":"Organization","@id":"https:\/\/redenoticiaz.com.br\/ribeiraopreto-regiao\/#organization","name":"Ribeir\u00e3o Preto e Regi\u00e3o","url":"https:\/\/redenoticiaz.com.br\/ribeiraopreto-regiao\/","logo":{"@type":"ImageObject","inLanguage":"pt-BR","@id":"https:\/\/redenoticiaz.com.br\/ribeiraopreto-regiao\/#\/schema\/logo\/image\/","url":"https:\/\/redenoticiaz.com.br\/barretos-regiao\/wp-content\/uploads\/sites\/4\/2022\/02\/logo.jpg","contentUrl":"https:\/\/redenoticiaz.com.br\/barretos-regiao\/wp-content\/uploads\/sites\/4\/2022\/02\/logo.jpg","width":400,"height":250,"caption":"Ribeir\u00e3o Preto e Regi\u00e3o"},"image":{"@id":"https:\/\/redenoticiaz.com.br\/ribeiraopreto-regiao\/#\/schema\/logo\/image\/"},"sameAs":["https:\/\/m.facebook.com\/redenoticiaz.barretos","https:\/\/x.com\/RN_barretos","https:\/\/www.instagram.com\/redenoticiaz.barretos\/?igshid=YmMyMTA2M2Y","https:\/\/www.linkedin.com\/company\/rede-noticiaz-barretos-e-regio\/"]},{"@type":"Person","@id":"","url":"https:\/\/redenoticiaz.com.br\/ribeiraopreto-regiao\/sp\/author"}]}},"_links":{"self":[{"href":"https:\/\/redenoticiaz.com.br\/ribeiraopreto-regiao\/wp-json\/wp\/v2\/posts\/91968","targetHints":{"allow":["GET"]}}],"collection":[{"href":"https:\/\/redenoticiaz.com.br\/ribeiraopreto-regiao\/wp-json\/wp\/v2\/posts"}],"about":[{"href":"https:\/\/redenoticiaz.com.br\/ribeiraopreto-regiao\/wp-json\/wp\/v2\/types\/post"}],"author":[{"embeddable":true,"href":"https:\/\/redenoticiaz.com.br\/ribeiraopreto-regiao\/wp-json\/wp\/v2\/users\/15"}],"replies":[{"embeddable":true,"href":"https:\/\/redenoticiaz.com.br\/ribeiraopreto-regiao\/wp-json\/wp\/v2\/comments?post=91968"}],"version-history":[{"count":1,"href":"https:\/\/redenoticiaz.com.br\/ribeiraopreto-regiao\/wp-json\/wp\/v2\/posts\/91968\/revisions"}],"predecessor-version":[{"id":91970,"href":"https:\/\/redenoticiaz.com.br\/ribeiraopreto-regiao\/wp-json\/wp\/v2\/posts\/91968\/revisions\/91970"}],"wp:featuredmedia":[{"embeddable":true,"href":"https:\/\/redenoticiaz.com.br\/ribeiraopreto-regiao\/wp-json\/wp\/v2\/media\/91969"}],"wp:attachment":[{"href":"https:\/\/redenoticiaz.com.br\/ribeiraopreto-regiao\/wp-json\/wp\/v2\/media?parent=91968"}],"wp:term":[{"taxonomy":"category","embeddable":true,"href":"https:\/\/redenoticiaz.com.br\/ribeiraopreto-regiao\/wp-json\/wp\/v2\/categories?post=91968"},{"taxonomy":"post_tag","embeddable":true,"href":"https:\/\/redenoticiaz.com.br\/ribeiraopreto-regiao\/wp-json\/wp\/v2\/tags?post=91968"}],"curies":[{"name":"wp","href":"https:\/\/api.w.org\/{rel}","templated":true}]}}