{"id":92113,"date":"2022-09-23T13:54:08","date_gmt":"2022-09-23T16:54:08","guid":{"rendered":"https:\/\/redenoticiaz.com.br\/barretos-regiao\/?p=92113"},"modified":"2022-09-23T13:54:08","modified_gmt":"2022-09-23T16:54:08","slug":"saae-esclarece-sobre-a-falta-de-agua-em-diversos-bairros-de-barretos","status":"publish","type":"post","link":"https:\/\/redenoticiaz.com.br\/ribeiraopreto-regiao\/sp\/2022\/09\/23\/saae-esclarece-sobre-a-falta-de-agua-em-diversos-bairros-de-barretos","title":{"rendered":"SAAE esclarece a falta de \u00e1gua em diversos bairros em Barretos"},"content":{"rendered":"<p>Desde a noite de quarta-feira (21), com a chuva e picos de energia, o fornecimento de energia el\u00e9trica na capta\u00e7\u00e3o de \u00e1gua do c\u00f3rrego Pitangueiras foi interrompido.<\/p>\n<p><em>\u201cA capta\u00e7\u00e3o de \u00e1gua do c\u00f3rrego Pitangueiras \u00e9 respons\u00e1vel por 60% do abastecimento de toda a cidade. Equipes trabalham desde a noite de ontem (quarta-feira) para solucionar os problemas. Hoje (ontem), pela manh\u00e3, na religa\u00e7\u00e3o da energia pela CPFL, foi constatado um problema num cabo subterr\u00e2neo. Imediatamente contratamos um gerador de energia para ligar as bombas\u201d<\/em>, diz a superintendente interina do SAAE Barretos, Gra\u00e7a Lemos.<\/p>\n<p>Em Barretos n\u00e3o h\u00e1 geradores com grandes capacidades de carga, por isso, foi contratada uma empresa de Serrana para instalar o equipamento na capta\u00e7\u00e3o do Pitangueiras, que chegar\u00e1 na cidade em at\u00e9 tr\u00eas horas.<\/p>\n<p><em>\u201cPe\u00e7o a compreens\u00e3o de todos porque mesmo com a instala\u00e7\u00e3o do gerador ser\u00e1 preciso aguardar algumas horas at\u00e9 que seja normalizado o abastecimento nos bairros afetados\u201d<\/em>, solicita Gra\u00e7a.<\/p>\n<p>A equipe do SAAEB est\u00e1 todo empenhada para solucionar o problema e os moradores que precisarem de caminh\u00e3o-pipa basta ligar no Plant\u00e3o 24h: (17) 3321-5300.<\/p>\n<p><strong>VEJA TAMB\u00c9M:\u00a0<a href=\"https:\/\/redenoticiaz.com.br\/barretos-regiao\/sp\/2022\/09\/22\/saae-consegue-restabelecer-funcionamento-eletrico-na-eta-pereira\">SAAE consegue restabelecer funcionamento el\u00e9trico na ETA Pereira<\/a><\/strong><\/p>\n","protected":false},"excerpt":{"rendered":"<p>Desde a noite de quarta-feira (21), com a chuva e picos de energia, o fornecimento de energia el\u00e9trica na capta\u00e7\u00e3o de \u00e1gua do c\u00f3rrego Pitangueiras foi interrompido. \u201cA capta\u00e7\u00e3o de \u00e1gua do c\u00f3rrego Pitangueiras \u00e9 respons\u00e1vel por 60% do abastecimento de toda a cidade. Equipes trabalham desde a noite de ontem (quarta-feira) para solucionar os &hellip;<\/p>\n","protected":false},"author":15,"featured_media":92114,"comment_status":"open","ping_status":"closed","sticky":false,"template":"","format":"standard","meta":{"footnotes":""},"categories":[2920],"tags":[3172,20574,20575,3796],"class_list":["post-92113","post","type-post","status-publish","format-standard","has-post-thumbnail","hentry","category-obras","tag-agua","tag-corrego-pitangueiras","tag-picos-de-energia","tag-saae"],"yoast_head":"<!-- This site is optimized with the Yoast SEO plugin v27.4 - https:\/\/yoast.com\/product\/yoast-seo-wordpress\/ -->\n<title>SAAE esclarece a falta de \u00e1gua em diversos bairros em Barretos - Ribeir\u00e3o Preto e Regi\u00e3o<\/title>\n<meta name=\"description\" content=\"Com a chuva e picos de energia, o fornecimento de energia el\u00e9trica na capta\u00e7\u00e3o de \u00e1gua do c\u00f3rrego Pitangueiras foi interrompido.\" \/>\n<meta name=\"robots\" content=\"index, follow, max-snippet:-1, max-image-preview:large, max-video-preview:-1\" \/>\n<link rel=\"canonical\" href=\"https:\/\/redenoticiaz.com.br\/ribeiraopreto-regiao\/sp\/2022\/09\/23\/saae-esclarece-sobre-a-falta-de-agua-em-diversos-bairros-de-barretos\" \/>\n<meta property=\"og:locale\" content=\"pt_BR\" \/>\n<meta property=\"og:type\" content=\"article\" \/>\n<meta property=\"og:title\" content=\"SAAE esclarece a falta de \u00e1gua em diversos bairros em Barretos - Ribeir\u00e3o Preto e Regi\u00e3o\" \/>\n<meta property=\"og:description\" content=\"Com a chuva e picos de energia, o fornecimento de energia el\u00e9trica na capta\u00e7\u00e3o de \u00e1gua do c\u00f3rrego Pitangueiras foi interrompido.\" \/>\n<meta property=\"og:url\" content=\"https:\/\/redenoticiaz.com.br\/ribeiraopreto-regiao\/sp\/2022\/09\/23\/saae-esclarece-sobre-a-falta-de-agua-em-diversos-bairros-de-barretos\" \/>\n<meta property=\"og:site_name\" content=\"Ribeir\u00e3o Preto e Regi\u00e3o\" \/>\n<meta property=\"article:publisher\" content=\"https:\/\/m.facebook.com\/redenoticiaz.barretos\" \/>\n<meta property=\"article:published_time\" content=\"2022-09-23T16:54:08+00:00\" \/>\n<meta property=\"og:image\" content=\"https:\/\/redenoticiaz.com.br\/ribeiraopreto-regiao\/wp-content\/uploads\/sites\/4\/2022\/09\/Nota-a-imprensa.jpg\" \/>\n\t<meta property=\"og:image:width\" content=\"309\" \/>\n\t<meta property=\"og:image:height\" content=\"405\" \/>\n\t<meta property=\"og:image:type\" content=\"image\/jpeg\" \/>\n<meta name=\"twitter:card\" content=\"summary_large_image\" \/>\n<meta name=\"twitter:creator\" content=\"@RN_barretos\" \/>\n<meta name=\"twitter:site\" content=\"@RN_barretos\" \/>\n<meta name=\"twitter:label1\" content=\"Escrito por\" \/>\n\t<meta name=\"twitter:data1\" content=\"\" \/>\n\t<meta name=\"twitter:label2\" content=\"Est. tempo de leitura\" \/>\n\t<meta name=\"twitter:data2\" content=\"2 minutos\" \/>\n<script type=\"application\/ld+json\" class=\"yoast-schema-graph\">{\"@context\":\"https:\\\/\\\/schema.org\",\"@graph\":[{\"@type\":\"Article\",\"@id\":\"https:\\\/\\\/redenoticiaz.com.br\\\/ribeiraopreto-regiao\\\/sp\\\/2022\\\/09\\\/23\\\/saae-esclarece-sobre-a-falta-de-agua-em-diversos-bairros-de-barretos#article\",\"isPartOf\":{\"@id\":\"https:\\\/\\\/redenoticiaz.com.br\\\/ribeiraopreto-regiao\\\/sp\\\/2022\\\/09\\\/23\\\/saae-esclarece-sobre-a-falta-de-agua-em-diversos-bairros-de-barretos\"},\"author\":{\"name\":\"\",\"@id\":\"\"},\"headline\":\"SAAE esclarece a falta de \u00e1gua em diversos bairros em Barretos\",\"datePublished\":\"2022-09-23T16:54:08+00:00\",\"mainEntityOfPage\":{\"@id\":\"https:\\\/\\\/redenoticiaz.com.br\\\/ribeiraopreto-regiao\\\/sp\\\/2022\\\/09\\\/23\\\/saae-esclarece-sobre-a-falta-de-agua-em-diversos-bairros-de-barretos\"},\"wordCount\":216,\"commentCount\":0,\"publisher\":{\"@id\":\"https:\\\/\\\/redenoticiaz.com.br\\\/ribeiraopreto-regiao\\\/#organization\"},\"image\":{\"@id\":\"https:\\\/\\\/redenoticiaz.com.br\\\/ribeiraopreto-regiao\\\/sp\\\/2022\\\/09\\\/23\\\/saae-esclarece-sobre-a-falta-de-agua-em-diversos-bairros-de-barretos#primaryimage\"},\"thumbnailUrl\":\"https:\\\/\\\/redenoticiaz.com.br\\\/ribeiraopreto-regiao\\\/wp-content\\\/uploads\\\/sites\\\/4\\\/2022\\\/09\\\/Nota-a-imprensa.jpg\",\"keywords\":[\"\u00c1GUA\",\"C\u00d3RREGO PITANGUEIRAS\",\"PICOS DE ENERGIA\",\"SAAE\"],\"articleSection\":[\"Obras\"],\"inLanguage\":\"pt-BR\",\"potentialAction\":[{\"@type\":\"CommentAction\",\"name\":\"Comment\",\"target\":[\"https:\\\/\\\/redenoticiaz.com.br\\\/ribeiraopreto-regiao\\\/sp\\\/2022\\\/09\\\/23\\\/saae-esclarece-sobre-a-falta-de-agua-em-diversos-bairros-de-barretos#respond\"]}]},{\"@type\":\"WebPage\",\"@id\":\"https:\\\/\\\/redenoticiaz.com.br\\\/ribeiraopreto-regiao\\\/sp\\\/2022\\\/09\\\/23\\\/saae-esclarece-sobre-a-falta-de-agua-em-diversos-bairros-de-barretos\",\"url\":\"https:\\\/\\\/redenoticiaz.com.br\\\/ribeiraopreto-regiao\\\/sp\\\/2022\\\/09\\\/23\\\/saae-esclarece-sobre-a-falta-de-agua-em-diversos-bairros-de-barretos\",\"name\":\"SAAE esclarece a falta de \u00e1gua em diversos bairros em Barretos - Ribeir\u00e3o Preto e Regi\u00e3o\",\"isPartOf\":{\"@id\":\"https:\\\/\\\/redenoticiaz.com.br\\\/ribeiraopreto-regiao\\\/#website\"},\"primaryImageOfPage\":{\"@id\":\"https:\\\/\\\/redenoticiaz.com.br\\\/ribeiraopreto-regiao\\\/sp\\\/2022\\\/09\\\/23\\\/saae-esclarece-sobre-a-falta-de-agua-em-diversos-bairros-de-barretos#primaryimage\"},\"image\":{\"@id\":\"https:\\\/\\\/redenoticiaz.com.br\\\/ribeiraopreto-regiao\\\/sp\\\/2022\\\/09\\\/23\\\/saae-esclarece-sobre-a-falta-de-agua-em-diversos-bairros-de-barretos#primaryimage\"},\"thumbnailUrl\":\"https:\\\/\\\/redenoticiaz.com.br\\\/ribeiraopreto-regiao\\\/wp-content\\\/uploads\\\/sites\\\/4\\\/2022\\\/09\\\/Nota-a-imprensa.jpg\",\"datePublished\":\"2022-09-23T16:54:08+00:00\",\"description\":\"Com a chuva e picos de energia, o fornecimento de energia el\u00e9trica na capta\u00e7\u00e3o de \u00e1gua do c\u00f3rrego Pitangueiras foi interrompido.\",\"inLanguage\":\"pt-BR\",\"potentialAction\":[{\"@type\":\"ReadAction\",\"target\":[\"https:\\\/\\\/redenoticiaz.com.br\\\/ribeiraopreto-regiao\\\/sp\\\/2022\\\/09\\\/23\\\/saae-esclarece-sobre-a-falta-de-agua-em-diversos-bairros-de-barretos\"]}]},{\"@type\":\"ImageObject\",\"inLanguage\":\"pt-BR\",\"@id\":\"https:\\\/\\\/redenoticiaz.com.br\\\/ribeiraopreto-regiao\\\/sp\\\/2022\\\/09\\\/23\\\/saae-esclarece-sobre-a-falta-de-agua-em-diversos-bairros-de-barretos#primaryimage\",\"url\":\"https:\\\/\\\/redenoticiaz.com.br\\\/ribeiraopreto-regiao\\\/wp-content\\\/uploads\\\/sites\\\/4\\\/2022\\\/09\\\/Nota-a-imprensa.jpg\",\"contentUrl\":\"https:\\\/\\\/redenoticiaz.com.br\\\/ribeiraopreto-regiao\\\/wp-content\\\/uploads\\\/sites\\\/4\\\/2022\\\/09\\\/Nota-a-imprensa.jpg\",\"width\":309,\"height\":405,\"caption\":\"Cr\u00e9dito: Reprodu\u00e7\u00e3o\"},{\"@type\":\"WebSite\",\"@id\":\"https:\\\/\\\/redenoticiaz.com.br\\\/ribeiraopreto-regiao\\\/#website\",\"url\":\"https:\\\/\\\/redenoticiaz.com.br\\\/ribeiraopreto-regiao\\\/\",\"name\":\"Ribeir\u00e3o Preto e Regi\u00e3o\",\"description\":\"Rede NoticiaZ - Ribeir\u00e3o Preto e regi\u00e3o\",\"publisher\":{\"@id\":\"https:\\\/\\\/redenoticiaz.com.br\\\/ribeiraopreto-regiao\\\/#organization\"},\"potentialAction\":[{\"@type\":\"SearchAction\",\"target\":{\"@type\":\"EntryPoint\",\"urlTemplate\":\"https:\\\/\\\/redenoticiaz.com.br\\\/ribeiraopreto-regiao\\\/?s={search_term_string}\"},\"query-input\":{\"@type\":\"PropertyValueSpecification\",\"valueRequired\":true,\"valueName\":\"search_term_string\"}}],\"inLanguage\":\"pt-BR\"},{\"@type\":\"Organization\",\"@id\":\"https:\\\/\\\/redenoticiaz.com.br\\\/ribeiraopreto-regiao\\\/#organization\",\"name\":\"Ribeir\u00e3o Preto e Regi\u00e3o\",\"url\":\"https:\\\/\\\/redenoticiaz.com.br\\\/ribeiraopreto-regiao\\\/\",\"logo\":{\"@type\":\"ImageObject\",\"inLanguage\":\"pt-BR\",\"@id\":\"https:\\\/\\\/redenoticiaz.com.br\\\/ribeiraopreto-regiao\\\/#\\\/schema\\\/logo\\\/image\\\/\",\"url\":\"https:\\\/\\\/redenoticiaz.com.br\\\/barretos-regiao\\\/wp-content\\\/uploads\\\/sites\\\/4\\\/2022\\\/02\\\/logo.jpg\",\"contentUrl\":\"https:\\\/\\\/redenoticiaz.com.br\\\/barretos-regiao\\\/wp-content\\\/uploads\\\/sites\\\/4\\\/2022\\\/02\\\/logo.jpg\",\"width\":400,\"height\":250,\"caption\":\"Ribeir\u00e3o Preto e Regi\u00e3o\"},\"image\":{\"@id\":\"https:\\\/\\\/redenoticiaz.com.br\\\/ribeiraopreto-regiao\\\/#\\\/schema\\\/logo\\\/image\\\/\"},\"sameAs\":[\"https:\\\/\\\/m.facebook.com\\\/redenoticiaz.barretos\",\"https:\\\/\\\/x.com\\\/RN_barretos\",\"https:\\\/\\\/www.instagram.com\\\/redenoticiaz.barretos\\\/?igshid=YmMyMTA2M2Y\",\"https:\\\/\\\/www.linkedin.com\\\/company\\\/rede-noticiaz-barretos-e-regio\\\/\"]},{\"@type\":\"Person\",\"@id\":\"\",\"url\":\"https:\\\/\\\/redenoticiaz.com.br\\\/ribeiraopreto-regiao\\\/sp\\\/author\"}]}<\/script>\n<!-- \/ Yoast SEO plugin. -->","yoast_head_json":{"title":"SAAE esclarece a falta de \u00e1gua em diversos bairros em Barretos - Ribeir\u00e3o Preto e Regi\u00e3o","description":"Com a chuva e picos de energia, o fornecimento de energia el\u00e9trica na capta\u00e7\u00e3o de \u00e1gua do c\u00f3rrego Pitangueiras foi interrompido.","robots":{"index":"index","follow":"follow","max-snippet":"max-snippet:-1","max-image-preview":"max-image-preview:large","max-video-preview":"max-video-preview:-1"},"canonical":"https:\/\/redenoticiaz.com.br\/ribeiraopreto-regiao\/sp\/2022\/09\/23\/saae-esclarece-sobre-a-falta-de-agua-em-diversos-bairros-de-barretos","og_locale":"pt_BR","og_type":"article","og_title":"SAAE esclarece a falta de \u00e1gua em diversos bairros em Barretos - Ribeir\u00e3o Preto e Regi\u00e3o","og_description":"Com a chuva e picos de energia, o fornecimento de energia el\u00e9trica na capta\u00e7\u00e3o de \u00e1gua do c\u00f3rrego Pitangueiras foi interrompido.","og_url":"https:\/\/redenoticiaz.com.br\/ribeiraopreto-regiao\/sp\/2022\/09\/23\/saae-esclarece-sobre-a-falta-de-agua-em-diversos-bairros-de-barretos","og_site_name":"Ribeir\u00e3o Preto e Regi\u00e3o","article_publisher":"https:\/\/m.facebook.com\/redenoticiaz.barretos","article_published_time":"2022-09-23T16:54:08+00:00","og_image":[{"width":309,"height":405,"url":"https:\/\/redenoticiaz.com.br\/ribeiraopreto-regiao\/wp-content\/uploads\/sites\/4\/2022\/09\/Nota-a-imprensa.jpg","type":"image\/jpeg"}],"twitter_card":"summary_large_image","twitter_creator":"@RN_barretos","twitter_site":"@RN_barretos","twitter_misc":{"Escrito por":"","Est. tempo de leitura":"2 minutos"},"schema":{"@context":"https:\/\/schema.org","@graph":[{"@type":"Article","@id":"https:\/\/redenoticiaz.com.br\/ribeiraopreto-regiao\/sp\/2022\/09\/23\/saae-esclarece-sobre-a-falta-de-agua-em-diversos-bairros-de-barretos#article","isPartOf":{"@id":"https:\/\/redenoticiaz.com.br\/ribeiraopreto-regiao\/sp\/2022\/09\/23\/saae-esclarece-sobre-a-falta-de-agua-em-diversos-bairros-de-barretos"},"author":{"name":"","@id":""},"headline":"SAAE esclarece a falta de \u00e1gua em diversos bairros em Barretos","datePublished":"2022-09-23T16:54:08+00:00","mainEntityOfPage":{"@id":"https:\/\/redenoticiaz.com.br\/ribeiraopreto-regiao\/sp\/2022\/09\/23\/saae-esclarece-sobre-a-falta-de-agua-em-diversos-bairros-de-barretos"},"wordCount":216,"commentCount":0,"publisher":{"@id":"https:\/\/redenoticiaz.com.br\/ribeiraopreto-regiao\/#organization"},"image":{"@id":"https:\/\/redenoticiaz.com.br\/ribeiraopreto-regiao\/sp\/2022\/09\/23\/saae-esclarece-sobre-a-falta-de-agua-em-diversos-bairros-de-barretos#primaryimage"},"thumbnailUrl":"https:\/\/redenoticiaz.com.br\/ribeiraopreto-regiao\/wp-content\/uploads\/sites\/4\/2022\/09\/Nota-a-imprensa.jpg","keywords":["\u00c1GUA","C\u00d3RREGO PITANGUEIRAS","PICOS DE ENERGIA","SAAE"],"articleSection":["Obras"],"inLanguage":"pt-BR","potentialAction":[{"@type":"CommentAction","name":"Comment","target":["https:\/\/redenoticiaz.com.br\/ribeiraopreto-regiao\/sp\/2022\/09\/23\/saae-esclarece-sobre-a-falta-de-agua-em-diversos-bairros-de-barretos#respond"]}]},{"@type":"WebPage","@id":"https:\/\/redenoticiaz.com.br\/ribeiraopreto-regiao\/sp\/2022\/09\/23\/saae-esclarece-sobre-a-falta-de-agua-em-diversos-bairros-de-barretos","url":"https:\/\/redenoticiaz.com.br\/ribeiraopreto-regiao\/sp\/2022\/09\/23\/saae-esclarece-sobre-a-falta-de-agua-em-diversos-bairros-de-barretos","name":"SAAE esclarece a falta de \u00e1gua em diversos bairros em Barretos - Ribeir\u00e3o Preto e Regi\u00e3o","isPartOf":{"@id":"https:\/\/redenoticiaz.com.br\/ribeiraopreto-regiao\/#website"},"primaryImageOfPage":{"@id":"https:\/\/redenoticiaz.com.br\/ribeiraopreto-regiao\/sp\/2022\/09\/23\/saae-esclarece-sobre-a-falta-de-agua-em-diversos-bairros-de-barretos#primaryimage"},"image":{"@id":"https:\/\/redenoticiaz.com.br\/ribeiraopreto-regiao\/sp\/2022\/09\/23\/saae-esclarece-sobre-a-falta-de-agua-em-diversos-bairros-de-barretos#primaryimage"},"thumbnailUrl":"https:\/\/redenoticiaz.com.br\/ribeiraopreto-regiao\/wp-content\/uploads\/sites\/4\/2022\/09\/Nota-a-imprensa.jpg","datePublished":"2022-09-23T16:54:08+00:00","description":"Com a chuva e picos de energia, o fornecimento de energia el\u00e9trica na capta\u00e7\u00e3o de \u00e1gua do c\u00f3rrego Pitangueiras foi interrompido.","inLanguage":"pt-BR","potentialAction":[{"@type":"ReadAction","target":["https:\/\/redenoticiaz.com.br\/ribeiraopreto-regiao\/sp\/2022\/09\/23\/saae-esclarece-sobre-a-falta-de-agua-em-diversos-bairros-de-barretos"]}]},{"@type":"ImageObject","inLanguage":"pt-BR","@id":"https:\/\/redenoticiaz.com.br\/ribeiraopreto-regiao\/sp\/2022\/09\/23\/saae-esclarece-sobre-a-falta-de-agua-em-diversos-bairros-de-barretos#primaryimage","url":"https:\/\/redenoticiaz.com.br\/ribeiraopreto-regiao\/wp-content\/uploads\/sites\/4\/2022\/09\/Nota-a-imprensa.jpg","contentUrl":"https:\/\/redenoticiaz.com.br\/ribeiraopreto-regiao\/wp-content\/uploads\/sites\/4\/2022\/09\/Nota-a-imprensa.jpg","width":309,"height":405,"caption":"Cr\u00e9dito: Reprodu\u00e7\u00e3o"},{"@type":"WebSite","@id":"https:\/\/redenoticiaz.com.br\/ribeiraopreto-regiao\/#website","url":"https:\/\/redenoticiaz.com.br\/ribeiraopreto-regiao\/","name":"Ribeir\u00e3o Preto e Regi\u00e3o","description":"Rede NoticiaZ - Ribeir\u00e3o Preto e regi\u00e3o","publisher":{"@id":"https:\/\/redenoticiaz.com.br\/ribeiraopreto-regiao\/#organization"},"potentialAction":[{"@type":"SearchAction","target":{"@type":"EntryPoint","urlTemplate":"https:\/\/redenoticiaz.com.br\/ribeiraopreto-regiao\/?s={search_term_string}"},"query-input":{"@type":"PropertyValueSpecification","valueRequired":true,"valueName":"search_term_string"}}],"inLanguage":"pt-BR"},{"@type":"Organization","@id":"https:\/\/redenoticiaz.com.br\/ribeiraopreto-regiao\/#organization","name":"Ribeir\u00e3o Preto e Regi\u00e3o","url":"https:\/\/redenoticiaz.com.br\/ribeiraopreto-regiao\/","logo":{"@type":"ImageObject","inLanguage":"pt-BR","@id":"https:\/\/redenoticiaz.com.br\/ribeiraopreto-regiao\/#\/schema\/logo\/image\/","url":"https:\/\/redenoticiaz.com.br\/barretos-regiao\/wp-content\/uploads\/sites\/4\/2022\/02\/logo.jpg","contentUrl":"https:\/\/redenoticiaz.com.br\/barretos-regiao\/wp-content\/uploads\/sites\/4\/2022\/02\/logo.jpg","width":400,"height":250,"caption":"Ribeir\u00e3o Preto e Regi\u00e3o"},"image":{"@id":"https:\/\/redenoticiaz.com.br\/ribeiraopreto-regiao\/#\/schema\/logo\/image\/"},"sameAs":["https:\/\/m.facebook.com\/redenoticiaz.barretos","https:\/\/x.com\/RN_barretos","https:\/\/www.instagram.com\/redenoticiaz.barretos\/?igshid=YmMyMTA2M2Y","https:\/\/www.linkedin.com\/company\/rede-noticiaz-barretos-e-regio\/"]},{"@type":"Person","@id":"","url":"https:\/\/redenoticiaz.com.br\/ribeiraopreto-regiao\/sp\/author"}]}},"_links":{"self":[{"href":"https:\/\/redenoticiaz.com.br\/ribeiraopreto-regiao\/wp-json\/wp\/v2\/posts\/92113","targetHints":{"allow":["GET"]}}],"collection":[{"href":"https:\/\/redenoticiaz.com.br\/ribeiraopreto-regiao\/wp-json\/wp\/v2\/posts"}],"about":[{"href":"https:\/\/redenoticiaz.com.br\/ribeiraopreto-regiao\/wp-json\/wp\/v2\/types\/post"}],"author":[{"embeddable":true,"href":"https:\/\/redenoticiaz.com.br\/ribeiraopreto-regiao\/wp-json\/wp\/v2\/users\/15"}],"replies":[{"embeddable":true,"href":"https:\/\/redenoticiaz.com.br\/ribeiraopreto-regiao\/wp-json\/wp\/v2\/comments?post=92113"}],"version-history":[{"count":1,"href":"https:\/\/redenoticiaz.com.br\/ribeiraopreto-regiao\/wp-json\/wp\/v2\/posts\/92113\/revisions"}],"predecessor-version":[{"id":92115,"href":"https:\/\/redenoticiaz.com.br\/ribeiraopreto-regiao\/wp-json\/wp\/v2\/posts\/92113\/revisions\/92115"}],"wp:featuredmedia":[{"embeddable":true,"href":"https:\/\/redenoticiaz.com.br\/ribeiraopreto-regiao\/wp-json\/wp\/v2\/media\/92114"}],"wp:attachment":[{"href":"https:\/\/redenoticiaz.com.br\/ribeiraopreto-regiao\/wp-json\/wp\/v2\/media?parent=92113"}],"wp:term":[{"taxonomy":"category","embeddable":true,"href":"https:\/\/redenoticiaz.com.br\/ribeiraopreto-regiao\/wp-json\/wp\/v2\/categories?post=92113"},{"taxonomy":"post_tag","embeddable":true,"href":"https:\/\/redenoticiaz.com.br\/ribeiraopreto-regiao\/wp-json\/wp\/v2\/tags?post=92113"}],"curies":[{"name":"wp","href":"https:\/\/api.w.org\/{rel}","templated":true}]}}