{"id":92136,"date":"2022-09-25T13:30:40","date_gmt":"2022-09-25T16:30:40","guid":{"rendered":"https:\/\/redenoticiaz.com.br\/barretos-regiao\/?p=92136"},"modified":"2022-09-23T14:44:50","modified_gmt":"2022-09-23T17:44:50","slug":"barretos-termina-na-4a-colocacao-nos-jogos-regionais-2022","status":"publish","type":"post","link":"https:\/\/redenoticiaz.com.br\/ribeiraopreto-regiao\/sp\/2022\/09\/25\/barretos-termina-na-4a-colocacao-nos-jogos-regionais-2022","title":{"rendered":"Barretos termina na 4\u00aa coloca\u00e7\u00e3o nos Jogos Regionais 2022"},"content":{"rendered":"<div>A Est\u00e2ncia Tur\u00edstica de Barretos encerrou sua participa\u00e7\u00e3o na 64\u00aa edi\u00e7\u00e3o dos Jogos Regionais S\u00e3o Paulo 2022 em 4\u00b0 lugar. Neste ano, as competi\u00e7\u00f5es ocorreram simultaneamente nas regi\u00f5es das Delegacias Regionais de Esporte e Lazer (Drel) de Ribeir\u00e3o Preto, Araraquara, Barretos e Franca.<\/div>\n<div><\/div>\n<div>O Boletim Oficial n\u00b021 divulgado pelos organizadores da competi\u00e7\u00e3o com a classifica\u00e7\u00e3o final das cidades apontou Barretos com 63,5 pontos, atr\u00e1s de Ribeir\u00e3o Preto (3\u00b0 lugar), com 181 pontos, Araraquara (2\u00b0 lugar), com 268, e a campe\u00e3 Franca, com 277 pontos. Sert\u00e3ozinho ficou em 5\u00b0 lugar, com apenas meio ponto a menos que Barretos.<\/div>\n<div><\/div>\n<div>VEJA TAMB\u00c9M:\u00a0<a href=\"https:\/\/redenoticiaz.com.br\/barretos-regiao\/sp\/2022\/09\/12\/olimpia-realiza-xii-seminario-de-educacao-fisica-escolar-com-palestras-e-atividades-para-professores\">Ol\u00edmpia realiza XII Semin\u00e1rio de Educa\u00e7\u00e3o F\u00edsica Escolar com palestras e atividades para professores<\/a><\/div>\n","protected":false},"excerpt":{"rendered":"<p>A Est\u00e2ncia Tur\u00edstica de Barretos encerrou sua participa\u00e7\u00e3o na 64\u00aa edi\u00e7\u00e3o dos Jogos Regionais S\u00e3o Paulo 2022 em 4\u00b0 lugar. Neste ano, as competi\u00e7\u00f5es ocorreram simultaneamente nas regi\u00f5es das Delegacias Regionais de Esporte e Lazer (Drel) de Ribeir\u00e3o Preto, Araraquara, Barretos e Franca. O Boletim Oficial n\u00b021 divulgado pelos organizadores da competi\u00e7\u00e3o com a classifica\u00e7\u00e3o &hellip;<\/p>\n","protected":false},"author":15,"featured_media":92137,"comment_status":"open","ping_status":"closed","sticky":false,"template":"","format":"standard","meta":{"footnotes":""},"categories":[87],"tags":[2497,64,18338,5011],"class_list":["post-92136","post","type-post","status-publish","format-standard","has-post-thumbnail","hentry","category-esporte","tag-atletas","tag-barretos","tag-jogos-regionais","tag-xadrez"],"yoast_head":"<!-- This site is optimized with the Yoast SEO plugin v27.4 - https:\/\/yoast.com\/product\/yoast-seo-wordpress\/ -->\n<title>Barretos termina na 4\u00aa coloca\u00e7\u00e3o nos Jogos Regionais 2022 - Ribeir\u00e3o Preto e Regi\u00e3o<\/title>\n<meta name=\"description\" content=\"A Est\u00e2ncia Tur\u00edstica de Barretos encerrou sua participa\u00e7\u00e3o na 64\u00aa edi\u00e7\u00e3o dos Jogos Regionais S\u00e3o Paulo 2022 em 4\u00b0 lugar.\" \/>\n<meta name=\"robots\" content=\"index, follow, max-snippet:-1, max-image-preview:large, max-video-preview:-1\" \/>\n<link rel=\"canonical\" href=\"https:\/\/redenoticiaz.com.br\/ribeiraopreto-regiao\/sp\/2022\/09\/25\/barretos-termina-na-4a-colocacao-nos-jogos-regionais-2022\" \/>\n<meta property=\"og:locale\" content=\"pt_BR\" \/>\n<meta property=\"og:type\" content=\"article\" \/>\n<meta property=\"og:title\" content=\"Barretos termina na 4\u00aa coloca\u00e7\u00e3o nos Jogos Regionais 2022 - Ribeir\u00e3o Preto e Regi\u00e3o\" \/>\n<meta property=\"og:description\" content=\"A Est\u00e2ncia Tur\u00edstica de Barretos encerrou sua participa\u00e7\u00e3o na 64\u00aa edi\u00e7\u00e3o dos Jogos Regionais S\u00e3o Paulo 2022 em 4\u00b0 lugar.\" \/>\n<meta property=\"og:url\" content=\"https:\/\/redenoticiaz.com.br\/ribeiraopreto-regiao\/sp\/2022\/09\/25\/barretos-termina-na-4a-colocacao-nos-jogos-regionais-2022\" \/>\n<meta property=\"og:site_name\" content=\"Ribeir\u00e3o Preto e Regi\u00e3o\" \/>\n<meta property=\"article:publisher\" content=\"https:\/\/m.facebook.com\/redenoticiaz.barretos\" \/>\n<meta property=\"article:published_time\" content=\"2022-09-25T16:30:40+00:00\" \/>\n<meta property=\"og:image\" content=\"https:\/\/redenoticiaz.com.br\/ribeiraopreto-regiao\/wp-content\/uploads\/sites\/4\/2022\/09\/cfecdb276f634854f3ef915e2e980c31.jpg\" \/>\n\t<meta property=\"og:image:width\" content=\"1176\" \/>\n\t<meta property=\"og:image:height\" content=\"861\" \/>\n\t<meta property=\"og:image:type\" content=\"image\/jpeg\" \/>\n<meta name=\"twitter:card\" content=\"summary_large_image\" \/>\n<meta name=\"twitter:creator\" content=\"@RN_barretos\" \/>\n<meta name=\"twitter:site\" content=\"@RN_barretos\" \/>\n<meta name=\"twitter:label1\" content=\"Escrito por\" \/>\n\t<meta name=\"twitter:data1\" content=\"\" \/>\n\t<meta name=\"twitter:label2\" content=\"Est. tempo de leitura\" \/>\n\t<meta name=\"twitter:data2\" content=\"1 minuto\" \/>\n<script type=\"application\/ld+json\" class=\"yoast-schema-graph\">{\"@context\":\"https:\\\/\\\/schema.org\",\"@graph\":[{\"@type\":\"Article\",\"@id\":\"https:\\\/\\\/redenoticiaz.com.br\\\/ribeiraopreto-regiao\\\/sp\\\/2022\\\/09\\\/25\\\/barretos-termina-na-4a-colocacao-nos-jogos-regionais-2022#article\",\"isPartOf\":{\"@id\":\"https:\\\/\\\/redenoticiaz.com.br\\\/ribeiraopreto-regiao\\\/sp\\\/2022\\\/09\\\/25\\\/barretos-termina-na-4a-colocacao-nos-jogos-regionais-2022\"},\"author\":{\"name\":\"\",\"@id\":\"\"},\"headline\":\"Barretos termina na 4\u00aa coloca\u00e7\u00e3o nos Jogos Regionais 2022\",\"datePublished\":\"2022-09-25T16:30:40+00:00\",\"mainEntityOfPage\":{\"@id\":\"https:\\\/\\\/redenoticiaz.com.br\\\/ribeiraopreto-regiao\\\/sp\\\/2022\\\/09\\\/25\\\/barretos-termina-na-4a-colocacao-nos-jogos-regionais-2022\"},\"wordCount\":129,\"commentCount\":0,\"publisher\":{\"@id\":\"https:\\\/\\\/redenoticiaz.com.br\\\/ribeiraopreto-regiao\\\/#organization\"},\"image\":{\"@id\":\"https:\\\/\\\/redenoticiaz.com.br\\\/ribeiraopreto-regiao\\\/sp\\\/2022\\\/09\\\/25\\\/barretos-termina-na-4a-colocacao-nos-jogos-regionais-2022#primaryimage\"},\"thumbnailUrl\":\"https:\\\/\\\/redenoticiaz.com.br\\\/ribeiraopreto-regiao\\\/wp-content\\\/uploads\\\/sites\\\/4\\\/2022\\\/09\\\/cfecdb276f634854f3ef915e2e980c31.jpg\",\"keywords\":[\"ATLETAS\",\"BARRETOS\",\"JOGOS REGIONAIS\",\"XADREZ\"],\"articleSection\":[\"Esporte\"],\"inLanguage\":\"pt-BR\",\"potentialAction\":[{\"@type\":\"CommentAction\",\"name\":\"Comment\",\"target\":[\"https:\\\/\\\/redenoticiaz.com.br\\\/ribeiraopreto-regiao\\\/sp\\\/2022\\\/09\\\/25\\\/barretos-termina-na-4a-colocacao-nos-jogos-regionais-2022#respond\"]}]},{\"@type\":\"WebPage\",\"@id\":\"https:\\\/\\\/redenoticiaz.com.br\\\/ribeiraopreto-regiao\\\/sp\\\/2022\\\/09\\\/25\\\/barretos-termina-na-4a-colocacao-nos-jogos-regionais-2022\",\"url\":\"https:\\\/\\\/redenoticiaz.com.br\\\/ribeiraopreto-regiao\\\/sp\\\/2022\\\/09\\\/25\\\/barretos-termina-na-4a-colocacao-nos-jogos-regionais-2022\",\"name\":\"Barretos termina na 4\u00aa coloca\u00e7\u00e3o nos Jogos Regionais 2022 - Ribeir\u00e3o Preto e Regi\u00e3o\",\"isPartOf\":{\"@id\":\"https:\\\/\\\/redenoticiaz.com.br\\\/ribeiraopreto-regiao\\\/#website\"},\"primaryImageOfPage\":{\"@id\":\"https:\\\/\\\/redenoticiaz.com.br\\\/ribeiraopreto-regiao\\\/sp\\\/2022\\\/09\\\/25\\\/barretos-termina-na-4a-colocacao-nos-jogos-regionais-2022#primaryimage\"},\"image\":{\"@id\":\"https:\\\/\\\/redenoticiaz.com.br\\\/ribeiraopreto-regiao\\\/sp\\\/2022\\\/09\\\/25\\\/barretos-termina-na-4a-colocacao-nos-jogos-regionais-2022#primaryimage\"},\"thumbnailUrl\":\"https:\\\/\\\/redenoticiaz.com.br\\\/ribeiraopreto-regiao\\\/wp-content\\\/uploads\\\/sites\\\/4\\\/2022\\\/09\\\/cfecdb276f634854f3ef915e2e980c31.jpg\",\"datePublished\":\"2022-09-25T16:30:40+00:00\",\"description\":\"A Est\u00e2ncia Tur\u00edstica de Barretos encerrou sua participa\u00e7\u00e3o na 64\u00aa edi\u00e7\u00e3o dos Jogos Regionais S\u00e3o Paulo 2022 em 4\u00b0 lugar.\",\"inLanguage\":\"pt-BR\",\"potentialAction\":[{\"@type\":\"ReadAction\",\"target\":[\"https:\\\/\\\/redenoticiaz.com.br\\\/ribeiraopreto-regiao\\\/sp\\\/2022\\\/09\\\/25\\\/barretos-termina-na-4a-colocacao-nos-jogos-regionais-2022\"]}]},{\"@type\":\"ImageObject\",\"inLanguage\":\"pt-BR\",\"@id\":\"https:\\\/\\\/redenoticiaz.com.br\\\/ribeiraopreto-regiao\\\/sp\\\/2022\\\/09\\\/25\\\/barretos-termina-na-4a-colocacao-nos-jogos-regionais-2022#primaryimage\",\"url\":\"https:\\\/\\\/redenoticiaz.com.br\\\/ribeiraopreto-regiao\\\/wp-content\\\/uploads\\\/sites\\\/4\\\/2022\\\/09\\\/cfecdb276f634854f3ef915e2e980c31.jpg\",\"contentUrl\":\"https:\\\/\\\/redenoticiaz.com.br\\\/ribeiraopreto-regiao\\\/wp-content\\\/uploads\\\/sites\\\/4\\\/2022\\\/09\\\/cfecdb276f634854f3ef915e2e980c31.jpg\",\"width\":1176,\"height\":861,\"caption\":\"Cr\u00e9dito: Divulga\u00e7\u00e3o\"},{\"@type\":\"WebSite\",\"@id\":\"https:\\\/\\\/redenoticiaz.com.br\\\/ribeiraopreto-regiao\\\/#website\",\"url\":\"https:\\\/\\\/redenoticiaz.com.br\\\/ribeiraopreto-regiao\\\/\",\"name\":\"Ribeir\u00e3o Preto e Regi\u00e3o\",\"description\":\"Rede NoticiaZ - Ribeir\u00e3o Preto e regi\u00e3o\",\"publisher\":{\"@id\":\"https:\\\/\\\/redenoticiaz.com.br\\\/ribeiraopreto-regiao\\\/#organization\"},\"potentialAction\":[{\"@type\":\"SearchAction\",\"target\":{\"@type\":\"EntryPoint\",\"urlTemplate\":\"https:\\\/\\\/redenoticiaz.com.br\\\/ribeiraopreto-regiao\\\/?s={search_term_string}\"},\"query-input\":{\"@type\":\"PropertyValueSpecification\",\"valueRequired\":true,\"valueName\":\"search_term_string\"}}],\"inLanguage\":\"pt-BR\"},{\"@type\":\"Organization\",\"@id\":\"https:\\\/\\\/redenoticiaz.com.br\\\/ribeiraopreto-regiao\\\/#organization\",\"name\":\"Ribeir\u00e3o Preto e Regi\u00e3o\",\"url\":\"https:\\\/\\\/redenoticiaz.com.br\\\/ribeiraopreto-regiao\\\/\",\"logo\":{\"@type\":\"ImageObject\",\"inLanguage\":\"pt-BR\",\"@id\":\"https:\\\/\\\/redenoticiaz.com.br\\\/ribeiraopreto-regiao\\\/#\\\/schema\\\/logo\\\/image\\\/\",\"url\":\"https:\\\/\\\/redenoticiaz.com.br\\\/barretos-regiao\\\/wp-content\\\/uploads\\\/sites\\\/4\\\/2022\\\/02\\\/logo.jpg\",\"contentUrl\":\"https:\\\/\\\/redenoticiaz.com.br\\\/barretos-regiao\\\/wp-content\\\/uploads\\\/sites\\\/4\\\/2022\\\/02\\\/logo.jpg\",\"width\":400,\"height\":250,\"caption\":\"Ribeir\u00e3o Preto e Regi\u00e3o\"},\"image\":{\"@id\":\"https:\\\/\\\/redenoticiaz.com.br\\\/ribeiraopreto-regiao\\\/#\\\/schema\\\/logo\\\/image\\\/\"},\"sameAs\":[\"https:\\\/\\\/m.facebook.com\\\/redenoticiaz.barretos\",\"https:\\\/\\\/x.com\\\/RN_barretos\",\"https:\\\/\\\/www.instagram.com\\\/redenoticiaz.barretos\\\/?igshid=YmMyMTA2M2Y\",\"https:\\\/\\\/www.linkedin.com\\\/company\\\/rede-noticiaz-barretos-e-regio\\\/\"]},{\"@type\":\"Person\",\"@id\":\"\",\"url\":\"https:\\\/\\\/redenoticiaz.com.br\\\/ribeiraopreto-regiao\\\/sp\\\/author\"}]}<\/script>\n<!-- \/ Yoast SEO plugin. -->","yoast_head_json":{"title":"Barretos termina na 4\u00aa coloca\u00e7\u00e3o nos Jogos Regionais 2022 - Ribeir\u00e3o Preto e Regi\u00e3o","description":"A Est\u00e2ncia Tur\u00edstica de Barretos encerrou sua participa\u00e7\u00e3o na 64\u00aa edi\u00e7\u00e3o dos Jogos Regionais S\u00e3o Paulo 2022 em 4\u00b0 lugar.","robots":{"index":"index","follow":"follow","max-snippet":"max-snippet:-1","max-image-preview":"max-image-preview:large","max-video-preview":"max-video-preview:-1"},"canonical":"https:\/\/redenoticiaz.com.br\/ribeiraopreto-regiao\/sp\/2022\/09\/25\/barretos-termina-na-4a-colocacao-nos-jogos-regionais-2022","og_locale":"pt_BR","og_type":"article","og_title":"Barretos termina na 4\u00aa coloca\u00e7\u00e3o nos Jogos Regionais 2022 - Ribeir\u00e3o Preto e Regi\u00e3o","og_description":"A Est\u00e2ncia Tur\u00edstica de Barretos encerrou sua participa\u00e7\u00e3o na 64\u00aa edi\u00e7\u00e3o dos Jogos Regionais S\u00e3o Paulo 2022 em 4\u00b0 lugar.","og_url":"https:\/\/redenoticiaz.com.br\/ribeiraopreto-regiao\/sp\/2022\/09\/25\/barretos-termina-na-4a-colocacao-nos-jogos-regionais-2022","og_site_name":"Ribeir\u00e3o Preto e Regi\u00e3o","article_publisher":"https:\/\/m.facebook.com\/redenoticiaz.barretos","article_published_time":"2022-09-25T16:30:40+00:00","og_image":[{"width":1176,"height":861,"url":"https:\/\/redenoticiaz.com.br\/ribeiraopreto-regiao\/wp-content\/uploads\/sites\/4\/2022\/09\/cfecdb276f634854f3ef915e2e980c31.jpg","type":"image\/jpeg"}],"twitter_card":"summary_large_image","twitter_creator":"@RN_barretos","twitter_site":"@RN_barretos","twitter_misc":{"Escrito por":"","Est. tempo de leitura":"1 minuto"},"schema":{"@context":"https:\/\/schema.org","@graph":[{"@type":"Article","@id":"https:\/\/redenoticiaz.com.br\/ribeiraopreto-regiao\/sp\/2022\/09\/25\/barretos-termina-na-4a-colocacao-nos-jogos-regionais-2022#article","isPartOf":{"@id":"https:\/\/redenoticiaz.com.br\/ribeiraopreto-regiao\/sp\/2022\/09\/25\/barretos-termina-na-4a-colocacao-nos-jogos-regionais-2022"},"author":{"name":"","@id":""},"headline":"Barretos termina na 4\u00aa coloca\u00e7\u00e3o nos Jogos Regionais 2022","datePublished":"2022-09-25T16:30:40+00:00","mainEntityOfPage":{"@id":"https:\/\/redenoticiaz.com.br\/ribeiraopreto-regiao\/sp\/2022\/09\/25\/barretos-termina-na-4a-colocacao-nos-jogos-regionais-2022"},"wordCount":129,"commentCount":0,"publisher":{"@id":"https:\/\/redenoticiaz.com.br\/ribeiraopreto-regiao\/#organization"},"image":{"@id":"https:\/\/redenoticiaz.com.br\/ribeiraopreto-regiao\/sp\/2022\/09\/25\/barretos-termina-na-4a-colocacao-nos-jogos-regionais-2022#primaryimage"},"thumbnailUrl":"https:\/\/redenoticiaz.com.br\/ribeiraopreto-regiao\/wp-content\/uploads\/sites\/4\/2022\/09\/cfecdb276f634854f3ef915e2e980c31.jpg","keywords":["ATLETAS","BARRETOS","JOGOS REGIONAIS","XADREZ"],"articleSection":["Esporte"],"inLanguage":"pt-BR","potentialAction":[{"@type":"CommentAction","name":"Comment","target":["https:\/\/redenoticiaz.com.br\/ribeiraopreto-regiao\/sp\/2022\/09\/25\/barretos-termina-na-4a-colocacao-nos-jogos-regionais-2022#respond"]}]},{"@type":"WebPage","@id":"https:\/\/redenoticiaz.com.br\/ribeiraopreto-regiao\/sp\/2022\/09\/25\/barretos-termina-na-4a-colocacao-nos-jogos-regionais-2022","url":"https:\/\/redenoticiaz.com.br\/ribeiraopreto-regiao\/sp\/2022\/09\/25\/barretos-termina-na-4a-colocacao-nos-jogos-regionais-2022","name":"Barretos termina na 4\u00aa coloca\u00e7\u00e3o nos Jogos Regionais 2022 - Ribeir\u00e3o Preto e Regi\u00e3o","isPartOf":{"@id":"https:\/\/redenoticiaz.com.br\/ribeiraopreto-regiao\/#website"},"primaryImageOfPage":{"@id":"https:\/\/redenoticiaz.com.br\/ribeiraopreto-regiao\/sp\/2022\/09\/25\/barretos-termina-na-4a-colocacao-nos-jogos-regionais-2022#primaryimage"},"image":{"@id":"https:\/\/redenoticiaz.com.br\/ribeiraopreto-regiao\/sp\/2022\/09\/25\/barretos-termina-na-4a-colocacao-nos-jogos-regionais-2022#primaryimage"},"thumbnailUrl":"https:\/\/redenoticiaz.com.br\/ribeiraopreto-regiao\/wp-content\/uploads\/sites\/4\/2022\/09\/cfecdb276f634854f3ef915e2e980c31.jpg","datePublished":"2022-09-25T16:30:40+00:00","description":"A Est\u00e2ncia Tur\u00edstica de Barretos encerrou sua participa\u00e7\u00e3o na 64\u00aa edi\u00e7\u00e3o dos Jogos Regionais S\u00e3o Paulo 2022 em 4\u00b0 lugar.","inLanguage":"pt-BR","potentialAction":[{"@type":"ReadAction","target":["https:\/\/redenoticiaz.com.br\/ribeiraopreto-regiao\/sp\/2022\/09\/25\/barretos-termina-na-4a-colocacao-nos-jogos-regionais-2022"]}]},{"@type":"ImageObject","inLanguage":"pt-BR","@id":"https:\/\/redenoticiaz.com.br\/ribeiraopreto-regiao\/sp\/2022\/09\/25\/barretos-termina-na-4a-colocacao-nos-jogos-regionais-2022#primaryimage","url":"https:\/\/redenoticiaz.com.br\/ribeiraopreto-regiao\/wp-content\/uploads\/sites\/4\/2022\/09\/cfecdb276f634854f3ef915e2e980c31.jpg","contentUrl":"https:\/\/redenoticiaz.com.br\/ribeiraopreto-regiao\/wp-content\/uploads\/sites\/4\/2022\/09\/cfecdb276f634854f3ef915e2e980c31.jpg","width":1176,"height":861,"caption":"Cr\u00e9dito: Divulga\u00e7\u00e3o"},{"@type":"WebSite","@id":"https:\/\/redenoticiaz.com.br\/ribeiraopreto-regiao\/#website","url":"https:\/\/redenoticiaz.com.br\/ribeiraopreto-regiao\/","name":"Ribeir\u00e3o Preto e Regi\u00e3o","description":"Rede NoticiaZ - Ribeir\u00e3o Preto e regi\u00e3o","publisher":{"@id":"https:\/\/redenoticiaz.com.br\/ribeiraopreto-regiao\/#organization"},"potentialAction":[{"@type":"SearchAction","target":{"@type":"EntryPoint","urlTemplate":"https:\/\/redenoticiaz.com.br\/ribeiraopreto-regiao\/?s={search_term_string}"},"query-input":{"@type":"PropertyValueSpecification","valueRequired":true,"valueName":"search_term_string"}}],"inLanguage":"pt-BR"},{"@type":"Organization","@id":"https:\/\/redenoticiaz.com.br\/ribeiraopreto-regiao\/#organization","name":"Ribeir\u00e3o Preto e Regi\u00e3o","url":"https:\/\/redenoticiaz.com.br\/ribeiraopreto-regiao\/","logo":{"@type":"ImageObject","inLanguage":"pt-BR","@id":"https:\/\/redenoticiaz.com.br\/ribeiraopreto-regiao\/#\/schema\/logo\/image\/","url":"https:\/\/redenoticiaz.com.br\/barretos-regiao\/wp-content\/uploads\/sites\/4\/2022\/02\/logo.jpg","contentUrl":"https:\/\/redenoticiaz.com.br\/barretos-regiao\/wp-content\/uploads\/sites\/4\/2022\/02\/logo.jpg","width":400,"height":250,"caption":"Ribeir\u00e3o Preto e Regi\u00e3o"},"image":{"@id":"https:\/\/redenoticiaz.com.br\/ribeiraopreto-regiao\/#\/schema\/logo\/image\/"},"sameAs":["https:\/\/m.facebook.com\/redenoticiaz.barretos","https:\/\/x.com\/RN_barretos","https:\/\/www.instagram.com\/redenoticiaz.barretos\/?igshid=YmMyMTA2M2Y","https:\/\/www.linkedin.com\/company\/rede-noticiaz-barretos-e-regio\/"]},{"@type":"Person","@id":"","url":"https:\/\/redenoticiaz.com.br\/ribeiraopreto-regiao\/sp\/author"}]}},"_links":{"self":[{"href":"https:\/\/redenoticiaz.com.br\/ribeiraopreto-regiao\/wp-json\/wp\/v2\/posts\/92136","targetHints":{"allow":["GET"]}}],"collection":[{"href":"https:\/\/redenoticiaz.com.br\/ribeiraopreto-regiao\/wp-json\/wp\/v2\/posts"}],"about":[{"href":"https:\/\/redenoticiaz.com.br\/ribeiraopreto-regiao\/wp-json\/wp\/v2\/types\/post"}],"author":[{"embeddable":true,"href":"https:\/\/redenoticiaz.com.br\/ribeiraopreto-regiao\/wp-json\/wp\/v2\/users\/15"}],"replies":[{"embeddable":true,"href":"https:\/\/redenoticiaz.com.br\/ribeiraopreto-regiao\/wp-json\/wp\/v2\/comments?post=92136"}],"version-history":[{"count":1,"href":"https:\/\/redenoticiaz.com.br\/ribeiraopreto-regiao\/wp-json\/wp\/v2\/posts\/92136\/revisions"}],"predecessor-version":[{"id":92138,"href":"https:\/\/redenoticiaz.com.br\/ribeiraopreto-regiao\/wp-json\/wp\/v2\/posts\/92136\/revisions\/92138"}],"wp:featuredmedia":[{"embeddable":true,"href":"https:\/\/redenoticiaz.com.br\/ribeiraopreto-regiao\/wp-json\/wp\/v2\/media\/92137"}],"wp:attachment":[{"href":"https:\/\/redenoticiaz.com.br\/ribeiraopreto-regiao\/wp-json\/wp\/v2\/media?parent=92136"}],"wp:term":[{"taxonomy":"category","embeddable":true,"href":"https:\/\/redenoticiaz.com.br\/ribeiraopreto-regiao\/wp-json\/wp\/v2\/categories?post=92136"},{"taxonomy":"post_tag","embeddable":true,"href":"https:\/\/redenoticiaz.com.br\/ribeiraopreto-regiao\/wp-json\/wp\/v2\/tags?post=92136"}],"curies":[{"name":"wp","href":"https:\/\/api.w.org\/{rel}","templated":true}]}}